{"id":425961,"date":"2026-08-30T07:07:16","date_gmt":"2026-08-30T11:07:16","guid":{"rendered":"https:\/\/www.eldiario.net\/portal\/?p=425961"},"modified":"2026-08-30T07:07:16","modified_gmt":"2026-08-30T11:07:16","slug":"enemigos-intimos","status":"publish","type":"post","link":"https:\/\/www.eldiario.net\/portal\/2026\/08\/30\/enemigos-intimos\/","title":{"rendered":"Enemigos \u00edntimos"},"content":{"rendered":"<p>El gobierno de Rodrigo Paz atraviesa, sin duda, uno de sus momentos m\u00e1s complejos. El esc\u00e1ndalo de proporciones generado en torno al asesor argentino Fernando Cerimedo, est\u00e1 colocando contra las cuerdas a una administraci\u00f3n que, hasta el momento, parece caracterizarse por la ausencia de una identidad pol\u00edtica definida, de ideas claramente estructuradas y, m\u00e1s preocupante a\u00fan, de criterios \u00e9ticos s\u00f3lidos en la gesti\u00f3n p\u00fablica. Este episodio no constituye \u00fanicamente una controversia circunstancial, sino que expone interrogantes de fondo respecto a la forma en que son tomadas decisiones y son construidas las relaciones de poder en el entorno presidencial.<br \/>\nEl problema central parece radicar en la calidad y solvencia de algunas de las personas con las que el presidente Paz ha decidido trabajar. Fernando Cerimedo, no parece ser, ni de lejos, una figura que pueda asociarse con una trayectoria caracterizada por la transparencia y la solvencia \u00e9tica; basta revisar el particular rastro que ha dejado en los distintos pa\u00edses donde ha desempe\u00f1ado funciones de asesor\u00eda. En pol\u00edtica, las compa\u00f1\u00edas tambi\u00e9n comunican y proyectan una determinada imagen de quienes ejercen el poder. El antiguo dicho popular \u201cdime con qui\u00e9n andas y te dir\u00e9 qui\u00e9n eres\u201d adquiere, en este caso, una dimensi\u00f3n pol\u00edtica y medi\u00e1tica, particularmente significativa.<br \/>\nEn este contexto, adquiere especial relevancia la controversia en torno a las declaraciones del actual ministro de la presidencia, Fernando Aramayo, quien sostuvo que Cerimedo no manten\u00eda ning\u00fan v\u00ednculo con la actual administraci\u00f3n e incluso lleg\u00f3 a negar su presencia en dependencias gubernamentales. Sin embargo, el periodista Carlos Valverde y la polit\u00f3loga Natalia Aparicio se\u00f1alaron que el asesor argentino habr\u00eda contado, incluso, con una oficina en el Palacio de Gobierno. De confirmarse esta \u00faltima versi\u00f3n, estar\u00edamos ante algo mucho m\u00e1s grave que una simple discrepancia comunicacional: se tratar\u00eda de una autoridad de Estado que habr\u00eda faltado a la verdad respecto a la presencia y la influencia de una persona vinculada al c\u00edrculo m\u00e1s cercano del presidente Rodrigo Paz. Las contradicciones, las versiones cambiantes y las falacias parecen haberse convertido en una constante dentro del actual Gobierno. En una administraci\u00f3n que deber\u00eda transmitir certezas y estabilidad, la sucesi\u00f3n de episodios confusos termina generando precisamente el efecto contrario. Quienes no logran encajar en esta especie de ruleta rusa pol\u00edtica, en la que parece desenvolverse el Gobierno, terminan alej\u00e1ndose o presentando su renuncia.<br \/>\nNaturalmente, los asesores son necesarios y forman parte de cualquier administraci\u00f3n moderna. Sin embargo, en un pa\u00eds con enormes limitaciones econ\u00f3micas y profundas necesidades sociales, resulta dif\u00edcil justificar que sean destinados recursos p\u00fablicos a una multiplicidad de asesores, cuando existen ministros y estructuras institucionales creadas precisamente para asumir responsabilidades de gobierno. La cuesti\u00f3n, por tanto, no es \u00fanicamente cu\u00e1nto se paga por asesor\u00edas, sino qu\u00e9 tipo de poder se est\u00e1 construyendo alrededor del presidente y cu\u00e1les son los criterios utilizados para seleccionar a quienes participan de las decisiones m\u00e1s importantes del Estado. Cuando los c\u00edrculos de confianza comienzan a sustituir a las instituciones, la frontera entre asesoramiento y poder paralelo puede tornarse peligrosamente difusa.<br \/>\nPareciera que los entretelones del poder est\u00e1n seduciendo demasiado a quienes actualmente lo ejercen. Parad\u00f3jicamente, algunos de los amigos \u00edntimos del presidente Paz podr\u00edan terminar convirti\u00e9ndose en sus m\u00e1s ac\u00e9rrimos enemigos, no necesariamente por voluntad propia, sino como consecuencia directa de una sucesi\u00f3n de errores, contradicciones y cuestionamientos \u00e9ticos que terminan debilitando al propio mandatario. Mientras tanto, Bolivia se aproxima peligrosamente al abismo como consecuencia de una gesti\u00f3n que da la impresi\u00f3n de estar marcada por la improvisaci\u00f3n, arrastrando con ella a una poblaci\u00f3n cuya paciencia se agota frente a la escasez, el incremento de los precios y las interminables filas.<br \/>\nTodo parece indicar que estamos ingresando en los primeros cap\u00edtulos de una verdadera novela negra pol\u00edtica, cuyo desenlace resulta todav\u00eda imprevisible. Sin embargo, a diferencia de una novela, en la vida p\u00fablica las consecuencias de los errores no recaen \u00fanicamente sobre sus protagonistas: las termina pagando toda la sociedad. El gobierno de Rodrigo Paz todav\u00eda tiene la posibilidad de corregir el rumbo, recuperar la credibilidad y demostrar que las instituciones est\u00e1n por encima de las relaciones personales y de los c\u00edrculos de confianza. De lo contrario, aquellos que hoy aparecen como sus colaboradores m\u00e1s cercanos podr\u00edan terminar convirti\u00e9ndose, parad\u00f3jicamente, en sus enemigos \u00edntimos, y la historia, que comenz\u00f3 con promesas de renovaci\u00f3n, podr\u00eda terminar dejando como saldo una nueva decepci\u00f3n para Bolivia.<\/p>\n<p>El autor es te\u00f3logo, escritor y educador.<\/p>\n","protected":false},"excerpt":{"rendered":"<p>El gobierno de Rodrigo Paz atraviesa, sin duda, uno de sus momentos m\u00e1s complejos. El esc\u00e1ndalo de proporciones generado en torno al asesor argentino Fernando Cerimedo, est\u00e1 colocando contra las cuerdas a una administraci\u00f3n que, hasta el momento, parece caracterizarse por la ausencia de una identidad pol\u00edtica definida, de ideas claramente estructuradas y, m\u00e1s preocupante [&hellip;]<\/p>\n","protected":false},"author":1,"featured_media":161861,"comment_status":"closed","ping_status":"open","sticky":false,"template":"","format":"standard","meta":{"_acf_changed":false,"footnotes":""},"categories":[9],"tags":[],"class_list":["post-425961","post","type-post","status-publish","format-standard","has-post-thumbnail","category-opinion"],"acf":{"antetitulo":""},"yoast_head":"<!-- This site is optimized with the Yoast SEO plugin v28.3 - https:\/\/yoast.com\/product\/yoast-seo-wordpress\/ -->\n<title>Enemigos \u00edntimos - El Diario - Bolivia<\/title>\n<meta name=\"robots\" content=\"index, follow, max-snippet:-1, max-image-preview:large, max-video-preview:-1\" \/>\n<link rel=\"canonical\" href=\"https:\/\/www.eldiario.net\/portal\/2026\/08\/30\/enemigos-intimos\/\" \/>\n<meta property=\"og:locale\" content=\"es_ES\" \/>\n<meta property=\"og:type\" content=\"article\" \/>\n<meta property=\"og:title\" content=\"Enemigos \u00edntimos - El Diario - Bolivia\" \/>\n<meta property=\"og:description\" content=\"El gobierno de Rodrigo Paz atraviesa, sin duda, uno de sus momentos m\u00e1s complejos. El esc\u00e1ndalo de proporciones generado en torno al asesor argentino Fernando Cerimedo, est\u00e1 colocando contra las cuerdas a una administraci\u00f3n que, hasta el momento, parece caracterizarse por la ausencia de una identidad pol\u00edtica definida, de ideas claramente estructuradas y, m\u00e1s preocupante [&hellip;]\" \/>\n<meta property=\"og:url\" content=\"https:\/\/www.eldiario.net\/portal\/2026\/08\/30\/enemigos-intimos\/\" \/>\n<meta property=\"og:site_name\" content=\"El Diario - Bolivia\" \/>\n<meta property=\"article:publisher\" content=\"https:\/\/www.facebook.com\/eldiario.bolivia\/\" \/>\n<meta property=\"article:published_time\" content=\"2026-08-30T11:07:16+00:00\" \/>\n<meta property=\"og:image\" content=\"https:\/\/www.eldiario.net\/portal\/wp-content\/uploads\/2023\/06\/Marcelo-Miranda-Loayza.jpg\" \/>\n\t<meta property=\"og:image:width\" content=\"1200\" \/>\n\t<meta property=\"og:image:height\" content=\"628\" \/>\n\t<meta property=\"og:image:type\" content=\"image\/jpeg\" \/>\n<meta name=\"author\" content=\"Jeanette\" \/>\n<meta name=\"twitter:card\" content=\"summary_large_image\" \/>\n<meta name=\"twitter:creator\" content=\"@eldiario_net\" \/>\n<meta name=\"twitter:site\" content=\"@eldiario_net\" \/>\n<meta name=\"twitter:label1\" content=\"Escrito por\" \/>\n\t<meta name=\"twitter:data1\" content=\"Jeanette\" \/>\n\t<meta name=\"twitter:label2\" content=\"Tiempo de lectura\" \/>\n\t<meta name=\"twitter:data2\" content=\"4 minutos\" \/>\n<script type=\"application\/ld+json\" class=\"yoast-schema-graph\">{\"@context\":\"https:\\\/\\\/schema.org\",\"@graph\":[{\"@type\":\"Article\",\"@id\":\"https:\\\/\\\/www.eldiario.net\\\/portal\\\/2026\\\/08\\\/30\\\/enemigos-intimos\\\/#article\",\"isPartOf\":{\"@id\":\"https:\\\/\\\/www.eldiario.net\\\/portal\\\/2026\\\/08\\\/30\\\/enemigos-intimos\\\/\"},\"author\":{\"name\":\"Jeanette\",\"@id\":\"https:\\\/\\\/www.eldiario.net\\\/portal\\\/#\\\/schema\\\/person\\\/f46445640444750d7d753ccd04ae01b7\"},\"headline\":\"Enemigos \u00edntimos\",\"datePublished\":\"2026-08-30T11:07:16+00:00\",\"mainEntityOfPage\":{\"@id\":\"https:\\\/\\\/www.eldiario.net\\\/portal\\\/2026\\\/08\\\/30\\\/enemigos-intimos\\\/\"},\"wordCount\":806,\"publisher\":{\"@id\":\"https:\\\/\\\/www.eldiario.net\\\/portal\\\/#organization\"},\"image\":{\"@id\":\"https:\\\/\\\/www.eldiario.net\\\/portal\\\/2026\\\/08\\\/30\\\/enemigos-intimos\\\/#primaryimage\"},\"thumbnailUrl\":\"https:\\\/\\\/www.eldiario.net\\\/portal\\\/wp-content\\\/uploads\\\/2023\\\/06\\\/Marcelo-Miranda-Loayza.jpg\",\"articleSection\":[\"Opini\u00f3n\"],\"inLanguage\":\"es\"},{\"@type\":\"WebPage\",\"@id\":\"https:\\\/\\\/www.eldiario.net\\\/portal\\\/2026\\\/08\\\/30\\\/enemigos-intimos\\\/\",\"url\":\"https:\\\/\\\/www.eldiario.net\\\/portal\\\/2026\\\/08\\\/30\\\/enemigos-intimos\\\/\",\"name\":\"Enemigos \u00edntimos - El Diario - Bolivia\",\"isPartOf\":{\"@id\":\"https:\\\/\\\/www.eldiario.net\\\/portal\\\/#website\"},\"primaryImageOfPage\":{\"@id\":\"https:\\\/\\\/www.eldiario.net\\\/portal\\\/2026\\\/08\\\/30\\\/enemigos-intimos\\\/#primaryimage\"},\"image\":{\"@id\":\"https:\\\/\\\/www.eldiario.net\\\/portal\\\/2026\\\/08\\\/30\\\/enemigos-intimos\\\/#primaryimage\"},\"thumbnailUrl\":\"https:\\\/\\\/www.eldiario.net\\\/portal\\\/wp-content\\\/uploads\\\/2023\\\/06\\\/Marcelo-Miranda-Loayza.jpg\",\"datePublished\":\"2026-08-30T11:07:16+00:00\",\"breadcrumb\":{\"@id\":\"https:\\\/\\\/www.eldiario.net\\\/portal\\\/2026\\\/08\\\/30\\\/enemigos-intimos\\\/#breadcrumb\"},\"inLanguage\":\"es\",\"potentialAction\":[{\"@type\":\"ReadAction\",\"target\":[\"https:\\\/\\\/www.eldiario.net\\\/portal\\\/2026\\\/08\\\/30\\\/enemigos-intimos\\\/\"]}]},{\"@type\":\"ImageObject\",\"inLanguage\":\"es\",\"@id\":\"https:\\\/\\\/www.eldiario.net\\\/portal\\\/2026\\\/08\\\/30\\\/enemigos-intimos\\\/#primaryimage\",\"url\":\"https:\\\/\\\/www.eldiario.net\\\/portal\\\/wp-content\\\/uploads\\\/2023\\\/06\\\/Marcelo-Miranda-Loayza.jpg\",\"contentUrl\":\"https:\\\/\\\/www.eldiario.net\\\/portal\\\/wp-content\\\/uploads\\\/2023\\\/06\\\/Marcelo-Miranda-Loayza.jpg\",\"width\":1200,\"height\":628,\"caption\":\"Marcelo Miranda Loayza\"},{\"@type\":\"BreadcrumbList\",\"@id\":\"https:\\\/\\\/www.eldiario.net\\\/portal\\\/2026\\\/08\\\/30\\\/enemigos-intimos\\\/#breadcrumb\",\"itemListElement\":[{\"@type\":\"ListItem\",\"position\":1,\"name\":\"Portada\",\"item\":\"https:\\\/\\\/www.eldiario.net\\\/portal\\\/\"},{\"@type\":\"ListItem\",\"position\":2,\"name\":\"Enemigos \u00edntimos\"}]},{\"@type\":\"WebSite\",\"@id\":\"https:\\\/\\\/www.eldiario.net\\\/portal\\\/#website\",\"url\":\"https:\\\/\\\/www.eldiario.net\\\/portal\\\/\",\"name\":\"El Diario - Decano de la prensa nacional\",\"description\":\"El Diario - Decano de la prensa nacional\",\"publisher\":{\"@id\":\"https:\\\/\\\/www.eldiario.net\\\/portal\\\/#organization\"},\"potentialAction\":[{\"@type\":\"SearchAction\",\"target\":{\"@type\":\"EntryPoint\",\"urlTemplate\":\"https:\\\/\\\/www.eldiario.net\\\/portal\\\/?s={search_term_string}\"},\"query-input\":{\"@type\":\"PropertyValueSpecification\",\"valueRequired\":true,\"valueName\":\"search_term_string\"}}],\"inLanguage\":\"es\"},{\"@type\":\"Organization\",\"@id\":\"https:\\\/\\\/www.eldiario.net\\\/portal\\\/#organization\",\"name\":\"El Diario - Decano de la prensa nacional\",\"url\":\"https:\\\/\\\/www.eldiario.net\\\/portal\\\/\",\"logo\":{\"@type\":\"ImageObject\",\"inLanguage\":\"es\",\"@id\":\"https:\\\/\\\/www.eldiario.net\\\/portal\\\/#\\\/schema\\\/logo\\\/image\\\/\",\"url\":\"https:\\\/\\\/www.eldiario.net\\\/portal\\\/wp-content\\\/uploads\\\/2023\\\/07\\\/logo_ED.jpg\",\"contentUrl\":\"https:\\\/\\\/www.eldiario.net\\\/portal\\\/wp-content\\\/uploads\\\/2023\\\/07\\\/logo_ED.jpg\",\"width\":272,\"height\":52,\"caption\":\"El Diario - Decano de la prensa nacional\"},\"image\":{\"@id\":\"https:\\\/\\\/www.eldiario.net\\\/portal\\\/#\\\/schema\\\/logo\\\/image\\\/\"},\"sameAs\":[\"https:\\\/\\\/www.facebook.com\\\/eldiario.bolivia\\\/\",\"https:\\\/\\\/x.com\\\/eldiario_net\"]},{\"@type\":\"Person\",\"@id\":\"https:\\\/\\\/www.eldiario.net\\\/portal\\\/#\\\/schema\\\/person\\\/f46445640444750d7d753ccd04ae01b7\",\"name\":\"Jeanette\",\"image\":{\"@type\":\"ImageObject\",\"inLanguage\":\"es\",\"@id\":\"https:\\\/\\\/secure.gravatar.com\\\/avatar\\\/3ea2118a5f7dad2b7138b1187a6b7ee55f160b9968b66013c3a3ef39dd7e5798?s=96&d=mm&r=g\",\"url\":\"https:\\\/\\\/secure.gravatar.com\\\/avatar\\\/3ea2118a5f7dad2b7138b1187a6b7ee55f160b9968b66013c3a3ef39dd7e5798?s=96&d=mm&r=g\",\"contentUrl\":\"https:\\\/\\\/secure.gravatar.com\\\/avatar\\\/3ea2118a5f7dad2b7138b1187a6b7ee55f160b9968b66013c3a3ef39dd7e5798?s=96&d=mm&r=g\",\"caption\":\"Jeanette\"},\"sameAs\":[\"https:\\\/\\\/www.eldiario.net\\\/portal\"],\"url\":\"https:\\\/\\\/www.eldiario.net\\\/portal\\\/author\\\/jeanette\\\/\"}]}<\/script>\n<!-- \/ Yoast SEO plugin. -->","yoast_head_json":{"title":"Enemigos \u00edntimos - El Diario - Bolivia","robots":{"index":"index","follow":"follow","max-snippet":"max-snippet:-1","max-image-preview":"max-image-preview:large","max-video-preview":"max-video-preview:-1"},"canonical":"https:\/\/www.eldiario.net\/portal\/2026\/08\/30\/enemigos-intimos\/","og_locale":"es_ES","og_type":"article","og_title":"Enemigos \u00edntimos - El Diario - Bolivia","og_description":"El gobierno de Rodrigo Paz atraviesa, sin duda, uno de sus momentos m\u00e1s complejos. El esc\u00e1ndalo de proporciones generado en torno al asesor argentino Fernando Cerimedo, est\u00e1 colocando contra las cuerdas a una administraci\u00f3n que, hasta el momento, parece caracterizarse por la ausencia de una identidad pol\u00edtica definida, de ideas claramente estructuradas y, m\u00e1s preocupante [&hellip;]","og_url":"https:\/\/www.eldiario.net\/portal\/2026\/08\/30\/enemigos-intimos\/","og_site_name":"El Diario - Bolivia","article_publisher":"https:\/\/www.facebook.com\/eldiario.bolivia\/","article_published_time":"2026-08-30T11:07:16+00:00","og_image":[{"width":1200,"height":628,"url":"https:\/\/www.eldiario.net\/portal\/wp-content\/uploads\/2023\/06\/Marcelo-Miranda-Loayza.jpg","type":"image\/jpeg"}],"author":"Jeanette","twitter_card":"summary_large_image","twitter_creator":"@eldiario_net","twitter_site":"@eldiario_net","twitter_misc":{"Escrito por":"Jeanette","Tiempo de lectura":"4 minutos"},"schema":{"@context":"https:\/\/schema.org","@graph":[{"@type":"Article","@id":"https:\/\/www.eldiario.net\/portal\/2026\/08\/30\/enemigos-intimos\/#article","isPartOf":{"@id":"https:\/\/www.eldiario.net\/portal\/2026\/08\/30\/enemigos-intimos\/"},"author":{"name":"Jeanette","@id":"https:\/\/www.eldiario.net\/portal\/#\/schema\/person\/f46445640444750d7d753ccd04ae01b7"},"headline":"Enemigos \u00edntimos","datePublished":"2026-08-30T11:07:16+00:00","mainEntityOfPage":{"@id":"https:\/\/www.eldiario.net\/portal\/2026\/08\/30\/enemigos-intimos\/"},"wordCount":806,"publisher":{"@id":"https:\/\/www.eldiario.net\/portal\/#organization"},"image":{"@id":"https:\/\/www.eldiario.net\/portal\/2026\/08\/30\/enemigos-intimos\/#primaryimage"},"thumbnailUrl":"https:\/\/www.eldiario.net\/portal\/wp-content\/uploads\/2023\/06\/Marcelo-Miranda-Loayza.jpg","articleSection":["Opini\u00f3n"],"inLanguage":"es"},{"@type":"WebPage","@id":"https:\/\/www.eldiario.net\/portal\/2026\/08\/30\/enemigos-intimos\/","url":"https:\/\/www.eldiario.net\/portal\/2026\/08\/30\/enemigos-intimos\/","name":"Enemigos \u00edntimos - El Diario - Bolivia","isPartOf":{"@id":"https:\/\/www.eldiario.net\/portal\/#website"},"primaryImageOfPage":{"@id":"https:\/\/www.eldiario.net\/portal\/2026\/08\/30\/enemigos-intimos\/#primaryimage"},"image":{"@id":"https:\/\/www.eldiario.net\/portal\/2026\/08\/30\/enemigos-intimos\/#primaryimage"},"thumbnailUrl":"https:\/\/www.eldiario.net\/portal\/wp-content\/uploads\/2023\/06\/Marcelo-Miranda-Loayza.jpg","datePublished":"2026-08-30T11:07:16+00:00","breadcrumb":{"@id":"https:\/\/www.eldiario.net\/portal\/2026\/08\/30\/enemigos-intimos\/#breadcrumb"},"inLanguage":"es","potentialAction":[{"@type":"ReadAction","target":["https:\/\/www.eldiario.net\/portal\/2026\/08\/30\/enemigos-intimos\/"]}]},{"@type":"ImageObject","inLanguage":"es","@id":"https:\/\/www.eldiario.net\/portal\/2026\/08\/30\/enemigos-intimos\/#primaryimage","url":"https:\/\/www.eldiario.net\/portal\/wp-content\/uploads\/2023\/06\/Marcelo-Miranda-Loayza.jpg","contentUrl":"https:\/\/www.eldiario.net\/portal\/wp-content\/uploads\/2023\/06\/Marcelo-Miranda-Loayza.jpg","width":1200,"height":628,"caption":"Marcelo Miranda Loayza"},{"@type":"BreadcrumbList","@id":"https:\/\/www.eldiario.net\/portal\/2026\/08\/30\/enemigos-intimos\/#breadcrumb","itemListElement":[{"@type":"ListItem","position":1,"name":"Portada","item":"https:\/\/www.eldiario.net\/portal\/"},{"@type":"ListItem","position":2,"name":"Enemigos \u00edntimos"}]},{"@type":"WebSite","@id":"https:\/\/www.eldiario.net\/portal\/#website","url":"https:\/\/www.eldiario.net\/portal\/","name":"El Diario - Decano de la prensa nacional","description":"El Diario - Decano de la prensa nacional","publisher":{"@id":"https:\/\/www.eldiario.net\/portal\/#organization"},"potentialAction":[{"@type":"SearchAction","target":{"@type":"EntryPoint","urlTemplate":"https:\/\/www.eldiario.net\/portal\/?s={search_term_string}"},"query-input":{"@type":"PropertyValueSpecification","valueRequired":true,"valueName":"search_term_string"}}],"inLanguage":"es"},{"@type":"Organization","@id":"https:\/\/www.eldiario.net\/portal\/#organization","name":"El Diario - Decano de la prensa nacional","url":"https:\/\/www.eldiario.net\/portal\/","logo":{"@type":"ImageObject","inLanguage":"es","@id":"https:\/\/www.eldiario.net\/portal\/#\/schema\/logo\/image\/","url":"https:\/\/www.eldiario.net\/portal\/wp-content\/uploads\/2023\/07\/logo_ED.jpg","contentUrl":"https:\/\/www.eldiario.net\/portal\/wp-content\/uploads\/2023\/07\/logo_ED.jpg","width":272,"height":52,"caption":"El Diario - Decano de la prensa nacional"},"image":{"@id":"https:\/\/www.eldiario.net\/portal\/#\/schema\/logo\/image\/"},"sameAs":["https:\/\/www.facebook.com\/eldiario.bolivia\/","https:\/\/x.com\/eldiario_net"]},{"@type":"Person","@id":"https:\/\/www.eldiario.net\/portal\/#\/schema\/person\/f46445640444750d7d753ccd04ae01b7","name":"Jeanette","image":{"@type":"ImageObject","inLanguage":"es","@id":"https:\/\/secure.gravatar.com\/avatar\/3ea2118a5f7dad2b7138b1187a6b7ee55f160b9968b66013c3a3ef39dd7e5798?s=96&d=mm&r=g","url":"https:\/\/secure.gravatar.com\/avatar\/3ea2118a5f7dad2b7138b1187a6b7ee55f160b9968b66013c3a3ef39dd7e5798?s=96&d=mm&r=g","contentUrl":"https:\/\/secure.gravatar.com\/avatar\/3ea2118a5f7dad2b7138b1187a6b7ee55f160b9968b66013c3a3ef39dd7e5798?s=96&d=mm&r=g","caption":"Jeanette"},"sameAs":["https:\/\/www.eldiario.net\/portal"],"url":"https:\/\/www.eldiario.net\/portal\/author\/jeanette\/"}]}},"_links":{"self":[{"href":"https:\/\/www.eldiario.net\/portal\/wp-json\/wp\/v2\/posts\/425961","targetHints":{"allow":["GET"]}}],"collection":[{"href":"https:\/\/www.eldiario.net\/portal\/wp-json\/wp\/v2\/posts"}],"about":[{"href":"https:\/\/www.eldiario.net\/portal\/wp-json\/wp\/v2\/types\/post"}],"author":[{"embeddable":true,"href":"https:\/\/www.eldiario.net\/portal\/wp-json\/wp\/v2\/users\/1"}],"replies":[{"embeddable":true,"href":"https:\/\/www.eldiario.net\/portal\/wp-json\/wp\/v2\/comments?post=425961"}],"version-history":[{"count":1,"href":"https:\/\/www.eldiario.net\/portal\/wp-json\/wp\/v2\/posts\/425961\/revisions"}],"predecessor-version":[{"id":425962,"href":"https:\/\/www.eldiario.net\/portal\/wp-json\/wp\/v2\/posts\/425961\/revisions\/425962"}],"wp:featuredmedia":[{"embeddable":true,"href":"https:\/\/www.eldiario.net\/portal\/wp-json\/wp\/v2\/media\/161861"}],"wp:attachment":[{"href":"https:\/\/www.eldiario.net\/portal\/wp-json\/wp\/v2\/media?parent=425961"}],"wp:term":[{"taxonomy":"category","embeddable":true,"href":"https:\/\/www.eldiario.net\/portal\/wp-json\/wp\/v2\/categories?post=425961"},{"taxonomy":"post_tag","embeddable":true,"href":"https:\/\/www.eldiario.net\/portal\/wp-json\/wp\/v2\/tags?post=425961"}],"curies":[{"name":"wp","href":"https:\/\/api.w.org\/{rel}","templated":true}]}}