{"id":425959,"date":"2026-08-30T07:06:08","date_gmt":"2026-08-30T11:06:08","guid":{"rendered":"https:\/\/www.eldiario.net\/portal\/?p=425959"},"modified":"2026-08-30T07:06:08","modified_gmt":"2026-08-30T11:06:08","slug":"aniversario-de-una-decada-de-columnismo","status":"publish","type":"post","link":"https:\/\/www.eldiario.net\/portal\/2026\/08\/30\/aniversario-de-una-decada-de-columnismo\/","title":{"rendered":"Aniversario de una d\u00e9cada de columnismo"},"content":{"rendered":"<p>Este agosto estuve de aniversario: cumpl\u00ed 10 a\u00f1os como columnista de prensa. Sin darme mucha cuenta, ya pasaron 120 meses, 521 semanas, m\u00e1s de 3.650 d\u00edas, desde aquel d\u00eda de 2016 cuando, con 21 a\u00f1os, comenc\u00e9 esta labor que me encanta porque me obliga a pensar un tema diferente para escribir todas las semanas, estimula mi cerebro y, de alguna manera, me exige estar al tanto de ciertas lecturas y temas del mundo.<br \/>\nRecuerdo que la vez que fui a aquel diario a solicitar un espacio para publicar mis ideas, me miraron de pies a cabeza y, con escepticismo, me dijeron que enviara un art\u00edculo de prueba grabado en un disco compacto (CD), para que lo evaluaran. Regres\u00e9 a casa y lo escrib\u00ed con entusiasmo. A la ma\u00f1ana siguiente, mi mam\u00e1 me sugiri\u00f3 un t\u00edtulo; entonces abr\u00ed el texto, lo edit\u00e9, lo \u201cquem\u00e9\u201d en un CD y lo llev\u00e9 al peri\u00f3dico. Unos d\u00edas despu\u00e9s, cuando vi mi art\u00edculo publicado, sent\u00ed una emoci\u00f3n dif\u00edcil de describir y, aunque sab\u00eda que no lo era, me sent\u00ed una especie de celebridad. Disfrut\u00e9 el d\u00eda entero leyendo y releyendo mi texto impreso en papel y colgado en la web, y me imagin\u00e9, aun cuando sab\u00eda que no era as\u00ed, que miles de personas se hab\u00edan enterado de mis ideas ese d\u00eda. Algo muy similar cuenta que le sucedi\u00f3 Alcides Arguedas cuando public\u00f3 su primer texto period\u00edstico.<br \/>\nDesde siempre tuve la sensaci\u00f3n de que mis lectores son muy pocos, pero que son fieles, y esto ya significa mucho. De todas formas, a lo largo del tiempo algunos textos han tenido cierta repercusi\u00f3n y causado incomodidad en ciertos personajes del mundo de la pol\u00edtica o el periodismo. Esto sucedi\u00f3 sobre todo durante los \u00faltimos meses de Evo Morales en el poder, en 2019. Debo reconocer que, pese a las injurias que pueda significarle el texto a su autor, cuando eso ocurre el columnista se siente mejor que cuando pasa desapercibido, como una brisa ligera que a nadie perturba.<br \/>\nNo hice el c\u00f3mputo oficial, pero estimo que ya tengo un poco m\u00e1s de 500 textos de opini\u00f3n publicados y reunidos en cartapacios que desde aquellos tiempos mi pap\u00e1 iba comprando para poner a buen recaudo y para la posteridad los art\u00edculos de su hijo. Leyendo aquellos primeros escritos, noto que mi estilo ha cambiado mucho. A diferencia de hoy, en aquel tiempo escrib\u00eda una prosa m\u00e1s barroca y grandilocuente, porque deseaba impresionar a mi lector. Mis ideas tambi\u00e9n cambiaron, pero creo que no tanto. Por ejemplo, en esos a\u00f1os de inicios de siglo cre\u00eda en una suerte de esencia nacional boliviana o de \u201cgenius loci\u201d. No me averg\u00fcenzo, pues pensar y crecer significa ir cambiando de opini\u00f3n sobre algunos temas.<br \/>\nEscribir una columna tambi\u00e9n te disciplina, porque a veces lo \u00faltimo que puedes hacer cuando llegas a casa es sentarte a escribir, racionalizando la realidad y editando despu\u00e9s\u2026 pero lo haces igualmente. Es como llevar a tu cerebro al gimnasio y ponerlo a dieta. Tambi\u00e9n te ense\u00f1a a verificar tus ideas, confront\u00e1ndolas con el espejo de la l\u00f3gica y la evidencia de los hechos. Por donde se vea, la mente sale fortalecida tras el ejercicio de la escritura de un art\u00edculo de opini\u00f3n.<br \/>\nSi Yahv\u00e9 lo permite, escribir\u00e9 hasta ser un anciano, tal vez hasta los 85 o 90; o sea, unas seis d\u00e9cadas m\u00e1s de opiniones semanales en 4.000 caracteres con espacios. En ese lapso, habr\u00e1 seguramente muchas contrariedades, pero espero que por ellas no deje la escritura, o que \u00e9sta no me deje a m\u00ed, y que siempre haya un peri\u00f3dico caritativo que acoja mis modestos textos. Aparte de ser como llevar el cerebro al gimnasio, escribir es una forma de resistir al olvido y, ahora, a la IA, que amenaza con anular a los escritores. Y como yo no estoy dispuesto a que esto ocurra, \u00a1que vengan 500 m\u00e1s\u2026!<\/p>\n<p>Ignacio Vera de Rada es polit\u00f3logo y comunicador social.<\/p>\n","protected":false},"excerpt":{"rendered":"<p>Este agosto estuve de aniversario: cumpl\u00ed 10 a\u00f1os como columnista de prensa. Sin darme mucha cuenta, ya pasaron 120 meses, 521 semanas, m\u00e1s de 3.650 d\u00edas, desde aquel d\u00eda de 2016 cuando, con 21 a\u00f1os, comenc\u00e9 esta labor que me encanta porque me obliga a pensar un tema diferente para escribir todas las semanas, estimula [&hellip;]<\/p>\n","protected":false},"author":1,"featured_media":158964,"comment_status":"closed","ping_status":"open","sticky":false,"template":"","format":"standard","meta":{"_acf_changed":false,"footnotes":""},"categories":[9],"tags":[],"class_list":["post-425959","post","type-post","status-publish","format-standard","has-post-thumbnail","category-opinion"],"acf":{"antetitulo":"La espada en la palabra"},"yoast_head":"<!-- This site is optimized with the Yoast SEO plugin v28.3 - https:\/\/yoast.com\/product\/yoast-seo-wordpress\/ -->\n<title>Aniversario de una d\u00e9cada de columnismo - El Diario - Bolivia<\/title>\n<meta name=\"robots\" content=\"index, follow, max-snippet:-1, max-image-preview:large, max-video-preview:-1\" \/>\n<link rel=\"canonical\" href=\"https:\/\/www.eldiario.net\/portal\/2026\/08\/30\/aniversario-de-una-decada-de-columnismo\/\" \/>\n<meta property=\"og:locale\" content=\"es_ES\" \/>\n<meta property=\"og:type\" content=\"article\" \/>\n<meta property=\"og:title\" content=\"Aniversario de una d\u00e9cada de columnismo - El Diario - Bolivia\" \/>\n<meta property=\"og:description\" content=\"Este agosto estuve de aniversario: cumpl\u00ed 10 a\u00f1os como columnista de prensa. Sin darme mucha cuenta, ya pasaron 120 meses, 521 semanas, m\u00e1s de 3.650 d\u00edas, desde aquel d\u00eda de 2016 cuando, con 21 a\u00f1os, comenc\u00e9 esta labor que me encanta porque me obliga a pensar un tema diferente para escribir todas las semanas, estimula [&hellip;]\" \/>\n<meta property=\"og:url\" content=\"https:\/\/www.eldiario.net\/portal\/2026\/08\/30\/aniversario-de-una-decada-de-columnismo\/\" \/>\n<meta property=\"og:site_name\" content=\"El Diario - Bolivia\" \/>\n<meta property=\"article:publisher\" content=\"https:\/\/www.facebook.com\/eldiario.bolivia\/\" \/>\n<meta property=\"article:published_time\" content=\"2026-08-30T11:06:08+00:00\" \/>\n<meta property=\"og:image\" content=\"https:\/\/www.eldiario.net\/portal\/wp-content\/uploads\/2023\/06\/Ignacio-Vera-de-Rada-1.jpg\" \/>\n\t<meta property=\"og:image:width\" content=\"1200\" \/>\n\t<meta property=\"og:image:height\" content=\"628\" \/>\n\t<meta property=\"og:image:type\" content=\"image\/jpeg\" \/>\n<meta name=\"author\" content=\"Jeanette\" \/>\n<meta name=\"twitter:card\" content=\"summary_large_image\" \/>\n<meta name=\"twitter:creator\" content=\"@eldiario_net\" \/>\n<meta name=\"twitter:site\" content=\"@eldiario_net\" \/>\n<meta name=\"twitter:label1\" content=\"Escrito por\" \/>\n\t<meta name=\"twitter:data1\" content=\"Jeanette\" \/>\n\t<meta name=\"twitter:label2\" content=\"Tiempo de lectura\" \/>\n\t<meta name=\"twitter:data2\" content=\"4 minutos\" \/>\n<script type=\"application\/ld+json\" class=\"yoast-schema-graph\">{\"@context\":\"https:\\\/\\\/schema.org\",\"@graph\":[{\"@type\":\"Article\",\"@id\":\"https:\\\/\\\/www.eldiario.net\\\/portal\\\/2026\\\/08\\\/30\\\/aniversario-de-una-decada-de-columnismo\\\/#article\",\"isPartOf\":{\"@id\":\"https:\\\/\\\/www.eldiario.net\\\/portal\\\/2026\\\/08\\\/30\\\/aniversario-de-una-decada-de-columnismo\\\/\"},\"author\":{\"name\":\"Jeanette\",\"@id\":\"https:\\\/\\\/www.eldiario.net\\\/portal\\\/#\\\/schema\\\/person\\\/f46445640444750d7d753ccd04ae01b7\"},\"headline\":\"Aniversario de una d\u00e9cada de columnismo\",\"datePublished\":\"2026-08-30T11:06:08+00:00\",\"mainEntityOfPage\":{\"@id\":\"https:\\\/\\\/www.eldiario.net\\\/portal\\\/2026\\\/08\\\/30\\\/aniversario-de-una-decada-de-columnismo\\\/\"},\"wordCount\":696,\"publisher\":{\"@id\":\"https:\\\/\\\/www.eldiario.net\\\/portal\\\/#organization\"},\"image\":{\"@id\":\"https:\\\/\\\/www.eldiario.net\\\/portal\\\/2026\\\/08\\\/30\\\/aniversario-de-una-decada-de-columnismo\\\/#primaryimage\"},\"thumbnailUrl\":\"https:\\\/\\\/www.eldiario.net\\\/portal\\\/wp-content\\\/uploads\\\/2023\\\/06\\\/Ignacio-Vera-de-Rada-1.jpg\",\"articleSection\":[\"Opini\u00f3n\"],\"inLanguage\":\"es\"},{\"@type\":\"WebPage\",\"@id\":\"https:\\\/\\\/www.eldiario.net\\\/portal\\\/2026\\\/08\\\/30\\\/aniversario-de-una-decada-de-columnismo\\\/\",\"url\":\"https:\\\/\\\/www.eldiario.net\\\/portal\\\/2026\\\/08\\\/30\\\/aniversario-de-una-decada-de-columnismo\\\/\",\"name\":\"Aniversario de una d\u00e9cada de columnismo - El Diario - Bolivia\",\"isPartOf\":{\"@id\":\"https:\\\/\\\/www.eldiario.net\\\/portal\\\/#website\"},\"primaryImageOfPage\":{\"@id\":\"https:\\\/\\\/www.eldiario.net\\\/portal\\\/2026\\\/08\\\/30\\\/aniversario-de-una-decada-de-columnismo\\\/#primaryimage\"},\"image\":{\"@id\":\"https:\\\/\\\/www.eldiario.net\\\/portal\\\/2026\\\/08\\\/30\\\/aniversario-de-una-decada-de-columnismo\\\/#primaryimage\"},\"thumbnailUrl\":\"https:\\\/\\\/www.eldiario.net\\\/portal\\\/wp-content\\\/uploads\\\/2023\\\/06\\\/Ignacio-Vera-de-Rada-1.jpg\",\"datePublished\":\"2026-08-30T11:06:08+00:00\",\"breadcrumb\":{\"@id\":\"https:\\\/\\\/www.eldiario.net\\\/portal\\\/2026\\\/08\\\/30\\\/aniversario-de-una-decada-de-columnismo\\\/#breadcrumb\"},\"inLanguage\":\"es\",\"potentialAction\":[{\"@type\":\"ReadAction\",\"target\":[\"https:\\\/\\\/www.eldiario.net\\\/portal\\\/2026\\\/08\\\/30\\\/aniversario-de-una-decada-de-columnismo\\\/\"]}]},{\"@type\":\"ImageObject\",\"inLanguage\":\"es\",\"@id\":\"https:\\\/\\\/www.eldiario.net\\\/portal\\\/2026\\\/08\\\/30\\\/aniversario-de-una-decada-de-columnismo\\\/#primaryimage\",\"url\":\"https:\\\/\\\/www.eldiario.net\\\/portal\\\/wp-content\\\/uploads\\\/2023\\\/06\\\/Ignacio-Vera-de-Rada-1.jpg\",\"contentUrl\":\"https:\\\/\\\/www.eldiario.net\\\/portal\\\/wp-content\\\/uploads\\\/2023\\\/06\\\/Ignacio-Vera-de-Rada-1.jpg\",\"width\":1200,\"height\":628,\"caption\":\"Ignacio Vera de Rada\"},{\"@type\":\"BreadcrumbList\",\"@id\":\"https:\\\/\\\/www.eldiario.net\\\/portal\\\/2026\\\/08\\\/30\\\/aniversario-de-una-decada-de-columnismo\\\/#breadcrumb\",\"itemListElement\":[{\"@type\":\"ListItem\",\"position\":1,\"name\":\"Portada\",\"item\":\"https:\\\/\\\/www.eldiario.net\\\/portal\\\/\"},{\"@type\":\"ListItem\",\"position\":2,\"name\":\"Aniversario de una d\u00e9cada de columnismo\"}]},{\"@type\":\"WebSite\",\"@id\":\"https:\\\/\\\/www.eldiario.net\\\/portal\\\/#website\",\"url\":\"https:\\\/\\\/www.eldiario.net\\\/portal\\\/\",\"name\":\"El Diario - Decano de la prensa nacional\",\"description\":\"El Diario - Decano de la prensa nacional\",\"publisher\":{\"@id\":\"https:\\\/\\\/www.eldiario.net\\\/portal\\\/#organization\"},\"potentialAction\":[{\"@type\":\"SearchAction\",\"target\":{\"@type\":\"EntryPoint\",\"urlTemplate\":\"https:\\\/\\\/www.eldiario.net\\\/portal\\\/?s={search_term_string}\"},\"query-input\":{\"@type\":\"PropertyValueSpecification\",\"valueRequired\":true,\"valueName\":\"search_term_string\"}}],\"inLanguage\":\"es\"},{\"@type\":\"Organization\",\"@id\":\"https:\\\/\\\/www.eldiario.net\\\/portal\\\/#organization\",\"name\":\"El Diario - Decano de la prensa nacional\",\"url\":\"https:\\\/\\\/www.eldiario.net\\\/portal\\\/\",\"logo\":{\"@type\":\"ImageObject\",\"inLanguage\":\"es\",\"@id\":\"https:\\\/\\\/www.eldiario.net\\\/portal\\\/#\\\/schema\\\/logo\\\/image\\\/\",\"url\":\"https:\\\/\\\/www.eldiario.net\\\/portal\\\/wp-content\\\/uploads\\\/2023\\\/07\\\/logo_ED.jpg\",\"contentUrl\":\"https:\\\/\\\/www.eldiario.net\\\/portal\\\/wp-content\\\/uploads\\\/2023\\\/07\\\/logo_ED.jpg\",\"width\":272,\"height\":52,\"caption\":\"El Diario - Decano de la prensa nacional\"},\"image\":{\"@id\":\"https:\\\/\\\/www.eldiario.net\\\/portal\\\/#\\\/schema\\\/logo\\\/image\\\/\"},\"sameAs\":[\"https:\\\/\\\/www.facebook.com\\\/eldiario.bolivia\\\/\",\"https:\\\/\\\/x.com\\\/eldiario_net\"]},{\"@type\":\"Person\",\"@id\":\"https:\\\/\\\/www.eldiario.net\\\/portal\\\/#\\\/schema\\\/person\\\/f46445640444750d7d753ccd04ae01b7\",\"name\":\"Jeanette\",\"image\":{\"@type\":\"ImageObject\",\"inLanguage\":\"es\",\"@id\":\"https:\\\/\\\/secure.gravatar.com\\\/avatar\\\/3ea2118a5f7dad2b7138b1187a6b7ee55f160b9968b66013c3a3ef39dd7e5798?s=96&d=mm&r=g\",\"url\":\"https:\\\/\\\/secure.gravatar.com\\\/avatar\\\/3ea2118a5f7dad2b7138b1187a6b7ee55f160b9968b66013c3a3ef39dd7e5798?s=96&d=mm&r=g\",\"contentUrl\":\"https:\\\/\\\/secure.gravatar.com\\\/avatar\\\/3ea2118a5f7dad2b7138b1187a6b7ee55f160b9968b66013c3a3ef39dd7e5798?s=96&d=mm&r=g\",\"caption\":\"Jeanette\"},\"sameAs\":[\"https:\\\/\\\/www.eldiario.net\\\/portal\"],\"url\":\"https:\\\/\\\/www.eldiario.net\\\/portal\\\/author\\\/jeanette\\\/\"}]}<\/script>\n<!-- \/ Yoast SEO plugin. -->","yoast_head_json":{"title":"Aniversario de una d\u00e9cada de columnismo - El Diario - Bolivia","robots":{"index":"index","follow":"follow","max-snippet":"max-snippet:-1","max-image-preview":"max-image-preview:large","max-video-preview":"max-video-preview:-1"},"canonical":"https:\/\/www.eldiario.net\/portal\/2026\/08\/30\/aniversario-de-una-decada-de-columnismo\/","og_locale":"es_ES","og_type":"article","og_title":"Aniversario de una d\u00e9cada de columnismo - El Diario - Bolivia","og_description":"Este agosto estuve de aniversario: cumpl\u00ed 10 a\u00f1os como columnista de prensa. Sin darme mucha cuenta, ya pasaron 120 meses, 521 semanas, m\u00e1s de 3.650 d\u00edas, desde aquel d\u00eda de 2016 cuando, con 21 a\u00f1os, comenc\u00e9 esta labor que me encanta porque me obliga a pensar un tema diferente para escribir todas las semanas, estimula [&hellip;]","og_url":"https:\/\/www.eldiario.net\/portal\/2026\/08\/30\/aniversario-de-una-decada-de-columnismo\/","og_site_name":"El Diario - Bolivia","article_publisher":"https:\/\/www.facebook.com\/eldiario.bolivia\/","article_published_time":"2026-08-30T11:06:08+00:00","og_image":[{"width":1200,"height":628,"url":"https:\/\/www.eldiario.net\/portal\/wp-content\/uploads\/2023\/06\/Ignacio-Vera-de-Rada-1.jpg","type":"image\/jpeg"}],"author":"Jeanette","twitter_card":"summary_large_image","twitter_creator":"@eldiario_net","twitter_site":"@eldiario_net","twitter_misc":{"Escrito por":"Jeanette","Tiempo de lectura":"4 minutos"},"schema":{"@context":"https:\/\/schema.org","@graph":[{"@type":"Article","@id":"https:\/\/www.eldiario.net\/portal\/2026\/08\/30\/aniversario-de-una-decada-de-columnismo\/#article","isPartOf":{"@id":"https:\/\/www.eldiario.net\/portal\/2026\/08\/30\/aniversario-de-una-decada-de-columnismo\/"},"author":{"name":"Jeanette","@id":"https:\/\/www.eldiario.net\/portal\/#\/schema\/person\/f46445640444750d7d753ccd04ae01b7"},"headline":"Aniversario de una d\u00e9cada de columnismo","datePublished":"2026-08-30T11:06:08+00:00","mainEntityOfPage":{"@id":"https:\/\/www.eldiario.net\/portal\/2026\/08\/30\/aniversario-de-una-decada-de-columnismo\/"},"wordCount":696,"publisher":{"@id":"https:\/\/www.eldiario.net\/portal\/#organization"},"image":{"@id":"https:\/\/www.eldiario.net\/portal\/2026\/08\/30\/aniversario-de-una-decada-de-columnismo\/#primaryimage"},"thumbnailUrl":"https:\/\/www.eldiario.net\/portal\/wp-content\/uploads\/2023\/06\/Ignacio-Vera-de-Rada-1.jpg","articleSection":["Opini\u00f3n"],"inLanguage":"es"},{"@type":"WebPage","@id":"https:\/\/www.eldiario.net\/portal\/2026\/08\/30\/aniversario-de-una-decada-de-columnismo\/","url":"https:\/\/www.eldiario.net\/portal\/2026\/08\/30\/aniversario-de-una-decada-de-columnismo\/","name":"Aniversario de una d\u00e9cada de columnismo - El Diario - Bolivia","isPartOf":{"@id":"https:\/\/www.eldiario.net\/portal\/#website"},"primaryImageOfPage":{"@id":"https:\/\/www.eldiario.net\/portal\/2026\/08\/30\/aniversario-de-una-decada-de-columnismo\/#primaryimage"},"image":{"@id":"https:\/\/www.eldiario.net\/portal\/2026\/08\/30\/aniversario-de-una-decada-de-columnismo\/#primaryimage"},"thumbnailUrl":"https:\/\/www.eldiario.net\/portal\/wp-content\/uploads\/2023\/06\/Ignacio-Vera-de-Rada-1.jpg","datePublished":"2026-08-30T11:06:08+00:00","breadcrumb":{"@id":"https:\/\/www.eldiario.net\/portal\/2026\/08\/30\/aniversario-de-una-decada-de-columnismo\/#breadcrumb"},"inLanguage":"es","potentialAction":[{"@type":"ReadAction","target":["https:\/\/www.eldiario.net\/portal\/2026\/08\/30\/aniversario-de-una-decada-de-columnismo\/"]}]},{"@type":"ImageObject","inLanguage":"es","@id":"https:\/\/www.eldiario.net\/portal\/2026\/08\/30\/aniversario-de-una-decada-de-columnismo\/#primaryimage","url":"https:\/\/www.eldiario.net\/portal\/wp-content\/uploads\/2023\/06\/Ignacio-Vera-de-Rada-1.jpg","contentUrl":"https:\/\/www.eldiario.net\/portal\/wp-content\/uploads\/2023\/06\/Ignacio-Vera-de-Rada-1.jpg","width":1200,"height":628,"caption":"Ignacio Vera de Rada"},{"@type":"BreadcrumbList","@id":"https:\/\/www.eldiario.net\/portal\/2026\/08\/30\/aniversario-de-una-decada-de-columnismo\/#breadcrumb","itemListElement":[{"@type":"ListItem","position":1,"name":"Portada","item":"https:\/\/www.eldiario.net\/portal\/"},{"@type":"ListItem","position":2,"name":"Aniversario de una d\u00e9cada de columnismo"}]},{"@type":"WebSite","@id":"https:\/\/www.eldiario.net\/portal\/#website","url":"https:\/\/www.eldiario.net\/portal\/","name":"El Diario - Decano de la prensa nacional","description":"El Diario - Decano de la prensa nacional","publisher":{"@id":"https:\/\/www.eldiario.net\/portal\/#organization"},"potentialAction":[{"@type":"SearchAction","target":{"@type":"EntryPoint","urlTemplate":"https:\/\/www.eldiario.net\/portal\/?s={search_term_string}"},"query-input":{"@type":"PropertyValueSpecification","valueRequired":true,"valueName":"search_term_string"}}],"inLanguage":"es"},{"@type":"Organization","@id":"https:\/\/www.eldiario.net\/portal\/#organization","name":"El Diario - Decano de la prensa nacional","url":"https:\/\/www.eldiario.net\/portal\/","logo":{"@type":"ImageObject","inLanguage":"es","@id":"https:\/\/www.eldiario.net\/portal\/#\/schema\/logo\/image\/","url":"https:\/\/www.eldiario.net\/portal\/wp-content\/uploads\/2023\/07\/logo_ED.jpg","contentUrl":"https:\/\/www.eldiario.net\/portal\/wp-content\/uploads\/2023\/07\/logo_ED.jpg","width":272,"height":52,"caption":"El Diario - Decano de la prensa nacional"},"image":{"@id":"https:\/\/www.eldiario.net\/portal\/#\/schema\/logo\/image\/"},"sameAs":["https:\/\/www.facebook.com\/eldiario.bolivia\/","https:\/\/x.com\/eldiario_net"]},{"@type":"Person","@id":"https:\/\/www.eldiario.net\/portal\/#\/schema\/person\/f46445640444750d7d753ccd04ae01b7","name":"Jeanette","image":{"@type":"ImageObject","inLanguage":"es","@id":"https:\/\/secure.gravatar.com\/avatar\/3ea2118a5f7dad2b7138b1187a6b7ee55f160b9968b66013c3a3ef39dd7e5798?s=96&d=mm&r=g","url":"https:\/\/secure.gravatar.com\/avatar\/3ea2118a5f7dad2b7138b1187a6b7ee55f160b9968b66013c3a3ef39dd7e5798?s=96&d=mm&r=g","contentUrl":"https:\/\/secure.gravatar.com\/avatar\/3ea2118a5f7dad2b7138b1187a6b7ee55f160b9968b66013c3a3ef39dd7e5798?s=96&d=mm&r=g","caption":"Jeanette"},"sameAs":["https:\/\/www.eldiario.net\/portal"],"url":"https:\/\/www.eldiario.net\/portal\/author\/jeanette\/"}]}},"_links":{"self":[{"href":"https:\/\/www.eldiario.net\/portal\/wp-json\/wp\/v2\/posts\/425959","targetHints":{"allow":["GET"]}}],"collection":[{"href":"https:\/\/www.eldiario.net\/portal\/wp-json\/wp\/v2\/posts"}],"about":[{"href":"https:\/\/www.eldiario.net\/portal\/wp-json\/wp\/v2\/types\/post"}],"author":[{"embeddable":true,"href":"https:\/\/www.eldiario.net\/portal\/wp-json\/wp\/v2\/users\/1"}],"replies":[{"embeddable":true,"href":"https:\/\/www.eldiario.net\/portal\/wp-json\/wp\/v2\/comments?post=425959"}],"version-history":[{"count":1,"href":"https:\/\/www.eldiario.net\/portal\/wp-json\/wp\/v2\/posts\/425959\/revisions"}],"predecessor-version":[{"id":425960,"href":"https:\/\/www.eldiario.net\/portal\/wp-json\/wp\/v2\/posts\/425959\/revisions\/425960"}],"wp:featuredmedia":[{"embeddable":true,"href":"https:\/\/www.eldiario.net\/portal\/wp-json\/wp\/v2\/media\/158964"}],"wp:attachment":[{"href":"https:\/\/www.eldiario.net\/portal\/wp-json\/wp\/v2\/media?parent=425959"}],"wp:term":[{"taxonomy":"category","embeddable":true,"href":"https:\/\/www.eldiario.net\/portal\/wp-json\/wp\/v2\/categories?post=425959"},{"taxonomy":"post_tag","embeddable":true,"href":"https:\/\/www.eldiario.net\/portal\/wp-json\/wp\/v2\/tags?post=425959"}],"curies":[{"name":"wp","href":"https:\/\/api.w.org\/{rel}","templated":true}]}}