{"id":425953,"date":"2026-08-30T07:04:01","date_gmt":"2026-08-30T11:04:01","guid":{"rendered":"https:\/\/www.eldiario.net\/portal\/?p=425953"},"modified":"2026-08-30T07:04:01","modified_gmt":"2026-08-30T11:04:01","slug":"minerales-criticos-en-agenda-y-bolivia-forma-parte-del-debate","status":"publish","type":"post","link":"https:\/\/www.eldiario.net\/portal\/2026\/08\/30\/minerales-criticos-en-agenda-y-bolivia-forma-parte-del-debate\/","title":{"rendered":"Minerales cr\u00edticos en agenda y  Bolivia forma parte del debate"},"content":{"rendered":"<p>Tres autoridades del Ministerio de Miner\u00eda y Metalurgia participaron en Santiago de Chile en un di\u00e1logo regional que re\u00fane a pa\u00edses productores y representantes de Estados Unidos para abordar inversi\u00f3n, gobernanza, sostenibilidad, seguridad del suministro y transparencia. En especial de los minerales cr\u00edticos y el pa\u00eds posee 39 de los mismos.<br \/>\nBolivia fortalece su presencia en el escenario internacional de los minerales cr\u00edticos mediante una participaci\u00f3n estrat\u00e9gica en el Di\u00e1logo Regional para el Desarrollo de Recursos Minerales Cr\u00edticos, desarrollado del 25 al 28 de agosto en Santiago de Chile, donde representantes de los pa\u00edses participantes analizaron los principales desaf\u00edos y oportunidades para transformar los recursos minerales en desarrollo econ\u00f3mico sostenible.<br \/>\nRecordemos que, a nivel mundial, China lidera en el procesamiento de los minerales cr\u00edticos, ahora Estados Unidos busca ingresar de lleno a la carrera para competir con el gigante asi\u00e1tico.<br \/>\nLa delegaci\u00f3n boliviana estuvo integrada por Walter Land\u00edvar, viceministro de Pol\u00edtica Minera, Regulaci\u00f3n y Fiscalizaci\u00f3n; P\u00e1nfilo Marca, viceministro de Cooperativas Mineras; y Marcelo Olgu\u00edn, director general de Inversiones, Minerales Estrat\u00e9gicos y Cr\u00edticos, convocados expresamente a este espacio regional.<br \/>\nEl encuentro, patrocinado por el Representante de Comercio de Estados Unidos y desarrollado mediante la articulaci\u00f3n de organismos especializados en Derecho Comercial del Gobierno estadounidense, reuni\u00f3 a representantes de Argentina, Bolivia, Chile, M\u00e9xico y Per\u00fa, con el objetivo de promover el intercambio de experiencias normativas y conocimientos t\u00e9cnicos para el desarrollo de los recursos minerales cr\u00edticos.<br \/>\nnuevos desaf\u00edos para el pa\u00eds<br \/>\nLa participaci\u00f3n de Bolivia adquiere especial relevancia en un contexto internacional en el que minerales como el litio y las tierras raras son considerados estrat\u00e9gicos para las cadenas globales de suministro, la infraestructura, el desarrollo tecnol\u00f3gico y el crecimiento econ\u00f3mico del siglo XXI.<br \/>\nDurante cuatro jornadas, el di\u00e1logo regional abord\u00f3 temas vinculados con inversi\u00f3n global, estabilidad regulatoria y fiscal, gobernanza de minerales cr\u00edticos, miner\u00eda responsable, participaci\u00f3n de grupos de inter\u00e9s, gesti\u00f3n del agua, monitoreo ambiental, transparencia, titularidad de recursos de salmuera y fortalecimiento de las cadenas de valor.<br \/>\nPara Bolivia, ese escenario representa una oportunidad para intercambiar experiencias, conocer tendencias internacionales y fortalecer capacidades institucionales, pero tambi\u00e9n para plantear una visi\u00f3n propia sobre el aprovechamiento soberano y responsable de sus recursos minerales.<br \/>\n\u201cBolivia no puede quedar al margen de la conversaci\u00f3n internacional sobre minerales cr\u00edticos. Nuestra participaci\u00f3n permite conocer de primera mano las nuevas tendencias regulatorias, de inversi\u00f3n y de gobernanza, tambi\u00e9n contribuir desde nuestra realidad y desde los intereses del Estado boliviano a una agenda minera regional con visi\u00f3n de futuro\u201d, seg\u00fan el viceministro de Pol\u00edtica Minera, Regulaci\u00f3n y Fiscalizaci\u00f3n, Walter Land\u00edvar.<br \/>\nCooperativas y desarrollo territorial<br \/>\nLa presencia del Viceministerio de Cooperativas Mineras incorpora a la discusi\u00f3n internacional una dimensi\u00f3n fundamental de la estructura productiva minera boliviana: el sector cooperativo.<br \/>\nEn ese marco, la participaci\u00f3n boliviana permite incorporar al debate regional la necesidad de avanzar hacia una miner\u00eda responsable, con mejores capacidades de gesti\u00f3n, cumplimiento y sostenibilidad, articulando las pol\u00edticas p\u00fablicas con las caracter\u00edsticas y necesidades de los distintos actores que forman parte de la actividad minera.<br \/>\n\u201cEl desarrollo de la miner\u00eda debe considerar a todos sus actores y las realidades de nuestros territorios. Llevar la experiencia boliviana al di\u00e1logo regional permite abrir espacios de cooperaci\u00f3n para fortalecer al sector cooperativo, mejorar sus capacidades y avanzar hacia una actividad minera cada vez m\u00e1s responsable y sostenible\u201d, sostuvo el viceministro de Cooperativas Mineras, P\u00e1nfilo Marca.<br \/>\nCadenas de valor<br \/>\nOtro de los ejes centrales del encuentro fue precisamente el desaf\u00edo de generar mayor valor en los pa\u00edses productores, mediante transferencia tecnol\u00f3gica, investigaci\u00f3n aplicada y procesos de transformaci\u00f3n.<br \/>\nLa agenda del cuarto d\u00eda estuvo dedicada al fortalecimiento de las cadenas de valor, incluyendo transferencia de tecnolog\u00eda, investigaci\u00f3n aplicada y procesos de mayor valor a\u00f1adido, un enfoque directamente vinculado con el desaf\u00edo boliviano de avanzar desde la producci\u00f3n de materias primas hacia una mayor industrializaci\u00f3n de sus recursos minerales.<br \/>\nEn ese \u00e1mbito, la participaci\u00f3n de la Direcci\u00f3n General de Inversiones, Minerales Estrat\u00e9gicos y Cr\u00edticos permiti\u00f3 incorporar al di\u00e1logo la perspectiva boliviana sobre las necesidades de inversi\u00f3n para el aprovechamiento tecnol\u00f3gico y productivo de los minerales estrat\u00e9gicos.<br \/>\n\u201cEl desaf\u00edo para los pa\u00edses productores ya no es solamente extraer minerales, sino generar conocimiento, tecnolog\u00eda y valor agregado. Bolivia, as\u00ed como otros pa\u00edses del sur, tiene la oportunidad de construir cadenas productivas que permitan que nuestros recursos minerales se conviertan en capacidades de innovaci\u00f3n y desarrollo para el pa\u00eds\u201d, dijo el director general de Inversiones, Minerales Estrat\u00e9gicos y Cr\u00edticos, Marcelo Olgu\u00edn.<\/p>\n<p>&nbsp;<\/p>\n","protected":false},"excerpt":{"rendered":"<p>Tres autoridades del Ministerio de Miner\u00eda y Metalurgia participaron en Santiago de Chile en un di\u00e1logo regional que re\u00fane a pa\u00edses productores y representantes de Estados Unidos para abordar inversi\u00f3n, gobernanza, sostenibilidad, seguridad del suministro y transparencia. En especial de los minerales cr\u00edticos y el pa\u00eds posee 39 de los mismos. Bolivia fortalece su presencia [&hellip;]<\/p>\n","protected":false},"author":1,"featured_media":425954,"comment_status":"closed","ping_status":"open","sticky":false,"template":"","format":"standard","meta":{"_acf_changed":false,"footnotes":""},"categories":[7],"tags":[],"class_list":["post-425953","post","type-post","status-publish","format-standard","has-post-thumbnail","category-economia"],"acf":{"antetitulo":""},"yoast_head":"<!-- This site is optimized with the Yoast SEO plugin v28.3 - https:\/\/yoast.com\/product\/yoast-seo-wordpress\/ -->\n<title>Minerales cr\u00edticos en agenda y Bolivia forma parte del debate - El Diario - Bolivia<\/title>\n<meta name=\"robots\" content=\"index, follow, max-snippet:-1, max-image-preview:large, max-video-preview:-1\" \/>\n<link rel=\"canonical\" href=\"https:\/\/www.eldiario.net\/portal\/2026\/08\/30\/minerales-criticos-en-agenda-y-bolivia-forma-parte-del-debate\/\" \/>\n<meta property=\"og:locale\" content=\"es_ES\" \/>\n<meta property=\"og:type\" content=\"article\" \/>\n<meta property=\"og:title\" content=\"Minerales cr\u00edticos en agenda y Bolivia forma parte del debate - El Diario - Bolivia\" \/>\n<meta property=\"og:description\" content=\"Tres autoridades del Ministerio de Miner\u00eda y Metalurgia participaron en Santiago de Chile en un di\u00e1logo regional que re\u00fane a pa\u00edses productores y representantes de Estados Unidos para abordar inversi\u00f3n, gobernanza, sostenibilidad, seguridad del suministro y transparencia. En especial de los minerales cr\u00edticos y el pa\u00eds posee 39 de los mismos. Bolivia fortalece su presencia [&hellip;]\" \/>\n<meta property=\"og:url\" content=\"https:\/\/www.eldiario.net\/portal\/2026\/08\/30\/minerales-criticos-en-agenda-y-bolivia-forma-parte-del-debate\/\" \/>\n<meta property=\"og:site_name\" content=\"El Diario - Bolivia\" \/>\n<meta property=\"article:publisher\" content=\"https:\/\/www.facebook.com\/eldiario.bolivia\/\" \/>\n<meta property=\"article:published_time\" content=\"2026-08-30T11:04:01+00:00\" \/>\n<meta property=\"og:image\" content=\"https:\/\/www.eldiario.net\/portal\/wp-content\/uploads\/2026\/08\/minerales.webp\" \/>\n\t<meta property=\"og:image:width\" content=\"1638\" \/>\n\t<meta property=\"og:image:height\" content=\"1229\" \/>\n\t<meta property=\"og:image:type\" content=\"image\/webp\" \/>\n<meta name=\"author\" content=\"Jeanette\" \/>\n<meta name=\"twitter:card\" content=\"summary_large_image\" \/>\n<meta name=\"twitter:creator\" content=\"@eldiario_net\" \/>\n<meta name=\"twitter:site\" content=\"@eldiario_net\" \/>\n<meta name=\"twitter:label1\" content=\"Escrito por\" \/>\n\t<meta name=\"twitter:data1\" content=\"Jeanette\" \/>\n\t<meta name=\"twitter:label2\" content=\"Tiempo de lectura\" \/>\n\t<meta name=\"twitter:data2\" content=\"4 minutos\" \/>\n<script type=\"application\/ld+json\" class=\"yoast-schema-graph\">{\"@context\":\"https:\\\/\\\/schema.org\",\"@graph\":[{\"@type\":\"Article\",\"@id\":\"https:\\\/\\\/www.eldiario.net\\\/portal\\\/2026\\\/08\\\/30\\\/minerales-criticos-en-agenda-y-bolivia-forma-parte-del-debate\\\/#article\",\"isPartOf\":{\"@id\":\"https:\\\/\\\/www.eldiario.net\\\/portal\\\/2026\\\/08\\\/30\\\/minerales-criticos-en-agenda-y-bolivia-forma-parte-del-debate\\\/\"},\"author\":{\"name\":\"Jeanette\",\"@id\":\"https:\\\/\\\/www.eldiario.net\\\/portal\\\/#\\\/schema\\\/person\\\/f46445640444750d7d753ccd04ae01b7\"},\"headline\":\"Minerales cr\u00edticos en agenda y Bolivia forma parte del debate\",\"datePublished\":\"2026-08-30T11:04:01+00:00\",\"mainEntityOfPage\":{\"@id\":\"https:\\\/\\\/www.eldiario.net\\\/portal\\\/2026\\\/08\\\/30\\\/minerales-criticos-en-agenda-y-bolivia-forma-parte-del-debate\\\/\"},\"wordCount\":841,\"publisher\":{\"@id\":\"https:\\\/\\\/www.eldiario.net\\\/portal\\\/#organization\"},\"image\":{\"@id\":\"https:\\\/\\\/www.eldiario.net\\\/portal\\\/2026\\\/08\\\/30\\\/minerales-criticos-en-agenda-y-bolivia-forma-parte-del-debate\\\/#primaryimage\"},\"thumbnailUrl\":\"https:\\\/\\\/www.eldiario.net\\\/portal\\\/wp-content\\\/uploads\\\/2026\\\/08\\\/minerales.webp\",\"articleSection\":[\"Econom\u00eda\"],\"inLanguage\":\"es\"},{\"@type\":\"WebPage\",\"@id\":\"https:\\\/\\\/www.eldiario.net\\\/portal\\\/2026\\\/08\\\/30\\\/minerales-criticos-en-agenda-y-bolivia-forma-parte-del-debate\\\/\",\"url\":\"https:\\\/\\\/www.eldiario.net\\\/portal\\\/2026\\\/08\\\/30\\\/minerales-criticos-en-agenda-y-bolivia-forma-parte-del-debate\\\/\",\"name\":\"Minerales cr\u00edticos en agenda y Bolivia forma parte del debate - El Diario - Bolivia\",\"isPartOf\":{\"@id\":\"https:\\\/\\\/www.eldiario.net\\\/portal\\\/#website\"},\"primaryImageOfPage\":{\"@id\":\"https:\\\/\\\/www.eldiario.net\\\/portal\\\/2026\\\/08\\\/30\\\/minerales-criticos-en-agenda-y-bolivia-forma-parte-del-debate\\\/#primaryimage\"},\"image\":{\"@id\":\"https:\\\/\\\/www.eldiario.net\\\/portal\\\/2026\\\/08\\\/30\\\/minerales-criticos-en-agenda-y-bolivia-forma-parte-del-debate\\\/#primaryimage\"},\"thumbnailUrl\":\"https:\\\/\\\/www.eldiario.net\\\/portal\\\/wp-content\\\/uploads\\\/2026\\\/08\\\/minerales.webp\",\"datePublished\":\"2026-08-30T11:04:01+00:00\",\"breadcrumb\":{\"@id\":\"https:\\\/\\\/www.eldiario.net\\\/portal\\\/2026\\\/08\\\/30\\\/minerales-criticos-en-agenda-y-bolivia-forma-parte-del-debate\\\/#breadcrumb\"},\"inLanguage\":\"es\",\"potentialAction\":[{\"@type\":\"ReadAction\",\"target\":[\"https:\\\/\\\/www.eldiario.net\\\/portal\\\/2026\\\/08\\\/30\\\/minerales-criticos-en-agenda-y-bolivia-forma-parte-del-debate\\\/\"]}]},{\"@type\":\"ImageObject\",\"inLanguage\":\"es\",\"@id\":\"https:\\\/\\\/www.eldiario.net\\\/portal\\\/2026\\\/08\\\/30\\\/minerales-criticos-en-agenda-y-bolivia-forma-parte-del-debate\\\/#primaryimage\",\"url\":\"https:\\\/\\\/www.eldiario.net\\\/portal\\\/wp-content\\\/uploads\\\/2026\\\/08\\\/minerales.webp\",\"contentUrl\":\"https:\\\/\\\/www.eldiario.net\\\/portal\\\/wp-content\\\/uploads\\\/2026\\\/08\\\/minerales.webp\",\"width\":1638,\"height\":1229,\"caption\":\"Autoridades de Bolivia y representantes de EEUU participaron del encuentro en Chile.\"},{\"@type\":\"BreadcrumbList\",\"@id\":\"https:\\\/\\\/www.eldiario.net\\\/portal\\\/2026\\\/08\\\/30\\\/minerales-criticos-en-agenda-y-bolivia-forma-parte-del-debate\\\/#breadcrumb\",\"itemListElement\":[{\"@type\":\"ListItem\",\"position\":1,\"name\":\"Portada\",\"item\":\"https:\\\/\\\/www.eldiario.net\\\/portal\\\/\"},{\"@type\":\"ListItem\",\"position\":2,\"name\":\"Minerales cr\u00edticos en agenda y Bolivia forma parte del debate\"}]},{\"@type\":\"WebSite\",\"@id\":\"https:\\\/\\\/www.eldiario.net\\\/portal\\\/#website\",\"url\":\"https:\\\/\\\/www.eldiario.net\\\/portal\\\/\",\"name\":\"El Diario - Decano de la prensa nacional\",\"description\":\"El Diario - Decano de la prensa nacional\",\"publisher\":{\"@id\":\"https:\\\/\\\/www.eldiario.net\\\/portal\\\/#organization\"},\"potentialAction\":[{\"@type\":\"SearchAction\",\"target\":{\"@type\":\"EntryPoint\",\"urlTemplate\":\"https:\\\/\\\/www.eldiario.net\\\/portal\\\/?s={search_term_string}\"},\"query-input\":{\"@type\":\"PropertyValueSpecification\",\"valueRequired\":true,\"valueName\":\"search_term_string\"}}],\"inLanguage\":\"es\"},{\"@type\":\"Organization\",\"@id\":\"https:\\\/\\\/www.eldiario.net\\\/portal\\\/#organization\",\"name\":\"El Diario - Decano de la prensa nacional\",\"url\":\"https:\\\/\\\/www.eldiario.net\\\/portal\\\/\",\"logo\":{\"@type\":\"ImageObject\",\"inLanguage\":\"es\",\"@id\":\"https:\\\/\\\/www.eldiario.net\\\/portal\\\/#\\\/schema\\\/logo\\\/image\\\/\",\"url\":\"https:\\\/\\\/www.eldiario.net\\\/portal\\\/wp-content\\\/uploads\\\/2023\\\/07\\\/logo_ED.jpg\",\"contentUrl\":\"https:\\\/\\\/www.eldiario.net\\\/portal\\\/wp-content\\\/uploads\\\/2023\\\/07\\\/logo_ED.jpg\",\"width\":272,\"height\":52,\"caption\":\"El Diario - Decano de la prensa nacional\"},\"image\":{\"@id\":\"https:\\\/\\\/www.eldiario.net\\\/portal\\\/#\\\/schema\\\/logo\\\/image\\\/\"},\"sameAs\":[\"https:\\\/\\\/www.facebook.com\\\/eldiario.bolivia\\\/\",\"https:\\\/\\\/x.com\\\/eldiario_net\"]},{\"@type\":\"Person\",\"@id\":\"https:\\\/\\\/www.eldiario.net\\\/portal\\\/#\\\/schema\\\/person\\\/f46445640444750d7d753ccd04ae01b7\",\"name\":\"Jeanette\",\"image\":{\"@type\":\"ImageObject\",\"inLanguage\":\"es\",\"@id\":\"https:\\\/\\\/secure.gravatar.com\\\/avatar\\\/3ea2118a5f7dad2b7138b1187a6b7ee55f160b9968b66013c3a3ef39dd7e5798?s=96&d=mm&r=g\",\"url\":\"https:\\\/\\\/secure.gravatar.com\\\/avatar\\\/3ea2118a5f7dad2b7138b1187a6b7ee55f160b9968b66013c3a3ef39dd7e5798?s=96&d=mm&r=g\",\"contentUrl\":\"https:\\\/\\\/secure.gravatar.com\\\/avatar\\\/3ea2118a5f7dad2b7138b1187a6b7ee55f160b9968b66013c3a3ef39dd7e5798?s=96&d=mm&r=g\",\"caption\":\"Jeanette\"},\"sameAs\":[\"https:\\\/\\\/www.eldiario.net\\\/portal\"],\"url\":\"https:\\\/\\\/www.eldiario.net\\\/portal\\\/author\\\/jeanette\\\/\"}]}<\/script>\n<!-- \/ Yoast SEO plugin. -->","yoast_head_json":{"title":"Minerales cr\u00edticos en agenda y Bolivia forma parte del debate - El Diario - Bolivia","robots":{"index":"index","follow":"follow","max-snippet":"max-snippet:-1","max-image-preview":"max-image-preview:large","max-video-preview":"max-video-preview:-1"},"canonical":"https:\/\/www.eldiario.net\/portal\/2026\/08\/30\/minerales-criticos-en-agenda-y-bolivia-forma-parte-del-debate\/","og_locale":"es_ES","og_type":"article","og_title":"Minerales cr\u00edticos en agenda y Bolivia forma parte del debate - El Diario - Bolivia","og_description":"Tres autoridades del Ministerio de Miner\u00eda y Metalurgia participaron en Santiago de Chile en un di\u00e1logo regional que re\u00fane a pa\u00edses productores y representantes de Estados Unidos para abordar inversi\u00f3n, gobernanza, sostenibilidad, seguridad del suministro y transparencia. En especial de los minerales cr\u00edticos y el pa\u00eds posee 39 de los mismos. Bolivia fortalece su presencia [&hellip;]","og_url":"https:\/\/www.eldiario.net\/portal\/2026\/08\/30\/minerales-criticos-en-agenda-y-bolivia-forma-parte-del-debate\/","og_site_name":"El Diario - Bolivia","article_publisher":"https:\/\/www.facebook.com\/eldiario.bolivia\/","article_published_time":"2026-08-30T11:04:01+00:00","og_image":[{"width":1638,"height":1229,"url":"https:\/\/www.eldiario.net\/portal\/wp-content\/uploads\/2026\/08\/minerales.webp","type":"image\/webp"}],"author":"Jeanette","twitter_card":"summary_large_image","twitter_creator":"@eldiario_net","twitter_site":"@eldiario_net","twitter_misc":{"Escrito por":"Jeanette","Tiempo de lectura":"4 minutos"},"schema":{"@context":"https:\/\/schema.org","@graph":[{"@type":"Article","@id":"https:\/\/www.eldiario.net\/portal\/2026\/08\/30\/minerales-criticos-en-agenda-y-bolivia-forma-parte-del-debate\/#article","isPartOf":{"@id":"https:\/\/www.eldiario.net\/portal\/2026\/08\/30\/minerales-criticos-en-agenda-y-bolivia-forma-parte-del-debate\/"},"author":{"name":"Jeanette","@id":"https:\/\/www.eldiario.net\/portal\/#\/schema\/person\/f46445640444750d7d753ccd04ae01b7"},"headline":"Minerales cr\u00edticos en agenda y Bolivia forma parte del debate","datePublished":"2026-08-30T11:04:01+00:00","mainEntityOfPage":{"@id":"https:\/\/www.eldiario.net\/portal\/2026\/08\/30\/minerales-criticos-en-agenda-y-bolivia-forma-parte-del-debate\/"},"wordCount":841,"publisher":{"@id":"https:\/\/www.eldiario.net\/portal\/#organization"},"image":{"@id":"https:\/\/www.eldiario.net\/portal\/2026\/08\/30\/minerales-criticos-en-agenda-y-bolivia-forma-parte-del-debate\/#primaryimage"},"thumbnailUrl":"https:\/\/www.eldiario.net\/portal\/wp-content\/uploads\/2026\/08\/minerales.webp","articleSection":["Econom\u00eda"],"inLanguage":"es"},{"@type":"WebPage","@id":"https:\/\/www.eldiario.net\/portal\/2026\/08\/30\/minerales-criticos-en-agenda-y-bolivia-forma-parte-del-debate\/","url":"https:\/\/www.eldiario.net\/portal\/2026\/08\/30\/minerales-criticos-en-agenda-y-bolivia-forma-parte-del-debate\/","name":"Minerales cr\u00edticos en agenda y Bolivia forma parte del debate - El Diario - Bolivia","isPartOf":{"@id":"https:\/\/www.eldiario.net\/portal\/#website"},"primaryImageOfPage":{"@id":"https:\/\/www.eldiario.net\/portal\/2026\/08\/30\/minerales-criticos-en-agenda-y-bolivia-forma-parte-del-debate\/#primaryimage"},"image":{"@id":"https:\/\/www.eldiario.net\/portal\/2026\/08\/30\/minerales-criticos-en-agenda-y-bolivia-forma-parte-del-debate\/#primaryimage"},"thumbnailUrl":"https:\/\/www.eldiario.net\/portal\/wp-content\/uploads\/2026\/08\/minerales.webp","datePublished":"2026-08-30T11:04:01+00:00","breadcrumb":{"@id":"https:\/\/www.eldiario.net\/portal\/2026\/08\/30\/minerales-criticos-en-agenda-y-bolivia-forma-parte-del-debate\/#breadcrumb"},"inLanguage":"es","potentialAction":[{"@type":"ReadAction","target":["https:\/\/www.eldiario.net\/portal\/2026\/08\/30\/minerales-criticos-en-agenda-y-bolivia-forma-parte-del-debate\/"]}]},{"@type":"ImageObject","inLanguage":"es","@id":"https:\/\/www.eldiario.net\/portal\/2026\/08\/30\/minerales-criticos-en-agenda-y-bolivia-forma-parte-del-debate\/#primaryimage","url":"https:\/\/www.eldiario.net\/portal\/wp-content\/uploads\/2026\/08\/minerales.webp","contentUrl":"https:\/\/www.eldiario.net\/portal\/wp-content\/uploads\/2026\/08\/minerales.webp","width":1638,"height":1229,"caption":"Autoridades de Bolivia y representantes de EEUU participaron del encuentro en Chile."},{"@type":"BreadcrumbList","@id":"https:\/\/www.eldiario.net\/portal\/2026\/08\/30\/minerales-criticos-en-agenda-y-bolivia-forma-parte-del-debate\/#breadcrumb","itemListElement":[{"@type":"ListItem","position":1,"name":"Portada","item":"https:\/\/www.eldiario.net\/portal\/"},{"@type":"ListItem","position":2,"name":"Minerales cr\u00edticos en agenda y Bolivia forma parte del debate"}]},{"@type":"WebSite","@id":"https:\/\/www.eldiario.net\/portal\/#website","url":"https:\/\/www.eldiario.net\/portal\/","name":"El Diario - Decano de la prensa nacional","description":"El Diario - Decano de la prensa nacional","publisher":{"@id":"https:\/\/www.eldiario.net\/portal\/#organization"},"potentialAction":[{"@type":"SearchAction","target":{"@type":"EntryPoint","urlTemplate":"https:\/\/www.eldiario.net\/portal\/?s={search_term_string}"},"query-input":{"@type":"PropertyValueSpecification","valueRequired":true,"valueName":"search_term_string"}}],"inLanguage":"es"},{"@type":"Organization","@id":"https:\/\/www.eldiario.net\/portal\/#organization","name":"El Diario - Decano de la prensa nacional","url":"https:\/\/www.eldiario.net\/portal\/","logo":{"@type":"ImageObject","inLanguage":"es","@id":"https:\/\/www.eldiario.net\/portal\/#\/schema\/logo\/image\/","url":"https:\/\/www.eldiario.net\/portal\/wp-content\/uploads\/2023\/07\/logo_ED.jpg","contentUrl":"https:\/\/www.eldiario.net\/portal\/wp-content\/uploads\/2023\/07\/logo_ED.jpg","width":272,"height":52,"caption":"El Diario - Decano de la prensa nacional"},"image":{"@id":"https:\/\/www.eldiario.net\/portal\/#\/schema\/logo\/image\/"},"sameAs":["https:\/\/www.facebook.com\/eldiario.bolivia\/","https:\/\/x.com\/eldiario_net"]},{"@type":"Person","@id":"https:\/\/www.eldiario.net\/portal\/#\/schema\/person\/f46445640444750d7d753ccd04ae01b7","name":"Jeanette","image":{"@type":"ImageObject","inLanguage":"es","@id":"https:\/\/secure.gravatar.com\/avatar\/3ea2118a5f7dad2b7138b1187a6b7ee55f160b9968b66013c3a3ef39dd7e5798?s=96&d=mm&r=g","url":"https:\/\/secure.gravatar.com\/avatar\/3ea2118a5f7dad2b7138b1187a6b7ee55f160b9968b66013c3a3ef39dd7e5798?s=96&d=mm&r=g","contentUrl":"https:\/\/secure.gravatar.com\/avatar\/3ea2118a5f7dad2b7138b1187a6b7ee55f160b9968b66013c3a3ef39dd7e5798?s=96&d=mm&r=g","caption":"Jeanette"},"sameAs":["https:\/\/www.eldiario.net\/portal"],"url":"https:\/\/www.eldiario.net\/portal\/author\/jeanette\/"}]}},"_links":{"self":[{"href":"https:\/\/www.eldiario.net\/portal\/wp-json\/wp\/v2\/posts\/425953","targetHints":{"allow":["GET"]}}],"collection":[{"href":"https:\/\/www.eldiario.net\/portal\/wp-json\/wp\/v2\/posts"}],"about":[{"href":"https:\/\/www.eldiario.net\/portal\/wp-json\/wp\/v2\/types\/post"}],"author":[{"embeddable":true,"href":"https:\/\/www.eldiario.net\/portal\/wp-json\/wp\/v2\/users\/1"}],"replies":[{"embeddable":true,"href":"https:\/\/www.eldiario.net\/portal\/wp-json\/wp\/v2\/comments?post=425953"}],"version-history":[{"count":1,"href":"https:\/\/www.eldiario.net\/portal\/wp-json\/wp\/v2\/posts\/425953\/revisions"}],"predecessor-version":[{"id":425955,"href":"https:\/\/www.eldiario.net\/portal\/wp-json\/wp\/v2\/posts\/425953\/revisions\/425955"}],"wp:featuredmedia":[{"embeddable":true,"href":"https:\/\/www.eldiario.net\/portal\/wp-json\/wp\/v2\/media\/425954"}],"wp:attachment":[{"href":"https:\/\/www.eldiario.net\/portal\/wp-json\/wp\/v2\/media?parent=425953"}],"wp:term":[{"taxonomy":"category","embeddable":true,"href":"https:\/\/www.eldiario.net\/portal\/wp-json\/wp\/v2\/categories?post=425953"},{"taxonomy":"post_tag","embeddable":true,"href":"https:\/\/www.eldiario.net\/portal\/wp-json\/wp\/v2\/tags?post=425953"}],"curies":[{"name":"wp","href":"https:\/\/api.w.org\/{rel}","templated":true}]}}