{"id":425949,"date":"2026-08-30T07:02:27","date_gmt":"2026-08-30T11:02:27","guid":{"rendered":"https:\/\/www.eldiario.net\/portal\/?p=425949"},"modified":"2026-08-30T07:02:27","modified_gmt":"2026-08-30T11:02:27","slug":"bolivia-apuesta-por-el-turismo","status":"publish","type":"post","link":"https:\/\/www.eldiario.net\/portal\/2026\/08\/30\/bolivia-apuesta-por-el-turismo\/","title":{"rendered":"Bolivia apuesta por el turismo"},"content":{"rendered":"<p>El turismo nacional est\u00e1 seriamente afectado. Pasar\u00e1n algunos meses m\u00e1s antes que recupere por lo menos parte de los circuitos en los que estaba integrado. Gobierno y empresarios estamos empe\u00f1ados en apoyar a este sector.<br \/>\nLa Federaci\u00f3n de Empresarios Privados de La Paz remarca su postura de fortalecer la unidad del sector tur\u00edstico y generar nuevas oportunidades de negocio para Bolivia, tanto en el mercado nacional como en el internacional.<br \/>\nEl 19 de este mes se hizo el lanzamiento oficial TIB Bolivia\u2013Turismo Internacional de Negocios, la feria que busca promover nuevas conexiones comerciales y contribuir al desarrollo de la industria tur\u00edstica del pa\u00eds.<br \/>\nEn este acto los representantes del sector ratificaron el compromiso de impulsar el crecimiento de la actividad tur\u00edstica y generar condiciones que permitan aprovechar el potencial que tiene el pa\u00eds como destino, por medio de la promoci\u00f3n de destinos bolivianos.<br \/>\nLos empresarios estamos conscientes de que la unidad del sector tur\u00edstico es indispensable para avanzar en el objetivo de posicionar a Bolivia en el mercado internacional. El lema \u201cBolivia: Intacta, Eterna, Tur\u00edstica\u201d, refleja la apuesta por proyectar al pa\u00eds como un destino con potencial para captar visitantes y nuevas oportunidades de inversi\u00f3n y negocios.<br \/>\nTIB Bolivia es la plataforma comercial internacional m\u00e1s importante del sector tur\u00edstico en nuestro pa\u00eds, que promueve la conexi\u00f3n de consolidadoras, aerol\u00edneas, tour operadoras, cadenas hoteleras, transporte tur\u00edstico, gu\u00edas y profesionales clave del rubro tur\u00edstico con mercados globales y p\u00fablico en general.<br \/>\nLuego del \u00e9xito de la primera versi\u00f3n, TIB Bolivia 2026 se consolida en su segunda edici\u00f3n como el motor que impulsa, transforma y proyecta el crecimiento del turismo boliviano hacia el mundo. La segunda versi\u00f3n ser\u00e1 en La Paz, entre el 22 y 24 de octubre pr\u00f3ximo.<br \/>\nTIB Bolivia 2026 conecta de forma estrat\u00e9gica al sector tur\u00edstico nacional e internacional. Participar en esta segunda edici\u00f3n le permitir\u00e1 posicionar su marca ante mercados globales y acceder a oportunidades exclusivas de crecimiento a trav\u00e9s de sus pilares estrat\u00e9gicos:<br \/>\n&#8211; Networking empresarial libre.- Permite acceder a espacios de interacci\u00f3n directa orientados a entablar relaciones corporativas de largo plazo.<br \/>\n&#8211; Travel market de alto impacto.- Permite participar en dos jornadas exclusivas de intercambio comercial internacional y dinamizar su cartera de clientes.<br \/>\n&#8211; Acuerdos y red de contactos.- Permite ampliar su red de contactos en un entorno empresarial selecto, compuesto por las organizaciones y empresas m\u00e1s reconocidas del sector turismo.<br \/>\n&#8211; Encuentros comerciales.- Optimiza su tiempo mediante citas de negocios preestablecidas, dise\u00f1adas metodol\u00f3gicamente para maximizar la eficiencia y concretar alianzas comerciales de alto valor.<br \/>\nA principios de julio de este a\u00f1o, Juan Lucio, vicepresidente de la C\u00e1mara de Operadores de Turismo, recordaba que nuestro pa\u00eds continuaba enfrentando las consecuencias de las alertas de viaje emitidas durante los bloqueos y que varios pa\u00edses europeos manten\u00edan recomendaciones para que sus ciudadanos eviten viajar al pa\u00eds, salvo que sea estrictamente necesario.<br \/>\nSeg\u00fan explic\u00f3, en esos d\u00edas Inglaterra hab\u00eda retirado esa advertencia y Suiza hizo lo propio d\u00edas antes, pero Espa\u00f1a, Italia y Alemania manten\u00edan sus recomendaciones de precauci\u00f3n, lo que afectaba la llegada de turistas extranjeros.<br \/>\nEstas alertas tienen un efecto directo sobre las agencias y operadores internacionales, que excluyen temporalmente a Bolivia de los paquetes tur\u00edsticos regionales.<br \/>\nY no olvidemos que nuestro pa\u00eds, como dicen en el sector tur\u00edstico, no se vende solo. Generalmente forma parte de circuitos junto con Per\u00fa y Chile.<br \/>\nA pocos d\u00edas de que se suspendieran los bloqueos de caminos, que asolaron al pa\u00eds por casi dos meses, el gobierno puso en marcha un plan anticrisis para apoyar a los sectores tur\u00edstico, cultura y gastronom\u00eda, que contempla la renegociaci\u00f3n de deudas, l\u00edneas de cr\u00e9dito por Bs 800 millones, incentivos para el sector hotelero y una estrategia de promoci\u00f3n internacional para recuperar el turismo receptivo.<br \/>\nEl turismo en Bolivia genera actualmente alrededor de $us 800 millones anuales. En 2024, el gasto tur\u00edstico receptor alcanz\u00f3 $us 739,9 millones, seg\u00fan datos del INE. El Gobierno y los empresarios se han planteado como meta elevar los ingresos del sector hasta $us 3.000 millones, mediante mayor promoci\u00f3n, inversi\u00f3n, calidad, y seguridad.<\/p>\n<p>El autor es Licenciado en Econom\u00eda por la UMSA. Doctorado Ph.D. en Relaciones Internacionales por la Universidad del Salvador (Argentina). Acad\u00e9mico de n\u00famero de la ABCE y presidente de la Federaci\u00f3n de Empresarios Privados de La Paz (FEPLP).<\/p>\n","protected":false},"excerpt":{"rendered":"<p>El turismo nacional est\u00e1 seriamente afectado. Pasar\u00e1n algunos meses m\u00e1s antes que recupere por lo menos parte de los circuitos en los que estaba integrado. Gobierno y empresarios estamos empe\u00f1ados en apoyar a este sector. La Federaci\u00f3n de Empresarios Privados de La Paz remarca su postura de fortalecer la unidad del sector tur\u00edstico y generar [&hellip;]<\/p>\n","protected":false},"author":1,"featured_media":158113,"comment_status":"closed","ping_status":"open","sticky":false,"template":"","format":"standard","meta":{"_acf_changed":false,"footnotes":""},"categories":[9],"tags":[],"class_list":["post-425949","post","type-post","status-publish","format-standard","has-post-thumbnail","category-opinion"],"acf":{"antetitulo":""},"yoast_head":"<!-- This site is optimized with the Yoast SEO plugin v28.3 - https:\/\/yoast.com\/product\/yoast-seo-wordpress\/ -->\n<title>Bolivia apuesta por el turismo - El Diario - Bolivia<\/title>\n<meta name=\"robots\" content=\"index, follow, max-snippet:-1, max-image-preview:large, max-video-preview:-1\" \/>\n<link rel=\"canonical\" href=\"https:\/\/www.eldiario.net\/portal\/2026\/08\/30\/bolivia-apuesta-por-el-turismo\/\" \/>\n<meta property=\"og:locale\" content=\"es_ES\" \/>\n<meta property=\"og:type\" content=\"article\" \/>\n<meta property=\"og:title\" content=\"Bolivia apuesta por el turismo - El Diario - Bolivia\" \/>\n<meta property=\"og:description\" content=\"El turismo nacional est\u00e1 seriamente afectado. Pasar\u00e1n algunos meses m\u00e1s antes que recupere por lo menos parte de los circuitos en los que estaba integrado. Gobierno y empresarios estamos empe\u00f1ados en apoyar a este sector. La Federaci\u00f3n de Empresarios Privados de La Paz remarca su postura de fortalecer la unidad del sector tur\u00edstico y generar [&hellip;]\" \/>\n<meta property=\"og:url\" content=\"https:\/\/www.eldiario.net\/portal\/2026\/08\/30\/bolivia-apuesta-por-el-turismo\/\" \/>\n<meta property=\"og:site_name\" content=\"El Diario - Bolivia\" \/>\n<meta property=\"article:publisher\" content=\"https:\/\/www.facebook.com\/eldiario.bolivia\/\" \/>\n<meta property=\"article:published_time\" content=\"2026-08-30T11:02:27+00:00\" \/>\n<meta property=\"og:image\" content=\"https:\/\/www.eldiario.net\/portal\/wp-content\/uploads\/2023\/06\/Rolando-Kempff-Bacigalupo2.jpg\" \/>\n\t<meta property=\"og:image:width\" content=\"1200\" \/>\n\t<meta property=\"og:image:height\" content=\"628\" \/>\n\t<meta property=\"og:image:type\" content=\"image\/jpeg\" \/>\n<meta name=\"author\" content=\"Jeanette\" \/>\n<meta name=\"twitter:card\" content=\"summary_large_image\" \/>\n<meta name=\"twitter:creator\" content=\"@eldiario_net\" \/>\n<meta name=\"twitter:site\" content=\"@eldiario_net\" \/>\n<meta name=\"twitter:label1\" content=\"Escrito por\" \/>\n\t<meta name=\"twitter:data1\" content=\"Jeanette\" \/>\n\t<meta name=\"twitter:label2\" content=\"Tiempo de lectura\" \/>\n\t<meta name=\"twitter:data2\" content=\"4 minutos\" \/>\n<script type=\"application\/ld+json\" class=\"yoast-schema-graph\">{\"@context\":\"https:\\\/\\\/schema.org\",\"@graph\":[{\"@type\":\"Article\",\"@id\":\"https:\\\/\\\/www.eldiario.net\\\/portal\\\/2026\\\/08\\\/30\\\/bolivia-apuesta-por-el-turismo\\\/#article\",\"isPartOf\":{\"@id\":\"https:\\\/\\\/www.eldiario.net\\\/portal\\\/2026\\\/08\\\/30\\\/bolivia-apuesta-por-el-turismo\\\/\"},\"author\":{\"name\":\"Jeanette\",\"@id\":\"https:\\\/\\\/www.eldiario.net\\\/portal\\\/#\\\/schema\\\/person\\\/f46445640444750d7d753ccd04ae01b7\"},\"headline\":\"Bolivia apuesta por el turismo\",\"datePublished\":\"2026-08-30T11:02:27+00:00\",\"mainEntityOfPage\":{\"@id\":\"https:\\\/\\\/www.eldiario.net\\\/portal\\\/2026\\\/08\\\/30\\\/bolivia-apuesta-por-el-turismo\\\/\"},\"wordCount\":779,\"publisher\":{\"@id\":\"https:\\\/\\\/www.eldiario.net\\\/portal\\\/#organization\"},\"image\":{\"@id\":\"https:\\\/\\\/www.eldiario.net\\\/portal\\\/2026\\\/08\\\/30\\\/bolivia-apuesta-por-el-turismo\\\/#primaryimage\"},\"thumbnailUrl\":\"https:\\\/\\\/www.eldiario.net\\\/portal\\\/wp-content\\\/uploads\\\/2023\\\/06\\\/Rolando-Kempff-Bacigalupo2.jpg\",\"articleSection\":[\"Opini\u00f3n\"],\"inLanguage\":\"es\"},{\"@type\":\"WebPage\",\"@id\":\"https:\\\/\\\/www.eldiario.net\\\/portal\\\/2026\\\/08\\\/30\\\/bolivia-apuesta-por-el-turismo\\\/\",\"url\":\"https:\\\/\\\/www.eldiario.net\\\/portal\\\/2026\\\/08\\\/30\\\/bolivia-apuesta-por-el-turismo\\\/\",\"name\":\"Bolivia apuesta por el turismo - El Diario - Bolivia\",\"isPartOf\":{\"@id\":\"https:\\\/\\\/www.eldiario.net\\\/portal\\\/#website\"},\"primaryImageOfPage\":{\"@id\":\"https:\\\/\\\/www.eldiario.net\\\/portal\\\/2026\\\/08\\\/30\\\/bolivia-apuesta-por-el-turismo\\\/#primaryimage\"},\"image\":{\"@id\":\"https:\\\/\\\/www.eldiario.net\\\/portal\\\/2026\\\/08\\\/30\\\/bolivia-apuesta-por-el-turismo\\\/#primaryimage\"},\"thumbnailUrl\":\"https:\\\/\\\/www.eldiario.net\\\/portal\\\/wp-content\\\/uploads\\\/2023\\\/06\\\/Rolando-Kempff-Bacigalupo2.jpg\",\"datePublished\":\"2026-08-30T11:02:27+00:00\",\"breadcrumb\":{\"@id\":\"https:\\\/\\\/www.eldiario.net\\\/portal\\\/2026\\\/08\\\/30\\\/bolivia-apuesta-por-el-turismo\\\/#breadcrumb\"},\"inLanguage\":\"es\",\"potentialAction\":[{\"@type\":\"ReadAction\",\"target\":[\"https:\\\/\\\/www.eldiario.net\\\/portal\\\/2026\\\/08\\\/30\\\/bolivia-apuesta-por-el-turismo\\\/\"]}]},{\"@type\":\"ImageObject\",\"inLanguage\":\"es\",\"@id\":\"https:\\\/\\\/www.eldiario.net\\\/portal\\\/2026\\\/08\\\/30\\\/bolivia-apuesta-por-el-turismo\\\/#primaryimage\",\"url\":\"https:\\\/\\\/www.eldiario.net\\\/portal\\\/wp-content\\\/uploads\\\/2023\\\/06\\\/Rolando-Kempff-Bacigalupo2.jpg\",\"contentUrl\":\"https:\\\/\\\/www.eldiario.net\\\/portal\\\/wp-content\\\/uploads\\\/2023\\\/06\\\/Rolando-Kempff-Bacigalupo2.jpg\",\"width\":1200,\"height\":628},{\"@type\":\"BreadcrumbList\",\"@id\":\"https:\\\/\\\/www.eldiario.net\\\/portal\\\/2026\\\/08\\\/30\\\/bolivia-apuesta-por-el-turismo\\\/#breadcrumb\",\"itemListElement\":[{\"@type\":\"ListItem\",\"position\":1,\"name\":\"Portada\",\"item\":\"https:\\\/\\\/www.eldiario.net\\\/portal\\\/\"},{\"@type\":\"ListItem\",\"position\":2,\"name\":\"Bolivia apuesta por el turismo\"}]},{\"@type\":\"WebSite\",\"@id\":\"https:\\\/\\\/www.eldiario.net\\\/portal\\\/#website\",\"url\":\"https:\\\/\\\/www.eldiario.net\\\/portal\\\/\",\"name\":\"El Diario - Decano de la prensa nacional\",\"description\":\"El Diario - Decano de la prensa nacional\",\"publisher\":{\"@id\":\"https:\\\/\\\/www.eldiario.net\\\/portal\\\/#organization\"},\"potentialAction\":[{\"@type\":\"SearchAction\",\"target\":{\"@type\":\"EntryPoint\",\"urlTemplate\":\"https:\\\/\\\/www.eldiario.net\\\/portal\\\/?s={search_term_string}\"},\"query-input\":{\"@type\":\"PropertyValueSpecification\",\"valueRequired\":true,\"valueName\":\"search_term_string\"}}],\"inLanguage\":\"es\"},{\"@type\":\"Organization\",\"@id\":\"https:\\\/\\\/www.eldiario.net\\\/portal\\\/#organization\",\"name\":\"El Diario - Decano de la prensa nacional\",\"url\":\"https:\\\/\\\/www.eldiario.net\\\/portal\\\/\",\"logo\":{\"@type\":\"ImageObject\",\"inLanguage\":\"es\",\"@id\":\"https:\\\/\\\/www.eldiario.net\\\/portal\\\/#\\\/schema\\\/logo\\\/image\\\/\",\"url\":\"https:\\\/\\\/www.eldiario.net\\\/portal\\\/wp-content\\\/uploads\\\/2023\\\/07\\\/logo_ED.jpg\",\"contentUrl\":\"https:\\\/\\\/www.eldiario.net\\\/portal\\\/wp-content\\\/uploads\\\/2023\\\/07\\\/logo_ED.jpg\",\"width\":272,\"height\":52,\"caption\":\"El Diario - Decano de la prensa nacional\"},\"image\":{\"@id\":\"https:\\\/\\\/www.eldiario.net\\\/portal\\\/#\\\/schema\\\/logo\\\/image\\\/\"},\"sameAs\":[\"https:\\\/\\\/www.facebook.com\\\/eldiario.bolivia\\\/\",\"https:\\\/\\\/x.com\\\/eldiario_net\"]},{\"@type\":\"Person\",\"@id\":\"https:\\\/\\\/www.eldiario.net\\\/portal\\\/#\\\/schema\\\/person\\\/f46445640444750d7d753ccd04ae01b7\",\"name\":\"Jeanette\",\"image\":{\"@type\":\"ImageObject\",\"inLanguage\":\"es\",\"@id\":\"https:\\\/\\\/secure.gravatar.com\\\/avatar\\\/3ea2118a5f7dad2b7138b1187a6b7ee55f160b9968b66013c3a3ef39dd7e5798?s=96&d=mm&r=g\",\"url\":\"https:\\\/\\\/secure.gravatar.com\\\/avatar\\\/3ea2118a5f7dad2b7138b1187a6b7ee55f160b9968b66013c3a3ef39dd7e5798?s=96&d=mm&r=g\",\"contentUrl\":\"https:\\\/\\\/secure.gravatar.com\\\/avatar\\\/3ea2118a5f7dad2b7138b1187a6b7ee55f160b9968b66013c3a3ef39dd7e5798?s=96&d=mm&r=g\",\"caption\":\"Jeanette\"},\"sameAs\":[\"https:\\\/\\\/www.eldiario.net\\\/portal\"],\"url\":\"https:\\\/\\\/www.eldiario.net\\\/portal\\\/author\\\/jeanette\\\/\"}]}<\/script>\n<!-- \/ Yoast SEO plugin. -->","yoast_head_json":{"title":"Bolivia apuesta por el turismo - El Diario - Bolivia","robots":{"index":"index","follow":"follow","max-snippet":"max-snippet:-1","max-image-preview":"max-image-preview:large","max-video-preview":"max-video-preview:-1"},"canonical":"https:\/\/www.eldiario.net\/portal\/2026\/08\/30\/bolivia-apuesta-por-el-turismo\/","og_locale":"es_ES","og_type":"article","og_title":"Bolivia apuesta por el turismo - El Diario - Bolivia","og_description":"El turismo nacional est\u00e1 seriamente afectado. Pasar\u00e1n algunos meses m\u00e1s antes que recupere por lo menos parte de los circuitos en los que estaba integrado. Gobierno y empresarios estamos empe\u00f1ados en apoyar a este sector. La Federaci\u00f3n de Empresarios Privados de La Paz remarca su postura de fortalecer la unidad del sector tur\u00edstico y generar [&hellip;]","og_url":"https:\/\/www.eldiario.net\/portal\/2026\/08\/30\/bolivia-apuesta-por-el-turismo\/","og_site_name":"El Diario - Bolivia","article_publisher":"https:\/\/www.facebook.com\/eldiario.bolivia\/","article_published_time":"2026-08-30T11:02:27+00:00","og_image":[{"width":1200,"height":628,"url":"https:\/\/www.eldiario.net\/portal\/wp-content\/uploads\/2023\/06\/Rolando-Kempff-Bacigalupo2.jpg","type":"image\/jpeg"}],"author":"Jeanette","twitter_card":"summary_large_image","twitter_creator":"@eldiario_net","twitter_site":"@eldiario_net","twitter_misc":{"Escrito por":"Jeanette","Tiempo de lectura":"4 minutos"},"schema":{"@context":"https:\/\/schema.org","@graph":[{"@type":"Article","@id":"https:\/\/www.eldiario.net\/portal\/2026\/08\/30\/bolivia-apuesta-por-el-turismo\/#article","isPartOf":{"@id":"https:\/\/www.eldiario.net\/portal\/2026\/08\/30\/bolivia-apuesta-por-el-turismo\/"},"author":{"name":"Jeanette","@id":"https:\/\/www.eldiario.net\/portal\/#\/schema\/person\/f46445640444750d7d753ccd04ae01b7"},"headline":"Bolivia apuesta por el turismo","datePublished":"2026-08-30T11:02:27+00:00","mainEntityOfPage":{"@id":"https:\/\/www.eldiario.net\/portal\/2026\/08\/30\/bolivia-apuesta-por-el-turismo\/"},"wordCount":779,"publisher":{"@id":"https:\/\/www.eldiario.net\/portal\/#organization"},"image":{"@id":"https:\/\/www.eldiario.net\/portal\/2026\/08\/30\/bolivia-apuesta-por-el-turismo\/#primaryimage"},"thumbnailUrl":"https:\/\/www.eldiario.net\/portal\/wp-content\/uploads\/2023\/06\/Rolando-Kempff-Bacigalupo2.jpg","articleSection":["Opini\u00f3n"],"inLanguage":"es"},{"@type":"WebPage","@id":"https:\/\/www.eldiario.net\/portal\/2026\/08\/30\/bolivia-apuesta-por-el-turismo\/","url":"https:\/\/www.eldiario.net\/portal\/2026\/08\/30\/bolivia-apuesta-por-el-turismo\/","name":"Bolivia apuesta por el turismo - El Diario - Bolivia","isPartOf":{"@id":"https:\/\/www.eldiario.net\/portal\/#website"},"primaryImageOfPage":{"@id":"https:\/\/www.eldiario.net\/portal\/2026\/08\/30\/bolivia-apuesta-por-el-turismo\/#primaryimage"},"image":{"@id":"https:\/\/www.eldiario.net\/portal\/2026\/08\/30\/bolivia-apuesta-por-el-turismo\/#primaryimage"},"thumbnailUrl":"https:\/\/www.eldiario.net\/portal\/wp-content\/uploads\/2023\/06\/Rolando-Kempff-Bacigalupo2.jpg","datePublished":"2026-08-30T11:02:27+00:00","breadcrumb":{"@id":"https:\/\/www.eldiario.net\/portal\/2026\/08\/30\/bolivia-apuesta-por-el-turismo\/#breadcrumb"},"inLanguage":"es","potentialAction":[{"@type":"ReadAction","target":["https:\/\/www.eldiario.net\/portal\/2026\/08\/30\/bolivia-apuesta-por-el-turismo\/"]}]},{"@type":"ImageObject","inLanguage":"es","@id":"https:\/\/www.eldiario.net\/portal\/2026\/08\/30\/bolivia-apuesta-por-el-turismo\/#primaryimage","url":"https:\/\/www.eldiario.net\/portal\/wp-content\/uploads\/2023\/06\/Rolando-Kempff-Bacigalupo2.jpg","contentUrl":"https:\/\/www.eldiario.net\/portal\/wp-content\/uploads\/2023\/06\/Rolando-Kempff-Bacigalupo2.jpg","width":1200,"height":628},{"@type":"BreadcrumbList","@id":"https:\/\/www.eldiario.net\/portal\/2026\/08\/30\/bolivia-apuesta-por-el-turismo\/#breadcrumb","itemListElement":[{"@type":"ListItem","position":1,"name":"Portada","item":"https:\/\/www.eldiario.net\/portal\/"},{"@type":"ListItem","position":2,"name":"Bolivia apuesta por el turismo"}]},{"@type":"WebSite","@id":"https:\/\/www.eldiario.net\/portal\/#website","url":"https:\/\/www.eldiario.net\/portal\/","name":"El Diario - Decano de la prensa nacional","description":"El Diario - Decano de la prensa nacional","publisher":{"@id":"https:\/\/www.eldiario.net\/portal\/#organization"},"potentialAction":[{"@type":"SearchAction","target":{"@type":"EntryPoint","urlTemplate":"https:\/\/www.eldiario.net\/portal\/?s={search_term_string}"},"query-input":{"@type":"PropertyValueSpecification","valueRequired":true,"valueName":"search_term_string"}}],"inLanguage":"es"},{"@type":"Organization","@id":"https:\/\/www.eldiario.net\/portal\/#organization","name":"El Diario - Decano de la prensa nacional","url":"https:\/\/www.eldiario.net\/portal\/","logo":{"@type":"ImageObject","inLanguage":"es","@id":"https:\/\/www.eldiario.net\/portal\/#\/schema\/logo\/image\/","url":"https:\/\/www.eldiario.net\/portal\/wp-content\/uploads\/2023\/07\/logo_ED.jpg","contentUrl":"https:\/\/www.eldiario.net\/portal\/wp-content\/uploads\/2023\/07\/logo_ED.jpg","width":272,"height":52,"caption":"El Diario - Decano de la prensa nacional"},"image":{"@id":"https:\/\/www.eldiario.net\/portal\/#\/schema\/logo\/image\/"},"sameAs":["https:\/\/www.facebook.com\/eldiario.bolivia\/","https:\/\/x.com\/eldiario_net"]},{"@type":"Person","@id":"https:\/\/www.eldiario.net\/portal\/#\/schema\/person\/f46445640444750d7d753ccd04ae01b7","name":"Jeanette","image":{"@type":"ImageObject","inLanguage":"es","@id":"https:\/\/secure.gravatar.com\/avatar\/3ea2118a5f7dad2b7138b1187a6b7ee55f160b9968b66013c3a3ef39dd7e5798?s=96&d=mm&r=g","url":"https:\/\/secure.gravatar.com\/avatar\/3ea2118a5f7dad2b7138b1187a6b7ee55f160b9968b66013c3a3ef39dd7e5798?s=96&d=mm&r=g","contentUrl":"https:\/\/secure.gravatar.com\/avatar\/3ea2118a5f7dad2b7138b1187a6b7ee55f160b9968b66013c3a3ef39dd7e5798?s=96&d=mm&r=g","caption":"Jeanette"},"sameAs":["https:\/\/www.eldiario.net\/portal"],"url":"https:\/\/www.eldiario.net\/portal\/author\/jeanette\/"}]}},"_links":{"self":[{"href":"https:\/\/www.eldiario.net\/portal\/wp-json\/wp\/v2\/posts\/425949","targetHints":{"allow":["GET"]}}],"collection":[{"href":"https:\/\/www.eldiario.net\/portal\/wp-json\/wp\/v2\/posts"}],"about":[{"href":"https:\/\/www.eldiario.net\/portal\/wp-json\/wp\/v2\/types\/post"}],"author":[{"embeddable":true,"href":"https:\/\/www.eldiario.net\/portal\/wp-json\/wp\/v2\/users\/1"}],"replies":[{"embeddable":true,"href":"https:\/\/www.eldiario.net\/portal\/wp-json\/wp\/v2\/comments?post=425949"}],"version-history":[{"count":1,"href":"https:\/\/www.eldiario.net\/portal\/wp-json\/wp\/v2\/posts\/425949\/revisions"}],"predecessor-version":[{"id":425950,"href":"https:\/\/www.eldiario.net\/portal\/wp-json\/wp\/v2\/posts\/425949\/revisions\/425950"}],"wp:featuredmedia":[{"embeddable":true,"href":"https:\/\/www.eldiario.net\/portal\/wp-json\/wp\/v2\/media\/158113"}],"wp:attachment":[{"href":"https:\/\/www.eldiario.net\/portal\/wp-json\/wp\/v2\/media?parent=425949"}],"wp:term":[{"taxonomy":"category","embeddable":true,"href":"https:\/\/www.eldiario.net\/portal\/wp-json\/wp\/v2\/categories?post=425949"},{"taxonomy":"post_tag","embeddable":true,"href":"https:\/\/www.eldiario.net\/portal\/wp-json\/wp\/v2\/tags?post=425949"}],"curies":[{"name":"wp","href":"https:\/\/api.w.org\/{rel}","templated":true}]}}