{"id":425940,"date":"2026-08-30T07:00:00","date_gmt":"2026-08-30T11:00:00","guid":{"rendered":"https:\/\/www.eldiario.net\/portal\/?p=425940"},"modified":"2026-08-30T07:00:00","modified_gmt":"2026-08-30T11:00:00","slug":"diesel-la-sangre-del-aparato-productivo-boliviano","status":"publish","type":"post","link":"https:\/\/www.eldiario.net\/portal\/2026\/08\/30\/diesel-la-sangre-del-aparato-productivo-boliviano\/","title":{"rendered":"Di\u00e9sel, la sangre del aparato productivo boliviano"},"content":{"rendered":"<p><em>El di\u00e9sel es la sangre que hace funcionar el aparato productivo de Bolivia. Sin este combustible, los tractores en el oriente se detienen, el transporte pesado se paraliza y el abastecimiento b\u00e1sico colapsa. Sin di\u00e9sel, igual que sin gasolina, los precios comienzan a subir en una espiral sin t\u00e9rmino y la gente m\u00e1s pobre comienza a sufrir m\u00e1s todav\u00eda. Hoy, el pa\u00eds vive una agon\u00eda energ\u00e9tica debido a la inoperancia cr\u00f3nica de un Gobierno incapaz de garantizar el suministro b\u00e1sico, sumiendo a la econom\u00eda en la incertidumbre y las filas interminables.<\/em><br \/>\n<em>La escasez no es un accidente de tr\u00e1nsito; es el resultado directo de una gesti\u00f3n gubernamental ineficiente. Mientras los productores ven perderse sus cosechas y los transportistas pierden d\u00edas en las carreteras, el aparato estatal se muestra lento, reactivo y asfixiado por la burocracia. Para colmo de males, este escenario de desabastecimiento ya se encuentra salpicado por graves denuncias de corrupci\u00f3n, desv\u00edo de combustible y negociados oscuros que solo enriquecen a unos cuantos a costa del sacrificio de todo un pueblo.<\/em><br \/>\n<em>Es importante darse cuenta de que el motor del desarrollo boliviano, hoy en Santa Cruz, no puede operar sin di\u00e9sel, y que sin \u00e9l est\u00e1 garantizado el colapso econ\u00f3mico del pa\u00eds. Ante este escenario, lo que cabe racionalmente reclamar al gobierno es el recorte del gasto p\u00fablico y el cierre de las empresas deficitarias, para que con ese dinero malgastado se compre carburantes.<\/em><br \/>\n<em>La crisis del di\u00e9sel es solo el s\u00edntoma visible de una enfermedad mucho m\u00e1s profunda: el fin de la era del gas. Bolivia, que alguna vez se jact\u00f3 de ser el \u201ccoraz\u00f3n energ\u00e9tico\u201d de Sudam\u00e9rica, hoy enfrenta una realidad devastadora, pues en los siguientes a\u00f1os los bolivianos podr\u00edan comenzar a cocinar con le\u00f1a y sufrir cortes de electricidad. La falta de exploraci\u00f3n real y la p\u00e9sima administraci\u00f3n de nuestros recursos hidrocarbur\u00edferos durante los a\u00f1os de la llamada Revoluci\u00f3n Democr\u00e1tica y Cultural nos han conducido al borde del abismo. El gas se agota, las exportaciones caen y los ingresos estatales se desploman, oblig\u00e1ndonos a importar combustibles caros que ya no podemos pagar.<\/em><br \/>\n<em>Es urgente un cambio de tim\u00f3n radical. No se puede seguir gobernando con parches temporales ni ret\u00f3rica populista. Si el Gobierno actual no asume su responsabilidad, extirpa la corrupci\u00f3n de ra\u00edz y libera las fuerzas productivas permitiendo la libre importaci\u00f3n y comercializaci\u00f3n, el motor de Bolivia terminar\u00e1 por fundirse por completo y el grueso de la poblaci\u00f3n comenzar\u00e1 a tomar medidas radicales, que podr\u00edan terminar en hechos violentos, como ya es usual en Bolivia. <\/em><br \/>\n<em>El tiempo se est\u00e1 agotando. Falta solamente la voluntad pol\u00edtica del gobierno de Paz Pereira, que seguramente no desea despedir a supernumerarios o teme aplicar ciertas medidas de shock. Si estas medidas no son aplicadas ahora, otro gobierno, sin muchos reparos de ser de izquierda o de derecha, si quiere salvar a Bolivia del abismo, las aplicar\u00e1 en el futuro pr\u00f3ximo.<\/em><\/p>\n","protected":false},"excerpt":{"rendered":"<p>El di\u00e9sel es la sangre que hace funcionar el aparato productivo de Bolivia. Sin este combustible, los tractores en el oriente se detienen, el transporte pesado se paraliza y el abastecimiento b\u00e1sico colapsa. Sin di\u00e9sel, igual que sin gasolina, los precios comienzan a subir en una espiral sin t\u00e9rmino y la gente m\u00e1s pobre comienza [&hellip;]<\/p>\n","protected":false},"author":1,"featured_media":194776,"comment_status":"closed","ping_status":"open","sticky":false,"template":"","format":"standard","meta":{"_acf_changed":false,"footnotes":""},"categories":[4],"tags":[],"class_list":["post-425940","post","type-post","status-publish","format-standard","has-post-thumbnail","category-editorial"],"acf":{"antetitulo":""},"yoast_head":"<!-- This site is optimized with the Yoast SEO plugin v28.3 - https:\/\/yoast.com\/product\/yoast-seo-wordpress\/ -->\n<title>Di\u00e9sel, la sangre del aparato productivo boliviano - El Diario - Bolivia<\/title>\n<meta name=\"robots\" content=\"index, follow, max-snippet:-1, max-image-preview:large, max-video-preview:-1\" \/>\n<link rel=\"canonical\" href=\"https:\/\/www.eldiario.net\/portal\/2026\/08\/30\/diesel-la-sangre-del-aparato-productivo-boliviano\/\" \/>\n<meta property=\"og:locale\" content=\"es_ES\" \/>\n<meta property=\"og:type\" content=\"article\" \/>\n<meta property=\"og:title\" content=\"Di\u00e9sel, la sangre del aparato productivo boliviano - El Diario - Bolivia\" \/>\n<meta property=\"og:description\" content=\"El di\u00e9sel es la sangre que hace funcionar el aparato productivo de Bolivia. Sin este combustible, los tractores en el oriente se detienen, el transporte pesado se paraliza y el abastecimiento b\u00e1sico colapsa. Sin di\u00e9sel, igual que sin gasolina, los precios comienzan a subir en una espiral sin t\u00e9rmino y la gente m\u00e1s pobre comienza [&hellip;]\" \/>\n<meta property=\"og:url\" content=\"https:\/\/www.eldiario.net\/portal\/2026\/08\/30\/diesel-la-sangre-del-aparato-productivo-boliviano\/\" \/>\n<meta property=\"og:site_name\" content=\"El Diario - Bolivia\" \/>\n<meta property=\"article:publisher\" content=\"https:\/\/www.facebook.com\/eldiario.bolivia\/\" \/>\n<meta property=\"article:published_time\" content=\"2026-08-30T11:00:00+00:00\" \/>\n<meta property=\"og:image\" content=\"https:\/\/www.eldiario.net\/portal\/wp-content\/uploads\/2023\/12\/Editorial.jpg\" \/>\n\t<meta property=\"og:image:width\" content=\"800\" \/>\n\t<meta property=\"og:image:height\" content=\"500\" \/>\n\t<meta property=\"og:image:type\" content=\"image\/jpeg\" \/>\n<meta name=\"author\" content=\"Jeanette\" \/>\n<meta name=\"twitter:card\" content=\"summary_large_image\" \/>\n<meta name=\"twitter:creator\" content=\"@eldiario_net\" \/>\n<meta name=\"twitter:site\" content=\"@eldiario_net\" \/>\n<meta name=\"twitter:label1\" content=\"Escrito por\" \/>\n\t<meta name=\"twitter:data1\" content=\"Jeanette\" \/>\n\t<meta name=\"twitter:label2\" content=\"Tiempo de lectura\" \/>\n\t<meta name=\"twitter:data2\" content=\"3 minutos\" \/>\n<script type=\"application\/ld+json\" class=\"yoast-schema-graph\">{\"@context\":\"https:\\\/\\\/schema.org\",\"@graph\":[{\"@type\":\"Article\",\"@id\":\"https:\\\/\\\/www.eldiario.net\\\/portal\\\/2026\\\/08\\\/30\\\/diesel-la-sangre-del-aparato-productivo-boliviano\\\/#article\",\"isPartOf\":{\"@id\":\"https:\\\/\\\/www.eldiario.net\\\/portal\\\/2026\\\/08\\\/30\\\/diesel-la-sangre-del-aparato-productivo-boliviano\\\/\"},\"author\":{\"name\":\"Jeanette\",\"@id\":\"https:\\\/\\\/www.eldiario.net\\\/portal\\\/#\\\/schema\\\/person\\\/f46445640444750d7d753ccd04ae01b7\"},\"headline\":\"Di\u00e9sel, la sangre del aparato productivo boliviano\",\"datePublished\":\"2026-08-30T11:00:00+00:00\",\"mainEntityOfPage\":{\"@id\":\"https:\\\/\\\/www.eldiario.net\\\/portal\\\/2026\\\/08\\\/30\\\/diesel-la-sangre-del-aparato-productivo-boliviano\\\/\"},\"wordCount\":538,\"publisher\":{\"@id\":\"https:\\\/\\\/www.eldiario.net\\\/portal\\\/#organization\"},\"image\":{\"@id\":\"https:\\\/\\\/www.eldiario.net\\\/portal\\\/2026\\\/08\\\/30\\\/diesel-la-sangre-del-aparato-productivo-boliviano\\\/#primaryimage\"},\"thumbnailUrl\":\"https:\\\/\\\/www.eldiario.net\\\/portal\\\/wp-content\\\/uploads\\\/2023\\\/12\\\/Editorial.jpg\",\"articleSection\":[\"Editorial\"],\"inLanguage\":\"es\"},{\"@type\":\"WebPage\",\"@id\":\"https:\\\/\\\/www.eldiario.net\\\/portal\\\/2026\\\/08\\\/30\\\/diesel-la-sangre-del-aparato-productivo-boliviano\\\/\",\"url\":\"https:\\\/\\\/www.eldiario.net\\\/portal\\\/2026\\\/08\\\/30\\\/diesel-la-sangre-del-aparato-productivo-boliviano\\\/\",\"name\":\"Di\u00e9sel, la sangre del aparato productivo boliviano - El Diario - Bolivia\",\"isPartOf\":{\"@id\":\"https:\\\/\\\/www.eldiario.net\\\/portal\\\/#website\"},\"primaryImageOfPage\":{\"@id\":\"https:\\\/\\\/www.eldiario.net\\\/portal\\\/2026\\\/08\\\/30\\\/diesel-la-sangre-del-aparato-productivo-boliviano\\\/#primaryimage\"},\"image\":{\"@id\":\"https:\\\/\\\/www.eldiario.net\\\/portal\\\/2026\\\/08\\\/30\\\/diesel-la-sangre-del-aparato-productivo-boliviano\\\/#primaryimage\"},\"thumbnailUrl\":\"https:\\\/\\\/www.eldiario.net\\\/portal\\\/wp-content\\\/uploads\\\/2023\\\/12\\\/Editorial.jpg\",\"datePublished\":\"2026-08-30T11:00:00+00:00\",\"breadcrumb\":{\"@id\":\"https:\\\/\\\/www.eldiario.net\\\/portal\\\/2026\\\/08\\\/30\\\/diesel-la-sangre-del-aparato-productivo-boliviano\\\/#breadcrumb\"},\"inLanguage\":\"es\",\"potentialAction\":[{\"@type\":\"ReadAction\",\"target\":[\"https:\\\/\\\/www.eldiario.net\\\/portal\\\/2026\\\/08\\\/30\\\/diesel-la-sangre-del-aparato-productivo-boliviano\\\/\"]}]},{\"@type\":\"ImageObject\",\"inLanguage\":\"es\",\"@id\":\"https:\\\/\\\/www.eldiario.net\\\/portal\\\/2026\\\/08\\\/30\\\/diesel-la-sangre-del-aparato-productivo-boliviano\\\/#primaryimage\",\"url\":\"https:\\\/\\\/www.eldiario.net\\\/portal\\\/wp-content\\\/uploads\\\/2023\\\/12\\\/Editorial.jpg\",\"contentUrl\":\"https:\\\/\\\/www.eldiario.net\\\/portal\\\/wp-content\\\/uploads\\\/2023\\\/12\\\/Editorial.jpg\",\"width\":800,\"height\":500},{\"@type\":\"BreadcrumbList\",\"@id\":\"https:\\\/\\\/www.eldiario.net\\\/portal\\\/2026\\\/08\\\/30\\\/diesel-la-sangre-del-aparato-productivo-boliviano\\\/#breadcrumb\",\"itemListElement\":[{\"@type\":\"ListItem\",\"position\":1,\"name\":\"Portada\",\"item\":\"https:\\\/\\\/www.eldiario.net\\\/portal\\\/\"},{\"@type\":\"ListItem\",\"position\":2,\"name\":\"Di\u00e9sel, la sangre del aparato productivo boliviano\"}]},{\"@type\":\"WebSite\",\"@id\":\"https:\\\/\\\/www.eldiario.net\\\/portal\\\/#website\",\"url\":\"https:\\\/\\\/www.eldiario.net\\\/portal\\\/\",\"name\":\"El Diario - Decano de la prensa nacional\",\"description\":\"El Diario - Decano de la prensa nacional\",\"publisher\":{\"@id\":\"https:\\\/\\\/www.eldiario.net\\\/portal\\\/#organization\"},\"potentialAction\":[{\"@type\":\"SearchAction\",\"target\":{\"@type\":\"EntryPoint\",\"urlTemplate\":\"https:\\\/\\\/www.eldiario.net\\\/portal\\\/?s={search_term_string}\"},\"query-input\":{\"@type\":\"PropertyValueSpecification\",\"valueRequired\":true,\"valueName\":\"search_term_string\"}}],\"inLanguage\":\"es\"},{\"@type\":\"Organization\",\"@id\":\"https:\\\/\\\/www.eldiario.net\\\/portal\\\/#organization\",\"name\":\"El Diario - Decano de la prensa nacional\",\"url\":\"https:\\\/\\\/www.eldiario.net\\\/portal\\\/\",\"logo\":{\"@type\":\"ImageObject\",\"inLanguage\":\"es\",\"@id\":\"https:\\\/\\\/www.eldiario.net\\\/portal\\\/#\\\/schema\\\/logo\\\/image\\\/\",\"url\":\"https:\\\/\\\/www.eldiario.net\\\/portal\\\/wp-content\\\/uploads\\\/2023\\\/07\\\/logo_ED.jpg\",\"contentUrl\":\"https:\\\/\\\/www.eldiario.net\\\/portal\\\/wp-content\\\/uploads\\\/2023\\\/07\\\/logo_ED.jpg\",\"width\":272,\"height\":52,\"caption\":\"El Diario - Decano de la prensa nacional\"},\"image\":{\"@id\":\"https:\\\/\\\/www.eldiario.net\\\/portal\\\/#\\\/schema\\\/logo\\\/image\\\/\"},\"sameAs\":[\"https:\\\/\\\/www.facebook.com\\\/eldiario.bolivia\\\/\",\"https:\\\/\\\/x.com\\\/eldiario_net\"]},{\"@type\":\"Person\",\"@id\":\"https:\\\/\\\/www.eldiario.net\\\/portal\\\/#\\\/schema\\\/person\\\/f46445640444750d7d753ccd04ae01b7\",\"name\":\"Jeanette\",\"image\":{\"@type\":\"ImageObject\",\"inLanguage\":\"es\",\"@id\":\"https:\\\/\\\/secure.gravatar.com\\\/avatar\\\/3ea2118a5f7dad2b7138b1187a6b7ee55f160b9968b66013c3a3ef39dd7e5798?s=96&d=mm&r=g\",\"url\":\"https:\\\/\\\/secure.gravatar.com\\\/avatar\\\/3ea2118a5f7dad2b7138b1187a6b7ee55f160b9968b66013c3a3ef39dd7e5798?s=96&d=mm&r=g\",\"contentUrl\":\"https:\\\/\\\/secure.gravatar.com\\\/avatar\\\/3ea2118a5f7dad2b7138b1187a6b7ee55f160b9968b66013c3a3ef39dd7e5798?s=96&d=mm&r=g\",\"caption\":\"Jeanette\"},\"sameAs\":[\"https:\\\/\\\/www.eldiario.net\\\/portal\"],\"url\":\"https:\\\/\\\/www.eldiario.net\\\/portal\\\/author\\\/jeanette\\\/\"}]}<\/script>\n<!-- \/ Yoast SEO plugin. -->","yoast_head_json":{"title":"Di\u00e9sel, la sangre del aparato productivo boliviano - El Diario - Bolivia","robots":{"index":"index","follow":"follow","max-snippet":"max-snippet:-1","max-image-preview":"max-image-preview:large","max-video-preview":"max-video-preview:-1"},"canonical":"https:\/\/www.eldiario.net\/portal\/2026\/08\/30\/diesel-la-sangre-del-aparato-productivo-boliviano\/","og_locale":"es_ES","og_type":"article","og_title":"Di\u00e9sel, la sangre del aparato productivo boliviano - El Diario - Bolivia","og_description":"El di\u00e9sel es la sangre que hace funcionar el aparato productivo de Bolivia. Sin este combustible, los tractores en el oriente se detienen, el transporte pesado se paraliza y el abastecimiento b\u00e1sico colapsa. Sin di\u00e9sel, igual que sin gasolina, los precios comienzan a subir en una espiral sin t\u00e9rmino y la gente m\u00e1s pobre comienza [&hellip;]","og_url":"https:\/\/www.eldiario.net\/portal\/2026\/08\/30\/diesel-la-sangre-del-aparato-productivo-boliviano\/","og_site_name":"El Diario - Bolivia","article_publisher":"https:\/\/www.facebook.com\/eldiario.bolivia\/","article_published_time":"2026-08-30T11:00:00+00:00","og_image":[{"width":800,"height":500,"url":"https:\/\/www.eldiario.net\/portal\/wp-content\/uploads\/2023\/12\/Editorial.jpg","type":"image\/jpeg"}],"author":"Jeanette","twitter_card":"summary_large_image","twitter_creator":"@eldiario_net","twitter_site":"@eldiario_net","twitter_misc":{"Escrito por":"Jeanette","Tiempo de lectura":"3 minutos"},"schema":{"@context":"https:\/\/schema.org","@graph":[{"@type":"Article","@id":"https:\/\/www.eldiario.net\/portal\/2026\/08\/30\/diesel-la-sangre-del-aparato-productivo-boliviano\/#article","isPartOf":{"@id":"https:\/\/www.eldiario.net\/portal\/2026\/08\/30\/diesel-la-sangre-del-aparato-productivo-boliviano\/"},"author":{"name":"Jeanette","@id":"https:\/\/www.eldiario.net\/portal\/#\/schema\/person\/f46445640444750d7d753ccd04ae01b7"},"headline":"Di\u00e9sel, la sangre del aparato productivo boliviano","datePublished":"2026-08-30T11:00:00+00:00","mainEntityOfPage":{"@id":"https:\/\/www.eldiario.net\/portal\/2026\/08\/30\/diesel-la-sangre-del-aparato-productivo-boliviano\/"},"wordCount":538,"publisher":{"@id":"https:\/\/www.eldiario.net\/portal\/#organization"},"image":{"@id":"https:\/\/www.eldiario.net\/portal\/2026\/08\/30\/diesel-la-sangre-del-aparato-productivo-boliviano\/#primaryimage"},"thumbnailUrl":"https:\/\/www.eldiario.net\/portal\/wp-content\/uploads\/2023\/12\/Editorial.jpg","articleSection":["Editorial"],"inLanguage":"es"},{"@type":"WebPage","@id":"https:\/\/www.eldiario.net\/portal\/2026\/08\/30\/diesel-la-sangre-del-aparato-productivo-boliviano\/","url":"https:\/\/www.eldiario.net\/portal\/2026\/08\/30\/diesel-la-sangre-del-aparato-productivo-boliviano\/","name":"Di\u00e9sel, la sangre del aparato productivo boliviano - El Diario - Bolivia","isPartOf":{"@id":"https:\/\/www.eldiario.net\/portal\/#website"},"primaryImageOfPage":{"@id":"https:\/\/www.eldiario.net\/portal\/2026\/08\/30\/diesel-la-sangre-del-aparato-productivo-boliviano\/#primaryimage"},"image":{"@id":"https:\/\/www.eldiario.net\/portal\/2026\/08\/30\/diesel-la-sangre-del-aparato-productivo-boliviano\/#primaryimage"},"thumbnailUrl":"https:\/\/www.eldiario.net\/portal\/wp-content\/uploads\/2023\/12\/Editorial.jpg","datePublished":"2026-08-30T11:00:00+00:00","breadcrumb":{"@id":"https:\/\/www.eldiario.net\/portal\/2026\/08\/30\/diesel-la-sangre-del-aparato-productivo-boliviano\/#breadcrumb"},"inLanguage":"es","potentialAction":[{"@type":"ReadAction","target":["https:\/\/www.eldiario.net\/portal\/2026\/08\/30\/diesel-la-sangre-del-aparato-productivo-boliviano\/"]}]},{"@type":"ImageObject","inLanguage":"es","@id":"https:\/\/www.eldiario.net\/portal\/2026\/08\/30\/diesel-la-sangre-del-aparato-productivo-boliviano\/#primaryimage","url":"https:\/\/www.eldiario.net\/portal\/wp-content\/uploads\/2023\/12\/Editorial.jpg","contentUrl":"https:\/\/www.eldiario.net\/portal\/wp-content\/uploads\/2023\/12\/Editorial.jpg","width":800,"height":500},{"@type":"BreadcrumbList","@id":"https:\/\/www.eldiario.net\/portal\/2026\/08\/30\/diesel-la-sangre-del-aparato-productivo-boliviano\/#breadcrumb","itemListElement":[{"@type":"ListItem","position":1,"name":"Portada","item":"https:\/\/www.eldiario.net\/portal\/"},{"@type":"ListItem","position":2,"name":"Di\u00e9sel, la sangre del aparato productivo boliviano"}]},{"@type":"WebSite","@id":"https:\/\/www.eldiario.net\/portal\/#website","url":"https:\/\/www.eldiario.net\/portal\/","name":"El Diario - Decano de la prensa nacional","description":"El Diario - Decano de la prensa nacional","publisher":{"@id":"https:\/\/www.eldiario.net\/portal\/#organization"},"potentialAction":[{"@type":"SearchAction","target":{"@type":"EntryPoint","urlTemplate":"https:\/\/www.eldiario.net\/portal\/?s={search_term_string}"},"query-input":{"@type":"PropertyValueSpecification","valueRequired":true,"valueName":"search_term_string"}}],"inLanguage":"es"},{"@type":"Organization","@id":"https:\/\/www.eldiario.net\/portal\/#organization","name":"El Diario - Decano de la prensa nacional","url":"https:\/\/www.eldiario.net\/portal\/","logo":{"@type":"ImageObject","inLanguage":"es","@id":"https:\/\/www.eldiario.net\/portal\/#\/schema\/logo\/image\/","url":"https:\/\/www.eldiario.net\/portal\/wp-content\/uploads\/2023\/07\/logo_ED.jpg","contentUrl":"https:\/\/www.eldiario.net\/portal\/wp-content\/uploads\/2023\/07\/logo_ED.jpg","width":272,"height":52,"caption":"El Diario - Decano de la prensa nacional"},"image":{"@id":"https:\/\/www.eldiario.net\/portal\/#\/schema\/logo\/image\/"},"sameAs":["https:\/\/www.facebook.com\/eldiario.bolivia\/","https:\/\/x.com\/eldiario_net"]},{"@type":"Person","@id":"https:\/\/www.eldiario.net\/portal\/#\/schema\/person\/f46445640444750d7d753ccd04ae01b7","name":"Jeanette","image":{"@type":"ImageObject","inLanguage":"es","@id":"https:\/\/secure.gravatar.com\/avatar\/3ea2118a5f7dad2b7138b1187a6b7ee55f160b9968b66013c3a3ef39dd7e5798?s=96&d=mm&r=g","url":"https:\/\/secure.gravatar.com\/avatar\/3ea2118a5f7dad2b7138b1187a6b7ee55f160b9968b66013c3a3ef39dd7e5798?s=96&d=mm&r=g","contentUrl":"https:\/\/secure.gravatar.com\/avatar\/3ea2118a5f7dad2b7138b1187a6b7ee55f160b9968b66013c3a3ef39dd7e5798?s=96&d=mm&r=g","caption":"Jeanette"},"sameAs":["https:\/\/www.eldiario.net\/portal"],"url":"https:\/\/www.eldiario.net\/portal\/author\/jeanette\/"}]}},"_links":{"self":[{"href":"https:\/\/www.eldiario.net\/portal\/wp-json\/wp\/v2\/posts\/425940","targetHints":{"allow":["GET"]}}],"collection":[{"href":"https:\/\/www.eldiario.net\/portal\/wp-json\/wp\/v2\/posts"}],"about":[{"href":"https:\/\/www.eldiario.net\/portal\/wp-json\/wp\/v2\/types\/post"}],"author":[{"embeddable":true,"href":"https:\/\/www.eldiario.net\/portal\/wp-json\/wp\/v2\/users\/1"}],"replies":[{"embeddable":true,"href":"https:\/\/www.eldiario.net\/portal\/wp-json\/wp\/v2\/comments?post=425940"}],"version-history":[{"count":1,"href":"https:\/\/www.eldiario.net\/portal\/wp-json\/wp\/v2\/posts\/425940\/revisions"}],"predecessor-version":[{"id":425941,"href":"https:\/\/www.eldiario.net\/portal\/wp-json\/wp\/v2\/posts\/425940\/revisions\/425941"}],"wp:featuredmedia":[{"embeddable":true,"href":"https:\/\/www.eldiario.net\/portal\/wp-json\/wp\/v2\/media\/194776"}],"wp:attachment":[{"href":"https:\/\/www.eldiario.net\/portal\/wp-json\/wp\/v2\/media?parent=425940"}],"wp:term":[{"taxonomy":"category","embeddable":true,"href":"https:\/\/www.eldiario.net\/portal\/wp-json\/wp\/v2\/categories?post=425940"},{"taxonomy":"post_tag","embeddable":true,"href":"https:\/\/www.eldiario.net\/portal\/wp-json\/wp\/v2\/tags?post=425940"}],"curies":[{"name":"wp","href":"https:\/\/api.w.org\/{rel}","templated":true}]}}