{"id":425937,"date":"2026-08-30T06:58:58","date_gmt":"2026-08-30T10:58:58","guid":{"rendered":"https:\/\/www.eldiario.net\/portal\/?p=425937"},"modified":"2026-08-30T06:58:58","modified_gmt":"2026-08-30T10:58:58","slug":"intereses-apelan-a-narrativas-para-forzar-una-crisis-politica","status":"publish","type":"post","link":"https:\/\/www.eldiario.net\/portal\/2026\/08\/30\/intereses-apelan-a-narrativas-para-forzar-una-crisis-politica\/","title":{"rendered":"Intereses apelan a narrativas  para forzar una crisis pol\u00edtica"},"content":{"rendered":"<p>En una coyuntura complicada por los efectos de la crisis econ\u00f3mica, irregularidades en el abastecimiento de carburantes y denuncias de supuestos actos de corrupci\u00f3n, el analista pol\u00edtico Carlos Cordero advirti\u00f3 que intereses pol\u00edticos usan temas como el caso Cerimedo-Beller para impulsar narrativas de desprestigio hacia el Gobierno, en busca de forzar una ruptura del sistema democr\u00e1tico, pese a que ninguna de las acusaciones confirma supuestos actos irregulares en la administraci\u00f3n del Estado.<br \/>\nSeg\u00fan el analista pol\u00edtico, en el pa\u00eds nuevamente se est\u00e1 tratando de posicionar una \u201cnarrativa fatalista\u201d destinada a desprestigiar al gobierno del presidente Paz, en busca de forzar una dimisi\u00f3n en el corto tiempo o esperar que sea un proceso revocatorio el que termine con la actual administraci\u00f3n.<br \/>\nObserv\u00f3 adem\u00e1s que, ciertos intereses apelan a los denominados movimientos sociales y el malestar de algunos grupos, para forzar una ruptura en el sistema democr\u00e1tico a trav\u00e9s de medidas de presi\u00f3n como movilizaciones y bloqueos, similares a los ya vistos meses atr\u00e1s.<br \/>\n\u201cLo que se est\u00e1 viendo es una construcci\u00f3n exagerada de algunos hechos, por ejemplo, el caso Cerimedo\u201d, explic\u00f3 Cordero, puntualizando que el asesor argentino construy\u00f3 personalmente a su alrededor una imagen de exitoso estratega que trabaj\u00f3 para varios presidentes, posici\u00f3n desde la que tambi\u00e9n fue creando una estructura de corrupci\u00f3n, v\u00ednculos obscuros y otras acciones negativas que finalmente derivaron en problemas de car\u00e1cter personal.<br \/>\nPara Cordero, es cuestionable que, al hablar de actos dolosos en los que pudo haber incurrido el asesor pol\u00edtico, inmediatamente se busque vincularlo estrechamente con el presidente, su gobierno y hasta su familia, cuando la \u00fanica realidad es que se conoce de ciertas relaciones, m\u00e1s no se ha comprobado que existan hechos de corrupci\u00f3n, manejos dolosos del aparato estatal o tr\u00e1fico de influencias.<br \/>\n\u201cTodo eso tendr\u00e1 que probarse en su momento, lo \u00fanico cierto es que el se\u00f1or Cerimedo est\u00e1 acusado de un intento de asesinato por el que est\u00e1 preso. Lo que la narrativa opositora quiere hacer, a trav\u00e9s de algunos intelectuales muy l\u00facidos, es exagerar o generar este escenario cercano a la crisis pol\u00edtica para volver al poder, o que otros grupos tomen el poder previa ruptura de la democracia\u201d, expuso el analista en declaraciones a Fides.<br \/>\nAdem\u00e1s, comparando la actual realidad del Gobierno, con eventos a los que pasadas administraciones debieron enfrentar para mantenerse en el poder, Cordero record\u00f3 la \u201cPresidencia Sitiada\u201d a la que hizo referencia el expresidente Carlos Mesa en un libro, obra en la que describe su per\u00edodo de mandato (entre 2003 y 2005), como un escenario de extrema polarizaci\u00f3n social, presi\u00f3n de sectores populares y demandas regionales, sumados a la falta de un respaldo partidario tradicional en el Parlamento, factores que derivaron en serias dificultades para administrar el Estado hasta forzar una dimisi\u00f3n.<br \/>\n\u201cEsto es algo que est\u00e1 ocurriendo el d\u00eda de hoy, el gobierno del presidente Rodrigo Paz est\u00e1 siendo asediado por una serie de oposiciones pol\u00edticas que lo que est\u00e1n buscando permanentemente es su renuncia, para ello apoyan estas narrativas de la conflictividad interna, supuestas desinteligencias, delitos, errores y hasta corrupci\u00f3n\u201d, indic\u00f3, recordando que recientemente, varios l\u00edderes pol\u00edticos con representaci\u00f3n parlamentaria rechazaron con vehemencia la postura del presidente sobre desechar las alianzas para buscar directamente el respaldo de legisladores. Lo que gener\u00f3 advertencias de una postura opositora a\u00fan m\u00e1s dura.<br \/>\nFinalmente, puntualizando que todo gobierno debe lidiar con ese tipo de problemas, en diferente medida, el analista insisti\u00f3 en que la administraci\u00f3n del presidente Paz est\u00e1 siendo asediada por gran cantidad de problemas a los que se suman errores internos, sobre los que se busca generar desestabilizaci\u00f3n y crisis pol\u00edtica.<br \/>\nEs en esa coyuntura en la que tienen lugar participaciones en medios de comunicaci\u00f3n y redes sociales, buscando posicionar narrativas fatalistas de crisis, apelando una la memoria colectiva en la que todav\u00eda est\u00e1 muy presente la acci\u00f3n de movimientos sociales o partidos pol\u00edticos definiendo la continuidad o la finalizaci\u00f3n de gobiernos. \u201cTodo eso est\u00e1 fresco en la memoria y hay partidos que creen que por haber ejercido el gobierno los \u00faltimos veinte a\u00f1os, crey\u00e9ndose due\u00f1os de la historia, de la pol\u00edtica y del Estado, hoy a lo que aspiran es a volver al poder instalando narrativas de crisis\u201d, apunt\u00f3.<br \/>\nEsta semana, resaltando que las investigaciones por el caso Cerimedo-Beller no hayan sido declaradas en reserva y se lleven delante de forma abierta, la diputada por la alianza Libre, Sof\u00eda Rocha, afirm\u00f3 que es importante exigir que las denuncias y acusaciones de la operadora pol\u00edtica Nadia Beller se respalden con pruebas, tomando en cuenta que no puede permitirse que se busque la ca\u00edda de un gobierno mediante rumores y chismes.<br \/>\n\u201cLo que esperamos es que la se\u00f1ora Beller presente las pruebas correspondientes porque ya no se puede permitir que diferentes personas est\u00e9n simplemente tratando de bajar un gobierno con chismes y con rumores. Si van a ir en contra de un gobierno que sea con pruebas\u201d, expres\u00f3 la legisladora representante del departamento de Cochabamba, insistiendo en que es necesario exigir a todas las personas que denuncian supuestas irregularidades en la administraci\u00f3n del Estado, presenten pruebas ante las instancias correspondientes.<\/p>\n","protected":false},"excerpt":{"rendered":"<p>En una coyuntura complicada por los efectos de la crisis econ\u00f3mica, irregularidades en el abastecimiento de carburantes y denuncias de supuestos actos de corrupci\u00f3n, el analista pol\u00edtico Carlos Cordero advirti\u00f3 que intereses pol\u00edticos usan temas como el caso Cerimedo-Beller para impulsar narrativas de desprestigio hacia el Gobierno, en busca de forzar una ruptura del sistema [&hellip;]<\/p>\n","protected":false},"author":1,"featured_media":425938,"comment_status":"closed","ping_status":"open","sticky":false,"template":"","format":"standard","meta":{"_acf_changed":false,"footnotes":""},"categories":[14],"tags":[],"class_list":["post-425937","post","type-post","status-publish","format-standard","has-post-thumbnail","category-politica"],"acf":{"antetitulo":"Exagerando escenarios"},"yoast_head":"<!-- This site is optimized with the Yoast SEO plugin v28.3 - https:\/\/yoast.com\/product\/yoast-seo-wordpress\/ -->\n<title>Intereses apelan a narrativas para forzar una crisis pol\u00edtica - El Diario - Bolivia<\/title>\n<meta name=\"robots\" content=\"index, follow, max-snippet:-1, max-image-preview:large, max-video-preview:-1\" \/>\n<link rel=\"canonical\" href=\"https:\/\/www.eldiario.net\/portal\/2026\/08\/30\/intereses-apelan-a-narrativas-para-forzar-una-crisis-politica\/\" \/>\n<meta property=\"og:locale\" content=\"es_ES\" \/>\n<meta property=\"og:type\" content=\"article\" \/>\n<meta property=\"og:title\" content=\"Intereses apelan a narrativas para forzar una crisis pol\u00edtica - El Diario - Bolivia\" \/>\n<meta property=\"og:description\" content=\"En una coyuntura complicada por los efectos de la crisis econ\u00f3mica, irregularidades en el abastecimiento de carburantes y denuncias de supuestos actos de corrupci\u00f3n, el analista pol\u00edtico Carlos Cordero advirti\u00f3 que intereses pol\u00edticos usan temas como el caso Cerimedo-Beller para impulsar narrativas de desprestigio hacia el Gobierno, en busca de forzar una ruptura del sistema [&hellip;]\" \/>\n<meta property=\"og:url\" content=\"https:\/\/www.eldiario.net\/portal\/2026\/08\/30\/intereses-apelan-a-narrativas-para-forzar-una-crisis-politica\/\" \/>\n<meta property=\"og:site_name\" content=\"El Diario - Bolivia\" \/>\n<meta property=\"article:publisher\" content=\"https:\/\/www.facebook.com\/eldiario.bolivia\/\" \/>\n<meta property=\"article:published_time\" content=\"2026-08-30T10:58:58+00:00\" \/>\n<meta property=\"og:image\" content=\"https:\/\/www.eldiario.net\/portal\/wp-content\/uploads\/2026\/08\/40-POL-14.webp\" \/>\n\t<meta property=\"og:image:width\" content=\"750\" \/>\n\t<meta property=\"og:image:height\" content=\"420\" \/>\n\t<meta property=\"og:image:type\" content=\"image\/webp\" \/>\n<meta name=\"author\" content=\"Jeanette\" \/>\n<meta name=\"twitter:card\" content=\"summary_large_image\" \/>\n<meta name=\"twitter:creator\" content=\"@eldiario_net\" \/>\n<meta name=\"twitter:site\" content=\"@eldiario_net\" \/>\n<meta name=\"twitter:label1\" content=\"Escrito por\" \/>\n\t<meta name=\"twitter:data1\" content=\"Jeanette\" \/>\n\t<meta name=\"twitter:label2\" content=\"Tiempo de lectura\" \/>\n\t<meta name=\"twitter:data2\" content=\"5 minutos\" \/>\n<script type=\"application\/ld+json\" class=\"yoast-schema-graph\">{\"@context\":\"https:\\\/\\\/schema.org\",\"@graph\":[{\"@type\":\"Article\",\"@id\":\"https:\\\/\\\/www.eldiario.net\\\/portal\\\/2026\\\/08\\\/30\\\/intereses-apelan-a-narrativas-para-forzar-una-crisis-politica\\\/#article\",\"isPartOf\":{\"@id\":\"https:\\\/\\\/www.eldiario.net\\\/portal\\\/2026\\\/08\\\/30\\\/intereses-apelan-a-narrativas-para-forzar-una-crisis-politica\\\/\"},\"author\":{\"name\":\"Jeanette\",\"@id\":\"https:\\\/\\\/www.eldiario.net\\\/portal\\\/#\\\/schema\\\/person\\\/f46445640444750d7d753ccd04ae01b7\"},\"headline\":\"Intereses apelan a narrativas para forzar una crisis pol\u00edtica\",\"datePublished\":\"2026-08-30T10:58:58+00:00\",\"mainEntityOfPage\":{\"@id\":\"https:\\\/\\\/www.eldiario.net\\\/portal\\\/2026\\\/08\\\/30\\\/intereses-apelan-a-narrativas-para-forzar-una-crisis-politica\\\/\"},\"wordCount\":913,\"publisher\":{\"@id\":\"https:\\\/\\\/www.eldiario.net\\\/portal\\\/#organization\"},\"image\":{\"@id\":\"https:\\\/\\\/www.eldiario.net\\\/portal\\\/2026\\\/08\\\/30\\\/intereses-apelan-a-narrativas-para-forzar-una-crisis-politica\\\/#primaryimage\"},\"thumbnailUrl\":\"https:\\\/\\\/www.eldiario.net\\\/portal\\\/wp-content\\\/uploads\\\/2026\\\/08\\\/40-POL-14.webp\",\"articleSection\":[\"Pol\u00edtica\"],\"inLanguage\":\"es\"},{\"@type\":\"WebPage\",\"@id\":\"https:\\\/\\\/www.eldiario.net\\\/portal\\\/2026\\\/08\\\/30\\\/intereses-apelan-a-narrativas-para-forzar-una-crisis-politica\\\/\",\"url\":\"https:\\\/\\\/www.eldiario.net\\\/portal\\\/2026\\\/08\\\/30\\\/intereses-apelan-a-narrativas-para-forzar-una-crisis-politica\\\/\",\"name\":\"Intereses apelan a narrativas para forzar una crisis pol\u00edtica - El Diario - Bolivia\",\"isPartOf\":{\"@id\":\"https:\\\/\\\/www.eldiario.net\\\/portal\\\/#website\"},\"primaryImageOfPage\":{\"@id\":\"https:\\\/\\\/www.eldiario.net\\\/portal\\\/2026\\\/08\\\/30\\\/intereses-apelan-a-narrativas-para-forzar-una-crisis-politica\\\/#primaryimage\"},\"image\":{\"@id\":\"https:\\\/\\\/www.eldiario.net\\\/portal\\\/2026\\\/08\\\/30\\\/intereses-apelan-a-narrativas-para-forzar-una-crisis-politica\\\/#primaryimage\"},\"thumbnailUrl\":\"https:\\\/\\\/www.eldiario.net\\\/portal\\\/wp-content\\\/uploads\\\/2026\\\/08\\\/40-POL-14.webp\",\"datePublished\":\"2026-08-30T10:58:58+00:00\",\"breadcrumb\":{\"@id\":\"https:\\\/\\\/www.eldiario.net\\\/portal\\\/2026\\\/08\\\/30\\\/intereses-apelan-a-narrativas-para-forzar-una-crisis-politica\\\/#breadcrumb\"},\"inLanguage\":\"es\",\"potentialAction\":[{\"@type\":\"ReadAction\",\"target\":[\"https:\\\/\\\/www.eldiario.net\\\/portal\\\/2026\\\/08\\\/30\\\/intereses-apelan-a-narrativas-para-forzar-una-crisis-politica\\\/\"]}]},{\"@type\":\"ImageObject\",\"inLanguage\":\"es\",\"@id\":\"https:\\\/\\\/www.eldiario.net\\\/portal\\\/2026\\\/08\\\/30\\\/intereses-apelan-a-narrativas-para-forzar-una-crisis-politica\\\/#primaryimage\",\"url\":\"https:\\\/\\\/www.eldiario.net\\\/portal\\\/wp-content\\\/uploads\\\/2026\\\/08\\\/40-POL-14.webp\",\"contentUrl\":\"https:\\\/\\\/www.eldiario.net\\\/portal\\\/wp-content\\\/uploads\\\/2026\\\/08\\\/40-POL-14.webp\",\"width\":750,\"height\":420,\"caption\":\"El analista pol\u00edtico, Carlos Cordero.\"},{\"@type\":\"BreadcrumbList\",\"@id\":\"https:\\\/\\\/www.eldiario.net\\\/portal\\\/2026\\\/08\\\/30\\\/intereses-apelan-a-narrativas-para-forzar-una-crisis-politica\\\/#breadcrumb\",\"itemListElement\":[{\"@type\":\"ListItem\",\"position\":1,\"name\":\"Portada\",\"item\":\"https:\\\/\\\/www.eldiario.net\\\/portal\\\/\"},{\"@type\":\"ListItem\",\"position\":2,\"name\":\"Intereses apelan a narrativas para forzar una crisis pol\u00edtica\"}]},{\"@type\":\"WebSite\",\"@id\":\"https:\\\/\\\/www.eldiario.net\\\/portal\\\/#website\",\"url\":\"https:\\\/\\\/www.eldiario.net\\\/portal\\\/\",\"name\":\"El Diario - Decano de la prensa nacional\",\"description\":\"El Diario - Decano de la prensa nacional\",\"publisher\":{\"@id\":\"https:\\\/\\\/www.eldiario.net\\\/portal\\\/#organization\"},\"potentialAction\":[{\"@type\":\"SearchAction\",\"target\":{\"@type\":\"EntryPoint\",\"urlTemplate\":\"https:\\\/\\\/www.eldiario.net\\\/portal\\\/?s={search_term_string}\"},\"query-input\":{\"@type\":\"PropertyValueSpecification\",\"valueRequired\":true,\"valueName\":\"search_term_string\"}}],\"inLanguage\":\"es\"},{\"@type\":\"Organization\",\"@id\":\"https:\\\/\\\/www.eldiario.net\\\/portal\\\/#organization\",\"name\":\"El Diario - Decano de la prensa nacional\",\"url\":\"https:\\\/\\\/www.eldiario.net\\\/portal\\\/\",\"logo\":{\"@type\":\"ImageObject\",\"inLanguage\":\"es\",\"@id\":\"https:\\\/\\\/www.eldiario.net\\\/portal\\\/#\\\/schema\\\/logo\\\/image\\\/\",\"url\":\"https:\\\/\\\/www.eldiario.net\\\/portal\\\/wp-content\\\/uploads\\\/2023\\\/07\\\/logo_ED.jpg\",\"contentUrl\":\"https:\\\/\\\/www.eldiario.net\\\/portal\\\/wp-content\\\/uploads\\\/2023\\\/07\\\/logo_ED.jpg\",\"width\":272,\"height\":52,\"caption\":\"El Diario - Decano de la prensa nacional\"},\"image\":{\"@id\":\"https:\\\/\\\/www.eldiario.net\\\/portal\\\/#\\\/schema\\\/logo\\\/image\\\/\"},\"sameAs\":[\"https:\\\/\\\/www.facebook.com\\\/eldiario.bolivia\\\/\",\"https:\\\/\\\/x.com\\\/eldiario_net\"]},{\"@type\":\"Person\",\"@id\":\"https:\\\/\\\/www.eldiario.net\\\/portal\\\/#\\\/schema\\\/person\\\/f46445640444750d7d753ccd04ae01b7\",\"name\":\"Jeanette\",\"image\":{\"@type\":\"ImageObject\",\"inLanguage\":\"es\",\"@id\":\"https:\\\/\\\/secure.gravatar.com\\\/avatar\\\/3ea2118a5f7dad2b7138b1187a6b7ee55f160b9968b66013c3a3ef39dd7e5798?s=96&d=mm&r=g\",\"url\":\"https:\\\/\\\/secure.gravatar.com\\\/avatar\\\/3ea2118a5f7dad2b7138b1187a6b7ee55f160b9968b66013c3a3ef39dd7e5798?s=96&d=mm&r=g\",\"contentUrl\":\"https:\\\/\\\/secure.gravatar.com\\\/avatar\\\/3ea2118a5f7dad2b7138b1187a6b7ee55f160b9968b66013c3a3ef39dd7e5798?s=96&d=mm&r=g\",\"caption\":\"Jeanette\"},\"sameAs\":[\"https:\\\/\\\/www.eldiario.net\\\/portal\"],\"url\":\"https:\\\/\\\/www.eldiario.net\\\/portal\\\/author\\\/jeanette\\\/\"}]}<\/script>\n<!-- \/ Yoast SEO plugin. -->","yoast_head_json":{"title":"Intereses apelan a narrativas para forzar una crisis pol\u00edtica - El Diario - Bolivia","robots":{"index":"index","follow":"follow","max-snippet":"max-snippet:-1","max-image-preview":"max-image-preview:large","max-video-preview":"max-video-preview:-1"},"canonical":"https:\/\/www.eldiario.net\/portal\/2026\/08\/30\/intereses-apelan-a-narrativas-para-forzar-una-crisis-politica\/","og_locale":"es_ES","og_type":"article","og_title":"Intereses apelan a narrativas para forzar una crisis pol\u00edtica - El Diario - Bolivia","og_description":"En una coyuntura complicada por los efectos de la crisis econ\u00f3mica, irregularidades en el abastecimiento de carburantes y denuncias de supuestos actos de corrupci\u00f3n, el analista pol\u00edtico Carlos Cordero advirti\u00f3 que intereses pol\u00edticos usan temas como el caso Cerimedo-Beller para impulsar narrativas de desprestigio hacia el Gobierno, en busca de forzar una ruptura del sistema [&hellip;]","og_url":"https:\/\/www.eldiario.net\/portal\/2026\/08\/30\/intereses-apelan-a-narrativas-para-forzar-una-crisis-politica\/","og_site_name":"El Diario - Bolivia","article_publisher":"https:\/\/www.facebook.com\/eldiario.bolivia\/","article_published_time":"2026-08-30T10:58:58+00:00","og_image":[{"width":750,"height":420,"url":"https:\/\/www.eldiario.net\/portal\/wp-content\/uploads\/2026\/08\/40-POL-14.webp","type":"image\/webp"}],"author":"Jeanette","twitter_card":"summary_large_image","twitter_creator":"@eldiario_net","twitter_site":"@eldiario_net","twitter_misc":{"Escrito por":"Jeanette","Tiempo de lectura":"5 minutos"},"schema":{"@context":"https:\/\/schema.org","@graph":[{"@type":"Article","@id":"https:\/\/www.eldiario.net\/portal\/2026\/08\/30\/intereses-apelan-a-narrativas-para-forzar-una-crisis-politica\/#article","isPartOf":{"@id":"https:\/\/www.eldiario.net\/portal\/2026\/08\/30\/intereses-apelan-a-narrativas-para-forzar-una-crisis-politica\/"},"author":{"name":"Jeanette","@id":"https:\/\/www.eldiario.net\/portal\/#\/schema\/person\/f46445640444750d7d753ccd04ae01b7"},"headline":"Intereses apelan a narrativas para forzar una crisis pol\u00edtica","datePublished":"2026-08-30T10:58:58+00:00","mainEntityOfPage":{"@id":"https:\/\/www.eldiario.net\/portal\/2026\/08\/30\/intereses-apelan-a-narrativas-para-forzar-una-crisis-politica\/"},"wordCount":913,"publisher":{"@id":"https:\/\/www.eldiario.net\/portal\/#organization"},"image":{"@id":"https:\/\/www.eldiario.net\/portal\/2026\/08\/30\/intereses-apelan-a-narrativas-para-forzar-una-crisis-politica\/#primaryimage"},"thumbnailUrl":"https:\/\/www.eldiario.net\/portal\/wp-content\/uploads\/2026\/08\/40-POL-14.webp","articleSection":["Pol\u00edtica"],"inLanguage":"es"},{"@type":"WebPage","@id":"https:\/\/www.eldiario.net\/portal\/2026\/08\/30\/intereses-apelan-a-narrativas-para-forzar-una-crisis-politica\/","url":"https:\/\/www.eldiario.net\/portal\/2026\/08\/30\/intereses-apelan-a-narrativas-para-forzar-una-crisis-politica\/","name":"Intereses apelan a narrativas para forzar una crisis pol\u00edtica - El Diario - Bolivia","isPartOf":{"@id":"https:\/\/www.eldiario.net\/portal\/#website"},"primaryImageOfPage":{"@id":"https:\/\/www.eldiario.net\/portal\/2026\/08\/30\/intereses-apelan-a-narrativas-para-forzar-una-crisis-politica\/#primaryimage"},"image":{"@id":"https:\/\/www.eldiario.net\/portal\/2026\/08\/30\/intereses-apelan-a-narrativas-para-forzar-una-crisis-politica\/#primaryimage"},"thumbnailUrl":"https:\/\/www.eldiario.net\/portal\/wp-content\/uploads\/2026\/08\/40-POL-14.webp","datePublished":"2026-08-30T10:58:58+00:00","breadcrumb":{"@id":"https:\/\/www.eldiario.net\/portal\/2026\/08\/30\/intereses-apelan-a-narrativas-para-forzar-una-crisis-politica\/#breadcrumb"},"inLanguage":"es","potentialAction":[{"@type":"ReadAction","target":["https:\/\/www.eldiario.net\/portal\/2026\/08\/30\/intereses-apelan-a-narrativas-para-forzar-una-crisis-politica\/"]}]},{"@type":"ImageObject","inLanguage":"es","@id":"https:\/\/www.eldiario.net\/portal\/2026\/08\/30\/intereses-apelan-a-narrativas-para-forzar-una-crisis-politica\/#primaryimage","url":"https:\/\/www.eldiario.net\/portal\/wp-content\/uploads\/2026\/08\/40-POL-14.webp","contentUrl":"https:\/\/www.eldiario.net\/portal\/wp-content\/uploads\/2026\/08\/40-POL-14.webp","width":750,"height":420,"caption":"El analista pol\u00edtico, Carlos Cordero."},{"@type":"BreadcrumbList","@id":"https:\/\/www.eldiario.net\/portal\/2026\/08\/30\/intereses-apelan-a-narrativas-para-forzar-una-crisis-politica\/#breadcrumb","itemListElement":[{"@type":"ListItem","position":1,"name":"Portada","item":"https:\/\/www.eldiario.net\/portal\/"},{"@type":"ListItem","position":2,"name":"Intereses apelan a narrativas para forzar una crisis pol\u00edtica"}]},{"@type":"WebSite","@id":"https:\/\/www.eldiario.net\/portal\/#website","url":"https:\/\/www.eldiario.net\/portal\/","name":"El Diario - Decano de la prensa nacional","description":"El Diario - Decano de la prensa nacional","publisher":{"@id":"https:\/\/www.eldiario.net\/portal\/#organization"},"potentialAction":[{"@type":"SearchAction","target":{"@type":"EntryPoint","urlTemplate":"https:\/\/www.eldiario.net\/portal\/?s={search_term_string}"},"query-input":{"@type":"PropertyValueSpecification","valueRequired":true,"valueName":"search_term_string"}}],"inLanguage":"es"},{"@type":"Organization","@id":"https:\/\/www.eldiario.net\/portal\/#organization","name":"El Diario - Decano de la prensa nacional","url":"https:\/\/www.eldiario.net\/portal\/","logo":{"@type":"ImageObject","inLanguage":"es","@id":"https:\/\/www.eldiario.net\/portal\/#\/schema\/logo\/image\/","url":"https:\/\/www.eldiario.net\/portal\/wp-content\/uploads\/2023\/07\/logo_ED.jpg","contentUrl":"https:\/\/www.eldiario.net\/portal\/wp-content\/uploads\/2023\/07\/logo_ED.jpg","width":272,"height":52,"caption":"El Diario - Decano de la prensa nacional"},"image":{"@id":"https:\/\/www.eldiario.net\/portal\/#\/schema\/logo\/image\/"},"sameAs":["https:\/\/www.facebook.com\/eldiario.bolivia\/","https:\/\/x.com\/eldiario_net"]},{"@type":"Person","@id":"https:\/\/www.eldiario.net\/portal\/#\/schema\/person\/f46445640444750d7d753ccd04ae01b7","name":"Jeanette","image":{"@type":"ImageObject","inLanguage":"es","@id":"https:\/\/secure.gravatar.com\/avatar\/3ea2118a5f7dad2b7138b1187a6b7ee55f160b9968b66013c3a3ef39dd7e5798?s=96&d=mm&r=g","url":"https:\/\/secure.gravatar.com\/avatar\/3ea2118a5f7dad2b7138b1187a6b7ee55f160b9968b66013c3a3ef39dd7e5798?s=96&d=mm&r=g","contentUrl":"https:\/\/secure.gravatar.com\/avatar\/3ea2118a5f7dad2b7138b1187a6b7ee55f160b9968b66013c3a3ef39dd7e5798?s=96&d=mm&r=g","caption":"Jeanette"},"sameAs":["https:\/\/www.eldiario.net\/portal"],"url":"https:\/\/www.eldiario.net\/portal\/author\/jeanette\/"}]}},"_links":{"self":[{"href":"https:\/\/www.eldiario.net\/portal\/wp-json\/wp\/v2\/posts\/425937","targetHints":{"allow":["GET"]}}],"collection":[{"href":"https:\/\/www.eldiario.net\/portal\/wp-json\/wp\/v2\/posts"}],"about":[{"href":"https:\/\/www.eldiario.net\/portal\/wp-json\/wp\/v2\/types\/post"}],"author":[{"embeddable":true,"href":"https:\/\/www.eldiario.net\/portal\/wp-json\/wp\/v2\/users\/1"}],"replies":[{"embeddable":true,"href":"https:\/\/www.eldiario.net\/portal\/wp-json\/wp\/v2\/comments?post=425937"}],"version-history":[{"count":1,"href":"https:\/\/www.eldiario.net\/portal\/wp-json\/wp\/v2\/posts\/425937\/revisions"}],"predecessor-version":[{"id":425939,"href":"https:\/\/www.eldiario.net\/portal\/wp-json\/wp\/v2\/posts\/425937\/revisions\/425939"}],"wp:featuredmedia":[{"embeddable":true,"href":"https:\/\/www.eldiario.net\/portal\/wp-json\/wp\/v2\/media\/425938"}],"wp:attachment":[{"href":"https:\/\/www.eldiario.net\/portal\/wp-json\/wp\/v2\/media?parent=425937"}],"wp:term":[{"taxonomy":"category","embeddable":true,"href":"https:\/\/www.eldiario.net\/portal\/wp-json\/wp\/v2\/categories?post=425937"},{"taxonomy":"post_tag","embeddable":true,"href":"https:\/\/www.eldiario.net\/portal\/wp-json\/wp\/v2\/tags?post=425937"}],"curies":[{"name":"wp","href":"https:\/\/api.w.org\/{rel}","templated":true}]}}