{"id":425935,"date":"2026-08-30T06:58:16","date_gmt":"2026-08-30T10:58:16","guid":{"rendered":"https:\/\/www.eldiario.net\/portal\/?p=425935"},"modified":"2026-08-30T06:58:16","modified_gmt":"2026-08-30T10:58:16","slug":"ajam-debera-explicar-actividad-minera-cercana-a-senda-verde","status":"publish","type":"post","link":"https:\/\/www.eldiario.net\/portal\/2026\/08\/30\/ajam-debera-explicar-actividad-minera-cercana-a-senda-verde\/","title":{"rendered":"AJAM deber\u00e1 explicar actividad  minera cercana a Senda Verde"},"content":{"rendered":"<p>Ante la preocupaci\u00f3n de la sociedad por denuncias relacionadas a actividades mineras ilegales en cercan\u00edas del Santuario de Vida Silvestre Senda Verde, las diputadas Cielo Berrios y Daniela Anagua presentaron una Petici\u00f3n de Informe Escrito (PIE) a la Autoridad Jurisdiccional Administrativa Minera (AJAM) para conocer la situaci\u00f3n legal de las empresas mineras establecidas en el lugar.<br \/>\n\u201cHemos presentado un PIE para saber exactamente lo que ha pasado, sobre todo, c\u00f3mo es que est\u00e1 manejando esta empresa minera los permisos que tienen, porque la Constituci\u00f3n protege a estas \u00e1reas. En d\u00edas m\u00e1s, la diputada Berrios y yo vamos a hacernos presentes en el lugar para hacer la fiscalizaci\u00f3n correspondiente, ya que no podemos permitir que estos atropellos sigan pasando\u201d, asegur\u00f3 la legisladora Anagua en conferencia de prensa.<br \/>\nPor su parte, Berrios dijo que esta actividad minera presuntamente, atenta de forma directa contra la salud de los animales y el medio ambiente en la regi\u00f3n. \u201cTenemos los videos de c\u00f3mo se estar\u00eda lavando el oro con mercurio en el r\u00edo de Coroico, el cual provee de agua no solo a los animales de Senda Verde, sino a los pobladores del lugar. Se tiene entendido que, tambi\u00e9n, en ese r\u00edo hab\u00eda peces, los cuales ahora est\u00e1n muertos\u201d, lament\u00f3.<br \/>\nD\u00edas atr\u00e1s, se denunci\u00f3 supuesta actividad minera en el municipio de Coroico, con presencia de maquinaria pesada, entre ellas una excavadora y una clasificadora de mineral, todo en cercan\u00edas del Santuario Senda Verde.<br \/>\nTras una inspecci\u00f3n de la Autoridad Jurisdiccional Administrativa Minera y la Polic\u00eda Boliviana, se descubrieron indicios de deforestaci\u00f3n y una posible afectaci\u00f3n al r\u00edo Coroico.<br \/>\nAsimismo, se tomaron muestras de agua para su an\u00e1lisis, esto con la finalidad de determinar si existe alg\u00fan grado de contaminaci\u00f3n relacionada con la actividad minera.<br \/>\nSenda Verde es un centro de custodia de animales silvestres y refugio ecotur\u00edstico de administraci\u00f3n privada, ubicado en la regi\u00f3n de los Yungas de La Paz, cercana a las poblaciones de Yolosa y Coroico.<br \/>\nFunciona como un centro de rescate, rehabilitaci\u00f3n y cuidado de animales que han sido v\u00edctimas del tr\u00e1fico ilegal, crueldad, el mascotismo y la destrucci\u00f3n de su h\u00e1bitat.<\/p>\n","protected":false},"excerpt":{"rendered":"<p>Ante la preocupaci\u00f3n de la sociedad por denuncias relacionadas a actividades mineras ilegales en cercan\u00edas del Santuario de Vida Silvestre Senda Verde, las diputadas Cielo Berrios y Daniela Anagua presentaron una Petici\u00f3n de Informe Escrito (PIE) a la Autoridad Jurisdiccional Administrativa Minera (AJAM) para conocer la situaci\u00f3n legal de las empresas mineras establecidas en el [&hellip;]<\/p>\n","protected":false},"author":1,"featured_media":194754,"comment_status":"closed","ping_status":"open","sticky":false,"template":"","format":"standard","meta":{"_acf_changed":false,"footnotes":""},"categories":[14],"tags":[],"class_list":["post-425935","post","type-post","status-publish","format-standard","has-post-thumbnail","category-politica"],"acf":{"antetitulo":"Petici\u00f3n de Informe"},"yoast_head":"<!-- This site is optimized with the Yoast SEO plugin v28.3 - https:\/\/yoast.com\/product\/yoast-seo-wordpress\/ -->\n<title>AJAM deber\u00e1 explicar actividad minera cercana a Senda Verde - El Diario - Bolivia<\/title>\n<meta name=\"robots\" content=\"index, follow, max-snippet:-1, max-image-preview:large, max-video-preview:-1\" \/>\n<link rel=\"canonical\" href=\"https:\/\/www.eldiario.net\/portal\/2026\/08\/30\/ajam-debera-explicar-actividad-minera-cercana-a-senda-verde\/\" \/>\n<meta property=\"og:locale\" content=\"es_ES\" \/>\n<meta property=\"og:type\" content=\"article\" \/>\n<meta property=\"og:title\" content=\"AJAM deber\u00e1 explicar actividad minera cercana a Senda Verde - El Diario - Bolivia\" \/>\n<meta property=\"og:description\" content=\"Ante la preocupaci\u00f3n de la sociedad por denuncias relacionadas a actividades mineras ilegales en cercan\u00edas del Santuario de Vida Silvestre Senda Verde, las diputadas Cielo Berrios y Daniela Anagua presentaron una Petici\u00f3n de Informe Escrito (PIE) a la Autoridad Jurisdiccional Administrativa Minera (AJAM) para conocer la situaci\u00f3n legal de las empresas mineras establecidas en el [&hellip;]\" \/>\n<meta property=\"og:url\" content=\"https:\/\/www.eldiario.net\/portal\/2026\/08\/30\/ajam-debera-explicar-actividad-minera-cercana-a-senda-verde\/\" \/>\n<meta property=\"og:site_name\" content=\"El Diario - Bolivia\" \/>\n<meta property=\"article:publisher\" content=\"https:\/\/www.facebook.com\/eldiario.bolivia\/\" \/>\n<meta property=\"article:published_time\" content=\"2026-08-30T10:58:16+00:00\" \/>\n<meta property=\"og:image\" content=\"https:\/\/www.eldiario.net\/portal\/wp-content\/uploads\/2023\/12\/Politica.jpg\" \/>\n\t<meta property=\"og:image:width\" content=\"800\" \/>\n\t<meta property=\"og:image:height\" content=\"500\" \/>\n\t<meta property=\"og:image:type\" content=\"image\/jpeg\" \/>\n<meta name=\"author\" content=\"Jeanette\" \/>\n<meta name=\"twitter:card\" content=\"summary_large_image\" \/>\n<meta name=\"twitter:creator\" content=\"@eldiario_net\" \/>\n<meta name=\"twitter:site\" content=\"@eldiario_net\" \/>\n<meta name=\"twitter:label1\" content=\"Escrito por\" \/>\n\t<meta name=\"twitter:data1\" content=\"Jeanette\" \/>\n\t<meta name=\"twitter:label2\" content=\"Tiempo de lectura\" \/>\n\t<meta name=\"twitter:data2\" content=\"2 minutos\" \/>\n<script type=\"application\/ld+json\" class=\"yoast-schema-graph\">{\"@context\":\"https:\\\/\\\/schema.org\",\"@graph\":[{\"@type\":\"Article\",\"@id\":\"https:\\\/\\\/www.eldiario.net\\\/portal\\\/2026\\\/08\\\/30\\\/ajam-debera-explicar-actividad-minera-cercana-a-senda-verde\\\/#article\",\"isPartOf\":{\"@id\":\"https:\\\/\\\/www.eldiario.net\\\/portal\\\/2026\\\/08\\\/30\\\/ajam-debera-explicar-actividad-minera-cercana-a-senda-verde\\\/\"},\"author\":{\"name\":\"Jeanette\",\"@id\":\"https:\\\/\\\/www.eldiario.net\\\/portal\\\/#\\\/schema\\\/person\\\/f46445640444750d7d753ccd04ae01b7\"},\"headline\":\"AJAM deber\u00e1 explicar actividad minera cercana a Senda Verde\",\"datePublished\":\"2026-08-30T10:58:16+00:00\",\"mainEntityOfPage\":{\"@id\":\"https:\\\/\\\/www.eldiario.net\\\/portal\\\/2026\\\/08\\\/30\\\/ajam-debera-explicar-actividad-minera-cercana-a-senda-verde\\\/\"},\"wordCount\":395,\"publisher\":{\"@id\":\"https:\\\/\\\/www.eldiario.net\\\/portal\\\/#organization\"},\"image\":{\"@id\":\"https:\\\/\\\/www.eldiario.net\\\/portal\\\/2026\\\/08\\\/30\\\/ajam-debera-explicar-actividad-minera-cercana-a-senda-verde\\\/#primaryimage\"},\"thumbnailUrl\":\"https:\\\/\\\/www.eldiario.net\\\/portal\\\/wp-content\\\/uploads\\\/2023\\\/12\\\/Politica.jpg\",\"articleSection\":[\"Pol\u00edtica\"],\"inLanguage\":\"es\"},{\"@type\":\"WebPage\",\"@id\":\"https:\\\/\\\/www.eldiario.net\\\/portal\\\/2026\\\/08\\\/30\\\/ajam-debera-explicar-actividad-minera-cercana-a-senda-verde\\\/\",\"url\":\"https:\\\/\\\/www.eldiario.net\\\/portal\\\/2026\\\/08\\\/30\\\/ajam-debera-explicar-actividad-minera-cercana-a-senda-verde\\\/\",\"name\":\"AJAM deber\u00e1 explicar actividad minera cercana a Senda Verde - El Diario - Bolivia\",\"isPartOf\":{\"@id\":\"https:\\\/\\\/www.eldiario.net\\\/portal\\\/#website\"},\"primaryImageOfPage\":{\"@id\":\"https:\\\/\\\/www.eldiario.net\\\/portal\\\/2026\\\/08\\\/30\\\/ajam-debera-explicar-actividad-minera-cercana-a-senda-verde\\\/#primaryimage\"},\"image\":{\"@id\":\"https:\\\/\\\/www.eldiario.net\\\/portal\\\/2026\\\/08\\\/30\\\/ajam-debera-explicar-actividad-minera-cercana-a-senda-verde\\\/#primaryimage\"},\"thumbnailUrl\":\"https:\\\/\\\/www.eldiario.net\\\/portal\\\/wp-content\\\/uploads\\\/2023\\\/12\\\/Politica.jpg\",\"datePublished\":\"2026-08-30T10:58:16+00:00\",\"breadcrumb\":{\"@id\":\"https:\\\/\\\/www.eldiario.net\\\/portal\\\/2026\\\/08\\\/30\\\/ajam-debera-explicar-actividad-minera-cercana-a-senda-verde\\\/#breadcrumb\"},\"inLanguage\":\"es\",\"potentialAction\":[{\"@type\":\"ReadAction\",\"target\":[\"https:\\\/\\\/www.eldiario.net\\\/portal\\\/2026\\\/08\\\/30\\\/ajam-debera-explicar-actividad-minera-cercana-a-senda-verde\\\/\"]}]},{\"@type\":\"ImageObject\",\"inLanguage\":\"es\",\"@id\":\"https:\\\/\\\/www.eldiario.net\\\/portal\\\/2026\\\/08\\\/30\\\/ajam-debera-explicar-actividad-minera-cercana-a-senda-verde\\\/#primaryimage\",\"url\":\"https:\\\/\\\/www.eldiario.net\\\/portal\\\/wp-content\\\/uploads\\\/2023\\\/12\\\/Politica.jpg\",\"contentUrl\":\"https:\\\/\\\/www.eldiario.net\\\/portal\\\/wp-content\\\/uploads\\\/2023\\\/12\\\/Politica.jpg\",\"width\":800,\"height\":500},{\"@type\":\"BreadcrumbList\",\"@id\":\"https:\\\/\\\/www.eldiario.net\\\/portal\\\/2026\\\/08\\\/30\\\/ajam-debera-explicar-actividad-minera-cercana-a-senda-verde\\\/#breadcrumb\",\"itemListElement\":[{\"@type\":\"ListItem\",\"position\":1,\"name\":\"Portada\",\"item\":\"https:\\\/\\\/www.eldiario.net\\\/portal\\\/\"},{\"@type\":\"ListItem\",\"position\":2,\"name\":\"AJAM deber\u00e1 explicar actividad minera cercana a Senda Verde\"}]},{\"@type\":\"WebSite\",\"@id\":\"https:\\\/\\\/www.eldiario.net\\\/portal\\\/#website\",\"url\":\"https:\\\/\\\/www.eldiario.net\\\/portal\\\/\",\"name\":\"El Diario - Decano de la prensa nacional\",\"description\":\"El Diario - Decano de la prensa nacional\",\"publisher\":{\"@id\":\"https:\\\/\\\/www.eldiario.net\\\/portal\\\/#organization\"},\"potentialAction\":[{\"@type\":\"SearchAction\",\"target\":{\"@type\":\"EntryPoint\",\"urlTemplate\":\"https:\\\/\\\/www.eldiario.net\\\/portal\\\/?s={search_term_string}\"},\"query-input\":{\"@type\":\"PropertyValueSpecification\",\"valueRequired\":true,\"valueName\":\"search_term_string\"}}],\"inLanguage\":\"es\"},{\"@type\":\"Organization\",\"@id\":\"https:\\\/\\\/www.eldiario.net\\\/portal\\\/#organization\",\"name\":\"El Diario - Decano de la prensa nacional\",\"url\":\"https:\\\/\\\/www.eldiario.net\\\/portal\\\/\",\"logo\":{\"@type\":\"ImageObject\",\"inLanguage\":\"es\",\"@id\":\"https:\\\/\\\/www.eldiario.net\\\/portal\\\/#\\\/schema\\\/logo\\\/image\\\/\",\"url\":\"https:\\\/\\\/www.eldiario.net\\\/portal\\\/wp-content\\\/uploads\\\/2023\\\/07\\\/logo_ED.jpg\",\"contentUrl\":\"https:\\\/\\\/www.eldiario.net\\\/portal\\\/wp-content\\\/uploads\\\/2023\\\/07\\\/logo_ED.jpg\",\"width\":272,\"height\":52,\"caption\":\"El Diario - Decano de la prensa nacional\"},\"image\":{\"@id\":\"https:\\\/\\\/www.eldiario.net\\\/portal\\\/#\\\/schema\\\/logo\\\/image\\\/\"},\"sameAs\":[\"https:\\\/\\\/www.facebook.com\\\/eldiario.bolivia\\\/\",\"https:\\\/\\\/x.com\\\/eldiario_net\"]},{\"@type\":\"Person\",\"@id\":\"https:\\\/\\\/www.eldiario.net\\\/portal\\\/#\\\/schema\\\/person\\\/f46445640444750d7d753ccd04ae01b7\",\"name\":\"Jeanette\",\"image\":{\"@type\":\"ImageObject\",\"inLanguage\":\"es\",\"@id\":\"https:\\\/\\\/secure.gravatar.com\\\/avatar\\\/3ea2118a5f7dad2b7138b1187a6b7ee55f160b9968b66013c3a3ef39dd7e5798?s=96&d=mm&r=g\",\"url\":\"https:\\\/\\\/secure.gravatar.com\\\/avatar\\\/3ea2118a5f7dad2b7138b1187a6b7ee55f160b9968b66013c3a3ef39dd7e5798?s=96&d=mm&r=g\",\"contentUrl\":\"https:\\\/\\\/secure.gravatar.com\\\/avatar\\\/3ea2118a5f7dad2b7138b1187a6b7ee55f160b9968b66013c3a3ef39dd7e5798?s=96&d=mm&r=g\",\"caption\":\"Jeanette\"},\"sameAs\":[\"https:\\\/\\\/www.eldiario.net\\\/portal\"],\"url\":\"https:\\\/\\\/www.eldiario.net\\\/portal\\\/author\\\/jeanette\\\/\"}]}<\/script>\n<!-- \/ Yoast SEO plugin. -->","yoast_head_json":{"title":"AJAM deber\u00e1 explicar actividad minera cercana a Senda Verde - El Diario - Bolivia","robots":{"index":"index","follow":"follow","max-snippet":"max-snippet:-1","max-image-preview":"max-image-preview:large","max-video-preview":"max-video-preview:-1"},"canonical":"https:\/\/www.eldiario.net\/portal\/2026\/08\/30\/ajam-debera-explicar-actividad-minera-cercana-a-senda-verde\/","og_locale":"es_ES","og_type":"article","og_title":"AJAM deber\u00e1 explicar actividad minera cercana a Senda Verde - El Diario - Bolivia","og_description":"Ante la preocupaci\u00f3n de la sociedad por denuncias relacionadas a actividades mineras ilegales en cercan\u00edas del Santuario de Vida Silvestre Senda Verde, las diputadas Cielo Berrios y Daniela Anagua presentaron una Petici\u00f3n de Informe Escrito (PIE) a la Autoridad Jurisdiccional Administrativa Minera (AJAM) para conocer la situaci\u00f3n legal de las empresas mineras establecidas en el [&hellip;]","og_url":"https:\/\/www.eldiario.net\/portal\/2026\/08\/30\/ajam-debera-explicar-actividad-minera-cercana-a-senda-verde\/","og_site_name":"El Diario - Bolivia","article_publisher":"https:\/\/www.facebook.com\/eldiario.bolivia\/","article_published_time":"2026-08-30T10:58:16+00:00","og_image":[{"width":800,"height":500,"url":"https:\/\/www.eldiario.net\/portal\/wp-content\/uploads\/2023\/12\/Politica.jpg","type":"image\/jpeg"}],"author":"Jeanette","twitter_card":"summary_large_image","twitter_creator":"@eldiario_net","twitter_site":"@eldiario_net","twitter_misc":{"Escrito por":"Jeanette","Tiempo de lectura":"2 minutos"},"schema":{"@context":"https:\/\/schema.org","@graph":[{"@type":"Article","@id":"https:\/\/www.eldiario.net\/portal\/2026\/08\/30\/ajam-debera-explicar-actividad-minera-cercana-a-senda-verde\/#article","isPartOf":{"@id":"https:\/\/www.eldiario.net\/portal\/2026\/08\/30\/ajam-debera-explicar-actividad-minera-cercana-a-senda-verde\/"},"author":{"name":"Jeanette","@id":"https:\/\/www.eldiario.net\/portal\/#\/schema\/person\/f46445640444750d7d753ccd04ae01b7"},"headline":"AJAM deber\u00e1 explicar actividad minera cercana a Senda Verde","datePublished":"2026-08-30T10:58:16+00:00","mainEntityOfPage":{"@id":"https:\/\/www.eldiario.net\/portal\/2026\/08\/30\/ajam-debera-explicar-actividad-minera-cercana-a-senda-verde\/"},"wordCount":395,"publisher":{"@id":"https:\/\/www.eldiario.net\/portal\/#organization"},"image":{"@id":"https:\/\/www.eldiario.net\/portal\/2026\/08\/30\/ajam-debera-explicar-actividad-minera-cercana-a-senda-verde\/#primaryimage"},"thumbnailUrl":"https:\/\/www.eldiario.net\/portal\/wp-content\/uploads\/2023\/12\/Politica.jpg","articleSection":["Pol\u00edtica"],"inLanguage":"es"},{"@type":"WebPage","@id":"https:\/\/www.eldiario.net\/portal\/2026\/08\/30\/ajam-debera-explicar-actividad-minera-cercana-a-senda-verde\/","url":"https:\/\/www.eldiario.net\/portal\/2026\/08\/30\/ajam-debera-explicar-actividad-minera-cercana-a-senda-verde\/","name":"AJAM deber\u00e1 explicar actividad minera cercana a Senda Verde - El Diario - Bolivia","isPartOf":{"@id":"https:\/\/www.eldiario.net\/portal\/#website"},"primaryImageOfPage":{"@id":"https:\/\/www.eldiario.net\/portal\/2026\/08\/30\/ajam-debera-explicar-actividad-minera-cercana-a-senda-verde\/#primaryimage"},"image":{"@id":"https:\/\/www.eldiario.net\/portal\/2026\/08\/30\/ajam-debera-explicar-actividad-minera-cercana-a-senda-verde\/#primaryimage"},"thumbnailUrl":"https:\/\/www.eldiario.net\/portal\/wp-content\/uploads\/2023\/12\/Politica.jpg","datePublished":"2026-08-30T10:58:16+00:00","breadcrumb":{"@id":"https:\/\/www.eldiario.net\/portal\/2026\/08\/30\/ajam-debera-explicar-actividad-minera-cercana-a-senda-verde\/#breadcrumb"},"inLanguage":"es","potentialAction":[{"@type":"ReadAction","target":["https:\/\/www.eldiario.net\/portal\/2026\/08\/30\/ajam-debera-explicar-actividad-minera-cercana-a-senda-verde\/"]}]},{"@type":"ImageObject","inLanguage":"es","@id":"https:\/\/www.eldiario.net\/portal\/2026\/08\/30\/ajam-debera-explicar-actividad-minera-cercana-a-senda-verde\/#primaryimage","url":"https:\/\/www.eldiario.net\/portal\/wp-content\/uploads\/2023\/12\/Politica.jpg","contentUrl":"https:\/\/www.eldiario.net\/portal\/wp-content\/uploads\/2023\/12\/Politica.jpg","width":800,"height":500},{"@type":"BreadcrumbList","@id":"https:\/\/www.eldiario.net\/portal\/2026\/08\/30\/ajam-debera-explicar-actividad-minera-cercana-a-senda-verde\/#breadcrumb","itemListElement":[{"@type":"ListItem","position":1,"name":"Portada","item":"https:\/\/www.eldiario.net\/portal\/"},{"@type":"ListItem","position":2,"name":"AJAM deber\u00e1 explicar actividad minera cercana a Senda Verde"}]},{"@type":"WebSite","@id":"https:\/\/www.eldiario.net\/portal\/#website","url":"https:\/\/www.eldiario.net\/portal\/","name":"El Diario - Decano de la prensa nacional","description":"El Diario - Decano de la prensa nacional","publisher":{"@id":"https:\/\/www.eldiario.net\/portal\/#organization"},"potentialAction":[{"@type":"SearchAction","target":{"@type":"EntryPoint","urlTemplate":"https:\/\/www.eldiario.net\/portal\/?s={search_term_string}"},"query-input":{"@type":"PropertyValueSpecification","valueRequired":true,"valueName":"search_term_string"}}],"inLanguage":"es"},{"@type":"Organization","@id":"https:\/\/www.eldiario.net\/portal\/#organization","name":"El Diario - Decano de la prensa nacional","url":"https:\/\/www.eldiario.net\/portal\/","logo":{"@type":"ImageObject","inLanguage":"es","@id":"https:\/\/www.eldiario.net\/portal\/#\/schema\/logo\/image\/","url":"https:\/\/www.eldiario.net\/portal\/wp-content\/uploads\/2023\/07\/logo_ED.jpg","contentUrl":"https:\/\/www.eldiario.net\/portal\/wp-content\/uploads\/2023\/07\/logo_ED.jpg","width":272,"height":52,"caption":"El Diario - Decano de la prensa nacional"},"image":{"@id":"https:\/\/www.eldiario.net\/portal\/#\/schema\/logo\/image\/"},"sameAs":["https:\/\/www.facebook.com\/eldiario.bolivia\/","https:\/\/x.com\/eldiario_net"]},{"@type":"Person","@id":"https:\/\/www.eldiario.net\/portal\/#\/schema\/person\/f46445640444750d7d753ccd04ae01b7","name":"Jeanette","image":{"@type":"ImageObject","inLanguage":"es","@id":"https:\/\/secure.gravatar.com\/avatar\/3ea2118a5f7dad2b7138b1187a6b7ee55f160b9968b66013c3a3ef39dd7e5798?s=96&d=mm&r=g","url":"https:\/\/secure.gravatar.com\/avatar\/3ea2118a5f7dad2b7138b1187a6b7ee55f160b9968b66013c3a3ef39dd7e5798?s=96&d=mm&r=g","contentUrl":"https:\/\/secure.gravatar.com\/avatar\/3ea2118a5f7dad2b7138b1187a6b7ee55f160b9968b66013c3a3ef39dd7e5798?s=96&d=mm&r=g","caption":"Jeanette"},"sameAs":["https:\/\/www.eldiario.net\/portal"],"url":"https:\/\/www.eldiario.net\/portal\/author\/jeanette\/"}]}},"_links":{"self":[{"href":"https:\/\/www.eldiario.net\/portal\/wp-json\/wp\/v2\/posts\/425935","targetHints":{"allow":["GET"]}}],"collection":[{"href":"https:\/\/www.eldiario.net\/portal\/wp-json\/wp\/v2\/posts"}],"about":[{"href":"https:\/\/www.eldiario.net\/portal\/wp-json\/wp\/v2\/types\/post"}],"author":[{"embeddable":true,"href":"https:\/\/www.eldiario.net\/portal\/wp-json\/wp\/v2\/users\/1"}],"replies":[{"embeddable":true,"href":"https:\/\/www.eldiario.net\/portal\/wp-json\/wp\/v2\/comments?post=425935"}],"version-history":[{"count":1,"href":"https:\/\/www.eldiario.net\/portal\/wp-json\/wp\/v2\/posts\/425935\/revisions"}],"predecessor-version":[{"id":425936,"href":"https:\/\/www.eldiario.net\/portal\/wp-json\/wp\/v2\/posts\/425935\/revisions\/425936"}],"wp:featuredmedia":[{"embeddable":true,"href":"https:\/\/www.eldiario.net\/portal\/wp-json\/wp\/v2\/media\/194754"}],"wp:attachment":[{"href":"https:\/\/www.eldiario.net\/portal\/wp-json\/wp\/v2\/media?parent=425935"}],"wp:term":[{"taxonomy":"category","embeddable":true,"href":"https:\/\/www.eldiario.net\/portal\/wp-json\/wp\/v2\/categories?post=425935"},{"taxonomy":"post_tag","embeddable":true,"href":"https:\/\/www.eldiario.net\/portal\/wp-json\/wp\/v2\/tags?post=425935"}],"curies":[{"name":"wp","href":"https:\/\/api.w.org\/{rel}","templated":true}]}}