{"id":425933,"date":"2026-08-30T06:57:41","date_gmt":"2026-08-30T10:57:41","guid":{"rendered":"https:\/\/www.eldiario.net\/portal\/?p=425933"},"modified":"2026-08-30T06:57:41","modified_gmt":"2026-08-30T10:57:41","slug":"plataformas-piden-a-opositores-no-ser-tontos-utiles-del-evismo","status":"publish","type":"post","link":"https:\/\/www.eldiario.net\/portal\/2026\/08\/30\/plataformas-piden-a-opositores-no-ser-tontos-utiles-del-evismo\/","title":{"rendered":"Plataformas piden a opositores  no ser \u201ctontos \u00fatiles del evismo\u201d"},"content":{"rendered":"<p>Ante constantes amenazas respecto al inicio de nuevas movilizaciones y medidas de presi\u00f3n una vez que finalice la vigencia del actual estado de excepci\u00f3n, representantes de plataformas ciudadanas 21-F se declararon en estado de emergencia por el accionar subversivo del \u201cevismo\u201d, adem\u00e1s de pedir a opositores \u201cno ser tontos \u00fatiles\u201d en la estrategia armada por Evo Morales para retomar el poder.<br \/>\n\u201cComo plataformas ciudadanas del 21-F nos declaramos en estado de emergencia ante las amenazas de sectores afines a Evo Morales, grupos que pretenden volver a convulsionar el pa\u00eds una vez que concluya el estado de excepci\u00f3n, utilizando como excusa lo que ha sido el caso Beller, todo para tumbar ilegalmente al presidente de Bolivia, Rodrigo Paz\u201d, explic\u00f3 el activista Konrad Arana.<br \/>\nSe\u00f1al\u00f3 adem\u00e1s que las plataformas ciudadanas rechazan las maniobras del \u201cevismo\u201d y sus aliados para atentar contra la democracia a trav\u00e9s de la ruptura del orden constitucional en su af\u00e1n por retomar el poder por la fuerza, por lo que se insta a actores pol\u00edticos y legisladores de oposici\u00f3n a no replicar ni amplificar discursos que buscan desprestigiar y afectar pol\u00edticamente a la actual administraci\u00f3n.<br \/>\n\u201cExhortamos a la oposici\u00f3n a que no sirvan de tontos \u00fatiles a la estrategia armada por Evo Morales. Nuestro compromiso es con la democracia y con el pa\u00eds, porque el evismo y su gente no pueden volver al poder para robar como lo han hecho en los \u00faltimos veinte a\u00f1os\u201d, expres\u00f3.<br \/>\nEn criterio de Arana, demandas como mantener la subvenci\u00f3n a los hidrocarburos en un contexto de crisis econ\u00f3mica, adem\u00e1s de las denuncias y supuestas vinculaciones alrededor del caso Cerimedo-Beller, son usadas por el \u201cevismo\u201d y sus aliados para debilitar pol\u00edticamente al gobierno perjudicando a la poblaci\u00f3n.<br \/>\n\u201cUnas nuevas elecciones o un cambio de gobierno no va cambiar m\u00e1gicamente lo que es la situaci\u00f3n que vivimos en el pa\u00eds\u201d, sostuvo el activista, apuntando que las plataformas respaldan una posible ampliaci\u00f3n del estado de excepci\u00f3n, como \u00fanica forma de evitar que se vuelva a perjudicar a la poblaci\u00f3n con medidas de presi\u00f3n que afectan directamente a trabajadores, estudiantes, empresarios, emprendedores y al turismo.<br \/>\nEsta semana, ante reiteradas amenazas de convulsi\u00f3n social expresadas por distintos sectores, entre ellos, el \u201cevismo\u201d en la regi\u00f3n del Chapare, el diputado oficialista Manolo Rojas anunci\u00f3 la presentaci\u00f3n de un proyecto de ley para extender la vigencia del actual estado de excepci\u00f3n, no solo para prevenir y contener protestas sociales, sino tambi\u00e9n para colaborar en tareas de reacci\u00f3n inmediata ante diferentes eventos clim\u00e1ticos.<br \/>\nEn criterio del legislador pace\u00f1o, en la actual coyuntura, es vital mantener la paz social en el pa\u00eds, evitando que sectores radicalizados interesados en la ruptura del orden constitucional, capitalicen en su favor las protestas que se vienen anunciando para los pr\u00f3ximos meses.<\/p>\n","protected":false},"excerpt":{"rendered":"<p>Ante constantes amenazas respecto al inicio de nuevas movilizaciones y medidas de presi\u00f3n una vez que finalice la vigencia del actual estado de excepci\u00f3n, representantes de plataformas ciudadanas 21-F se declararon en estado de emergencia por el accionar subversivo del \u201cevismo\u201d, adem\u00e1s de pedir a opositores \u201cno ser tontos \u00fatiles\u201d en la estrategia armada por [&hellip;]<\/p>\n","protected":false},"author":1,"featured_media":194754,"comment_status":"closed","ping_status":"open","sticky":false,"template":"","format":"standard","meta":{"_acf_changed":false,"footnotes":""},"categories":[14],"tags":[],"class_list":["post-425933","post","type-post","status-publish","format-standard","has-post-thumbnail","category-politica"],"acf":{"antetitulo":""},"yoast_head":"<!-- This site is optimized with the Yoast SEO plugin v28.3 - https:\/\/yoast.com\/product\/yoast-seo-wordpress\/ -->\n<title>Plataformas piden a opositores no ser \u201ctontos \u00fatiles del evismo\u201d - El Diario - Bolivia<\/title>\n<meta name=\"robots\" content=\"index, follow, max-snippet:-1, max-image-preview:large, max-video-preview:-1\" \/>\n<link rel=\"canonical\" href=\"https:\/\/www.eldiario.net\/portal\/2026\/08\/30\/plataformas-piden-a-opositores-no-ser-tontos-utiles-del-evismo\/\" \/>\n<meta property=\"og:locale\" content=\"es_ES\" \/>\n<meta property=\"og:type\" content=\"article\" \/>\n<meta property=\"og:title\" content=\"Plataformas piden a opositores no ser \u201ctontos \u00fatiles del evismo\u201d - El Diario - Bolivia\" \/>\n<meta property=\"og:description\" content=\"Ante constantes amenazas respecto al inicio de nuevas movilizaciones y medidas de presi\u00f3n una vez que finalice la vigencia del actual estado de excepci\u00f3n, representantes de plataformas ciudadanas 21-F se declararon en estado de emergencia por el accionar subversivo del \u201cevismo\u201d, adem\u00e1s de pedir a opositores \u201cno ser tontos \u00fatiles\u201d en la estrategia armada por [&hellip;]\" \/>\n<meta property=\"og:url\" content=\"https:\/\/www.eldiario.net\/portal\/2026\/08\/30\/plataformas-piden-a-opositores-no-ser-tontos-utiles-del-evismo\/\" \/>\n<meta property=\"og:site_name\" content=\"El Diario - Bolivia\" \/>\n<meta property=\"article:publisher\" content=\"https:\/\/www.facebook.com\/eldiario.bolivia\/\" \/>\n<meta property=\"article:published_time\" content=\"2026-08-30T10:57:41+00:00\" \/>\n<meta property=\"og:image\" content=\"https:\/\/www.eldiario.net\/portal\/wp-content\/uploads\/2023\/12\/Politica.jpg\" \/>\n\t<meta property=\"og:image:width\" content=\"800\" \/>\n\t<meta property=\"og:image:height\" content=\"500\" \/>\n\t<meta property=\"og:image:type\" content=\"image\/jpeg\" \/>\n<meta name=\"author\" content=\"Jeanette\" \/>\n<meta name=\"twitter:card\" content=\"summary_large_image\" \/>\n<meta name=\"twitter:creator\" content=\"@eldiario_net\" \/>\n<meta name=\"twitter:site\" content=\"@eldiario_net\" \/>\n<meta name=\"twitter:label1\" content=\"Escrito por\" \/>\n\t<meta name=\"twitter:data1\" content=\"Jeanette\" \/>\n\t<meta name=\"twitter:label2\" content=\"Tiempo de lectura\" \/>\n\t<meta name=\"twitter:data2\" content=\"3 minutos\" \/>\n<script type=\"application\/ld+json\" class=\"yoast-schema-graph\">{\"@context\":\"https:\\\/\\\/schema.org\",\"@graph\":[{\"@type\":\"Article\",\"@id\":\"https:\\\/\\\/www.eldiario.net\\\/portal\\\/2026\\\/08\\\/30\\\/plataformas-piden-a-opositores-no-ser-tontos-utiles-del-evismo\\\/#article\",\"isPartOf\":{\"@id\":\"https:\\\/\\\/www.eldiario.net\\\/portal\\\/2026\\\/08\\\/30\\\/plataformas-piden-a-opositores-no-ser-tontos-utiles-del-evismo\\\/\"},\"author\":{\"name\":\"Jeanette\",\"@id\":\"https:\\\/\\\/www.eldiario.net\\\/portal\\\/#\\\/schema\\\/person\\\/f46445640444750d7d753ccd04ae01b7\"},\"headline\":\"Plataformas piden a opositores no ser \u201ctontos \u00fatiles del evismo\u201d\",\"datePublished\":\"2026-08-30T10:57:41+00:00\",\"mainEntityOfPage\":{\"@id\":\"https:\\\/\\\/www.eldiario.net\\\/portal\\\/2026\\\/08\\\/30\\\/plataformas-piden-a-opositores-no-ser-tontos-utiles-del-evismo\\\/\"},\"wordCount\":504,\"publisher\":{\"@id\":\"https:\\\/\\\/www.eldiario.net\\\/portal\\\/#organization\"},\"image\":{\"@id\":\"https:\\\/\\\/www.eldiario.net\\\/portal\\\/2026\\\/08\\\/30\\\/plataformas-piden-a-opositores-no-ser-tontos-utiles-del-evismo\\\/#primaryimage\"},\"thumbnailUrl\":\"https:\\\/\\\/www.eldiario.net\\\/portal\\\/wp-content\\\/uploads\\\/2023\\\/12\\\/Politica.jpg\",\"articleSection\":[\"Pol\u00edtica\"],\"inLanguage\":\"es\"},{\"@type\":\"WebPage\",\"@id\":\"https:\\\/\\\/www.eldiario.net\\\/portal\\\/2026\\\/08\\\/30\\\/plataformas-piden-a-opositores-no-ser-tontos-utiles-del-evismo\\\/\",\"url\":\"https:\\\/\\\/www.eldiario.net\\\/portal\\\/2026\\\/08\\\/30\\\/plataformas-piden-a-opositores-no-ser-tontos-utiles-del-evismo\\\/\",\"name\":\"Plataformas piden a opositores no ser \u201ctontos \u00fatiles del evismo\u201d - El Diario - Bolivia\",\"isPartOf\":{\"@id\":\"https:\\\/\\\/www.eldiario.net\\\/portal\\\/#website\"},\"primaryImageOfPage\":{\"@id\":\"https:\\\/\\\/www.eldiario.net\\\/portal\\\/2026\\\/08\\\/30\\\/plataformas-piden-a-opositores-no-ser-tontos-utiles-del-evismo\\\/#primaryimage\"},\"image\":{\"@id\":\"https:\\\/\\\/www.eldiario.net\\\/portal\\\/2026\\\/08\\\/30\\\/plataformas-piden-a-opositores-no-ser-tontos-utiles-del-evismo\\\/#primaryimage\"},\"thumbnailUrl\":\"https:\\\/\\\/www.eldiario.net\\\/portal\\\/wp-content\\\/uploads\\\/2023\\\/12\\\/Politica.jpg\",\"datePublished\":\"2026-08-30T10:57:41+00:00\",\"breadcrumb\":{\"@id\":\"https:\\\/\\\/www.eldiario.net\\\/portal\\\/2026\\\/08\\\/30\\\/plataformas-piden-a-opositores-no-ser-tontos-utiles-del-evismo\\\/#breadcrumb\"},\"inLanguage\":\"es\",\"potentialAction\":[{\"@type\":\"ReadAction\",\"target\":[\"https:\\\/\\\/www.eldiario.net\\\/portal\\\/2026\\\/08\\\/30\\\/plataformas-piden-a-opositores-no-ser-tontos-utiles-del-evismo\\\/\"]}]},{\"@type\":\"ImageObject\",\"inLanguage\":\"es\",\"@id\":\"https:\\\/\\\/www.eldiario.net\\\/portal\\\/2026\\\/08\\\/30\\\/plataformas-piden-a-opositores-no-ser-tontos-utiles-del-evismo\\\/#primaryimage\",\"url\":\"https:\\\/\\\/www.eldiario.net\\\/portal\\\/wp-content\\\/uploads\\\/2023\\\/12\\\/Politica.jpg\",\"contentUrl\":\"https:\\\/\\\/www.eldiario.net\\\/portal\\\/wp-content\\\/uploads\\\/2023\\\/12\\\/Politica.jpg\",\"width\":800,\"height\":500},{\"@type\":\"BreadcrumbList\",\"@id\":\"https:\\\/\\\/www.eldiario.net\\\/portal\\\/2026\\\/08\\\/30\\\/plataformas-piden-a-opositores-no-ser-tontos-utiles-del-evismo\\\/#breadcrumb\",\"itemListElement\":[{\"@type\":\"ListItem\",\"position\":1,\"name\":\"Portada\",\"item\":\"https:\\\/\\\/www.eldiario.net\\\/portal\\\/\"},{\"@type\":\"ListItem\",\"position\":2,\"name\":\"Plataformas piden a opositores no ser \u201ctontos \u00fatiles del evismo\u201d\"}]},{\"@type\":\"WebSite\",\"@id\":\"https:\\\/\\\/www.eldiario.net\\\/portal\\\/#website\",\"url\":\"https:\\\/\\\/www.eldiario.net\\\/portal\\\/\",\"name\":\"El Diario - Decano de la prensa nacional\",\"description\":\"El Diario - Decano de la prensa nacional\",\"publisher\":{\"@id\":\"https:\\\/\\\/www.eldiario.net\\\/portal\\\/#organization\"},\"potentialAction\":[{\"@type\":\"SearchAction\",\"target\":{\"@type\":\"EntryPoint\",\"urlTemplate\":\"https:\\\/\\\/www.eldiario.net\\\/portal\\\/?s={search_term_string}\"},\"query-input\":{\"@type\":\"PropertyValueSpecification\",\"valueRequired\":true,\"valueName\":\"search_term_string\"}}],\"inLanguage\":\"es\"},{\"@type\":\"Organization\",\"@id\":\"https:\\\/\\\/www.eldiario.net\\\/portal\\\/#organization\",\"name\":\"El Diario - Decano de la prensa nacional\",\"url\":\"https:\\\/\\\/www.eldiario.net\\\/portal\\\/\",\"logo\":{\"@type\":\"ImageObject\",\"inLanguage\":\"es\",\"@id\":\"https:\\\/\\\/www.eldiario.net\\\/portal\\\/#\\\/schema\\\/logo\\\/image\\\/\",\"url\":\"https:\\\/\\\/www.eldiario.net\\\/portal\\\/wp-content\\\/uploads\\\/2023\\\/07\\\/logo_ED.jpg\",\"contentUrl\":\"https:\\\/\\\/www.eldiario.net\\\/portal\\\/wp-content\\\/uploads\\\/2023\\\/07\\\/logo_ED.jpg\",\"width\":272,\"height\":52,\"caption\":\"El Diario - Decano de la prensa nacional\"},\"image\":{\"@id\":\"https:\\\/\\\/www.eldiario.net\\\/portal\\\/#\\\/schema\\\/logo\\\/image\\\/\"},\"sameAs\":[\"https:\\\/\\\/www.facebook.com\\\/eldiario.bolivia\\\/\",\"https:\\\/\\\/x.com\\\/eldiario_net\"]},{\"@type\":\"Person\",\"@id\":\"https:\\\/\\\/www.eldiario.net\\\/portal\\\/#\\\/schema\\\/person\\\/f46445640444750d7d753ccd04ae01b7\",\"name\":\"Jeanette\",\"image\":{\"@type\":\"ImageObject\",\"inLanguage\":\"es\",\"@id\":\"https:\\\/\\\/secure.gravatar.com\\\/avatar\\\/3ea2118a5f7dad2b7138b1187a6b7ee55f160b9968b66013c3a3ef39dd7e5798?s=96&d=mm&r=g\",\"url\":\"https:\\\/\\\/secure.gravatar.com\\\/avatar\\\/3ea2118a5f7dad2b7138b1187a6b7ee55f160b9968b66013c3a3ef39dd7e5798?s=96&d=mm&r=g\",\"contentUrl\":\"https:\\\/\\\/secure.gravatar.com\\\/avatar\\\/3ea2118a5f7dad2b7138b1187a6b7ee55f160b9968b66013c3a3ef39dd7e5798?s=96&d=mm&r=g\",\"caption\":\"Jeanette\"},\"sameAs\":[\"https:\\\/\\\/www.eldiario.net\\\/portal\"],\"url\":\"https:\\\/\\\/www.eldiario.net\\\/portal\\\/author\\\/jeanette\\\/\"}]}<\/script>\n<!-- \/ Yoast SEO plugin. -->","yoast_head_json":{"title":"Plataformas piden a opositores no ser \u201ctontos \u00fatiles del evismo\u201d - El Diario - Bolivia","robots":{"index":"index","follow":"follow","max-snippet":"max-snippet:-1","max-image-preview":"max-image-preview:large","max-video-preview":"max-video-preview:-1"},"canonical":"https:\/\/www.eldiario.net\/portal\/2026\/08\/30\/plataformas-piden-a-opositores-no-ser-tontos-utiles-del-evismo\/","og_locale":"es_ES","og_type":"article","og_title":"Plataformas piden a opositores no ser \u201ctontos \u00fatiles del evismo\u201d - El Diario - Bolivia","og_description":"Ante constantes amenazas respecto al inicio de nuevas movilizaciones y medidas de presi\u00f3n una vez que finalice la vigencia del actual estado de excepci\u00f3n, representantes de plataformas ciudadanas 21-F se declararon en estado de emergencia por el accionar subversivo del \u201cevismo\u201d, adem\u00e1s de pedir a opositores \u201cno ser tontos \u00fatiles\u201d en la estrategia armada por [&hellip;]","og_url":"https:\/\/www.eldiario.net\/portal\/2026\/08\/30\/plataformas-piden-a-opositores-no-ser-tontos-utiles-del-evismo\/","og_site_name":"El Diario - Bolivia","article_publisher":"https:\/\/www.facebook.com\/eldiario.bolivia\/","article_published_time":"2026-08-30T10:57:41+00:00","og_image":[{"width":800,"height":500,"url":"https:\/\/www.eldiario.net\/portal\/wp-content\/uploads\/2023\/12\/Politica.jpg","type":"image\/jpeg"}],"author":"Jeanette","twitter_card":"summary_large_image","twitter_creator":"@eldiario_net","twitter_site":"@eldiario_net","twitter_misc":{"Escrito por":"Jeanette","Tiempo de lectura":"3 minutos"},"schema":{"@context":"https:\/\/schema.org","@graph":[{"@type":"Article","@id":"https:\/\/www.eldiario.net\/portal\/2026\/08\/30\/plataformas-piden-a-opositores-no-ser-tontos-utiles-del-evismo\/#article","isPartOf":{"@id":"https:\/\/www.eldiario.net\/portal\/2026\/08\/30\/plataformas-piden-a-opositores-no-ser-tontos-utiles-del-evismo\/"},"author":{"name":"Jeanette","@id":"https:\/\/www.eldiario.net\/portal\/#\/schema\/person\/f46445640444750d7d753ccd04ae01b7"},"headline":"Plataformas piden a opositores no ser \u201ctontos \u00fatiles del evismo\u201d","datePublished":"2026-08-30T10:57:41+00:00","mainEntityOfPage":{"@id":"https:\/\/www.eldiario.net\/portal\/2026\/08\/30\/plataformas-piden-a-opositores-no-ser-tontos-utiles-del-evismo\/"},"wordCount":504,"publisher":{"@id":"https:\/\/www.eldiario.net\/portal\/#organization"},"image":{"@id":"https:\/\/www.eldiario.net\/portal\/2026\/08\/30\/plataformas-piden-a-opositores-no-ser-tontos-utiles-del-evismo\/#primaryimage"},"thumbnailUrl":"https:\/\/www.eldiario.net\/portal\/wp-content\/uploads\/2023\/12\/Politica.jpg","articleSection":["Pol\u00edtica"],"inLanguage":"es"},{"@type":"WebPage","@id":"https:\/\/www.eldiario.net\/portal\/2026\/08\/30\/plataformas-piden-a-opositores-no-ser-tontos-utiles-del-evismo\/","url":"https:\/\/www.eldiario.net\/portal\/2026\/08\/30\/plataformas-piden-a-opositores-no-ser-tontos-utiles-del-evismo\/","name":"Plataformas piden a opositores no ser \u201ctontos \u00fatiles del evismo\u201d - El Diario - Bolivia","isPartOf":{"@id":"https:\/\/www.eldiario.net\/portal\/#website"},"primaryImageOfPage":{"@id":"https:\/\/www.eldiario.net\/portal\/2026\/08\/30\/plataformas-piden-a-opositores-no-ser-tontos-utiles-del-evismo\/#primaryimage"},"image":{"@id":"https:\/\/www.eldiario.net\/portal\/2026\/08\/30\/plataformas-piden-a-opositores-no-ser-tontos-utiles-del-evismo\/#primaryimage"},"thumbnailUrl":"https:\/\/www.eldiario.net\/portal\/wp-content\/uploads\/2023\/12\/Politica.jpg","datePublished":"2026-08-30T10:57:41+00:00","breadcrumb":{"@id":"https:\/\/www.eldiario.net\/portal\/2026\/08\/30\/plataformas-piden-a-opositores-no-ser-tontos-utiles-del-evismo\/#breadcrumb"},"inLanguage":"es","potentialAction":[{"@type":"ReadAction","target":["https:\/\/www.eldiario.net\/portal\/2026\/08\/30\/plataformas-piden-a-opositores-no-ser-tontos-utiles-del-evismo\/"]}]},{"@type":"ImageObject","inLanguage":"es","@id":"https:\/\/www.eldiario.net\/portal\/2026\/08\/30\/plataformas-piden-a-opositores-no-ser-tontos-utiles-del-evismo\/#primaryimage","url":"https:\/\/www.eldiario.net\/portal\/wp-content\/uploads\/2023\/12\/Politica.jpg","contentUrl":"https:\/\/www.eldiario.net\/portal\/wp-content\/uploads\/2023\/12\/Politica.jpg","width":800,"height":500},{"@type":"BreadcrumbList","@id":"https:\/\/www.eldiario.net\/portal\/2026\/08\/30\/plataformas-piden-a-opositores-no-ser-tontos-utiles-del-evismo\/#breadcrumb","itemListElement":[{"@type":"ListItem","position":1,"name":"Portada","item":"https:\/\/www.eldiario.net\/portal\/"},{"@type":"ListItem","position":2,"name":"Plataformas piden a opositores no ser \u201ctontos \u00fatiles del evismo\u201d"}]},{"@type":"WebSite","@id":"https:\/\/www.eldiario.net\/portal\/#website","url":"https:\/\/www.eldiario.net\/portal\/","name":"El Diario - Decano de la prensa nacional","description":"El Diario - Decano de la prensa nacional","publisher":{"@id":"https:\/\/www.eldiario.net\/portal\/#organization"},"potentialAction":[{"@type":"SearchAction","target":{"@type":"EntryPoint","urlTemplate":"https:\/\/www.eldiario.net\/portal\/?s={search_term_string}"},"query-input":{"@type":"PropertyValueSpecification","valueRequired":true,"valueName":"search_term_string"}}],"inLanguage":"es"},{"@type":"Organization","@id":"https:\/\/www.eldiario.net\/portal\/#organization","name":"El Diario - Decano de la prensa nacional","url":"https:\/\/www.eldiario.net\/portal\/","logo":{"@type":"ImageObject","inLanguage":"es","@id":"https:\/\/www.eldiario.net\/portal\/#\/schema\/logo\/image\/","url":"https:\/\/www.eldiario.net\/portal\/wp-content\/uploads\/2023\/07\/logo_ED.jpg","contentUrl":"https:\/\/www.eldiario.net\/portal\/wp-content\/uploads\/2023\/07\/logo_ED.jpg","width":272,"height":52,"caption":"El Diario - Decano de la prensa nacional"},"image":{"@id":"https:\/\/www.eldiario.net\/portal\/#\/schema\/logo\/image\/"},"sameAs":["https:\/\/www.facebook.com\/eldiario.bolivia\/","https:\/\/x.com\/eldiario_net"]},{"@type":"Person","@id":"https:\/\/www.eldiario.net\/portal\/#\/schema\/person\/f46445640444750d7d753ccd04ae01b7","name":"Jeanette","image":{"@type":"ImageObject","inLanguage":"es","@id":"https:\/\/secure.gravatar.com\/avatar\/3ea2118a5f7dad2b7138b1187a6b7ee55f160b9968b66013c3a3ef39dd7e5798?s=96&d=mm&r=g","url":"https:\/\/secure.gravatar.com\/avatar\/3ea2118a5f7dad2b7138b1187a6b7ee55f160b9968b66013c3a3ef39dd7e5798?s=96&d=mm&r=g","contentUrl":"https:\/\/secure.gravatar.com\/avatar\/3ea2118a5f7dad2b7138b1187a6b7ee55f160b9968b66013c3a3ef39dd7e5798?s=96&d=mm&r=g","caption":"Jeanette"},"sameAs":["https:\/\/www.eldiario.net\/portal"],"url":"https:\/\/www.eldiario.net\/portal\/author\/jeanette\/"}]}},"_links":{"self":[{"href":"https:\/\/www.eldiario.net\/portal\/wp-json\/wp\/v2\/posts\/425933","targetHints":{"allow":["GET"]}}],"collection":[{"href":"https:\/\/www.eldiario.net\/portal\/wp-json\/wp\/v2\/posts"}],"about":[{"href":"https:\/\/www.eldiario.net\/portal\/wp-json\/wp\/v2\/types\/post"}],"author":[{"embeddable":true,"href":"https:\/\/www.eldiario.net\/portal\/wp-json\/wp\/v2\/users\/1"}],"replies":[{"embeddable":true,"href":"https:\/\/www.eldiario.net\/portal\/wp-json\/wp\/v2\/comments?post=425933"}],"version-history":[{"count":1,"href":"https:\/\/www.eldiario.net\/portal\/wp-json\/wp\/v2\/posts\/425933\/revisions"}],"predecessor-version":[{"id":425934,"href":"https:\/\/www.eldiario.net\/portal\/wp-json\/wp\/v2\/posts\/425933\/revisions\/425934"}],"wp:featuredmedia":[{"embeddable":true,"href":"https:\/\/www.eldiario.net\/portal\/wp-json\/wp\/v2\/media\/194754"}],"wp:attachment":[{"href":"https:\/\/www.eldiario.net\/portal\/wp-json\/wp\/v2\/media?parent=425933"}],"wp:term":[{"taxonomy":"category","embeddable":true,"href":"https:\/\/www.eldiario.net\/portal\/wp-json\/wp\/v2\/categories?post=425933"},{"taxonomy":"post_tag","embeddable":true,"href":"https:\/\/www.eldiario.net\/portal\/wp-json\/wp\/v2\/tags?post=425933"}],"curies":[{"name":"wp","href":"https:\/\/api.w.org\/{rel}","templated":true}]}}