{"id":425930,"date":"2026-08-30T06:56:35","date_gmt":"2026-08-30T10:56:35","guid":{"rendered":"https:\/\/www.eldiario.net\/portal\/?p=425930"},"modified":"2026-08-30T06:56:35","modified_gmt":"2026-08-30T10:56:35","slug":"constatan-que-capacidad-de-saka-churu-es-hasta-octubre","status":"publish","type":"post","link":"https:\/\/www.eldiario.net\/portal\/2026\/08\/30\/constatan-que-capacidad-de-saka-churu-es-hasta-octubre\/","title":{"rendered":"Constatan que capacidad de  Sak\u2019a Churu es hasta octubre"},"content":{"rendered":"<p>Durante una inspecci\u00f3n al relleno sanitario de Sak\u2019a Churu, para verificar la situaci\u00f3n del lugar y si la empresa concesionaria cumple las cl\u00e1usulas contractuales, autoridades del municipio pace\u00f1o constataron que no hay ning\u00fan tipo de avance por parte de la empresa respecto a sus obligaciones, pero lo m\u00e1s preocupante es que, seg\u00fan los informes, el vertedero cuenta con capacidad l\u00edmite hasta octubre de este a\u00f1o.<br \/>\nEl alcalde de La Paz, C\u00e9sar Dockweiler, advirti\u00f3 sobre la gravedad del sistema de basura, al se\u00f1alar que el tema del relleno sanitario \u201ces de emergencia para la Ciudad de La Paz\u201d.<br \/>\nRecord\u00f3 que cuando asumi\u00f3 el cargo, hace m\u00e1s de tres meses, ya hab\u00eda advertido que La Paz deb\u00eda resolver dos emergencias en calidad de urgencia: el tema de riesgos, por el fen\u00f3meno de El Ni\u00f1o, y el relleno sanitario.<br \/>\nApunt\u00f3 que, seg\u00fan el informe del Banco Interamericano de Desarrollo (BID), el espacio actual solo alcanzar\u00e1 hasta octubre. Por eso, iniciaron gestiones, buscando contactos y avances para conseguir respaldo financiero y t\u00e9cnico fuera del pa\u00eds, as\u00ed trabajar en un proyecto que est\u00e1 en su etapa final y del que, adelant\u00f3, se dar\u00e1 mayores detalles en los pr\u00f3ximos d\u00edas.<br \/>\nEl burgomaestre, tras la inspecci\u00f3n, tambi\u00e9n denunci\u00f3 que hubo irresponsabilidad por parte de la gesti\u00f3n municipal anterior, por dejar a la ciudad en una emergencia al no prever espacios adecuados para la disposici\u00f3n de la basura.<br \/>\n\u201cLa anterior gesti\u00f3n ha sido totalmente irresponsable (\u2026) no nos ha dejado campo en el relleno sanitario (&#8230;) nos han dejado Sak\u2019a Churu con espacio solo para el mes de octubre, es decir, septiembre, octubre y se acab\u00f3 el espacio\u201d, recalc\u00f3 Dockweiler.<br \/>\nAdem\u00e1s, la autoridad municipal cuestion\u00f3 la forma en que se origin\u00f3 y se prorrog\u00f3 el contrato de emergencia bajo administraciones pasadas \u2014el cual ser\u00e1 sometido a auditor\u00edas\u2014 y confirm\u00f3 que, al concluir el contrato de la empresa este 31 de agosto, el Gobierno Municipal retomar\u00e1 de manera directa las operaciones.<br \/>\nUno de los incumplimientos de la empresa concesionaria se relaciona con la habilitaci\u00f3n de un espacio que permita a la urbe pace\u00f1a, depositar residuos por lo menos durante seis meses m\u00e1s.<br \/>\nExplic\u00f3 que la empresa que est\u00e1 haciendo el servicio fue contratada por supuesta emergencia cuando la operaci\u00f3n la estaba realizando el Gobierno Municipal de La Paz, el a\u00f1o 2024, y la volvi\u00f3 a contratar con la firma de un contrato modificatorio-ampliatorio, cuando se present\u00f3 otra emergencia.<br \/>\nEntonces, \u201cesa empresa es la que ya deb\u00eda haber habilitado una celda para seis meses adicionales, en este momento no existe esa celda de los seis meses adicionales\u201d, sostuvo.<br \/>\nAnte esa situaci\u00f3n, la Alcald\u00eda exige que la empresa cumpla con las condiciones vigentes para garantizar el espacio operativo por seis meses adicionales, mientras se estabilizan los procesos de transici\u00f3n.<br \/>\nDurante el recorrido de fiscalizaci\u00f3n, el alcalde indic\u00f3 que la postura de la concesionaria evidenciaba una falta de voluntad para cumplir con las normativas vigentes.<br \/>\n\u201cAparentemente, pretend\u00edan no dar continuidad o incumplir el contrato; sin embargo, vamos a exigir que se cumpla para desarrollar ese espacio que ya tenemos identificado. No solo eso, sino que hemos previsto una zona adicional que nos otorgar\u00e1 una vida \u00fatil de dos a dos a\u00f1os y medio\u201d, adelant\u00f3 la autoridad municipal.<br \/>\nPero, \u201cya hemos identificado el lugar donde vamos a tener la planta de tratamiento de residuos s\u00f3lidos. No solamente para la ciudad de La Paz, sino es una planta metropolitana\u201d, se\u00f1al\u00f3 el alcalde pace\u00f1o.<br \/>\nDATO<br \/>\nTras casi 15 d\u00edas de conflicto que hubo en La Paz y con la paralizaci\u00f3n del recojo de basura durante ese tiempo, la acumulaci\u00f3n de residuos en v\u00eda p\u00fablica hizo que el relleno sanitario de Sak\u2019a Churu recibiera 1.177 toneladas de residuos s\u00f3lidos en un solo d\u00eda; es decir, casi el doble de las 650 toneladas que maneja normalmente por jornada.<\/p>\n","protected":false},"excerpt":{"rendered":"<p>Durante una inspecci\u00f3n al relleno sanitario de Sak\u2019a Churu, para verificar la situaci\u00f3n del lugar y si la empresa concesionaria cumple las cl\u00e1usulas contractuales, autoridades del municipio pace\u00f1o constataron que no hay ning\u00fan tipo de avance por parte de la empresa respecto a sus obligaciones, pero lo m\u00e1s preocupante es que, seg\u00fan los informes, el [&hellip;]<\/p>\n","protected":false},"author":1,"featured_media":425931,"comment_status":"closed","ping_status":"open","sticky":false,"template":"","format":"standard","meta":{"_acf_changed":false,"footnotes":""},"categories":[12],"tags":[],"class_list":["post-425930","post","type-post","status-publish","format-standard","has-post-thumbnail","category-nacional"],"acf":{"antetitulo":"Alcald\u00eda exige espacio para seis meses m\u00e1s"},"yoast_head":"<!-- This site is optimized with the Yoast SEO plugin v28.3 - https:\/\/yoast.com\/product\/yoast-seo-wordpress\/ -->\n<title>Constatan que capacidad de Sak\u2019a Churu es hasta octubre - El Diario - Bolivia<\/title>\n<meta name=\"robots\" content=\"index, follow, max-snippet:-1, max-image-preview:large, max-video-preview:-1\" \/>\n<link rel=\"canonical\" href=\"https:\/\/www.eldiario.net\/portal\/2026\/08\/30\/constatan-que-capacidad-de-saka-churu-es-hasta-octubre\/\" \/>\n<meta property=\"og:locale\" content=\"es_ES\" \/>\n<meta property=\"og:type\" content=\"article\" \/>\n<meta property=\"og:title\" content=\"Constatan que capacidad de Sak\u2019a Churu es hasta octubre - El Diario - Bolivia\" \/>\n<meta property=\"og:description\" content=\"Durante una inspecci\u00f3n al relleno sanitario de Sak\u2019a Churu, para verificar la situaci\u00f3n del lugar y si la empresa concesionaria cumple las cl\u00e1usulas contractuales, autoridades del municipio pace\u00f1o constataron que no hay ning\u00fan tipo de avance por parte de la empresa respecto a sus obligaciones, pero lo m\u00e1s preocupante es que, seg\u00fan los informes, el [&hellip;]\" \/>\n<meta property=\"og:url\" content=\"https:\/\/www.eldiario.net\/portal\/2026\/08\/30\/constatan-que-capacidad-de-saka-churu-es-hasta-octubre\/\" \/>\n<meta property=\"og:site_name\" content=\"El Diario - Bolivia\" \/>\n<meta property=\"article:publisher\" content=\"https:\/\/www.facebook.com\/eldiario.bolivia\/\" \/>\n<meta property=\"article:published_time\" content=\"2026-08-30T10:56:35+00:00\" \/>\n<meta property=\"og:image\" content=\"https:\/\/www.eldiario.net\/portal\/wp-content\/uploads\/2026\/08\/F-1-Saka.webp\" \/>\n\t<meta property=\"og:image:width\" content=\"1024\" \/>\n\t<meta property=\"og:image:height\" content=\"682\" \/>\n\t<meta property=\"og:image:type\" content=\"image\/webp\" \/>\n<meta name=\"author\" content=\"Jeanette\" \/>\n<meta name=\"twitter:card\" content=\"summary_large_image\" \/>\n<meta name=\"twitter:creator\" content=\"@eldiario_net\" \/>\n<meta name=\"twitter:site\" content=\"@eldiario_net\" \/>\n<meta name=\"twitter:label1\" content=\"Escrito por\" \/>\n\t<meta name=\"twitter:data1\" content=\"Jeanette\" \/>\n\t<meta name=\"twitter:label2\" content=\"Tiempo de lectura\" \/>\n\t<meta name=\"twitter:data2\" content=\"4 minutos\" \/>\n<script type=\"application\/ld+json\" class=\"yoast-schema-graph\">{\"@context\":\"https:\\\/\\\/schema.org\",\"@graph\":[{\"@type\":\"Article\",\"@id\":\"https:\\\/\\\/www.eldiario.net\\\/portal\\\/2026\\\/08\\\/30\\\/constatan-que-capacidad-de-saka-churu-es-hasta-octubre\\\/#article\",\"isPartOf\":{\"@id\":\"https:\\\/\\\/www.eldiario.net\\\/portal\\\/2026\\\/08\\\/30\\\/constatan-que-capacidad-de-saka-churu-es-hasta-octubre\\\/\"},\"author\":{\"name\":\"Jeanette\",\"@id\":\"https:\\\/\\\/www.eldiario.net\\\/portal\\\/#\\\/schema\\\/person\\\/f46445640444750d7d753ccd04ae01b7\"},\"headline\":\"Constatan que capacidad de Sak\u2019a Churu es hasta octubre\",\"datePublished\":\"2026-08-30T10:56:35+00:00\",\"mainEntityOfPage\":{\"@id\":\"https:\\\/\\\/www.eldiario.net\\\/portal\\\/2026\\\/08\\\/30\\\/constatan-que-capacidad-de-saka-churu-es-hasta-octubre\\\/\"},\"wordCount\":687,\"publisher\":{\"@id\":\"https:\\\/\\\/www.eldiario.net\\\/portal\\\/#organization\"},\"image\":{\"@id\":\"https:\\\/\\\/www.eldiario.net\\\/portal\\\/2026\\\/08\\\/30\\\/constatan-que-capacidad-de-saka-churu-es-hasta-octubre\\\/#primaryimage\"},\"thumbnailUrl\":\"https:\\\/\\\/www.eldiario.net\\\/portal\\\/wp-content\\\/uploads\\\/2026\\\/08\\\/F-1-Saka.webp\",\"articleSection\":[\"Nacional\"],\"inLanguage\":\"es\"},{\"@type\":\"WebPage\",\"@id\":\"https:\\\/\\\/www.eldiario.net\\\/portal\\\/2026\\\/08\\\/30\\\/constatan-que-capacidad-de-saka-churu-es-hasta-octubre\\\/\",\"url\":\"https:\\\/\\\/www.eldiario.net\\\/portal\\\/2026\\\/08\\\/30\\\/constatan-que-capacidad-de-saka-churu-es-hasta-octubre\\\/\",\"name\":\"Constatan que capacidad de Sak\u2019a Churu es hasta octubre - El Diario - Bolivia\",\"isPartOf\":{\"@id\":\"https:\\\/\\\/www.eldiario.net\\\/portal\\\/#website\"},\"primaryImageOfPage\":{\"@id\":\"https:\\\/\\\/www.eldiario.net\\\/portal\\\/2026\\\/08\\\/30\\\/constatan-que-capacidad-de-saka-churu-es-hasta-octubre\\\/#primaryimage\"},\"image\":{\"@id\":\"https:\\\/\\\/www.eldiario.net\\\/portal\\\/2026\\\/08\\\/30\\\/constatan-que-capacidad-de-saka-churu-es-hasta-octubre\\\/#primaryimage\"},\"thumbnailUrl\":\"https:\\\/\\\/www.eldiario.net\\\/portal\\\/wp-content\\\/uploads\\\/2026\\\/08\\\/F-1-Saka.webp\",\"datePublished\":\"2026-08-30T10:56:35+00:00\",\"breadcrumb\":{\"@id\":\"https:\\\/\\\/www.eldiario.net\\\/portal\\\/2026\\\/08\\\/30\\\/constatan-que-capacidad-de-saka-churu-es-hasta-octubre\\\/#breadcrumb\"},\"inLanguage\":\"es\",\"potentialAction\":[{\"@type\":\"ReadAction\",\"target\":[\"https:\\\/\\\/www.eldiario.net\\\/portal\\\/2026\\\/08\\\/30\\\/constatan-que-capacidad-de-saka-churu-es-hasta-octubre\\\/\"]}]},{\"@type\":\"ImageObject\",\"inLanguage\":\"es\",\"@id\":\"https:\\\/\\\/www.eldiario.net\\\/portal\\\/2026\\\/08\\\/30\\\/constatan-que-capacidad-de-saka-churu-es-hasta-octubre\\\/#primaryimage\",\"url\":\"https:\\\/\\\/www.eldiario.net\\\/portal\\\/wp-content\\\/uploads\\\/2026\\\/08\\\/F-1-Saka.webp\",\"contentUrl\":\"https:\\\/\\\/www.eldiario.net\\\/portal\\\/wp-content\\\/uploads\\\/2026\\\/08\\\/F-1-Saka.webp\",\"width\":1024,\"height\":682,\"caption\":\"El relleno sanitario de Sak\u2019a Churu se encuentra en el Distrito 6 de Alpacoma.\"},{\"@type\":\"BreadcrumbList\",\"@id\":\"https:\\\/\\\/www.eldiario.net\\\/portal\\\/2026\\\/08\\\/30\\\/constatan-que-capacidad-de-saka-churu-es-hasta-octubre\\\/#breadcrumb\",\"itemListElement\":[{\"@type\":\"ListItem\",\"position\":1,\"name\":\"Portada\",\"item\":\"https:\\\/\\\/www.eldiario.net\\\/portal\\\/\"},{\"@type\":\"ListItem\",\"position\":2,\"name\":\"Constatan que capacidad de Sak\u2019a Churu es hasta octubre\"}]},{\"@type\":\"WebSite\",\"@id\":\"https:\\\/\\\/www.eldiario.net\\\/portal\\\/#website\",\"url\":\"https:\\\/\\\/www.eldiario.net\\\/portal\\\/\",\"name\":\"El Diario - Decano de la prensa nacional\",\"description\":\"El Diario - Decano de la prensa nacional\",\"publisher\":{\"@id\":\"https:\\\/\\\/www.eldiario.net\\\/portal\\\/#organization\"},\"potentialAction\":[{\"@type\":\"SearchAction\",\"target\":{\"@type\":\"EntryPoint\",\"urlTemplate\":\"https:\\\/\\\/www.eldiario.net\\\/portal\\\/?s={search_term_string}\"},\"query-input\":{\"@type\":\"PropertyValueSpecification\",\"valueRequired\":true,\"valueName\":\"search_term_string\"}}],\"inLanguage\":\"es\"},{\"@type\":\"Organization\",\"@id\":\"https:\\\/\\\/www.eldiario.net\\\/portal\\\/#organization\",\"name\":\"El Diario - Decano de la prensa nacional\",\"url\":\"https:\\\/\\\/www.eldiario.net\\\/portal\\\/\",\"logo\":{\"@type\":\"ImageObject\",\"inLanguage\":\"es\",\"@id\":\"https:\\\/\\\/www.eldiario.net\\\/portal\\\/#\\\/schema\\\/logo\\\/image\\\/\",\"url\":\"https:\\\/\\\/www.eldiario.net\\\/portal\\\/wp-content\\\/uploads\\\/2023\\\/07\\\/logo_ED.jpg\",\"contentUrl\":\"https:\\\/\\\/www.eldiario.net\\\/portal\\\/wp-content\\\/uploads\\\/2023\\\/07\\\/logo_ED.jpg\",\"width\":272,\"height\":52,\"caption\":\"El Diario - Decano de la prensa nacional\"},\"image\":{\"@id\":\"https:\\\/\\\/www.eldiario.net\\\/portal\\\/#\\\/schema\\\/logo\\\/image\\\/\"},\"sameAs\":[\"https:\\\/\\\/www.facebook.com\\\/eldiario.bolivia\\\/\",\"https:\\\/\\\/x.com\\\/eldiario_net\"]},{\"@type\":\"Person\",\"@id\":\"https:\\\/\\\/www.eldiario.net\\\/portal\\\/#\\\/schema\\\/person\\\/f46445640444750d7d753ccd04ae01b7\",\"name\":\"Jeanette\",\"image\":{\"@type\":\"ImageObject\",\"inLanguage\":\"es\",\"@id\":\"https:\\\/\\\/secure.gravatar.com\\\/avatar\\\/3ea2118a5f7dad2b7138b1187a6b7ee55f160b9968b66013c3a3ef39dd7e5798?s=96&d=mm&r=g\",\"url\":\"https:\\\/\\\/secure.gravatar.com\\\/avatar\\\/3ea2118a5f7dad2b7138b1187a6b7ee55f160b9968b66013c3a3ef39dd7e5798?s=96&d=mm&r=g\",\"contentUrl\":\"https:\\\/\\\/secure.gravatar.com\\\/avatar\\\/3ea2118a5f7dad2b7138b1187a6b7ee55f160b9968b66013c3a3ef39dd7e5798?s=96&d=mm&r=g\",\"caption\":\"Jeanette\"},\"sameAs\":[\"https:\\\/\\\/www.eldiario.net\\\/portal\"],\"url\":\"https:\\\/\\\/www.eldiario.net\\\/portal\\\/author\\\/jeanette\\\/\"}]}<\/script>\n<!-- \/ Yoast SEO plugin. -->","yoast_head_json":{"title":"Constatan que capacidad de Sak\u2019a Churu es hasta octubre - El Diario - Bolivia","robots":{"index":"index","follow":"follow","max-snippet":"max-snippet:-1","max-image-preview":"max-image-preview:large","max-video-preview":"max-video-preview:-1"},"canonical":"https:\/\/www.eldiario.net\/portal\/2026\/08\/30\/constatan-que-capacidad-de-saka-churu-es-hasta-octubre\/","og_locale":"es_ES","og_type":"article","og_title":"Constatan que capacidad de Sak\u2019a Churu es hasta octubre - El Diario - Bolivia","og_description":"Durante una inspecci\u00f3n al relleno sanitario de Sak\u2019a Churu, para verificar la situaci\u00f3n del lugar y si la empresa concesionaria cumple las cl\u00e1usulas contractuales, autoridades del municipio pace\u00f1o constataron que no hay ning\u00fan tipo de avance por parte de la empresa respecto a sus obligaciones, pero lo m\u00e1s preocupante es que, seg\u00fan los informes, el [&hellip;]","og_url":"https:\/\/www.eldiario.net\/portal\/2026\/08\/30\/constatan-que-capacidad-de-saka-churu-es-hasta-octubre\/","og_site_name":"El Diario - Bolivia","article_publisher":"https:\/\/www.facebook.com\/eldiario.bolivia\/","article_published_time":"2026-08-30T10:56:35+00:00","og_image":[{"width":1024,"height":682,"url":"https:\/\/www.eldiario.net\/portal\/wp-content\/uploads\/2026\/08\/F-1-Saka.webp","type":"image\/webp"}],"author":"Jeanette","twitter_card":"summary_large_image","twitter_creator":"@eldiario_net","twitter_site":"@eldiario_net","twitter_misc":{"Escrito por":"Jeanette","Tiempo de lectura":"4 minutos"},"schema":{"@context":"https:\/\/schema.org","@graph":[{"@type":"Article","@id":"https:\/\/www.eldiario.net\/portal\/2026\/08\/30\/constatan-que-capacidad-de-saka-churu-es-hasta-octubre\/#article","isPartOf":{"@id":"https:\/\/www.eldiario.net\/portal\/2026\/08\/30\/constatan-que-capacidad-de-saka-churu-es-hasta-octubre\/"},"author":{"name":"Jeanette","@id":"https:\/\/www.eldiario.net\/portal\/#\/schema\/person\/f46445640444750d7d753ccd04ae01b7"},"headline":"Constatan que capacidad de Sak\u2019a Churu es hasta octubre","datePublished":"2026-08-30T10:56:35+00:00","mainEntityOfPage":{"@id":"https:\/\/www.eldiario.net\/portal\/2026\/08\/30\/constatan-que-capacidad-de-saka-churu-es-hasta-octubre\/"},"wordCount":687,"publisher":{"@id":"https:\/\/www.eldiario.net\/portal\/#organization"},"image":{"@id":"https:\/\/www.eldiario.net\/portal\/2026\/08\/30\/constatan-que-capacidad-de-saka-churu-es-hasta-octubre\/#primaryimage"},"thumbnailUrl":"https:\/\/www.eldiario.net\/portal\/wp-content\/uploads\/2026\/08\/F-1-Saka.webp","articleSection":["Nacional"],"inLanguage":"es"},{"@type":"WebPage","@id":"https:\/\/www.eldiario.net\/portal\/2026\/08\/30\/constatan-que-capacidad-de-saka-churu-es-hasta-octubre\/","url":"https:\/\/www.eldiario.net\/portal\/2026\/08\/30\/constatan-que-capacidad-de-saka-churu-es-hasta-octubre\/","name":"Constatan que capacidad de Sak\u2019a Churu es hasta octubre - El Diario - Bolivia","isPartOf":{"@id":"https:\/\/www.eldiario.net\/portal\/#website"},"primaryImageOfPage":{"@id":"https:\/\/www.eldiario.net\/portal\/2026\/08\/30\/constatan-que-capacidad-de-saka-churu-es-hasta-octubre\/#primaryimage"},"image":{"@id":"https:\/\/www.eldiario.net\/portal\/2026\/08\/30\/constatan-que-capacidad-de-saka-churu-es-hasta-octubre\/#primaryimage"},"thumbnailUrl":"https:\/\/www.eldiario.net\/portal\/wp-content\/uploads\/2026\/08\/F-1-Saka.webp","datePublished":"2026-08-30T10:56:35+00:00","breadcrumb":{"@id":"https:\/\/www.eldiario.net\/portal\/2026\/08\/30\/constatan-que-capacidad-de-saka-churu-es-hasta-octubre\/#breadcrumb"},"inLanguage":"es","potentialAction":[{"@type":"ReadAction","target":["https:\/\/www.eldiario.net\/portal\/2026\/08\/30\/constatan-que-capacidad-de-saka-churu-es-hasta-octubre\/"]}]},{"@type":"ImageObject","inLanguage":"es","@id":"https:\/\/www.eldiario.net\/portal\/2026\/08\/30\/constatan-que-capacidad-de-saka-churu-es-hasta-octubre\/#primaryimage","url":"https:\/\/www.eldiario.net\/portal\/wp-content\/uploads\/2026\/08\/F-1-Saka.webp","contentUrl":"https:\/\/www.eldiario.net\/portal\/wp-content\/uploads\/2026\/08\/F-1-Saka.webp","width":1024,"height":682,"caption":"El relleno sanitario de Sak\u2019a Churu se encuentra en el Distrito 6 de Alpacoma."},{"@type":"BreadcrumbList","@id":"https:\/\/www.eldiario.net\/portal\/2026\/08\/30\/constatan-que-capacidad-de-saka-churu-es-hasta-octubre\/#breadcrumb","itemListElement":[{"@type":"ListItem","position":1,"name":"Portada","item":"https:\/\/www.eldiario.net\/portal\/"},{"@type":"ListItem","position":2,"name":"Constatan que capacidad de Sak\u2019a Churu es hasta octubre"}]},{"@type":"WebSite","@id":"https:\/\/www.eldiario.net\/portal\/#website","url":"https:\/\/www.eldiario.net\/portal\/","name":"El Diario - Decano de la prensa nacional","description":"El Diario - Decano de la prensa nacional","publisher":{"@id":"https:\/\/www.eldiario.net\/portal\/#organization"},"potentialAction":[{"@type":"SearchAction","target":{"@type":"EntryPoint","urlTemplate":"https:\/\/www.eldiario.net\/portal\/?s={search_term_string}"},"query-input":{"@type":"PropertyValueSpecification","valueRequired":true,"valueName":"search_term_string"}}],"inLanguage":"es"},{"@type":"Organization","@id":"https:\/\/www.eldiario.net\/portal\/#organization","name":"El Diario - Decano de la prensa nacional","url":"https:\/\/www.eldiario.net\/portal\/","logo":{"@type":"ImageObject","inLanguage":"es","@id":"https:\/\/www.eldiario.net\/portal\/#\/schema\/logo\/image\/","url":"https:\/\/www.eldiario.net\/portal\/wp-content\/uploads\/2023\/07\/logo_ED.jpg","contentUrl":"https:\/\/www.eldiario.net\/portal\/wp-content\/uploads\/2023\/07\/logo_ED.jpg","width":272,"height":52,"caption":"El Diario - Decano de la prensa nacional"},"image":{"@id":"https:\/\/www.eldiario.net\/portal\/#\/schema\/logo\/image\/"},"sameAs":["https:\/\/www.facebook.com\/eldiario.bolivia\/","https:\/\/x.com\/eldiario_net"]},{"@type":"Person","@id":"https:\/\/www.eldiario.net\/portal\/#\/schema\/person\/f46445640444750d7d753ccd04ae01b7","name":"Jeanette","image":{"@type":"ImageObject","inLanguage":"es","@id":"https:\/\/secure.gravatar.com\/avatar\/3ea2118a5f7dad2b7138b1187a6b7ee55f160b9968b66013c3a3ef39dd7e5798?s=96&d=mm&r=g","url":"https:\/\/secure.gravatar.com\/avatar\/3ea2118a5f7dad2b7138b1187a6b7ee55f160b9968b66013c3a3ef39dd7e5798?s=96&d=mm&r=g","contentUrl":"https:\/\/secure.gravatar.com\/avatar\/3ea2118a5f7dad2b7138b1187a6b7ee55f160b9968b66013c3a3ef39dd7e5798?s=96&d=mm&r=g","caption":"Jeanette"},"sameAs":["https:\/\/www.eldiario.net\/portal"],"url":"https:\/\/www.eldiario.net\/portal\/author\/jeanette\/"}]}},"_links":{"self":[{"href":"https:\/\/www.eldiario.net\/portal\/wp-json\/wp\/v2\/posts\/425930","targetHints":{"allow":["GET"]}}],"collection":[{"href":"https:\/\/www.eldiario.net\/portal\/wp-json\/wp\/v2\/posts"}],"about":[{"href":"https:\/\/www.eldiario.net\/portal\/wp-json\/wp\/v2\/types\/post"}],"author":[{"embeddable":true,"href":"https:\/\/www.eldiario.net\/portal\/wp-json\/wp\/v2\/users\/1"}],"replies":[{"embeddable":true,"href":"https:\/\/www.eldiario.net\/portal\/wp-json\/wp\/v2\/comments?post=425930"}],"version-history":[{"count":1,"href":"https:\/\/www.eldiario.net\/portal\/wp-json\/wp\/v2\/posts\/425930\/revisions"}],"predecessor-version":[{"id":425932,"href":"https:\/\/www.eldiario.net\/portal\/wp-json\/wp\/v2\/posts\/425930\/revisions\/425932"}],"wp:featuredmedia":[{"embeddable":true,"href":"https:\/\/www.eldiario.net\/portal\/wp-json\/wp\/v2\/media\/425931"}],"wp:attachment":[{"href":"https:\/\/www.eldiario.net\/portal\/wp-json\/wp\/v2\/media?parent=425930"}],"wp:term":[{"taxonomy":"category","embeddable":true,"href":"https:\/\/www.eldiario.net\/portal\/wp-json\/wp\/v2\/categories?post=425930"},{"taxonomy":"post_tag","embeddable":true,"href":"https:\/\/www.eldiario.net\/portal\/wp-json\/wp\/v2\/tags?post=425930"}],"curies":[{"name":"wp","href":"https:\/\/api.w.org\/{rel}","templated":true}]}}