{"id":425927,"date":"2026-08-30T06:55:52","date_gmt":"2026-08-30T10:55:52","guid":{"rendered":"https:\/\/www.eldiario.net\/portal\/?p=425927"},"modified":"2026-08-30T06:55:52","modified_gmt":"2026-08-30T10:55:52","slug":"fortalecen-capacidades-de-500-promotores-en-defensa-de-ddhh","status":"publish","type":"post","link":"https:\/\/www.eldiario.net\/portal\/2026\/08\/30\/fortalecen-capacidades-de-500-promotores-en-defensa-de-ddhh\/","title":{"rendered":"Fortalecen capacidades de 500 promotores en defensa de DDHH"},"content":{"rendered":"<p>Mediante el Programa de Formaci\u00f3n de Promotoras y Promotores en Derechos Humanos de la Defensor\u00eda del Pueblo, 500 adultos mayores de diferentes regiones del pa\u00eds fortalecieron sus capacidades para promover y defender los derechos humanos (DDHH). Su formaci\u00f3n permitir\u00e1 que los conocimientos adquiridos sean replicados entre sus pares y en sus comunidades.<br \/>\n\u201cLas personas adultas mayores tienen derechos y son fundamentales en la vida de la sociedad. Adem\u00e1s de conocer los derechos que ustedes tienen y los derechos humanos, asumimos el compromiso de aportar al cambio de la realidad, de aportar al cambio de una sociedad\u201d, se\u00f1al\u00f3 el Defensor del Pueblo, Pedro Callisaya, durante el acto de graduaci\u00f3n.<br \/>\nDurante tres meses, las y los participantes fueron capacitados en derechos humanos, acceso a la justicia, funciones de la Defensor\u00eda del Pueblo y elaboraci\u00f3n de proyectos, fortaleciendo herramientas para identificar vulneraciones, orientar a otras personas y promover el ejercicio de derechos.<br \/>\nUna de las graduadas, Esperanza Espinoza (75), sostuvo que en su caso la formaci\u00f3n que recibi\u00f3 es muy importante porque le permitir\u00e1 llegar a las comunidades. \u201cEn el \u00e1rea rural vamos a ense\u00f1ar lo que hemos aprendido: que todas y todos tenemos derechos. La carita tiene arrugas, pero el cerebro no muere\u201d, apunt\u00f3.<br \/>\nDATO<br \/>\nCon esta nueva promoci\u00f3n, la Defensor\u00eda del Pueblo fortalece una red de promotoras y promotores que contribuyen a acercar los derechos humanos a sus comunidades y a sus pares. Hasta la fecha, 1.369 adultos mayores fueron formados mediante este programa en m\u00e1s de 20 municipios de los nueve departamentos del pa\u00eds.<\/p>\n","protected":false},"excerpt":{"rendered":"<p>Mediante el Programa de Formaci\u00f3n de Promotoras y Promotores en Derechos Humanos de la Defensor\u00eda del Pueblo, 500 adultos mayores de diferentes regiones del pa\u00eds fortalecieron sus capacidades para promover y defender los derechos humanos (DDHH). Su formaci\u00f3n permitir\u00e1 que los conocimientos adquiridos sean replicados entre sus pares y en sus comunidades. \u201cLas personas adultas [&hellip;]<\/p>\n","protected":false},"author":1,"featured_media":425928,"comment_status":"closed","ping_status":"open","sticky":false,"template":"","format":"standard","meta":{"_acf_changed":false,"footnotes":""},"categories":[12],"tags":[],"class_list":["post-425927","post","type-post","status-publish","format-standard","has-post-thumbnail","category-nacional"],"acf":{"antetitulo":"Todos son adultos mayores"},"yoast_head":"<!-- This site is optimized with the Yoast SEO plugin v28.3 - https:\/\/yoast.com\/product\/yoast-seo-wordpress\/ -->\n<title>Fortalecen capacidades de 500 promotores en defensa de DDHH - El Diario - Bolivia<\/title>\n<meta name=\"robots\" content=\"index, follow, max-snippet:-1, max-image-preview:large, max-video-preview:-1\" \/>\n<link rel=\"canonical\" href=\"https:\/\/www.eldiario.net\/portal\/2026\/08\/30\/fortalecen-capacidades-de-500-promotores-en-defensa-de-ddhh\/\" \/>\n<meta property=\"og:locale\" content=\"es_ES\" \/>\n<meta property=\"og:type\" content=\"article\" \/>\n<meta property=\"og:title\" content=\"Fortalecen capacidades de 500 promotores en defensa de DDHH - El Diario - Bolivia\" \/>\n<meta property=\"og:description\" content=\"Mediante el Programa de Formaci\u00f3n de Promotoras y Promotores en Derechos Humanos de la Defensor\u00eda del Pueblo, 500 adultos mayores de diferentes regiones del pa\u00eds fortalecieron sus capacidades para promover y defender los derechos humanos (DDHH). Su formaci\u00f3n permitir\u00e1 que los conocimientos adquiridos sean replicados entre sus pares y en sus comunidades. \u201cLas personas adultas [&hellip;]\" \/>\n<meta property=\"og:url\" content=\"https:\/\/www.eldiario.net\/portal\/2026\/08\/30\/fortalecen-capacidades-de-500-promotores-en-defensa-de-ddhh\/\" \/>\n<meta property=\"og:site_name\" content=\"El Diario - Bolivia\" \/>\n<meta property=\"article:publisher\" content=\"https:\/\/www.facebook.com\/eldiario.bolivia\/\" \/>\n<meta property=\"article:published_time\" content=\"2026-08-30T10:55:52+00:00\" \/>\n<meta property=\"og:image\" content=\"https:\/\/www.eldiario.net\/portal\/wp-content\/uploads\/2026\/08\/F-2-promotores.webp\" \/>\n\t<meta property=\"og:image:width\" content=\"1200\" \/>\n\t<meta property=\"og:image:height\" content=\"800\" \/>\n\t<meta property=\"og:image:type\" content=\"image\/webp\" \/>\n<meta name=\"author\" content=\"Jeanette\" \/>\n<meta name=\"twitter:card\" content=\"summary_large_image\" \/>\n<meta name=\"twitter:creator\" content=\"@eldiario_net\" \/>\n<meta name=\"twitter:site\" content=\"@eldiario_net\" \/>\n<meta name=\"twitter:label1\" content=\"Escrito por\" \/>\n\t<meta name=\"twitter:data1\" content=\"Jeanette\" \/>\n\t<meta name=\"twitter:label2\" content=\"Tiempo de lectura\" \/>\n\t<meta name=\"twitter:data2\" content=\"2 minutos\" \/>\n<script type=\"application\/ld+json\" class=\"yoast-schema-graph\">{\"@context\":\"https:\\\/\\\/schema.org\",\"@graph\":[{\"@type\":\"Article\",\"@id\":\"https:\\\/\\\/www.eldiario.net\\\/portal\\\/2026\\\/08\\\/30\\\/fortalecen-capacidades-de-500-promotores-en-defensa-de-ddhh\\\/#article\",\"isPartOf\":{\"@id\":\"https:\\\/\\\/www.eldiario.net\\\/portal\\\/2026\\\/08\\\/30\\\/fortalecen-capacidades-de-500-promotores-en-defensa-de-ddhh\\\/\"},\"author\":{\"name\":\"Jeanette\",\"@id\":\"https:\\\/\\\/www.eldiario.net\\\/portal\\\/#\\\/schema\\\/person\\\/f46445640444750d7d753ccd04ae01b7\"},\"headline\":\"Fortalecen capacidades de 500 promotores en defensa de DDHH\",\"datePublished\":\"2026-08-30T10:55:52+00:00\",\"mainEntityOfPage\":{\"@id\":\"https:\\\/\\\/www.eldiario.net\\\/portal\\\/2026\\\/08\\\/30\\\/fortalecen-capacidades-de-500-promotores-en-defensa-de-ddhh\\\/\"},\"wordCount\":273,\"publisher\":{\"@id\":\"https:\\\/\\\/www.eldiario.net\\\/portal\\\/#organization\"},\"image\":{\"@id\":\"https:\\\/\\\/www.eldiario.net\\\/portal\\\/2026\\\/08\\\/30\\\/fortalecen-capacidades-de-500-promotores-en-defensa-de-ddhh\\\/#primaryimage\"},\"thumbnailUrl\":\"https:\\\/\\\/www.eldiario.net\\\/portal\\\/wp-content\\\/uploads\\\/2026\\\/08\\\/F-2-promotores.webp\",\"articleSection\":[\"Nacional\"],\"inLanguage\":\"es\"},{\"@type\":\"WebPage\",\"@id\":\"https:\\\/\\\/www.eldiario.net\\\/portal\\\/2026\\\/08\\\/30\\\/fortalecen-capacidades-de-500-promotores-en-defensa-de-ddhh\\\/\",\"url\":\"https:\\\/\\\/www.eldiario.net\\\/portal\\\/2026\\\/08\\\/30\\\/fortalecen-capacidades-de-500-promotores-en-defensa-de-ddhh\\\/\",\"name\":\"Fortalecen capacidades de 500 promotores en defensa de DDHH - El Diario - Bolivia\",\"isPartOf\":{\"@id\":\"https:\\\/\\\/www.eldiario.net\\\/portal\\\/#website\"},\"primaryImageOfPage\":{\"@id\":\"https:\\\/\\\/www.eldiario.net\\\/portal\\\/2026\\\/08\\\/30\\\/fortalecen-capacidades-de-500-promotores-en-defensa-de-ddhh\\\/#primaryimage\"},\"image\":{\"@id\":\"https:\\\/\\\/www.eldiario.net\\\/portal\\\/2026\\\/08\\\/30\\\/fortalecen-capacidades-de-500-promotores-en-defensa-de-ddhh\\\/#primaryimage\"},\"thumbnailUrl\":\"https:\\\/\\\/www.eldiario.net\\\/portal\\\/wp-content\\\/uploads\\\/2026\\\/08\\\/F-2-promotores.webp\",\"datePublished\":\"2026-08-30T10:55:52+00:00\",\"breadcrumb\":{\"@id\":\"https:\\\/\\\/www.eldiario.net\\\/portal\\\/2026\\\/08\\\/30\\\/fortalecen-capacidades-de-500-promotores-en-defensa-de-ddhh\\\/#breadcrumb\"},\"inLanguage\":\"es\",\"potentialAction\":[{\"@type\":\"ReadAction\",\"target\":[\"https:\\\/\\\/www.eldiario.net\\\/portal\\\/2026\\\/08\\\/30\\\/fortalecen-capacidades-de-500-promotores-en-defensa-de-ddhh\\\/\"]}]},{\"@type\":\"ImageObject\",\"inLanguage\":\"es\",\"@id\":\"https:\\\/\\\/www.eldiario.net\\\/portal\\\/2026\\\/08\\\/30\\\/fortalecen-capacidades-de-500-promotores-en-defensa-de-ddhh\\\/#primaryimage\",\"url\":\"https:\\\/\\\/www.eldiario.net\\\/portal\\\/wp-content\\\/uploads\\\/2026\\\/08\\\/F-2-promotores.webp\",\"contentUrl\":\"https:\\\/\\\/www.eldiario.net\\\/portal\\\/wp-content\\\/uploads\\\/2026\\\/08\\\/F-2-promotores.webp\",\"width\":1200,\"height\":800,\"caption\":\"Algunos de los nuevos promotores graduados.\"},{\"@type\":\"BreadcrumbList\",\"@id\":\"https:\\\/\\\/www.eldiario.net\\\/portal\\\/2026\\\/08\\\/30\\\/fortalecen-capacidades-de-500-promotores-en-defensa-de-ddhh\\\/#breadcrumb\",\"itemListElement\":[{\"@type\":\"ListItem\",\"position\":1,\"name\":\"Portada\",\"item\":\"https:\\\/\\\/www.eldiario.net\\\/portal\\\/\"},{\"@type\":\"ListItem\",\"position\":2,\"name\":\"Fortalecen capacidades de 500 promotores en defensa de DDHH\"}]},{\"@type\":\"WebSite\",\"@id\":\"https:\\\/\\\/www.eldiario.net\\\/portal\\\/#website\",\"url\":\"https:\\\/\\\/www.eldiario.net\\\/portal\\\/\",\"name\":\"El Diario - Decano de la prensa nacional\",\"description\":\"El Diario - Decano de la prensa nacional\",\"publisher\":{\"@id\":\"https:\\\/\\\/www.eldiario.net\\\/portal\\\/#organization\"},\"potentialAction\":[{\"@type\":\"SearchAction\",\"target\":{\"@type\":\"EntryPoint\",\"urlTemplate\":\"https:\\\/\\\/www.eldiario.net\\\/portal\\\/?s={search_term_string}\"},\"query-input\":{\"@type\":\"PropertyValueSpecification\",\"valueRequired\":true,\"valueName\":\"search_term_string\"}}],\"inLanguage\":\"es\"},{\"@type\":\"Organization\",\"@id\":\"https:\\\/\\\/www.eldiario.net\\\/portal\\\/#organization\",\"name\":\"El Diario - Decano de la prensa nacional\",\"url\":\"https:\\\/\\\/www.eldiario.net\\\/portal\\\/\",\"logo\":{\"@type\":\"ImageObject\",\"inLanguage\":\"es\",\"@id\":\"https:\\\/\\\/www.eldiario.net\\\/portal\\\/#\\\/schema\\\/logo\\\/image\\\/\",\"url\":\"https:\\\/\\\/www.eldiario.net\\\/portal\\\/wp-content\\\/uploads\\\/2023\\\/07\\\/logo_ED.jpg\",\"contentUrl\":\"https:\\\/\\\/www.eldiario.net\\\/portal\\\/wp-content\\\/uploads\\\/2023\\\/07\\\/logo_ED.jpg\",\"width\":272,\"height\":52,\"caption\":\"El Diario - Decano de la prensa nacional\"},\"image\":{\"@id\":\"https:\\\/\\\/www.eldiario.net\\\/portal\\\/#\\\/schema\\\/logo\\\/image\\\/\"},\"sameAs\":[\"https:\\\/\\\/www.facebook.com\\\/eldiario.bolivia\\\/\",\"https:\\\/\\\/x.com\\\/eldiario_net\"]},{\"@type\":\"Person\",\"@id\":\"https:\\\/\\\/www.eldiario.net\\\/portal\\\/#\\\/schema\\\/person\\\/f46445640444750d7d753ccd04ae01b7\",\"name\":\"Jeanette\",\"image\":{\"@type\":\"ImageObject\",\"inLanguage\":\"es\",\"@id\":\"https:\\\/\\\/secure.gravatar.com\\\/avatar\\\/3ea2118a5f7dad2b7138b1187a6b7ee55f160b9968b66013c3a3ef39dd7e5798?s=96&d=mm&r=g\",\"url\":\"https:\\\/\\\/secure.gravatar.com\\\/avatar\\\/3ea2118a5f7dad2b7138b1187a6b7ee55f160b9968b66013c3a3ef39dd7e5798?s=96&d=mm&r=g\",\"contentUrl\":\"https:\\\/\\\/secure.gravatar.com\\\/avatar\\\/3ea2118a5f7dad2b7138b1187a6b7ee55f160b9968b66013c3a3ef39dd7e5798?s=96&d=mm&r=g\",\"caption\":\"Jeanette\"},\"sameAs\":[\"https:\\\/\\\/www.eldiario.net\\\/portal\"],\"url\":\"https:\\\/\\\/www.eldiario.net\\\/portal\\\/author\\\/jeanette\\\/\"}]}<\/script>\n<!-- \/ Yoast SEO plugin. -->","yoast_head_json":{"title":"Fortalecen capacidades de 500 promotores en defensa de DDHH - El Diario - Bolivia","robots":{"index":"index","follow":"follow","max-snippet":"max-snippet:-1","max-image-preview":"max-image-preview:large","max-video-preview":"max-video-preview:-1"},"canonical":"https:\/\/www.eldiario.net\/portal\/2026\/08\/30\/fortalecen-capacidades-de-500-promotores-en-defensa-de-ddhh\/","og_locale":"es_ES","og_type":"article","og_title":"Fortalecen capacidades de 500 promotores en defensa de DDHH - El Diario - Bolivia","og_description":"Mediante el Programa de Formaci\u00f3n de Promotoras y Promotores en Derechos Humanos de la Defensor\u00eda del Pueblo, 500 adultos mayores de diferentes regiones del pa\u00eds fortalecieron sus capacidades para promover y defender los derechos humanos (DDHH). Su formaci\u00f3n permitir\u00e1 que los conocimientos adquiridos sean replicados entre sus pares y en sus comunidades. \u201cLas personas adultas [&hellip;]","og_url":"https:\/\/www.eldiario.net\/portal\/2026\/08\/30\/fortalecen-capacidades-de-500-promotores-en-defensa-de-ddhh\/","og_site_name":"El Diario - Bolivia","article_publisher":"https:\/\/www.facebook.com\/eldiario.bolivia\/","article_published_time":"2026-08-30T10:55:52+00:00","og_image":[{"width":1200,"height":800,"url":"https:\/\/www.eldiario.net\/portal\/wp-content\/uploads\/2026\/08\/F-2-promotores.webp","type":"image\/webp"}],"author":"Jeanette","twitter_card":"summary_large_image","twitter_creator":"@eldiario_net","twitter_site":"@eldiario_net","twitter_misc":{"Escrito por":"Jeanette","Tiempo de lectura":"2 minutos"},"schema":{"@context":"https:\/\/schema.org","@graph":[{"@type":"Article","@id":"https:\/\/www.eldiario.net\/portal\/2026\/08\/30\/fortalecen-capacidades-de-500-promotores-en-defensa-de-ddhh\/#article","isPartOf":{"@id":"https:\/\/www.eldiario.net\/portal\/2026\/08\/30\/fortalecen-capacidades-de-500-promotores-en-defensa-de-ddhh\/"},"author":{"name":"Jeanette","@id":"https:\/\/www.eldiario.net\/portal\/#\/schema\/person\/f46445640444750d7d753ccd04ae01b7"},"headline":"Fortalecen capacidades de 500 promotores en defensa de DDHH","datePublished":"2026-08-30T10:55:52+00:00","mainEntityOfPage":{"@id":"https:\/\/www.eldiario.net\/portal\/2026\/08\/30\/fortalecen-capacidades-de-500-promotores-en-defensa-de-ddhh\/"},"wordCount":273,"publisher":{"@id":"https:\/\/www.eldiario.net\/portal\/#organization"},"image":{"@id":"https:\/\/www.eldiario.net\/portal\/2026\/08\/30\/fortalecen-capacidades-de-500-promotores-en-defensa-de-ddhh\/#primaryimage"},"thumbnailUrl":"https:\/\/www.eldiario.net\/portal\/wp-content\/uploads\/2026\/08\/F-2-promotores.webp","articleSection":["Nacional"],"inLanguage":"es"},{"@type":"WebPage","@id":"https:\/\/www.eldiario.net\/portal\/2026\/08\/30\/fortalecen-capacidades-de-500-promotores-en-defensa-de-ddhh\/","url":"https:\/\/www.eldiario.net\/portal\/2026\/08\/30\/fortalecen-capacidades-de-500-promotores-en-defensa-de-ddhh\/","name":"Fortalecen capacidades de 500 promotores en defensa de DDHH - El Diario - Bolivia","isPartOf":{"@id":"https:\/\/www.eldiario.net\/portal\/#website"},"primaryImageOfPage":{"@id":"https:\/\/www.eldiario.net\/portal\/2026\/08\/30\/fortalecen-capacidades-de-500-promotores-en-defensa-de-ddhh\/#primaryimage"},"image":{"@id":"https:\/\/www.eldiario.net\/portal\/2026\/08\/30\/fortalecen-capacidades-de-500-promotores-en-defensa-de-ddhh\/#primaryimage"},"thumbnailUrl":"https:\/\/www.eldiario.net\/portal\/wp-content\/uploads\/2026\/08\/F-2-promotores.webp","datePublished":"2026-08-30T10:55:52+00:00","breadcrumb":{"@id":"https:\/\/www.eldiario.net\/portal\/2026\/08\/30\/fortalecen-capacidades-de-500-promotores-en-defensa-de-ddhh\/#breadcrumb"},"inLanguage":"es","potentialAction":[{"@type":"ReadAction","target":["https:\/\/www.eldiario.net\/portal\/2026\/08\/30\/fortalecen-capacidades-de-500-promotores-en-defensa-de-ddhh\/"]}]},{"@type":"ImageObject","inLanguage":"es","@id":"https:\/\/www.eldiario.net\/portal\/2026\/08\/30\/fortalecen-capacidades-de-500-promotores-en-defensa-de-ddhh\/#primaryimage","url":"https:\/\/www.eldiario.net\/portal\/wp-content\/uploads\/2026\/08\/F-2-promotores.webp","contentUrl":"https:\/\/www.eldiario.net\/portal\/wp-content\/uploads\/2026\/08\/F-2-promotores.webp","width":1200,"height":800,"caption":"Algunos de los nuevos promotores graduados."},{"@type":"BreadcrumbList","@id":"https:\/\/www.eldiario.net\/portal\/2026\/08\/30\/fortalecen-capacidades-de-500-promotores-en-defensa-de-ddhh\/#breadcrumb","itemListElement":[{"@type":"ListItem","position":1,"name":"Portada","item":"https:\/\/www.eldiario.net\/portal\/"},{"@type":"ListItem","position":2,"name":"Fortalecen capacidades de 500 promotores en defensa de DDHH"}]},{"@type":"WebSite","@id":"https:\/\/www.eldiario.net\/portal\/#website","url":"https:\/\/www.eldiario.net\/portal\/","name":"El Diario - Decano de la prensa nacional","description":"El Diario - Decano de la prensa nacional","publisher":{"@id":"https:\/\/www.eldiario.net\/portal\/#organization"},"potentialAction":[{"@type":"SearchAction","target":{"@type":"EntryPoint","urlTemplate":"https:\/\/www.eldiario.net\/portal\/?s={search_term_string}"},"query-input":{"@type":"PropertyValueSpecification","valueRequired":true,"valueName":"search_term_string"}}],"inLanguage":"es"},{"@type":"Organization","@id":"https:\/\/www.eldiario.net\/portal\/#organization","name":"El Diario - Decano de la prensa nacional","url":"https:\/\/www.eldiario.net\/portal\/","logo":{"@type":"ImageObject","inLanguage":"es","@id":"https:\/\/www.eldiario.net\/portal\/#\/schema\/logo\/image\/","url":"https:\/\/www.eldiario.net\/portal\/wp-content\/uploads\/2023\/07\/logo_ED.jpg","contentUrl":"https:\/\/www.eldiario.net\/portal\/wp-content\/uploads\/2023\/07\/logo_ED.jpg","width":272,"height":52,"caption":"El Diario - Decano de la prensa nacional"},"image":{"@id":"https:\/\/www.eldiario.net\/portal\/#\/schema\/logo\/image\/"},"sameAs":["https:\/\/www.facebook.com\/eldiario.bolivia\/","https:\/\/x.com\/eldiario_net"]},{"@type":"Person","@id":"https:\/\/www.eldiario.net\/portal\/#\/schema\/person\/f46445640444750d7d753ccd04ae01b7","name":"Jeanette","image":{"@type":"ImageObject","inLanguage":"es","@id":"https:\/\/secure.gravatar.com\/avatar\/3ea2118a5f7dad2b7138b1187a6b7ee55f160b9968b66013c3a3ef39dd7e5798?s=96&d=mm&r=g","url":"https:\/\/secure.gravatar.com\/avatar\/3ea2118a5f7dad2b7138b1187a6b7ee55f160b9968b66013c3a3ef39dd7e5798?s=96&d=mm&r=g","contentUrl":"https:\/\/secure.gravatar.com\/avatar\/3ea2118a5f7dad2b7138b1187a6b7ee55f160b9968b66013c3a3ef39dd7e5798?s=96&d=mm&r=g","caption":"Jeanette"},"sameAs":["https:\/\/www.eldiario.net\/portal"],"url":"https:\/\/www.eldiario.net\/portal\/author\/jeanette\/"}]}},"_links":{"self":[{"href":"https:\/\/www.eldiario.net\/portal\/wp-json\/wp\/v2\/posts\/425927","targetHints":{"allow":["GET"]}}],"collection":[{"href":"https:\/\/www.eldiario.net\/portal\/wp-json\/wp\/v2\/posts"}],"about":[{"href":"https:\/\/www.eldiario.net\/portal\/wp-json\/wp\/v2\/types\/post"}],"author":[{"embeddable":true,"href":"https:\/\/www.eldiario.net\/portal\/wp-json\/wp\/v2\/users\/1"}],"replies":[{"embeddable":true,"href":"https:\/\/www.eldiario.net\/portal\/wp-json\/wp\/v2\/comments?post=425927"}],"version-history":[{"count":1,"href":"https:\/\/www.eldiario.net\/portal\/wp-json\/wp\/v2\/posts\/425927\/revisions"}],"predecessor-version":[{"id":425929,"href":"https:\/\/www.eldiario.net\/portal\/wp-json\/wp\/v2\/posts\/425927\/revisions\/425929"}],"wp:featuredmedia":[{"embeddable":true,"href":"https:\/\/www.eldiario.net\/portal\/wp-json\/wp\/v2\/media\/425928"}],"wp:attachment":[{"href":"https:\/\/www.eldiario.net\/portal\/wp-json\/wp\/v2\/media?parent=425927"}],"wp:term":[{"taxonomy":"category","embeddable":true,"href":"https:\/\/www.eldiario.net\/portal\/wp-json\/wp\/v2\/categories?post=425927"},{"taxonomy":"post_tag","embeddable":true,"href":"https:\/\/www.eldiario.net\/portal\/wp-json\/wp\/v2\/tags?post=425927"}],"curies":[{"name":"wp","href":"https:\/\/api.w.org\/{rel}","templated":true}]}}