{"id":425922,"date":"2026-08-30T06:54:15","date_gmt":"2026-08-30T10:54:15","guid":{"rendered":"https:\/\/www.eldiario.net\/portal\/?p=425922"},"modified":"2026-08-30T06:54:15","modified_gmt":"2026-08-30T10:54:15","slug":"dan-detencion-preventiva-a-cerimedo-en-chonchocoro","status":"publish","type":"post","link":"https:\/\/www.eldiario.net\/portal\/2026\/08\/30\/dan-detencion-preventiva-a-cerimedo-en-chonchocoro\/","title":{"rendered":"Dan detenci\u00f3n preventiva a Cerimedo en Chonchocoro"},"content":{"rendered":"<p>La Justicia determin\u00f3 que el asesor pol\u00edtico, Fernando Cerimedo, cumpla seis meses de detenci\u00f3n preventiva en Chonchocoro, mientras la Fiscal\u00eda profundiza la investigaci\u00f3n por presunta legitimaci\u00f3n de ganancias il\u00edcitas a partir de dinero y otros elementos hallados durante allanamientos.<\/p>\n<p>La decisi\u00f3n judicial se conoci\u00f3 despu\u00e9s de una audiencia de medidas cautelares realizada de manera virtual, en la que la Fiscal\u00eda expuso los elementos que sustentan la investigaci\u00f3n y la defensa present\u00f3 los argumentos para que Cerimedo pueda afrontar el proceso en libertad.<\/p>\n<p>Entre los indicios mencionados por el Ministerio P\u00fablico est\u00e1n los objetos y recursos encontrados durante los allanamientos realizados en inmuebles vinculados al investigado. El fiscal que lleva adelante el caso se\u00f1al\u00f3 que en uno de los operativos se hallaron varios cortes de dinero, un tel\u00e9fono satelital, cuatro celulares y una vagoneta.<\/p>\n<p>En otro allanamiento, realizado en la zona de Aranjuez, los investigadores encontraron 20 m\u00f3dems y dispositivos con chips. Tambi\u00e9n fue secuestrado dinero en efectivo distribuido en fajos de billetes de 100 d\u00f3lares, cuyo monto alcanz\u00f3 los $us 50.000.<\/p>\n<p>Estos elementos fueron presentados por la Fiscal\u00eda dentro de la investigaci\u00f3n que deriv\u00f3 en la imputaci\u00f3n contra el asesor pol\u00edtico. La defensa, sin embargo, cuestion\u00f3 la acusaci\u00f3n y sostuvo que los recursos encontrados tienen un origen l\u00edcito.<\/p>\n<p>Durante su intervenci\u00f3n ante el juez, Cerimedo afirm\u00f3 que sus abogados ya entregaron documentaci\u00f3n para respaldar sus ingresos y asegur\u00f3 que estos superan el dinero encontrado e ingresado a Bolivia. Explic\u00f3 que trabaja desde hace unos 15 a\u00f1os como consultor pol\u00edtico y asesor de marketing, adem\u00e1s de tener empresas en Argentina y Estados Unidos y haber desarrollado anteriormente actividades empresariales en Chile.<\/p>\n<p>El investigado tambi\u00e9n explic\u00f3 el motivo por el que lleg\u00f3 a Bolivia despu\u00e9s de la victoria electoral de Rodrigo Paz. Seg\u00fan su versi\u00f3n, buscaba establecerse en el pa\u00eds, ampliar sus actividades empresariales y trasladar posteriormente a su familia. Dijo que hab\u00eda iniciado tr\u00e1mites de residencia bajo el acuerdo del Mercosur y que ten\u00eda previsto abrir una empresa vinculada al marketing y la comunicaci\u00f3n.<\/p>\n<p>Cerimedo vincul\u00f3 el dinero cuestionado con ese proyecto empresarial. Explic\u00f3 que los recursos estaban destinados, entre otros fines, al alquiler y equipamiento de oficinas, la contrataci\u00f3n de personal y los gastos iniciales necesarios para poner en marcha una nueva operaci\u00f3n.<\/p>\n<p>Otro de los puntos abordados durante la audiencia fue la relaci\u00f3n de Cerimedo con el presidente Rodrigo Paz. El asesor reconoci\u00f3 que mantiene una amistad con el mandatario, pero neg\u00f3 haber formado parte de la estructura del Gobierno o haber tenido capacidad para tomar decisiones.<\/p>\n<p>Cerimedo sostuvo que su v\u00ednculo con Paz estuvo relacionado con su experiencia como consultor pol\u00edtico y que se limit\u00f3 a conversaciones y consejos. Rechaz\u00f3 haber participado en reuniones de gabinete, dado instrucciones a ministros, contratado o despedido funcionarios o intervenido en decisiones del Ejecutivo.<\/p>\n<p>Tambi\u00e9n neg\u00f3 haber recibido recursos del Estado y rechaz\u00f3 las versiones que le atribuyen una influencia directa sobre la administraci\u00f3n de Paz. En la audiencia, asegur\u00f3 que su actividad en Bolivia estaba relacionada con sus negocios particulares y no con el ejercicio de una funci\u00f3n p\u00fablica.<\/p>\n<p>La defensa tambi\u00e9n se refiri\u00f3 a una tarjeta encontrada durante los allanamientos que llevaba el nombre de Cerimedo junto al logotipo del Ministerio de la Presidencia y lo identificaba como \u201casesor principal del presidente\u201d. Su abogada, Margarita Arce, afirm\u00f3 que el documento no constitu\u00eda una credencial oficial.<\/p>\n<p>Seg\u00fan la explicaci\u00f3n de Arce, se trataba de un papel impreso que no hab\u00eda sido autorizado por el Ministerio de la Presidencia ni por Cerimedo. La defensa sostuvo que el documento habr\u00eda sido elaborado ante una eventual contrataci\u00f3n, pero que nunca adquiri\u00f3 car\u00e1cter oficial.<\/p>\n<p>Este punto hab\u00eda generado cuestionamientos sobre el papel que Cerimedo desempe\u00f1aba dentro del Ejecutivo. El exministro de la Presidencia, Jos\u00e9 Luis Lupo, hab\u00eda negado anteriormente haber autorizado la creaci\u00f3n o utilizaci\u00f3n de un correo institucional para el asesor, as\u00ed como la emisi\u00f3n de credenciales que lo identificaran como funcionario o asesor formal del Estado.<\/p>\n<p>Durante la audiencia, Cerimedo tambi\u00e9n cuestion\u00f3 el origen de las acusaciones que dieron lugar al proceso. Sostuvo que la investigaci\u00f3n tom\u00f3 como referencia publicaciones realizadas en redes sociales y afirm\u00f3 que uno de los elementos centrales de la imputaci\u00f3n era un video difundido en TikTok.<\/p>\n<p>El empresario vincul\u00f3 esas publicaciones con una disputa personal con Nadia Beller y asegur\u00f3 que los se\u00f1alamientos difundidos en redes sociales terminaron afectando tanto su vida personal como profesional. Neg\u00f3 adem\u00e1s las acusaciones relacionadas con un supuesto v\u00ednculo con hechos delictivos y rechaz\u00f3 las versiones sobre un intento de fuga.<\/p>\n<p>En otro momento de su declaraci\u00f3n, Cerimedo pidi\u00f3 afrontar el proceso en libertad. Se\u00f1al\u00f3 que estaba dispuesto a cumplir medidas como el arraigo y argument\u00f3 que necesitaba continuar trabajando de manera remota para atender a sus clientes y mantener sus actividades empresariales.<\/p>\n<p>Pese a los argumentos expuestos por la defensa, la Justicia determin\u00f3 la detenci\u00f3n preventiva por seis meses. Durante ese periodo, Cerimedo permanecer\u00e1 en Chonchocoro mientras el Ministerio P\u00fablico contin\u00faa con las actuaciones destinadas a esclarecer el origen de los recursos y los dem\u00e1s elementos incorporados al proceso.<\/p>\n","protected":false},"excerpt":{"rendered":"<p>La Justicia determin\u00f3 que el asesor pol\u00edtico, Fernando Cerimedo, cumpla seis meses de detenci\u00f3n preventiva en Chonchocoro, mientras la Fiscal\u00eda profundiza la investigaci\u00f3n por presunta legitimaci\u00f3n de ganancias il\u00edcitas a partir de dinero y otros elementos hallados durante allanamientos. La decisi\u00f3n judicial se conoci\u00f3 despu\u00e9s de una audiencia de medidas cautelares realizada de manera virtual, [&hellip;]<\/p>\n","protected":false},"author":1,"featured_media":425923,"comment_status":"closed","ping_status":"open","sticky":false,"template":"","format":"standard","meta":{"_acf_changed":false,"footnotes":""},"categories":[39],"tags":[],"class_list":["post-425922","post","type-post","status-publish","format-standard","has-post-thumbnail","category-sociedad"],"acf":{"antetitulo":"Investigado por enriquecimiento il\u00edcito"},"yoast_head":"<!-- This site is optimized with the Yoast SEO plugin v28.3 - https:\/\/yoast.com\/product\/yoast-seo-wordpress\/ -->\n<title>Dan detenci\u00f3n preventiva a Cerimedo en Chonchocoro - El Diario - Bolivia<\/title>\n<meta name=\"robots\" content=\"index, follow, max-snippet:-1, max-image-preview:large, max-video-preview:-1\" \/>\n<link rel=\"canonical\" href=\"https:\/\/www.eldiario.net\/portal\/2026\/08\/30\/dan-detencion-preventiva-a-cerimedo-en-chonchocoro\/\" \/>\n<meta property=\"og:locale\" content=\"es_ES\" \/>\n<meta property=\"og:type\" content=\"article\" \/>\n<meta property=\"og:title\" content=\"Dan detenci\u00f3n preventiva a Cerimedo en Chonchocoro - El Diario - Bolivia\" \/>\n<meta property=\"og:description\" content=\"La Justicia determin\u00f3 que el asesor pol\u00edtico, Fernando Cerimedo, cumpla seis meses de detenci\u00f3n preventiva en Chonchocoro, mientras la Fiscal\u00eda profundiza la investigaci\u00f3n por presunta legitimaci\u00f3n de ganancias il\u00edcitas a partir de dinero y otros elementos hallados durante allanamientos. La decisi\u00f3n judicial se conoci\u00f3 despu\u00e9s de una audiencia de medidas cautelares realizada de manera virtual, [&hellip;]\" \/>\n<meta property=\"og:url\" content=\"https:\/\/www.eldiario.net\/portal\/2026\/08\/30\/dan-detencion-preventiva-a-cerimedo-en-chonchocoro\/\" \/>\n<meta property=\"og:site_name\" content=\"El Diario - Bolivia\" \/>\n<meta property=\"article:publisher\" content=\"https:\/\/www.facebook.com\/eldiario.bolivia\/\" \/>\n<meta property=\"article:published_time\" content=\"2026-08-30T10:54:15+00:00\" \/>\n<meta property=\"og:image\" content=\"https:\/\/www.eldiario.net\/portal\/wp-content\/uploads\/2026\/08\/30-CERIME.webp\" \/>\n\t<meta property=\"og:image:width\" content=\"584\" \/>\n\t<meta property=\"og:image:height\" content=\"400\" \/>\n\t<meta property=\"og:image:type\" content=\"image\/webp\" \/>\n<meta name=\"author\" content=\"Jeanette\" \/>\n<meta name=\"twitter:card\" content=\"summary_large_image\" \/>\n<meta name=\"twitter:creator\" content=\"@eldiario_net\" \/>\n<meta name=\"twitter:site\" content=\"@eldiario_net\" \/>\n<meta name=\"twitter:label1\" content=\"Escrito por\" \/>\n\t<meta name=\"twitter:data1\" content=\"Jeanette\" \/>\n\t<meta name=\"twitter:label2\" content=\"Tiempo de lectura\" \/>\n\t<meta name=\"twitter:data2\" content=\"5 minutos\" \/>\n<script type=\"application\/ld+json\" class=\"yoast-schema-graph\">{\"@context\":\"https:\\\/\\\/schema.org\",\"@graph\":[{\"@type\":\"Article\",\"@id\":\"https:\\\/\\\/www.eldiario.net\\\/portal\\\/2026\\\/08\\\/30\\\/dan-detencion-preventiva-a-cerimedo-en-chonchocoro\\\/#article\",\"isPartOf\":{\"@id\":\"https:\\\/\\\/www.eldiario.net\\\/portal\\\/2026\\\/08\\\/30\\\/dan-detencion-preventiva-a-cerimedo-en-chonchocoro\\\/\"},\"author\":{\"name\":\"Jeanette\",\"@id\":\"https:\\\/\\\/www.eldiario.net\\\/portal\\\/#\\\/schema\\\/person\\\/f46445640444750d7d753ccd04ae01b7\"},\"headline\":\"Dan detenci\u00f3n preventiva a Cerimedo en Chonchocoro\",\"datePublished\":\"2026-08-30T10:54:15+00:00\",\"mainEntityOfPage\":{\"@id\":\"https:\\\/\\\/www.eldiario.net\\\/portal\\\/2026\\\/08\\\/30\\\/dan-detencion-preventiva-a-cerimedo-en-chonchocoro\\\/\"},\"wordCount\":913,\"publisher\":{\"@id\":\"https:\\\/\\\/www.eldiario.net\\\/portal\\\/#organization\"},\"image\":{\"@id\":\"https:\\\/\\\/www.eldiario.net\\\/portal\\\/2026\\\/08\\\/30\\\/dan-detencion-preventiva-a-cerimedo-en-chonchocoro\\\/#primaryimage\"},\"thumbnailUrl\":\"https:\\\/\\\/www.eldiario.net\\\/portal\\\/wp-content\\\/uploads\\\/2026\\\/08\\\/30-CERIME.webp\",\"articleSection\":[\"Sociedad - Seguridad\"],\"inLanguage\":\"es\"},{\"@type\":\"WebPage\",\"@id\":\"https:\\\/\\\/www.eldiario.net\\\/portal\\\/2026\\\/08\\\/30\\\/dan-detencion-preventiva-a-cerimedo-en-chonchocoro\\\/\",\"url\":\"https:\\\/\\\/www.eldiario.net\\\/portal\\\/2026\\\/08\\\/30\\\/dan-detencion-preventiva-a-cerimedo-en-chonchocoro\\\/\",\"name\":\"Dan detenci\u00f3n preventiva a Cerimedo en Chonchocoro - El Diario - Bolivia\",\"isPartOf\":{\"@id\":\"https:\\\/\\\/www.eldiario.net\\\/portal\\\/#website\"},\"primaryImageOfPage\":{\"@id\":\"https:\\\/\\\/www.eldiario.net\\\/portal\\\/2026\\\/08\\\/30\\\/dan-detencion-preventiva-a-cerimedo-en-chonchocoro\\\/#primaryimage\"},\"image\":{\"@id\":\"https:\\\/\\\/www.eldiario.net\\\/portal\\\/2026\\\/08\\\/30\\\/dan-detencion-preventiva-a-cerimedo-en-chonchocoro\\\/#primaryimage\"},\"thumbnailUrl\":\"https:\\\/\\\/www.eldiario.net\\\/portal\\\/wp-content\\\/uploads\\\/2026\\\/08\\\/30-CERIME.webp\",\"datePublished\":\"2026-08-30T10:54:15+00:00\",\"breadcrumb\":{\"@id\":\"https:\\\/\\\/www.eldiario.net\\\/portal\\\/2026\\\/08\\\/30\\\/dan-detencion-preventiva-a-cerimedo-en-chonchocoro\\\/#breadcrumb\"},\"inLanguage\":\"es\",\"potentialAction\":[{\"@type\":\"ReadAction\",\"target\":[\"https:\\\/\\\/www.eldiario.net\\\/portal\\\/2026\\\/08\\\/30\\\/dan-detencion-preventiva-a-cerimedo-en-chonchocoro\\\/\"]}]},{\"@type\":\"ImageObject\",\"inLanguage\":\"es\",\"@id\":\"https:\\\/\\\/www.eldiario.net\\\/portal\\\/2026\\\/08\\\/30\\\/dan-detencion-preventiva-a-cerimedo-en-chonchocoro\\\/#primaryimage\",\"url\":\"https:\\\/\\\/www.eldiario.net\\\/portal\\\/wp-content\\\/uploads\\\/2026\\\/08\\\/30-CERIME.webp\",\"contentUrl\":\"https:\\\/\\\/www.eldiario.net\\\/portal\\\/wp-content\\\/uploads\\\/2026\\\/08\\\/30-CERIME.webp\",\"width\":584,\"height\":400,\"caption\":\"El asesor pol\u00edtico cumplir\u00e1 detenci\u00f3n preventiva en Chonchocoro. Cr\u00e9dito de foto: RRSS\"},{\"@type\":\"BreadcrumbList\",\"@id\":\"https:\\\/\\\/www.eldiario.net\\\/portal\\\/2026\\\/08\\\/30\\\/dan-detencion-preventiva-a-cerimedo-en-chonchocoro\\\/#breadcrumb\",\"itemListElement\":[{\"@type\":\"ListItem\",\"position\":1,\"name\":\"Portada\",\"item\":\"https:\\\/\\\/www.eldiario.net\\\/portal\\\/\"},{\"@type\":\"ListItem\",\"position\":2,\"name\":\"Dan detenci\u00f3n preventiva a Cerimedo en Chonchocoro\"}]},{\"@type\":\"WebSite\",\"@id\":\"https:\\\/\\\/www.eldiario.net\\\/portal\\\/#website\",\"url\":\"https:\\\/\\\/www.eldiario.net\\\/portal\\\/\",\"name\":\"El Diario - Decano de la prensa nacional\",\"description\":\"El Diario - Decano de la prensa nacional\",\"publisher\":{\"@id\":\"https:\\\/\\\/www.eldiario.net\\\/portal\\\/#organization\"},\"potentialAction\":[{\"@type\":\"SearchAction\",\"target\":{\"@type\":\"EntryPoint\",\"urlTemplate\":\"https:\\\/\\\/www.eldiario.net\\\/portal\\\/?s={search_term_string}\"},\"query-input\":{\"@type\":\"PropertyValueSpecification\",\"valueRequired\":true,\"valueName\":\"search_term_string\"}}],\"inLanguage\":\"es\"},{\"@type\":\"Organization\",\"@id\":\"https:\\\/\\\/www.eldiario.net\\\/portal\\\/#organization\",\"name\":\"El Diario - Decano de la prensa nacional\",\"url\":\"https:\\\/\\\/www.eldiario.net\\\/portal\\\/\",\"logo\":{\"@type\":\"ImageObject\",\"inLanguage\":\"es\",\"@id\":\"https:\\\/\\\/www.eldiario.net\\\/portal\\\/#\\\/schema\\\/logo\\\/image\\\/\",\"url\":\"https:\\\/\\\/www.eldiario.net\\\/portal\\\/wp-content\\\/uploads\\\/2023\\\/07\\\/logo_ED.jpg\",\"contentUrl\":\"https:\\\/\\\/www.eldiario.net\\\/portal\\\/wp-content\\\/uploads\\\/2023\\\/07\\\/logo_ED.jpg\",\"width\":272,\"height\":52,\"caption\":\"El Diario - Decano de la prensa nacional\"},\"image\":{\"@id\":\"https:\\\/\\\/www.eldiario.net\\\/portal\\\/#\\\/schema\\\/logo\\\/image\\\/\"},\"sameAs\":[\"https:\\\/\\\/www.facebook.com\\\/eldiario.bolivia\\\/\",\"https:\\\/\\\/x.com\\\/eldiario_net\"]},{\"@type\":\"Person\",\"@id\":\"https:\\\/\\\/www.eldiario.net\\\/portal\\\/#\\\/schema\\\/person\\\/f46445640444750d7d753ccd04ae01b7\",\"name\":\"Jeanette\",\"image\":{\"@type\":\"ImageObject\",\"inLanguage\":\"es\",\"@id\":\"https:\\\/\\\/secure.gravatar.com\\\/avatar\\\/3ea2118a5f7dad2b7138b1187a6b7ee55f160b9968b66013c3a3ef39dd7e5798?s=96&d=mm&r=g\",\"url\":\"https:\\\/\\\/secure.gravatar.com\\\/avatar\\\/3ea2118a5f7dad2b7138b1187a6b7ee55f160b9968b66013c3a3ef39dd7e5798?s=96&d=mm&r=g\",\"contentUrl\":\"https:\\\/\\\/secure.gravatar.com\\\/avatar\\\/3ea2118a5f7dad2b7138b1187a6b7ee55f160b9968b66013c3a3ef39dd7e5798?s=96&d=mm&r=g\",\"caption\":\"Jeanette\"},\"sameAs\":[\"https:\\\/\\\/www.eldiario.net\\\/portal\"],\"url\":\"https:\\\/\\\/www.eldiario.net\\\/portal\\\/author\\\/jeanette\\\/\"}]}<\/script>\n<!-- \/ Yoast SEO plugin. -->","yoast_head_json":{"title":"Dan detenci\u00f3n preventiva a Cerimedo en Chonchocoro - El Diario - Bolivia","robots":{"index":"index","follow":"follow","max-snippet":"max-snippet:-1","max-image-preview":"max-image-preview:large","max-video-preview":"max-video-preview:-1"},"canonical":"https:\/\/www.eldiario.net\/portal\/2026\/08\/30\/dan-detencion-preventiva-a-cerimedo-en-chonchocoro\/","og_locale":"es_ES","og_type":"article","og_title":"Dan detenci\u00f3n preventiva a Cerimedo en Chonchocoro - El Diario - Bolivia","og_description":"La Justicia determin\u00f3 que el asesor pol\u00edtico, Fernando Cerimedo, cumpla seis meses de detenci\u00f3n preventiva en Chonchocoro, mientras la Fiscal\u00eda profundiza la investigaci\u00f3n por presunta legitimaci\u00f3n de ganancias il\u00edcitas a partir de dinero y otros elementos hallados durante allanamientos. La decisi\u00f3n judicial se conoci\u00f3 despu\u00e9s de una audiencia de medidas cautelares realizada de manera virtual, [&hellip;]","og_url":"https:\/\/www.eldiario.net\/portal\/2026\/08\/30\/dan-detencion-preventiva-a-cerimedo-en-chonchocoro\/","og_site_name":"El Diario - Bolivia","article_publisher":"https:\/\/www.facebook.com\/eldiario.bolivia\/","article_published_time":"2026-08-30T10:54:15+00:00","og_image":[{"width":584,"height":400,"url":"https:\/\/www.eldiario.net\/portal\/wp-content\/uploads\/2026\/08\/30-CERIME.webp","type":"image\/webp"}],"author":"Jeanette","twitter_card":"summary_large_image","twitter_creator":"@eldiario_net","twitter_site":"@eldiario_net","twitter_misc":{"Escrito por":"Jeanette","Tiempo de lectura":"5 minutos"},"schema":{"@context":"https:\/\/schema.org","@graph":[{"@type":"Article","@id":"https:\/\/www.eldiario.net\/portal\/2026\/08\/30\/dan-detencion-preventiva-a-cerimedo-en-chonchocoro\/#article","isPartOf":{"@id":"https:\/\/www.eldiario.net\/portal\/2026\/08\/30\/dan-detencion-preventiva-a-cerimedo-en-chonchocoro\/"},"author":{"name":"Jeanette","@id":"https:\/\/www.eldiario.net\/portal\/#\/schema\/person\/f46445640444750d7d753ccd04ae01b7"},"headline":"Dan detenci\u00f3n preventiva a Cerimedo en Chonchocoro","datePublished":"2026-08-30T10:54:15+00:00","mainEntityOfPage":{"@id":"https:\/\/www.eldiario.net\/portal\/2026\/08\/30\/dan-detencion-preventiva-a-cerimedo-en-chonchocoro\/"},"wordCount":913,"publisher":{"@id":"https:\/\/www.eldiario.net\/portal\/#organization"},"image":{"@id":"https:\/\/www.eldiario.net\/portal\/2026\/08\/30\/dan-detencion-preventiva-a-cerimedo-en-chonchocoro\/#primaryimage"},"thumbnailUrl":"https:\/\/www.eldiario.net\/portal\/wp-content\/uploads\/2026\/08\/30-CERIME.webp","articleSection":["Sociedad - Seguridad"],"inLanguage":"es"},{"@type":"WebPage","@id":"https:\/\/www.eldiario.net\/portal\/2026\/08\/30\/dan-detencion-preventiva-a-cerimedo-en-chonchocoro\/","url":"https:\/\/www.eldiario.net\/portal\/2026\/08\/30\/dan-detencion-preventiva-a-cerimedo-en-chonchocoro\/","name":"Dan detenci\u00f3n preventiva a Cerimedo en Chonchocoro - El Diario - Bolivia","isPartOf":{"@id":"https:\/\/www.eldiario.net\/portal\/#website"},"primaryImageOfPage":{"@id":"https:\/\/www.eldiario.net\/portal\/2026\/08\/30\/dan-detencion-preventiva-a-cerimedo-en-chonchocoro\/#primaryimage"},"image":{"@id":"https:\/\/www.eldiario.net\/portal\/2026\/08\/30\/dan-detencion-preventiva-a-cerimedo-en-chonchocoro\/#primaryimage"},"thumbnailUrl":"https:\/\/www.eldiario.net\/portal\/wp-content\/uploads\/2026\/08\/30-CERIME.webp","datePublished":"2026-08-30T10:54:15+00:00","breadcrumb":{"@id":"https:\/\/www.eldiario.net\/portal\/2026\/08\/30\/dan-detencion-preventiva-a-cerimedo-en-chonchocoro\/#breadcrumb"},"inLanguage":"es","potentialAction":[{"@type":"ReadAction","target":["https:\/\/www.eldiario.net\/portal\/2026\/08\/30\/dan-detencion-preventiva-a-cerimedo-en-chonchocoro\/"]}]},{"@type":"ImageObject","inLanguage":"es","@id":"https:\/\/www.eldiario.net\/portal\/2026\/08\/30\/dan-detencion-preventiva-a-cerimedo-en-chonchocoro\/#primaryimage","url":"https:\/\/www.eldiario.net\/portal\/wp-content\/uploads\/2026\/08\/30-CERIME.webp","contentUrl":"https:\/\/www.eldiario.net\/portal\/wp-content\/uploads\/2026\/08\/30-CERIME.webp","width":584,"height":400,"caption":"El asesor pol\u00edtico cumplir\u00e1 detenci\u00f3n preventiva en Chonchocoro. Cr\u00e9dito de foto: RRSS"},{"@type":"BreadcrumbList","@id":"https:\/\/www.eldiario.net\/portal\/2026\/08\/30\/dan-detencion-preventiva-a-cerimedo-en-chonchocoro\/#breadcrumb","itemListElement":[{"@type":"ListItem","position":1,"name":"Portada","item":"https:\/\/www.eldiario.net\/portal\/"},{"@type":"ListItem","position":2,"name":"Dan detenci\u00f3n preventiva a Cerimedo en Chonchocoro"}]},{"@type":"WebSite","@id":"https:\/\/www.eldiario.net\/portal\/#website","url":"https:\/\/www.eldiario.net\/portal\/","name":"El Diario - Decano de la prensa nacional","description":"El Diario - Decano de la prensa nacional","publisher":{"@id":"https:\/\/www.eldiario.net\/portal\/#organization"},"potentialAction":[{"@type":"SearchAction","target":{"@type":"EntryPoint","urlTemplate":"https:\/\/www.eldiario.net\/portal\/?s={search_term_string}"},"query-input":{"@type":"PropertyValueSpecification","valueRequired":true,"valueName":"search_term_string"}}],"inLanguage":"es"},{"@type":"Organization","@id":"https:\/\/www.eldiario.net\/portal\/#organization","name":"El Diario - Decano de la prensa nacional","url":"https:\/\/www.eldiario.net\/portal\/","logo":{"@type":"ImageObject","inLanguage":"es","@id":"https:\/\/www.eldiario.net\/portal\/#\/schema\/logo\/image\/","url":"https:\/\/www.eldiario.net\/portal\/wp-content\/uploads\/2023\/07\/logo_ED.jpg","contentUrl":"https:\/\/www.eldiario.net\/portal\/wp-content\/uploads\/2023\/07\/logo_ED.jpg","width":272,"height":52,"caption":"El Diario - Decano de la prensa nacional"},"image":{"@id":"https:\/\/www.eldiario.net\/portal\/#\/schema\/logo\/image\/"},"sameAs":["https:\/\/www.facebook.com\/eldiario.bolivia\/","https:\/\/x.com\/eldiario_net"]},{"@type":"Person","@id":"https:\/\/www.eldiario.net\/portal\/#\/schema\/person\/f46445640444750d7d753ccd04ae01b7","name":"Jeanette","image":{"@type":"ImageObject","inLanguage":"es","@id":"https:\/\/secure.gravatar.com\/avatar\/3ea2118a5f7dad2b7138b1187a6b7ee55f160b9968b66013c3a3ef39dd7e5798?s=96&d=mm&r=g","url":"https:\/\/secure.gravatar.com\/avatar\/3ea2118a5f7dad2b7138b1187a6b7ee55f160b9968b66013c3a3ef39dd7e5798?s=96&d=mm&r=g","contentUrl":"https:\/\/secure.gravatar.com\/avatar\/3ea2118a5f7dad2b7138b1187a6b7ee55f160b9968b66013c3a3ef39dd7e5798?s=96&d=mm&r=g","caption":"Jeanette"},"sameAs":["https:\/\/www.eldiario.net\/portal"],"url":"https:\/\/www.eldiario.net\/portal\/author\/jeanette\/"}]}},"_links":{"self":[{"href":"https:\/\/www.eldiario.net\/portal\/wp-json\/wp\/v2\/posts\/425922","targetHints":{"allow":["GET"]}}],"collection":[{"href":"https:\/\/www.eldiario.net\/portal\/wp-json\/wp\/v2\/posts"}],"about":[{"href":"https:\/\/www.eldiario.net\/portal\/wp-json\/wp\/v2\/types\/post"}],"author":[{"embeddable":true,"href":"https:\/\/www.eldiario.net\/portal\/wp-json\/wp\/v2\/users\/1"}],"replies":[{"embeddable":true,"href":"https:\/\/www.eldiario.net\/portal\/wp-json\/wp\/v2\/comments?post=425922"}],"version-history":[{"count":1,"href":"https:\/\/www.eldiario.net\/portal\/wp-json\/wp\/v2\/posts\/425922\/revisions"}],"predecessor-version":[{"id":425924,"href":"https:\/\/www.eldiario.net\/portal\/wp-json\/wp\/v2\/posts\/425922\/revisions\/425924"}],"wp:featuredmedia":[{"embeddable":true,"href":"https:\/\/www.eldiario.net\/portal\/wp-json\/wp\/v2\/media\/425923"}],"wp:attachment":[{"href":"https:\/\/www.eldiario.net\/portal\/wp-json\/wp\/v2\/media?parent=425922"}],"wp:term":[{"taxonomy":"category","embeddable":true,"href":"https:\/\/www.eldiario.net\/portal\/wp-json\/wp\/v2\/categories?post=425922"},{"taxonomy":"post_tag","embeddable":true,"href":"https:\/\/www.eldiario.net\/portal\/wp-json\/wp\/v2\/tags?post=425922"}],"curies":[{"name":"wp","href":"https:\/\/api.w.org\/{rel}","templated":true}]}}