{"id":425919,"date":"2026-08-30T06:52:59","date_gmt":"2026-08-30T10:52:59","guid":{"rendered":"https:\/\/www.eldiario.net\/portal\/?p=425919"},"modified":"2026-08-30T08:24:38","modified_gmt":"2026-08-30T12:24:38","slug":"militar-acusado-de-trafico-sera-extraditado-a-eeuu","status":"publish","type":"post","link":"https:\/\/www.eldiario.net\/portal\/2026\/08\/30\/militar-acusado-de-trafico-sera-extraditado-a-eeuu\/","title":{"rendered":"Militar acusado de tr\u00e1fico ser\u00e1 extraditado a EEUU"},"content":{"rendered":"<p>El coronel de la Fuerza A\u00e9rea Boliviana (FAB), se\u00f1alado en Estados Unidos por presunto tr\u00e1fico de drogas y armas, fue trasladado al penal de San Roque, en Sucre, donde permanecer\u00e1 con detenci\u00f3n preventiva mientras avanza el proceso para su extradici\u00f3n.<\/p>\n<p>El director de la Fuerza Especial de Lucha Contra el Narcotr\u00e1fico (Felcn) de Santa Cruz, Dimar Caprirolo, inform\u00f3 que el militar, que se encontraba en situaci\u00f3n de reserva activa, fue llevado al centro penitenciario por orden judicial y permanecer\u00e1 all\u00ed mientras se cumplen las actuaciones vinculadas con la solicitud presentada por Estados Unidos.<\/p>\n<p>De acuerdo con la explicaci\u00f3n de la autoridad policial, el acusado tiene un proceso pendiente en territorio estadounidense por delitos relacionados con el tr\u00e1fico de drogas y armas. La justicia de ese pa\u00eds solicit\u00f3 que sea extraditado para que pueda ser sometido al proceso judicial correspondiente en tribunales estadounidenses.<\/p>\n<p>La detenci\u00f3n preventiva que cumple en Bolivia fue dispuesta espec\u00edficamente con fines de extradici\u00f3n.<\/p>\n<p>El jefe de la Felcn tambi\u00e9n se\u00f1al\u00f3 que el procedimiento cont\u00f3 con la participaci\u00f3n de efectivos de lucha contra el narcotr\u00e1fico y la coordinaci\u00f3n de la Administraci\u00f3n de Control de Drogas (DEA) de Estados Unidos.<\/p>\n<p>El militar fue trasladado inicialmente a dependencias de la Interpol despu\u00e9s de que se ejecutara la orden judicial. Posteriormente, las autoridades dispusieron su traslado a Sucre para que cumpla la detenci\u00f3n preventiva en el penal de San Roque.<\/p>\n<p>El caso entra ahora en una nueva etapa con el tr\u00e1mite de extradici\u00f3n solicitado por Estados Unidos. Mientras el proceso avanza, el coronel permanecer\u00e1 bajo custodia en Bolivia a la espera de una determinaci\u00f3n sobre su eventual entrega a la justicia estadounidense. (Con informaci\u00f3n de Unitel)<\/p>\n<p>&nbsp;<\/p>\n","protected":false},"excerpt":{"rendered":"<p>El coronel de la Fuerza A\u00e9rea Boliviana (FAB), se\u00f1alado en Estados Unidos por presunto tr\u00e1fico de drogas y armas, fue trasladado al penal de San Roque, en Sucre, donde permanecer\u00e1 con detenci\u00f3n preventiva mientras avanza el proceso para su extradici\u00f3n. El director de la Fuerza Especial de Lucha Contra el Narcotr\u00e1fico (Felcn) de Santa Cruz, [&hellip;]<\/p>\n","protected":false},"author":1,"featured_media":425920,"comment_status":"closed","ping_status":"open","sticky":false,"template":"","format":"standard","meta":{"_acf_changed":false,"footnotes":""},"categories":[39],"tags":[],"class_list":["post-425919","post","type-post","status-publish","format-standard","has-post-thumbnail","category-sociedad"],"acf":{"antetitulo":""},"yoast_head":"<!-- This site is optimized with the Yoast SEO plugin v28.3 - https:\/\/yoast.com\/product\/yoast-seo-wordpress\/ -->\n<title>Militar acusado de tr\u00e1fico ser\u00e1 extraditado a EEUU - El Diario - Bolivia<\/title>\n<meta name=\"robots\" content=\"index, follow, max-snippet:-1, max-image-preview:large, max-video-preview:-1\" \/>\n<link rel=\"canonical\" href=\"https:\/\/www.eldiario.net\/portal\/2026\/08\/30\/militar-acusado-de-trafico-sera-extraditado-a-eeuu\/\" \/>\n<meta property=\"og:locale\" content=\"es_ES\" \/>\n<meta property=\"og:type\" content=\"article\" \/>\n<meta property=\"og:title\" content=\"Militar acusado de tr\u00e1fico ser\u00e1 extraditado a EEUU - El Diario - Bolivia\" \/>\n<meta property=\"og:description\" content=\"El coronel de la Fuerza A\u00e9rea Boliviana (FAB), se\u00f1alado en Estados Unidos por presunto tr\u00e1fico de drogas y armas, fue trasladado al penal de San Roque, en Sucre, donde permanecer\u00e1 con detenci\u00f3n preventiva mientras avanza el proceso para su extradici\u00f3n. El director de la Fuerza Especial de Lucha Contra el Narcotr\u00e1fico (Felcn) de Santa Cruz, [&hellip;]\" \/>\n<meta property=\"og:url\" content=\"https:\/\/www.eldiario.net\/portal\/2026\/08\/30\/militar-acusado-de-trafico-sera-extraditado-a-eeuu\/\" \/>\n<meta property=\"og:site_name\" content=\"El Diario - Bolivia\" \/>\n<meta property=\"article:publisher\" content=\"https:\/\/www.facebook.com\/eldiario.bolivia\/\" \/>\n<meta property=\"article:published_time\" content=\"2026-08-30T10:52:59+00:00\" \/>\n<meta property=\"article:modified_time\" content=\"2026-08-30T12:24:38+00:00\" \/>\n<meta property=\"og:image\" content=\"https:\/\/www.eldiario.net\/portal\/wp-content\/uploads\/2026\/08\/30-MILITAR.webp\" \/>\n\t<meta property=\"og:image:width\" content=\"824\" \/>\n\t<meta property=\"og:image:height\" content=\"627\" \/>\n\t<meta property=\"og:image:type\" content=\"image\/webp\" \/>\n<meta name=\"author\" content=\"Jeanette\" \/>\n<meta name=\"twitter:card\" content=\"summary_large_image\" \/>\n<meta name=\"twitter:creator\" content=\"@eldiario_net\" \/>\n<meta name=\"twitter:site\" content=\"@eldiario_net\" \/>\n<meta name=\"twitter:label1\" content=\"Escrito por\" \/>\n\t<meta name=\"twitter:data1\" content=\"Jeanette\" \/>\n\t<meta name=\"twitter:label2\" content=\"Tiempo de lectura\" \/>\n\t<meta name=\"twitter:data2\" content=\"2 minutos\" \/>\n<script type=\"application\/ld+json\" class=\"yoast-schema-graph\">{\"@context\":\"https:\\\/\\\/schema.org\",\"@graph\":[{\"@type\":\"Article\",\"@id\":\"https:\\\/\\\/www.eldiario.net\\\/portal\\\/2026\\\/08\\\/30\\\/militar-acusado-de-trafico-sera-extraditado-a-eeuu\\\/#article\",\"isPartOf\":{\"@id\":\"https:\\\/\\\/www.eldiario.net\\\/portal\\\/2026\\\/08\\\/30\\\/militar-acusado-de-trafico-sera-extraditado-a-eeuu\\\/\"},\"author\":{\"name\":\"Jeanette\",\"@id\":\"https:\\\/\\\/www.eldiario.net\\\/portal\\\/#\\\/schema\\\/person\\\/f46445640444750d7d753ccd04ae01b7\"},\"headline\":\"Militar acusado de tr\u00e1fico ser\u00e1 extraditado a EEUU\",\"datePublished\":\"2026-08-30T10:52:59+00:00\",\"dateModified\":\"2026-08-30T12:24:38+00:00\",\"mainEntityOfPage\":{\"@id\":\"https:\\\/\\\/www.eldiario.net\\\/portal\\\/2026\\\/08\\\/30\\\/militar-acusado-de-trafico-sera-extraditado-a-eeuu\\\/\"},\"wordCount\":310,\"publisher\":{\"@id\":\"https:\\\/\\\/www.eldiario.net\\\/portal\\\/#organization\"},\"image\":{\"@id\":\"https:\\\/\\\/www.eldiario.net\\\/portal\\\/2026\\\/08\\\/30\\\/militar-acusado-de-trafico-sera-extraditado-a-eeuu\\\/#primaryimage\"},\"thumbnailUrl\":\"https:\\\/\\\/www.eldiario.net\\\/portal\\\/wp-content\\\/uploads\\\/2026\\\/08\\\/30-MILITAR.webp\",\"articleSection\":[\"Sociedad - Seguridad\"],\"inLanguage\":\"es\"},{\"@type\":\"WebPage\",\"@id\":\"https:\\\/\\\/www.eldiario.net\\\/portal\\\/2026\\\/08\\\/30\\\/militar-acusado-de-trafico-sera-extraditado-a-eeuu\\\/\",\"url\":\"https:\\\/\\\/www.eldiario.net\\\/portal\\\/2026\\\/08\\\/30\\\/militar-acusado-de-trafico-sera-extraditado-a-eeuu\\\/\",\"name\":\"Militar acusado de tr\u00e1fico ser\u00e1 extraditado a EEUU - El Diario - Bolivia\",\"isPartOf\":{\"@id\":\"https:\\\/\\\/www.eldiario.net\\\/portal\\\/#website\"},\"primaryImageOfPage\":{\"@id\":\"https:\\\/\\\/www.eldiario.net\\\/portal\\\/2026\\\/08\\\/30\\\/militar-acusado-de-trafico-sera-extraditado-a-eeuu\\\/#primaryimage\"},\"image\":{\"@id\":\"https:\\\/\\\/www.eldiario.net\\\/portal\\\/2026\\\/08\\\/30\\\/militar-acusado-de-trafico-sera-extraditado-a-eeuu\\\/#primaryimage\"},\"thumbnailUrl\":\"https:\\\/\\\/www.eldiario.net\\\/portal\\\/wp-content\\\/uploads\\\/2026\\\/08\\\/30-MILITAR.webp\",\"datePublished\":\"2026-08-30T10:52:59+00:00\",\"dateModified\":\"2026-08-30T12:24:38+00:00\",\"breadcrumb\":{\"@id\":\"https:\\\/\\\/www.eldiario.net\\\/portal\\\/2026\\\/08\\\/30\\\/militar-acusado-de-trafico-sera-extraditado-a-eeuu\\\/#breadcrumb\"},\"inLanguage\":\"es\",\"potentialAction\":[{\"@type\":\"ReadAction\",\"target\":[\"https:\\\/\\\/www.eldiario.net\\\/portal\\\/2026\\\/08\\\/30\\\/militar-acusado-de-trafico-sera-extraditado-a-eeuu\\\/\"]}]},{\"@type\":\"ImageObject\",\"inLanguage\":\"es\",\"@id\":\"https:\\\/\\\/www.eldiario.net\\\/portal\\\/2026\\\/08\\\/30\\\/militar-acusado-de-trafico-sera-extraditado-a-eeuu\\\/#primaryimage\",\"url\":\"https:\\\/\\\/www.eldiario.net\\\/portal\\\/wp-content\\\/uploads\\\/2026\\\/08\\\/30-MILITAR.webp\",\"contentUrl\":\"https:\\\/\\\/www.eldiario.net\\\/portal\\\/wp-content\\\/uploads\\\/2026\\\/08\\\/30-MILITAR.webp\",\"width\":824,\"height\":627,\"caption\":\"El militar ser\u00e1 sometido a un proceso de extradici\u00f3n. Cr\u00e9dito de foto: Unitel\"},{\"@type\":\"BreadcrumbList\",\"@id\":\"https:\\\/\\\/www.eldiario.net\\\/portal\\\/2026\\\/08\\\/30\\\/militar-acusado-de-trafico-sera-extraditado-a-eeuu\\\/#breadcrumb\",\"itemListElement\":[{\"@type\":\"ListItem\",\"position\":1,\"name\":\"Portada\",\"item\":\"https:\\\/\\\/www.eldiario.net\\\/portal\\\/\"},{\"@type\":\"ListItem\",\"position\":2,\"name\":\"Militar acusado de tr\u00e1fico ser\u00e1 extraditado a EEUU\"}]},{\"@type\":\"WebSite\",\"@id\":\"https:\\\/\\\/www.eldiario.net\\\/portal\\\/#website\",\"url\":\"https:\\\/\\\/www.eldiario.net\\\/portal\\\/\",\"name\":\"El Diario - Decano de la prensa nacional\",\"description\":\"El Diario - Decano de la prensa nacional\",\"publisher\":{\"@id\":\"https:\\\/\\\/www.eldiario.net\\\/portal\\\/#organization\"},\"potentialAction\":[{\"@type\":\"SearchAction\",\"target\":{\"@type\":\"EntryPoint\",\"urlTemplate\":\"https:\\\/\\\/www.eldiario.net\\\/portal\\\/?s={search_term_string}\"},\"query-input\":{\"@type\":\"PropertyValueSpecification\",\"valueRequired\":true,\"valueName\":\"search_term_string\"}}],\"inLanguage\":\"es\"},{\"@type\":\"Organization\",\"@id\":\"https:\\\/\\\/www.eldiario.net\\\/portal\\\/#organization\",\"name\":\"El Diario - Decano de la prensa nacional\",\"url\":\"https:\\\/\\\/www.eldiario.net\\\/portal\\\/\",\"logo\":{\"@type\":\"ImageObject\",\"inLanguage\":\"es\",\"@id\":\"https:\\\/\\\/www.eldiario.net\\\/portal\\\/#\\\/schema\\\/logo\\\/image\\\/\",\"url\":\"https:\\\/\\\/www.eldiario.net\\\/portal\\\/wp-content\\\/uploads\\\/2023\\\/07\\\/logo_ED.jpg\",\"contentUrl\":\"https:\\\/\\\/www.eldiario.net\\\/portal\\\/wp-content\\\/uploads\\\/2023\\\/07\\\/logo_ED.jpg\",\"width\":272,\"height\":52,\"caption\":\"El Diario - Decano de la prensa nacional\"},\"image\":{\"@id\":\"https:\\\/\\\/www.eldiario.net\\\/portal\\\/#\\\/schema\\\/logo\\\/image\\\/\"},\"sameAs\":[\"https:\\\/\\\/www.facebook.com\\\/eldiario.bolivia\\\/\",\"https:\\\/\\\/x.com\\\/eldiario_net\"]},{\"@type\":\"Person\",\"@id\":\"https:\\\/\\\/www.eldiario.net\\\/portal\\\/#\\\/schema\\\/person\\\/f46445640444750d7d753ccd04ae01b7\",\"name\":\"Jeanette\",\"image\":{\"@type\":\"ImageObject\",\"inLanguage\":\"es\",\"@id\":\"https:\\\/\\\/secure.gravatar.com\\\/avatar\\\/3ea2118a5f7dad2b7138b1187a6b7ee55f160b9968b66013c3a3ef39dd7e5798?s=96&d=mm&r=g\",\"url\":\"https:\\\/\\\/secure.gravatar.com\\\/avatar\\\/3ea2118a5f7dad2b7138b1187a6b7ee55f160b9968b66013c3a3ef39dd7e5798?s=96&d=mm&r=g\",\"contentUrl\":\"https:\\\/\\\/secure.gravatar.com\\\/avatar\\\/3ea2118a5f7dad2b7138b1187a6b7ee55f160b9968b66013c3a3ef39dd7e5798?s=96&d=mm&r=g\",\"caption\":\"Jeanette\"},\"sameAs\":[\"https:\\\/\\\/www.eldiario.net\\\/portal\"],\"url\":\"https:\\\/\\\/www.eldiario.net\\\/portal\\\/author\\\/jeanette\\\/\"}]}<\/script>\n<!-- \/ Yoast SEO plugin. -->","yoast_head_json":{"title":"Militar acusado de tr\u00e1fico ser\u00e1 extraditado a EEUU - El Diario - Bolivia","robots":{"index":"index","follow":"follow","max-snippet":"max-snippet:-1","max-image-preview":"max-image-preview:large","max-video-preview":"max-video-preview:-1"},"canonical":"https:\/\/www.eldiario.net\/portal\/2026\/08\/30\/militar-acusado-de-trafico-sera-extraditado-a-eeuu\/","og_locale":"es_ES","og_type":"article","og_title":"Militar acusado de tr\u00e1fico ser\u00e1 extraditado a EEUU - El Diario - Bolivia","og_description":"El coronel de la Fuerza A\u00e9rea Boliviana (FAB), se\u00f1alado en Estados Unidos por presunto tr\u00e1fico de drogas y armas, fue trasladado al penal de San Roque, en Sucre, donde permanecer\u00e1 con detenci\u00f3n preventiva mientras avanza el proceso para su extradici\u00f3n. El director de la Fuerza Especial de Lucha Contra el Narcotr\u00e1fico (Felcn) de Santa Cruz, [&hellip;]","og_url":"https:\/\/www.eldiario.net\/portal\/2026\/08\/30\/militar-acusado-de-trafico-sera-extraditado-a-eeuu\/","og_site_name":"El Diario - Bolivia","article_publisher":"https:\/\/www.facebook.com\/eldiario.bolivia\/","article_published_time":"2026-08-30T10:52:59+00:00","article_modified_time":"2026-08-30T12:24:38+00:00","og_image":[{"width":824,"height":627,"url":"https:\/\/www.eldiario.net\/portal\/wp-content\/uploads\/2026\/08\/30-MILITAR.webp","type":"image\/webp"}],"author":"Jeanette","twitter_card":"summary_large_image","twitter_creator":"@eldiario_net","twitter_site":"@eldiario_net","twitter_misc":{"Escrito por":"Jeanette","Tiempo de lectura":"2 minutos"},"schema":{"@context":"https:\/\/schema.org","@graph":[{"@type":"Article","@id":"https:\/\/www.eldiario.net\/portal\/2026\/08\/30\/militar-acusado-de-trafico-sera-extraditado-a-eeuu\/#article","isPartOf":{"@id":"https:\/\/www.eldiario.net\/portal\/2026\/08\/30\/militar-acusado-de-trafico-sera-extraditado-a-eeuu\/"},"author":{"name":"Jeanette","@id":"https:\/\/www.eldiario.net\/portal\/#\/schema\/person\/f46445640444750d7d753ccd04ae01b7"},"headline":"Militar acusado de tr\u00e1fico ser\u00e1 extraditado a EEUU","datePublished":"2026-08-30T10:52:59+00:00","dateModified":"2026-08-30T12:24:38+00:00","mainEntityOfPage":{"@id":"https:\/\/www.eldiario.net\/portal\/2026\/08\/30\/militar-acusado-de-trafico-sera-extraditado-a-eeuu\/"},"wordCount":310,"publisher":{"@id":"https:\/\/www.eldiario.net\/portal\/#organization"},"image":{"@id":"https:\/\/www.eldiario.net\/portal\/2026\/08\/30\/militar-acusado-de-trafico-sera-extraditado-a-eeuu\/#primaryimage"},"thumbnailUrl":"https:\/\/www.eldiario.net\/portal\/wp-content\/uploads\/2026\/08\/30-MILITAR.webp","articleSection":["Sociedad - Seguridad"],"inLanguage":"es"},{"@type":"WebPage","@id":"https:\/\/www.eldiario.net\/portal\/2026\/08\/30\/militar-acusado-de-trafico-sera-extraditado-a-eeuu\/","url":"https:\/\/www.eldiario.net\/portal\/2026\/08\/30\/militar-acusado-de-trafico-sera-extraditado-a-eeuu\/","name":"Militar acusado de tr\u00e1fico ser\u00e1 extraditado a EEUU - El Diario - Bolivia","isPartOf":{"@id":"https:\/\/www.eldiario.net\/portal\/#website"},"primaryImageOfPage":{"@id":"https:\/\/www.eldiario.net\/portal\/2026\/08\/30\/militar-acusado-de-trafico-sera-extraditado-a-eeuu\/#primaryimage"},"image":{"@id":"https:\/\/www.eldiario.net\/portal\/2026\/08\/30\/militar-acusado-de-trafico-sera-extraditado-a-eeuu\/#primaryimage"},"thumbnailUrl":"https:\/\/www.eldiario.net\/portal\/wp-content\/uploads\/2026\/08\/30-MILITAR.webp","datePublished":"2026-08-30T10:52:59+00:00","dateModified":"2026-08-30T12:24:38+00:00","breadcrumb":{"@id":"https:\/\/www.eldiario.net\/portal\/2026\/08\/30\/militar-acusado-de-trafico-sera-extraditado-a-eeuu\/#breadcrumb"},"inLanguage":"es","potentialAction":[{"@type":"ReadAction","target":["https:\/\/www.eldiario.net\/portal\/2026\/08\/30\/militar-acusado-de-trafico-sera-extraditado-a-eeuu\/"]}]},{"@type":"ImageObject","inLanguage":"es","@id":"https:\/\/www.eldiario.net\/portal\/2026\/08\/30\/militar-acusado-de-trafico-sera-extraditado-a-eeuu\/#primaryimage","url":"https:\/\/www.eldiario.net\/portal\/wp-content\/uploads\/2026\/08\/30-MILITAR.webp","contentUrl":"https:\/\/www.eldiario.net\/portal\/wp-content\/uploads\/2026\/08\/30-MILITAR.webp","width":824,"height":627,"caption":"El militar ser\u00e1 sometido a un proceso de extradici\u00f3n. Cr\u00e9dito de foto: Unitel"},{"@type":"BreadcrumbList","@id":"https:\/\/www.eldiario.net\/portal\/2026\/08\/30\/militar-acusado-de-trafico-sera-extraditado-a-eeuu\/#breadcrumb","itemListElement":[{"@type":"ListItem","position":1,"name":"Portada","item":"https:\/\/www.eldiario.net\/portal\/"},{"@type":"ListItem","position":2,"name":"Militar acusado de tr\u00e1fico ser\u00e1 extraditado a EEUU"}]},{"@type":"WebSite","@id":"https:\/\/www.eldiario.net\/portal\/#website","url":"https:\/\/www.eldiario.net\/portal\/","name":"El Diario - Decano de la prensa nacional","description":"El Diario - Decano de la prensa nacional","publisher":{"@id":"https:\/\/www.eldiario.net\/portal\/#organization"},"potentialAction":[{"@type":"SearchAction","target":{"@type":"EntryPoint","urlTemplate":"https:\/\/www.eldiario.net\/portal\/?s={search_term_string}"},"query-input":{"@type":"PropertyValueSpecification","valueRequired":true,"valueName":"search_term_string"}}],"inLanguage":"es"},{"@type":"Organization","@id":"https:\/\/www.eldiario.net\/portal\/#organization","name":"El Diario - Decano de la prensa nacional","url":"https:\/\/www.eldiario.net\/portal\/","logo":{"@type":"ImageObject","inLanguage":"es","@id":"https:\/\/www.eldiario.net\/portal\/#\/schema\/logo\/image\/","url":"https:\/\/www.eldiario.net\/portal\/wp-content\/uploads\/2023\/07\/logo_ED.jpg","contentUrl":"https:\/\/www.eldiario.net\/portal\/wp-content\/uploads\/2023\/07\/logo_ED.jpg","width":272,"height":52,"caption":"El Diario - Decano de la prensa nacional"},"image":{"@id":"https:\/\/www.eldiario.net\/portal\/#\/schema\/logo\/image\/"},"sameAs":["https:\/\/www.facebook.com\/eldiario.bolivia\/","https:\/\/x.com\/eldiario_net"]},{"@type":"Person","@id":"https:\/\/www.eldiario.net\/portal\/#\/schema\/person\/f46445640444750d7d753ccd04ae01b7","name":"Jeanette","image":{"@type":"ImageObject","inLanguage":"es","@id":"https:\/\/secure.gravatar.com\/avatar\/3ea2118a5f7dad2b7138b1187a6b7ee55f160b9968b66013c3a3ef39dd7e5798?s=96&d=mm&r=g","url":"https:\/\/secure.gravatar.com\/avatar\/3ea2118a5f7dad2b7138b1187a6b7ee55f160b9968b66013c3a3ef39dd7e5798?s=96&d=mm&r=g","contentUrl":"https:\/\/secure.gravatar.com\/avatar\/3ea2118a5f7dad2b7138b1187a6b7ee55f160b9968b66013c3a3ef39dd7e5798?s=96&d=mm&r=g","caption":"Jeanette"},"sameAs":["https:\/\/www.eldiario.net\/portal"],"url":"https:\/\/www.eldiario.net\/portal\/author\/jeanette\/"}]}},"_links":{"self":[{"href":"https:\/\/www.eldiario.net\/portal\/wp-json\/wp\/v2\/posts\/425919","targetHints":{"allow":["GET"]}}],"collection":[{"href":"https:\/\/www.eldiario.net\/portal\/wp-json\/wp\/v2\/posts"}],"about":[{"href":"https:\/\/www.eldiario.net\/portal\/wp-json\/wp\/v2\/types\/post"}],"author":[{"embeddable":true,"href":"https:\/\/www.eldiario.net\/portal\/wp-json\/wp\/v2\/users\/1"}],"replies":[{"embeddable":true,"href":"https:\/\/www.eldiario.net\/portal\/wp-json\/wp\/v2\/comments?post=425919"}],"version-history":[{"count":1,"href":"https:\/\/www.eldiario.net\/portal\/wp-json\/wp\/v2\/posts\/425919\/revisions"}],"predecessor-version":[{"id":425921,"href":"https:\/\/www.eldiario.net\/portal\/wp-json\/wp\/v2\/posts\/425919\/revisions\/425921"}],"wp:featuredmedia":[{"embeddable":true,"href":"https:\/\/www.eldiario.net\/portal\/wp-json\/wp\/v2\/media\/425920"}],"wp:attachment":[{"href":"https:\/\/www.eldiario.net\/portal\/wp-json\/wp\/v2\/media?parent=425919"}],"wp:term":[{"taxonomy":"category","embeddable":true,"href":"https:\/\/www.eldiario.net\/portal\/wp-json\/wp\/v2\/categories?post=425919"},{"taxonomy":"post_tag","embeddable":true,"href":"https:\/\/www.eldiario.net\/portal\/wp-json\/wp\/v2\/tags?post=425919"}],"curies":[{"name":"wp","href":"https:\/\/api.w.org\/{rel}","templated":true}]}}