{"id":425916,"date":"2026-08-30T06:52:14","date_gmt":"2026-08-30T10:52:14","guid":{"rendered":"https:\/\/www.eldiario.net\/portal\/?p=425916"},"modified":"2026-08-30T06:52:14","modified_gmt":"2026-08-30T10:52:14","slug":"continua-bloqueo-en-la-ruta-santa-cruz-beni","status":"publish","type":"post","link":"https:\/\/www.eldiario.net\/portal\/2026\/08\/30\/continua-bloqueo-en-la-ruta-santa-cruz-beni\/","title":{"rendered":"Contin\u00faa bloqueo en la ruta Santa Cruz-Beni"},"content":{"rendered":"<p>Los productores agropecuarios mantienen la medida de presi\u00f3n en la carretera Santa Cruz-Beni en rechazo al Decreto Supremo 5676, mientras tres personas aprehendidas durante el intento de desbloqueo en el puente San Pablo ser\u00e1n sometidas a una audiencia cautelar.<\/p>\n<p>El conflicto se concentra principalmente en el puente San Pablo, en la provincia Marb\u00e1n, donde los productores reinstalaron el bloqueo tras un cuarto intermedio que permiti\u00f3 el paso de algunos veh\u00edculos varados. La medida tambi\u00e9n se extendi\u00f3 a otros puntos de la carretera Santa Cruz-Beni.<\/p>\n<p>La interrupci\u00f3n mantiene afectados a pasajeros y transportistas. Algunos viajeros deben cruzar a pie el punto de bloqueo y utilizar mototaxis para continuar hacia Santa Cruz o Trinidad, mientras varias cisternas y otros veh\u00edculos permanecen detenidos en la zona.<\/p>\n<p>La medida contin\u00faa despu\u00e9s del enfrentamiento registrado durante el operativo de desbloqueo ejecutado por las fuerzas del orden, que dej\u00f3 tres heridos: un polic\u00eda, un militar y un campesino. Adem\u00e1s, tres personas fueron aprehendidas durante el operativo.<\/p>\n<p>El Ministerio P\u00fablico imput\u00f3 a Lucio R.CH., Edwin C.C. y Alfredo G.C. por instigaci\u00f3n p\u00fablica a delinquir, destrucci\u00f3n y deterioro de bienes del Estado, atentado contra la seguridad de los medios de transporte y atentado contra la seguridad de los servicios p\u00fablicos. Los tres deber\u00e1n comparecer ante un juez cautelar en Beni.<\/p>\n<p>Seg\u00fan la Fiscal\u00eda, los acusados habr\u00edan participado en acciones relacionadas con el bloqueo y da\u00f1os registrados en el puente San Pablo, afectando la circulaci\u00f3n vehicular y la prestaci\u00f3n de servicios p\u00fablicos. Mientras el proceso judicial avanza, los productores mantienen su exigencia de abrogar el Decreto Supremo 5676.<\/p>\n<p>El Gobierno, por su parte, descart\u00f3 eliminar la norma, aunque plante\u00f3 la posibilidad de realizar ajustes. Hasta el momento no existe un acuerdo para levantar definitivamente el bloqueo, por lo que la ruta contin\u00faa interrumpida y persisten las dificultades para pasajeros y transportistas. (Con informaci\u00f3n de agencias)<\/p>\n","protected":false},"excerpt":{"rendered":"<p>Los productores agropecuarios mantienen la medida de presi\u00f3n en la carretera Santa Cruz-Beni en rechazo al Decreto Supremo 5676, mientras tres personas aprehendidas durante el intento de desbloqueo en el puente San Pablo ser\u00e1n sometidas a una audiencia cautelar. El conflicto se concentra principalmente en el puente San Pablo, en la provincia Marb\u00e1n, donde los [&hellip;]<\/p>\n","protected":false},"author":1,"featured_media":425917,"comment_status":"closed","ping_status":"open","sticky":false,"template":"","format":"standard","meta":{"_acf_changed":false,"footnotes":""},"categories":[39],"tags":[],"class_list":["post-425916","post","type-post","status-publish","format-standard","has-post-thumbnail","category-sociedad"],"acf":{"antetitulo":""},"yoast_head":"<!-- This site is optimized with the Yoast SEO plugin v28.3 - https:\/\/yoast.com\/product\/yoast-seo-wordpress\/ -->\n<title>Contin\u00faa bloqueo en la ruta Santa Cruz-Beni - El Diario - Bolivia<\/title>\n<meta name=\"robots\" content=\"index, follow, max-snippet:-1, max-image-preview:large, max-video-preview:-1\" \/>\n<link rel=\"canonical\" href=\"https:\/\/www.eldiario.net\/portal\/2026\/08\/30\/continua-bloqueo-en-la-ruta-santa-cruz-beni\/\" \/>\n<meta property=\"og:locale\" content=\"es_ES\" \/>\n<meta property=\"og:type\" content=\"article\" \/>\n<meta property=\"og:title\" content=\"Contin\u00faa bloqueo en la ruta Santa Cruz-Beni - El Diario - Bolivia\" \/>\n<meta property=\"og:description\" content=\"Los productores agropecuarios mantienen la medida de presi\u00f3n en la carretera Santa Cruz-Beni en rechazo al Decreto Supremo 5676, mientras tres personas aprehendidas durante el intento de desbloqueo en el puente San Pablo ser\u00e1n sometidas a una audiencia cautelar. El conflicto se concentra principalmente en el puente San Pablo, en la provincia Marb\u00e1n, donde los [&hellip;]\" \/>\n<meta property=\"og:url\" content=\"https:\/\/www.eldiario.net\/portal\/2026\/08\/30\/continua-bloqueo-en-la-ruta-santa-cruz-beni\/\" \/>\n<meta property=\"og:site_name\" content=\"El Diario - Bolivia\" \/>\n<meta property=\"article:publisher\" content=\"https:\/\/www.facebook.com\/eldiario.bolivia\/\" \/>\n<meta property=\"article:published_time\" content=\"2026-08-30T10:52:14+00:00\" \/>\n<meta property=\"og:image\" content=\"https:\/\/www.eldiario.net\/portal\/wp-content\/uploads\/2026\/08\/30-BLOQ.webp\" \/>\n\t<meta property=\"og:image:width\" content=\"1536\" \/>\n\t<meta property=\"og:image:height\" content=\"867\" \/>\n\t<meta property=\"og:image:type\" content=\"image\/webp\" \/>\n<meta name=\"author\" content=\"Jeanette\" \/>\n<meta name=\"twitter:card\" content=\"summary_large_image\" \/>\n<meta name=\"twitter:creator\" content=\"@eldiario_net\" \/>\n<meta name=\"twitter:site\" content=\"@eldiario_net\" \/>\n<meta name=\"twitter:label1\" content=\"Escrito por\" \/>\n\t<meta name=\"twitter:data1\" content=\"Jeanette\" \/>\n\t<meta name=\"twitter:label2\" content=\"Tiempo de lectura\" \/>\n\t<meta name=\"twitter:data2\" content=\"2 minutos\" \/>\n<script type=\"application\/ld+json\" class=\"yoast-schema-graph\">{\"@context\":\"https:\\\/\\\/schema.org\",\"@graph\":[{\"@type\":\"Article\",\"@id\":\"https:\\\/\\\/www.eldiario.net\\\/portal\\\/2026\\\/08\\\/30\\\/continua-bloqueo-en-la-ruta-santa-cruz-beni\\\/#article\",\"isPartOf\":{\"@id\":\"https:\\\/\\\/www.eldiario.net\\\/portal\\\/2026\\\/08\\\/30\\\/continua-bloqueo-en-la-ruta-santa-cruz-beni\\\/\"},\"author\":{\"name\":\"Jeanette\",\"@id\":\"https:\\\/\\\/www.eldiario.net\\\/portal\\\/#\\\/schema\\\/person\\\/f46445640444750d7d753ccd04ae01b7\"},\"headline\":\"Contin\u00faa bloqueo en la ruta Santa Cruz-Beni\",\"datePublished\":\"2026-08-30T10:52:14+00:00\",\"mainEntityOfPage\":{\"@id\":\"https:\\\/\\\/www.eldiario.net\\\/portal\\\/2026\\\/08\\\/30\\\/continua-bloqueo-en-la-ruta-santa-cruz-beni\\\/\"},\"wordCount\":341,\"publisher\":{\"@id\":\"https:\\\/\\\/www.eldiario.net\\\/portal\\\/#organization\"},\"image\":{\"@id\":\"https:\\\/\\\/www.eldiario.net\\\/portal\\\/2026\\\/08\\\/30\\\/continua-bloqueo-en-la-ruta-santa-cruz-beni\\\/#primaryimage\"},\"thumbnailUrl\":\"https:\\\/\\\/www.eldiario.net\\\/portal\\\/wp-content\\\/uploads\\\/2026\\\/08\\\/30-BLOQ.webp\",\"articleSection\":[\"Sociedad - Seguridad\"],\"inLanguage\":\"es\"},{\"@type\":\"WebPage\",\"@id\":\"https:\\\/\\\/www.eldiario.net\\\/portal\\\/2026\\\/08\\\/30\\\/continua-bloqueo-en-la-ruta-santa-cruz-beni\\\/\",\"url\":\"https:\\\/\\\/www.eldiario.net\\\/portal\\\/2026\\\/08\\\/30\\\/continua-bloqueo-en-la-ruta-santa-cruz-beni\\\/\",\"name\":\"Contin\u00faa bloqueo en la ruta Santa Cruz-Beni - El Diario - Bolivia\",\"isPartOf\":{\"@id\":\"https:\\\/\\\/www.eldiario.net\\\/portal\\\/#website\"},\"primaryImageOfPage\":{\"@id\":\"https:\\\/\\\/www.eldiario.net\\\/portal\\\/2026\\\/08\\\/30\\\/continua-bloqueo-en-la-ruta-santa-cruz-beni\\\/#primaryimage\"},\"image\":{\"@id\":\"https:\\\/\\\/www.eldiario.net\\\/portal\\\/2026\\\/08\\\/30\\\/continua-bloqueo-en-la-ruta-santa-cruz-beni\\\/#primaryimage\"},\"thumbnailUrl\":\"https:\\\/\\\/www.eldiario.net\\\/portal\\\/wp-content\\\/uploads\\\/2026\\\/08\\\/30-BLOQ.webp\",\"datePublished\":\"2026-08-30T10:52:14+00:00\",\"breadcrumb\":{\"@id\":\"https:\\\/\\\/www.eldiario.net\\\/portal\\\/2026\\\/08\\\/30\\\/continua-bloqueo-en-la-ruta-santa-cruz-beni\\\/#breadcrumb\"},\"inLanguage\":\"es\",\"potentialAction\":[{\"@type\":\"ReadAction\",\"target\":[\"https:\\\/\\\/www.eldiario.net\\\/portal\\\/2026\\\/08\\\/30\\\/continua-bloqueo-en-la-ruta-santa-cruz-beni\\\/\"]}]},{\"@type\":\"ImageObject\",\"inLanguage\":\"es\",\"@id\":\"https:\\\/\\\/www.eldiario.net\\\/portal\\\/2026\\\/08\\\/30\\\/continua-bloqueo-en-la-ruta-santa-cruz-beni\\\/#primaryimage\",\"url\":\"https:\\\/\\\/www.eldiario.net\\\/portal\\\/wp-content\\\/uploads\\\/2026\\\/08\\\/30-BLOQ.webp\",\"contentUrl\":\"https:\\\/\\\/www.eldiario.net\\\/portal\\\/wp-content\\\/uploads\\\/2026\\\/08\\\/30-BLOQ.webp\",\"width\":1536,\"height\":867,\"caption\":\"Pasajeros cruzan a pie el punto de bloqueo en San Pablo. Cr\u00e9dito de foto: ABI\"},{\"@type\":\"BreadcrumbList\",\"@id\":\"https:\\\/\\\/www.eldiario.net\\\/portal\\\/2026\\\/08\\\/30\\\/continua-bloqueo-en-la-ruta-santa-cruz-beni\\\/#breadcrumb\",\"itemListElement\":[{\"@type\":\"ListItem\",\"position\":1,\"name\":\"Portada\",\"item\":\"https:\\\/\\\/www.eldiario.net\\\/portal\\\/\"},{\"@type\":\"ListItem\",\"position\":2,\"name\":\"Contin\u00faa bloqueo en la ruta Santa Cruz-Beni\"}]},{\"@type\":\"WebSite\",\"@id\":\"https:\\\/\\\/www.eldiario.net\\\/portal\\\/#website\",\"url\":\"https:\\\/\\\/www.eldiario.net\\\/portal\\\/\",\"name\":\"El Diario - Decano de la prensa nacional\",\"description\":\"El Diario - Decano de la prensa nacional\",\"publisher\":{\"@id\":\"https:\\\/\\\/www.eldiario.net\\\/portal\\\/#organization\"},\"potentialAction\":[{\"@type\":\"SearchAction\",\"target\":{\"@type\":\"EntryPoint\",\"urlTemplate\":\"https:\\\/\\\/www.eldiario.net\\\/portal\\\/?s={search_term_string}\"},\"query-input\":{\"@type\":\"PropertyValueSpecification\",\"valueRequired\":true,\"valueName\":\"search_term_string\"}}],\"inLanguage\":\"es\"},{\"@type\":\"Organization\",\"@id\":\"https:\\\/\\\/www.eldiario.net\\\/portal\\\/#organization\",\"name\":\"El Diario - Decano de la prensa nacional\",\"url\":\"https:\\\/\\\/www.eldiario.net\\\/portal\\\/\",\"logo\":{\"@type\":\"ImageObject\",\"inLanguage\":\"es\",\"@id\":\"https:\\\/\\\/www.eldiario.net\\\/portal\\\/#\\\/schema\\\/logo\\\/image\\\/\",\"url\":\"https:\\\/\\\/www.eldiario.net\\\/portal\\\/wp-content\\\/uploads\\\/2023\\\/07\\\/logo_ED.jpg\",\"contentUrl\":\"https:\\\/\\\/www.eldiario.net\\\/portal\\\/wp-content\\\/uploads\\\/2023\\\/07\\\/logo_ED.jpg\",\"width\":272,\"height\":52,\"caption\":\"El Diario - Decano de la prensa nacional\"},\"image\":{\"@id\":\"https:\\\/\\\/www.eldiario.net\\\/portal\\\/#\\\/schema\\\/logo\\\/image\\\/\"},\"sameAs\":[\"https:\\\/\\\/www.facebook.com\\\/eldiario.bolivia\\\/\",\"https:\\\/\\\/x.com\\\/eldiario_net\"]},{\"@type\":\"Person\",\"@id\":\"https:\\\/\\\/www.eldiario.net\\\/portal\\\/#\\\/schema\\\/person\\\/f46445640444750d7d753ccd04ae01b7\",\"name\":\"Jeanette\",\"image\":{\"@type\":\"ImageObject\",\"inLanguage\":\"es\",\"@id\":\"https:\\\/\\\/secure.gravatar.com\\\/avatar\\\/3ea2118a5f7dad2b7138b1187a6b7ee55f160b9968b66013c3a3ef39dd7e5798?s=96&d=mm&r=g\",\"url\":\"https:\\\/\\\/secure.gravatar.com\\\/avatar\\\/3ea2118a5f7dad2b7138b1187a6b7ee55f160b9968b66013c3a3ef39dd7e5798?s=96&d=mm&r=g\",\"contentUrl\":\"https:\\\/\\\/secure.gravatar.com\\\/avatar\\\/3ea2118a5f7dad2b7138b1187a6b7ee55f160b9968b66013c3a3ef39dd7e5798?s=96&d=mm&r=g\",\"caption\":\"Jeanette\"},\"sameAs\":[\"https:\\\/\\\/www.eldiario.net\\\/portal\"],\"url\":\"https:\\\/\\\/www.eldiario.net\\\/portal\\\/author\\\/jeanette\\\/\"}]}<\/script>\n<!-- \/ Yoast SEO plugin. -->","yoast_head_json":{"title":"Contin\u00faa bloqueo en la ruta Santa Cruz-Beni - El Diario - Bolivia","robots":{"index":"index","follow":"follow","max-snippet":"max-snippet:-1","max-image-preview":"max-image-preview:large","max-video-preview":"max-video-preview:-1"},"canonical":"https:\/\/www.eldiario.net\/portal\/2026\/08\/30\/continua-bloqueo-en-la-ruta-santa-cruz-beni\/","og_locale":"es_ES","og_type":"article","og_title":"Contin\u00faa bloqueo en la ruta Santa Cruz-Beni - El Diario - Bolivia","og_description":"Los productores agropecuarios mantienen la medida de presi\u00f3n en la carretera Santa Cruz-Beni en rechazo al Decreto Supremo 5676, mientras tres personas aprehendidas durante el intento de desbloqueo en el puente San Pablo ser\u00e1n sometidas a una audiencia cautelar. El conflicto se concentra principalmente en el puente San Pablo, en la provincia Marb\u00e1n, donde los [&hellip;]","og_url":"https:\/\/www.eldiario.net\/portal\/2026\/08\/30\/continua-bloqueo-en-la-ruta-santa-cruz-beni\/","og_site_name":"El Diario - Bolivia","article_publisher":"https:\/\/www.facebook.com\/eldiario.bolivia\/","article_published_time":"2026-08-30T10:52:14+00:00","og_image":[{"width":1536,"height":867,"url":"https:\/\/www.eldiario.net\/portal\/wp-content\/uploads\/2026\/08\/30-BLOQ.webp","type":"image\/webp"}],"author":"Jeanette","twitter_card":"summary_large_image","twitter_creator":"@eldiario_net","twitter_site":"@eldiario_net","twitter_misc":{"Escrito por":"Jeanette","Tiempo de lectura":"2 minutos"},"schema":{"@context":"https:\/\/schema.org","@graph":[{"@type":"Article","@id":"https:\/\/www.eldiario.net\/portal\/2026\/08\/30\/continua-bloqueo-en-la-ruta-santa-cruz-beni\/#article","isPartOf":{"@id":"https:\/\/www.eldiario.net\/portal\/2026\/08\/30\/continua-bloqueo-en-la-ruta-santa-cruz-beni\/"},"author":{"name":"Jeanette","@id":"https:\/\/www.eldiario.net\/portal\/#\/schema\/person\/f46445640444750d7d753ccd04ae01b7"},"headline":"Contin\u00faa bloqueo en la ruta Santa Cruz-Beni","datePublished":"2026-08-30T10:52:14+00:00","mainEntityOfPage":{"@id":"https:\/\/www.eldiario.net\/portal\/2026\/08\/30\/continua-bloqueo-en-la-ruta-santa-cruz-beni\/"},"wordCount":341,"publisher":{"@id":"https:\/\/www.eldiario.net\/portal\/#organization"},"image":{"@id":"https:\/\/www.eldiario.net\/portal\/2026\/08\/30\/continua-bloqueo-en-la-ruta-santa-cruz-beni\/#primaryimage"},"thumbnailUrl":"https:\/\/www.eldiario.net\/portal\/wp-content\/uploads\/2026\/08\/30-BLOQ.webp","articleSection":["Sociedad - Seguridad"],"inLanguage":"es"},{"@type":"WebPage","@id":"https:\/\/www.eldiario.net\/portal\/2026\/08\/30\/continua-bloqueo-en-la-ruta-santa-cruz-beni\/","url":"https:\/\/www.eldiario.net\/portal\/2026\/08\/30\/continua-bloqueo-en-la-ruta-santa-cruz-beni\/","name":"Contin\u00faa bloqueo en la ruta Santa Cruz-Beni - El Diario - Bolivia","isPartOf":{"@id":"https:\/\/www.eldiario.net\/portal\/#website"},"primaryImageOfPage":{"@id":"https:\/\/www.eldiario.net\/portal\/2026\/08\/30\/continua-bloqueo-en-la-ruta-santa-cruz-beni\/#primaryimage"},"image":{"@id":"https:\/\/www.eldiario.net\/portal\/2026\/08\/30\/continua-bloqueo-en-la-ruta-santa-cruz-beni\/#primaryimage"},"thumbnailUrl":"https:\/\/www.eldiario.net\/portal\/wp-content\/uploads\/2026\/08\/30-BLOQ.webp","datePublished":"2026-08-30T10:52:14+00:00","breadcrumb":{"@id":"https:\/\/www.eldiario.net\/portal\/2026\/08\/30\/continua-bloqueo-en-la-ruta-santa-cruz-beni\/#breadcrumb"},"inLanguage":"es","potentialAction":[{"@type":"ReadAction","target":["https:\/\/www.eldiario.net\/portal\/2026\/08\/30\/continua-bloqueo-en-la-ruta-santa-cruz-beni\/"]}]},{"@type":"ImageObject","inLanguage":"es","@id":"https:\/\/www.eldiario.net\/portal\/2026\/08\/30\/continua-bloqueo-en-la-ruta-santa-cruz-beni\/#primaryimage","url":"https:\/\/www.eldiario.net\/portal\/wp-content\/uploads\/2026\/08\/30-BLOQ.webp","contentUrl":"https:\/\/www.eldiario.net\/portal\/wp-content\/uploads\/2026\/08\/30-BLOQ.webp","width":1536,"height":867,"caption":"Pasajeros cruzan a pie el punto de bloqueo en San Pablo. Cr\u00e9dito de foto: ABI"},{"@type":"BreadcrumbList","@id":"https:\/\/www.eldiario.net\/portal\/2026\/08\/30\/continua-bloqueo-en-la-ruta-santa-cruz-beni\/#breadcrumb","itemListElement":[{"@type":"ListItem","position":1,"name":"Portada","item":"https:\/\/www.eldiario.net\/portal\/"},{"@type":"ListItem","position":2,"name":"Contin\u00faa bloqueo en la ruta Santa Cruz-Beni"}]},{"@type":"WebSite","@id":"https:\/\/www.eldiario.net\/portal\/#website","url":"https:\/\/www.eldiario.net\/portal\/","name":"El Diario - Decano de la prensa nacional","description":"El Diario - Decano de la prensa nacional","publisher":{"@id":"https:\/\/www.eldiario.net\/portal\/#organization"},"potentialAction":[{"@type":"SearchAction","target":{"@type":"EntryPoint","urlTemplate":"https:\/\/www.eldiario.net\/portal\/?s={search_term_string}"},"query-input":{"@type":"PropertyValueSpecification","valueRequired":true,"valueName":"search_term_string"}}],"inLanguage":"es"},{"@type":"Organization","@id":"https:\/\/www.eldiario.net\/portal\/#organization","name":"El Diario - Decano de la prensa nacional","url":"https:\/\/www.eldiario.net\/portal\/","logo":{"@type":"ImageObject","inLanguage":"es","@id":"https:\/\/www.eldiario.net\/portal\/#\/schema\/logo\/image\/","url":"https:\/\/www.eldiario.net\/portal\/wp-content\/uploads\/2023\/07\/logo_ED.jpg","contentUrl":"https:\/\/www.eldiario.net\/portal\/wp-content\/uploads\/2023\/07\/logo_ED.jpg","width":272,"height":52,"caption":"El Diario - Decano de la prensa nacional"},"image":{"@id":"https:\/\/www.eldiario.net\/portal\/#\/schema\/logo\/image\/"},"sameAs":["https:\/\/www.facebook.com\/eldiario.bolivia\/","https:\/\/x.com\/eldiario_net"]},{"@type":"Person","@id":"https:\/\/www.eldiario.net\/portal\/#\/schema\/person\/f46445640444750d7d753ccd04ae01b7","name":"Jeanette","image":{"@type":"ImageObject","inLanguage":"es","@id":"https:\/\/secure.gravatar.com\/avatar\/3ea2118a5f7dad2b7138b1187a6b7ee55f160b9968b66013c3a3ef39dd7e5798?s=96&d=mm&r=g","url":"https:\/\/secure.gravatar.com\/avatar\/3ea2118a5f7dad2b7138b1187a6b7ee55f160b9968b66013c3a3ef39dd7e5798?s=96&d=mm&r=g","contentUrl":"https:\/\/secure.gravatar.com\/avatar\/3ea2118a5f7dad2b7138b1187a6b7ee55f160b9968b66013c3a3ef39dd7e5798?s=96&d=mm&r=g","caption":"Jeanette"},"sameAs":["https:\/\/www.eldiario.net\/portal"],"url":"https:\/\/www.eldiario.net\/portal\/author\/jeanette\/"}]}},"_links":{"self":[{"href":"https:\/\/www.eldiario.net\/portal\/wp-json\/wp\/v2\/posts\/425916","targetHints":{"allow":["GET"]}}],"collection":[{"href":"https:\/\/www.eldiario.net\/portal\/wp-json\/wp\/v2\/posts"}],"about":[{"href":"https:\/\/www.eldiario.net\/portal\/wp-json\/wp\/v2\/types\/post"}],"author":[{"embeddable":true,"href":"https:\/\/www.eldiario.net\/portal\/wp-json\/wp\/v2\/users\/1"}],"replies":[{"embeddable":true,"href":"https:\/\/www.eldiario.net\/portal\/wp-json\/wp\/v2\/comments?post=425916"}],"version-history":[{"count":1,"href":"https:\/\/www.eldiario.net\/portal\/wp-json\/wp\/v2\/posts\/425916\/revisions"}],"predecessor-version":[{"id":425918,"href":"https:\/\/www.eldiario.net\/portal\/wp-json\/wp\/v2\/posts\/425916\/revisions\/425918"}],"wp:featuredmedia":[{"embeddable":true,"href":"https:\/\/www.eldiario.net\/portal\/wp-json\/wp\/v2\/media\/425917"}],"wp:attachment":[{"href":"https:\/\/www.eldiario.net\/portal\/wp-json\/wp\/v2\/media?parent=425916"}],"wp:term":[{"taxonomy":"category","embeddable":true,"href":"https:\/\/www.eldiario.net\/portal\/wp-json\/wp\/v2\/categories?post=425916"},{"taxonomy":"post_tag","embeddable":true,"href":"https:\/\/www.eldiario.net\/portal\/wp-json\/wp\/v2\/tags?post=425916"}],"curies":[{"name":"wp","href":"https:\/\/api.w.org\/{rel}","templated":true}]}}