{"id":425902,"date":"2026-08-30T06:42:04","date_gmt":"2026-08-30T10:42:04","guid":{"rendered":"https:\/\/www.eldiario.net\/portal\/?p=425902"},"modified":"2026-08-30T06:42:04","modified_gmt":"2026-08-30T10:42:04","slug":"festividad-de-chutillos-2026-preve-mover-bs-50-millones","status":"publish","type":"post","link":"https:\/\/www.eldiario.net\/portal\/2026\/08\/30\/festividad-de-chutillos-2026-preve-mover-bs-50-millones\/","title":{"rendered":"Festividad de Ch\u2019utillos 2026 prev\u00e9 mover Bs 50 millones"},"content":{"rendered":"<p>La festividad de Ch\u2019utillos 2026, que se lleva a cabo en el departamento de Potos\u00ed, proyecta superar un movimiento de Bs 50 millones, inform\u00f3 el alcalde Williams Cervantes.<br \/>\n\u201cEstamos hablando de m\u00e1s de 50 millones de bolivianos que los tres d\u00edas van a generar tanto lo que es el mercado interno, los productores, los bailarines, la gente que ha venido a visitarnos\u201d, explic\u00f3 la autoridad edil.<br \/>\nCervantes resalt\u00f3 que la festividad de Ch\u2019utillos es la segunda m\u00e1s grande de Bolivia y cada a\u00f1o atrae a visitantes no solo nacionales, sino tambi\u00e9n extranjeros. En esta versi\u00f3n, se registra turistas de Alemania, Jap\u00f3n, China y Corea.<br \/>\n\u201cEl turismo est\u00e1 llenando nuestros hoteles, est\u00e1 comiendo nuestra gastronom\u00eda, est\u00e1 disfrutando\u201d, dijo.<br \/>\nA\u00f1adi\u00f3, que en cuanto a log\u00edstica y seguridad ciudadana, la festividad de Ch\u2019utillos cuenta con el apoyo del empresariado potosino y efectivos de la Polic\u00eda Boliviana, adem\u00e1s del Gobierno Aut\u00f3nomo Municipal de Potos\u00ed.<br \/>\n\u201cHemos desplegado un bloque de seguridad, estamos controlando el expendi\u00f3 de bebidas alcoh\u00f3licas y estamos brindando viabilidad con transporte. Hay un despliegue de log\u00edstica interesante\u201d, remarc\u00f3.<br \/>\nLas entradas de Ch\u2019utillos comenzaron el viernes 28 de agosto con las fraternidades aut\u00f3ctonas, ayer fue el turno de las folkl\u00f3ricas y hoy, las agrupaciones de los municipios engalanar\u00e1n la fiesta en Potos\u00ed.<br \/>\nLa fiesta inici\u00f3 ayer a las 08:00 con la misa de celebraci\u00f3n a San Bartolom\u00e9, luego se hizo la procesi\u00f3n con el patrono y a las 08:30 arranc\u00f3 la gran entrada folkl\u00f3rica.<br \/>\nM\u00e1s de 65.000 bailarines entran en escena los tres d\u00edas de entradas de la Festividad de San Bartolom\u00e9, declarada Patrimonio Inmaterial de la Humanidad por la Organizaci\u00f3n de las Naciones Unidas para la Educaci\u00f3n, la Ciencia y la Cultura. (ABI)<\/p>\n\r\n                <style type=\"text\/css\">\r\n                    \r\n                    #tdi_1  .td-doubleSlider-2 .td-item1 {\r\n                        background: url(https:\/\/www.eldiario.net\/portal\/wp-content\/uploads\/2026\/08\/71-NAL-6-80x60.webp) 0 0 no-repeat;\r\n                    }\r\n                    #tdi_1  .td-doubleSlider-2 .td-item2 {\r\n                        background: url(https:\/\/www.eldiario.net\/portal\/wp-content\/uploads\/2026\/08\/72-NAL-6-80x60.webp) 0 0 no-repeat;\r\n                    }\r\n                    #tdi_1  .td-doubleSlider-2 .td-item3 {\r\n                        background: url(https:\/\/www.eldiario.net\/portal\/wp-content\/uploads\/2026\/08\/70-NAL-6-80x60.webp) 0 0 no-repeat;\r\n                    }\r\n                <\/style>\r\n\r\n                <div id=\"tdi_1\" class=\"td-gallery td-slide-on-2-columns\">\r\n                    <div class=\"post_td_gallery\">\r\n                        <div class=\"td-gallery-slide-top\">\r\n                           <div class=\"td-gallery-title\"><\/div>\r\n\r\n                            <div class=\"td-gallery-controls-wrapper\">\r\n                                <div class=\"td-gallery-slide-count\"><span class=\"td-gallery-slide-item-focus\">1<\/span> de 3<\/div>\r\n                                <div class=\"td-gallery-slide-prev-next-but\">\r\n                                    <i class = \"td-icon-left doubleSliderPrevButton\"><\/i>\r\n                                    <i class = \"td-icon-right doubleSliderNextButton\"><\/i>\r\n                                <\/div>\r\n                            <\/div>\r\n                        <\/div>\r\n\r\n                        <div class = \"td-doubleSlider-1 \">\r\n                            <div class = \"td-slider\">\r\n                                \r\n                    <div class = \"td-slide-item td-item1\">\r\n                        <figure class=\"td-slide-galery-figure td-slide-popup-gallery\">\r\n                            <a class=\"slide-gallery-image-link\" href=\"https:\/\/www.eldiario.net\/portal\/wp-content\/uploads\/2026\/08\/71-NAL-6.webp\" title=\"71-NAL\"  data-caption=\"J\u00f3venes potosinas derrochan alegr\u00eda y muestran el colorido de sus atuendos.\n\"  data-description=\"J&oacute;venes potosinas derrochan alegr&iacute;a y muestran el colorido de sus atuendos.\n\">\r\n                                <img decoding=\"async\" src=\"https:\/\/www.eldiario.net\/portal\/wp-content\/uploads\/2026\/08\/71-NAL-6-562x420.webp\" srcset=\"https:\/\/www.eldiario.net\/portal\/wp-content\/uploads\/2026\/08\/71-NAL-6-562x420.webp 562w, https:\/\/www.eldiario.net\/portal\/wp-content\/uploads\/2026\/08\/71-NAL-6-300x224.webp 300w, https:\/\/www.eldiario.net\/portal\/wp-content\/uploads\/2026\/08\/71-NAL-6-1024x765.webp 1024w, https:\/\/www.eldiario.net\/portal\/wp-content\/uploads\/2026\/08\/71-NAL-6-768x574.webp 768w, https:\/\/www.eldiario.net\/portal\/wp-content\/uploads\/2026\/08\/71-NAL-6-80x60.webp 80w, https:\/\/www.eldiario.net\/portal\/wp-content\/uploads\/2026\/08\/71-NAL-6-150x112.webp 150w, https:\/\/www.eldiario.net\/portal\/wp-content\/uploads\/2026\/08\/71-NAL-6-696x520.webp 696w, https:\/\/www.eldiario.net\/portal\/wp-content\/uploads\/2026\/08\/71-NAL-6-1068x798.webp 1068w, https:\/\/www.eldiario.net\/portal\/wp-content\/uploads\/2026\/08\/71-NAL-6.webp 1280w\" sizes=\"(max-width: 562px) 100vw, 562px\" alt=\"\">\r\n                            <\/a>\r\n                            <figcaption class = \"td-slide-caption td-gallery-slide-content\"><div class = \"td-gallery-slide-copywrite\">J\u00f3venes potosinas derrochan alegr\u00eda y muestran el colorido de sus atuendos.\n<\/div><span>J\u00f3venes potosinas derrochan alegr\u00eda y muestran el colorido de sus atuendos.\n<\/span><\/figcaption>\r\n                        <\/figure>\r\n                    <\/div>\r\n                    <div class = \"td-slide-item td-item2\">\r\n                        <figure class=\"td-slide-galery-figure td-slide-popup-gallery\">\r\n                            <a class=\"slide-gallery-image-link\" href=\"https:\/\/www.eldiario.net\/portal\/wp-content\/uploads\/2026\/08\/72-NAL-6.webp\" title=\"72-NAL\"  data-caption=\"La festividad concluye hoy con la entrada de las fraternidades de los diferentes municipios potosinos.\n\"  data-description=\"La festividad concluye hoy con la entrada de las fraternidades de los diferentes municipios potosinos.\n\">\r\n                                <img decoding=\"async\" src=\"https:\/\/www.eldiario.net\/portal\/wp-content\/uploads\/2026\/08\/72-NAL-6-630x420.webp\" srcset=\"https:\/\/www.eldiario.net\/portal\/wp-content\/uploads\/2026\/08\/72-NAL-6-630x420.webp 630w, https:\/\/www.eldiario.net\/portal\/wp-content\/uploads\/2026\/08\/72-NAL-6-300x200.webp 300w, https:\/\/www.eldiario.net\/portal\/wp-content\/uploads\/2026\/08\/72-NAL-6-1024x682.webp 1024w, https:\/\/www.eldiario.net\/portal\/wp-content\/uploads\/2026\/08\/72-NAL-6-768x512.webp 768w, https:\/\/www.eldiario.net\/portal\/wp-content\/uploads\/2026\/08\/72-NAL-6-150x100.webp 150w, https:\/\/www.eldiario.net\/portal\/wp-content\/uploads\/2026\/08\/72-NAL-6-696x464.webp 696w, https:\/\/www.eldiario.net\/portal\/wp-content\/uploads\/2026\/08\/72-NAL-6-1068x712.webp 1068w, https:\/\/www.eldiario.net\/portal\/wp-content\/uploads\/2026\/08\/72-NAL-6.webp 1280w\" sizes=\"(max-width: 630px) 100vw, 630px\" alt=\"\">\r\n                            <\/a>\r\n                            <figcaption class = \"td-slide-caption td-gallery-slide-content\"><div class = \"td-gallery-slide-copywrite\">La festividad concluye hoy con la entrada de las fraternidades de los diferentes municipios potosinos.\n<\/div><span>La festividad concluye hoy con la entrada de las fraternidades de los diferentes municipios potosinos.\n<\/span><\/figcaption>\r\n                        <\/figure>\r\n                    <\/div>\r\n                    <div class = \"td-slide-item td-item3\">\r\n                        <figure class=\"td-slide-galery-figure td-slide-popup-gallery\">\r\n                            <a class=\"slide-gallery-image-link\" href=\"https:\/\/www.eldiario.net\/portal\/wp-content\/uploads\/2026\/08\/70-NAL-6.webp\" title=\"70-NAL\"  data-caption=\"La imagen de San Bartolom\u00e9 abri\u00f3 la entrada folkl\u00f3rica en Potos\u00ed.\n\"  data-description=\"La imagen de San Bartolom&eacute; abri&oacute; la entrada folkl&oacute;rica en Potos&iacute;.\n\">\r\n                                <img decoding=\"async\" src=\"https:\/\/www.eldiario.net\/portal\/wp-content\/uploads\/2026\/08\/70-NAL-6-630x420.webp\" srcset=\"https:\/\/www.eldiario.net\/portal\/wp-content\/uploads\/2026\/08\/70-NAL-6-630x420.webp 630w, https:\/\/www.eldiario.net\/portal\/wp-content\/uploads\/2026\/08\/70-NAL-6-300x200.webp 300w, https:\/\/www.eldiario.net\/portal\/wp-content\/uploads\/2026\/08\/70-NAL-6-1024x682.webp 1024w, https:\/\/www.eldiario.net\/portal\/wp-content\/uploads\/2026\/08\/70-NAL-6-768x512.webp 768w, https:\/\/www.eldiario.net\/portal\/wp-content\/uploads\/2026\/08\/70-NAL-6-150x100.webp 150w, https:\/\/www.eldiario.net\/portal\/wp-content\/uploads\/2026\/08\/70-NAL-6-696x464.webp 696w, https:\/\/www.eldiario.net\/portal\/wp-content\/uploads\/2026\/08\/70-NAL-6-1068x712.webp 1068w, https:\/\/www.eldiario.net\/portal\/wp-content\/uploads\/2026\/08\/70-NAL-6.webp 1280w\" sizes=\"(max-width: 630px) 100vw, 630px\" alt=\"\">\r\n                            <\/a>\r\n                            <figcaption class = \"td-slide-caption td-gallery-slide-content\"><div class = \"td-gallery-slide-copywrite\">La imagen de San Bartolom\u00e9 abri\u00f3 la entrada folkl\u00f3rica en Potos\u00ed.\n<\/div><span>La imagen de San Bartolom\u00e9 abri\u00f3 la entrada folkl\u00f3rica en Potos\u00ed.\n<\/span><\/figcaption>\r\n                        <\/figure>\r\n                    <\/div>\r\n                            <\/div>\r\n                        <\/div>\r\n\r\n                        <div class = \"td-doubleSlider-2\">\r\n                            <div class = \"td-slider\">\r\n                                \r\n                    <div class = \"td-button td-item1\">\r\n                        <div class = \"td-border\"><\/div>\r\n                    <\/div>\r\n                    <div class = \"td-button td-item2\">\r\n                        <div class = \"td-border\"><\/div>\r\n                    <\/div>\r\n                    <div class = \"td-button td-item3\">\r\n                        <div class = \"td-border\"><\/div>\r\n                    <\/div>\r\n                            <\/div>\r\n                        <\/div>\r\n\r\n                    <\/div>\r\n\r\n                <\/div>\r\n                \n","protected":false},"excerpt":{"rendered":"<p>La festividad de Ch\u2019utillos 2026, que se lleva a cabo en el departamento de Potos\u00ed, proyecta superar un movimiento de Bs 50 millones, inform\u00f3 el alcalde Williams Cervantes. \u201cEstamos hablando de m\u00e1s de 50 millones de bolivianos que los tres d\u00edas van a generar tanto lo que es el mercado interno, los productores, los bailarines, [&hellip;]<\/p>\n","protected":false},"author":1,"featured_media":425906,"comment_status":"closed","ping_status":"open","sticky":false,"template":"","format":"standard","meta":{"_acf_changed":false,"footnotes":""},"categories":[12],"tags":[],"class_list":["post-425902","post","type-post","status-publish","format-standard","has-post-thumbnail","category-nacional"],"acf":{"antetitulo":"Potos\u00ed"},"yoast_head":"<!-- This site is optimized with the Yoast SEO plugin v28.3 - https:\/\/yoast.com\/product\/yoast-seo-wordpress\/ -->\n<title>Festividad de Ch\u2019utillos 2026 prev\u00e9 mover Bs 50 millones - El Diario - Bolivia<\/title>\n<meta name=\"robots\" content=\"index, follow, max-snippet:-1, max-image-preview:large, max-video-preview:-1\" \/>\n<link rel=\"canonical\" href=\"https:\/\/www.eldiario.net\/portal\/2026\/08\/30\/festividad-de-chutillos-2026-preve-mover-bs-50-millones\/\" \/>\n<meta property=\"og:locale\" content=\"es_ES\" \/>\n<meta property=\"og:type\" content=\"article\" \/>\n<meta property=\"og:title\" content=\"Festividad de Ch\u2019utillos 2026 prev\u00e9 mover Bs 50 millones - El Diario - Bolivia\" \/>\n<meta property=\"og:description\" content=\"La festividad de Ch\u2019utillos 2026, que se lleva a cabo en el departamento de Potos\u00ed, proyecta superar un movimiento de Bs 50 millones, inform\u00f3 el alcalde Williams Cervantes. \u201cEstamos hablando de m\u00e1s de 50 millones de bolivianos que los tres d\u00edas van a generar tanto lo que es el mercado interno, los productores, los bailarines, [&hellip;]\" \/>\n<meta property=\"og:url\" content=\"https:\/\/www.eldiario.net\/portal\/2026\/08\/30\/festividad-de-chutillos-2026-preve-mover-bs-50-millones\/\" \/>\n<meta property=\"og:site_name\" content=\"El Diario - Bolivia\" \/>\n<meta property=\"article:publisher\" content=\"https:\/\/www.facebook.com\/eldiario.bolivia\/\" \/>\n<meta property=\"article:published_time\" content=\"2026-08-30T10:42:04+00:00\" \/>\n<meta property=\"og:image\" content=\"https:\/\/www.eldiario.net\/portal\/wp-content\/uploads\/2026\/08\/70-NAL-7.webp\" \/>\n\t<meta property=\"og:image:width\" content=\"1280\" \/>\n\t<meta property=\"og:image:height\" content=\"853\" \/>\n\t<meta property=\"og:image:type\" content=\"image\/webp\" \/>\n<meta name=\"author\" content=\"Jeanette\" \/>\n<meta name=\"twitter:card\" content=\"summary_large_image\" \/>\n<meta name=\"twitter:creator\" content=\"@eldiario_net\" \/>\n<meta name=\"twitter:site\" content=\"@eldiario_net\" \/>\n<meta name=\"twitter:label1\" content=\"Escrito por\" \/>\n\t<meta name=\"twitter:data1\" content=\"Jeanette\" \/>\n\t<meta name=\"twitter:label2\" content=\"Tiempo de lectura\" \/>\n\t<meta name=\"twitter:data2\" content=\"2 minutos\" \/>\n<script type=\"application\/ld+json\" class=\"yoast-schema-graph\">{\"@context\":\"https:\\\/\\\/schema.org\",\"@graph\":[{\"@type\":\"Article\",\"@id\":\"https:\\\/\\\/www.eldiario.net\\\/portal\\\/2026\\\/08\\\/30\\\/festividad-de-chutillos-2026-preve-mover-bs-50-millones\\\/#article\",\"isPartOf\":{\"@id\":\"https:\\\/\\\/www.eldiario.net\\\/portal\\\/2026\\\/08\\\/30\\\/festividad-de-chutillos-2026-preve-mover-bs-50-millones\\\/\"},\"author\":{\"name\":\"Jeanette\",\"@id\":\"https:\\\/\\\/www.eldiario.net\\\/portal\\\/#\\\/schema\\\/person\\\/f46445640444750d7d753ccd04ae01b7\"},\"headline\":\"Festividad de Ch\u2019utillos 2026 prev\u00e9 mover Bs 50 millones\",\"datePublished\":\"2026-08-30T10:42:04+00:00\",\"mainEntityOfPage\":{\"@id\":\"https:\\\/\\\/www.eldiario.net\\\/portal\\\/2026\\\/08\\\/30\\\/festividad-de-chutillos-2026-preve-mover-bs-50-millones\\\/\"},\"wordCount\":320,\"publisher\":{\"@id\":\"https:\\\/\\\/www.eldiario.net\\\/portal\\\/#organization\"},\"image\":{\"@id\":\"https:\\\/\\\/www.eldiario.net\\\/portal\\\/2026\\\/08\\\/30\\\/festividad-de-chutillos-2026-preve-mover-bs-50-millones\\\/#primaryimage\"},\"thumbnailUrl\":\"https:\\\/\\\/www.eldiario.net\\\/portal\\\/wp-content\\\/uploads\\\/2026\\\/08\\\/70-NAL-7.webp\",\"articleSection\":[\"Nacional\"],\"inLanguage\":\"es\"},{\"@type\":\"WebPage\",\"@id\":\"https:\\\/\\\/www.eldiario.net\\\/portal\\\/2026\\\/08\\\/30\\\/festividad-de-chutillos-2026-preve-mover-bs-50-millones\\\/\",\"url\":\"https:\\\/\\\/www.eldiario.net\\\/portal\\\/2026\\\/08\\\/30\\\/festividad-de-chutillos-2026-preve-mover-bs-50-millones\\\/\",\"name\":\"Festividad de Ch\u2019utillos 2026 prev\u00e9 mover Bs 50 millones - El Diario - Bolivia\",\"isPartOf\":{\"@id\":\"https:\\\/\\\/www.eldiario.net\\\/portal\\\/#website\"},\"primaryImageOfPage\":{\"@id\":\"https:\\\/\\\/www.eldiario.net\\\/portal\\\/2026\\\/08\\\/30\\\/festividad-de-chutillos-2026-preve-mover-bs-50-millones\\\/#primaryimage\"},\"image\":{\"@id\":\"https:\\\/\\\/www.eldiario.net\\\/portal\\\/2026\\\/08\\\/30\\\/festividad-de-chutillos-2026-preve-mover-bs-50-millones\\\/#primaryimage\"},\"thumbnailUrl\":\"https:\\\/\\\/www.eldiario.net\\\/portal\\\/wp-content\\\/uploads\\\/2026\\\/08\\\/70-NAL-7.webp\",\"datePublished\":\"2026-08-30T10:42:04+00:00\",\"breadcrumb\":{\"@id\":\"https:\\\/\\\/www.eldiario.net\\\/portal\\\/2026\\\/08\\\/30\\\/festividad-de-chutillos-2026-preve-mover-bs-50-millones\\\/#breadcrumb\"},\"inLanguage\":\"es\",\"potentialAction\":[{\"@type\":\"ReadAction\",\"target\":[\"https:\\\/\\\/www.eldiario.net\\\/portal\\\/2026\\\/08\\\/30\\\/festividad-de-chutillos-2026-preve-mover-bs-50-millones\\\/\"]}]},{\"@type\":\"ImageObject\",\"inLanguage\":\"es\",\"@id\":\"https:\\\/\\\/www.eldiario.net\\\/portal\\\/2026\\\/08\\\/30\\\/festividad-de-chutillos-2026-preve-mover-bs-50-millones\\\/#primaryimage\",\"url\":\"https:\\\/\\\/www.eldiario.net\\\/portal\\\/wp-content\\\/uploads\\\/2026\\\/08\\\/70-NAL-7.webp\",\"contentUrl\":\"https:\\\/\\\/www.eldiario.net\\\/portal\\\/wp-content\\\/uploads\\\/2026\\\/08\\\/70-NAL-7.webp\",\"width\":1280,\"height\":853},{\"@type\":\"BreadcrumbList\",\"@id\":\"https:\\\/\\\/www.eldiario.net\\\/portal\\\/2026\\\/08\\\/30\\\/festividad-de-chutillos-2026-preve-mover-bs-50-millones\\\/#breadcrumb\",\"itemListElement\":[{\"@type\":\"ListItem\",\"position\":1,\"name\":\"Portada\",\"item\":\"https:\\\/\\\/www.eldiario.net\\\/portal\\\/\"},{\"@type\":\"ListItem\",\"position\":2,\"name\":\"Festividad de Ch\u2019utillos 2026 prev\u00e9 mover Bs 50 millones\"}]},{\"@type\":\"WebSite\",\"@id\":\"https:\\\/\\\/www.eldiario.net\\\/portal\\\/#website\",\"url\":\"https:\\\/\\\/www.eldiario.net\\\/portal\\\/\",\"name\":\"El Diario - Decano de la prensa nacional\",\"description\":\"El Diario - Decano de la prensa nacional\",\"publisher\":{\"@id\":\"https:\\\/\\\/www.eldiario.net\\\/portal\\\/#organization\"},\"potentialAction\":[{\"@type\":\"SearchAction\",\"target\":{\"@type\":\"EntryPoint\",\"urlTemplate\":\"https:\\\/\\\/www.eldiario.net\\\/portal\\\/?s={search_term_string}\"},\"query-input\":{\"@type\":\"PropertyValueSpecification\",\"valueRequired\":true,\"valueName\":\"search_term_string\"}}],\"inLanguage\":\"es\"},{\"@type\":\"Organization\",\"@id\":\"https:\\\/\\\/www.eldiario.net\\\/portal\\\/#organization\",\"name\":\"El Diario - Decano de la prensa nacional\",\"url\":\"https:\\\/\\\/www.eldiario.net\\\/portal\\\/\",\"logo\":{\"@type\":\"ImageObject\",\"inLanguage\":\"es\",\"@id\":\"https:\\\/\\\/www.eldiario.net\\\/portal\\\/#\\\/schema\\\/logo\\\/image\\\/\",\"url\":\"https:\\\/\\\/www.eldiario.net\\\/portal\\\/wp-content\\\/uploads\\\/2023\\\/07\\\/logo_ED.jpg\",\"contentUrl\":\"https:\\\/\\\/www.eldiario.net\\\/portal\\\/wp-content\\\/uploads\\\/2023\\\/07\\\/logo_ED.jpg\",\"width\":272,\"height\":52,\"caption\":\"El Diario - Decano de la prensa nacional\"},\"image\":{\"@id\":\"https:\\\/\\\/www.eldiario.net\\\/portal\\\/#\\\/schema\\\/logo\\\/image\\\/\"},\"sameAs\":[\"https:\\\/\\\/www.facebook.com\\\/eldiario.bolivia\\\/\",\"https:\\\/\\\/x.com\\\/eldiario_net\"]},{\"@type\":\"Person\",\"@id\":\"https:\\\/\\\/www.eldiario.net\\\/portal\\\/#\\\/schema\\\/person\\\/f46445640444750d7d753ccd04ae01b7\",\"name\":\"Jeanette\",\"image\":{\"@type\":\"ImageObject\",\"inLanguage\":\"es\",\"@id\":\"https:\\\/\\\/secure.gravatar.com\\\/avatar\\\/3ea2118a5f7dad2b7138b1187a6b7ee55f160b9968b66013c3a3ef39dd7e5798?s=96&d=mm&r=g\",\"url\":\"https:\\\/\\\/secure.gravatar.com\\\/avatar\\\/3ea2118a5f7dad2b7138b1187a6b7ee55f160b9968b66013c3a3ef39dd7e5798?s=96&d=mm&r=g\",\"contentUrl\":\"https:\\\/\\\/secure.gravatar.com\\\/avatar\\\/3ea2118a5f7dad2b7138b1187a6b7ee55f160b9968b66013c3a3ef39dd7e5798?s=96&d=mm&r=g\",\"caption\":\"Jeanette\"},\"sameAs\":[\"https:\\\/\\\/www.eldiario.net\\\/portal\"],\"url\":\"https:\\\/\\\/www.eldiario.net\\\/portal\\\/author\\\/jeanette\\\/\"}]}<\/script>\n<!-- \/ Yoast SEO plugin. -->","yoast_head_json":{"title":"Festividad de Ch\u2019utillos 2026 prev\u00e9 mover Bs 50 millones - El Diario - Bolivia","robots":{"index":"index","follow":"follow","max-snippet":"max-snippet:-1","max-image-preview":"max-image-preview:large","max-video-preview":"max-video-preview:-1"},"canonical":"https:\/\/www.eldiario.net\/portal\/2026\/08\/30\/festividad-de-chutillos-2026-preve-mover-bs-50-millones\/","og_locale":"es_ES","og_type":"article","og_title":"Festividad de Ch\u2019utillos 2026 prev\u00e9 mover Bs 50 millones - El Diario - Bolivia","og_description":"La festividad de Ch\u2019utillos 2026, que se lleva a cabo en el departamento de Potos\u00ed, proyecta superar un movimiento de Bs 50 millones, inform\u00f3 el alcalde Williams Cervantes. \u201cEstamos hablando de m\u00e1s de 50 millones de bolivianos que los tres d\u00edas van a generar tanto lo que es el mercado interno, los productores, los bailarines, [&hellip;]","og_url":"https:\/\/www.eldiario.net\/portal\/2026\/08\/30\/festividad-de-chutillos-2026-preve-mover-bs-50-millones\/","og_site_name":"El Diario - Bolivia","article_publisher":"https:\/\/www.facebook.com\/eldiario.bolivia\/","article_published_time":"2026-08-30T10:42:04+00:00","og_image":[{"width":1280,"height":853,"url":"https:\/\/www.eldiario.net\/portal\/wp-content\/uploads\/2026\/08\/70-NAL-7.webp","type":"image\/webp"}],"author":"Jeanette","twitter_card":"summary_large_image","twitter_creator":"@eldiario_net","twitter_site":"@eldiario_net","twitter_misc":{"Escrito por":"Jeanette","Tiempo de lectura":"2 minutos"},"schema":{"@context":"https:\/\/schema.org","@graph":[{"@type":"Article","@id":"https:\/\/www.eldiario.net\/portal\/2026\/08\/30\/festividad-de-chutillos-2026-preve-mover-bs-50-millones\/#article","isPartOf":{"@id":"https:\/\/www.eldiario.net\/portal\/2026\/08\/30\/festividad-de-chutillos-2026-preve-mover-bs-50-millones\/"},"author":{"name":"Jeanette","@id":"https:\/\/www.eldiario.net\/portal\/#\/schema\/person\/f46445640444750d7d753ccd04ae01b7"},"headline":"Festividad de Ch\u2019utillos 2026 prev\u00e9 mover Bs 50 millones","datePublished":"2026-08-30T10:42:04+00:00","mainEntityOfPage":{"@id":"https:\/\/www.eldiario.net\/portal\/2026\/08\/30\/festividad-de-chutillos-2026-preve-mover-bs-50-millones\/"},"wordCount":320,"publisher":{"@id":"https:\/\/www.eldiario.net\/portal\/#organization"},"image":{"@id":"https:\/\/www.eldiario.net\/portal\/2026\/08\/30\/festividad-de-chutillos-2026-preve-mover-bs-50-millones\/#primaryimage"},"thumbnailUrl":"https:\/\/www.eldiario.net\/portal\/wp-content\/uploads\/2026\/08\/70-NAL-7.webp","articleSection":["Nacional"],"inLanguage":"es"},{"@type":"WebPage","@id":"https:\/\/www.eldiario.net\/portal\/2026\/08\/30\/festividad-de-chutillos-2026-preve-mover-bs-50-millones\/","url":"https:\/\/www.eldiario.net\/portal\/2026\/08\/30\/festividad-de-chutillos-2026-preve-mover-bs-50-millones\/","name":"Festividad de Ch\u2019utillos 2026 prev\u00e9 mover Bs 50 millones - El Diario - Bolivia","isPartOf":{"@id":"https:\/\/www.eldiario.net\/portal\/#website"},"primaryImageOfPage":{"@id":"https:\/\/www.eldiario.net\/portal\/2026\/08\/30\/festividad-de-chutillos-2026-preve-mover-bs-50-millones\/#primaryimage"},"image":{"@id":"https:\/\/www.eldiario.net\/portal\/2026\/08\/30\/festividad-de-chutillos-2026-preve-mover-bs-50-millones\/#primaryimage"},"thumbnailUrl":"https:\/\/www.eldiario.net\/portal\/wp-content\/uploads\/2026\/08\/70-NAL-7.webp","datePublished":"2026-08-30T10:42:04+00:00","breadcrumb":{"@id":"https:\/\/www.eldiario.net\/portal\/2026\/08\/30\/festividad-de-chutillos-2026-preve-mover-bs-50-millones\/#breadcrumb"},"inLanguage":"es","potentialAction":[{"@type":"ReadAction","target":["https:\/\/www.eldiario.net\/portal\/2026\/08\/30\/festividad-de-chutillos-2026-preve-mover-bs-50-millones\/"]}]},{"@type":"ImageObject","inLanguage":"es","@id":"https:\/\/www.eldiario.net\/portal\/2026\/08\/30\/festividad-de-chutillos-2026-preve-mover-bs-50-millones\/#primaryimage","url":"https:\/\/www.eldiario.net\/portal\/wp-content\/uploads\/2026\/08\/70-NAL-7.webp","contentUrl":"https:\/\/www.eldiario.net\/portal\/wp-content\/uploads\/2026\/08\/70-NAL-7.webp","width":1280,"height":853},{"@type":"BreadcrumbList","@id":"https:\/\/www.eldiario.net\/portal\/2026\/08\/30\/festividad-de-chutillos-2026-preve-mover-bs-50-millones\/#breadcrumb","itemListElement":[{"@type":"ListItem","position":1,"name":"Portada","item":"https:\/\/www.eldiario.net\/portal\/"},{"@type":"ListItem","position":2,"name":"Festividad de Ch\u2019utillos 2026 prev\u00e9 mover Bs 50 millones"}]},{"@type":"WebSite","@id":"https:\/\/www.eldiario.net\/portal\/#website","url":"https:\/\/www.eldiario.net\/portal\/","name":"El Diario - Decano de la prensa nacional","description":"El Diario - Decano de la prensa nacional","publisher":{"@id":"https:\/\/www.eldiario.net\/portal\/#organization"},"potentialAction":[{"@type":"SearchAction","target":{"@type":"EntryPoint","urlTemplate":"https:\/\/www.eldiario.net\/portal\/?s={search_term_string}"},"query-input":{"@type":"PropertyValueSpecification","valueRequired":true,"valueName":"search_term_string"}}],"inLanguage":"es"},{"@type":"Organization","@id":"https:\/\/www.eldiario.net\/portal\/#organization","name":"El Diario - Decano de la prensa nacional","url":"https:\/\/www.eldiario.net\/portal\/","logo":{"@type":"ImageObject","inLanguage":"es","@id":"https:\/\/www.eldiario.net\/portal\/#\/schema\/logo\/image\/","url":"https:\/\/www.eldiario.net\/portal\/wp-content\/uploads\/2023\/07\/logo_ED.jpg","contentUrl":"https:\/\/www.eldiario.net\/portal\/wp-content\/uploads\/2023\/07\/logo_ED.jpg","width":272,"height":52,"caption":"El Diario - Decano de la prensa nacional"},"image":{"@id":"https:\/\/www.eldiario.net\/portal\/#\/schema\/logo\/image\/"},"sameAs":["https:\/\/www.facebook.com\/eldiario.bolivia\/","https:\/\/x.com\/eldiario_net"]},{"@type":"Person","@id":"https:\/\/www.eldiario.net\/portal\/#\/schema\/person\/f46445640444750d7d753ccd04ae01b7","name":"Jeanette","image":{"@type":"ImageObject","inLanguage":"es","@id":"https:\/\/secure.gravatar.com\/avatar\/3ea2118a5f7dad2b7138b1187a6b7ee55f160b9968b66013c3a3ef39dd7e5798?s=96&d=mm&r=g","url":"https:\/\/secure.gravatar.com\/avatar\/3ea2118a5f7dad2b7138b1187a6b7ee55f160b9968b66013c3a3ef39dd7e5798?s=96&d=mm&r=g","contentUrl":"https:\/\/secure.gravatar.com\/avatar\/3ea2118a5f7dad2b7138b1187a6b7ee55f160b9968b66013c3a3ef39dd7e5798?s=96&d=mm&r=g","caption":"Jeanette"},"sameAs":["https:\/\/www.eldiario.net\/portal"],"url":"https:\/\/www.eldiario.net\/portal\/author\/jeanette\/"}]}},"_links":{"self":[{"href":"https:\/\/www.eldiario.net\/portal\/wp-json\/wp\/v2\/posts\/425902","targetHints":{"allow":["GET"]}}],"collection":[{"href":"https:\/\/www.eldiario.net\/portal\/wp-json\/wp\/v2\/posts"}],"about":[{"href":"https:\/\/www.eldiario.net\/portal\/wp-json\/wp\/v2\/types\/post"}],"author":[{"embeddable":true,"href":"https:\/\/www.eldiario.net\/portal\/wp-json\/wp\/v2\/users\/1"}],"replies":[{"embeddable":true,"href":"https:\/\/www.eldiario.net\/portal\/wp-json\/wp\/v2\/comments?post=425902"}],"version-history":[{"count":1,"href":"https:\/\/www.eldiario.net\/portal\/wp-json\/wp\/v2\/posts\/425902\/revisions"}],"predecessor-version":[{"id":425907,"href":"https:\/\/www.eldiario.net\/portal\/wp-json\/wp\/v2\/posts\/425902\/revisions\/425907"}],"wp:featuredmedia":[{"embeddable":true,"href":"https:\/\/www.eldiario.net\/portal\/wp-json\/wp\/v2\/media\/425906"}],"wp:attachment":[{"href":"https:\/\/www.eldiario.net\/portal\/wp-json\/wp\/v2\/media?parent=425902"}],"wp:term":[{"taxonomy":"category","embeddable":true,"href":"https:\/\/www.eldiario.net\/portal\/wp-json\/wp\/v2\/categories?post=425902"},{"taxonomy":"post_tag","embeddable":true,"href":"https:\/\/www.eldiario.net\/portal\/wp-json\/wp\/v2\/tags?post=425902"}],"curies":[{"name":"wp","href":"https:\/\/api.w.org\/{rel}","templated":true}]}}