{"id":425896,"date":"2026-08-30T06:39:09","date_gmt":"2026-08-30T10:39:09","guid":{"rendered":"https:\/\/www.eldiario.net\/portal\/?p=425896"},"modified":"2026-08-30T06:39:09","modified_gmt":"2026-08-30T10:39:09","slug":"colegios-en-potosi-conviven-con-metales-toxicos-mineros","status":"publish","type":"post","link":"https:\/\/www.eldiario.net\/portal\/2026\/08\/30\/colegios-en-potosi-conviven-con-metales-toxicos-mineros\/","title":{"rendered":"Colegios en Potos\u00ed conviven  con metales t\u00f3xicos mineros"},"content":{"rendered":"<p>El Colectivo Acontrav\u00eda de Potos\u00ed, conformado en su mayor\u00eda por hijos de mineros y habitantes de zonas de sacrificio ambiental, ha gestado con las comunidades afectadas de la zona de Cantumarca y Pailaviri un proceso de Monitoreo Ambiental Comunitario de metales t\u00f3xicos que provienen de las actividades mineras, identific\u00e1ndose la presencia de: ars\u00e9nico, antimonio, cadmio, plomo y zinc.<br \/>\nLa actividad se realiz\u00f3 junto a estudiantes de los Colegios: 6 de Junio B (Cantumarca), Manuel Ascencio Padilla (Pailaviri) y mujeres de la zona Campamento Pailaviri.<br \/>\nParte del monitoreo comunitario ha consistido en identificar evidencias visuales y f\u00edsicas de la presencia de contaminantes en las infraestructuras de los colegios; en ese sentido se ha encontrado en primera instancia al interior del Colegio Manuel Ascencio Padilla: en ventanas, patios, barandas que a simple vista existen concentrados minerales depositados, esto considerando que a escasos metros de esta Unidad Educativa existe actividad minera de constante cargu\u00edo y descargu\u00edo de minerales, tambi\u00e9n pasivos ambientales y comercializadora de minerales.<br \/>\nPor otro lado, tanto en la zona Cantumarca como Pailaviri, se ha evidenciado que las plantas (principalmente nativas) est\u00e1n presentado s\u00edntomas visibles de estr\u00e9s por exposici\u00f3n cr\u00f3nica a contaminantes t\u00f3xicos, como clorosis en hojas, necrosis en hojas, sequedad y marchites, enanismo de las especies vegetales y aborto floral. Tampoco se pudo observar presencia de especies de L\u00edquenes, que por sus caracter\u00edsticas biol\u00f3gicas son excelentes bioindicadores de la calidad del aire.<br \/>\nEso no es todo, producto del an\u00e1lisis de muestras de polvo tomadas en el interior de los colegios mencionados, se evidenci\u00f3 la presencia de todos los elementos t\u00f3xicos analizados; es decir, en las labores educativas, tanto: estudiantes, docentes, plantel administrativo y madres\/padres de familia est\u00e1n conviviendo con: ars\u00e9nico, antimonio, cadmio, plomo y zinc. Las concentraciones de las muestras al exterior de los colegios y cerca las fuentes de contaminaci\u00f3n, que se encuentran a escasos metros de los colegios, tienden a aumentar, lo cual hace pensar que la calidad del aire en polvo de las zonas Cantumarca, como Pailaviri est\u00e1n igualmente afectadas por la toxicidad de estos elementos.<br \/>\nLa investigaci\u00f3n de Acontravia abarc\u00f3 adem\u00e1s el muestreo de vegetaci\u00f3n en estas zonas. Se analiz\u00f3 las concentraciones de: ars\u00e9nico, antimonio, cadmio, plomo y zinc en especies vegetales nativas de la regi\u00f3n y una especie introducida. Los resultados muestran que las especies vegetales presentan niveles excesivos o t\u00f3xicos sobre todo de ars\u00e9nico en el cien por ciento de las especies muestreadas en la zona Pailaviri y en el 80% de las especies muestreadas en la zona Cantumarca. El cien por ciento de las especies muestreadas en zona Cantumarca presentan concentraciones excesivas o toxicas de Plomo y Zinc.<br \/>\nEn Pailaviri el cien por ciento de las especies vegetales evaluadas presenta concentraciones excesivas o toxicas de cadmio y zinc y el ochenta por ciento de estas, presentan concentraciones excesivas o toxicas de plomo. (Valores de rangos en base a: Kabata-Pendias, A., &amp; Pendias, H. 2001). Esto demuestra una afectaci\u00f3n por contaminaci\u00f3n hist\u00f3rica de estos elementos en las especies vegetales y se puede extrapolar a una evidencia hist\u00f3rica de la contaminaci\u00f3n ambiental minera en la ciudad de Potos\u00ed.<br \/>\nAdem\u00e1s es importante considerar que el dato m\u00e1s alarmante del estudio, corresponde a 205, 82 mg\/Kg de ars\u00e9nico en una muestra de Kiswara en la zona Pailaviri, siendo el valor de Concentraciones Aproximadas de Oligoelementos en Tejido Foliar Maduro Generalizadas de 1.7 mg\/Kg, lo cual evidencia que se supera este valor de referencia en ciento veinte un veces, esto es como imaginar que el l\u00edmite seguro de ars\u00e9nico en una planta es 1 sola cucharadita de az\u00facar en una taza de caf\u00e9. Esta planta de Kiswara no tiene 1 cucharadita, sino 121 cucharaditas (es decir, m\u00e1s de media taza de az\u00facar llena de veneno) en esa misma taza.<br \/>\nEs una sobredosis masiva, esto por supuesto no es un dato aislado, no es una rareza cient\u00edfica, es un grito de auxilio del ecosistema, es una muerte lenta de la flora escasa y nativa en Potos\u00ed.<br \/>\nEl problema entonces no acaba ah\u00ed, pues estos datos ultra alarmantes son la punta del iceberg de la afectaci\u00f3n y degradaci\u00f3n ambiental por estos elementos t\u00f3xicos provenientes de la miner\u00eda en estas zonas de la ciudad de Potos\u00ed. (Erbol\/ Milenka Vanessa Almanza L\u00f3pez)<\/p>\n","protected":false},"excerpt":{"rendered":"<p>El Colectivo Acontrav\u00eda de Potos\u00ed, conformado en su mayor\u00eda por hijos de mineros y habitantes de zonas de sacrificio ambiental, ha gestado con las comunidades afectadas de la zona de Cantumarca y Pailaviri un proceso de Monitoreo Ambiental Comunitario de metales t\u00f3xicos que provienen de las actividades mineras, identific\u00e1ndose la presencia de: ars\u00e9nico, antimonio, cadmio, [&hellip;]<\/p>\n","protected":false},"author":1,"featured_media":194726,"comment_status":"closed","ping_status":"open","sticky":false,"template":"","format":"standard","meta":{"_acf_changed":false,"footnotes":""},"categories":[12],"tags":[],"class_list":["post-425896","post","type-post","status-publish","format-standard","has-post-thumbnail","category-nacional"],"acf":{"antetitulo":"Seg\u00fan investigaci\u00f3n"},"yoast_head":"<!-- This site is optimized with the Yoast SEO plugin v28.3 - https:\/\/yoast.com\/product\/yoast-seo-wordpress\/ -->\n<title>Colegios en Potos\u00ed conviven con metales t\u00f3xicos mineros - El Diario - Bolivia<\/title>\n<meta name=\"robots\" content=\"index, follow, max-snippet:-1, max-image-preview:large, max-video-preview:-1\" \/>\n<link rel=\"canonical\" href=\"https:\/\/www.eldiario.net\/portal\/2026\/08\/30\/colegios-en-potosi-conviven-con-metales-toxicos-mineros\/\" \/>\n<meta property=\"og:locale\" content=\"es_ES\" \/>\n<meta property=\"og:type\" content=\"article\" \/>\n<meta property=\"og:title\" content=\"Colegios en Potos\u00ed conviven con metales t\u00f3xicos mineros - El Diario - Bolivia\" \/>\n<meta property=\"og:description\" content=\"El Colectivo Acontrav\u00eda de Potos\u00ed, conformado en su mayor\u00eda por hijos de mineros y habitantes de zonas de sacrificio ambiental, ha gestado con las comunidades afectadas de la zona de Cantumarca y Pailaviri un proceso de Monitoreo Ambiental Comunitario de metales t\u00f3xicos que provienen de las actividades mineras, identific\u00e1ndose la presencia de: ars\u00e9nico, antimonio, cadmio, [&hellip;]\" \/>\n<meta property=\"og:url\" content=\"https:\/\/www.eldiario.net\/portal\/2026\/08\/30\/colegios-en-potosi-conviven-con-metales-toxicos-mineros\/\" \/>\n<meta property=\"og:site_name\" content=\"El Diario - Bolivia\" \/>\n<meta property=\"article:publisher\" content=\"https:\/\/www.facebook.com\/eldiario.bolivia\/\" \/>\n<meta property=\"article:published_time\" content=\"2026-08-30T10:39:09+00:00\" \/>\n<meta property=\"og:image\" content=\"https:\/\/www.eldiario.net\/portal\/wp-content\/uploads\/2023\/12\/Nacional.jpg\" \/>\n\t<meta property=\"og:image:width\" content=\"800\" \/>\n\t<meta property=\"og:image:height\" content=\"500\" \/>\n\t<meta property=\"og:image:type\" content=\"image\/jpeg\" \/>\n<meta name=\"author\" content=\"Jeanette\" \/>\n<meta name=\"twitter:card\" content=\"summary_large_image\" \/>\n<meta name=\"twitter:creator\" content=\"@eldiario_net\" \/>\n<meta name=\"twitter:site\" content=\"@eldiario_net\" \/>\n<meta name=\"twitter:label1\" content=\"Escrito por\" \/>\n\t<meta name=\"twitter:data1\" content=\"Jeanette\" \/>\n\t<meta name=\"twitter:label2\" content=\"Tiempo de lectura\" \/>\n\t<meta name=\"twitter:data2\" content=\"4 minutos\" \/>\n<script type=\"application\/ld+json\" class=\"yoast-schema-graph\">{\"@context\":\"https:\\\/\\\/schema.org\",\"@graph\":[{\"@type\":\"Article\",\"@id\":\"https:\\\/\\\/www.eldiario.net\\\/portal\\\/2026\\\/08\\\/30\\\/colegios-en-potosi-conviven-con-metales-toxicos-mineros\\\/#article\",\"isPartOf\":{\"@id\":\"https:\\\/\\\/www.eldiario.net\\\/portal\\\/2026\\\/08\\\/30\\\/colegios-en-potosi-conviven-con-metales-toxicos-mineros\\\/\"},\"author\":{\"name\":\"Jeanette\",\"@id\":\"https:\\\/\\\/www.eldiario.net\\\/portal\\\/#\\\/schema\\\/person\\\/f46445640444750d7d753ccd04ae01b7\"},\"headline\":\"Colegios en Potos\u00ed conviven con metales t\u00f3xicos mineros\",\"datePublished\":\"2026-08-30T10:39:09+00:00\",\"mainEntityOfPage\":{\"@id\":\"https:\\\/\\\/www.eldiario.net\\\/portal\\\/2026\\\/08\\\/30\\\/colegios-en-potosi-conviven-con-metales-toxicos-mineros\\\/\"},\"wordCount\":753,\"publisher\":{\"@id\":\"https:\\\/\\\/www.eldiario.net\\\/portal\\\/#organization\"},\"image\":{\"@id\":\"https:\\\/\\\/www.eldiario.net\\\/portal\\\/2026\\\/08\\\/30\\\/colegios-en-potosi-conviven-con-metales-toxicos-mineros\\\/#primaryimage\"},\"thumbnailUrl\":\"https:\\\/\\\/www.eldiario.net\\\/portal\\\/wp-content\\\/uploads\\\/2023\\\/12\\\/Nacional.jpg\",\"articleSection\":[\"Nacional\"],\"inLanguage\":\"es\"},{\"@type\":\"WebPage\",\"@id\":\"https:\\\/\\\/www.eldiario.net\\\/portal\\\/2026\\\/08\\\/30\\\/colegios-en-potosi-conviven-con-metales-toxicos-mineros\\\/\",\"url\":\"https:\\\/\\\/www.eldiario.net\\\/portal\\\/2026\\\/08\\\/30\\\/colegios-en-potosi-conviven-con-metales-toxicos-mineros\\\/\",\"name\":\"Colegios en Potos\u00ed conviven con metales t\u00f3xicos mineros - El Diario - Bolivia\",\"isPartOf\":{\"@id\":\"https:\\\/\\\/www.eldiario.net\\\/portal\\\/#website\"},\"primaryImageOfPage\":{\"@id\":\"https:\\\/\\\/www.eldiario.net\\\/portal\\\/2026\\\/08\\\/30\\\/colegios-en-potosi-conviven-con-metales-toxicos-mineros\\\/#primaryimage\"},\"image\":{\"@id\":\"https:\\\/\\\/www.eldiario.net\\\/portal\\\/2026\\\/08\\\/30\\\/colegios-en-potosi-conviven-con-metales-toxicos-mineros\\\/#primaryimage\"},\"thumbnailUrl\":\"https:\\\/\\\/www.eldiario.net\\\/portal\\\/wp-content\\\/uploads\\\/2023\\\/12\\\/Nacional.jpg\",\"datePublished\":\"2026-08-30T10:39:09+00:00\",\"breadcrumb\":{\"@id\":\"https:\\\/\\\/www.eldiario.net\\\/portal\\\/2026\\\/08\\\/30\\\/colegios-en-potosi-conviven-con-metales-toxicos-mineros\\\/#breadcrumb\"},\"inLanguage\":\"es\",\"potentialAction\":[{\"@type\":\"ReadAction\",\"target\":[\"https:\\\/\\\/www.eldiario.net\\\/portal\\\/2026\\\/08\\\/30\\\/colegios-en-potosi-conviven-con-metales-toxicos-mineros\\\/\"]}]},{\"@type\":\"ImageObject\",\"inLanguage\":\"es\",\"@id\":\"https:\\\/\\\/www.eldiario.net\\\/portal\\\/2026\\\/08\\\/30\\\/colegios-en-potosi-conviven-con-metales-toxicos-mineros\\\/#primaryimage\",\"url\":\"https:\\\/\\\/www.eldiario.net\\\/portal\\\/wp-content\\\/uploads\\\/2023\\\/12\\\/Nacional.jpg\",\"contentUrl\":\"https:\\\/\\\/www.eldiario.net\\\/portal\\\/wp-content\\\/uploads\\\/2023\\\/12\\\/Nacional.jpg\",\"width\":800,\"height\":500},{\"@type\":\"BreadcrumbList\",\"@id\":\"https:\\\/\\\/www.eldiario.net\\\/portal\\\/2026\\\/08\\\/30\\\/colegios-en-potosi-conviven-con-metales-toxicos-mineros\\\/#breadcrumb\",\"itemListElement\":[{\"@type\":\"ListItem\",\"position\":1,\"name\":\"Portada\",\"item\":\"https:\\\/\\\/www.eldiario.net\\\/portal\\\/\"},{\"@type\":\"ListItem\",\"position\":2,\"name\":\"Colegios en Potos\u00ed conviven con metales t\u00f3xicos mineros\"}]},{\"@type\":\"WebSite\",\"@id\":\"https:\\\/\\\/www.eldiario.net\\\/portal\\\/#website\",\"url\":\"https:\\\/\\\/www.eldiario.net\\\/portal\\\/\",\"name\":\"El Diario - Decano de la prensa nacional\",\"description\":\"El Diario - Decano de la prensa nacional\",\"publisher\":{\"@id\":\"https:\\\/\\\/www.eldiario.net\\\/portal\\\/#organization\"},\"potentialAction\":[{\"@type\":\"SearchAction\",\"target\":{\"@type\":\"EntryPoint\",\"urlTemplate\":\"https:\\\/\\\/www.eldiario.net\\\/portal\\\/?s={search_term_string}\"},\"query-input\":{\"@type\":\"PropertyValueSpecification\",\"valueRequired\":true,\"valueName\":\"search_term_string\"}}],\"inLanguage\":\"es\"},{\"@type\":\"Organization\",\"@id\":\"https:\\\/\\\/www.eldiario.net\\\/portal\\\/#organization\",\"name\":\"El Diario - Decano de la prensa nacional\",\"url\":\"https:\\\/\\\/www.eldiario.net\\\/portal\\\/\",\"logo\":{\"@type\":\"ImageObject\",\"inLanguage\":\"es\",\"@id\":\"https:\\\/\\\/www.eldiario.net\\\/portal\\\/#\\\/schema\\\/logo\\\/image\\\/\",\"url\":\"https:\\\/\\\/www.eldiario.net\\\/portal\\\/wp-content\\\/uploads\\\/2023\\\/07\\\/logo_ED.jpg\",\"contentUrl\":\"https:\\\/\\\/www.eldiario.net\\\/portal\\\/wp-content\\\/uploads\\\/2023\\\/07\\\/logo_ED.jpg\",\"width\":272,\"height\":52,\"caption\":\"El Diario - Decano de la prensa nacional\"},\"image\":{\"@id\":\"https:\\\/\\\/www.eldiario.net\\\/portal\\\/#\\\/schema\\\/logo\\\/image\\\/\"},\"sameAs\":[\"https:\\\/\\\/www.facebook.com\\\/eldiario.bolivia\\\/\",\"https:\\\/\\\/x.com\\\/eldiario_net\"]},{\"@type\":\"Person\",\"@id\":\"https:\\\/\\\/www.eldiario.net\\\/portal\\\/#\\\/schema\\\/person\\\/f46445640444750d7d753ccd04ae01b7\",\"name\":\"Jeanette\",\"image\":{\"@type\":\"ImageObject\",\"inLanguage\":\"es\",\"@id\":\"https:\\\/\\\/secure.gravatar.com\\\/avatar\\\/3ea2118a5f7dad2b7138b1187a6b7ee55f160b9968b66013c3a3ef39dd7e5798?s=96&d=mm&r=g\",\"url\":\"https:\\\/\\\/secure.gravatar.com\\\/avatar\\\/3ea2118a5f7dad2b7138b1187a6b7ee55f160b9968b66013c3a3ef39dd7e5798?s=96&d=mm&r=g\",\"contentUrl\":\"https:\\\/\\\/secure.gravatar.com\\\/avatar\\\/3ea2118a5f7dad2b7138b1187a6b7ee55f160b9968b66013c3a3ef39dd7e5798?s=96&d=mm&r=g\",\"caption\":\"Jeanette\"},\"sameAs\":[\"https:\\\/\\\/www.eldiario.net\\\/portal\"],\"url\":\"https:\\\/\\\/www.eldiario.net\\\/portal\\\/author\\\/jeanette\\\/\"}]}<\/script>\n<!-- \/ Yoast SEO plugin. -->","yoast_head_json":{"title":"Colegios en Potos\u00ed conviven con metales t\u00f3xicos mineros - El Diario - Bolivia","robots":{"index":"index","follow":"follow","max-snippet":"max-snippet:-1","max-image-preview":"max-image-preview:large","max-video-preview":"max-video-preview:-1"},"canonical":"https:\/\/www.eldiario.net\/portal\/2026\/08\/30\/colegios-en-potosi-conviven-con-metales-toxicos-mineros\/","og_locale":"es_ES","og_type":"article","og_title":"Colegios en Potos\u00ed conviven con metales t\u00f3xicos mineros - El Diario - Bolivia","og_description":"El Colectivo Acontrav\u00eda de Potos\u00ed, conformado en su mayor\u00eda por hijos de mineros y habitantes de zonas de sacrificio ambiental, ha gestado con las comunidades afectadas de la zona de Cantumarca y Pailaviri un proceso de Monitoreo Ambiental Comunitario de metales t\u00f3xicos que provienen de las actividades mineras, identific\u00e1ndose la presencia de: ars\u00e9nico, antimonio, cadmio, [&hellip;]","og_url":"https:\/\/www.eldiario.net\/portal\/2026\/08\/30\/colegios-en-potosi-conviven-con-metales-toxicos-mineros\/","og_site_name":"El Diario - Bolivia","article_publisher":"https:\/\/www.facebook.com\/eldiario.bolivia\/","article_published_time":"2026-08-30T10:39:09+00:00","og_image":[{"width":800,"height":500,"url":"https:\/\/www.eldiario.net\/portal\/wp-content\/uploads\/2023\/12\/Nacional.jpg","type":"image\/jpeg"}],"author":"Jeanette","twitter_card":"summary_large_image","twitter_creator":"@eldiario_net","twitter_site":"@eldiario_net","twitter_misc":{"Escrito por":"Jeanette","Tiempo de lectura":"4 minutos"},"schema":{"@context":"https:\/\/schema.org","@graph":[{"@type":"Article","@id":"https:\/\/www.eldiario.net\/portal\/2026\/08\/30\/colegios-en-potosi-conviven-con-metales-toxicos-mineros\/#article","isPartOf":{"@id":"https:\/\/www.eldiario.net\/portal\/2026\/08\/30\/colegios-en-potosi-conviven-con-metales-toxicos-mineros\/"},"author":{"name":"Jeanette","@id":"https:\/\/www.eldiario.net\/portal\/#\/schema\/person\/f46445640444750d7d753ccd04ae01b7"},"headline":"Colegios en Potos\u00ed conviven con metales t\u00f3xicos mineros","datePublished":"2026-08-30T10:39:09+00:00","mainEntityOfPage":{"@id":"https:\/\/www.eldiario.net\/portal\/2026\/08\/30\/colegios-en-potosi-conviven-con-metales-toxicos-mineros\/"},"wordCount":753,"publisher":{"@id":"https:\/\/www.eldiario.net\/portal\/#organization"},"image":{"@id":"https:\/\/www.eldiario.net\/portal\/2026\/08\/30\/colegios-en-potosi-conviven-con-metales-toxicos-mineros\/#primaryimage"},"thumbnailUrl":"https:\/\/www.eldiario.net\/portal\/wp-content\/uploads\/2023\/12\/Nacional.jpg","articleSection":["Nacional"],"inLanguage":"es"},{"@type":"WebPage","@id":"https:\/\/www.eldiario.net\/portal\/2026\/08\/30\/colegios-en-potosi-conviven-con-metales-toxicos-mineros\/","url":"https:\/\/www.eldiario.net\/portal\/2026\/08\/30\/colegios-en-potosi-conviven-con-metales-toxicos-mineros\/","name":"Colegios en Potos\u00ed conviven con metales t\u00f3xicos mineros - El Diario - Bolivia","isPartOf":{"@id":"https:\/\/www.eldiario.net\/portal\/#website"},"primaryImageOfPage":{"@id":"https:\/\/www.eldiario.net\/portal\/2026\/08\/30\/colegios-en-potosi-conviven-con-metales-toxicos-mineros\/#primaryimage"},"image":{"@id":"https:\/\/www.eldiario.net\/portal\/2026\/08\/30\/colegios-en-potosi-conviven-con-metales-toxicos-mineros\/#primaryimage"},"thumbnailUrl":"https:\/\/www.eldiario.net\/portal\/wp-content\/uploads\/2023\/12\/Nacional.jpg","datePublished":"2026-08-30T10:39:09+00:00","breadcrumb":{"@id":"https:\/\/www.eldiario.net\/portal\/2026\/08\/30\/colegios-en-potosi-conviven-con-metales-toxicos-mineros\/#breadcrumb"},"inLanguage":"es","potentialAction":[{"@type":"ReadAction","target":["https:\/\/www.eldiario.net\/portal\/2026\/08\/30\/colegios-en-potosi-conviven-con-metales-toxicos-mineros\/"]}]},{"@type":"ImageObject","inLanguage":"es","@id":"https:\/\/www.eldiario.net\/portal\/2026\/08\/30\/colegios-en-potosi-conviven-con-metales-toxicos-mineros\/#primaryimage","url":"https:\/\/www.eldiario.net\/portal\/wp-content\/uploads\/2023\/12\/Nacional.jpg","contentUrl":"https:\/\/www.eldiario.net\/portal\/wp-content\/uploads\/2023\/12\/Nacional.jpg","width":800,"height":500},{"@type":"BreadcrumbList","@id":"https:\/\/www.eldiario.net\/portal\/2026\/08\/30\/colegios-en-potosi-conviven-con-metales-toxicos-mineros\/#breadcrumb","itemListElement":[{"@type":"ListItem","position":1,"name":"Portada","item":"https:\/\/www.eldiario.net\/portal\/"},{"@type":"ListItem","position":2,"name":"Colegios en Potos\u00ed conviven con metales t\u00f3xicos mineros"}]},{"@type":"WebSite","@id":"https:\/\/www.eldiario.net\/portal\/#website","url":"https:\/\/www.eldiario.net\/portal\/","name":"El Diario - Decano de la prensa nacional","description":"El Diario - Decano de la prensa nacional","publisher":{"@id":"https:\/\/www.eldiario.net\/portal\/#organization"},"potentialAction":[{"@type":"SearchAction","target":{"@type":"EntryPoint","urlTemplate":"https:\/\/www.eldiario.net\/portal\/?s={search_term_string}"},"query-input":{"@type":"PropertyValueSpecification","valueRequired":true,"valueName":"search_term_string"}}],"inLanguage":"es"},{"@type":"Organization","@id":"https:\/\/www.eldiario.net\/portal\/#organization","name":"El Diario - Decano de la prensa nacional","url":"https:\/\/www.eldiario.net\/portal\/","logo":{"@type":"ImageObject","inLanguage":"es","@id":"https:\/\/www.eldiario.net\/portal\/#\/schema\/logo\/image\/","url":"https:\/\/www.eldiario.net\/portal\/wp-content\/uploads\/2023\/07\/logo_ED.jpg","contentUrl":"https:\/\/www.eldiario.net\/portal\/wp-content\/uploads\/2023\/07\/logo_ED.jpg","width":272,"height":52,"caption":"El Diario - Decano de la prensa nacional"},"image":{"@id":"https:\/\/www.eldiario.net\/portal\/#\/schema\/logo\/image\/"},"sameAs":["https:\/\/www.facebook.com\/eldiario.bolivia\/","https:\/\/x.com\/eldiario_net"]},{"@type":"Person","@id":"https:\/\/www.eldiario.net\/portal\/#\/schema\/person\/f46445640444750d7d753ccd04ae01b7","name":"Jeanette","image":{"@type":"ImageObject","inLanguage":"es","@id":"https:\/\/secure.gravatar.com\/avatar\/3ea2118a5f7dad2b7138b1187a6b7ee55f160b9968b66013c3a3ef39dd7e5798?s=96&d=mm&r=g","url":"https:\/\/secure.gravatar.com\/avatar\/3ea2118a5f7dad2b7138b1187a6b7ee55f160b9968b66013c3a3ef39dd7e5798?s=96&d=mm&r=g","contentUrl":"https:\/\/secure.gravatar.com\/avatar\/3ea2118a5f7dad2b7138b1187a6b7ee55f160b9968b66013c3a3ef39dd7e5798?s=96&d=mm&r=g","caption":"Jeanette"},"sameAs":["https:\/\/www.eldiario.net\/portal"],"url":"https:\/\/www.eldiario.net\/portal\/author\/jeanette\/"}]}},"_links":{"self":[{"href":"https:\/\/www.eldiario.net\/portal\/wp-json\/wp\/v2\/posts\/425896","targetHints":{"allow":["GET"]}}],"collection":[{"href":"https:\/\/www.eldiario.net\/portal\/wp-json\/wp\/v2\/posts"}],"about":[{"href":"https:\/\/www.eldiario.net\/portal\/wp-json\/wp\/v2\/types\/post"}],"author":[{"embeddable":true,"href":"https:\/\/www.eldiario.net\/portal\/wp-json\/wp\/v2\/users\/1"}],"replies":[{"embeddable":true,"href":"https:\/\/www.eldiario.net\/portal\/wp-json\/wp\/v2\/comments?post=425896"}],"version-history":[{"count":1,"href":"https:\/\/www.eldiario.net\/portal\/wp-json\/wp\/v2\/posts\/425896\/revisions"}],"predecessor-version":[{"id":425897,"href":"https:\/\/www.eldiario.net\/portal\/wp-json\/wp\/v2\/posts\/425896\/revisions\/425897"}],"wp:featuredmedia":[{"embeddable":true,"href":"https:\/\/www.eldiario.net\/portal\/wp-json\/wp\/v2\/media\/194726"}],"wp:attachment":[{"href":"https:\/\/www.eldiario.net\/portal\/wp-json\/wp\/v2\/media?parent=425896"}],"wp:term":[{"taxonomy":"category","embeddable":true,"href":"https:\/\/www.eldiario.net\/portal\/wp-json\/wp\/v2\/categories?post=425896"},{"taxonomy":"post_tag","embeddable":true,"href":"https:\/\/www.eldiario.net\/portal\/wp-json\/wp\/v2\/tags?post=425896"}],"curies":[{"name":"wp","href":"https:\/\/api.w.org\/{rel}","templated":true}]}}