{"id":425879,"date":"2026-08-30T06:33:45","date_gmt":"2026-08-30T10:33:45","guid":{"rendered":"https:\/\/www.eldiario.net\/portal\/?p=425879"},"modified":"2026-08-30T06:33:45","modified_gmt":"2026-08-30T10:33:45","slug":"xx-corp-inicia-etapa-de-expansion-internacional","status":"publish","type":"post","link":"https:\/\/www.eldiario.net\/portal\/2026\/08\/30\/xx-corp-inicia-etapa-de-expansion-internacional\/","title":{"rendered":"XX Corp. inicia etapa de expansi\u00f3n internacional"},"content":{"rendered":"<p>Lo que comenz\u00f3 hace dos d\u00e9cadas como un emprendimiento unipersonal en la sala de una casa es hoy una de las firmas de relaciones p\u00fablicas, comunicaci\u00f3n corporativa y eventos experienciales m\u00e1s s\u00f3lidas de Bolivia. A sus 23 a\u00f1os de fundaci\u00f3n, Ximena Xim\u00e9nez Corp. (XX Corp.) da un paso decisivo en su historia comercial al consolidar su proceso de internacionalizaci\u00f3n, llevando el know-how boliviano a nuevos mercados sudamericanos.<br \/>\nLa empresa, fundada por la comunicadora Ximena Xim\u00e9nez a los 27 a\u00f1os tras su paso por multinacionales como DHL, cuenta actualmente con un equipo de 14 profesionales. Su estructura abarca la sede central en Santa Cruz, un brazo operativo en La Paz liderado por Svetlana Salvatierra y su primera oficina internacional en Asunci\u00f3n, Paraguay. El plan de crecimiento a mediano plazo contempla desembarcar en Uruguay y Per\u00fa dentro de los pr\u00f3ximos diez a\u00f1os.<br \/>\nEl camino no ha estado exento de dificultades. Tras una etapa de crecimiento hist\u00f3rico en ventas entre 2014 y 2017, la firma enfrent\u00f3 su mayor prueba durante la crisis sanitaria del covid-19. Al pertenecer a la industria de la hospitalidad y los eventos presenciales, la par\u00e1lisis fue casi total. Para cumplir con sus obligaciones laborales y el pago de beneficios sociales, Xim\u00e9nez tuvo que vender activos y desvincular personal.<br \/>\nSin embargo, a dos semanas de iniciada la cuarentena en Santa Cruz, la agencia se reinvent\u00f3 con \u201cexperiencias digitales\u201d, un formato pionero que combinaba eventos virtuales interactivos con env\u00edos de insumos a domicilio, DJ en vivo y maestras de ceremonia.<br \/>\nDe cara a la Expocruz, la vitrina comercial m\u00e1s importante del pa\u00eds, la agencia despliega una oferta integral de 360 grados. El servicio abarca desde el dise\u00f1o y construcci\u00f3n de espacios hasta relaciones p\u00fablicas, activaciones de marca y gesti\u00f3n de influencers. El objetivo es entregar un producto \u201cllave en mano\u201d para que las empresas concentren sus esfuerzos exclusivamente en cerrar negocios.<br \/>\nRespecto a las tendencias de comunicaci\u00f3n, Xim\u00e9nez distingue el rol de los medios tradicionales (\u201cque informan\u201d) de los creadores de contenido (\u201cque venden\u201d). No obstante, remarca que el mayor retorno de inversi\u00f3n proviene de los l\u00edderes de opini\u00f3n, con credibilidad y voz autorizada, citando como referentes a figuras de la talla de Jimena Antelo y John Arandia.<br \/>\nCon la mirada puesta en el Cono Sur, XX Corp. demuestra que la firmeza estrat\u00e9gica y la capacidad de adaptaci\u00f3n permiten transformar un proyecto personal en un referente regional de la comunicaci\u00f3n corporativa.<\/p>\n","protected":false},"excerpt":{"rendered":"<p>Lo que comenz\u00f3 hace dos d\u00e9cadas como un emprendimiento unipersonal en la sala de una casa es hoy una de las firmas de relaciones p\u00fablicas, comunicaci\u00f3n corporativa y eventos experienciales m\u00e1s s\u00f3lidas de Bolivia. A sus 23 a\u00f1os de fundaci\u00f3n, Ximena Xim\u00e9nez Corp. (XX Corp.) da un paso decisivo en su historia comercial al consolidar [&hellip;]<\/p>\n","protected":false},"author":1,"featured_media":425880,"comment_status":"closed","ping_status":"open","sticky":false,"template":"","format":"standard","meta":{"_acf_changed":false,"footnotes":""},"categories":[15],"tags":[],"class_list":["post-425879","post","type-post","status-publish","format-standard","has-post-thumbnail","category-portada"],"acf":{"antetitulo":"Econom\u00eda y Empresa"},"yoast_head":"<!-- This site is optimized with the Yoast SEO plugin v28.3 - https:\/\/yoast.com\/product\/yoast-seo-wordpress\/ -->\n<title>XX Corp. inicia etapa de expansi\u00f3n internacional - El Diario - Bolivia<\/title>\n<meta name=\"robots\" content=\"index, follow, max-snippet:-1, max-image-preview:large, max-video-preview:-1\" \/>\n<link rel=\"canonical\" href=\"https:\/\/www.eldiario.net\/portal\/2026\/08\/30\/xx-corp-inicia-etapa-de-expansion-internacional\/\" \/>\n<meta property=\"og:locale\" content=\"es_ES\" \/>\n<meta property=\"og:type\" content=\"article\" \/>\n<meta property=\"og:title\" content=\"XX Corp. inicia etapa de expansi\u00f3n internacional - El Diario - Bolivia\" \/>\n<meta property=\"og:description\" content=\"Lo que comenz\u00f3 hace dos d\u00e9cadas como un emprendimiento unipersonal en la sala de una casa es hoy una de las firmas de relaciones p\u00fablicas, comunicaci\u00f3n corporativa y eventos experienciales m\u00e1s s\u00f3lidas de Bolivia. A sus 23 a\u00f1os de fundaci\u00f3n, Ximena Xim\u00e9nez Corp. (XX Corp.) da un paso decisivo en su historia comercial al consolidar [&hellip;]\" \/>\n<meta property=\"og:url\" content=\"https:\/\/www.eldiario.net\/portal\/2026\/08\/30\/xx-corp-inicia-etapa-de-expansion-internacional\/\" \/>\n<meta property=\"og:site_name\" content=\"El Diario - Bolivia\" \/>\n<meta property=\"article:publisher\" content=\"https:\/\/www.facebook.com\/eldiario.bolivia\/\" \/>\n<meta property=\"article:published_time\" content=\"2026-08-30T10:33:45+00:00\" \/>\n<meta property=\"og:image\" content=\"https:\/\/www.eldiario.net\/portal\/wp-content\/uploads\/2026\/08\/Ximena-EyE-10-cm-x-14.webp\" \/>\n\t<meta property=\"og:image:width\" content=\"1024\" \/>\n\t<meta property=\"og:image:height\" content=\"781\" \/>\n\t<meta property=\"og:image:type\" content=\"image\/webp\" \/>\n<meta name=\"author\" content=\"Jeanette\" \/>\n<meta name=\"twitter:card\" content=\"summary_large_image\" \/>\n<meta name=\"twitter:creator\" content=\"@eldiario_net\" \/>\n<meta name=\"twitter:site\" content=\"@eldiario_net\" \/>\n<meta name=\"twitter:label1\" content=\"Escrito por\" \/>\n\t<meta name=\"twitter:data1\" content=\"Jeanette\" \/>\n\t<meta name=\"twitter:label2\" content=\"Tiempo de lectura\" \/>\n\t<meta name=\"twitter:data2\" content=\"3 minutos\" \/>\n<script type=\"application\/ld+json\" class=\"yoast-schema-graph\">{\"@context\":\"https:\\\/\\\/schema.org\",\"@graph\":[{\"@type\":\"Article\",\"@id\":\"https:\\\/\\\/www.eldiario.net\\\/portal\\\/2026\\\/08\\\/30\\\/xx-corp-inicia-etapa-de-expansion-internacional\\\/#article\",\"isPartOf\":{\"@id\":\"https:\\\/\\\/www.eldiario.net\\\/portal\\\/2026\\\/08\\\/30\\\/xx-corp-inicia-etapa-de-expansion-internacional\\\/\"},\"author\":{\"name\":\"Jeanette\",\"@id\":\"https:\\\/\\\/www.eldiario.net\\\/portal\\\/#\\\/schema\\\/person\\\/f46445640444750d7d753ccd04ae01b7\"},\"headline\":\"XX Corp. inicia etapa de expansi\u00f3n internacional\",\"datePublished\":\"2026-08-30T10:33:45+00:00\",\"mainEntityOfPage\":{\"@id\":\"https:\\\/\\\/www.eldiario.net\\\/portal\\\/2026\\\/08\\\/30\\\/xx-corp-inicia-etapa-de-expansion-internacional\\\/\"},\"wordCount\":434,\"publisher\":{\"@id\":\"https:\\\/\\\/www.eldiario.net\\\/portal\\\/#organization\"},\"image\":{\"@id\":\"https:\\\/\\\/www.eldiario.net\\\/portal\\\/2026\\\/08\\\/30\\\/xx-corp-inicia-etapa-de-expansion-internacional\\\/#primaryimage\"},\"thumbnailUrl\":\"https:\\\/\\\/www.eldiario.net\\\/portal\\\/wp-content\\\/uploads\\\/2026\\\/08\\\/Ximena-EyE-10-cm-x-14.webp\",\"articleSection\":[\"Portada\"],\"inLanguage\":\"es\"},{\"@type\":\"WebPage\",\"@id\":\"https:\\\/\\\/www.eldiario.net\\\/portal\\\/2026\\\/08\\\/30\\\/xx-corp-inicia-etapa-de-expansion-internacional\\\/\",\"url\":\"https:\\\/\\\/www.eldiario.net\\\/portal\\\/2026\\\/08\\\/30\\\/xx-corp-inicia-etapa-de-expansion-internacional\\\/\",\"name\":\"XX Corp. inicia etapa de expansi\u00f3n internacional - El Diario - Bolivia\",\"isPartOf\":{\"@id\":\"https:\\\/\\\/www.eldiario.net\\\/portal\\\/#website\"},\"primaryImageOfPage\":{\"@id\":\"https:\\\/\\\/www.eldiario.net\\\/portal\\\/2026\\\/08\\\/30\\\/xx-corp-inicia-etapa-de-expansion-internacional\\\/#primaryimage\"},\"image\":{\"@id\":\"https:\\\/\\\/www.eldiario.net\\\/portal\\\/2026\\\/08\\\/30\\\/xx-corp-inicia-etapa-de-expansion-internacional\\\/#primaryimage\"},\"thumbnailUrl\":\"https:\\\/\\\/www.eldiario.net\\\/portal\\\/wp-content\\\/uploads\\\/2026\\\/08\\\/Ximena-EyE-10-cm-x-14.webp\",\"datePublished\":\"2026-08-30T10:33:45+00:00\",\"breadcrumb\":{\"@id\":\"https:\\\/\\\/www.eldiario.net\\\/portal\\\/2026\\\/08\\\/30\\\/xx-corp-inicia-etapa-de-expansion-internacional\\\/#breadcrumb\"},\"inLanguage\":\"es\",\"potentialAction\":[{\"@type\":\"ReadAction\",\"target\":[\"https:\\\/\\\/www.eldiario.net\\\/portal\\\/2026\\\/08\\\/30\\\/xx-corp-inicia-etapa-de-expansion-internacional\\\/\"]}]},{\"@type\":\"ImageObject\",\"inLanguage\":\"es\",\"@id\":\"https:\\\/\\\/www.eldiario.net\\\/portal\\\/2026\\\/08\\\/30\\\/xx-corp-inicia-etapa-de-expansion-internacional\\\/#primaryimage\",\"url\":\"https:\\\/\\\/www.eldiario.net\\\/portal\\\/wp-content\\\/uploads\\\/2026\\\/08\\\/Ximena-EyE-10-cm-x-14.webp\",\"contentUrl\":\"https:\\\/\\\/www.eldiario.net\\\/portal\\\/wp-content\\\/uploads\\\/2026\\\/08\\\/Ximena-EyE-10-cm-x-14.webp\",\"width\":1024,\"height\":781,\"caption\":\"Ximena Xim\u00e9nez, l\u00edder en relaciones p\u00fablicas.\"},{\"@type\":\"BreadcrumbList\",\"@id\":\"https:\\\/\\\/www.eldiario.net\\\/portal\\\/2026\\\/08\\\/30\\\/xx-corp-inicia-etapa-de-expansion-internacional\\\/#breadcrumb\",\"itemListElement\":[{\"@type\":\"ListItem\",\"position\":1,\"name\":\"Portada\",\"item\":\"https:\\\/\\\/www.eldiario.net\\\/portal\\\/\"},{\"@type\":\"ListItem\",\"position\":2,\"name\":\"XX Corp. inicia etapa de expansi\u00f3n internacional\"}]},{\"@type\":\"WebSite\",\"@id\":\"https:\\\/\\\/www.eldiario.net\\\/portal\\\/#website\",\"url\":\"https:\\\/\\\/www.eldiario.net\\\/portal\\\/\",\"name\":\"El Diario - Decano de la prensa nacional\",\"description\":\"El Diario - Decano de la prensa nacional\",\"publisher\":{\"@id\":\"https:\\\/\\\/www.eldiario.net\\\/portal\\\/#organization\"},\"potentialAction\":[{\"@type\":\"SearchAction\",\"target\":{\"@type\":\"EntryPoint\",\"urlTemplate\":\"https:\\\/\\\/www.eldiario.net\\\/portal\\\/?s={search_term_string}\"},\"query-input\":{\"@type\":\"PropertyValueSpecification\",\"valueRequired\":true,\"valueName\":\"search_term_string\"}}],\"inLanguage\":\"es\"},{\"@type\":\"Organization\",\"@id\":\"https:\\\/\\\/www.eldiario.net\\\/portal\\\/#organization\",\"name\":\"El Diario - Decano de la prensa nacional\",\"url\":\"https:\\\/\\\/www.eldiario.net\\\/portal\\\/\",\"logo\":{\"@type\":\"ImageObject\",\"inLanguage\":\"es\",\"@id\":\"https:\\\/\\\/www.eldiario.net\\\/portal\\\/#\\\/schema\\\/logo\\\/image\\\/\",\"url\":\"https:\\\/\\\/www.eldiario.net\\\/portal\\\/wp-content\\\/uploads\\\/2023\\\/07\\\/logo_ED.jpg\",\"contentUrl\":\"https:\\\/\\\/www.eldiario.net\\\/portal\\\/wp-content\\\/uploads\\\/2023\\\/07\\\/logo_ED.jpg\",\"width\":272,\"height\":52,\"caption\":\"El Diario - Decano de la prensa nacional\"},\"image\":{\"@id\":\"https:\\\/\\\/www.eldiario.net\\\/portal\\\/#\\\/schema\\\/logo\\\/image\\\/\"},\"sameAs\":[\"https:\\\/\\\/www.facebook.com\\\/eldiario.bolivia\\\/\",\"https:\\\/\\\/x.com\\\/eldiario_net\"]},{\"@type\":\"Person\",\"@id\":\"https:\\\/\\\/www.eldiario.net\\\/portal\\\/#\\\/schema\\\/person\\\/f46445640444750d7d753ccd04ae01b7\",\"name\":\"Jeanette\",\"image\":{\"@type\":\"ImageObject\",\"inLanguage\":\"es\",\"@id\":\"https:\\\/\\\/secure.gravatar.com\\\/avatar\\\/3ea2118a5f7dad2b7138b1187a6b7ee55f160b9968b66013c3a3ef39dd7e5798?s=96&d=mm&r=g\",\"url\":\"https:\\\/\\\/secure.gravatar.com\\\/avatar\\\/3ea2118a5f7dad2b7138b1187a6b7ee55f160b9968b66013c3a3ef39dd7e5798?s=96&d=mm&r=g\",\"contentUrl\":\"https:\\\/\\\/secure.gravatar.com\\\/avatar\\\/3ea2118a5f7dad2b7138b1187a6b7ee55f160b9968b66013c3a3ef39dd7e5798?s=96&d=mm&r=g\",\"caption\":\"Jeanette\"},\"sameAs\":[\"https:\\\/\\\/www.eldiario.net\\\/portal\"],\"url\":\"https:\\\/\\\/www.eldiario.net\\\/portal\\\/author\\\/jeanette\\\/\"}]}<\/script>\n<!-- \/ Yoast SEO plugin. -->","yoast_head_json":{"title":"XX Corp. inicia etapa de expansi\u00f3n internacional - El Diario - Bolivia","robots":{"index":"index","follow":"follow","max-snippet":"max-snippet:-1","max-image-preview":"max-image-preview:large","max-video-preview":"max-video-preview:-1"},"canonical":"https:\/\/www.eldiario.net\/portal\/2026\/08\/30\/xx-corp-inicia-etapa-de-expansion-internacional\/","og_locale":"es_ES","og_type":"article","og_title":"XX Corp. inicia etapa de expansi\u00f3n internacional - El Diario - Bolivia","og_description":"Lo que comenz\u00f3 hace dos d\u00e9cadas como un emprendimiento unipersonal en la sala de una casa es hoy una de las firmas de relaciones p\u00fablicas, comunicaci\u00f3n corporativa y eventos experienciales m\u00e1s s\u00f3lidas de Bolivia. A sus 23 a\u00f1os de fundaci\u00f3n, Ximena Xim\u00e9nez Corp. (XX Corp.) da un paso decisivo en su historia comercial al consolidar [&hellip;]","og_url":"https:\/\/www.eldiario.net\/portal\/2026\/08\/30\/xx-corp-inicia-etapa-de-expansion-internacional\/","og_site_name":"El Diario - Bolivia","article_publisher":"https:\/\/www.facebook.com\/eldiario.bolivia\/","article_published_time":"2026-08-30T10:33:45+00:00","og_image":[{"width":1024,"height":781,"url":"https:\/\/www.eldiario.net\/portal\/wp-content\/uploads\/2026\/08\/Ximena-EyE-10-cm-x-14.webp","type":"image\/webp"}],"author":"Jeanette","twitter_card":"summary_large_image","twitter_creator":"@eldiario_net","twitter_site":"@eldiario_net","twitter_misc":{"Escrito por":"Jeanette","Tiempo de lectura":"3 minutos"},"schema":{"@context":"https:\/\/schema.org","@graph":[{"@type":"Article","@id":"https:\/\/www.eldiario.net\/portal\/2026\/08\/30\/xx-corp-inicia-etapa-de-expansion-internacional\/#article","isPartOf":{"@id":"https:\/\/www.eldiario.net\/portal\/2026\/08\/30\/xx-corp-inicia-etapa-de-expansion-internacional\/"},"author":{"name":"Jeanette","@id":"https:\/\/www.eldiario.net\/portal\/#\/schema\/person\/f46445640444750d7d753ccd04ae01b7"},"headline":"XX Corp. inicia etapa de expansi\u00f3n internacional","datePublished":"2026-08-30T10:33:45+00:00","mainEntityOfPage":{"@id":"https:\/\/www.eldiario.net\/portal\/2026\/08\/30\/xx-corp-inicia-etapa-de-expansion-internacional\/"},"wordCount":434,"publisher":{"@id":"https:\/\/www.eldiario.net\/portal\/#organization"},"image":{"@id":"https:\/\/www.eldiario.net\/portal\/2026\/08\/30\/xx-corp-inicia-etapa-de-expansion-internacional\/#primaryimage"},"thumbnailUrl":"https:\/\/www.eldiario.net\/portal\/wp-content\/uploads\/2026\/08\/Ximena-EyE-10-cm-x-14.webp","articleSection":["Portada"],"inLanguage":"es"},{"@type":"WebPage","@id":"https:\/\/www.eldiario.net\/portal\/2026\/08\/30\/xx-corp-inicia-etapa-de-expansion-internacional\/","url":"https:\/\/www.eldiario.net\/portal\/2026\/08\/30\/xx-corp-inicia-etapa-de-expansion-internacional\/","name":"XX Corp. inicia etapa de expansi\u00f3n internacional - El Diario - Bolivia","isPartOf":{"@id":"https:\/\/www.eldiario.net\/portal\/#website"},"primaryImageOfPage":{"@id":"https:\/\/www.eldiario.net\/portal\/2026\/08\/30\/xx-corp-inicia-etapa-de-expansion-internacional\/#primaryimage"},"image":{"@id":"https:\/\/www.eldiario.net\/portal\/2026\/08\/30\/xx-corp-inicia-etapa-de-expansion-internacional\/#primaryimage"},"thumbnailUrl":"https:\/\/www.eldiario.net\/portal\/wp-content\/uploads\/2026\/08\/Ximena-EyE-10-cm-x-14.webp","datePublished":"2026-08-30T10:33:45+00:00","breadcrumb":{"@id":"https:\/\/www.eldiario.net\/portal\/2026\/08\/30\/xx-corp-inicia-etapa-de-expansion-internacional\/#breadcrumb"},"inLanguage":"es","potentialAction":[{"@type":"ReadAction","target":["https:\/\/www.eldiario.net\/portal\/2026\/08\/30\/xx-corp-inicia-etapa-de-expansion-internacional\/"]}]},{"@type":"ImageObject","inLanguage":"es","@id":"https:\/\/www.eldiario.net\/portal\/2026\/08\/30\/xx-corp-inicia-etapa-de-expansion-internacional\/#primaryimage","url":"https:\/\/www.eldiario.net\/portal\/wp-content\/uploads\/2026\/08\/Ximena-EyE-10-cm-x-14.webp","contentUrl":"https:\/\/www.eldiario.net\/portal\/wp-content\/uploads\/2026\/08\/Ximena-EyE-10-cm-x-14.webp","width":1024,"height":781,"caption":"Ximena Xim\u00e9nez, l\u00edder en relaciones p\u00fablicas."},{"@type":"BreadcrumbList","@id":"https:\/\/www.eldiario.net\/portal\/2026\/08\/30\/xx-corp-inicia-etapa-de-expansion-internacional\/#breadcrumb","itemListElement":[{"@type":"ListItem","position":1,"name":"Portada","item":"https:\/\/www.eldiario.net\/portal\/"},{"@type":"ListItem","position":2,"name":"XX Corp. inicia etapa de expansi\u00f3n internacional"}]},{"@type":"WebSite","@id":"https:\/\/www.eldiario.net\/portal\/#website","url":"https:\/\/www.eldiario.net\/portal\/","name":"El Diario - Decano de la prensa nacional","description":"El Diario - Decano de la prensa nacional","publisher":{"@id":"https:\/\/www.eldiario.net\/portal\/#organization"},"potentialAction":[{"@type":"SearchAction","target":{"@type":"EntryPoint","urlTemplate":"https:\/\/www.eldiario.net\/portal\/?s={search_term_string}"},"query-input":{"@type":"PropertyValueSpecification","valueRequired":true,"valueName":"search_term_string"}}],"inLanguage":"es"},{"@type":"Organization","@id":"https:\/\/www.eldiario.net\/portal\/#organization","name":"El Diario - Decano de la prensa nacional","url":"https:\/\/www.eldiario.net\/portal\/","logo":{"@type":"ImageObject","inLanguage":"es","@id":"https:\/\/www.eldiario.net\/portal\/#\/schema\/logo\/image\/","url":"https:\/\/www.eldiario.net\/portal\/wp-content\/uploads\/2023\/07\/logo_ED.jpg","contentUrl":"https:\/\/www.eldiario.net\/portal\/wp-content\/uploads\/2023\/07\/logo_ED.jpg","width":272,"height":52,"caption":"El Diario - Decano de la prensa nacional"},"image":{"@id":"https:\/\/www.eldiario.net\/portal\/#\/schema\/logo\/image\/"},"sameAs":["https:\/\/www.facebook.com\/eldiario.bolivia\/","https:\/\/x.com\/eldiario_net"]},{"@type":"Person","@id":"https:\/\/www.eldiario.net\/portal\/#\/schema\/person\/f46445640444750d7d753ccd04ae01b7","name":"Jeanette","image":{"@type":"ImageObject","inLanguage":"es","@id":"https:\/\/secure.gravatar.com\/avatar\/3ea2118a5f7dad2b7138b1187a6b7ee55f160b9968b66013c3a3ef39dd7e5798?s=96&d=mm&r=g","url":"https:\/\/secure.gravatar.com\/avatar\/3ea2118a5f7dad2b7138b1187a6b7ee55f160b9968b66013c3a3ef39dd7e5798?s=96&d=mm&r=g","contentUrl":"https:\/\/secure.gravatar.com\/avatar\/3ea2118a5f7dad2b7138b1187a6b7ee55f160b9968b66013c3a3ef39dd7e5798?s=96&d=mm&r=g","caption":"Jeanette"},"sameAs":["https:\/\/www.eldiario.net\/portal"],"url":"https:\/\/www.eldiario.net\/portal\/author\/jeanette\/"}]}},"_links":{"self":[{"href":"https:\/\/www.eldiario.net\/portal\/wp-json\/wp\/v2\/posts\/425879","targetHints":{"allow":["GET"]}}],"collection":[{"href":"https:\/\/www.eldiario.net\/portal\/wp-json\/wp\/v2\/posts"}],"about":[{"href":"https:\/\/www.eldiario.net\/portal\/wp-json\/wp\/v2\/types\/post"}],"author":[{"embeddable":true,"href":"https:\/\/www.eldiario.net\/portal\/wp-json\/wp\/v2\/users\/1"}],"replies":[{"embeddable":true,"href":"https:\/\/www.eldiario.net\/portal\/wp-json\/wp\/v2\/comments?post=425879"}],"version-history":[{"count":1,"href":"https:\/\/www.eldiario.net\/portal\/wp-json\/wp\/v2\/posts\/425879\/revisions"}],"predecessor-version":[{"id":425881,"href":"https:\/\/www.eldiario.net\/portal\/wp-json\/wp\/v2\/posts\/425879\/revisions\/425881"}],"wp:featuredmedia":[{"embeddable":true,"href":"https:\/\/www.eldiario.net\/portal\/wp-json\/wp\/v2\/media\/425880"}],"wp:attachment":[{"href":"https:\/\/www.eldiario.net\/portal\/wp-json\/wp\/v2\/media?parent=425879"}],"wp:term":[{"taxonomy":"category","embeddable":true,"href":"https:\/\/www.eldiario.net\/portal\/wp-json\/wp\/v2\/categories?post=425879"},{"taxonomy":"post_tag","embeddable":true,"href":"https:\/\/www.eldiario.net\/portal\/wp-json\/wp\/v2\/tags?post=425879"}],"curies":[{"name":"wp","href":"https:\/\/api.w.org\/{rel}","templated":true}]}}