{"id":424158,"date":"2026-08-24T06:16:18","date_gmt":"2026-08-24T10:16:18","guid":{"rendered":"https:\/\/www.eldiario.net\/portal\/?p=424158"},"modified":"2026-08-24T06:16:18","modified_gmt":"2026-08-24T10:16:18","slug":"la-asunta-deja-bajo-custodia-comunal-maquinaria","status":"publish","type":"post","link":"https:\/\/www.eldiario.net\/portal\/2026\/08\/24\/la-asunta-deja-bajo-custodia-comunal-maquinaria\/","title":{"rendered":"La Asunta deja bajo custodia  comunal maquinaria"},"content":{"rendered":"<p>Un cabildo en la poblaci\u00f3n de la Asunta (La Paz) decidi\u00f3 exigir la salida inmediata de actividades mineras chinas, adem\u00e1s de retener su maquinaria hasta que restituyan las aguas afectadas en el lugar, despu\u00e9s de una jornada de enfrentamientos.<br \/>\n\u201cBolivia Sin autoridades que cumplan la ley, es el pueblo que decide por sus regiones\u201d, escribi\u00f3 la periodista Claudia Soruco en su cuenta @ClauSorucopress.<br \/>\nSeg\u00fan reportes de medios de comunicaci\u00f3n en la regi\u00f3n, entre ellos FM Yungas, la Federaci\u00f3n Especial \u00danica de Trabajadores Campesinos Choquechaca-La Asunta-San Miguel de Huachi (Feutca), la Federaci\u00f3n Regional de Mujeres y juntas vecinales convocaron a la poblaci\u00f3n a concentrarse en la plaza principal de La Asunta, donde desde la noche del s\u00e1bado se mantiene una vigilia.<br \/>\nDe acuerdo con los reportes, las organizaciones trasladaron las maquinarias y volquetas desde los campamentos mineros de R\u00edo Boopi hasta la plaza principal, despu\u00e9s de los enfrentamientos registrados durante la jornada.<br \/>\nLas organizaciones denunciaron que los equipos eran utilizados para actividades mineras no autorizadas.<br \/>\nLos enfrentamientos se registraron el s\u00e1bado entre comunarios y personas que, seg\u00fan las organizaciones movilizadas, defend\u00edan la actividad minera en un campamento operado por ciudadanos chinos en r\u00edo Boopi.<br \/>\nDurante los incidentes, la secretaria de Hacienda de la Federaci\u00f3n Regional de Mujeres, Paulina Vergara, sufri\u00f3 una fractura en un brazo tras ser golpeada con piedras, inform\u00f3 FM Yungas. El actuario Edgar Limachi tambi\u00e9n result\u00f3 herido y recibi\u00f3 atenci\u00f3n m\u00e9dica.<\/p>\n","protected":false},"excerpt":{"rendered":"<p>Un cabildo en la poblaci\u00f3n de la Asunta (La Paz) decidi\u00f3 exigir la salida inmediata de actividades mineras chinas, adem\u00e1s de retener su maquinaria hasta que restituyan las aguas afectadas en el lugar, despu\u00e9s de una jornada de enfrentamientos. \u201cBolivia Sin autoridades que cumplan la ley, es el pueblo que decide por sus regiones\u201d, escribi\u00f3 [&hellip;]<\/p>\n","protected":false},"author":1,"featured_media":424159,"comment_status":"closed","ping_status":"open","sticky":false,"template":"","format":"standard","meta":{"_acf_changed":false,"footnotes":""},"categories":[12],"tags":[],"class_list":["post-424158","post","type-post","status-publish","format-standard","has-post-thumbnail","category-nacional"],"acf":{"antetitulo":""},"yoast_head":"<!-- This site is optimized with the Yoast SEO plugin v28.3 - https:\/\/yoast.com\/product\/yoast-seo-wordpress\/ -->\n<title>La Asunta deja bajo custodia comunal maquinaria - El Diario - Bolivia<\/title>\n<meta name=\"robots\" content=\"index, follow, max-snippet:-1, max-image-preview:large, max-video-preview:-1\" \/>\n<link rel=\"canonical\" href=\"https:\/\/www.eldiario.net\/portal\/2026\/08\/24\/la-asunta-deja-bajo-custodia-comunal-maquinaria\/\" \/>\n<meta property=\"og:locale\" content=\"es_ES\" \/>\n<meta property=\"og:type\" content=\"article\" \/>\n<meta property=\"og:title\" content=\"La Asunta deja bajo custodia comunal maquinaria - El Diario - Bolivia\" \/>\n<meta property=\"og:description\" content=\"Un cabildo en la poblaci\u00f3n de la Asunta (La Paz) decidi\u00f3 exigir la salida inmediata de actividades mineras chinas, adem\u00e1s de retener su maquinaria hasta que restituyan las aguas afectadas en el lugar, despu\u00e9s de una jornada de enfrentamientos. \u201cBolivia Sin autoridades que cumplan la ley, es el pueblo que decide por sus regiones\u201d, escribi\u00f3 [&hellip;]\" \/>\n<meta property=\"og:url\" content=\"https:\/\/www.eldiario.net\/portal\/2026\/08\/24\/la-asunta-deja-bajo-custodia-comunal-maquinaria\/\" \/>\n<meta property=\"og:site_name\" content=\"El Diario - Bolivia\" \/>\n<meta property=\"article:publisher\" content=\"https:\/\/www.facebook.com\/eldiario.bolivia\/\" \/>\n<meta property=\"article:published_time\" content=\"2026-08-24T10:16:18+00:00\" \/>\n<meta property=\"og:image\" content=\"https:\/\/www.eldiario.net\/portal\/wp-content\/uploads\/2026\/08\/asunta-scaled.webp\" \/>\n\t<meta property=\"og:image:width\" content=\"2560\" \/>\n\t<meta property=\"og:image:height\" content=\"1411\" \/>\n\t<meta property=\"og:image:type\" content=\"image\/webp\" \/>\n<meta name=\"author\" content=\"Jeanette\" \/>\n<meta name=\"twitter:card\" content=\"summary_large_image\" \/>\n<meta name=\"twitter:creator\" content=\"@eldiario_net\" \/>\n<meta name=\"twitter:site\" content=\"@eldiario_net\" \/>\n<meta name=\"twitter:label1\" content=\"Escrito por\" \/>\n\t<meta name=\"twitter:data1\" content=\"Jeanette\" \/>\n\t<meta name=\"twitter:label2\" content=\"Tiempo de lectura\" \/>\n\t<meta name=\"twitter:data2\" content=\"2 minutos\" \/>\n<script type=\"application\/ld+json\" class=\"yoast-schema-graph\">{\"@context\":\"https:\\\/\\\/schema.org\",\"@graph\":[{\"@type\":\"Article\",\"@id\":\"https:\\\/\\\/www.eldiario.net\\\/portal\\\/2026\\\/08\\\/24\\\/la-asunta-deja-bajo-custodia-comunal-maquinaria\\\/#article\",\"isPartOf\":{\"@id\":\"https:\\\/\\\/www.eldiario.net\\\/portal\\\/2026\\\/08\\\/24\\\/la-asunta-deja-bajo-custodia-comunal-maquinaria\\\/\"},\"author\":{\"name\":\"Jeanette\",\"@id\":\"https:\\\/\\\/www.eldiario.net\\\/portal\\\/#\\\/schema\\\/person\\\/f46445640444750d7d753ccd04ae01b7\"},\"headline\":\"La Asunta deja bajo custodia comunal maquinaria\",\"datePublished\":\"2026-08-24T10:16:18+00:00\",\"mainEntityOfPage\":{\"@id\":\"https:\\\/\\\/www.eldiario.net\\\/portal\\\/2026\\\/08\\\/24\\\/la-asunta-deja-bajo-custodia-comunal-maquinaria\\\/\"},\"wordCount\":260,\"publisher\":{\"@id\":\"https:\\\/\\\/www.eldiario.net\\\/portal\\\/#organization\"},\"image\":{\"@id\":\"https:\\\/\\\/www.eldiario.net\\\/portal\\\/2026\\\/08\\\/24\\\/la-asunta-deja-bajo-custodia-comunal-maquinaria\\\/#primaryimage\"},\"thumbnailUrl\":\"https:\\\/\\\/www.eldiario.net\\\/portal\\\/wp-content\\\/uploads\\\/2026\\\/08\\\/asunta-scaled.webp\",\"articleSection\":[\"Nacional\"],\"inLanguage\":\"es\"},{\"@type\":\"WebPage\",\"@id\":\"https:\\\/\\\/www.eldiario.net\\\/portal\\\/2026\\\/08\\\/24\\\/la-asunta-deja-bajo-custodia-comunal-maquinaria\\\/\",\"url\":\"https:\\\/\\\/www.eldiario.net\\\/portal\\\/2026\\\/08\\\/24\\\/la-asunta-deja-bajo-custodia-comunal-maquinaria\\\/\",\"name\":\"La Asunta deja bajo custodia comunal maquinaria - El Diario - Bolivia\",\"isPartOf\":{\"@id\":\"https:\\\/\\\/www.eldiario.net\\\/portal\\\/#website\"},\"primaryImageOfPage\":{\"@id\":\"https:\\\/\\\/www.eldiario.net\\\/portal\\\/2026\\\/08\\\/24\\\/la-asunta-deja-bajo-custodia-comunal-maquinaria\\\/#primaryimage\"},\"image\":{\"@id\":\"https:\\\/\\\/www.eldiario.net\\\/portal\\\/2026\\\/08\\\/24\\\/la-asunta-deja-bajo-custodia-comunal-maquinaria\\\/#primaryimage\"},\"thumbnailUrl\":\"https:\\\/\\\/www.eldiario.net\\\/portal\\\/wp-content\\\/uploads\\\/2026\\\/08\\\/asunta-scaled.webp\",\"datePublished\":\"2026-08-24T10:16:18+00:00\",\"breadcrumb\":{\"@id\":\"https:\\\/\\\/www.eldiario.net\\\/portal\\\/2026\\\/08\\\/24\\\/la-asunta-deja-bajo-custodia-comunal-maquinaria\\\/#breadcrumb\"},\"inLanguage\":\"es\",\"potentialAction\":[{\"@type\":\"ReadAction\",\"target\":[\"https:\\\/\\\/www.eldiario.net\\\/portal\\\/2026\\\/08\\\/24\\\/la-asunta-deja-bajo-custodia-comunal-maquinaria\\\/\"]}]},{\"@type\":\"ImageObject\",\"inLanguage\":\"es\",\"@id\":\"https:\\\/\\\/www.eldiario.net\\\/portal\\\/2026\\\/08\\\/24\\\/la-asunta-deja-bajo-custodia-comunal-maquinaria\\\/#primaryimage\",\"url\":\"https:\\\/\\\/www.eldiario.net\\\/portal\\\/wp-content\\\/uploads\\\/2026\\\/08\\\/asunta-scaled.webp\",\"contentUrl\":\"https:\\\/\\\/www.eldiario.net\\\/portal\\\/wp-content\\\/uploads\\\/2026\\\/08\\\/asunta-scaled.webp\",\"width\":2560,\"height\":1411,\"caption\":\"Cabildo de La Asunta.\"},{\"@type\":\"BreadcrumbList\",\"@id\":\"https:\\\/\\\/www.eldiario.net\\\/portal\\\/2026\\\/08\\\/24\\\/la-asunta-deja-bajo-custodia-comunal-maquinaria\\\/#breadcrumb\",\"itemListElement\":[{\"@type\":\"ListItem\",\"position\":1,\"name\":\"Portada\",\"item\":\"https:\\\/\\\/www.eldiario.net\\\/portal\\\/\"},{\"@type\":\"ListItem\",\"position\":2,\"name\":\"La Asunta deja bajo custodia comunal maquinaria\"}]},{\"@type\":\"WebSite\",\"@id\":\"https:\\\/\\\/www.eldiario.net\\\/portal\\\/#website\",\"url\":\"https:\\\/\\\/www.eldiario.net\\\/portal\\\/\",\"name\":\"El Diario - Decano de la prensa nacional\",\"description\":\"El Diario - Decano de la prensa nacional\",\"publisher\":{\"@id\":\"https:\\\/\\\/www.eldiario.net\\\/portal\\\/#organization\"},\"potentialAction\":[{\"@type\":\"SearchAction\",\"target\":{\"@type\":\"EntryPoint\",\"urlTemplate\":\"https:\\\/\\\/www.eldiario.net\\\/portal\\\/?s={search_term_string}\"},\"query-input\":{\"@type\":\"PropertyValueSpecification\",\"valueRequired\":true,\"valueName\":\"search_term_string\"}}],\"inLanguage\":\"es\"},{\"@type\":\"Organization\",\"@id\":\"https:\\\/\\\/www.eldiario.net\\\/portal\\\/#organization\",\"name\":\"El Diario - Decano de la prensa nacional\",\"url\":\"https:\\\/\\\/www.eldiario.net\\\/portal\\\/\",\"logo\":{\"@type\":\"ImageObject\",\"inLanguage\":\"es\",\"@id\":\"https:\\\/\\\/www.eldiario.net\\\/portal\\\/#\\\/schema\\\/logo\\\/image\\\/\",\"url\":\"https:\\\/\\\/www.eldiario.net\\\/portal\\\/wp-content\\\/uploads\\\/2023\\\/07\\\/logo_ED.jpg\",\"contentUrl\":\"https:\\\/\\\/www.eldiario.net\\\/portal\\\/wp-content\\\/uploads\\\/2023\\\/07\\\/logo_ED.jpg\",\"width\":272,\"height\":52,\"caption\":\"El Diario - Decano de la prensa nacional\"},\"image\":{\"@id\":\"https:\\\/\\\/www.eldiario.net\\\/portal\\\/#\\\/schema\\\/logo\\\/image\\\/\"},\"sameAs\":[\"https:\\\/\\\/www.facebook.com\\\/eldiario.bolivia\\\/\",\"https:\\\/\\\/x.com\\\/eldiario_net\"]},{\"@type\":\"Person\",\"@id\":\"https:\\\/\\\/www.eldiario.net\\\/portal\\\/#\\\/schema\\\/person\\\/f46445640444750d7d753ccd04ae01b7\",\"name\":\"Jeanette\",\"image\":{\"@type\":\"ImageObject\",\"inLanguage\":\"es\",\"@id\":\"https:\\\/\\\/secure.gravatar.com\\\/avatar\\\/3ea2118a5f7dad2b7138b1187a6b7ee55f160b9968b66013c3a3ef39dd7e5798?s=96&d=mm&r=g\",\"url\":\"https:\\\/\\\/secure.gravatar.com\\\/avatar\\\/3ea2118a5f7dad2b7138b1187a6b7ee55f160b9968b66013c3a3ef39dd7e5798?s=96&d=mm&r=g\",\"contentUrl\":\"https:\\\/\\\/secure.gravatar.com\\\/avatar\\\/3ea2118a5f7dad2b7138b1187a6b7ee55f160b9968b66013c3a3ef39dd7e5798?s=96&d=mm&r=g\",\"caption\":\"Jeanette\"},\"sameAs\":[\"https:\\\/\\\/www.eldiario.net\\\/portal\"],\"url\":\"https:\\\/\\\/www.eldiario.net\\\/portal\\\/author\\\/jeanette\\\/\"}]}<\/script>\n<!-- \/ Yoast SEO plugin. -->","yoast_head_json":{"title":"La Asunta deja bajo custodia comunal maquinaria - El Diario - Bolivia","robots":{"index":"index","follow":"follow","max-snippet":"max-snippet:-1","max-image-preview":"max-image-preview:large","max-video-preview":"max-video-preview:-1"},"canonical":"https:\/\/www.eldiario.net\/portal\/2026\/08\/24\/la-asunta-deja-bajo-custodia-comunal-maquinaria\/","og_locale":"es_ES","og_type":"article","og_title":"La Asunta deja bajo custodia comunal maquinaria - El Diario - Bolivia","og_description":"Un cabildo en la poblaci\u00f3n de la Asunta (La Paz) decidi\u00f3 exigir la salida inmediata de actividades mineras chinas, adem\u00e1s de retener su maquinaria hasta que restituyan las aguas afectadas en el lugar, despu\u00e9s de una jornada de enfrentamientos. \u201cBolivia Sin autoridades que cumplan la ley, es el pueblo que decide por sus regiones\u201d, escribi\u00f3 [&hellip;]","og_url":"https:\/\/www.eldiario.net\/portal\/2026\/08\/24\/la-asunta-deja-bajo-custodia-comunal-maquinaria\/","og_site_name":"El Diario - Bolivia","article_publisher":"https:\/\/www.facebook.com\/eldiario.bolivia\/","article_published_time":"2026-08-24T10:16:18+00:00","og_image":[{"width":2560,"height":1411,"url":"https:\/\/www.eldiario.net\/portal\/wp-content\/uploads\/2026\/08\/asunta-scaled.webp","type":"image\/webp"}],"author":"Jeanette","twitter_card":"summary_large_image","twitter_creator":"@eldiario_net","twitter_site":"@eldiario_net","twitter_misc":{"Escrito por":"Jeanette","Tiempo de lectura":"2 minutos"},"schema":{"@context":"https:\/\/schema.org","@graph":[{"@type":"Article","@id":"https:\/\/www.eldiario.net\/portal\/2026\/08\/24\/la-asunta-deja-bajo-custodia-comunal-maquinaria\/#article","isPartOf":{"@id":"https:\/\/www.eldiario.net\/portal\/2026\/08\/24\/la-asunta-deja-bajo-custodia-comunal-maquinaria\/"},"author":{"name":"Jeanette","@id":"https:\/\/www.eldiario.net\/portal\/#\/schema\/person\/f46445640444750d7d753ccd04ae01b7"},"headline":"La Asunta deja bajo custodia comunal maquinaria","datePublished":"2026-08-24T10:16:18+00:00","mainEntityOfPage":{"@id":"https:\/\/www.eldiario.net\/portal\/2026\/08\/24\/la-asunta-deja-bajo-custodia-comunal-maquinaria\/"},"wordCount":260,"publisher":{"@id":"https:\/\/www.eldiario.net\/portal\/#organization"},"image":{"@id":"https:\/\/www.eldiario.net\/portal\/2026\/08\/24\/la-asunta-deja-bajo-custodia-comunal-maquinaria\/#primaryimage"},"thumbnailUrl":"https:\/\/www.eldiario.net\/portal\/wp-content\/uploads\/2026\/08\/asunta-scaled.webp","articleSection":["Nacional"],"inLanguage":"es"},{"@type":"WebPage","@id":"https:\/\/www.eldiario.net\/portal\/2026\/08\/24\/la-asunta-deja-bajo-custodia-comunal-maquinaria\/","url":"https:\/\/www.eldiario.net\/portal\/2026\/08\/24\/la-asunta-deja-bajo-custodia-comunal-maquinaria\/","name":"La Asunta deja bajo custodia comunal maquinaria - El Diario - Bolivia","isPartOf":{"@id":"https:\/\/www.eldiario.net\/portal\/#website"},"primaryImageOfPage":{"@id":"https:\/\/www.eldiario.net\/portal\/2026\/08\/24\/la-asunta-deja-bajo-custodia-comunal-maquinaria\/#primaryimage"},"image":{"@id":"https:\/\/www.eldiario.net\/portal\/2026\/08\/24\/la-asunta-deja-bajo-custodia-comunal-maquinaria\/#primaryimage"},"thumbnailUrl":"https:\/\/www.eldiario.net\/portal\/wp-content\/uploads\/2026\/08\/asunta-scaled.webp","datePublished":"2026-08-24T10:16:18+00:00","breadcrumb":{"@id":"https:\/\/www.eldiario.net\/portal\/2026\/08\/24\/la-asunta-deja-bajo-custodia-comunal-maquinaria\/#breadcrumb"},"inLanguage":"es","potentialAction":[{"@type":"ReadAction","target":["https:\/\/www.eldiario.net\/portal\/2026\/08\/24\/la-asunta-deja-bajo-custodia-comunal-maquinaria\/"]}]},{"@type":"ImageObject","inLanguage":"es","@id":"https:\/\/www.eldiario.net\/portal\/2026\/08\/24\/la-asunta-deja-bajo-custodia-comunal-maquinaria\/#primaryimage","url":"https:\/\/www.eldiario.net\/portal\/wp-content\/uploads\/2026\/08\/asunta-scaled.webp","contentUrl":"https:\/\/www.eldiario.net\/portal\/wp-content\/uploads\/2026\/08\/asunta-scaled.webp","width":2560,"height":1411,"caption":"Cabildo de La Asunta."},{"@type":"BreadcrumbList","@id":"https:\/\/www.eldiario.net\/portal\/2026\/08\/24\/la-asunta-deja-bajo-custodia-comunal-maquinaria\/#breadcrumb","itemListElement":[{"@type":"ListItem","position":1,"name":"Portada","item":"https:\/\/www.eldiario.net\/portal\/"},{"@type":"ListItem","position":2,"name":"La Asunta deja bajo custodia comunal maquinaria"}]},{"@type":"WebSite","@id":"https:\/\/www.eldiario.net\/portal\/#website","url":"https:\/\/www.eldiario.net\/portal\/","name":"El Diario - Decano de la prensa nacional","description":"El Diario - Decano de la prensa nacional","publisher":{"@id":"https:\/\/www.eldiario.net\/portal\/#organization"},"potentialAction":[{"@type":"SearchAction","target":{"@type":"EntryPoint","urlTemplate":"https:\/\/www.eldiario.net\/portal\/?s={search_term_string}"},"query-input":{"@type":"PropertyValueSpecification","valueRequired":true,"valueName":"search_term_string"}}],"inLanguage":"es"},{"@type":"Organization","@id":"https:\/\/www.eldiario.net\/portal\/#organization","name":"El Diario - Decano de la prensa nacional","url":"https:\/\/www.eldiario.net\/portal\/","logo":{"@type":"ImageObject","inLanguage":"es","@id":"https:\/\/www.eldiario.net\/portal\/#\/schema\/logo\/image\/","url":"https:\/\/www.eldiario.net\/portal\/wp-content\/uploads\/2023\/07\/logo_ED.jpg","contentUrl":"https:\/\/www.eldiario.net\/portal\/wp-content\/uploads\/2023\/07\/logo_ED.jpg","width":272,"height":52,"caption":"El Diario - Decano de la prensa nacional"},"image":{"@id":"https:\/\/www.eldiario.net\/portal\/#\/schema\/logo\/image\/"},"sameAs":["https:\/\/www.facebook.com\/eldiario.bolivia\/","https:\/\/x.com\/eldiario_net"]},{"@type":"Person","@id":"https:\/\/www.eldiario.net\/portal\/#\/schema\/person\/f46445640444750d7d753ccd04ae01b7","name":"Jeanette","image":{"@type":"ImageObject","inLanguage":"es","@id":"https:\/\/secure.gravatar.com\/avatar\/3ea2118a5f7dad2b7138b1187a6b7ee55f160b9968b66013c3a3ef39dd7e5798?s=96&d=mm&r=g","url":"https:\/\/secure.gravatar.com\/avatar\/3ea2118a5f7dad2b7138b1187a6b7ee55f160b9968b66013c3a3ef39dd7e5798?s=96&d=mm&r=g","contentUrl":"https:\/\/secure.gravatar.com\/avatar\/3ea2118a5f7dad2b7138b1187a6b7ee55f160b9968b66013c3a3ef39dd7e5798?s=96&d=mm&r=g","caption":"Jeanette"},"sameAs":["https:\/\/www.eldiario.net\/portal"],"url":"https:\/\/www.eldiario.net\/portal\/author\/jeanette\/"}]}},"_links":{"self":[{"href":"https:\/\/www.eldiario.net\/portal\/wp-json\/wp\/v2\/posts\/424158","targetHints":{"allow":["GET"]}}],"collection":[{"href":"https:\/\/www.eldiario.net\/portal\/wp-json\/wp\/v2\/posts"}],"about":[{"href":"https:\/\/www.eldiario.net\/portal\/wp-json\/wp\/v2\/types\/post"}],"author":[{"embeddable":true,"href":"https:\/\/www.eldiario.net\/portal\/wp-json\/wp\/v2\/users\/1"}],"replies":[{"embeddable":true,"href":"https:\/\/www.eldiario.net\/portal\/wp-json\/wp\/v2\/comments?post=424158"}],"version-history":[{"count":1,"href":"https:\/\/www.eldiario.net\/portal\/wp-json\/wp\/v2\/posts\/424158\/revisions"}],"predecessor-version":[{"id":424160,"href":"https:\/\/www.eldiario.net\/portal\/wp-json\/wp\/v2\/posts\/424158\/revisions\/424160"}],"wp:featuredmedia":[{"embeddable":true,"href":"https:\/\/www.eldiario.net\/portal\/wp-json\/wp\/v2\/media\/424159"}],"wp:attachment":[{"href":"https:\/\/www.eldiario.net\/portal\/wp-json\/wp\/v2\/media?parent=424158"}],"wp:term":[{"taxonomy":"category","embeddable":true,"href":"https:\/\/www.eldiario.net\/portal\/wp-json\/wp\/v2\/categories?post=424158"},{"taxonomy":"post_tag","embeddable":true,"href":"https:\/\/www.eldiario.net\/portal\/wp-json\/wp\/v2\/tags?post=424158"}],"curies":[{"name":"wp","href":"https:\/\/api.w.org\/{rel}","templated":true}]}}