{"id":424155,"date":"2026-08-24T06:15:10","date_gmt":"2026-08-24T10:15:10","guid":{"rendered":"https:\/\/www.eldiario.net\/portal\/?p=424155"},"modified":"2026-08-24T06:15:10","modified_gmt":"2026-08-24T10:15:10","slug":"fuertes-vientos-derriban-escenario-de-la-fexpo-cam-turco-2026","status":"publish","type":"post","link":"https:\/\/www.eldiario.net\/portal\/2026\/08\/24\/fuertes-vientos-derriban-escenario-de-la-fexpo-cam-turco-2026\/","title":{"rendered":"Fuertes vientos derriban escenario de la Fexpo CAM Turco 2026"},"content":{"rendered":"<p>Los fuertes vientos registrados ayer provocaron la ca\u00edda de un escenario instalado para la Fexpo CAM Turco 2026, en el municipio de Turco, departamento de Oruro, donde se desarrollaba una feria productiva y cultural.<br \/>\nSeg\u00fan informaci\u00f3n preliminar, difundida en redes sociales por Norma Mollo, la estructura cedi\u00f3 debido a las condiciones clim\u00e1ticas adversas registradas en la regi\u00f3n. Hasta el momento no se reportaron oficialmente personas heridas ni se estableci\u00f3 la magnitud de los da\u00f1os materiales.<br \/>\nLa actividad ferial re\u00fane a productores y visitantes, con la exposici\u00f3n de ganado cam\u00e9lido, productos gastron\u00f3micos y otras expresiones culturales de las comunidades de la regi\u00f3n.<br \/>\nEl incidente se registr\u00f3 en una jornada en la que el Servicio Nacional de Meteorolog\u00eda e Hidrolog\u00eda (Senamhi) emiti\u00f3 una alerta de prioridad naranja por vientos moderados, temporalmente fuertes, para cuatro departamentos: La Paz, Oruro, Potos\u00ed y Tarija.<br \/>\nEl aviso meteorol\u00f3gico establece que los vientos tendr\u00e1n velocidades de entre 30 y 50 kil\u00f3metros por hora en sectores de La Paz y de entre 40 y 70 kil\u00f3metros por hora en zonas de Oruro, Potos\u00ed y Tarija.<br \/>\nAnte esas condiciones, se recomienda a la poblaci\u00f3n tomar las previsiones necesarias, principalmente en actividades al aire libre y ante la presencia de estructuras susceptibles a los efectos de los fuertes vientos.<br \/>\nAyer, en la ciudad de El Alto se registraron vientos fuertes, y el clima nublado.<br \/>\nEl fr\u00edo permanece en ambas ciudades, y se espera que hasta finales de mes la situaci\u00f3n cambie, aunque el fen\u00f3meno de El Ni\u00f1o complica la situaci\u00f3n del clima en el pa\u00eds y en la regi\u00f3n.<\/p>\n","protected":false},"excerpt":{"rendered":"<p>Los fuertes vientos registrados ayer provocaron la ca\u00edda de un escenario instalado para la Fexpo CAM Turco 2026, en el municipio de Turco, departamento de Oruro, donde se desarrollaba una feria productiva y cultural. Seg\u00fan informaci\u00f3n preliminar, difundida en redes sociales por Norma Mollo, la estructura cedi\u00f3 debido a las condiciones clim\u00e1ticas adversas registradas en [&hellip;]<\/p>\n","protected":false},"author":1,"featured_media":424156,"comment_status":"closed","ping_status":"open","sticky":false,"template":"","format":"standard","meta":{"_acf_changed":false,"footnotes":""},"categories":[12],"tags":[],"class_list":["post-424155","post","type-post","status-publish","format-standard","has-post-thumbnail","category-nacional"],"acf":{"antetitulo":"Oruro"},"yoast_head":"<!-- This site is optimized with the Yoast SEO plugin v28.3 - https:\/\/yoast.com\/product\/yoast-seo-wordpress\/ -->\n<title>Fuertes vientos derriban escenario de la Fexpo CAM Turco 2026 - El Diario - Bolivia<\/title>\n<meta name=\"robots\" content=\"index, follow, max-snippet:-1, max-image-preview:large, max-video-preview:-1\" \/>\n<link rel=\"canonical\" href=\"https:\/\/www.eldiario.net\/portal\/2026\/08\/24\/fuertes-vientos-derriban-escenario-de-la-fexpo-cam-turco-2026\/\" \/>\n<meta property=\"og:locale\" content=\"es_ES\" \/>\n<meta property=\"og:type\" content=\"article\" \/>\n<meta property=\"og:title\" content=\"Fuertes vientos derriban escenario de la Fexpo CAM Turco 2026 - El Diario - Bolivia\" \/>\n<meta property=\"og:description\" content=\"Los fuertes vientos registrados ayer provocaron la ca\u00edda de un escenario instalado para la Fexpo CAM Turco 2026, en el municipio de Turco, departamento de Oruro, donde se desarrollaba una feria productiva y cultural. Seg\u00fan informaci\u00f3n preliminar, difundida en redes sociales por Norma Mollo, la estructura cedi\u00f3 debido a las condiciones clim\u00e1ticas adversas registradas en [&hellip;]\" \/>\n<meta property=\"og:url\" content=\"https:\/\/www.eldiario.net\/portal\/2026\/08\/24\/fuertes-vientos-derriban-escenario-de-la-fexpo-cam-turco-2026\/\" \/>\n<meta property=\"og:site_name\" content=\"El Diario - Bolivia\" \/>\n<meta property=\"article:publisher\" content=\"https:\/\/www.facebook.com\/eldiario.bolivia\/\" \/>\n<meta property=\"article:published_time\" content=\"2026-08-24T10:15:10+00:00\" \/>\n<meta property=\"og:image\" content=\"https:\/\/www.eldiario.net\/portal\/wp-content\/uploads\/2026\/08\/viento.webp\" \/>\n\t<meta property=\"og:image:width\" content=\"718\" \/>\n\t<meta property=\"og:image:height\" content=\"734\" \/>\n\t<meta property=\"og:image:type\" content=\"image\/webp\" \/>\n<meta name=\"author\" content=\"Jeanette\" \/>\n<meta name=\"twitter:card\" content=\"summary_large_image\" \/>\n<meta name=\"twitter:creator\" content=\"@eldiario_net\" \/>\n<meta name=\"twitter:site\" content=\"@eldiario_net\" \/>\n<meta name=\"twitter:label1\" content=\"Escrito por\" \/>\n\t<meta name=\"twitter:data1\" content=\"Jeanette\" \/>\n\t<meta name=\"twitter:label2\" content=\"Tiempo de lectura\" \/>\n\t<meta name=\"twitter:data2\" content=\"2 minutos\" \/>\n<script type=\"application\/ld+json\" class=\"yoast-schema-graph\">{\"@context\":\"https:\\\/\\\/schema.org\",\"@graph\":[{\"@type\":\"Article\",\"@id\":\"https:\\\/\\\/www.eldiario.net\\\/portal\\\/2026\\\/08\\\/24\\\/fuertes-vientos-derriban-escenario-de-la-fexpo-cam-turco-2026\\\/#article\",\"isPartOf\":{\"@id\":\"https:\\\/\\\/www.eldiario.net\\\/portal\\\/2026\\\/08\\\/24\\\/fuertes-vientos-derriban-escenario-de-la-fexpo-cam-turco-2026\\\/\"},\"author\":{\"name\":\"Jeanette\",\"@id\":\"https:\\\/\\\/www.eldiario.net\\\/portal\\\/#\\\/schema\\\/person\\\/f46445640444750d7d753ccd04ae01b7\"},\"headline\":\"Fuertes vientos derriban escenario de la Fexpo CAM Turco 2026\",\"datePublished\":\"2026-08-24T10:15:10+00:00\",\"mainEntityOfPage\":{\"@id\":\"https:\\\/\\\/www.eldiario.net\\\/portal\\\/2026\\\/08\\\/24\\\/fuertes-vientos-derriban-escenario-de-la-fexpo-cam-turco-2026\\\/\"},\"wordCount\":288,\"publisher\":{\"@id\":\"https:\\\/\\\/www.eldiario.net\\\/portal\\\/#organization\"},\"image\":{\"@id\":\"https:\\\/\\\/www.eldiario.net\\\/portal\\\/2026\\\/08\\\/24\\\/fuertes-vientos-derriban-escenario-de-la-fexpo-cam-turco-2026\\\/#primaryimage\"},\"thumbnailUrl\":\"https:\\\/\\\/www.eldiario.net\\\/portal\\\/wp-content\\\/uploads\\\/2026\\\/08\\\/viento.webp\",\"articleSection\":[\"Nacional\"],\"inLanguage\":\"es\"},{\"@type\":\"WebPage\",\"@id\":\"https:\\\/\\\/www.eldiario.net\\\/portal\\\/2026\\\/08\\\/24\\\/fuertes-vientos-derriban-escenario-de-la-fexpo-cam-turco-2026\\\/\",\"url\":\"https:\\\/\\\/www.eldiario.net\\\/portal\\\/2026\\\/08\\\/24\\\/fuertes-vientos-derriban-escenario-de-la-fexpo-cam-turco-2026\\\/\",\"name\":\"Fuertes vientos derriban escenario de la Fexpo CAM Turco 2026 - El Diario - Bolivia\",\"isPartOf\":{\"@id\":\"https:\\\/\\\/www.eldiario.net\\\/portal\\\/#website\"},\"primaryImageOfPage\":{\"@id\":\"https:\\\/\\\/www.eldiario.net\\\/portal\\\/2026\\\/08\\\/24\\\/fuertes-vientos-derriban-escenario-de-la-fexpo-cam-turco-2026\\\/#primaryimage\"},\"image\":{\"@id\":\"https:\\\/\\\/www.eldiario.net\\\/portal\\\/2026\\\/08\\\/24\\\/fuertes-vientos-derriban-escenario-de-la-fexpo-cam-turco-2026\\\/#primaryimage\"},\"thumbnailUrl\":\"https:\\\/\\\/www.eldiario.net\\\/portal\\\/wp-content\\\/uploads\\\/2026\\\/08\\\/viento.webp\",\"datePublished\":\"2026-08-24T10:15:10+00:00\",\"breadcrumb\":{\"@id\":\"https:\\\/\\\/www.eldiario.net\\\/portal\\\/2026\\\/08\\\/24\\\/fuertes-vientos-derriban-escenario-de-la-fexpo-cam-turco-2026\\\/#breadcrumb\"},\"inLanguage\":\"es\",\"potentialAction\":[{\"@type\":\"ReadAction\",\"target\":[\"https:\\\/\\\/www.eldiario.net\\\/portal\\\/2026\\\/08\\\/24\\\/fuertes-vientos-derriban-escenario-de-la-fexpo-cam-turco-2026\\\/\"]}]},{\"@type\":\"ImageObject\",\"inLanguage\":\"es\",\"@id\":\"https:\\\/\\\/www.eldiario.net\\\/portal\\\/2026\\\/08\\\/24\\\/fuertes-vientos-derriban-escenario-de-la-fexpo-cam-turco-2026\\\/#primaryimage\",\"url\":\"https:\\\/\\\/www.eldiario.net\\\/portal\\\/wp-content\\\/uploads\\\/2026\\\/08\\\/viento.webp\",\"contentUrl\":\"https:\\\/\\\/www.eldiario.net\\\/portal\\\/wp-content\\\/uploads\\\/2026\\\/08\\\/viento.webp\",\"width\":718,\"height\":734,\"caption\":\"Im\u00e1genes del escenario destruido.\"},{\"@type\":\"BreadcrumbList\",\"@id\":\"https:\\\/\\\/www.eldiario.net\\\/portal\\\/2026\\\/08\\\/24\\\/fuertes-vientos-derriban-escenario-de-la-fexpo-cam-turco-2026\\\/#breadcrumb\",\"itemListElement\":[{\"@type\":\"ListItem\",\"position\":1,\"name\":\"Portada\",\"item\":\"https:\\\/\\\/www.eldiario.net\\\/portal\\\/\"},{\"@type\":\"ListItem\",\"position\":2,\"name\":\"Fuertes vientos derriban escenario de la Fexpo CAM Turco 2026\"}]},{\"@type\":\"WebSite\",\"@id\":\"https:\\\/\\\/www.eldiario.net\\\/portal\\\/#website\",\"url\":\"https:\\\/\\\/www.eldiario.net\\\/portal\\\/\",\"name\":\"El Diario - Decano de la prensa nacional\",\"description\":\"El Diario - Decano de la prensa nacional\",\"publisher\":{\"@id\":\"https:\\\/\\\/www.eldiario.net\\\/portal\\\/#organization\"},\"potentialAction\":[{\"@type\":\"SearchAction\",\"target\":{\"@type\":\"EntryPoint\",\"urlTemplate\":\"https:\\\/\\\/www.eldiario.net\\\/portal\\\/?s={search_term_string}\"},\"query-input\":{\"@type\":\"PropertyValueSpecification\",\"valueRequired\":true,\"valueName\":\"search_term_string\"}}],\"inLanguage\":\"es\"},{\"@type\":\"Organization\",\"@id\":\"https:\\\/\\\/www.eldiario.net\\\/portal\\\/#organization\",\"name\":\"El Diario - Decano de la prensa nacional\",\"url\":\"https:\\\/\\\/www.eldiario.net\\\/portal\\\/\",\"logo\":{\"@type\":\"ImageObject\",\"inLanguage\":\"es\",\"@id\":\"https:\\\/\\\/www.eldiario.net\\\/portal\\\/#\\\/schema\\\/logo\\\/image\\\/\",\"url\":\"https:\\\/\\\/www.eldiario.net\\\/portal\\\/wp-content\\\/uploads\\\/2023\\\/07\\\/logo_ED.jpg\",\"contentUrl\":\"https:\\\/\\\/www.eldiario.net\\\/portal\\\/wp-content\\\/uploads\\\/2023\\\/07\\\/logo_ED.jpg\",\"width\":272,\"height\":52,\"caption\":\"El Diario - Decano de la prensa nacional\"},\"image\":{\"@id\":\"https:\\\/\\\/www.eldiario.net\\\/portal\\\/#\\\/schema\\\/logo\\\/image\\\/\"},\"sameAs\":[\"https:\\\/\\\/www.facebook.com\\\/eldiario.bolivia\\\/\",\"https:\\\/\\\/x.com\\\/eldiario_net\"]},{\"@type\":\"Person\",\"@id\":\"https:\\\/\\\/www.eldiario.net\\\/portal\\\/#\\\/schema\\\/person\\\/f46445640444750d7d753ccd04ae01b7\",\"name\":\"Jeanette\",\"image\":{\"@type\":\"ImageObject\",\"inLanguage\":\"es\",\"@id\":\"https:\\\/\\\/secure.gravatar.com\\\/avatar\\\/3ea2118a5f7dad2b7138b1187a6b7ee55f160b9968b66013c3a3ef39dd7e5798?s=96&d=mm&r=g\",\"url\":\"https:\\\/\\\/secure.gravatar.com\\\/avatar\\\/3ea2118a5f7dad2b7138b1187a6b7ee55f160b9968b66013c3a3ef39dd7e5798?s=96&d=mm&r=g\",\"contentUrl\":\"https:\\\/\\\/secure.gravatar.com\\\/avatar\\\/3ea2118a5f7dad2b7138b1187a6b7ee55f160b9968b66013c3a3ef39dd7e5798?s=96&d=mm&r=g\",\"caption\":\"Jeanette\"},\"sameAs\":[\"https:\\\/\\\/www.eldiario.net\\\/portal\"],\"url\":\"https:\\\/\\\/www.eldiario.net\\\/portal\\\/author\\\/jeanette\\\/\"}]}<\/script>\n<!-- \/ Yoast SEO plugin. -->","yoast_head_json":{"title":"Fuertes vientos derriban escenario de la Fexpo CAM Turco 2026 - El Diario - Bolivia","robots":{"index":"index","follow":"follow","max-snippet":"max-snippet:-1","max-image-preview":"max-image-preview:large","max-video-preview":"max-video-preview:-1"},"canonical":"https:\/\/www.eldiario.net\/portal\/2026\/08\/24\/fuertes-vientos-derriban-escenario-de-la-fexpo-cam-turco-2026\/","og_locale":"es_ES","og_type":"article","og_title":"Fuertes vientos derriban escenario de la Fexpo CAM Turco 2026 - El Diario - Bolivia","og_description":"Los fuertes vientos registrados ayer provocaron la ca\u00edda de un escenario instalado para la Fexpo CAM Turco 2026, en el municipio de Turco, departamento de Oruro, donde se desarrollaba una feria productiva y cultural. Seg\u00fan informaci\u00f3n preliminar, difundida en redes sociales por Norma Mollo, la estructura cedi\u00f3 debido a las condiciones clim\u00e1ticas adversas registradas en [&hellip;]","og_url":"https:\/\/www.eldiario.net\/portal\/2026\/08\/24\/fuertes-vientos-derriban-escenario-de-la-fexpo-cam-turco-2026\/","og_site_name":"El Diario - Bolivia","article_publisher":"https:\/\/www.facebook.com\/eldiario.bolivia\/","article_published_time":"2026-08-24T10:15:10+00:00","og_image":[{"width":718,"height":734,"url":"https:\/\/www.eldiario.net\/portal\/wp-content\/uploads\/2026\/08\/viento.webp","type":"image\/webp"}],"author":"Jeanette","twitter_card":"summary_large_image","twitter_creator":"@eldiario_net","twitter_site":"@eldiario_net","twitter_misc":{"Escrito por":"Jeanette","Tiempo de lectura":"2 minutos"},"schema":{"@context":"https:\/\/schema.org","@graph":[{"@type":"Article","@id":"https:\/\/www.eldiario.net\/portal\/2026\/08\/24\/fuertes-vientos-derriban-escenario-de-la-fexpo-cam-turco-2026\/#article","isPartOf":{"@id":"https:\/\/www.eldiario.net\/portal\/2026\/08\/24\/fuertes-vientos-derriban-escenario-de-la-fexpo-cam-turco-2026\/"},"author":{"name":"Jeanette","@id":"https:\/\/www.eldiario.net\/portal\/#\/schema\/person\/f46445640444750d7d753ccd04ae01b7"},"headline":"Fuertes vientos derriban escenario de la Fexpo CAM Turco 2026","datePublished":"2026-08-24T10:15:10+00:00","mainEntityOfPage":{"@id":"https:\/\/www.eldiario.net\/portal\/2026\/08\/24\/fuertes-vientos-derriban-escenario-de-la-fexpo-cam-turco-2026\/"},"wordCount":288,"publisher":{"@id":"https:\/\/www.eldiario.net\/portal\/#organization"},"image":{"@id":"https:\/\/www.eldiario.net\/portal\/2026\/08\/24\/fuertes-vientos-derriban-escenario-de-la-fexpo-cam-turco-2026\/#primaryimage"},"thumbnailUrl":"https:\/\/www.eldiario.net\/portal\/wp-content\/uploads\/2026\/08\/viento.webp","articleSection":["Nacional"],"inLanguage":"es"},{"@type":"WebPage","@id":"https:\/\/www.eldiario.net\/portal\/2026\/08\/24\/fuertes-vientos-derriban-escenario-de-la-fexpo-cam-turco-2026\/","url":"https:\/\/www.eldiario.net\/portal\/2026\/08\/24\/fuertes-vientos-derriban-escenario-de-la-fexpo-cam-turco-2026\/","name":"Fuertes vientos derriban escenario de la Fexpo CAM Turco 2026 - El Diario - Bolivia","isPartOf":{"@id":"https:\/\/www.eldiario.net\/portal\/#website"},"primaryImageOfPage":{"@id":"https:\/\/www.eldiario.net\/portal\/2026\/08\/24\/fuertes-vientos-derriban-escenario-de-la-fexpo-cam-turco-2026\/#primaryimage"},"image":{"@id":"https:\/\/www.eldiario.net\/portal\/2026\/08\/24\/fuertes-vientos-derriban-escenario-de-la-fexpo-cam-turco-2026\/#primaryimage"},"thumbnailUrl":"https:\/\/www.eldiario.net\/portal\/wp-content\/uploads\/2026\/08\/viento.webp","datePublished":"2026-08-24T10:15:10+00:00","breadcrumb":{"@id":"https:\/\/www.eldiario.net\/portal\/2026\/08\/24\/fuertes-vientos-derriban-escenario-de-la-fexpo-cam-turco-2026\/#breadcrumb"},"inLanguage":"es","potentialAction":[{"@type":"ReadAction","target":["https:\/\/www.eldiario.net\/portal\/2026\/08\/24\/fuertes-vientos-derriban-escenario-de-la-fexpo-cam-turco-2026\/"]}]},{"@type":"ImageObject","inLanguage":"es","@id":"https:\/\/www.eldiario.net\/portal\/2026\/08\/24\/fuertes-vientos-derriban-escenario-de-la-fexpo-cam-turco-2026\/#primaryimage","url":"https:\/\/www.eldiario.net\/portal\/wp-content\/uploads\/2026\/08\/viento.webp","contentUrl":"https:\/\/www.eldiario.net\/portal\/wp-content\/uploads\/2026\/08\/viento.webp","width":718,"height":734,"caption":"Im\u00e1genes del escenario destruido."},{"@type":"BreadcrumbList","@id":"https:\/\/www.eldiario.net\/portal\/2026\/08\/24\/fuertes-vientos-derriban-escenario-de-la-fexpo-cam-turco-2026\/#breadcrumb","itemListElement":[{"@type":"ListItem","position":1,"name":"Portada","item":"https:\/\/www.eldiario.net\/portal\/"},{"@type":"ListItem","position":2,"name":"Fuertes vientos derriban escenario de la Fexpo CAM Turco 2026"}]},{"@type":"WebSite","@id":"https:\/\/www.eldiario.net\/portal\/#website","url":"https:\/\/www.eldiario.net\/portal\/","name":"El Diario - Decano de la prensa nacional","description":"El Diario - Decano de la prensa nacional","publisher":{"@id":"https:\/\/www.eldiario.net\/portal\/#organization"},"potentialAction":[{"@type":"SearchAction","target":{"@type":"EntryPoint","urlTemplate":"https:\/\/www.eldiario.net\/portal\/?s={search_term_string}"},"query-input":{"@type":"PropertyValueSpecification","valueRequired":true,"valueName":"search_term_string"}}],"inLanguage":"es"},{"@type":"Organization","@id":"https:\/\/www.eldiario.net\/portal\/#organization","name":"El Diario - Decano de la prensa nacional","url":"https:\/\/www.eldiario.net\/portal\/","logo":{"@type":"ImageObject","inLanguage":"es","@id":"https:\/\/www.eldiario.net\/portal\/#\/schema\/logo\/image\/","url":"https:\/\/www.eldiario.net\/portal\/wp-content\/uploads\/2023\/07\/logo_ED.jpg","contentUrl":"https:\/\/www.eldiario.net\/portal\/wp-content\/uploads\/2023\/07\/logo_ED.jpg","width":272,"height":52,"caption":"El Diario - Decano de la prensa nacional"},"image":{"@id":"https:\/\/www.eldiario.net\/portal\/#\/schema\/logo\/image\/"},"sameAs":["https:\/\/www.facebook.com\/eldiario.bolivia\/","https:\/\/x.com\/eldiario_net"]},{"@type":"Person","@id":"https:\/\/www.eldiario.net\/portal\/#\/schema\/person\/f46445640444750d7d753ccd04ae01b7","name":"Jeanette","image":{"@type":"ImageObject","inLanguage":"es","@id":"https:\/\/secure.gravatar.com\/avatar\/3ea2118a5f7dad2b7138b1187a6b7ee55f160b9968b66013c3a3ef39dd7e5798?s=96&d=mm&r=g","url":"https:\/\/secure.gravatar.com\/avatar\/3ea2118a5f7dad2b7138b1187a6b7ee55f160b9968b66013c3a3ef39dd7e5798?s=96&d=mm&r=g","contentUrl":"https:\/\/secure.gravatar.com\/avatar\/3ea2118a5f7dad2b7138b1187a6b7ee55f160b9968b66013c3a3ef39dd7e5798?s=96&d=mm&r=g","caption":"Jeanette"},"sameAs":["https:\/\/www.eldiario.net\/portal"],"url":"https:\/\/www.eldiario.net\/portal\/author\/jeanette\/"}]}},"_links":{"self":[{"href":"https:\/\/www.eldiario.net\/portal\/wp-json\/wp\/v2\/posts\/424155","targetHints":{"allow":["GET"]}}],"collection":[{"href":"https:\/\/www.eldiario.net\/portal\/wp-json\/wp\/v2\/posts"}],"about":[{"href":"https:\/\/www.eldiario.net\/portal\/wp-json\/wp\/v2\/types\/post"}],"author":[{"embeddable":true,"href":"https:\/\/www.eldiario.net\/portal\/wp-json\/wp\/v2\/users\/1"}],"replies":[{"embeddable":true,"href":"https:\/\/www.eldiario.net\/portal\/wp-json\/wp\/v2\/comments?post=424155"}],"version-history":[{"count":1,"href":"https:\/\/www.eldiario.net\/portal\/wp-json\/wp\/v2\/posts\/424155\/revisions"}],"predecessor-version":[{"id":424157,"href":"https:\/\/www.eldiario.net\/portal\/wp-json\/wp\/v2\/posts\/424155\/revisions\/424157"}],"wp:featuredmedia":[{"embeddable":true,"href":"https:\/\/www.eldiario.net\/portal\/wp-json\/wp\/v2\/media\/424156"}],"wp:attachment":[{"href":"https:\/\/www.eldiario.net\/portal\/wp-json\/wp\/v2\/media?parent=424155"}],"wp:term":[{"taxonomy":"category","embeddable":true,"href":"https:\/\/www.eldiario.net\/portal\/wp-json\/wp\/v2\/categories?post=424155"},{"taxonomy":"post_tag","embeddable":true,"href":"https:\/\/www.eldiario.net\/portal\/wp-json\/wp\/v2\/tags?post=424155"}],"curies":[{"name":"wp","href":"https:\/\/api.w.org\/{rel}","templated":true}]}}