{"id":424151,"date":"2026-08-24T06:14:05","date_gmt":"2026-08-24T10:14:05","guid":{"rendered":"https:\/\/www.eldiario.net\/portal\/?p=424151"},"modified":"2026-08-24T06:14:05","modified_gmt":"2026-08-24T10:14:05","slug":"cuestionan-que-lara-haya-callado-supuesto-intento-de-magnicidio","status":"publish","type":"post","link":"https:\/\/www.eldiario.net\/portal\/2026\/08\/24\/cuestionan-que-lara-haya-callado-supuesto-intento-de-magnicidio\/","title":{"rendered":"Cuestionan que Lara haya callado  supuesto intento de magnicidio"},"content":{"rendered":"<p>Luego que el vicepresidente Edmand Lara se\u00f1al\u00f3 haber sido blanco de un supuesto plan para atentar contra su vida durante un viaje a Ecuador, por encargo de Fernando Cerimedo, el exdiputado Am\u00edlcar Barral cuestion\u00f3 que la segunda autoridad del Estado boliviano no haya denunciado ante las instancias competentes un intento de magnicidio.<br \/>\nEn criterio de Barral, luego de los primeros d\u00edas del esc\u00e1ndalo generado tras el atentado contra la operadora pol\u00edtica y abogada, Nadia Beller, seguido de una serie de denuncias que deben ser investigadas con celeridad, llama la atenci\u00f3n que el vicepresidente haya manifestado tener conocimiento de un tema delicado relacionado con su seguridad.<br \/>\n\u201cMe ha sorprendido escuchar al vicepresidente declarar que le avisaron que se quiso cometer un magnicidio contra su persona durante su estad\u00eda en Ecuador, lo peor es que quien supo de esto fue su mano derecha y actual principal colaborador en el Parlamento, Freddy Vidovic\u201d, dijo.<br \/>\nSeg\u00fan la versi\u00f3n de Lara, fue Nadia Beller quien supuestamente revel\u00f3 a Vidovic que Fernando Cerimedo hab\u00eda planeado un atentado contra su persona y esta informaci\u00f3n le fue revelada tras el reciente ataque contra la abogada en la ciudad de Santa Cruz de la Sierra.<br \/>\n\u201cSi el vicepresidente sab\u00eda que se quer\u00eda cometer un magnicidio contra \u00e9l \u00bfpor qu\u00e9 no denunci\u00f3 ante las autoridades si incluso sab\u00eda el nombre y apellido del responsable? \u00bfpor qu\u00e9 se ha quedado callado hasta que sali\u00f3 este otro tema?\u201d, cuestion\u00f3 Barral.<br \/>\nAsimismo, el exlegislador observ\u00f3 que el Ministerio P\u00fablico no haya iniciado una inmediata investigaci\u00f3n tras las revelaciones del vicepresidente, m\u00e1s aun cuando se involucra a una persona que ha sido el centro de un atentado con fuertes repercusiones, sobre todo pol\u00edticas.<br \/>\nPara Barral, un hecho que tambi\u00e9n llama la atenci\u00f3n es que la se\u00f1ora Beller se manifieste abierta y extensamente en redes sociales y en declaraciones a medios internacionales, no as\u00ed con autoridades de justicia que deber\u00edan tomar declaraciones oficiales a fin de acelerar los procesos investigativos, primeramente, por el intento de feminicidio de que sali\u00f3 con vida y posteriormente por las revelaciones y denuncias hechas en contra de autoridades, legisladores e incluso periodistas.<br \/>\n\u201cNo se parcialicen, de una vez vayan a tomarle sus declaraciones a Nadia Beller. Esta se\u00f1ora est\u00e1 declarando en redes sociales y con medios internacionales, pero hasta ahora nada con el Ministerio P\u00fablico\u201d, sostuvo Barral, apuntando que existen varios responsables alrededor de este hecho, de los que destacan Beller y Cerimedo.<br \/>\nSin embargo, al hablarse de un intento de magnicidio, este deja de ser un tema cualquiera y deber\u00eda pasar a ser un asunto de Estado a ser investigado con prioridad por tratarse de la vida de un vicepresidente.<br \/>\n\u201cLara y su asesor tendr\u00edan que aclarar por qu\u00e9 reci\u00e9n se habla de esta situaci\u00f3n, eso no est\u00e1 bien desde ning\u00fan punto de vista. Exijo p\u00fablicamente al Ministerio P\u00fablico investigar esa denuncia para dar con los supuestos responsables. Asimismo, desaf\u00edo al vicepresidente a denunciar formalmente este delito\u201d, finaliz\u00f3.<br \/>\nEl viernes, el vicepresidente Edmand Lara se\u00f1al\u00f3 que Fernando Cerimedo plane\u00f3 un atentado contra su vida durante un viaje a Ecuador el pasado mes de febrero, revelando que Nadia Beller, a trav\u00e9s de un asesor, le advirti\u00f3 sobre este plan.<br \/>\n\u201cYo ten\u00eda un viaje a Ecuador en el mes de febrero de este a\u00f1o, ten\u00eda una invitaci\u00f3n, uno de mis colaboradores entra a mi oficina y me dice \u2018no viajes, porque una persona cercana a Cerimedo me dijo que en Ecuador van a atentar en contra de tu vida\u2019. Yo cancel\u00e9 el viaje\u201d, afirm\u00f3 Lara en declaraciones al medio argentino C5N.<br \/>\nEn su relato, Lara detall\u00f3 que la identidad de quien advirti\u00f3 a su colaborador sobre el peligro para su vida, en caso de viajar a Ecuador, le fue revelada la semana pasada tras el ataque a la abogada Nadia Beller, siendo esta la persona que dio la voz de alerta en febrero pasado.<br \/>\n\u201cHace dos d\u00edas, el doctor Vidovic que es trabajador de la Vicepresidencia, me dice, quiero confesarte que la persona que me dijo que Cerimedo iba a atentar contra tu vida en Ecuador fue Nadia Beller\u201d, expres\u00f3 el vicepresidente, asegurando que no present\u00f3 una denuncia formal por no contar con las respectivas pruebas.<br \/>\nA trav\u00e9s de sus redes sociales, Beller respondi\u00f3 a las afirmaciones de Lara cuestionando los afanes de protagonismo de la autoridad. \u201cDeje de mentir Lara, eso no ocurri\u00f3. Su af\u00e1n de llamar la atenci\u00f3n es preocupante, \u00bftodo tiene que tratarse siempre de usted?\u201d, respondi\u00f3.<\/p>\n<figure id=\"attachment_424153\" aria-describedby=\"caption-attachment-424153\" style=\"width: 980px\" class=\"wp-caption alignleft\"><img loading=\"lazy\" decoding=\"async\" class=\"size-full wp-image-424153\" src=\"https:\/\/www.eldiario.net\/portal\/wp-content\/uploads\/2026\/08\/LARA.webp\" alt=\"\" width=\"980\" height=\"606\" srcset=\"https:\/\/www.eldiario.net\/portal\/wp-content\/uploads\/2026\/08\/LARA.webp 980w, https:\/\/www.eldiario.net\/portal\/wp-content\/uploads\/2026\/08\/LARA-300x186.webp 300w, https:\/\/www.eldiario.net\/portal\/wp-content\/uploads\/2026\/08\/LARA-768x475.webp 768w, https:\/\/www.eldiario.net\/portal\/wp-content\/uploads\/2026\/08\/LARA-679x420.webp 679w, https:\/\/www.eldiario.net\/portal\/wp-content\/uploads\/2026\/08\/LARA-150x93.webp 150w, https:\/\/www.eldiario.net\/portal\/wp-content\/uploads\/2026\/08\/LARA-696x430.webp 696w\" sizes=\"auto, (max-width: 980px) 100vw, 980px\" \/><figcaption id=\"caption-attachment-424153\" class=\"wp-caption-text\">El Vicepresidente de Bolivia, Edmand Lara.<\/figcaption><\/figure>\n","protected":false},"excerpt":{"rendered":"<p>Luego que el vicepresidente Edmand Lara se\u00f1al\u00f3 haber sido blanco de un supuesto plan para atentar contra su vida durante un viaje a Ecuador, por encargo de Fernando Cerimedo, el exdiputado Am\u00edlcar Barral cuestion\u00f3 que la segunda autoridad del Estado boliviano no haya denunciado ante las instancias competentes un intento de magnicidio. En criterio de [&hellip;]<\/p>\n","protected":false},"author":1,"featured_media":424152,"comment_status":"closed","ping_status":"open","sticky":false,"template":"","format":"standard","meta":{"_acf_changed":false,"footnotes":""},"categories":[39],"tags":[],"class_list":["post-424151","post","type-post","status-publish","format-standard","has-post-thumbnail","category-sociedad"],"acf":{"antetitulo":"Lo desaf\u00edan a presentar una denuncia"},"yoast_head":"<!-- This site is optimized with the Yoast SEO plugin v28.3 - https:\/\/yoast.com\/product\/yoast-seo-wordpress\/ -->\n<title>Cuestionan que Lara haya callado supuesto intento de magnicidio - El Diario - Bolivia<\/title>\n<meta name=\"robots\" content=\"index, follow, max-snippet:-1, max-image-preview:large, max-video-preview:-1\" \/>\n<link rel=\"canonical\" href=\"https:\/\/www.eldiario.net\/portal\/2026\/08\/24\/cuestionan-que-lara-haya-callado-supuesto-intento-de-magnicidio\/\" \/>\n<meta property=\"og:locale\" content=\"es_ES\" \/>\n<meta property=\"og:type\" content=\"article\" \/>\n<meta property=\"og:title\" content=\"Cuestionan que Lara haya callado supuesto intento de magnicidio - El Diario - Bolivia\" \/>\n<meta property=\"og:description\" content=\"Luego que el vicepresidente Edmand Lara se\u00f1al\u00f3 haber sido blanco de un supuesto plan para atentar contra su vida durante un viaje a Ecuador, por encargo de Fernando Cerimedo, el exdiputado Am\u00edlcar Barral cuestion\u00f3 que la segunda autoridad del Estado boliviano no haya denunciado ante las instancias competentes un intento de magnicidio. En criterio de [&hellip;]\" \/>\n<meta property=\"og:url\" content=\"https:\/\/www.eldiario.net\/portal\/2026\/08\/24\/cuestionan-que-lara-haya-callado-supuesto-intento-de-magnicidio\/\" \/>\n<meta property=\"og:site_name\" content=\"El Diario - Bolivia\" \/>\n<meta property=\"article:publisher\" content=\"https:\/\/www.facebook.com\/eldiario.bolivia\/\" \/>\n<meta property=\"article:published_time\" content=\"2026-08-24T10:14:05+00:00\" \/>\n<meta property=\"og:image\" content=\"https:\/\/www.eldiario.net\/portal\/wp-content\/uploads\/2026\/08\/BARRAL.webp\" \/>\n\t<meta property=\"og:image:width\" content=\"992\" \/>\n\t<meta property=\"og:image:height\" content=\"558\" \/>\n\t<meta property=\"og:image:type\" content=\"image\/webp\" \/>\n<meta name=\"author\" content=\"Jeanette\" \/>\n<meta name=\"twitter:card\" content=\"summary_large_image\" \/>\n<meta name=\"twitter:creator\" content=\"@eldiario_net\" \/>\n<meta name=\"twitter:site\" content=\"@eldiario_net\" \/>\n<meta name=\"twitter:label1\" content=\"Escrito por\" \/>\n\t<meta name=\"twitter:data1\" content=\"Jeanette\" \/>\n\t<meta name=\"twitter:label2\" content=\"Tiempo de lectura\" \/>\n\t<meta name=\"twitter:data2\" content=\"4 minutos\" \/>\n<script type=\"application\/ld+json\" class=\"yoast-schema-graph\">{\"@context\":\"https:\\\/\\\/schema.org\",\"@graph\":[{\"@type\":\"Article\",\"@id\":\"https:\\\/\\\/www.eldiario.net\\\/portal\\\/2026\\\/08\\\/24\\\/cuestionan-que-lara-haya-callado-supuesto-intento-de-magnicidio\\\/#article\",\"isPartOf\":{\"@id\":\"https:\\\/\\\/www.eldiario.net\\\/portal\\\/2026\\\/08\\\/24\\\/cuestionan-que-lara-haya-callado-supuesto-intento-de-magnicidio\\\/\"},\"author\":{\"name\":\"Jeanette\",\"@id\":\"https:\\\/\\\/www.eldiario.net\\\/portal\\\/#\\\/schema\\\/person\\\/f46445640444750d7d753ccd04ae01b7\"},\"headline\":\"Cuestionan que Lara haya callado supuesto intento de magnicidio\",\"datePublished\":\"2026-08-24T10:14:05+00:00\",\"mainEntityOfPage\":{\"@id\":\"https:\\\/\\\/www.eldiario.net\\\/portal\\\/2026\\\/08\\\/24\\\/cuestionan-que-lara-haya-callado-supuesto-intento-de-magnicidio\\\/\"},\"wordCount\":804,\"publisher\":{\"@id\":\"https:\\\/\\\/www.eldiario.net\\\/portal\\\/#organization\"},\"image\":{\"@id\":\"https:\\\/\\\/www.eldiario.net\\\/portal\\\/2026\\\/08\\\/24\\\/cuestionan-que-lara-haya-callado-supuesto-intento-de-magnicidio\\\/#primaryimage\"},\"thumbnailUrl\":\"https:\\\/\\\/www.eldiario.net\\\/portal\\\/wp-content\\\/uploads\\\/2026\\\/08\\\/BARRAL.webp\",\"articleSection\":[\"Sociedad - Seguridad\"],\"inLanguage\":\"es\"},{\"@type\":\"WebPage\",\"@id\":\"https:\\\/\\\/www.eldiario.net\\\/portal\\\/2026\\\/08\\\/24\\\/cuestionan-que-lara-haya-callado-supuesto-intento-de-magnicidio\\\/\",\"url\":\"https:\\\/\\\/www.eldiario.net\\\/portal\\\/2026\\\/08\\\/24\\\/cuestionan-que-lara-haya-callado-supuesto-intento-de-magnicidio\\\/\",\"name\":\"Cuestionan que Lara haya callado supuesto intento de magnicidio - El Diario - Bolivia\",\"isPartOf\":{\"@id\":\"https:\\\/\\\/www.eldiario.net\\\/portal\\\/#website\"},\"primaryImageOfPage\":{\"@id\":\"https:\\\/\\\/www.eldiario.net\\\/portal\\\/2026\\\/08\\\/24\\\/cuestionan-que-lara-haya-callado-supuesto-intento-de-magnicidio\\\/#primaryimage\"},\"image\":{\"@id\":\"https:\\\/\\\/www.eldiario.net\\\/portal\\\/2026\\\/08\\\/24\\\/cuestionan-que-lara-haya-callado-supuesto-intento-de-magnicidio\\\/#primaryimage\"},\"thumbnailUrl\":\"https:\\\/\\\/www.eldiario.net\\\/portal\\\/wp-content\\\/uploads\\\/2026\\\/08\\\/BARRAL.webp\",\"datePublished\":\"2026-08-24T10:14:05+00:00\",\"breadcrumb\":{\"@id\":\"https:\\\/\\\/www.eldiario.net\\\/portal\\\/2026\\\/08\\\/24\\\/cuestionan-que-lara-haya-callado-supuesto-intento-de-magnicidio\\\/#breadcrumb\"},\"inLanguage\":\"es\",\"potentialAction\":[{\"@type\":\"ReadAction\",\"target\":[\"https:\\\/\\\/www.eldiario.net\\\/portal\\\/2026\\\/08\\\/24\\\/cuestionan-que-lara-haya-callado-supuesto-intento-de-magnicidio\\\/\"]}]},{\"@type\":\"ImageObject\",\"inLanguage\":\"es\",\"@id\":\"https:\\\/\\\/www.eldiario.net\\\/portal\\\/2026\\\/08\\\/24\\\/cuestionan-que-lara-haya-callado-supuesto-intento-de-magnicidio\\\/#primaryimage\",\"url\":\"https:\\\/\\\/www.eldiario.net\\\/portal\\\/wp-content\\\/uploads\\\/2026\\\/08\\\/BARRAL.webp\",\"contentUrl\":\"https:\\\/\\\/www.eldiario.net\\\/portal\\\/wp-content\\\/uploads\\\/2026\\\/08\\\/BARRAL.webp\",\"width\":992,\"height\":558},{\"@type\":\"BreadcrumbList\",\"@id\":\"https:\\\/\\\/www.eldiario.net\\\/portal\\\/2026\\\/08\\\/24\\\/cuestionan-que-lara-haya-callado-supuesto-intento-de-magnicidio\\\/#breadcrumb\",\"itemListElement\":[{\"@type\":\"ListItem\",\"position\":1,\"name\":\"Portada\",\"item\":\"https:\\\/\\\/www.eldiario.net\\\/portal\\\/\"},{\"@type\":\"ListItem\",\"position\":2,\"name\":\"Cuestionan que Lara haya callado supuesto intento de magnicidio\"}]},{\"@type\":\"WebSite\",\"@id\":\"https:\\\/\\\/www.eldiario.net\\\/portal\\\/#website\",\"url\":\"https:\\\/\\\/www.eldiario.net\\\/portal\\\/\",\"name\":\"El Diario - Decano de la prensa nacional\",\"description\":\"El Diario - Decano de la prensa nacional\",\"publisher\":{\"@id\":\"https:\\\/\\\/www.eldiario.net\\\/portal\\\/#organization\"},\"potentialAction\":[{\"@type\":\"SearchAction\",\"target\":{\"@type\":\"EntryPoint\",\"urlTemplate\":\"https:\\\/\\\/www.eldiario.net\\\/portal\\\/?s={search_term_string}\"},\"query-input\":{\"@type\":\"PropertyValueSpecification\",\"valueRequired\":true,\"valueName\":\"search_term_string\"}}],\"inLanguage\":\"es\"},{\"@type\":\"Organization\",\"@id\":\"https:\\\/\\\/www.eldiario.net\\\/portal\\\/#organization\",\"name\":\"El Diario - Decano de la prensa nacional\",\"url\":\"https:\\\/\\\/www.eldiario.net\\\/portal\\\/\",\"logo\":{\"@type\":\"ImageObject\",\"inLanguage\":\"es\",\"@id\":\"https:\\\/\\\/www.eldiario.net\\\/portal\\\/#\\\/schema\\\/logo\\\/image\\\/\",\"url\":\"https:\\\/\\\/www.eldiario.net\\\/portal\\\/wp-content\\\/uploads\\\/2023\\\/07\\\/logo_ED.jpg\",\"contentUrl\":\"https:\\\/\\\/www.eldiario.net\\\/portal\\\/wp-content\\\/uploads\\\/2023\\\/07\\\/logo_ED.jpg\",\"width\":272,\"height\":52,\"caption\":\"El Diario - Decano de la prensa nacional\"},\"image\":{\"@id\":\"https:\\\/\\\/www.eldiario.net\\\/portal\\\/#\\\/schema\\\/logo\\\/image\\\/\"},\"sameAs\":[\"https:\\\/\\\/www.facebook.com\\\/eldiario.bolivia\\\/\",\"https:\\\/\\\/x.com\\\/eldiario_net\"]},{\"@type\":\"Person\",\"@id\":\"https:\\\/\\\/www.eldiario.net\\\/portal\\\/#\\\/schema\\\/person\\\/f46445640444750d7d753ccd04ae01b7\",\"name\":\"Jeanette\",\"image\":{\"@type\":\"ImageObject\",\"inLanguage\":\"es\",\"@id\":\"https:\\\/\\\/secure.gravatar.com\\\/avatar\\\/3ea2118a5f7dad2b7138b1187a6b7ee55f160b9968b66013c3a3ef39dd7e5798?s=96&d=mm&r=g\",\"url\":\"https:\\\/\\\/secure.gravatar.com\\\/avatar\\\/3ea2118a5f7dad2b7138b1187a6b7ee55f160b9968b66013c3a3ef39dd7e5798?s=96&d=mm&r=g\",\"contentUrl\":\"https:\\\/\\\/secure.gravatar.com\\\/avatar\\\/3ea2118a5f7dad2b7138b1187a6b7ee55f160b9968b66013c3a3ef39dd7e5798?s=96&d=mm&r=g\",\"caption\":\"Jeanette\"},\"sameAs\":[\"https:\\\/\\\/www.eldiario.net\\\/portal\"],\"url\":\"https:\\\/\\\/www.eldiario.net\\\/portal\\\/author\\\/jeanette\\\/\"}]}<\/script>\n<!-- \/ Yoast SEO plugin. -->","yoast_head_json":{"title":"Cuestionan que Lara haya callado supuesto intento de magnicidio - El Diario - Bolivia","robots":{"index":"index","follow":"follow","max-snippet":"max-snippet:-1","max-image-preview":"max-image-preview:large","max-video-preview":"max-video-preview:-1"},"canonical":"https:\/\/www.eldiario.net\/portal\/2026\/08\/24\/cuestionan-que-lara-haya-callado-supuesto-intento-de-magnicidio\/","og_locale":"es_ES","og_type":"article","og_title":"Cuestionan que Lara haya callado supuesto intento de magnicidio - El Diario - Bolivia","og_description":"Luego que el vicepresidente Edmand Lara se\u00f1al\u00f3 haber sido blanco de un supuesto plan para atentar contra su vida durante un viaje a Ecuador, por encargo de Fernando Cerimedo, el exdiputado Am\u00edlcar Barral cuestion\u00f3 que la segunda autoridad del Estado boliviano no haya denunciado ante las instancias competentes un intento de magnicidio. En criterio de [&hellip;]","og_url":"https:\/\/www.eldiario.net\/portal\/2026\/08\/24\/cuestionan-que-lara-haya-callado-supuesto-intento-de-magnicidio\/","og_site_name":"El Diario - Bolivia","article_publisher":"https:\/\/www.facebook.com\/eldiario.bolivia\/","article_published_time":"2026-08-24T10:14:05+00:00","og_image":[{"width":992,"height":558,"url":"https:\/\/www.eldiario.net\/portal\/wp-content\/uploads\/2026\/08\/BARRAL.webp","type":"image\/webp"}],"author":"Jeanette","twitter_card":"summary_large_image","twitter_creator":"@eldiario_net","twitter_site":"@eldiario_net","twitter_misc":{"Escrito por":"Jeanette","Tiempo de lectura":"4 minutos"},"schema":{"@context":"https:\/\/schema.org","@graph":[{"@type":"Article","@id":"https:\/\/www.eldiario.net\/portal\/2026\/08\/24\/cuestionan-que-lara-haya-callado-supuesto-intento-de-magnicidio\/#article","isPartOf":{"@id":"https:\/\/www.eldiario.net\/portal\/2026\/08\/24\/cuestionan-que-lara-haya-callado-supuesto-intento-de-magnicidio\/"},"author":{"name":"Jeanette","@id":"https:\/\/www.eldiario.net\/portal\/#\/schema\/person\/f46445640444750d7d753ccd04ae01b7"},"headline":"Cuestionan que Lara haya callado supuesto intento de magnicidio","datePublished":"2026-08-24T10:14:05+00:00","mainEntityOfPage":{"@id":"https:\/\/www.eldiario.net\/portal\/2026\/08\/24\/cuestionan-que-lara-haya-callado-supuesto-intento-de-magnicidio\/"},"wordCount":804,"publisher":{"@id":"https:\/\/www.eldiario.net\/portal\/#organization"},"image":{"@id":"https:\/\/www.eldiario.net\/portal\/2026\/08\/24\/cuestionan-que-lara-haya-callado-supuesto-intento-de-magnicidio\/#primaryimage"},"thumbnailUrl":"https:\/\/www.eldiario.net\/portal\/wp-content\/uploads\/2026\/08\/BARRAL.webp","articleSection":["Sociedad - Seguridad"],"inLanguage":"es"},{"@type":"WebPage","@id":"https:\/\/www.eldiario.net\/portal\/2026\/08\/24\/cuestionan-que-lara-haya-callado-supuesto-intento-de-magnicidio\/","url":"https:\/\/www.eldiario.net\/portal\/2026\/08\/24\/cuestionan-que-lara-haya-callado-supuesto-intento-de-magnicidio\/","name":"Cuestionan que Lara haya callado supuesto intento de magnicidio - El Diario - Bolivia","isPartOf":{"@id":"https:\/\/www.eldiario.net\/portal\/#website"},"primaryImageOfPage":{"@id":"https:\/\/www.eldiario.net\/portal\/2026\/08\/24\/cuestionan-que-lara-haya-callado-supuesto-intento-de-magnicidio\/#primaryimage"},"image":{"@id":"https:\/\/www.eldiario.net\/portal\/2026\/08\/24\/cuestionan-que-lara-haya-callado-supuesto-intento-de-magnicidio\/#primaryimage"},"thumbnailUrl":"https:\/\/www.eldiario.net\/portal\/wp-content\/uploads\/2026\/08\/BARRAL.webp","datePublished":"2026-08-24T10:14:05+00:00","breadcrumb":{"@id":"https:\/\/www.eldiario.net\/portal\/2026\/08\/24\/cuestionan-que-lara-haya-callado-supuesto-intento-de-magnicidio\/#breadcrumb"},"inLanguage":"es","potentialAction":[{"@type":"ReadAction","target":["https:\/\/www.eldiario.net\/portal\/2026\/08\/24\/cuestionan-que-lara-haya-callado-supuesto-intento-de-magnicidio\/"]}]},{"@type":"ImageObject","inLanguage":"es","@id":"https:\/\/www.eldiario.net\/portal\/2026\/08\/24\/cuestionan-que-lara-haya-callado-supuesto-intento-de-magnicidio\/#primaryimage","url":"https:\/\/www.eldiario.net\/portal\/wp-content\/uploads\/2026\/08\/BARRAL.webp","contentUrl":"https:\/\/www.eldiario.net\/portal\/wp-content\/uploads\/2026\/08\/BARRAL.webp","width":992,"height":558},{"@type":"BreadcrumbList","@id":"https:\/\/www.eldiario.net\/portal\/2026\/08\/24\/cuestionan-que-lara-haya-callado-supuesto-intento-de-magnicidio\/#breadcrumb","itemListElement":[{"@type":"ListItem","position":1,"name":"Portada","item":"https:\/\/www.eldiario.net\/portal\/"},{"@type":"ListItem","position":2,"name":"Cuestionan que Lara haya callado supuesto intento de magnicidio"}]},{"@type":"WebSite","@id":"https:\/\/www.eldiario.net\/portal\/#website","url":"https:\/\/www.eldiario.net\/portal\/","name":"El Diario - Decano de la prensa nacional","description":"El Diario - Decano de la prensa nacional","publisher":{"@id":"https:\/\/www.eldiario.net\/portal\/#organization"},"potentialAction":[{"@type":"SearchAction","target":{"@type":"EntryPoint","urlTemplate":"https:\/\/www.eldiario.net\/portal\/?s={search_term_string}"},"query-input":{"@type":"PropertyValueSpecification","valueRequired":true,"valueName":"search_term_string"}}],"inLanguage":"es"},{"@type":"Organization","@id":"https:\/\/www.eldiario.net\/portal\/#organization","name":"El Diario - Decano de la prensa nacional","url":"https:\/\/www.eldiario.net\/portal\/","logo":{"@type":"ImageObject","inLanguage":"es","@id":"https:\/\/www.eldiario.net\/portal\/#\/schema\/logo\/image\/","url":"https:\/\/www.eldiario.net\/portal\/wp-content\/uploads\/2023\/07\/logo_ED.jpg","contentUrl":"https:\/\/www.eldiario.net\/portal\/wp-content\/uploads\/2023\/07\/logo_ED.jpg","width":272,"height":52,"caption":"El Diario - Decano de la prensa nacional"},"image":{"@id":"https:\/\/www.eldiario.net\/portal\/#\/schema\/logo\/image\/"},"sameAs":["https:\/\/www.facebook.com\/eldiario.bolivia\/","https:\/\/x.com\/eldiario_net"]},{"@type":"Person","@id":"https:\/\/www.eldiario.net\/portal\/#\/schema\/person\/f46445640444750d7d753ccd04ae01b7","name":"Jeanette","image":{"@type":"ImageObject","inLanguage":"es","@id":"https:\/\/secure.gravatar.com\/avatar\/3ea2118a5f7dad2b7138b1187a6b7ee55f160b9968b66013c3a3ef39dd7e5798?s=96&d=mm&r=g","url":"https:\/\/secure.gravatar.com\/avatar\/3ea2118a5f7dad2b7138b1187a6b7ee55f160b9968b66013c3a3ef39dd7e5798?s=96&d=mm&r=g","contentUrl":"https:\/\/secure.gravatar.com\/avatar\/3ea2118a5f7dad2b7138b1187a6b7ee55f160b9968b66013c3a3ef39dd7e5798?s=96&d=mm&r=g","caption":"Jeanette"},"sameAs":["https:\/\/www.eldiario.net\/portal"],"url":"https:\/\/www.eldiario.net\/portal\/author\/jeanette\/"}]}},"_links":{"self":[{"href":"https:\/\/www.eldiario.net\/portal\/wp-json\/wp\/v2\/posts\/424151","targetHints":{"allow":["GET"]}}],"collection":[{"href":"https:\/\/www.eldiario.net\/portal\/wp-json\/wp\/v2\/posts"}],"about":[{"href":"https:\/\/www.eldiario.net\/portal\/wp-json\/wp\/v2\/types\/post"}],"author":[{"embeddable":true,"href":"https:\/\/www.eldiario.net\/portal\/wp-json\/wp\/v2\/users\/1"}],"replies":[{"embeddable":true,"href":"https:\/\/www.eldiario.net\/portal\/wp-json\/wp\/v2\/comments?post=424151"}],"version-history":[{"count":1,"href":"https:\/\/www.eldiario.net\/portal\/wp-json\/wp\/v2\/posts\/424151\/revisions"}],"predecessor-version":[{"id":424154,"href":"https:\/\/www.eldiario.net\/portal\/wp-json\/wp\/v2\/posts\/424151\/revisions\/424154"}],"wp:featuredmedia":[{"embeddable":true,"href":"https:\/\/www.eldiario.net\/portal\/wp-json\/wp\/v2\/media\/424152"}],"wp:attachment":[{"href":"https:\/\/www.eldiario.net\/portal\/wp-json\/wp\/v2\/media?parent=424151"}],"wp:term":[{"taxonomy":"category","embeddable":true,"href":"https:\/\/www.eldiario.net\/portal\/wp-json\/wp\/v2\/categories?post=424151"},{"taxonomy":"post_tag","embeddable":true,"href":"https:\/\/www.eldiario.net\/portal\/wp-json\/wp\/v2\/tags?post=424151"}],"curies":[{"name":"wp","href":"https:\/\/api.w.org\/{rel}","templated":true}]}}