{"id":424046,"date":"2026-08-24T00:05:30","date_gmt":"2026-08-24T04:05:30","guid":{"rendered":"https:\/\/www.eldiario.net\/portal\/?p=424046"},"modified":"2026-08-23T19:07:09","modified_gmt":"2026-08-23T23:07:09","slug":"samsung-se-alia-con-activision-para-potenciar-call-of-duty-modern-warfare-4","status":"publish","type":"post","link":"https:\/\/www.eldiario.net\/portal\/2026\/08\/24\/samsung-se-alia-con-activision-para-potenciar-call-of-duty-modern-warfare-4\/","title":{"rendered":"Samsung se al\u00eda con Activision para potenciar Call of Duty: Modern Warfare 4"},"content":{"rendered":"<p>Samsung ha anunciado una alianza estrat\u00e9gica con Activision para que sus monitores, pantallas y barras de sonido sean los dispositivos oficiales del nuevo <em>Call of Duty: Modern Warfare 4<\/em>. La compa\u00f1\u00eda no se limita a incluir dise\u00f1os o calcoman\u00edas del t\u00edtulo, sino que busca posicionar sus productos como la mejor opci\u00f3n para disfrutar de este popular shooter con una experiencia inmersiva.<\/p>\n<p><strong>Innovaciones clave para gamers<\/strong><\/p>\n<p>La firma surcoreana ha puesto especial atenci\u00f3n en tecnolog\u00edas como <strong>HDR10+ Gaming<\/strong>, el formato de imagen <strong>32:9<\/strong> y la integraci\u00f3n de contenido exclusivo en <strong>Samsung Gaming Hub<\/strong>. El objetivo es que los jugadores perciban un salto cualitativo en la forma de experimentar el juego, con im\u00e1genes m\u00e1s precisas y un sonido optimizado para escenas de acci\u00f3n intensa.<\/p>\n<p><strong>HDR10+ Gaming: precisi\u00f3n visual en cada fotograma<\/strong><\/p>\n<p>El est\u00e1ndar HDR10+ desarrollado por Samsung ofrece un procesamiento din\u00e1mico que ajusta brillo y color escena por escena, a diferencia del HDR10 convencional. En su versi\u00f3n para gaming, esta tecnolog\u00eda garantiza baja latencia y m\u00e1xima fidelidad visual, aspectos esenciales en t\u00edtulos de ritmo r\u00e1pido como <em>Call of Duty<\/em>.<\/p>\n<p>La ventaja para los usuarios es que los dispositivos compatibles optimizan autom\u00e1ticamente la forma en que se despliega el contenido, sin necesidad de calibraciones manuales. Esto significa que al entrar en un edificio oscuro o en un bosque nocturno, las sombras mantienen detalle y las explosiones no saturan la imagen, ofreciendo un realismo superior.<\/p>\n<p><strong>Experiencia inmersiva sin ajustes manuales<\/strong><\/p>\n<p>Samsung asegura que HDR10+ Gaming permite a los jugadores apreciar detalles en zonas iluminadas y oscuras sin perder textura, lo que se traduce en una ventaja competitiva y una experiencia m\u00e1s inmersiva. No se generan gr\u00e1ficos nuevos, sino que la imagen se adapta de manera \u00f3ptima a cada situaci\u00f3n.<\/p>\n<p><strong>Gaming Hub y contenido exclusivo<\/strong><\/p>\n<p>Los usuarios de <strong>Samsung Gaming Hub<\/strong> tendr\u00e1n acceso directo a contenido relacionado con la franquicia. Entre las novedades destaca la transmisi\u00f3n en vivo de <em>Call of Duty: NEXT<\/em>, programada para el 21 de agosto a las 10:00 AM (hora del centro de M\u00e9xico). Un banner promocional aparecer\u00e1 en la interfaz para facilitar el acceso al evento.<\/p>\n<p>Adem\u00e1s, Samsung distribuir\u00e1 c\u00f3digos para la beta de acceso anticipado de <em>Modern Warfare 4<\/em> a trav\u00e9s de la aplicaci\u00f3n <strong>Samsung Promotion<\/strong>, disponible en televisores y monitores compatibles con Gaming Hub.<\/p>\n<p><strong>Una alianza estrat\u00e9gica<\/strong><\/p>\n<p>Con esta colaboraci\u00f3n, Samsung busca consolidar su posici\u00f3n en el mercado gamer ofreciendo dispositivos que no solo acompa\u00f1en el lanzamiento de uno de los t\u00edtulos m\u00e1s esperados del a\u00f1o, sino que tambi\u00e9n se conviertan en la referencia para quienes buscan rendimiento visual y sonoro de primer nivel.<\/p>\n<p>&nbsp;<\/p>\n","protected":false},"excerpt":{"rendered":"<p>Samsung ha anunciado una alianza estrat\u00e9gica con Activision para que sus monitores, pantallas y barras de sonido sean los dispositivos oficiales del nuevo Call of Duty: Modern Warfare 4. La compa\u00f1\u00eda no se limita a incluir dise\u00f1os o calcoman\u00edas del t\u00edtulo, sino que busca posicionar sus productos como la mejor opci\u00f3n para disfrutar de este [&hellip;]<\/p>\n","protected":false},"author":1,"featured_media":424047,"comment_status":"closed","ping_status":"open","sticky":false,"template":"","format":"standard","meta":{"_acf_changed":false,"footnotes":""},"categories":[46],"tags":[],"class_list":["post-424046","post","type-post","status-publish","format-standard","has-post-thumbnail","category-ciencia-computacion"],"acf":{"antetitulo":""},"yoast_head":"<!-- This site is optimized with the Yoast SEO plugin v28.4 - https:\/\/yoast.com\/product\/yoast-seo-wordpress\/ -->\n<title>Samsung se al\u00eda con Activision para potenciar Call of Duty: Modern Warfare 4 - El Diario - Bolivia<\/title>\n<meta name=\"robots\" content=\"index, follow, max-snippet:-1, max-image-preview:large, max-video-preview:-1\" \/>\n<link rel=\"canonical\" href=\"https:\/\/www.eldiario.net\/portal\/2026\/08\/24\/samsung-se-alia-con-activision-para-potenciar-call-of-duty-modern-warfare-4\/\" \/>\n<meta property=\"og:locale\" content=\"es_ES\" \/>\n<meta property=\"og:type\" content=\"article\" \/>\n<meta property=\"og:title\" content=\"Samsung se al\u00eda con Activision para potenciar Call of Duty: Modern Warfare 4 - El Diario - Bolivia\" \/>\n<meta property=\"og:description\" content=\"Samsung ha anunciado una alianza estrat\u00e9gica con Activision para que sus monitores, pantallas y barras de sonido sean los dispositivos oficiales del nuevo Call of Duty: Modern Warfare 4. La compa\u00f1\u00eda no se limita a incluir dise\u00f1os o calcoman\u00edas del t\u00edtulo, sino que busca posicionar sus productos como la mejor opci\u00f3n para disfrutar de este [&hellip;]\" \/>\n<meta property=\"og:url\" content=\"https:\/\/www.eldiario.net\/portal\/2026\/08\/24\/samsung-se-alia-con-activision-para-potenciar-call-of-duty-modern-warfare-4\/\" \/>\n<meta property=\"og:site_name\" content=\"El Diario - Bolivia\" \/>\n<meta property=\"article:publisher\" content=\"https:\/\/www.facebook.com\/eldiario.bolivia\/\" \/>\n<meta property=\"article:published_time\" content=\"2026-08-24T04:05:30+00:00\" \/>\n<meta property=\"og:image\" content=\"https:\/\/www.eldiario.net\/portal\/wp-content\/uploads\/2026\/08\/2-a-1-3.webp\" \/>\n\t<meta property=\"og:image:width\" content=\"589\" \/>\n\t<meta property=\"og:image:height\" content=\"389\" \/>\n\t<meta property=\"og:image:type\" content=\"image\/webp\" \/>\n<meta name=\"author\" content=\"Jeanette\" \/>\n<meta name=\"twitter:card\" content=\"summary_large_image\" \/>\n<meta name=\"twitter:creator\" content=\"@eldiario_net\" \/>\n<meta name=\"twitter:site\" content=\"@eldiario_net\" \/>\n<meta name=\"twitter:label1\" content=\"Escrito por\" \/>\n\t<meta name=\"twitter:data1\" content=\"Jeanette\" \/>\n\t<meta name=\"twitter:label2\" content=\"Tiempo de lectura\" \/>\n\t<meta name=\"twitter:data2\" content=\"3 minutos\" \/>\n<script type=\"application\/ld+json\" class=\"yoast-schema-graph\">{\"@context\":\"https:\\\/\\\/schema.org\",\"@graph\":[{\"@type\":\"Article\",\"@id\":\"https:\\\/\\\/www.eldiario.net\\\/portal\\\/2026\\\/08\\\/24\\\/samsung-se-alia-con-activision-para-potenciar-call-of-duty-modern-warfare-4\\\/#article\",\"isPartOf\":{\"@id\":\"https:\\\/\\\/www.eldiario.net\\\/portal\\\/2026\\\/08\\\/24\\\/samsung-se-alia-con-activision-para-potenciar-call-of-duty-modern-warfare-4\\\/\"},\"author\":{\"name\":\"Jeanette\",\"@id\":\"https:\\\/\\\/www.eldiario.net\\\/portal\\\/#\\\/schema\\\/person\\\/2c57cf2b7a7ae032e449e4c9b1019eac\"},\"headline\":\"Samsung se al\u00eda con Activision para potenciar Call of Duty: Modern Warfare 4\",\"datePublished\":\"2026-08-24T04:05:30+00:00\",\"mainEntityOfPage\":{\"@id\":\"https:\\\/\\\/www.eldiario.net\\\/portal\\\/2026\\\/08\\\/24\\\/samsung-se-alia-con-activision-para-potenciar-call-of-duty-modern-warfare-4\\\/\"},\"wordCount\":474,\"publisher\":{\"@id\":\"https:\\\/\\\/www.eldiario.net\\\/portal\\\/#organization\"},\"image\":{\"@id\":\"https:\\\/\\\/www.eldiario.net\\\/portal\\\/2026\\\/08\\\/24\\\/samsung-se-alia-con-activision-para-potenciar-call-of-duty-modern-warfare-4\\\/#primaryimage\"},\"thumbnailUrl\":\"https:\\\/\\\/www.eldiario.net\\\/portal\\\/wp-content\\\/uploads\\\/2026\\\/08\\\/2-a-1-3.webp\",\"articleSection\":[\"Ciencia y Computaci\u00f3n\"],\"inLanguage\":\"es\"},{\"@type\":\"WebPage\",\"@id\":\"https:\\\/\\\/www.eldiario.net\\\/portal\\\/2026\\\/08\\\/24\\\/samsung-se-alia-con-activision-para-potenciar-call-of-duty-modern-warfare-4\\\/\",\"url\":\"https:\\\/\\\/www.eldiario.net\\\/portal\\\/2026\\\/08\\\/24\\\/samsung-se-alia-con-activision-para-potenciar-call-of-duty-modern-warfare-4\\\/\",\"name\":\"Samsung se al\u00eda con Activision para potenciar Call of Duty: Modern Warfare 4 - El Diario - Bolivia\",\"isPartOf\":{\"@id\":\"https:\\\/\\\/www.eldiario.net\\\/portal\\\/#website\"},\"primaryImageOfPage\":{\"@id\":\"https:\\\/\\\/www.eldiario.net\\\/portal\\\/2026\\\/08\\\/24\\\/samsung-se-alia-con-activision-para-potenciar-call-of-duty-modern-warfare-4\\\/#primaryimage\"},\"image\":{\"@id\":\"https:\\\/\\\/www.eldiario.net\\\/portal\\\/2026\\\/08\\\/24\\\/samsung-se-alia-con-activision-para-potenciar-call-of-duty-modern-warfare-4\\\/#primaryimage\"},\"thumbnailUrl\":\"https:\\\/\\\/www.eldiario.net\\\/portal\\\/wp-content\\\/uploads\\\/2026\\\/08\\\/2-a-1-3.webp\",\"datePublished\":\"2026-08-24T04:05:30+00:00\",\"breadcrumb\":{\"@id\":\"https:\\\/\\\/www.eldiario.net\\\/portal\\\/2026\\\/08\\\/24\\\/samsung-se-alia-con-activision-para-potenciar-call-of-duty-modern-warfare-4\\\/#breadcrumb\"},\"inLanguage\":\"es\",\"potentialAction\":[{\"@type\":\"ReadAction\",\"target\":[\"https:\\\/\\\/www.eldiario.net\\\/portal\\\/2026\\\/08\\\/24\\\/samsung-se-alia-con-activision-para-potenciar-call-of-duty-modern-warfare-4\\\/\"]}]},{\"@type\":\"ImageObject\",\"inLanguage\":\"es\",\"@id\":\"https:\\\/\\\/www.eldiario.net\\\/portal\\\/2026\\\/08\\\/24\\\/samsung-se-alia-con-activision-para-potenciar-call-of-duty-modern-warfare-4\\\/#primaryimage\",\"url\":\"https:\\\/\\\/www.eldiario.net\\\/portal\\\/wp-content\\\/uploads\\\/2026\\\/08\\\/2-a-1-3.webp\",\"contentUrl\":\"https:\\\/\\\/www.eldiario.net\\\/portal\\\/wp-content\\\/uploads\\\/2026\\\/08\\\/2-a-1-3.webp\",\"width\":589,\"height\":389},{\"@type\":\"BreadcrumbList\",\"@id\":\"https:\\\/\\\/www.eldiario.net\\\/portal\\\/2026\\\/08\\\/24\\\/samsung-se-alia-con-activision-para-potenciar-call-of-duty-modern-warfare-4\\\/#breadcrumb\",\"itemListElement\":[{\"@type\":\"ListItem\",\"position\":1,\"name\":\"Portada\",\"item\":\"https:\\\/\\\/www.eldiario.net\\\/portal\\\/\"},{\"@type\":\"ListItem\",\"position\":2,\"name\":\"Samsung se al\u00eda con Activision para potenciar Call of Duty: Modern Warfare 4\"}]},{\"@type\":\"WebSite\",\"@id\":\"https:\\\/\\\/www.eldiario.net\\\/portal\\\/#website\",\"url\":\"https:\\\/\\\/www.eldiario.net\\\/portal\\\/\",\"name\":\"El Diario - Decano de la prensa nacional\",\"description\":\"El Diario - Decano de la prensa nacional\",\"publisher\":{\"@id\":\"https:\\\/\\\/www.eldiario.net\\\/portal\\\/#organization\"},\"potentialAction\":[{\"@type\":\"SearchAction\",\"target\":{\"@type\":\"EntryPoint\",\"urlTemplate\":\"https:\\\/\\\/www.eldiario.net\\\/portal\\\/?s={search_term_string}\"},\"query-input\":{\"@type\":\"PropertyValueSpecification\",\"valueRequired\":true,\"valueName\":\"search_term_string\"}}],\"inLanguage\":\"es\"},{\"@type\":\"Organization\",\"@id\":\"https:\\\/\\\/www.eldiario.net\\\/portal\\\/#organization\",\"name\":\"El Diario - Decano de la prensa nacional\",\"url\":\"https:\\\/\\\/www.eldiario.net\\\/portal\\\/\",\"logo\":{\"@type\":\"ImageObject\",\"inLanguage\":\"es\",\"@id\":\"https:\\\/\\\/www.eldiario.net\\\/portal\\\/#\\\/schema\\\/logo\\\/image\\\/\",\"url\":\"https:\\\/\\\/www.eldiario.net\\\/portal\\\/wp-content\\\/uploads\\\/2023\\\/07\\\/logo_ED.jpg\",\"contentUrl\":\"https:\\\/\\\/www.eldiario.net\\\/portal\\\/wp-content\\\/uploads\\\/2023\\\/07\\\/logo_ED.jpg\",\"width\":272,\"height\":52,\"caption\":\"El Diario - Decano de la prensa nacional\"},\"image\":{\"@id\":\"https:\\\/\\\/www.eldiario.net\\\/portal\\\/#\\\/schema\\\/logo\\\/image\\\/\"},\"sameAs\":[\"https:\\\/\\\/www.facebook.com\\\/eldiario.bolivia\\\/\",\"https:\\\/\\\/x.com\\\/eldiario_net\"]},{\"@type\":\"Person\",\"@id\":\"https:\\\/\\\/www.eldiario.net\\\/portal\\\/#\\\/schema\\\/person\\\/2c57cf2b7a7ae032e449e4c9b1019eac\",\"name\":\"Jeanette\",\"image\":{\"@type\":\"ImageObject\",\"inLanguage\":\"es\",\"@id\":\"https:\\\/\\\/secure.gravatar.com\\\/avatar\\\/3ea2118a5f7dad2b7138b1187a6b7ee55f160b9968b66013c3a3ef39dd7e5798?s=96&d=mm&r=g\",\"url\":\"https:\\\/\\\/secure.gravatar.com\\\/avatar\\\/3ea2118a5f7dad2b7138b1187a6b7ee55f160b9968b66013c3a3ef39dd7e5798?s=96&d=mm&r=g\",\"contentUrl\":\"https:\\\/\\\/secure.gravatar.com\\\/avatar\\\/3ea2118a5f7dad2b7138b1187a6b7ee55f160b9968b66013c3a3ef39dd7e5798?s=96&d=mm&r=g\",\"caption\":\"Jeanette\"},\"sameAs\":[\"https:\\\/\\\/www.eldiario.net\\\/portal\"],\"url\":\"https:\\\/\\\/www.eldiario.net\\\/portal\\\/author\\\/jeanette\\\/\"}]}<\/script>\n<!-- \/ Yoast SEO plugin. -->","yoast_head_json":{"title":"Samsung se al\u00eda con Activision para potenciar Call of Duty: Modern Warfare 4 - El Diario - Bolivia","robots":{"index":"index","follow":"follow","max-snippet":"max-snippet:-1","max-image-preview":"max-image-preview:large","max-video-preview":"max-video-preview:-1"},"canonical":"https:\/\/www.eldiario.net\/portal\/2026\/08\/24\/samsung-se-alia-con-activision-para-potenciar-call-of-duty-modern-warfare-4\/","og_locale":"es_ES","og_type":"article","og_title":"Samsung se al\u00eda con Activision para potenciar Call of Duty: Modern Warfare 4 - El Diario - Bolivia","og_description":"Samsung ha anunciado una alianza estrat\u00e9gica con Activision para que sus monitores, pantallas y barras de sonido sean los dispositivos oficiales del nuevo Call of Duty: Modern Warfare 4. La compa\u00f1\u00eda no se limita a incluir dise\u00f1os o calcoman\u00edas del t\u00edtulo, sino que busca posicionar sus productos como la mejor opci\u00f3n para disfrutar de este [&hellip;]","og_url":"https:\/\/www.eldiario.net\/portal\/2026\/08\/24\/samsung-se-alia-con-activision-para-potenciar-call-of-duty-modern-warfare-4\/","og_site_name":"El Diario - Bolivia","article_publisher":"https:\/\/www.facebook.com\/eldiario.bolivia\/","article_published_time":"2026-08-24T04:05:30+00:00","og_image":[{"width":589,"height":389,"url":"https:\/\/www.eldiario.net\/portal\/wp-content\/uploads\/2026\/08\/2-a-1-3.webp","type":"image\/webp"}],"author":"Jeanette","twitter_card":"summary_large_image","twitter_creator":"@eldiario_net","twitter_site":"@eldiario_net","twitter_misc":{"Escrito por":"Jeanette","Tiempo de lectura":"3 minutos"},"schema":{"@context":"https:\/\/schema.org","@graph":[{"@type":"Article","@id":"https:\/\/www.eldiario.net\/portal\/2026\/08\/24\/samsung-se-alia-con-activision-para-potenciar-call-of-duty-modern-warfare-4\/#article","isPartOf":{"@id":"https:\/\/www.eldiario.net\/portal\/2026\/08\/24\/samsung-se-alia-con-activision-para-potenciar-call-of-duty-modern-warfare-4\/"},"author":{"name":"Jeanette","@id":"https:\/\/www.eldiario.net\/portal\/#\/schema\/person\/2c57cf2b7a7ae032e449e4c9b1019eac"},"headline":"Samsung se al\u00eda con Activision para potenciar Call of Duty: Modern Warfare 4","datePublished":"2026-08-24T04:05:30+00:00","mainEntityOfPage":{"@id":"https:\/\/www.eldiario.net\/portal\/2026\/08\/24\/samsung-se-alia-con-activision-para-potenciar-call-of-duty-modern-warfare-4\/"},"wordCount":474,"publisher":{"@id":"https:\/\/www.eldiario.net\/portal\/#organization"},"image":{"@id":"https:\/\/www.eldiario.net\/portal\/2026\/08\/24\/samsung-se-alia-con-activision-para-potenciar-call-of-duty-modern-warfare-4\/#primaryimage"},"thumbnailUrl":"https:\/\/www.eldiario.net\/portal\/wp-content\/uploads\/2026\/08\/2-a-1-3.webp","articleSection":["Ciencia y Computaci\u00f3n"],"inLanguage":"es"},{"@type":"WebPage","@id":"https:\/\/www.eldiario.net\/portal\/2026\/08\/24\/samsung-se-alia-con-activision-para-potenciar-call-of-duty-modern-warfare-4\/","url":"https:\/\/www.eldiario.net\/portal\/2026\/08\/24\/samsung-se-alia-con-activision-para-potenciar-call-of-duty-modern-warfare-4\/","name":"Samsung se al\u00eda con Activision para potenciar Call of Duty: Modern Warfare 4 - El Diario - Bolivia","isPartOf":{"@id":"https:\/\/www.eldiario.net\/portal\/#website"},"primaryImageOfPage":{"@id":"https:\/\/www.eldiario.net\/portal\/2026\/08\/24\/samsung-se-alia-con-activision-para-potenciar-call-of-duty-modern-warfare-4\/#primaryimage"},"image":{"@id":"https:\/\/www.eldiario.net\/portal\/2026\/08\/24\/samsung-se-alia-con-activision-para-potenciar-call-of-duty-modern-warfare-4\/#primaryimage"},"thumbnailUrl":"https:\/\/www.eldiario.net\/portal\/wp-content\/uploads\/2026\/08\/2-a-1-3.webp","datePublished":"2026-08-24T04:05:30+00:00","breadcrumb":{"@id":"https:\/\/www.eldiario.net\/portal\/2026\/08\/24\/samsung-se-alia-con-activision-para-potenciar-call-of-duty-modern-warfare-4\/#breadcrumb"},"inLanguage":"es","potentialAction":[{"@type":"ReadAction","target":["https:\/\/www.eldiario.net\/portal\/2026\/08\/24\/samsung-se-alia-con-activision-para-potenciar-call-of-duty-modern-warfare-4\/"]}]},{"@type":"ImageObject","inLanguage":"es","@id":"https:\/\/www.eldiario.net\/portal\/2026\/08\/24\/samsung-se-alia-con-activision-para-potenciar-call-of-duty-modern-warfare-4\/#primaryimage","url":"https:\/\/www.eldiario.net\/portal\/wp-content\/uploads\/2026\/08\/2-a-1-3.webp","contentUrl":"https:\/\/www.eldiario.net\/portal\/wp-content\/uploads\/2026\/08\/2-a-1-3.webp","width":589,"height":389},{"@type":"BreadcrumbList","@id":"https:\/\/www.eldiario.net\/portal\/2026\/08\/24\/samsung-se-alia-con-activision-para-potenciar-call-of-duty-modern-warfare-4\/#breadcrumb","itemListElement":[{"@type":"ListItem","position":1,"name":"Portada","item":"https:\/\/www.eldiario.net\/portal\/"},{"@type":"ListItem","position":2,"name":"Samsung se al\u00eda con Activision para potenciar Call of Duty: Modern Warfare 4"}]},{"@type":"WebSite","@id":"https:\/\/www.eldiario.net\/portal\/#website","url":"https:\/\/www.eldiario.net\/portal\/","name":"El Diario - Decano de la prensa nacional","description":"El Diario - Decano de la prensa nacional","publisher":{"@id":"https:\/\/www.eldiario.net\/portal\/#organization"},"potentialAction":[{"@type":"SearchAction","target":{"@type":"EntryPoint","urlTemplate":"https:\/\/www.eldiario.net\/portal\/?s={search_term_string}"},"query-input":{"@type":"PropertyValueSpecification","valueRequired":true,"valueName":"search_term_string"}}],"inLanguage":"es"},{"@type":"Organization","@id":"https:\/\/www.eldiario.net\/portal\/#organization","name":"El Diario - Decano de la prensa nacional","url":"https:\/\/www.eldiario.net\/portal\/","logo":{"@type":"ImageObject","inLanguage":"es","@id":"https:\/\/www.eldiario.net\/portal\/#\/schema\/logo\/image\/","url":"https:\/\/www.eldiario.net\/portal\/wp-content\/uploads\/2023\/07\/logo_ED.jpg","contentUrl":"https:\/\/www.eldiario.net\/portal\/wp-content\/uploads\/2023\/07\/logo_ED.jpg","width":272,"height":52,"caption":"El Diario - Decano de la prensa nacional"},"image":{"@id":"https:\/\/www.eldiario.net\/portal\/#\/schema\/logo\/image\/"},"sameAs":["https:\/\/www.facebook.com\/eldiario.bolivia\/","https:\/\/x.com\/eldiario_net"]},{"@type":"Person","@id":"https:\/\/www.eldiario.net\/portal\/#\/schema\/person\/2c57cf2b7a7ae032e449e4c9b1019eac","name":"Jeanette","image":{"@type":"ImageObject","inLanguage":"es","@id":"https:\/\/secure.gravatar.com\/avatar\/3ea2118a5f7dad2b7138b1187a6b7ee55f160b9968b66013c3a3ef39dd7e5798?s=96&d=mm&r=g","url":"https:\/\/secure.gravatar.com\/avatar\/3ea2118a5f7dad2b7138b1187a6b7ee55f160b9968b66013c3a3ef39dd7e5798?s=96&d=mm&r=g","contentUrl":"https:\/\/secure.gravatar.com\/avatar\/3ea2118a5f7dad2b7138b1187a6b7ee55f160b9968b66013c3a3ef39dd7e5798?s=96&d=mm&r=g","caption":"Jeanette"},"sameAs":["https:\/\/www.eldiario.net\/portal"],"url":"https:\/\/www.eldiario.net\/portal\/author\/jeanette\/"}]}},"_links":{"self":[{"href":"https:\/\/www.eldiario.net\/portal\/wp-json\/wp\/v2\/posts\/424046","targetHints":{"allow":["GET"]}}],"collection":[{"href":"https:\/\/www.eldiario.net\/portal\/wp-json\/wp\/v2\/posts"}],"about":[{"href":"https:\/\/www.eldiario.net\/portal\/wp-json\/wp\/v2\/types\/post"}],"author":[{"embeddable":true,"href":"https:\/\/www.eldiario.net\/portal\/wp-json\/wp\/v2\/users\/1"}],"replies":[{"embeddable":true,"href":"https:\/\/www.eldiario.net\/portal\/wp-json\/wp\/v2\/comments?post=424046"}],"version-history":[{"count":1,"href":"https:\/\/www.eldiario.net\/portal\/wp-json\/wp\/v2\/posts\/424046\/revisions"}],"predecessor-version":[{"id":424048,"href":"https:\/\/www.eldiario.net\/portal\/wp-json\/wp\/v2\/posts\/424046\/revisions\/424048"}],"wp:featuredmedia":[{"embeddable":true,"href":"https:\/\/www.eldiario.net\/portal\/wp-json\/wp\/v2\/media\/424047"}],"wp:attachment":[{"href":"https:\/\/www.eldiario.net\/portal\/wp-json\/wp\/v2\/media?parent=424046"}],"wp:term":[{"taxonomy":"category","embeddable":true,"href":"https:\/\/www.eldiario.net\/portal\/wp-json\/wp\/v2\/categories?post=424046"},{"taxonomy":"post_tag","embeddable":true,"href":"https:\/\/www.eldiario.net\/portal\/wp-json\/wp\/v2\/tags?post=424046"}],"curies":[{"name":"wp","href":"https:\/\/api.w.org\/{rel}","templated":true}]}}