{"id":423729,"date":"2026-08-22T07:41:57","date_gmt":"2026-08-22T11:41:57","guid":{"rendered":"https:\/\/www.eldiario.net\/portal\/?p=423729"},"modified":"2026-08-22T08:31:59","modified_gmt":"2026-08-22T12:31:59","slug":"toma-de-posesion-exjugadores-de-futbol-pediran-el-manejo-del-complejo-lastra","status":"publish","type":"post","link":"https:\/\/www.eldiario.net\/portal\/2026\/08\/22\/toma-de-posesion-exjugadores-de-futbol-pediran-el-manejo-del-complejo-lastra\/","title":{"rendered":"TOMA DE POSESI\u00d3N Exjugadores de f\u00fatbol pedir\u00e1n  el manejo del Complejo Lastra"},"content":{"rendered":"<p>Edgar \u201cPacho\u201d G\u00f3ngora, flamante presidente de la Mutual de Exfutbolistas de La Paz, inform\u00f3 que su directorio solicitar\u00e1 al Gobierno Municipal de La Paz, el manejo del Complejo Luis Lastra de Sopocachi para llevar adelante el resurgimiento de los campeonatos intercolegiales y por esta v\u00eda, promover nuevas figuras para el balompi\u00e9 departamental.<br \/>\n\u201cUno de los proyectos que tenemos como Mutual de Exfutbolistas de La Paz es trabajar conjuntamente el Gobierno Municipal para solicitar el manejo del Complejo Luis Lastra y desde este escenario revivir los campeonatos intercolegiales de f\u00fatbol, que, en anta\u00f1o, eran la principal fuente de surgimiento de futbolistas para nuestro departamento\u201d, afirm\u00f3 durante la toma de posesi\u00f3n del directorio 2026-2028, que \u00e9l encabeza.<br \/>\nDespu\u00e9s de la toma de juramento a las nuevas autoridades, que estuvo a cargo de exjugador y presidente del Comit\u00e9 Electoral Waldo Iba\u00f1ez; en discurso de circunstancia, G\u00f3ngora afirm\u00f3 \u201cque dando continuidad al trabajo efectuado por el Directorio 2024-2026 que tuvo como presidente a David Morales; se proyectar\u00e1n varias acciones en favor del f\u00fatbol pace\u00f1o; uno de los principales puntos es la organizaci\u00f3n de torneos de unidades educativas tanto de la ciudad como de las provincias y en coordinaci\u00f3n con entidades como la Federaci\u00f3n Boliviana de F\u00fatbol (FBF), el Ministerio de Educaci\u00f3n, el Ministerio de Trabajo, el Gobierno Departamental de La Paz y el Gobierno Municipal de La Paz, se promover\u00e1 proyectos de engrandecimiento infraestructural para la pr\u00e1ctica masiva del f\u00fatbol y el apoyo a los deportistas emergentes.<\/p>\n<p>PRESENTES EN EL ACTO DE POSESI\u00d3N<br \/>\nLa Mutual de Exfutbolistas de La Paz cuenta con una masa societaria de 130 exdeportistas, entre los que se destacan figuras como Eduardo Angulo (exThe Strongest), Juan Negrete (exChaco Petrolero), Ra\u00fal \u201cCalech\u00edn\u201d Morales (exBol\u00edvar) , entre otros, de los cuales se distingue Isaac \u00c1lvarez, campe\u00f3n sudamericano con el Seleccionado Boliviano de F\u00fatbol 1963.<br \/>\n\u201cOtra de nuestras metas es ampliar nuestro n\u00famero de socios para congregar a todos los futbolistas que fueron parte de los clubes pace\u00f1os. Sabemos que la uni\u00f3n hace la fuerza y que ahora necesitamos empujar, todos, el carro del desarrollo del f\u00fatbol pace\u00f1o para recuperar los lauros que tuvimos en el pasado\u201d, remarc\u00f3 G\u00f3ngora.<br \/>\nAcompa\u00f1aron en el acto de posesi\u00f3n la Directora Municipal de Deportes, Vania Mickaela Gonzales, en representaci\u00f3n del alcalde C\u00e9sar Dockweiler, Isaac Mollinedo, presidente de la Asociaci\u00f3n de F\u00fatbol de La Paz, entre otros funcionarios de los distintos ministerios de Estado.<br \/>\nDurante la ceremonia se distingui\u00f3 a los exfutbolistas Isaac \u00c1lvarez, Ricardo Fontana, Eduardo Angulo, Ra\u00fal Morales, entre otras figuras del f\u00fatbol pace\u00f1o del pasado.<\/p>\n<p>PASADO Y PRESENTE<br \/>\nLa Mutual de Exjugadores de F\u00fatbol de La Paz es una emblem\u00e1tica instituci\u00f3n social y deportiva boliviana. Fue fundada a mediados de la d\u00e9cada de 1950. Agrupa a los exfutbolistas profesionales que marcaron \u00e9poca en el balompi\u00e9 pace\u00f1o y nacional.<br \/>\nNaci\u00f3 con un profundo sentido de solidaridad y su meta principal es dar asistencia social y beneficencia a sus asociados. Muchos jugadores quedan desprotegidos al retirarse de las canchas.<br \/>\nHist\u00f3ricamente, la Mutual apoya y cuida el bienestar de sus asociados. Por esta noble labor, esta entidad gan\u00f3 el respeto de toda la sociedad pace\u00f1a. 1950 es el a\u00f1o de la fundaci\u00f3n de la Mutual de Exjugadores de F\u00fatbol de La Paz.<\/p>\n<p>35 a\u00f1os de edad en adelante es el nuevo rango de ingreso permitido para los futbolistas j\u00f3venes que acaban de dejar la actividad profesional y desean integrarse.<\/p>\n<p><em>GHILKA SANABRIA<\/em><\/p>\n\r\n                <style type=\"text\/css\">\r\n                    \r\n                    #tdi_1  .td-doubleSlider-2 .td-item1 {\r\n                        background: url(https:\/\/www.eldiario.net\/portal\/wp-content\/uploads\/2026\/08\/direcotiro-80x60.webp) 0 0 no-repeat;\r\n                    }\r\n                    #tdi_1  .td-doubleSlider-2 .td-item2 {\r\n                        background: url(https:\/\/www.eldiario.net\/portal\/wp-content\/uploads\/2026\/08\/Edgar-Gongora-80x60.webp) 0 0 no-repeat;\r\n                    }\r\n                    #tdi_1  .td-doubleSlider-2 .td-item3 {\r\n                        background: url(https:\/\/www.eldiario.net\/portal\/wp-content\/uploads\/2026\/08\/Testera-80x60.webp) 0 0 no-repeat;\r\n                    }\r\n                <\/style>\r\n\r\n                <div id=\"tdi_1\" class=\"td-gallery td-slide-on-2-columns\">\r\n                    <div class=\"post_td_gallery\">\r\n                        <div class=\"td-gallery-slide-top\">\r\n                           <div class=\"td-gallery-title\"><\/div>\r\n\r\n                            <div class=\"td-gallery-controls-wrapper\">\r\n                                <div class=\"td-gallery-slide-count\"><span class=\"td-gallery-slide-item-focus\">1<\/span> de 3<\/div>\r\n                                <div class=\"td-gallery-slide-prev-next-but\">\r\n                                    <i class = \"td-icon-left doubleSliderPrevButton\"><\/i>\r\n                                    <i class = \"td-icon-right doubleSliderNextButton\"><\/i>\r\n                                <\/div>\r\n                            <\/div>\r\n                        <\/div>\r\n\r\n                        <div class = \"td-doubleSlider-1 \">\r\n                            <div class = \"td-slider\">\r\n                                \r\n                    <div class = \"td-slide-item td-item1\">\r\n                        <figure class=\"td-slide-galery-figure td-slide-popup-gallery\">\r\n                            <a class=\"slide-gallery-image-link\" href=\"https:\/\/www.eldiario.net\/portal\/wp-content\/uploads\/2026\/08\/direcotiro.webp\" title=\"direcotiro\"  data-caption=\" Un aspecto de la posesi\u00f3n de ex miembros del flamante Directorio de la Mutual de ex jugadores, fue ayer por la ma\u00f1ana en el COE, en la zona Sur de la ciudad de La Paz. (ALBERTO VALERO)\"  data-description=\" Un aspecto de la posesi&oacute;n de ex miembros del flamante Directorio de la Mutual de ex jugadores, fue ayer por la ma&ntilde;ana en el COE, en la zona Sur de la ciudad de La Paz. (ALBERTO VALERO)\">\r\n                                <img decoding=\"async\" src=\"https:\/\/www.eldiario.net\/portal\/wp-content\/uploads\/2026\/08\/direcotiro-629x420.webp\" srcset=\"https:\/\/www.eldiario.net\/portal\/wp-content\/uploads\/2026\/08\/direcotiro-629x420.webp 629w, https:\/\/www.eldiario.net\/portal\/wp-content\/uploads\/2026\/08\/direcotiro-300x200.webp 300w, https:\/\/www.eldiario.net\/portal\/wp-content\/uploads\/2026\/08\/direcotiro-768x513.webp 768w, https:\/\/www.eldiario.net\/portal\/wp-content\/uploads\/2026\/08\/direcotiro-150x100.webp 150w, https:\/\/www.eldiario.net\/portal\/wp-content\/uploads\/2026\/08\/direcotiro-696x465.webp 696w, https:\/\/www.eldiario.net\/portal\/wp-content\/uploads\/2026\/08\/direcotiro.webp 899w\" sizes=\"(max-width: 629px) 100vw, 629px\" alt=\"\">\r\n                            <\/a>\r\n                            <figcaption class = \"td-slide-caption td-gallery-slide-content\"><div class = \"td-gallery-slide-copywrite\"> Un aspecto de la posesi\u00f3n de ex miembros del flamante Directorio de la Mutual de ex jugadores, fue ayer por la ma\u00f1ana en el COE, en la zona Sur de la ciudad de La Paz. (ALBERTO VALERO)<\/div><span> Un aspecto de la posesi\u00f3n de ex miembros del flamante Directorio de la Mutual de ex jugadores, fue ayer por la ma\u00f1ana en el COE, en la zona Sur de la ciudad de La Paz. (ALBERTO VALERO)<\/span><\/figcaption>\r\n                        <\/figure>\r\n                    <\/div>\r\n                    <div class = \"td-slide-item td-item2\">\r\n                        <figure class=\"td-slide-galery-figure td-slide-popup-gallery\">\r\n                            <a class=\"slide-gallery-image-link\" href=\"https:\/\/www.eldiario.net\/portal\/wp-content\/uploads\/2026\/08\/Edgar-Gongora.webp\" title=\"Edgar-G\u00f3ngora\"  data-caption=\" Edgar G\u00f3ngora, flamante presidente elegido de la Mutual de Exjugadores de F\u00fatbol de La Paz\"  data-description=\" Edgar G&oacute;ngora, flamante presidente elegido de la Mutual de Exjugadores de F&uacute;tbol de La Paz\">\r\n                                <img decoding=\"async\" src=\"https:\/\/www.eldiario.net\/portal\/wp-content\/uploads\/2026\/08\/Edgar-Gongora-629x420.webp\" srcset=\"https:\/\/www.eldiario.net\/portal\/wp-content\/uploads\/2026\/08\/Edgar-Gongora-629x420.webp 629w, https:\/\/www.eldiario.net\/portal\/wp-content\/uploads\/2026\/08\/Edgar-Gongora-300x200.webp 300w, https:\/\/www.eldiario.net\/portal\/wp-content\/uploads\/2026\/08\/Edgar-Gongora-768x513.webp 768w, https:\/\/www.eldiario.net\/portal\/wp-content\/uploads\/2026\/08\/Edgar-Gongora-150x100.webp 150w, https:\/\/www.eldiario.net\/portal\/wp-content\/uploads\/2026\/08\/Edgar-Gongora-696x465.webp 696w, https:\/\/www.eldiario.net\/portal\/wp-content\/uploads\/2026\/08\/Edgar-Gongora.webp 899w\" sizes=\"(max-width: 629px) 100vw, 629px\" alt=\"\">\r\n                            <\/a>\r\n                            <figcaption class = \"td-slide-caption td-gallery-slide-content\"><div class = \"td-gallery-slide-copywrite\"> Edgar G\u00f3ngora, flamante presidente elegido de la Mutual de Exjugadores de F\u00fatbol de La Paz<\/div><span> Edgar G\u00f3ngora, flamante presidente elegido de la Mutual de Exjugadores de F\u00fatbol de La Paz<\/span><\/figcaption>\r\n                        <\/figure>\r\n                    <\/div>\r\n                    <div class = \"td-slide-item td-item3\">\r\n                        <figure class=\"td-slide-galery-figure td-slide-popup-gallery\">\r\n                            <a class=\"slide-gallery-image-link\" href=\"https:\/\/www.eldiario.net\/portal\/wp-content\/uploads\/2026\/08\/Testera.webp\" title=\"Testera\"  data-caption=\" Testera: Isaac Molinedo, Isaac \u00c1lvarez, Vania Mikaela Gonz\u00e1lez, Directora Municipal de Deportes, Ricardo Fontana, Eduardo Angulo y Rogelio Delf\u00edn\"  data-description=\" Testera: Isaac Molinedo, Isaac &Aacute;lvarez, Vania Mikaela Gonz&aacute;lez, Directora Municipal de Deportes, Ricardo Fontana, Eduardo Angulo y Rogelio Delf&iacute;n\">\r\n                                <img decoding=\"async\" src=\"https:\/\/www.eldiario.net\/portal\/wp-content\/uploads\/2026\/08\/Testera-629x420.webp\" srcset=\"https:\/\/www.eldiario.net\/portal\/wp-content\/uploads\/2026\/08\/Testera-629x420.webp 629w, https:\/\/www.eldiario.net\/portal\/wp-content\/uploads\/2026\/08\/Testera-300x200.webp 300w, https:\/\/www.eldiario.net\/portal\/wp-content\/uploads\/2026\/08\/Testera-768x513.webp 768w, https:\/\/www.eldiario.net\/portal\/wp-content\/uploads\/2026\/08\/Testera-150x100.webp 150w, https:\/\/www.eldiario.net\/portal\/wp-content\/uploads\/2026\/08\/Testera-696x465.webp 696w, https:\/\/www.eldiario.net\/portal\/wp-content\/uploads\/2026\/08\/Testera.webp 899w\" sizes=\"(max-width: 629px) 100vw, 629px\" alt=\"\">\r\n                            <\/a>\r\n                            <figcaption class = \"td-slide-caption td-gallery-slide-content\"><div class = \"td-gallery-slide-copywrite\"> Testera: Isaac Molinedo, Isaac \u00c1lvarez, Vania Mikaela Gonz\u00e1lez, Directora Municipal de Deportes, Ricardo Fontana, Eduardo Angulo y Rogelio Delf\u00edn<\/div><span> Testera: Isaac Molinedo, Isaac \u00c1lvarez, Vania Mikaela Gonz\u00e1lez, Directora Municipal de Deportes, Ricardo Fontana, Eduardo Angulo y Rogelio Delf\u00edn<\/span><\/figcaption>\r\n                        <\/figure>\r\n                    <\/div>\r\n                            <\/div>\r\n                        <\/div>\r\n\r\n                        <div class = \"td-doubleSlider-2\">\r\n                            <div class = \"td-slider\">\r\n                                \r\n                    <div class = \"td-button td-item1\">\r\n                        <div class = \"td-border\"><\/div>\r\n                    <\/div>\r\n                    <div class = \"td-button td-item2\">\r\n                        <div class = \"td-border\"><\/div>\r\n                    <\/div>\r\n                    <div class = \"td-button td-item3\">\r\n                        <div class = \"td-border\"><\/div>\r\n                    <\/div>\r\n                            <\/div>\r\n                        <\/div>\r\n\r\n                    <\/div>\r\n\r\n                <\/div>\r\n                \n","protected":false},"excerpt":{"rendered":"<p>Edgar \u201cPacho\u201d G\u00f3ngora, flamante presidente de la Mutual de Exfutbolistas de La Paz, inform\u00f3 que su directorio solicitar\u00e1 al Gobierno Municipal de La Paz, el manejo del Complejo Luis Lastra de Sopocachi para llevar adelante el resurgimiento de los campeonatos intercolegiales y por esta v\u00eda, promover nuevas figuras para el balompi\u00e9 departamental. \u201cUno de los [&hellip;]<\/p>\n","protected":false},"author":1,"featured_media":423730,"comment_status":"closed","ping_status":"open","sticky":false,"template":"","format":"standard","meta":{"_acf_changed":false,"footnotes":""},"categories":[6],"tags":[],"class_list":["post-423729","post","type-post","status-publish","format-standard","has-post-thumbnail","category-deportes"],"acf":{"antetitulo":""},"yoast_head":"<!-- This site is optimized with the Yoast SEO plugin v28.4 - https:\/\/yoast.com\/product\/yoast-seo-wordpress\/ -->\n<title>TOMA DE POSESI\u00d3N Exjugadores de f\u00fatbol pedir\u00e1n el manejo del Complejo Lastra - El Diario - Bolivia<\/title>\n<meta name=\"robots\" content=\"index, follow, max-snippet:-1, max-image-preview:large, max-video-preview:-1\" \/>\n<link rel=\"canonical\" href=\"https:\/\/www.eldiario.net\/portal\/2026\/08\/22\/toma-de-posesion-exjugadores-de-futbol-pediran-el-manejo-del-complejo-lastra\/\" \/>\n<meta property=\"og:locale\" content=\"es_ES\" \/>\n<meta property=\"og:type\" content=\"article\" \/>\n<meta property=\"og:title\" content=\"TOMA DE POSESI\u00d3N Exjugadores de f\u00fatbol pedir\u00e1n el manejo del Complejo Lastra - El Diario - Bolivia\" \/>\n<meta property=\"og:description\" content=\"Edgar \u201cPacho\u201d G\u00f3ngora, flamante presidente de la Mutual de Exfutbolistas de La Paz, inform\u00f3 que su directorio solicitar\u00e1 al Gobierno Municipal de La Paz, el manejo del Complejo Luis Lastra de Sopocachi para llevar adelante el resurgimiento de los campeonatos intercolegiales y por esta v\u00eda, promover nuevas figuras para el balompi\u00e9 departamental. \u201cUno de los [&hellip;]\" \/>\n<meta property=\"og:url\" content=\"https:\/\/www.eldiario.net\/portal\/2026\/08\/22\/toma-de-posesion-exjugadores-de-futbol-pediran-el-manejo-del-complejo-lastra\/\" \/>\n<meta property=\"og:site_name\" content=\"El Diario - Bolivia\" \/>\n<meta property=\"article:publisher\" content=\"https:\/\/www.facebook.com\/eldiario.bolivia\/\" \/>\n<meta property=\"article:published_time\" content=\"2026-08-22T11:41:57+00:00\" \/>\n<meta property=\"article:modified_time\" content=\"2026-08-22T12:31:59+00:00\" \/>\n<meta property=\"og:image\" content=\"https:\/\/www.eldiario.net\/portal\/wp-content\/uploads\/2026\/08\/direcotiro.webp\" \/>\n\t<meta property=\"og:image:width\" content=\"899\" \/>\n\t<meta property=\"og:image:height\" content=\"600\" \/>\n\t<meta property=\"og:image:type\" content=\"image\/webp\" \/>\n<meta name=\"author\" content=\"Jeanette\" \/>\n<meta name=\"twitter:card\" content=\"summary_large_image\" \/>\n<meta name=\"twitter:creator\" content=\"@eldiario_net\" \/>\n<meta name=\"twitter:site\" content=\"@eldiario_net\" \/>\n<meta name=\"twitter:label1\" content=\"Escrito por\" \/>\n\t<meta name=\"twitter:data1\" content=\"Jeanette\" \/>\n\t<meta name=\"twitter:label2\" content=\"Tiempo de lectura\" \/>\n\t<meta name=\"twitter:data2\" content=\"3 minutos\" \/>\n<script type=\"application\/ld+json\" class=\"yoast-schema-graph\">{\"@context\":\"https:\\\/\\\/schema.org\",\"@graph\":[{\"@type\":\"Article\",\"@id\":\"https:\\\/\\\/www.eldiario.net\\\/portal\\\/2026\\\/08\\\/22\\\/toma-de-posesion-exjugadores-de-futbol-pediran-el-manejo-del-complejo-lastra\\\/#article\",\"isPartOf\":{\"@id\":\"https:\\\/\\\/www.eldiario.net\\\/portal\\\/2026\\\/08\\\/22\\\/toma-de-posesion-exjugadores-de-futbol-pediran-el-manejo-del-complejo-lastra\\\/\"},\"author\":{\"name\":\"Jeanette\",\"@id\":\"https:\\\/\\\/www.eldiario.net\\\/portal\\\/#\\\/schema\\\/person\\\/2c57cf2b7a7ae032e449e4c9b1019eac\"},\"headline\":\"TOMA DE POSESI\u00d3N Exjugadores de f\u00fatbol pedir\u00e1n el manejo del Complejo Lastra\",\"datePublished\":\"2026-08-22T11:41:57+00:00\",\"dateModified\":\"2026-08-22T12:31:59+00:00\",\"mainEntityOfPage\":{\"@id\":\"https:\\\/\\\/www.eldiario.net\\\/portal\\\/2026\\\/08\\\/22\\\/toma-de-posesion-exjugadores-de-futbol-pediran-el-manejo-del-complejo-lastra\\\/\"},\"wordCount\":632,\"publisher\":{\"@id\":\"https:\\\/\\\/www.eldiario.net\\\/portal\\\/#organization\"},\"image\":{\"@id\":\"https:\\\/\\\/www.eldiario.net\\\/portal\\\/2026\\\/08\\\/22\\\/toma-de-posesion-exjugadores-de-futbol-pediran-el-manejo-del-complejo-lastra\\\/#primaryimage\"},\"thumbnailUrl\":\"https:\\\/\\\/www.eldiario.net\\\/portal\\\/wp-content\\\/uploads\\\/2026\\\/08\\\/direcotiro.webp\",\"articleSection\":[\"Deportes\"],\"inLanguage\":\"es\"},{\"@type\":\"WebPage\",\"@id\":\"https:\\\/\\\/www.eldiario.net\\\/portal\\\/2026\\\/08\\\/22\\\/toma-de-posesion-exjugadores-de-futbol-pediran-el-manejo-del-complejo-lastra\\\/\",\"url\":\"https:\\\/\\\/www.eldiario.net\\\/portal\\\/2026\\\/08\\\/22\\\/toma-de-posesion-exjugadores-de-futbol-pediran-el-manejo-del-complejo-lastra\\\/\",\"name\":\"TOMA DE POSESI\u00d3N Exjugadores de f\u00fatbol pedir\u00e1n el manejo del Complejo Lastra - El Diario - Bolivia\",\"isPartOf\":{\"@id\":\"https:\\\/\\\/www.eldiario.net\\\/portal\\\/#website\"},\"primaryImageOfPage\":{\"@id\":\"https:\\\/\\\/www.eldiario.net\\\/portal\\\/2026\\\/08\\\/22\\\/toma-de-posesion-exjugadores-de-futbol-pediran-el-manejo-del-complejo-lastra\\\/#primaryimage\"},\"image\":{\"@id\":\"https:\\\/\\\/www.eldiario.net\\\/portal\\\/2026\\\/08\\\/22\\\/toma-de-posesion-exjugadores-de-futbol-pediran-el-manejo-del-complejo-lastra\\\/#primaryimage\"},\"thumbnailUrl\":\"https:\\\/\\\/www.eldiario.net\\\/portal\\\/wp-content\\\/uploads\\\/2026\\\/08\\\/direcotiro.webp\",\"datePublished\":\"2026-08-22T11:41:57+00:00\",\"dateModified\":\"2026-08-22T12:31:59+00:00\",\"breadcrumb\":{\"@id\":\"https:\\\/\\\/www.eldiario.net\\\/portal\\\/2026\\\/08\\\/22\\\/toma-de-posesion-exjugadores-de-futbol-pediran-el-manejo-del-complejo-lastra\\\/#breadcrumb\"},\"inLanguage\":\"es\",\"potentialAction\":[{\"@type\":\"ReadAction\",\"target\":[\"https:\\\/\\\/www.eldiario.net\\\/portal\\\/2026\\\/08\\\/22\\\/toma-de-posesion-exjugadores-de-futbol-pediran-el-manejo-del-complejo-lastra\\\/\"]}]},{\"@type\":\"ImageObject\",\"inLanguage\":\"es\",\"@id\":\"https:\\\/\\\/www.eldiario.net\\\/portal\\\/2026\\\/08\\\/22\\\/toma-de-posesion-exjugadores-de-futbol-pediran-el-manejo-del-complejo-lastra\\\/#primaryimage\",\"url\":\"https:\\\/\\\/www.eldiario.net\\\/portal\\\/wp-content\\\/uploads\\\/2026\\\/08\\\/direcotiro.webp\",\"contentUrl\":\"https:\\\/\\\/www.eldiario.net\\\/portal\\\/wp-content\\\/uploads\\\/2026\\\/08\\\/direcotiro.webp\",\"width\":899,\"height\":600,\"caption\":\"Un aspecto de la posesi\u00f3n de ex miembros del flamante Directorio de la Mutual de ex jugadores, fue ayer por la ma\u00f1ana en el COE, en la zona Sur de la ciudad de La Paz. (ALBERTO VALERO)\"},{\"@type\":\"BreadcrumbList\",\"@id\":\"https:\\\/\\\/www.eldiario.net\\\/portal\\\/2026\\\/08\\\/22\\\/toma-de-posesion-exjugadores-de-futbol-pediran-el-manejo-del-complejo-lastra\\\/#breadcrumb\",\"itemListElement\":[{\"@type\":\"ListItem\",\"position\":1,\"name\":\"Portada\",\"item\":\"https:\\\/\\\/www.eldiario.net\\\/portal\\\/\"},{\"@type\":\"ListItem\",\"position\":2,\"name\":\"TOMA DE POSESI\u00d3N Exjugadores de f\u00fatbol pedir\u00e1n el manejo del Complejo Lastra\"}]},{\"@type\":\"WebSite\",\"@id\":\"https:\\\/\\\/www.eldiario.net\\\/portal\\\/#website\",\"url\":\"https:\\\/\\\/www.eldiario.net\\\/portal\\\/\",\"name\":\"El Diario - Decano de la prensa nacional\",\"description\":\"El Diario - Decano de la prensa nacional\",\"publisher\":{\"@id\":\"https:\\\/\\\/www.eldiario.net\\\/portal\\\/#organization\"},\"potentialAction\":[{\"@type\":\"SearchAction\",\"target\":{\"@type\":\"EntryPoint\",\"urlTemplate\":\"https:\\\/\\\/www.eldiario.net\\\/portal\\\/?s={search_term_string}\"},\"query-input\":{\"@type\":\"PropertyValueSpecification\",\"valueRequired\":true,\"valueName\":\"search_term_string\"}}],\"inLanguage\":\"es\"},{\"@type\":\"Organization\",\"@id\":\"https:\\\/\\\/www.eldiario.net\\\/portal\\\/#organization\",\"name\":\"El Diario - Decano de la prensa nacional\",\"url\":\"https:\\\/\\\/www.eldiario.net\\\/portal\\\/\",\"logo\":{\"@type\":\"ImageObject\",\"inLanguage\":\"es\",\"@id\":\"https:\\\/\\\/www.eldiario.net\\\/portal\\\/#\\\/schema\\\/logo\\\/image\\\/\",\"url\":\"https:\\\/\\\/www.eldiario.net\\\/portal\\\/wp-content\\\/uploads\\\/2023\\\/07\\\/logo_ED.jpg\",\"contentUrl\":\"https:\\\/\\\/www.eldiario.net\\\/portal\\\/wp-content\\\/uploads\\\/2023\\\/07\\\/logo_ED.jpg\",\"width\":272,\"height\":52,\"caption\":\"El Diario - Decano de la prensa nacional\"},\"image\":{\"@id\":\"https:\\\/\\\/www.eldiario.net\\\/portal\\\/#\\\/schema\\\/logo\\\/image\\\/\"},\"sameAs\":[\"https:\\\/\\\/www.facebook.com\\\/eldiario.bolivia\\\/\",\"https:\\\/\\\/x.com\\\/eldiario_net\"]},{\"@type\":\"Person\",\"@id\":\"https:\\\/\\\/www.eldiario.net\\\/portal\\\/#\\\/schema\\\/person\\\/2c57cf2b7a7ae032e449e4c9b1019eac\",\"name\":\"Jeanette\",\"image\":{\"@type\":\"ImageObject\",\"inLanguage\":\"es\",\"@id\":\"https:\\\/\\\/secure.gravatar.com\\\/avatar\\\/3ea2118a5f7dad2b7138b1187a6b7ee55f160b9968b66013c3a3ef39dd7e5798?s=96&d=mm&r=g\",\"url\":\"https:\\\/\\\/secure.gravatar.com\\\/avatar\\\/3ea2118a5f7dad2b7138b1187a6b7ee55f160b9968b66013c3a3ef39dd7e5798?s=96&d=mm&r=g\",\"contentUrl\":\"https:\\\/\\\/secure.gravatar.com\\\/avatar\\\/3ea2118a5f7dad2b7138b1187a6b7ee55f160b9968b66013c3a3ef39dd7e5798?s=96&d=mm&r=g\",\"caption\":\"Jeanette\"},\"sameAs\":[\"https:\\\/\\\/www.eldiario.net\\\/portal\"],\"url\":\"https:\\\/\\\/www.eldiario.net\\\/portal\\\/author\\\/jeanette\\\/\"}]}<\/script>\n<!-- \/ Yoast SEO plugin. -->","yoast_head_json":{"title":"TOMA DE POSESI\u00d3N Exjugadores de f\u00fatbol pedir\u00e1n el manejo del Complejo Lastra - El Diario - Bolivia","robots":{"index":"index","follow":"follow","max-snippet":"max-snippet:-1","max-image-preview":"max-image-preview:large","max-video-preview":"max-video-preview:-1"},"canonical":"https:\/\/www.eldiario.net\/portal\/2026\/08\/22\/toma-de-posesion-exjugadores-de-futbol-pediran-el-manejo-del-complejo-lastra\/","og_locale":"es_ES","og_type":"article","og_title":"TOMA DE POSESI\u00d3N Exjugadores de f\u00fatbol pedir\u00e1n el manejo del Complejo Lastra - El Diario - Bolivia","og_description":"Edgar \u201cPacho\u201d G\u00f3ngora, flamante presidente de la Mutual de Exfutbolistas de La Paz, inform\u00f3 que su directorio solicitar\u00e1 al Gobierno Municipal de La Paz, el manejo del Complejo Luis Lastra de Sopocachi para llevar adelante el resurgimiento de los campeonatos intercolegiales y por esta v\u00eda, promover nuevas figuras para el balompi\u00e9 departamental. \u201cUno de los [&hellip;]","og_url":"https:\/\/www.eldiario.net\/portal\/2026\/08\/22\/toma-de-posesion-exjugadores-de-futbol-pediran-el-manejo-del-complejo-lastra\/","og_site_name":"El Diario - Bolivia","article_publisher":"https:\/\/www.facebook.com\/eldiario.bolivia\/","article_published_time":"2026-08-22T11:41:57+00:00","article_modified_time":"2026-08-22T12:31:59+00:00","og_image":[{"width":899,"height":600,"url":"https:\/\/www.eldiario.net\/portal\/wp-content\/uploads\/2026\/08\/direcotiro.webp","type":"image\/webp"}],"author":"Jeanette","twitter_card":"summary_large_image","twitter_creator":"@eldiario_net","twitter_site":"@eldiario_net","twitter_misc":{"Escrito por":"Jeanette","Tiempo de lectura":"3 minutos"},"schema":{"@context":"https:\/\/schema.org","@graph":[{"@type":"Article","@id":"https:\/\/www.eldiario.net\/portal\/2026\/08\/22\/toma-de-posesion-exjugadores-de-futbol-pediran-el-manejo-del-complejo-lastra\/#article","isPartOf":{"@id":"https:\/\/www.eldiario.net\/portal\/2026\/08\/22\/toma-de-posesion-exjugadores-de-futbol-pediran-el-manejo-del-complejo-lastra\/"},"author":{"name":"Jeanette","@id":"https:\/\/www.eldiario.net\/portal\/#\/schema\/person\/2c57cf2b7a7ae032e449e4c9b1019eac"},"headline":"TOMA DE POSESI\u00d3N Exjugadores de f\u00fatbol pedir\u00e1n el manejo del Complejo Lastra","datePublished":"2026-08-22T11:41:57+00:00","dateModified":"2026-08-22T12:31:59+00:00","mainEntityOfPage":{"@id":"https:\/\/www.eldiario.net\/portal\/2026\/08\/22\/toma-de-posesion-exjugadores-de-futbol-pediran-el-manejo-del-complejo-lastra\/"},"wordCount":632,"publisher":{"@id":"https:\/\/www.eldiario.net\/portal\/#organization"},"image":{"@id":"https:\/\/www.eldiario.net\/portal\/2026\/08\/22\/toma-de-posesion-exjugadores-de-futbol-pediran-el-manejo-del-complejo-lastra\/#primaryimage"},"thumbnailUrl":"https:\/\/www.eldiario.net\/portal\/wp-content\/uploads\/2026\/08\/direcotiro.webp","articleSection":["Deportes"],"inLanguage":"es"},{"@type":"WebPage","@id":"https:\/\/www.eldiario.net\/portal\/2026\/08\/22\/toma-de-posesion-exjugadores-de-futbol-pediran-el-manejo-del-complejo-lastra\/","url":"https:\/\/www.eldiario.net\/portal\/2026\/08\/22\/toma-de-posesion-exjugadores-de-futbol-pediran-el-manejo-del-complejo-lastra\/","name":"TOMA DE POSESI\u00d3N Exjugadores de f\u00fatbol pedir\u00e1n el manejo del Complejo Lastra - El Diario - Bolivia","isPartOf":{"@id":"https:\/\/www.eldiario.net\/portal\/#website"},"primaryImageOfPage":{"@id":"https:\/\/www.eldiario.net\/portal\/2026\/08\/22\/toma-de-posesion-exjugadores-de-futbol-pediran-el-manejo-del-complejo-lastra\/#primaryimage"},"image":{"@id":"https:\/\/www.eldiario.net\/portal\/2026\/08\/22\/toma-de-posesion-exjugadores-de-futbol-pediran-el-manejo-del-complejo-lastra\/#primaryimage"},"thumbnailUrl":"https:\/\/www.eldiario.net\/portal\/wp-content\/uploads\/2026\/08\/direcotiro.webp","datePublished":"2026-08-22T11:41:57+00:00","dateModified":"2026-08-22T12:31:59+00:00","breadcrumb":{"@id":"https:\/\/www.eldiario.net\/portal\/2026\/08\/22\/toma-de-posesion-exjugadores-de-futbol-pediran-el-manejo-del-complejo-lastra\/#breadcrumb"},"inLanguage":"es","potentialAction":[{"@type":"ReadAction","target":["https:\/\/www.eldiario.net\/portal\/2026\/08\/22\/toma-de-posesion-exjugadores-de-futbol-pediran-el-manejo-del-complejo-lastra\/"]}]},{"@type":"ImageObject","inLanguage":"es","@id":"https:\/\/www.eldiario.net\/portal\/2026\/08\/22\/toma-de-posesion-exjugadores-de-futbol-pediran-el-manejo-del-complejo-lastra\/#primaryimage","url":"https:\/\/www.eldiario.net\/portal\/wp-content\/uploads\/2026\/08\/direcotiro.webp","contentUrl":"https:\/\/www.eldiario.net\/portal\/wp-content\/uploads\/2026\/08\/direcotiro.webp","width":899,"height":600,"caption":"Un aspecto de la posesi\u00f3n de ex miembros del flamante Directorio de la Mutual de ex jugadores, fue ayer por la ma\u00f1ana en el COE, en la zona Sur de la ciudad de La Paz. (ALBERTO VALERO)"},{"@type":"BreadcrumbList","@id":"https:\/\/www.eldiario.net\/portal\/2026\/08\/22\/toma-de-posesion-exjugadores-de-futbol-pediran-el-manejo-del-complejo-lastra\/#breadcrumb","itemListElement":[{"@type":"ListItem","position":1,"name":"Portada","item":"https:\/\/www.eldiario.net\/portal\/"},{"@type":"ListItem","position":2,"name":"TOMA DE POSESI\u00d3N Exjugadores de f\u00fatbol pedir\u00e1n el manejo del Complejo Lastra"}]},{"@type":"WebSite","@id":"https:\/\/www.eldiario.net\/portal\/#website","url":"https:\/\/www.eldiario.net\/portal\/","name":"El Diario - Decano de la prensa nacional","description":"El Diario - Decano de la prensa nacional","publisher":{"@id":"https:\/\/www.eldiario.net\/portal\/#organization"},"potentialAction":[{"@type":"SearchAction","target":{"@type":"EntryPoint","urlTemplate":"https:\/\/www.eldiario.net\/portal\/?s={search_term_string}"},"query-input":{"@type":"PropertyValueSpecification","valueRequired":true,"valueName":"search_term_string"}}],"inLanguage":"es"},{"@type":"Organization","@id":"https:\/\/www.eldiario.net\/portal\/#organization","name":"El Diario - Decano de la prensa nacional","url":"https:\/\/www.eldiario.net\/portal\/","logo":{"@type":"ImageObject","inLanguage":"es","@id":"https:\/\/www.eldiario.net\/portal\/#\/schema\/logo\/image\/","url":"https:\/\/www.eldiario.net\/portal\/wp-content\/uploads\/2023\/07\/logo_ED.jpg","contentUrl":"https:\/\/www.eldiario.net\/portal\/wp-content\/uploads\/2023\/07\/logo_ED.jpg","width":272,"height":52,"caption":"El Diario - Decano de la prensa nacional"},"image":{"@id":"https:\/\/www.eldiario.net\/portal\/#\/schema\/logo\/image\/"},"sameAs":["https:\/\/www.facebook.com\/eldiario.bolivia\/","https:\/\/x.com\/eldiario_net"]},{"@type":"Person","@id":"https:\/\/www.eldiario.net\/portal\/#\/schema\/person\/2c57cf2b7a7ae032e449e4c9b1019eac","name":"Jeanette","image":{"@type":"ImageObject","inLanguage":"es","@id":"https:\/\/secure.gravatar.com\/avatar\/3ea2118a5f7dad2b7138b1187a6b7ee55f160b9968b66013c3a3ef39dd7e5798?s=96&d=mm&r=g","url":"https:\/\/secure.gravatar.com\/avatar\/3ea2118a5f7dad2b7138b1187a6b7ee55f160b9968b66013c3a3ef39dd7e5798?s=96&d=mm&r=g","contentUrl":"https:\/\/secure.gravatar.com\/avatar\/3ea2118a5f7dad2b7138b1187a6b7ee55f160b9968b66013c3a3ef39dd7e5798?s=96&d=mm&r=g","caption":"Jeanette"},"sameAs":["https:\/\/www.eldiario.net\/portal"],"url":"https:\/\/www.eldiario.net\/portal\/author\/jeanette\/"}]}},"_links":{"self":[{"href":"https:\/\/www.eldiario.net\/portal\/wp-json\/wp\/v2\/posts\/423729","targetHints":{"allow":["GET"]}}],"collection":[{"href":"https:\/\/www.eldiario.net\/portal\/wp-json\/wp\/v2\/posts"}],"about":[{"href":"https:\/\/www.eldiario.net\/portal\/wp-json\/wp\/v2\/types\/post"}],"author":[{"embeddable":true,"href":"https:\/\/www.eldiario.net\/portal\/wp-json\/wp\/v2\/users\/1"}],"replies":[{"embeddable":true,"href":"https:\/\/www.eldiario.net\/portal\/wp-json\/wp\/v2\/comments?post=423729"}],"version-history":[{"count":2,"href":"https:\/\/www.eldiario.net\/portal\/wp-json\/wp\/v2\/posts\/423729\/revisions"}],"predecessor-version":[{"id":423874,"href":"https:\/\/www.eldiario.net\/portal\/wp-json\/wp\/v2\/posts\/423729\/revisions\/423874"}],"wp:featuredmedia":[{"embeddable":true,"href":"https:\/\/www.eldiario.net\/portal\/wp-json\/wp\/v2\/media\/423730"}],"wp:attachment":[{"href":"https:\/\/www.eldiario.net\/portal\/wp-json\/wp\/v2\/media?parent=423729"}],"wp:term":[{"taxonomy":"category","embeddable":true,"href":"https:\/\/www.eldiario.net\/portal\/wp-json\/wp\/v2\/categories?post=423729"},{"taxonomy":"post_tag","embeddable":true,"href":"https:\/\/www.eldiario.net\/portal\/wp-json\/wp\/v2\/tags?post=423729"}],"curies":[{"name":"wp","href":"https:\/\/api.w.org\/{rel}","templated":true}]}}