{"id":423635,"date":"2026-08-22T06:52:45","date_gmt":"2026-08-22T10:52:45","guid":{"rendered":"https:\/\/www.eldiario.net\/portal\/?p=423635"},"modified":"2026-08-22T06:52:45","modified_gmt":"2026-08-22T10:52:45","slug":"caso-cerimedo-suma-nuevos-allanamientos-y-evidencias","status":"publish","type":"post","link":"https:\/\/www.eldiario.net\/portal\/2026\/08\/22\/caso-cerimedo-suma-nuevos-allanamientos-y-evidencias\/","title":{"rendered":"Caso Cerimedo suma nuevos allanamientos y evidencias"},"content":{"rendered":"<p>La investigaci\u00f3n contra Fernando Cerimedo se ampli\u00f3 en La Paz con nuevos allanamientos y elementos vinculados a presuntos movimientos de dinero, entre ellos operaciones en casas de cambio, mientras la Fiscal\u00eda profundiza las pesquisas y la defensa niega cualquier v\u00ednculo con actividades il\u00edcitas.<\/p>\n<p>Los operativos se desarrollaron en distintos inmuebles de la zona sur de la ciudad y ya alcanzaron al menos cinco intervenciones dentro de la investigaci\u00f3n abierta de oficio por presunta legitimaci\u00f3n de ganancias il\u00edcitas.<\/p>\n<p>Uno de los procedimientos se realiz\u00f3 en una casa de cambios ubicada en Calacoto, donde, seg\u00fan la Fiscal\u00eda, Fernando Cerimedo habr\u00eda recibido cerca de $us 400.000 mediante distintas transacciones.<\/p>\n<p>El fiscal Miguel Cardozo se\u00f1al\u00f3 que el establecimiento habr\u00eda sido utilizado para recibir y entregar dinero que posteriormente era distribuido a otros lugares. Durante el operativo, una persona qued\u00f3 aprehendida y otra arrestada, mientras que el representante legal del negocio habr\u00eda salido del inmueble con una suma cercana a $us 700.000.<\/p>\n<p>La Fiscal\u00eda indic\u00f3 que todav\u00eda debe establecerse el origen y destino de esos recursos y evit\u00f3 anticipar una conclusi\u00f3n sobre un posible delito de legitimaci\u00f3n de ganancias il\u00edcitas.<\/p>\n<p>En el mismo operativo tambi\u00e9n fueron secuestrados veh\u00edculos y armas de fuego. Las autoridades contin\u00faan revisando documentaci\u00f3n y otros elementos obtenidos durante los allanamientos para determinar su relaci\u00f3n con la investigaci\u00f3n.<\/p>\n<p>El Ministerio P\u00fablico tambi\u00e9n inform\u00f3 que en la casa de cambios investigada se habr\u00edan realizado transacciones con oro, por lo que este aspecto ser\u00e1 incorporado a las pesquisas.<\/p>\n<p>Cardozo se\u00f1al\u00f3 que ya existe certeza de que en el lugar se realizaron operaciones con ese metal, aunque todav\u00eda se debe determinar el origen de los recursos y el destino de las transacciones.<\/p>\n<p>En ese contexto, el Ministerio P\u00fablico solicit\u00f3 a la Unidad de Investigaciones Financieras (UIF) un informe patrimonial financiero dentro de la investigaci\u00f3n. El director de la entidad, Diego Barboza, confirm\u00f3 que recibi\u00f3 el requerimiento y explic\u00f3 que el documento ser\u00e1 emitido dentro del plazo correspondiente.<\/p>\n<p>Barboza no precis\u00f3 a qu\u00e9 personas alcanza la solicitud debido a que se trata de informaci\u00f3n confidencial. Sin embargo, se\u00f1al\u00f3 que este tipo de informe forma parte de las primeras etapas de una investigaci\u00f3n financiera y permite analizar el origen y destino de los recursos.<\/p>\n<p>En uno de los inmuebles vinculados a la investigaci\u00f3n, las autoridades no encontraron dinero, pero s\u00ed facturas y documentaci\u00f3n relacionada con el alquiler del lugar, que presuntamente deb\u00eda funcionar como una oficina vinculada a actividades de Cerimedo.<\/p>\n<p>Estos nuevos operativos tienen como antecedente un allanamiento realizado en un domicilio de la zona de Aranjuez, que habr\u00eda sido ocupado por Cerimedo. En ese inmueble, el Ministerio P\u00fablico inform\u00f3 haber encontrado m\u00e1s de Bs 500.000, adem\u00e1s de d\u00f3lares y euros, as\u00ed como maletas atribuidas al investigado y documentaci\u00f3n que deb\u00eda ser analizada por los investigadores.<\/p>\n<p>En ese mismo procedimiento, la Fiscal\u00eda report\u00f3 el hallazgo de equipos que calific\u00f3 como una \u201cmini granja de bots\u201d, elemento que posteriormente fue cuestionado por la defensa de Cerimedo.<\/p>\n<p>La abogada Margarita Arce neg\u00f3 que existiera una supuesta granja de bots y sostuvo que los dispositivos encontrados ser\u00edan tel\u00e9fonos satelitales y m\u00f3dems de internet. Tambi\u00e9n rechaz\u00f3 que Cerimedo tuviera $us 1 mill\u00f3n en efectivo.<\/p>\n<p>Sobre el dinero, la defensa afirm\u00f3 que los recursos encontrados corresponder\u00edan a fondos que Cerimedo ten\u00eda en Bolivia para instalarse en el pa\u00eds mientras esperaba concretar un contrato con el Banco de Desarrollo de Am\u00e9rica Latina y el Caribe (CAF), anteriormente conocido como Corporaci\u00f3n Andina de Fomento. Seg\u00fan Arce, esta explicaci\u00f3n estar\u00eda respaldada por documentaci\u00f3n y correos electr\u00f3nicos.<\/p>\n<p>La abogada tambi\u00e9n neg\u00f3 que Cerimedo hubiera entregado dinero a legisladores, participado en reuniones de gabinete o intentado abandonar Bolivia. Asimismo, rechaz\u00f3 que hubiera convocado a Nadia Beller al lugar donde ocurri\u00f3 el ataque y neg\u00f3 que su cliente tuviera relaci\u00f3n con las personas que hablaron con ella.<\/p>\n<p>La defensa sostuvo adem\u00e1s que Cerimedo es asesor personal del presidente Rodrigo Paz y que colaboraba mientras se gestionaba una eventual contrataci\u00f3n como consultor externo de la CAF.<\/p>\n<p>REPRESENTANTE EXMILITAR<\/p>\n<p>El representante legal de la casa de cambios, Fritz Junior Gironda Quispe, fue quien, seg\u00fan la Fiscal\u00eda, sali\u00f3 del inmueble durante el allanamiento y habr\u00eda huido con m\u00e1s de $us 700.000. El exteniente de Infanter\u00eda fue localizado posteriormente y aprehendido durante la madrugada. La Fiscal\u00eda anunci\u00f3 que prepara una imputaci\u00f3n y se\u00f1al\u00f3 que a\u00fan debe establecerse el origen y destino del dinero.<\/p>\n<p>Su abogado, H\u00e9ctor Tapia, afirm\u00f3 que Gironda huy\u00f3 porque crey\u00f3 que se trataba de un atraco, debido a que d\u00edas antes se hab\u00eda registrado otro asalto cerca de una casa de cambios. Tambi\u00e9n neg\u00f3 que su cliente hubiera salido con dinero u oro y sostuvo que \u00fanicamente llevaba documentos. Adem\u00e1s, asegur\u00f3 que el negocio opera legalmente y cuenta con autorizaci\u00f3n y reconocimiento de la UIF y de la Autoridad de Supervisi\u00f3n del Sistema Financiero (ASFI).<\/p>\n<p>Otras dos personas quedaron bajo custodia policial por su presunta participaci\u00f3n en la fuga: una en calidad de aprehendida y otra de arrestada.<\/p>\n<p>El Ej\u00e9rcito aclar\u00f3 que Gironda ya no pertenece a la instituci\u00f3n y que prest\u00f3 servicios con el grado de teniente de Infanter\u00eda antes de solicitar voluntariamente su retiro, aprobado en mayo de este a\u00f1o. La entidad remarc\u00f3 que cualquier actuaci\u00f3n atribuida al exmilitar despu\u00e9s de su retiro corresponde exclusivamente a su \u00e1mbito personal y no representa ni compromete al Ej\u00e9rcito.<\/p>\n<p>INVESTIGACI\u00d3N CONTIN\u00daA<\/p>\n<p>Los allanamientos forman parte de una investigaci\u00f3n que se activ\u00f3 despu\u00e9s de la denuncia presentada por Nadia Beller, quien result\u00f3 herida en un ataque armado y se\u00f1al\u00f3 a Cerimedo como uno de los principales sospechosos.<\/p>\n<p>El caso mantiene as\u00ed versiones contrapuestas entre el Ministerio P\u00fablico y la defensa, mientras las autoridades avanzan con nuevos actos investigativos para establecer el origen de los recursos, su posible destino y las responsabilidades que correspondan.<\/p>\n<p>CASO BELLER<\/p>\n<p>De manera paralela, la investigaci\u00f3n por el ataque contra Nadia Beller incorpor\u00f3 elementos relacionados con comunicaciones que Cerimedo habr\u00eda mantenido con Erick Correa Gonzales, jefe de Inteligencia de la Fuerza Especial de Lucha Contra el Narcotr\u00e1fico (Felcn). En el celular del investigado, la Fiscal\u00eda habr\u00eda identificado un contacto registrado como \u201cECG\u201d, al que Beller identific\u00f3 como Correa.<\/p>\n<p>Seg\u00fan la informaci\u00f3n difundida sobre los chats extra\u00eddos del tel\u00e9fono de Cerimedo, el contacto \u201cECG\u201d le habr\u00eda enviado fotograf\u00edas y videos relacionados con el lugar donde se encontraba la activista antes del ataque ocurrido el lunes 17 de agosto. Posteriormente, a las 20:54, ese contacto habr\u00eda escrito a Cerimedo que a Beller le hab\u00edan disparado.<\/p>\n<p>Beller afirm\u00f3 que \u201cECG\u201d corresponde a Erick Correa y sostuvo que ambos manten\u00edan comunicaci\u00f3n frecuente. La abogada tambi\u00e9n se\u00f1al\u00f3 que Correa estar\u00eda bajo el mando de Cerimedo, una afirmaci\u00f3n que forma parte de su versi\u00f3n dentro de la investigaci\u00f3n.<\/p>\n<p>Asimismo, un presunto informe del Instituto de Investigaciones Forenses (IDIF) habr\u00eda incluido capturas de pantalla de conversaciones entre Cerimedo y el contacto identificado como \u201cECG\u201d. Entre los mensajes difundidos aparece uno en el que presuntamente se habla de eliminar a Beller y se pregunta por una persona que pudiera realizar el ataque.<\/p>\n","protected":false},"excerpt":{"rendered":"<p>La investigaci\u00f3n contra Fernando Cerimedo se ampli\u00f3 en La Paz con nuevos allanamientos y elementos vinculados a presuntos movimientos de dinero, entre ellos operaciones en casas de cambio, mientras la Fiscal\u00eda profundiza las pesquisas y la defensa niega cualquier v\u00ednculo con actividades il\u00edcitas. Los operativos se desarrollaron en distintos inmuebles de la zona sur de [&hellip;]<\/p>\n","protected":false},"author":1,"featured_media":423636,"comment_status":"closed","ping_status":"open","sticky":false,"template":"","format":"standard","meta":{"_acf_changed":false,"footnotes":""},"categories":[39],"tags":[],"class_list":["post-423635","post","type-post","status-publish","format-standard","has-post-thumbnail","category-sociedad"],"acf":{"antetitulo":"La Paz"},"yoast_head":"<!-- This site is optimized with the Yoast SEO plugin v28.3 - https:\/\/yoast.com\/product\/yoast-seo-wordpress\/ -->\n<title>Caso Cerimedo suma nuevos allanamientos y evidencias - El Diario - Bolivia<\/title>\n<meta name=\"robots\" content=\"index, follow, max-snippet:-1, max-image-preview:large, max-video-preview:-1\" \/>\n<link rel=\"canonical\" href=\"https:\/\/www.eldiario.net\/portal\/2026\/08\/22\/caso-cerimedo-suma-nuevos-allanamientos-y-evidencias\/\" \/>\n<meta property=\"og:locale\" content=\"es_ES\" \/>\n<meta property=\"og:type\" content=\"article\" \/>\n<meta property=\"og:title\" content=\"Caso Cerimedo suma nuevos allanamientos y evidencias - El Diario - Bolivia\" \/>\n<meta property=\"og:description\" content=\"La investigaci\u00f3n contra Fernando Cerimedo se ampli\u00f3 en La Paz con nuevos allanamientos y elementos vinculados a presuntos movimientos de dinero, entre ellos operaciones en casas de cambio, mientras la Fiscal\u00eda profundiza las pesquisas y la defensa niega cualquier v\u00ednculo con actividades il\u00edcitas. Los operativos se desarrollaron en distintos inmuebles de la zona sur de [&hellip;]\" \/>\n<meta property=\"og:url\" content=\"https:\/\/www.eldiario.net\/portal\/2026\/08\/22\/caso-cerimedo-suma-nuevos-allanamientos-y-evidencias\/\" \/>\n<meta property=\"og:site_name\" content=\"El Diario - Bolivia\" \/>\n<meta property=\"article:publisher\" content=\"https:\/\/www.facebook.com\/eldiario.bolivia\/\" \/>\n<meta property=\"article:published_time\" content=\"2026-08-22T10:52:45+00:00\" \/>\n<meta property=\"og:image\" content=\"https:\/\/www.eldiario.net\/portal\/wp-content\/uploads\/2026\/08\/22-CERIME.webp\" \/>\n\t<meta property=\"og:image:width\" content=\"990\" \/>\n\t<meta property=\"og:image:height\" content=\"682\" \/>\n\t<meta property=\"og:image:type\" content=\"image\/webp\" \/>\n<meta name=\"author\" content=\"Jeanette\" \/>\n<meta name=\"twitter:card\" content=\"summary_large_image\" \/>\n<meta name=\"twitter:creator\" content=\"@eldiario_net\" \/>\n<meta name=\"twitter:site\" content=\"@eldiario_net\" \/>\n<meta name=\"twitter:label1\" content=\"Escrito por\" \/>\n\t<meta name=\"twitter:data1\" content=\"Jeanette\" \/>\n\t<meta name=\"twitter:label2\" content=\"Tiempo de lectura\" \/>\n\t<meta name=\"twitter:data2\" content=\"6 minutos\" \/>\n<script type=\"application\/ld+json\" class=\"yoast-schema-graph\">{\"@context\":\"https:\\\/\\\/schema.org\",\"@graph\":[{\"@type\":\"Article\",\"@id\":\"https:\\\/\\\/www.eldiario.net\\\/portal\\\/2026\\\/08\\\/22\\\/caso-cerimedo-suma-nuevos-allanamientos-y-evidencias\\\/#article\",\"isPartOf\":{\"@id\":\"https:\\\/\\\/www.eldiario.net\\\/portal\\\/2026\\\/08\\\/22\\\/caso-cerimedo-suma-nuevos-allanamientos-y-evidencias\\\/\"},\"author\":{\"name\":\"Jeanette\",\"@id\":\"https:\\\/\\\/www.eldiario.net\\\/portal\\\/#\\\/schema\\\/person\\\/f46445640444750d7d753ccd04ae01b7\"},\"headline\":\"Caso Cerimedo suma nuevos allanamientos y evidencias\",\"datePublished\":\"2026-08-22T10:52:45+00:00\",\"mainEntityOfPage\":{\"@id\":\"https:\\\/\\\/www.eldiario.net\\\/portal\\\/2026\\\/08\\\/22\\\/caso-cerimedo-suma-nuevos-allanamientos-y-evidencias\\\/\"},\"wordCount\":1274,\"publisher\":{\"@id\":\"https:\\\/\\\/www.eldiario.net\\\/portal\\\/#organization\"},\"image\":{\"@id\":\"https:\\\/\\\/www.eldiario.net\\\/portal\\\/2026\\\/08\\\/22\\\/caso-cerimedo-suma-nuevos-allanamientos-y-evidencias\\\/#primaryimage\"},\"thumbnailUrl\":\"https:\\\/\\\/www.eldiario.net\\\/portal\\\/wp-content\\\/uploads\\\/2026\\\/08\\\/22-CERIME.webp\",\"articleSection\":[\"Sociedad - Seguridad\"],\"inLanguage\":\"es\"},{\"@type\":\"WebPage\",\"@id\":\"https:\\\/\\\/www.eldiario.net\\\/portal\\\/2026\\\/08\\\/22\\\/caso-cerimedo-suma-nuevos-allanamientos-y-evidencias\\\/\",\"url\":\"https:\\\/\\\/www.eldiario.net\\\/portal\\\/2026\\\/08\\\/22\\\/caso-cerimedo-suma-nuevos-allanamientos-y-evidencias\\\/\",\"name\":\"Caso Cerimedo suma nuevos allanamientos y evidencias - El Diario - Bolivia\",\"isPartOf\":{\"@id\":\"https:\\\/\\\/www.eldiario.net\\\/portal\\\/#website\"},\"primaryImageOfPage\":{\"@id\":\"https:\\\/\\\/www.eldiario.net\\\/portal\\\/2026\\\/08\\\/22\\\/caso-cerimedo-suma-nuevos-allanamientos-y-evidencias\\\/#primaryimage\"},\"image\":{\"@id\":\"https:\\\/\\\/www.eldiario.net\\\/portal\\\/2026\\\/08\\\/22\\\/caso-cerimedo-suma-nuevos-allanamientos-y-evidencias\\\/#primaryimage\"},\"thumbnailUrl\":\"https:\\\/\\\/www.eldiario.net\\\/portal\\\/wp-content\\\/uploads\\\/2026\\\/08\\\/22-CERIME.webp\",\"datePublished\":\"2026-08-22T10:52:45+00:00\",\"breadcrumb\":{\"@id\":\"https:\\\/\\\/www.eldiario.net\\\/portal\\\/2026\\\/08\\\/22\\\/caso-cerimedo-suma-nuevos-allanamientos-y-evidencias\\\/#breadcrumb\"},\"inLanguage\":\"es\",\"potentialAction\":[{\"@type\":\"ReadAction\",\"target\":[\"https:\\\/\\\/www.eldiario.net\\\/portal\\\/2026\\\/08\\\/22\\\/caso-cerimedo-suma-nuevos-allanamientos-y-evidencias\\\/\"]}]},{\"@type\":\"ImageObject\",\"inLanguage\":\"es\",\"@id\":\"https:\\\/\\\/www.eldiario.net\\\/portal\\\/2026\\\/08\\\/22\\\/caso-cerimedo-suma-nuevos-allanamientos-y-evidencias\\\/#primaryimage\",\"url\":\"https:\\\/\\\/www.eldiario.net\\\/portal\\\/wp-content\\\/uploads\\\/2026\\\/08\\\/22-CERIME.webp\",\"contentUrl\":\"https:\\\/\\\/www.eldiario.net\\\/portal\\\/wp-content\\\/uploads\\\/2026\\\/08\\\/22-CERIME.webp\",\"width\":990,\"height\":682,\"caption\":\"La Fiscal\u00eda realiz\u00f3 nuevos allanamientos en distintos inmuebles de La Paz. Cr\u00e9dito de foto: APG\"},{\"@type\":\"BreadcrumbList\",\"@id\":\"https:\\\/\\\/www.eldiario.net\\\/portal\\\/2026\\\/08\\\/22\\\/caso-cerimedo-suma-nuevos-allanamientos-y-evidencias\\\/#breadcrumb\",\"itemListElement\":[{\"@type\":\"ListItem\",\"position\":1,\"name\":\"Portada\",\"item\":\"https:\\\/\\\/www.eldiario.net\\\/portal\\\/\"},{\"@type\":\"ListItem\",\"position\":2,\"name\":\"Caso Cerimedo suma nuevos allanamientos y evidencias\"}]},{\"@type\":\"WebSite\",\"@id\":\"https:\\\/\\\/www.eldiario.net\\\/portal\\\/#website\",\"url\":\"https:\\\/\\\/www.eldiario.net\\\/portal\\\/\",\"name\":\"El Diario - Decano de la prensa nacional\",\"description\":\"El Diario - Decano de la prensa nacional\",\"publisher\":{\"@id\":\"https:\\\/\\\/www.eldiario.net\\\/portal\\\/#organization\"},\"potentialAction\":[{\"@type\":\"SearchAction\",\"target\":{\"@type\":\"EntryPoint\",\"urlTemplate\":\"https:\\\/\\\/www.eldiario.net\\\/portal\\\/?s={search_term_string}\"},\"query-input\":{\"@type\":\"PropertyValueSpecification\",\"valueRequired\":true,\"valueName\":\"search_term_string\"}}],\"inLanguage\":\"es\"},{\"@type\":\"Organization\",\"@id\":\"https:\\\/\\\/www.eldiario.net\\\/portal\\\/#organization\",\"name\":\"El Diario - Decano de la prensa nacional\",\"url\":\"https:\\\/\\\/www.eldiario.net\\\/portal\\\/\",\"logo\":{\"@type\":\"ImageObject\",\"inLanguage\":\"es\",\"@id\":\"https:\\\/\\\/www.eldiario.net\\\/portal\\\/#\\\/schema\\\/logo\\\/image\\\/\",\"url\":\"https:\\\/\\\/www.eldiario.net\\\/portal\\\/wp-content\\\/uploads\\\/2023\\\/07\\\/logo_ED.jpg\",\"contentUrl\":\"https:\\\/\\\/www.eldiario.net\\\/portal\\\/wp-content\\\/uploads\\\/2023\\\/07\\\/logo_ED.jpg\",\"width\":272,\"height\":52,\"caption\":\"El Diario - Decano de la prensa nacional\"},\"image\":{\"@id\":\"https:\\\/\\\/www.eldiario.net\\\/portal\\\/#\\\/schema\\\/logo\\\/image\\\/\"},\"sameAs\":[\"https:\\\/\\\/www.facebook.com\\\/eldiario.bolivia\\\/\",\"https:\\\/\\\/x.com\\\/eldiario_net\"]},{\"@type\":\"Person\",\"@id\":\"https:\\\/\\\/www.eldiario.net\\\/portal\\\/#\\\/schema\\\/person\\\/f46445640444750d7d753ccd04ae01b7\",\"name\":\"Jeanette\",\"image\":{\"@type\":\"ImageObject\",\"inLanguage\":\"es\",\"@id\":\"https:\\\/\\\/secure.gravatar.com\\\/avatar\\\/3ea2118a5f7dad2b7138b1187a6b7ee55f160b9968b66013c3a3ef39dd7e5798?s=96&d=mm&r=g\",\"url\":\"https:\\\/\\\/secure.gravatar.com\\\/avatar\\\/3ea2118a5f7dad2b7138b1187a6b7ee55f160b9968b66013c3a3ef39dd7e5798?s=96&d=mm&r=g\",\"contentUrl\":\"https:\\\/\\\/secure.gravatar.com\\\/avatar\\\/3ea2118a5f7dad2b7138b1187a6b7ee55f160b9968b66013c3a3ef39dd7e5798?s=96&d=mm&r=g\",\"caption\":\"Jeanette\"},\"sameAs\":[\"https:\\\/\\\/www.eldiario.net\\\/portal\"],\"url\":\"https:\\\/\\\/www.eldiario.net\\\/portal\\\/author\\\/jeanette\\\/\"}]}<\/script>\n<!-- \/ Yoast SEO plugin. -->","yoast_head_json":{"title":"Caso Cerimedo suma nuevos allanamientos y evidencias - El Diario - Bolivia","robots":{"index":"index","follow":"follow","max-snippet":"max-snippet:-1","max-image-preview":"max-image-preview:large","max-video-preview":"max-video-preview:-1"},"canonical":"https:\/\/www.eldiario.net\/portal\/2026\/08\/22\/caso-cerimedo-suma-nuevos-allanamientos-y-evidencias\/","og_locale":"es_ES","og_type":"article","og_title":"Caso Cerimedo suma nuevos allanamientos y evidencias - El Diario - Bolivia","og_description":"La investigaci\u00f3n contra Fernando Cerimedo se ampli\u00f3 en La Paz con nuevos allanamientos y elementos vinculados a presuntos movimientos de dinero, entre ellos operaciones en casas de cambio, mientras la Fiscal\u00eda profundiza las pesquisas y la defensa niega cualquier v\u00ednculo con actividades il\u00edcitas. Los operativos se desarrollaron en distintos inmuebles de la zona sur de [&hellip;]","og_url":"https:\/\/www.eldiario.net\/portal\/2026\/08\/22\/caso-cerimedo-suma-nuevos-allanamientos-y-evidencias\/","og_site_name":"El Diario - Bolivia","article_publisher":"https:\/\/www.facebook.com\/eldiario.bolivia\/","article_published_time":"2026-08-22T10:52:45+00:00","og_image":[{"width":990,"height":682,"url":"https:\/\/www.eldiario.net\/portal\/wp-content\/uploads\/2026\/08\/22-CERIME.webp","type":"image\/webp"}],"author":"Jeanette","twitter_card":"summary_large_image","twitter_creator":"@eldiario_net","twitter_site":"@eldiario_net","twitter_misc":{"Escrito por":"Jeanette","Tiempo de lectura":"6 minutos"},"schema":{"@context":"https:\/\/schema.org","@graph":[{"@type":"Article","@id":"https:\/\/www.eldiario.net\/portal\/2026\/08\/22\/caso-cerimedo-suma-nuevos-allanamientos-y-evidencias\/#article","isPartOf":{"@id":"https:\/\/www.eldiario.net\/portal\/2026\/08\/22\/caso-cerimedo-suma-nuevos-allanamientos-y-evidencias\/"},"author":{"name":"Jeanette","@id":"https:\/\/www.eldiario.net\/portal\/#\/schema\/person\/f46445640444750d7d753ccd04ae01b7"},"headline":"Caso Cerimedo suma nuevos allanamientos y evidencias","datePublished":"2026-08-22T10:52:45+00:00","mainEntityOfPage":{"@id":"https:\/\/www.eldiario.net\/portal\/2026\/08\/22\/caso-cerimedo-suma-nuevos-allanamientos-y-evidencias\/"},"wordCount":1274,"publisher":{"@id":"https:\/\/www.eldiario.net\/portal\/#organization"},"image":{"@id":"https:\/\/www.eldiario.net\/portal\/2026\/08\/22\/caso-cerimedo-suma-nuevos-allanamientos-y-evidencias\/#primaryimage"},"thumbnailUrl":"https:\/\/www.eldiario.net\/portal\/wp-content\/uploads\/2026\/08\/22-CERIME.webp","articleSection":["Sociedad - Seguridad"],"inLanguage":"es"},{"@type":"WebPage","@id":"https:\/\/www.eldiario.net\/portal\/2026\/08\/22\/caso-cerimedo-suma-nuevos-allanamientos-y-evidencias\/","url":"https:\/\/www.eldiario.net\/portal\/2026\/08\/22\/caso-cerimedo-suma-nuevos-allanamientos-y-evidencias\/","name":"Caso Cerimedo suma nuevos allanamientos y evidencias - El Diario - Bolivia","isPartOf":{"@id":"https:\/\/www.eldiario.net\/portal\/#website"},"primaryImageOfPage":{"@id":"https:\/\/www.eldiario.net\/portal\/2026\/08\/22\/caso-cerimedo-suma-nuevos-allanamientos-y-evidencias\/#primaryimage"},"image":{"@id":"https:\/\/www.eldiario.net\/portal\/2026\/08\/22\/caso-cerimedo-suma-nuevos-allanamientos-y-evidencias\/#primaryimage"},"thumbnailUrl":"https:\/\/www.eldiario.net\/portal\/wp-content\/uploads\/2026\/08\/22-CERIME.webp","datePublished":"2026-08-22T10:52:45+00:00","breadcrumb":{"@id":"https:\/\/www.eldiario.net\/portal\/2026\/08\/22\/caso-cerimedo-suma-nuevos-allanamientos-y-evidencias\/#breadcrumb"},"inLanguage":"es","potentialAction":[{"@type":"ReadAction","target":["https:\/\/www.eldiario.net\/portal\/2026\/08\/22\/caso-cerimedo-suma-nuevos-allanamientos-y-evidencias\/"]}]},{"@type":"ImageObject","inLanguage":"es","@id":"https:\/\/www.eldiario.net\/portal\/2026\/08\/22\/caso-cerimedo-suma-nuevos-allanamientos-y-evidencias\/#primaryimage","url":"https:\/\/www.eldiario.net\/portal\/wp-content\/uploads\/2026\/08\/22-CERIME.webp","contentUrl":"https:\/\/www.eldiario.net\/portal\/wp-content\/uploads\/2026\/08\/22-CERIME.webp","width":990,"height":682,"caption":"La Fiscal\u00eda realiz\u00f3 nuevos allanamientos en distintos inmuebles de La Paz. Cr\u00e9dito de foto: APG"},{"@type":"BreadcrumbList","@id":"https:\/\/www.eldiario.net\/portal\/2026\/08\/22\/caso-cerimedo-suma-nuevos-allanamientos-y-evidencias\/#breadcrumb","itemListElement":[{"@type":"ListItem","position":1,"name":"Portada","item":"https:\/\/www.eldiario.net\/portal\/"},{"@type":"ListItem","position":2,"name":"Caso Cerimedo suma nuevos allanamientos y evidencias"}]},{"@type":"WebSite","@id":"https:\/\/www.eldiario.net\/portal\/#website","url":"https:\/\/www.eldiario.net\/portal\/","name":"El Diario - Decano de la prensa nacional","description":"El Diario - Decano de la prensa nacional","publisher":{"@id":"https:\/\/www.eldiario.net\/portal\/#organization"},"potentialAction":[{"@type":"SearchAction","target":{"@type":"EntryPoint","urlTemplate":"https:\/\/www.eldiario.net\/portal\/?s={search_term_string}"},"query-input":{"@type":"PropertyValueSpecification","valueRequired":true,"valueName":"search_term_string"}}],"inLanguage":"es"},{"@type":"Organization","@id":"https:\/\/www.eldiario.net\/portal\/#organization","name":"El Diario - Decano de la prensa nacional","url":"https:\/\/www.eldiario.net\/portal\/","logo":{"@type":"ImageObject","inLanguage":"es","@id":"https:\/\/www.eldiario.net\/portal\/#\/schema\/logo\/image\/","url":"https:\/\/www.eldiario.net\/portal\/wp-content\/uploads\/2023\/07\/logo_ED.jpg","contentUrl":"https:\/\/www.eldiario.net\/portal\/wp-content\/uploads\/2023\/07\/logo_ED.jpg","width":272,"height":52,"caption":"El Diario - Decano de la prensa nacional"},"image":{"@id":"https:\/\/www.eldiario.net\/portal\/#\/schema\/logo\/image\/"},"sameAs":["https:\/\/www.facebook.com\/eldiario.bolivia\/","https:\/\/x.com\/eldiario_net"]},{"@type":"Person","@id":"https:\/\/www.eldiario.net\/portal\/#\/schema\/person\/f46445640444750d7d753ccd04ae01b7","name":"Jeanette","image":{"@type":"ImageObject","inLanguage":"es","@id":"https:\/\/secure.gravatar.com\/avatar\/3ea2118a5f7dad2b7138b1187a6b7ee55f160b9968b66013c3a3ef39dd7e5798?s=96&d=mm&r=g","url":"https:\/\/secure.gravatar.com\/avatar\/3ea2118a5f7dad2b7138b1187a6b7ee55f160b9968b66013c3a3ef39dd7e5798?s=96&d=mm&r=g","contentUrl":"https:\/\/secure.gravatar.com\/avatar\/3ea2118a5f7dad2b7138b1187a6b7ee55f160b9968b66013c3a3ef39dd7e5798?s=96&d=mm&r=g","caption":"Jeanette"},"sameAs":["https:\/\/www.eldiario.net\/portal"],"url":"https:\/\/www.eldiario.net\/portal\/author\/jeanette\/"}]}},"_links":{"self":[{"href":"https:\/\/www.eldiario.net\/portal\/wp-json\/wp\/v2\/posts\/423635","targetHints":{"allow":["GET"]}}],"collection":[{"href":"https:\/\/www.eldiario.net\/portal\/wp-json\/wp\/v2\/posts"}],"about":[{"href":"https:\/\/www.eldiario.net\/portal\/wp-json\/wp\/v2\/types\/post"}],"author":[{"embeddable":true,"href":"https:\/\/www.eldiario.net\/portal\/wp-json\/wp\/v2\/users\/1"}],"replies":[{"embeddable":true,"href":"https:\/\/www.eldiario.net\/portal\/wp-json\/wp\/v2\/comments?post=423635"}],"version-history":[{"count":1,"href":"https:\/\/www.eldiario.net\/portal\/wp-json\/wp\/v2\/posts\/423635\/revisions"}],"predecessor-version":[{"id":423637,"href":"https:\/\/www.eldiario.net\/portal\/wp-json\/wp\/v2\/posts\/423635\/revisions\/423637"}],"wp:featuredmedia":[{"embeddable":true,"href":"https:\/\/www.eldiario.net\/portal\/wp-json\/wp\/v2\/media\/423636"}],"wp:attachment":[{"href":"https:\/\/www.eldiario.net\/portal\/wp-json\/wp\/v2\/media?parent=423635"}],"wp:term":[{"taxonomy":"category","embeddable":true,"href":"https:\/\/www.eldiario.net\/portal\/wp-json\/wp\/v2\/categories?post=423635"},{"taxonomy":"post_tag","embeddable":true,"href":"https:\/\/www.eldiario.net\/portal\/wp-json\/wp\/v2\/tags?post=423635"}],"curies":[{"name":"wp","href":"https:\/\/api.w.org\/{rel}","templated":true}]}}