{"id":423632,"date":"2026-08-22T06:51:50","date_gmt":"2026-08-22T10:51:50","guid":{"rendered":"https:\/\/www.eldiario.net\/portal\/?p=423632"},"modified":"2026-08-22T06:51:50","modified_gmt":"2026-08-22T10:51:50","slug":"hallan-vivo-al-fiscal-huchani-tras-ocho-dias-de-busqueda-2","status":"publish","type":"post","link":"https:\/\/www.eldiario.net\/portal\/2026\/08\/22\/hallan-vivo-al-fiscal-huchani-tras-ocho-dias-de-busqueda-2\/","title":{"rendered":"Hallan vivo al fiscal Huchani tras ocho d\u00edas de b\u00fasqueda"},"content":{"rendered":"<p>El fiscal Juan Benjo Huchani Alpire fue encontrado con vida ayer, ocho d\u00edas despu\u00e9s del accidente de una avioneta en el Beni, en inmediaciones de la estancia Cachaschane y posteriormente trasladado a Trinidad para recibir atenci\u00f3n m\u00e9dica.<\/p>\n<p>Huchani fue encontrado consciente y, seg\u00fan los primeros reportes, manifest\u00f3 que necesitaba atenci\u00f3n m\u00e9dica urgente. Tambi\u00e9n inform\u00f3 que presentaba una grave afectaci\u00f3n en uno de sus pies, por lo que se activ\u00f3 su evacuaci\u00f3n desde la zona donde fue ubicado.<\/p>\n<p>El accidente de la avioneta ocurri\u00f3 el pasado 14 de agosto y desde entonces se desplegaron equipos de b\u00fasqueda en una extensa \u00e1rea del departamento del Beni. Las labores se realizaron tanto por tierra como por aire debido a las caracter\u00edsticas del terreno, marcado por la vegetaci\u00f3n densa y el dif\u00edcil acceso.<\/p>\n<p>En los rastrillajes participaron efectivos de la Polic\u00eda Boliviana, la Fuerza Especial de Lucha contra el Crimen (Felcc), la Unidad M\u00f3vil de Patrullaje Rural (Umopar) y la Polic\u00eda Montada, adem\u00e1s de personal especializado y voluntarios del Servicio de B\u00fasqueda y Salvamento (SAR) de la Fuerza A\u00e9rea Boliviana (FAB).<\/p>\n<p>La b\u00fasqueda tambi\u00e9n cont\u00f3 con apoyo a\u00e9reo. Helic\u00f3pteros y avionetas fueron utilizados para recorrer sectores de la zona donde se concentraron las tareas de localizaci\u00f3n. A estos recursos se sumaron dos drones, uno de uso militar y otro perteneciente a la Fiscal\u00eda Departamental del Beni.<\/p>\n<p>Durante los ocho d\u00edas, los equipos ampliaron progresivamente el \u00e1rea de rastreo y combinaron los recorridos terrestres con la vigilancia desde el aire para intentar establecer el paradero del fiscal.<\/p>\n<p>El hallazgo de Huchani se produjo despu\u00e9s de una semana de b\u00fasqueda en condiciones geogr\u00e1ficas complejas. Una vez ubicado, las labores se concentraron en su evacuaci\u00f3n y traslado a Trinidad, donde deb\u00eda ser sometido a una evaluaci\u00f3n m\u00e9dica debido a las lesiones que presentaba.<\/p>\n<p>La localizaci\u00f3n con vida del fiscal puso fin al operativo desplegado desde el accidente y permiti\u00f3 concretar su traslado para recibir atenci\u00f3n m\u00e9dica.<\/p>\n","protected":false},"excerpt":{"rendered":"<p>El fiscal Juan Benjo Huchani Alpire fue encontrado con vida ayer, ocho d\u00edas despu\u00e9s del accidente de una avioneta en el Beni, en inmediaciones de la estancia Cachaschane y posteriormente trasladado a Trinidad para recibir atenci\u00f3n m\u00e9dica. Huchani fue encontrado consciente y, seg\u00fan los primeros reportes, manifest\u00f3 que necesitaba atenci\u00f3n m\u00e9dica urgente. Tambi\u00e9n inform\u00f3 que [&hellip;]<\/p>\n","protected":false},"author":1,"featured_media":423633,"comment_status":"closed","ping_status":"open","sticky":false,"template":"","format":"standard","meta":{"_acf_changed":false,"footnotes":""},"categories":[39],"tags":[],"class_list":["post-423632","post","type-post","status-publish","format-standard","has-post-thumbnail","category-sociedad"],"acf":{"antetitulo":"Accidente a\u00e9reo en Beni"},"yoast_head":"<!-- This site is optimized with the Yoast SEO plugin v28.3 - https:\/\/yoast.com\/product\/yoast-seo-wordpress\/ -->\n<title>Hallan vivo al fiscal Huchani tras ocho d\u00edas de b\u00fasqueda - El Diario - Bolivia<\/title>\n<meta name=\"robots\" content=\"index, follow, max-snippet:-1, max-image-preview:large, max-video-preview:-1\" \/>\n<link rel=\"canonical\" href=\"https:\/\/www.eldiario.net\/portal\/2026\/08\/22\/hallan-vivo-al-fiscal-huchani-tras-ocho-dias-de-busqueda-2\/\" \/>\n<meta property=\"og:locale\" content=\"es_ES\" \/>\n<meta property=\"og:type\" content=\"article\" \/>\n<meta property=\"og:title\" content=\"Hallan vivo al fiscal Huchani tras ocho d\u00edas de b\u00fasqueda - El Diario - Bolivia\" \/>\n<meta property=\"og:description\" content=\"El fiscal Juan Benjo Huchani Alpire fue encontrado con vida ayer, ocho d\u00edas despu\u00e9s del accidente de una avioneta en el Beni, en inmediaciones de la estancia Cachaschane y posteriormente trasladado a Trinidad para recibir atenci\u00f3n m\u00e9dica. Huchani fue encontrado consciente y, seg\u00fan los primeros reportes, manifest\u00f3 que necesitaba atenci\u00f3n m\u00e9dica urgente. Tambi\u00e9n inform\u00f3 que [&hellip;]\" \/>\n<meta property=\"og:url\" content=\"https:\/\/www.eldiario.net\/portal\/2026\/08\/22\/hallan-vivo-al-fiscal-huchani-tras-ocho-dias-de-busqueda-2\/\" \/>\n<meta property=\"og:site_name\" content=\"El Diario - Bolivia\" \/>\n<meta property=\"article:publisher\" content=\"https:\/\/www.facebook.com\/eldiario.bolivia\/\" \/>\n<meta property=\"article:published_time\" content=\"2026-08-22T10:51:50+00:00\" \/>\n<meta property=\"og:image\" content=\"https:\/\/www.eldiario.net\/portal\/wp-content\/uploads\/2026\/08\/22-HUACHANI.webp\" \/>\n\t<meta property=\"og:image:width\" content=\"1201\" \/>\n\t<meta property=\"og:image:height\" content=\"1214\" \/>\n\t<meta property=\"og:image:type\" content=\"image\/webp\" \/>\n<meta name=\"author\" content=\"Jeanette\" \/>\n<meta name=\"twitter:card\" content=\"summary_large_image\" \/>\n<meta name=\"twitter:creator\" content=\"@eldiario_net\" \/>\n<meta name=\"twitter:site\" content=\"@eldiario_net\" \/>\n<meta name=\"twitter:label1\" content=\"Escrito por\" \/>\n\t<meta name=\"twitter:data1\" content=\"Jeanette\" \/>\n\t<meta name=\"twitter:label2\" content=\"Tiempo de lectura\" \/>\n\t<meta name=\"twitter:data2\" content=\"2 minutos\" \/>\n<script type=\"application\/ld+json\" class=\"yoast-schema-graph\">{\"@context\":\"https:\\\/\\\/schema.org\",\"@graph\":[{\"@type\":\"Article\",\"@id\":\"https:\\\/\\\/www.eldiario.net\\\/portal\\\/2026\\\/08\\\/22\\\/hallan-vivo-al-fiscal-huchani-tras-ocho-dias-de-busqueda-2\\\/#article\",\"isPartOf\":{\"@id\":\"https:\\\/\\\/www.eldiario.net\\\/portal\\\/2026\\\/08\\\/22\\\/hallan-vivo-al-fiscal-huchani-tras-ocho-dias-de-busqueda-2\\\/\"},\"author\":{\"name\":\"Jeanette\",\"@id\":\"https:\\\/\\\/www.eldiario.net\\\/portal\\\/#\\\/schema\\\/person\\\/f46445640444750d7d753ccd04ae01b7\"},\"headline\":\"Hallan vivo al fiscal Huchani tras ocho d\u00edas de b\u00fasqueda\",\"datePublished\":\"2026-08-22T10:51:50+00:00\",\"mainEntityOfPage\":{\"@id\":\"https:\\\/\\\/www.eldiario.net\\\/portal\\\/2026\\\/08\\\/22\\\/hallan-vivo-al-fiscal-huchani-tras-ocho-dias-de-busqueda-2\\\/\"},\"wordCount\":367,\"publisher\":{\"@id\":\"https:\\\/\\\/www.eldiario.net\\\/portal\\\/#organization\"},\"image\":{\"@id\":\"https:\\\/\\\/www.eldiario.net\\\/portal\\\/2026\\\/08\\\/22\\\/hallan-vivo-al-fiscal-huchani-tras-ocho-dias-de-busqueda-2\\\/#primaryimage\"},\"thumbnailUrl\":\"https:\\\/\\\/www.eldiario.net\\\/portal\\\/wp-content\\\/uploads\\\/2026\\\/08\\\/22-HUACHANI.webp\",\"articleSection\":[\"Sociedad - Seguridad\"],\"inLanguage\":\"es\"},{\"@type\":\"WebPage\",\"@id\":\"https:\\\/\\\/www.eldiario.net\\\/portal\\\/2026\\\/08\\\/22\\\/hallan-vivo-al-fiscal-huchani-tras-ocho-dias-de-busqueda-2\\\/\",\"url\":\"https:\\\/\\\/www.eldiario.net\\\/portal\\\/2026\\\/08\\\/22\\\/hallan-vivo-al-fiscal-huchani-tras-ocho-dias-de-busqueda-2\\\/\",\"name\":\"Hallan vivo al fiscal Huchani tras ocho d\u00edas de b\u00fasqueda - El Diario - Bolivia\",\"isPartOf\":{\"@id\":\"https:\\\/\\\/www.eldiario.net\\\/portal\\\/#website\"},\"primaryImageOfPage\":{\"@id\":\"https:\\\/\\\/www.eldiario.net\\\/portal\\\/2026\\\/08\\\/22\\\/hallan-vivo-al-fiscal-huchani-tras-ocho-dias-de-busqueda-2\\\/#primaryimage\"},\"image\":{\"@id\":\"https:\\\/\\\/www.eldiario.net\\\/portal\\\/2026\\\/08\\\/22\\\/hallan-vivo-al-fiscal-huchani-tras-ocho-dias-de-busqueda-2\\\/#primaryimage\"},\"thumbnailUrl\":\"https:\\\/\\\/www.eldiario.net\\\/portal\\\/wp-content\\\/uploads\\\/2026\\\/08\\\/22-HUACHANI.webp\",\"datePublished\":\"2026-08-22T10:51:50+00:00\",\"breadcrumb\":{\"@id\":\"https:\\\/\\\/www.eldiario.net\\\/portal\\\/2026\\\/08\\\/22\\\/hallan-vivo-al-fiscal-huchani-tras-ocho-dias-de-busqueda-2\\\/#breadcrumb\"},\"inLanguage\":\"es\",\"potentialAction\":[{\"@type\":\"ReadAction\",\"target\":[\"https:\\\/\\\/www.eldiario.net\\\/portal\\\/2026\\\/08\\\/22\\\/hallan-vivo-al-fiscal-huchani-tras-ocho-dias-de-busqueda-2\\\/\"]}]},{\"@type\":\"ImageObject\",\"inLanguage\":\"es\",\"@id\":\"https:\\\/\\\/www.eldiario.net\\\/portal\\\/2026\\\/08\\\/22\\\/hallan-vivo-al-fiscal-huchani-tras-ocho-dias-de-busqueda-2\\\/#primaryimage\",\"url\":\"https:\\\/\\\/www.eldiario.net\\\/portal\\\/wp-content\\\/uploads\\\/2026\\\/08\\\/22-HUACHANI.webp\",\"contentUrl\":\"https:\\\/\\\/www.eldiario.net\\\/portal\\\/wp-content\\\/uploads\\\/2026\\\/08\\\/22-HUACHANI.webp\",\"width\":1201,\"height\":1214,\"caption\":\"El fiscal fue encontrado con vida tras ocho d\u00edas de b\u00fasqueda. Cr\u00e9dito de foto: MD\"},{\"@type\":\"BreadcrumbList\",\"@id\":\"https:\\\/\\\/www.eldiario.net\\\/portal\\\/2026\\\/08\\\/22\\\/hallan-vivo-al-fiscal-huchani-tras-ocho-dias-de-busqueda-2\\\/#breadcrumb\",\"itemListElement\":[{\"@type\":\"ListItem\",\"position\":1,\"name\":\"Portada\",\"item\":\"https:\\\/\\\/www.eldiario.net\\\/portal\\\/\"},{\"@type\":\"ListItem\",\"position\":2,\"name\":\"Hallan vivo al fiscal Huchani tras ocho d\u00edas de b\u00fasqueda\"}]},{\"@type\":\"WebSite\",\"@id\":\"https:\\\/\\\/www.eldiario.net\\\/portal\\\/#website\",\"url\":\"https:\\\/\\\/www.eldiario.net\\\/portal\\\/\",\"name\":\"El Diario - Decano de la prensa nacional\",\"description\":\"El Diario - Decano de la prensa nacional\",\"publisher\":{\"@id\":\"https:\\\/\\\/www.eldiario.net\\\/portal\\\/#organization\"},\"potentialAction\":[{\"@type\":\"SearchAction\",\"target\":{\"@type\":\"EntryPoint\",\"urlTemplate\":\"https:\\\/\\\/www.eldiario.net\\\/portal\\\/?s={search_term_string}\"},\"query-input\":{\"@type\":\"PropertyValueSpecification\",\"valueRequired\":true,\"valueName\":\"search_term_string\"}}],\"inLanguage\":\"es\"},{\"@type\":\"Organization\",\"@id\":\"https:\\\/\\\/www.eldiario.net\\\/portal\\\/#organization\",\"name\":\"El Diario - Decano de la prensa nacional\",\"url\":\"https:\\\/\\\/www.eldiario.net\\\/portal\\\/\",\"logo\":{\"@type\":\"ImageObject\",\"inLanguage\":\"es\",\"@id\":\"https:\\\/\\\/www.eldiario.net\\\/portal\\\/#\\\/schema\\\/logo\\\/image\\\/\",\"url\":\"https:\\\/\\\/www.eldiario.net\\\/portal\\\/wp-content\\\/uploads\\\/2023\\\/07\\\/logo_ED.jpg\",\"contentUrl\":\"https:\\\/\\\/www.eldiario.net\\\/portal\\\/wp-content\\\/uploads\\\/2023\\\/07\\\/logo_ED.jpg\",\"width\":272,\"height\":52,\"caption\":\"El Diario - Decano de la prensa nacional\"},\"image\":{\"@id\":\"https:\\\/\\\/www.eldiario.net\\\/portal\\\/#\\\/schema\\\/logo\\\/image\\\/\"},\"sameAs\":[\"https:\\\/\\\/www.facebook.com\\\/eldiario.bolivia\\\/\",\"https:\\\/\\\/x.com\\\/eldiario_net\"]},{\"@type\":\"Person\",\"@id\":\"https:\\\/\\\/www.eldiario.net\\\/portal\\\/#\\\/schema\\\/person\\\/f46445640444750d7d753ccd04ae01b7\",\"name\":\"Jeanette\",\"image\":{\"@type\":\"ImageObject\",\"inLanguage\":\"es\",\"@id\":\"https:\\\/\\\/secure.gravatar.com\\\/avatar\\\/3ea2118a5f7dad2b7138b1187a6b7ee55f160b9968b66013c3a3ef39dd7e5798?s=96&d=mm&r=g\",\"url\":\"https:\\\/\\\/secure.gravatar.com\\\/avatar\\\/3ea2118a5f7dad2b7138b1187a6b7ee55f160b9968b66013c3a3ef39dd7e5798?s=96&d=mm&r=g\",\"contentUrl\":\"https:\\\/\\\/secure.gravatar.com\\\/avatar\\\/3ea2118a5f7dad2b7138b1187a6b7ee55f160b9968b66013c3a3ef39dd7e5798?s=96&d=mm&r=g\",\"caption\":\"Jeanette\"},\"sameAs\":[\"https:\\\/\\\/www.eldiario.net\\\/portal\"],\"url\":\"https:\\\/\\\/www.eldiario.net\\\/portal\\\/author\\\/jeanette\\\/\"}]}<\/script>\n<!-- \/ Yoast SEO plugin. -->","yoast_head_json":{"title":"Hallan vivo al fiscal Huchani tras ocho d\u00edas de b\u00fasqueda - El Diario - Bolivia","robots":{"index":"index","follow":"follow","max-snippet":"max-snippet:-1","max-image-preview":"max-image-preview:large","max-video-preview":"max-video-preview:-1"},"canonical":"https:\/\/www.eldiario.net\/portal\/2026\/08\/22\/hallan-vivo-al-fiscal-huchani-tras-ocho-dias-de-busqueda-2\/","og_locale":"es_ES","og_type":"article","og_title":"Hallan vivo al fiscal Huchani tras ocho d\u00edas de b\u00fasqueda - El Diario - Bolivia","og_description":"El fiscal Juan Benjo Huchani Alpire fue encontrado con vida ayer, ocho d\u00edas despu\u00e9s del accidente de una avioneta en el Beni, en inmediaciones de la estancia Cachaschane y posteriormente trasladado a Trinidad para recibir atenci\u00f3n m\u00e9dica. Huchani fue encontrado consciente y, seg\u00fan los primeros reportes, manifest\u00f3 que necesitaba atenci\u00f3n m\u00e9dica urgente. Tambi\u00e9n inform\u00f3 que [&hellip;]","og_url":"https:\/\/www.eldiario.net\/portal\/2026\/08\/22\/hallan-vivo-al-fiscal-huchani-tras-ocho-dias-de-busqueda-2\/","og_site_name":"El Diario - Bolivia","article_publisher":"https:\/\/www.facebook.com\/eldiario.bolivia\/","article_published_time":"2026-08-22T10:51:50+00:00","og_image":[{"width":1201,"height":1214,"url":"https:\/\/www.eldiario.net\/portal\/wp-content\/uploads\/2026\/08\/22-HUACHANI.webp","type":"image\/webp"}],"author":"Jeanette","twitter_card":"summary_large_image","twitter_creator":"@eldiario_net","twitter_site":"@eldiario_net","twitter_misc":{"Escrito por":"Jeanette","Tiempo de lectura":"2 minutos"},"schema":{"@context":"https:\/\/schema.org","@graph":[{"@type":"Article","@id":"https:\/\/www.eldiario.net\/portal\/2026\/08\/22\/hallan-vivo-al-fiscal-huchani-tras-ocho-dias-de-busqueda-2\/#article","isPartOf":{"@id":"https:\/\/www.eldiario.net\/portal\/2026\/08\/22\/hallan-vivo-al-fiscal-huchani-tras-ocho-dias-de-busqueda-2\/"},"author":{"name":"Jeanette","@id":"https:\/\/www.eldiario.net\/portal\/#\/schema\/person\/f46445640444750d7d753ccd04ae01b7"},"headline":"Hallan vivo al fiscal Huchani tras ocho d\u00edas de b\u00fasqueda","datePublished":"2026-08-22T10:51:50+00:00","mainEntityOfPage":{"@id":"https:\/\/www.eldiario.net\/portal\/2026\/08\/22\/hallan-vivo-al-fiscal-huchani-tras-ocho-dias-de-busqueda-2\/"},"wordCount":367,"publisher":{"@id":"https:\/\/www.eldiario.net\/portal\/#organization"},"image":{"@id":"https:\/\/www.eldiario.net\/portal\/2026\/08\/22\/hallan-vivo-al-fiscal-huchani-tras-ocho-dias-de-busqueda-2\/#primaryimage"},"thumbnailUrl":"https:\/\/www.eldiario.net\/portal\/wp-content\/uploads\/2026\/08\/22-HUACHANI.webp","articleSection":["Sociedad - Seguridad"],"inLanguage":"es"},{"@type":"WebPage","@id":"https:\/\/www.eldiario.net\/portal\/2026\/08\/22\/hallan-vivo-al-fiscal-huchani-tras-ocho-dias-de-busqueda-2\/","url":"https:\/\/www.eldiario.net\/portal\/2026\/08\/22\/hallan-vivo-al-fiscal-huchani-tras-ocho-dias-de-busqueda-2\/","name":"Hallan vivo al fiscal Huchani tras ocho d\u00edas de b\u00fasqueda - El Diario - Bolivia","isPartOf":{"@id":"https:\/\/www.eldiario.net\/portal\/#website"},"primaryImageOfPage":{"@id":"https:\/\/www.eldiario.net\/portal\/2026\/08\/22\/hallan-vivo-al-fiscal-huchani-tras-ocho-dias-de-busqueda-2\/#primaryimage"},"image":{"@id":"https:\/\/www.eldiario.net\/portal\/2026\/08\/22\/hallan-vivo-al-fiscal-huchani-tras-ocho-dias-de-busqueda-2\/#primaryimage"},"thumbnailUrl":"https:\/\/www.eldiario.net\/portal\/wp-content\/uploads\/2026\/08\/22-HUACHANI.webp","datePublished":"2026-08-22T10:51:50+00:00","breadcrumb":{"@id":"https:\/\/www.eldiario.net\/portal\/2026\/08\/22\/hallan-vivo-al-fiscal-huchani-tras-ocho-dias-de-busqueda-2\/#breadcrumb"},"inLanguage":"es","potentialAction":[{"@type":"ReadAction","target":["https:\/\/www.eldiario.net\/portal\/2026\/08\/22\/hallan-vivo-al-fiscal-huchani-tras-ocho-dias-de-busqueda-2\/"]}]},{"@type":"ImageObject","inLanguage":"es","@id":"https:\/\/www.eldiario.net\/portal\/2026\/08\/22\/hallan-vivo-al-fiscal-huchani-tras-ocho-dias-de-busqueda-2\/#primaryimage","url":"https:\/\/www.eldiario.net\/portal\/wp-content\/uploads\/2026\/08\/22-HUACHANI.webp","contentUrl":"https:\/\/www.eldiario.net\/portal\/wp-content\/uploads\/2026\/08\/22-HUACHANI.webp","width":1201,"height":1214,"caption":"El fiscal fue encontrado con vida tras ocho d\u00edas de b\u00fasqueda. Cr\u00e9dito de foto: MD"},{"@type":"BreadcrumbList","@id":"https:\/\/www.eldiario.net\/portal\/2026\/08\/22\/hallan-vivo-al-fiscal-huchani-tras-ocho-dias-de-busqueda-2\/#breadcrumb","itemListElement":[{"@type":"ListItem","position":1,"name":"Portada","item":"https:\/\/www.eldiario.net\/portal\/"},{"@type":"ListItem","position":2,"name":"Hallan vivo al fiscal Huchani tras ocho d\u00edas de b\u00fasqueda"}]},{"@type":"WebSite","@id":"https:\/\/www.eldiario.net\/portal\/#website","url":"https:\/\/www.eldiario.net\/portal\/","name":"El Diario - Decano de la prensa nacional","description":"El Diario - Decano de la prensa nacional","publisher":{"@id":"https:\/\/www.eldiario.net\/portal\/#organization"},"potentialAction":[{"@type":"SearchAction","target":{"@type":"EntryPoint","urlTemplate":"https:\/\/www.eldiario.net\/portal\/?s={search_term_string}"},"query-input":{"@type":"PropertyValueSpecification","valueRequired":true,"valueName":"search_term_string"}}],"inLanguage":"es"},{"@type":"Organization","@id":"https:\/\/www.eldiario.net\/portal\/#organization","name":"El Diario - Decano de la prensa nacional","url":"https:\/\/www.eldiario.net\/portal\/","logo":{"@type":"ImageObject","inLanguage":"es","@id":"https:\/\/www.eldiario.net\/portal\/#\/schema\/logo\/image\/","url":"https:\/\/www.eldiario.net\/portal\/wp-content\/uploads\/2023\/07\/logo_ED.jpg","contentUrl":"https:\/\/www.eldiario.net\/portal\/wp-content\/uploads\/2023\/07\/logo_ED.jpg","width":272,"height":52,"caption":"El Diario - Decano de la prensa nacional"},"image":{"@id":"https:\/\/www.eldiario.net\/portal\/#\/schema\/logo\/image\/"},"sameAs":["https:\/\/www.facebook.com\/eldiario.bolivia\/","https:\/\/x.com\/eldiario_net"]},{"@type":"Person","@id":"https:\/\/www.eldiario.net\/portal\/#\/schema\/person\/f46445640444750d7d753ccd04ae01b7","name":"Jeanette","image":{"@type":"ImageObject","inLanguage":"es","@id":"https:\/\/secure.gravatar.com\/avatar\/3ea2118a5f7dad2b7138b1187a6b7ee55f160b9968b66013c3a3ef39dd7e5798?s=96&d=mm&r=g","url":"https:\/\/secure.gravatar.com\/avatar\/3ea2118a5f7dad2b7138b1187a6b7ee55f160b9968b66013c3a3ef39dd7e5798?s=96&d=mm&r=g","contentUrl":"https:\/\/secure.gravatar.com\/avatar\/3ea2118a5f7dad2b7138b1187a6b7ee55f160b9968b66013c3a3ef39dd7e5798?s=96&d=mm&r=g","caption":"Jeanette"},"sameAs":["https:\/\/www.eldiario.net\/portal"],"url":"https:\/\/www.eldiario.net\/portal\/author\/jeanette\/"}]}},"_links":{"self":[{"href":"https:\/\/www.eldiario.net\/portal\/wp-json\/wp\/v2\/posts\/423632","targetHints":{"allow":["GET"]}}],"collection":[{"href":"https:\/\/www.eldiario.net\/portal\/wp-json\/wp\/v2\/posts"}],"about":[{"href":"https:\/\/www.eldiario.net\/portal\/wp-json\/wp\/v2\/types\/post"}],"author":[{"embeddable":true,"href":"https:\/\/www.eldiario.net\/portal\/wp-json\/wp\/v2\/users\/1"}],"replies":[{"embeddable":true,"href":"https:\/\/www.eldiario.net\/portal\/wp-json\/wp\/v2\/comments?post=423632"}],"version-history":[{"count":1,"href":"https:\/\/www.eldiario.net\/portal\/wp-json\/wp\/v2\/posts\/423632\/revisions"}],"predecessor-version":[{"id":423634,"href":"https:\/\/www.eldiario.net\/portal\/wp-json\/wp\/v2\/posts\/423632\/revisions\/423634"}],"wp:featuredmedia":[{"embeddable":true,"href":"https:\/\/www.eldiario.net\/portal\/wp-json\/wp\/v2\/media\/423633"}],"wp:attachment":[{"href":"https:\/\/www.eldiario.net\/portal\/wp-json\/wp\/v2\/media?parent=423632"}],"wp:term":[{"taxonomy":"category","embeddable":true,"href":"https:\/\/www.eldiario.net\/portal\/wp-json\/wp\/v2\/categories?post=423632"},{"taxonomy":"post_tag","embeddable":true,"href":"https:\/\/www.eldiario.net\/portal\/wp-json\/wp\/v2\/tags?post=423632"}],"curies":[{"name":"wp","href":"https:\/\/api.w.org\/{rel}","templated":true}]}}