{"id":423626,"date":"2026-08-22T06:50:24","date_gmt":"2026-08-22T10:50:24","guid":{"rendered":"https:\/\/www.eldiario.net\/portal\/?p=423626"},"modified":"2026-08-22T06:50:24","modified_gmt":"2026-08-22T10:50:24","slug":"investigan-feminicidio-de-profesora-y-detienen-a-padres-del-sospechoso","status":"publish","type":"post","link":"https:\/\/www.eldiario.net\/portal\/2026\/08\/22\/investigan-feminicidio-de-profesora-y-detienen-a-padres-del-sospechoso\/","title":{"rendered":"Investigan feminicidio de profesora y detienen a padres del sospechoso"},"content":{"rendered":"<p>Una profesora de 27 a\u00f1os fue encontrada sin vida en su domicilio de la comunidad Aymaya, en el municipio de Chayanta, Potos\u00ed, en un caso investigado como feminicidio que ya dej\u00f3 a dos personas aprehendidas, mientras la Polic\u00eda busca a la pareja de la v\u00edctima, se\u00f1alado como el principal sospechoso y actualmente pr\u00f3fugo.<\/p>\n<p>La v\u00edctima fue identificada como Zenaida O. C., quien trabajaba como profesora de educaci\u00f3n f\u00edsica. Seg\u00fan los primeros antecedentes, habr\u00eda muerto luego de sufrir una fuerte agresi\u00f3n en el domicilio que compart\u00eda con su pareja.<\/p>\n<p>La mujer asisti\u00f3 con normalidad a su trabajo el lunes 17 de agosto, pero no se present\u00f3 a clases durante los dos d\u00edas siguientes, el martes 18 y mi\u00e9rcoles 19, situaci\u00f3n que gener\u00f3 preocupaci\u00f3n entre sus colegas.<\/p>\n<p>La ma\u00f1ana del jueves 20 de agosto, cinco personas, entre docentes de la unidad educativa y el propietario del inmueble, acudieron hasta el domicilio ubicado en la calle Unc\u00eda S\/N, zona 2. Al ingresar, encontraron desorden en la habitaci\u00f3n que la v\u00edctima compart\u00eda con su pareja y posteriormente hallaron el cuerpo de la docente en el ba\u00f1o.<\/p>\n<p>La mujer estaba tendida en el suelo y presentaba manchas hem\u00e1ticas, por lo que los presentes alertaron a la Polic\u00eda. Personal de la Fiscal\u00eda, junto con efectivos policiales y el m\u00e9dico forense, realiz\u00f3 el procesamiento de la escena y el levantamiento legal del cuerpo.<\/p>\n<p>La autopsia m\u00e9dico legal estableci\u00f3 que la causa de muerte fue un traumatismo craneoencef\u00e1lico abierto.<\/p>\n<p>Durante la inspecci\u00f3n del domicilio tambi\u00e9n se colect\u00f3 un objeto contundente tipo combo peque\u00f1o, una herramienta utilizada en actividades mineras, que presentaba manchas hem\u00e1ticas y ser\u00e1 sometida a estudios periciales para determinar si tuvo relaci\u00f3n con el crimen.<\/p>\n<p>Las investigaciones apuntan a la pareja de la v\u00edctima, identificada como Franz C. G., de 25 a\u00f1os, quien habr\u00eda abandonado la comunidad despu\u00e9s del hecho y permanece pr\u00f3fugo.<\/p>\n<p>De acuerdo con los primeros antecedentes, el sospechoso habr\u00eda salido del lugar a bordo de un veh\u00edculo perteneciente a la v\u00edctima. La Polic\u00eda mantiene los operativos para dar con su paradero, mientras la Fiscal\u00eda re\u00fane elementos para establecer las circunstancias del feminicidio.<\/p>\n<p>En paralelo, dos personas fueron aprehendidas y trasladadas a dependencias policiales con fines investigativos. Se tratar\u00eda de los padres del principal sospechoso.<\/p>\n<p>El fiscal departamental de Potos\u00ed, Gonzalo Aparicio, inform\u00f3 que ambas personas fueron aprehendidas despu\u00e9s de que, durante la intervenci\u00f3n, no se encontrara al presunto autor y sus declaraciones presentaran contradicciones. La Fiscal\u00eda investiga a los padres del sospechoso por su presunta participaci\u00f3n en grado de complicidad.<\/p>\n<p>La investigaci\u00f3n contin\u00faa con la toma de declaraciones y la recolecci\u00f3n de elementos que permitan establecer las responsabilidades correspondientes.<\/p>\n<p>Con este caso, Potos\u00ed registra su cuarto feminicidio en lo que va del a\u00f1o, mientras que la cifra nacional alcanza las 57 v\u00edctimas, seg\u00fan los datos consignados en la investigaci\u00f3n.<\/p>\n<p>El Ministerio P\u00fablico y la Polic\u00eda contin\u00faan con las diligencias para esclarecer la muerte de la docente y localizar al principal sospechoso. (Con informaci\u00f3n de Unitel y Red Uno)<\/p>\n","protected":false},"excerpt":{"rendered":"<p>Una profesora de 27 a\u00f1os fue encontrada sin vida en su domicilio de la comunidad Aymaya, en el municipio de Chayanta, Potos\u00ed, en un caso investigado como feminicidio que ya dej\u00f3 a dos personas aprehendidas, mientras la Polic\u00eda busca a la pareja de la v\u00edctima, se\u00f1alado como el principal sospechoso y actualmente pr\u00f3fugo. La v\u00edctima [&hellip;]<\/p>\n","protected":false},"author":1,"featured_media":423627,"comment_status":"closed","ping_status":"open","sticky":false,"template":"","format":"standard","meta":{"_acf_changed":false,"footnotes":""},"categories":[39],"tags":[],"class_list":["post-423626","post","type-post","status-publish","format-standard","has-post-thumbnail","category-sociedad"],"acf":{"antetitulo":"Potos\u00ed"},"yoast_head":"<!-- This site is optimized with the Yoast SEO plugin v28.3 - https:\/\/yoast.com\/product\/yoast-seo-wordpress\/ -->\n<title>Investigan feminicidio de profesora y detienen a padres del sospechoso - El Diario - Bolivia<\/title>\n<meta name=\"robots\" content=\"index, follow, max-snippet:-1, max-image-preview:large, max-video-preview:-1\" \/>\n<link rel=\"canonical\" href=\"https:\/\/www.eldiario.net\/portal\/2026\/08\/22\/investigan-feminicidio-de-profesora-y-detienen-a-padres-del-sospechoso\/\" \/>\n<meta property=\"og:locale\" content=\"es_ES\" \/>\n<meta property=\"og:type\" content=\"article\" \/>\n<meta property=\"og:title\" content=\"Investigan feminicidio de profesora y detienen a padres del sospechoso - El Diario - Bolivia\" \/>\n<meta property=\"og:description\" content=\"Una profesora de 27 a\u00f1os fue encontrada sin vida en su domicilio de la comunidad Aymaya, en el municipio de Chayanta, Potos\u00ed, en un caso investigado como feminicidio que ya dej\u00f3 a dos personas aprehendidas, mientras la Polic\u00eda busca a la pareja de la v\u00edctima, se\u00f1alado como el principal sospechoso y actualmente pr\u00f3fugo. La v\u00edctima [&hellip;]\" \/>\n<meta property=\"og:url\" content=\"https:\/\/www.eldiario.net\/portal\/2026\/08\/22\/investigan-feminicidio-de-profesora-y-detienen-a-padres-del-sospechoso\/\" \/>\n<meta property=\"og:site_name\" content=\"El Diario - Bolivia\" \/>\n<meta property=\"article:publisher\" content=\"https:\/\/www.facebook.com\/eldiario.bolivia\/\" \/>\n<meta property=\"article:published_time\" content=\"2026-08-22T10:50:24+00:00\" \/>\n<meta property=\"og:image\" content=\"https:\/\/www.eldiario.net\/portal\/wp-content\/uploads\/2026\/08\/22-DOCENTE.webp\" \/>\n\t<meta property=\"og:image:width\" content=\"349\" \/>\n\t<meta property=\"og:image:height\" content=\"225\" \/>\n\t<meta property=\"og:image:type\" content=\"image\/webp\" \/>\n<meta name=\"author\" content=\"Jeanette\" \/>\n<meta name=\"twitter:card\" content=\"summary_large_image\" \/>\n<meta name=\"twitter:creator\" content=\"@eldiario_net\" \/>\n<meta name=\"twitter:site\" content=\"@eldiario_net\" \/>\n<meta name=\"twitter:label1\" content=\"Escrito por\" \/>\n\t<meta name=\"twitter:data1\" content=\"Jeanette\" \/>\n\t<meta name=\"twitter:label2\" content=\"Tiempo de lectura\" \/>\n\t<meta name=\"twitter:data2\" content=\"3 minutos\" \/>\n<script type=\"application\/ld+json\" class=\"yoast-schema-graph\">{\"@context\":\"https:\\\/\\\/schema.org\",\"@graph\":[{\"@type\":\"Article\",\"@id\":\"https:\\\/\\\/www.eldiario.net\\\/portal\\\/2026\\\/08\\\/22\\\/investigan-feminicidio-de-profesora-y-detienen-a-padres-del-sospechoso\\\/#article\",\"isPartOf\":{\"@id\":\"https:\\\/\\\/www.eldiario.net\\\/portal\\\/2026\\\/08\\\/22\\\/investigan-feminicidio-de-profesora-y-detienen-a-padres-del-sospechoso\\\/\"},\"author\":{\"name\":\"Jeanette\",\"@id\":\"https:\\\/\\\/www.eldiario.net\\\/portal\\\/#\\\/schema\\\/person\\\/f46445640444750d7d753ccd04ae01b7\"},\"headline\":\"Investigan feminicidio de profesora y detienen a padres del sospechoso\",\"datePublished\":\"2026-08-22T10:50:24+00:00\",\"mainEntityOfPage\":{\"@id\":\"https:\\\/\\\/www.eldiario.net\\\/portal\\\/2026\\\/08\\\/22\\\/investigan-feminicidio-de-profesora-y-detienen-a-padres-del-sospechoso\\\/\"},\"wordCount\":558,\"publisher\":{\"@id\":\"https:\\\/\\\/www.eldiario.net\\\/portal\\\/#organization\"},\"image\":{\"@id\":\"https:\\\/\\\/www.eldiario.net\\\/portal\\\/2026\\\/08\\\/22\\\/investigan-feminicidio-de-profesora-y-detienen-a-padres-del-sospechoso\\\/#primaryimage\"},\"thumbnailUrl\":\"https:\\\/\\\/www.eldiario.net\\\/portal\\\/wp-content\\\/uploads\\\/2026\\\/08\\\/22-DOCENTE.webp\",\"articleSection\":[\"Sociedad - Seguridad\"],\"inLanguage\":\"es\"},{\"@type\":\"WebPage\",\"@id\":\"https:\\\/\\\/www.eldiario.net\\\/portal\\\/2026\\\/08\\\/22\\\/investigan-feminicidio-de-profesora-y-detienen-a-padres-del-sospechoso\\\/\",\"url\":\"https:\\\/\\\/www.eldiario.net\\\/portal\\\/2026\\\/08\\\/22\\\/investigan-feminicidio-de-profesora-y-detienen-a-padres-del-sospechoso\\\/\",\"name\":\"Investigan feminicidio de profesora y detienen a padres del sospechoso - El Diario - Bolivia\",\"isPartOf\":{\"@id\":\"https:\\\/\\\/www.eldiario.net\\\/portal\\\/#website\"},\"primaryImageOfPage\":{\"@id\":\"https:\\\/\\\/www.eldiario.net\\\/portal\\\/2026\\\/08\\\/22\\\/investigan-feminicidio-de-profesora-y-detienen-a-padres-del-sospechoso\\\/#primaryimage\"},\"image\":{\"@id\":\"https:\\\/\\\/www.eldiario.net\\\/portal\\\/2026\\\/08\\\/22\\\/investigan-feminicidio-de-profesora-y-detienen-a-padres-del-sospechoso\\\/#primaryimage\"},\"thumbnailUrl\":\"https:\\\/\\\/www.eldiario.net\\\/portal\\\/wp-content\\\/uploads\\\/2026\\\/08\\\/22-DOCENTE.webp\",\"datePublished\":\"2026-08-22T10:50:24+00:00\",\"breadcrumb\":{\"@id\":\"https:\\\/\\\/www.eldiario.net\\\/portal\\\/2026\\\/08\\\/22\\\/investigan-feminicidio-de-profesora-y-detienen-a-padres-del-sospechoso\\\/#breadcrumb\"},\"inLanguage\":\"es\",\"potentialAction\":[{\"@type\":\"ReadAction\",\"target\":[\"https:\\\/\\\/www.eldiario.net\\\/portal\\\/2026\\\/08\\\/22\\\/investigan-feminicidio-de-profesora-y-detienen-a-padres-del-sospechoso\\\/\"]}]},{\"@type\":\"ImageObject\",\"inLanguage\":\"es\",\"@id\":\"https:\\\/\\\/www.eldiario.net\\\/portal\\\/2026\\\/08\\\/22\\\/investigan-feminicidio-de-profesora-y-detienen-a-padres-del-sospechoso\\\/#primaryimage\",\"url\":\"https:\\\/\\\/www.eldiario.net\\\/portal\\\/wp-content\\\/uploads\\\/2026\\\/08\\\/22-DOCENTE.webp\",\"contentUrl\":\"https:\\\/\\\/www.eldiario.net\\\/portal\\\/wp-content\\\/uploads\\\/2026\\\/08\\\/22-DOCENTE.webp\",\"width\":349,\"height\":225,\"caption\":\"La Fiscal\u00eda y la Polic\u00eda contin\u00faan con las investigaciones. Cr\u00e9dito de foto: Red Uno\"},{\"@type\":\"BreadcrumbList\",\"@id\":\"https:\\\/\\\/www.eldiario.net\\\/portal\\\/2026\\\/08\\\/22\\\/investigan-feminicidio-de-profesora-y-detienen-a-padres-del-sospechoso\\\/#breadcrumb\",\"itemListElement\":[{\"@type\":\"ListItem\",\"position\":1,\"name\":\"Portada\",\"item\":\"https:\\\/\\\/www.eldiario.net\\\/portal\\\/\"},{\"@type\":\"ListItem\",\"position\":2,\"name\":\"Investigan feminicidio de profesora y detienen a padres del sospechoso\"}]},{\"@type\":\"WebSite\",\"@id\":\"https:\\\/\\\/www.eldiario.net\\\/portal\\\/#website\",\"url\":\"https:\\\/\\\/www.eldiario.net\\\/portal\\\/\",\"name\":\"El Diario - Decano de la prensa nacional\",\"description\":\"El Diario - Decano de la prensa nacional\",\"publisher\":{\"@id\":\"https:\\\/\\\/www.eldiario.net\\\/portal\\\/#organization\"},\"potentialAction\":[{\"@type\":\"SearchAction\",\"target\":{\"@type\":\"EntryPoint\",\"urlTemplate\":\"https:\\\/\\\/www.eldiario.net\\\/portal\\\/?s={search_term_string}\"},\"query-input\":{\"@type\":\"PropertyValueSpecification\",\"valueRequired\":true,\"valueName\":\"search_term_string\"}}],\"inLanguage\":\"es\"},{\"@type\":\"Organization\",\"@id\":\"https:\\\/\\\/www.eldiario.net\\\/portal\\\/#organization\",\"name\":\"El Diario - Decano de la prensa nacional\",\"url\":\"https:\\\/\\\/www.eldiario.net\\\/portal\\\/\",\"logo\":{\"@type\":\"ImageObject\",\"inLanguage\":\"es\",\"@id\":\"https:\\\/\\\/www.eldiario.net\\\/portal\\\/#\\\/schema\\\/logo\\\/image\\\/\",\"url\":\"https:\\\/\\\/www.eldiario.net\\\/portal\\\/wp-content\\\/uploads\\\/2023\\\/07\\\/logo_ED.jpg\",\"contentUrl\":\"https:\\\/\\\/www.eldiario.net\\\/portal\\\/wp-content\\\/uploads\\\/2023\\\/07\\\/logo_ED.jpg\",\"width\":272,\"height\":52,\"caption\":\"El Diario - Decano de la prensa nacional\"},\"image\":{\"@id\":\"https:\\\/\\\/www.eldiario.net\\\/portal\\\/#\\\/schema\\\/logo\\\/image\\\/\"},\"sameAs\":[\"https:\\\/\\\/www.facebook.com\\\/eldiario.bolivia\\\/\",\"https:\\\/\\\/x.com\\\/eldiario_net\"]},{\"@type\":\"Person\",\"@id\":\"https:\\\/\\\/www.eldiario.net\\\/portal\\\/#\\\/schema\\\/person\\\/f46445640444750d7d753ccd04ae01b7\",\"name\":\"Jeanette\",\"image\":{\"@type\":\"ImageObject\",\"inLanguage\":\"es\",\"@id\":\"https:\\\/\\\/secure.gravatar.com\\\/avatar\\\/3ea2118a5f7dad2b7138b1187a6b7ee55f160b9968b66013c3a3ef39dd7e5798?s=96&d=mm&r=g\",\"url\":\"https:\\\/\\\/secure.gravatar.com\\\/avatar\\\/3ea2118a5f7dad2b7138b1187a6b7ee55f160b9968b66013c3a3ef39dd7e5798?s=96&d=mm&r=g\",\"contentUrl\":\"https:\\\/\\\/secure.gravatar.com\\\/avatar\\\/3ea2118a5f7dad2b7138b1187a6b7ee55f160b9968b66013c3a3ef39dd7e5798?s=96&d=mm&r=g\",\"caption\":\"Jeanette\"},\"sameAs\":[\"https:\\\/\\\/www.eldiario.net\\\/portal\"],\"url\":\"https:\\\/\\\/www.eldiario.net\\\/portal\\\/author\\\/jeanette\\\/\"}]}<\/script>\n<!-- \/ Yoast SEO plugin. -->","yoast_head_json":{"title":"Investigan feminicidio de profesora y detienen a padres del sospechoso - El Diario - Bolivia","robots":{"index":"index","follow":"follow","max-snippet":"max-snippet:-1","max-image-preview":"max-image-preview:large","max-video-preview":"max-video-preview:-1"},"canonical":"https:\/\/www.eldiario.net\/portal\/2026\/08\/22\/investigan-feminicidio-de-profesora-y-detienen-a-padres-del-sospechoso\/","og_locale":"es_ES","og_type":"article","og_title":"Investigan feminicidio de profesora y detienen a padres del sospechoso - El Diario - Bolivia","og_description":"Una profesora de 27 a\u00f1os fue encontrada sin vida en su domicilio de la comunidad Aymaya, en el municipio de Chayanta, Potos\u00ed, en un caso investigado como feminicidio que ya dej\u00f3 a dos personas aprehendidas, mientras la Polic\u00eda busca a la pareja de la v\u00edctima, se\u00f1alado como el principal sospechoso y actualmente pr\u00f3fugo. La v\u00edctima [&hellip;]","og_url":"https:\/\/www.eldiario.net\/portal\/2026\/08\/22\/investigan-feminicidio-de-profesora-y-detienen-a-padres-del-sospechoso\/","og_site_name":"El Diario - Bolivia","article_publisher":"https:\/\/www.facebook.com\/eldiario.bolivia\/","article_published_time":"2026-08-22T10:50:24+00:00","og_image":[{"width":349,"height":225,"url":"https:\/\/www.eldiario.net\/portal\/wp-content\/uploads\/2026\/08\/22-DOCENTE.webp","type":"image\/webp"}],"author":"Jeanette","twitter_card":"summary_large_image","twitter_creator":"@eldiario_net","twitter_site":"@eldiario_net","twitter_misc":{"Escrito por":"Jeanette","Tiempo de lectura":"3 minutos"},"schema":{"@context":"https:\/\/schema.org","@graph":[{"@type":"Article","@id":"https:\/\/www.eldiario.net\/portal\/2026\/08\/22\/investigan-feminicidio-de-profesora-y-detienen-a-padres-del-sospechoso\/#article","isPartOf":{"@id":"https:\/\/www.eldiario.net\/portal\/2026\/08\/22\/investigan-feminicidio-de-profesora-y-detienen-a-padres-del-sospechoso\/"},"author":{"name":"Jeanette","@id":"https:\/\/www.eldiario.net\/portal\/#\/schema\/person\/f46445640444750d7d753ccd04ae01b7"},"headline":"Investigan feminicidio de profesora y detienen a padres del sospechoso","datePublished":"2026-08-22T10:50:24+00:00","mainEntityOfPage":{"@id":"https:\/\/www.eldiario.net\/portal\/2026\/08\/22\/investigan-feminicidio-de-profesora-y-detienen-a-padres-del-sospechoso\/"},"wordCount":558,"publisher":{"@id":"https:\/\/www.eldiario.net\/portal\/#organization"},"image":{"@id":"https:\/\/www.eldiario.net\/portal\/2026\/08\/22\/investigan-feminicidio-de-profesora-y-detienen-a-padres-del-sospechoso\/#primaryimage"},"thumbnailUrl":"https:\/\/www.eldiario.net\/portal\/wp-content\/uploads\/2026\/08\/22-DOCENTE.webp","articleSection":["Sociedad - Seguridad"],"inLanguage":"es"},{"@type":"WebPage","@id":"https:\/\/www.eldiario.net\/portal\/2026\/08\/22\/investigan-feminicidio-de-profesora-y-detienen-a-padres-del-sospechoso\/","url":"https:\/\/www.eldiario.net\/portal\/2026\/08\/22\/investigan-feminicidio-de-profesora-y-detienen-a-padres-del-sospechoso\/","name":"Investigan feminicidio de profesora y detienen a padres del sospechoso - El Diario - Bolivia","isPartOf":{"@id":"https:\/\/www.eldiario.net\/portal\/#website"},"primaryImageOfPage":{"@id":"https:\/\/www.eldiario.net\/portal\/2026\/08\/22\/investigan-feminicidio-de-profesora-y-detienen-a-padres-del-sospechoso\/#primaryimage"},"image":{"@id":"https:\/\/www.eldiario.net\/portal\/2026\/08\/22\/investigan-feminicidio-de-profesora-y-detienen-a-padres-del-sospechoso\/#primaryimage"},"thumbnailUrl":"https:\/\/www.eldiario.net\/portal\/wp-content\/uploads\/2026\/08\/22-DOCENTE.webp","datePublished":"2026-08-22T10:50:24+00:00","breadcrumb":{"@id":"https:\/\/www.eldiario.net\/portal\/2026\/08\/22\/investigan-feminicidio-de-profesora-y-detienen-a-padres-del-sospechoso\/#breadcrumb"},"inLanguage":"es","potentialAction":[{"@type":"ReadAction","target":["https:\/\/www.eldiario.net\/portal\/2026\/08\/22\/investigan-feminicidio-de-profesora-y-detienen-a-padres-del-sospechoso\/"]}]},{"@type":"ImageObject","inLanguage":"es","@id":"https:\/\/www.eldiario.net\/portal\/2026\/08\/22\/investigan-feminicidio-de-profesora-y-detienen-a-padres-del-sospechoso\/#primaryimage","url":"https:\/\/www.eldiario.net\/portal\/wp-content\/uploads\/2026\/08\/22-DOCENTE.webp","contentUrl":"https:\/\/www.eldiario.net\/portal\/wp-content\/uploads\/2026\/08\/22-DOCENTE.webp","width":349,"height":225,"caption":"La Fiscal\u00eda y la Polic\u00eda contin\u00faan con las investigaciones. Cr\u00e9dito de foto: Red Uno"},{"@type":"BreadcrumbList","@id":"https:\/\/www.eldiario.net\/portal\/2026\/08\/22\/investigan-feminicidio-de-profesora-y-detienen-a-padres-del-sospechoso\/#breadcrumb","itemListElement":[{"@type":"ListItem","position":1,"name":"Portada","item":"https:\/\/www.eldiario.net\/portal\/"},{"@type":"ListItem","position":2,"name":"Investigan feminicidio de profesora y detienen a padres del sospechoso"}]},{"@type":"WebSite","@id":"https:\/\/www.eldiario.net\/portal\/#website","url":"https:\/\/www.eldiario.net\/portal\/","name":"El Diario - Decano de la prensa nacional","description":"El Diario - Decano de la prensa nacional","publisher":{"@id":"https:\/\/www.eldiario.net\/portal\/#organization"},"potentialAction":[{"@type":"SearchAction","target":{"@type":"EntryPoint","urlTemplate":"https:\/\/www.eldiario.net\/portal\/?s={search_term_string}"},"query-input":{"@type":"PropertyValueSpecification","valueRequired":true,"valueName":"search_term_string"}}],"inLanguage":"es"},{"@type":"Organization","@id":"https:\/\/www.eldiario.net\/portal\/#organization","name":"El Diario - Decano de la prensa nacional","url":"https:\/\/www.eldiario.net\/portal\/","logo":{"@type":"ImageObject","inLanguage":"es","@id":"https:\/\/www.eldiario.net\/portal\/#\/schema\/logo\/image\/","url":"https:\/\/www.eldiario.net\/portal\/wp-content\/uploads\/2023\/07\/logo_ED.jpg","contentUrl":"https:\/\/www.eldiario.net\/portal\/wp-content\/uploads\/2023\/07\/logo_ED.jpg","width":272,"height":52,"caption":"El Diario - Decano de la prensa nacional"},"image":{"@id":"https:\/\/www.eldiario.net\/portal\/#\/schema\/logo\/image\/"},"sameAs":["https:\/\/www.facebook.com\/eldiario.bolivia\/","https:\/\/x.com\/eldiario_net"]},{"@type":"Person","@id":"https:\/\/www.eldiario.net\/portal\/#\/schema\/person\/f46445640444750d7d753ccd04ae01b7","name":"Jeanette","image":{"@type":"ImageObject","inLanguage":"es","@id":"https:\/\/secure.gravatar.com\/avatar\/3ea2118a5f7dad2b7138b1187a6b7ee55f160b9968b66013c3a3ef39dd7e5798?s=96&d=mm&r=g","url":"https:\/\/secure.gravatar.com\/avatar\/3ea2118a5f7dad2b7138b1187a6b7ee55f160b9968b66013c3a3ef39dd7e5798?s=96&d=mm&r=g","contentUrl":"https:\/\/secure.gravatar.com\/avatar\/3ea2118a5f7dad2b7138b1187a6b7ee55f160b9968b66013c3a3ef39dd7e5798?s=96&d=mm&r=g","caption":"Jeanette"},"sameAs":["https:\/\/www.eldiario.net\/portal"],"url":"https:\/\/www.eldiario.net\/portal\/author\/jeanette\/"}]}},"_links":{"self":[{"href":"https:\/\/www.eldiario.net\/portal\/wp-json\/wp\/v2\/posts\/423626","targetHints":{"allow":["GET"]}}],"collection":[{"href":"https:\/\/www.eldiario.net\/portal\/wp-json\/wp\/v2\/posts"}],"about":[{"href":"https:\/\/www.eldiario.net\/portal\/wp-json\/wp\/v2\/types\/post"}],"author":[{"embeddable":true,"href":"https:\/\/www.eldiario.net\/portal\/wp-json\/wp\/v2\/users\/1"}],"replies":[{"embeddable":true,"href":"https:\/\/www.eldiario.net\/portal\/wp-json\/wp\/v2\/comments?post=423626"}],"version-history":[{"count":1,"href":"https:\/\/www.eldiario.net\/portal\/wp-json\/wp\/v2\/posts\/423626\/revisions"}],"predecessor-version":[{"id":423628,"href":"https:\/\/www.eldiario.net\/portal\/wp-json\/wp\/v2\/posts\/423626\/revisions\/423628"}],"wp:featuredmedia":[{"embeddable":true,"href":"https:\/\/www.eldiario.net\/portal\/wp-json\/wp\/v2\/media\/423627"}],"wp:attachment":[{"href":"https:\/\/www.eldiario.net\/portal\/wp-json\/wp\/v2\/media?parent=423626"}],"wp:term":[{"taxonomy":"category","embeddable":true,"href":"https:\/\/www.eldiario.net\/portal\/wp-json\/wp\/v2\/categories?post=423626"},{"taxonomy":"post_tag","embeddable":true,"href":"https:\/\/www.eldiario.net\/portal\/wp-json\/wp\/v2\/tags?post=423626"}],"curies":[{"name":"wp","href":"https:\/\/api.w.org\/{rel}","templated":true}]}}