{"id":423623,"date":"2026-08-22T06:49:53","date_gmt":"2026-08-22T10:49:53","guid":{"rendered":"https:\/\/www.eldiario.net\/portal\/?p=423623"},"modified":"2026-08-22T06:49:53","modified_gmt":"2026-08-22T10:49:53","slug":"justicia-deja-sin-efecto-proceso-contra-carlos-sanchez-berzain","status":"publish","type":"post","link":"https:\/\/www.eldiario.net\/portal\/2026\/08\/22\/justicia-deja-sin-efecto-proceso-contra-carlos-sanchez-berzain\/","title":{"rendered":"Justicia deja sin efecto proceso  contra Carlos S\u00e1nchez Berza\u00edn"},"content":{"rendered":"<p>Una sala constitucional concedi\u00f3 una acci\u00f3n de libertad a Carlos S\u00e1nchez Berza\u00edn, exministro de Defensa del gobierno de Gonzalo S\u00e1nchez de Lozada, y dej\u00f3 sin efecto las actuaciones judiciales promovidas en su contra dentro del proceso relacionado con los hechos de octubre de 2003.<\/p>\n<p>La decisi\u00f3n constitucional cuestiona la forma en que se desarroll\u00f3 el proceso y establece que se vulneraron garant\u00edas fundamentales de la exautoridad. Como consecuencia, quedan sin efecto las actuaciones judiciales que sustentaban su procesamiento en este caso.<\/p>\n<p>El fallo representa un giro en un proceso que se inici\u00f3 hace m\u00e1s de dos d\u00e9cadas y que busca establecer responsabilidades por los hechos de octubre de 2003, cuando una crisis social y pol\u00edtica deriv\u00f3 en una represi\u00f3n estatal con decenas de personas fallecidas.<\/p>\n<p>S\u00e1nchez Berza\u00edn fue uno de los principales colaboradores de S\u00e1nchez de Lozada durante ese periodo. Tras la crisis de 2003, sali\u00f3 del pa\u00eds y desde entonces enfrenta procesos judiciales relacionados con su actuaci\u00f3n durante esos acontecimientos.<\/p>\n<p>La determinaci\u00f3n de la sala constitucional deja en suspenso las actuaciones que impulsaban su procesamiento. La parte querellante y los sectores involucrados en el caso a\u00fan pueden recurrir a las v\u00edas legales correspondientes para cuestionar o solicitar la revisi\u00f3n del fallo.<\/p>\n<p>La resoluci\u00f3n, por tanto, modifica el escenario judicial del proceso y deber\u00e1 ser evaluada en las siguientes instancias de la jurisdicci\u00f3n constitucional antes de que se establezcan sus efectos definitivos. (Erbol)<\/p>\n","protected":false},"excerpt":{"rendered":"<p>Una sala constitucional concedi\u00f3 una acci\u00f3n de libertad a Carlos S\u00e1nchez Berza\u00edn, exministro de Defensa del gobierno de Gonzalo S\u00e1nchez de Lozada, y dej\u00f3 sin efecto las actuaciones judiciales promovidas en su contra dentro del proceso relacionado con los hechos de octubre de 2003. La decisi\u00f3n constitucional cuestiona la forma en que se desarroll\u00f3 el [&hellip;]<\/p>\n","protected":false},"author":1,"featured_media":423624,"comment_status":"closed","ping_status":"open","sticky":false,"template":"","format":"standard","meta":{"_acf_changed":false,"footnotes":""},"categories":[39],"tags":[],"class_list":["post-423623","post","type-post","status-publish","format-standard","has-post-thumbnail","category-sociedad"],"acf":{"antetitulo":"Octubre Negro"},"yoast_head":"<!-- This site is optimized with the Yoast SEO plugin v28.3 - https:\/\/yoast.com\/product\/yoast-seo-wordpress\/ -->\n<title>Justicia deja sin efecto proceso contra Carlos S\u00e1nchez Berza\u00edn - El Diario - Bolivia<\/title>\n<meta name=\"robots\" content=\"index, follow, max-snippet:-1, max-image-preview:large, max-video-preview:-1\" \/>\n<link rel=\"canonical\" href=\"https:\/\/www.eldiario.net\/portal\/2026\/08\/22\/justicia-deja-sin-efecto-proceso-contra-carlos-sanchez-berzain\/\" \/>\n<meta property=\"og:locale\" content=\"es_ES\" \/>\n<meta property=\"og:type\" content=\"article\" \/>\n<meta property=\"og:title\" content=\"Justicia deja sin efecto proceso contra Carlos S\u00e1nchez Berza\u00edn - El Diario - Bolivia\" \/>\n<meta property=\"og:description\" content=\"Una sala constitucional concedi\u00f3 una acci\u00f3n de libertad a Carlos S\u00e1nchez Berza\u00edn, exministro de Defensa del gobierno de Gonzalo S\u00e1nchez de Lozada, y dej\u00f3 sin efecto las actuaciones judiciales promovidas en su contra dentro del proceso relacionado con los hechos de octubre de 2003. La decisi\u00f3n constitucional cuestiona la forma en que se desarroll\u00f3 el [&hellip;]\" \/>\n<meta property=\"og:url\" content=\"https:\/\/www.eldiario.net\/portal\/2026\/08\/22\/justicia-deja-sin-efecto-proceso-contra-carlos-sanchez-berzain\/\" \/>\n<meta property=\"og:site_name\" content=\"El Diario - Bolivia\" \/>\n<meta property=\"article:publisher\" content=\"https:\/\/www.facebook.com\/eldiario.bolivia\/\" \/>\n<meta property=\"article:published_time\" content=\"2026-08-22T10:49:53+00:00\" \/>\n<meta property=\"og:image\" content=\"https:\/\/www.eldiario.net\/portal\/wp-content\/uploads\/2026\/08\/22-BERZAIN.webp\" \/>\n\t<meta property=\"og:image:width\" content=\"980\" \/>\n\t<meta property=\"og:image:height\" content=\"653\" \/>\n\t<meta property=\"og:image:type\" content=\"image\/webp\" \/>\n<meta name=\"author\" content=\"Jeanette\" \/>\n<meta name=\"twitter:card\" content=\"summary_large_image\" \/>\n<meta name=\"twitter:creator\" content=\"@eldiario_net\" \/>\n<meta name=\"twitter:site\" content=\"@eldiario_net\" \/>\n<meta name=\"twitter:label1\" content=\"Escrito por\" \/>\n\t<meta name=\"twitter:data1\" content=\"Jeanette\" \/>\n\t<meta name=\"twitter:label2\" content=\"Tiempo de lectura\" \/>\n\t<meta name=\"twitter:data2\" content=\"2 minutos\" \/>\n<script type=\"application\/ld+json\" class=\"yoast-schema-graph\">{\"@context\":\"https:\\\/\\\/schema.org\",\"@graph\":[{\"@type\":\"Article\",\"@id\":\"https:\\\/\\\/www.eldiario.net\\\/portal\\\/2026\\\/08\\\/22\\\/justicia-deja-sin-efecto-proceso-contra-carlos-sanchez-berzain\\\/#article\",\"isPartOf\":{\"@id\":\"https:\\\/\\\/www.eldiario.net\\\/portal\\\/2026\\\/08\\\/22\\\/justicia-deja-sin-efecto-proceso-contra-carlos-sanchez-berzain\\\/\"},\"author\":{\"name\":\"Jeanette\",\"@id\":\"https:\\\/\\\/www.eldiario.net\\\/portal\\\/#\\\/schema\\\/person\\\/f46445640444750d7d753ccd04ae01b7\"},\"headline\":\"Justicia deja sin efecto proceso contra Carlos S\u00e1nchez Berza\u00edn\",\"datePublished\":\"2026-08-22T10:49:53+00:00\",\"mainEntityOfPage\":{\"@id\":\"https:\\\/\\\/www.eldiario.net\\\/portal\\\/2026\\\/08\\\/22\\\/justicia-deja-sin-efecto-proceso-contra-carlos-sanchez-berzain\\\/\"},\"wordCount\":262,\"publisher\":{\"@id\":\"https:\\\/\\\/www.eldiario.net\\\/portal\\\/#organization\"},\"image\":{\"@id\":\"https:\\\/\\\/www.eldiario.net\\\/portal\\\/2026\\\/08\\\/22\\\/justicia-deja-sin-efecto-proceso-contra-carlos-sanchez-berzain\\\/#primaryimage\"},\"thumbnailUrl\":\"https:\\\/\\\/www.eldiario.net\\\/portal\\\/wp-content\\\/uploads\\\/2026\\\/08\\\/22-BERZAIN.webp\",\"articleSection\":[\"Sociedad - Seguridad\"],\"inLanguage\":\"es\"},{\"@type\":\"WebPage\",\"@id\":\"https:\\\/\\\/www.eldiario.net\\\/portal\\\/2026\\\/08\\\/22\\\/justicia-deja-sin-efecto-proceso-contra-carlos-sanchez-berzain\\\/\",\"url\":\"https:\\\/\\\/www.eldiario.net\\\/portal\\\/2026\\\/08\\\/22\\\/justicia-deja-sin-efecto-proceso-contra-carlos-sanchez-berzain\\\/\",\"name\":\"Justicia deja sin efecto proceso contra Carlos S\u00e1nchez Berza\u00edn - El Diario - Bolivia\",\"isPartOf\":{\"@id\":\"https:\\\/\\\/www.eldiario.net\\\/portal\\\/#website\"},\"primaryImageOfPage\":{\"@id\":\"https:\\\/\\\/www.eldiario.net\\\/portal\\\/2026\\\/08\\\/22\\\/justicia-deja-sin-efecto-proceso-contra-carlos-sanchez-berzain\\\/#primaryimage\"},\"image\":{\"@id\":\"https:\\\/\\\/www.eldiario.net\\\/portal\\\/2026\\\/08\\\/22\\\/justicia-deja-sin-efecto-proceso-contra-carlos-sanchez-berzain\\\/#primaryimage\"},\"thumbnailUrl\":\"https:\\\/\\\/www.eldiario.net\\\/portal\\\/wp-content\\\/uploads\\\/2026\\\/08\\\/22-BERZAIN.webp\",\"datePublished\":\"2026-08-22T10:49:53+00:00\",\"breadcrumb\":{\"@id\":\"https:\\\/\\\/www.eldiario.net\\\/portal\\\/2026\\\/08\\\/22\\\/justicia-deja-sin-efecto-proceso-contra-carlos-sanchez-berzain\\\/#breadcrumb\"},\"inLanguage\":\"es\",\"potentialAction\":[{\"@type\":\"ReadAction\",\"target\":[\"https:\\\/\\\/www.eldiario.net\\\/portal\\\/2026\\\/08\\\/22\\\/justicia-deja-sin-efecto-proceso-contra-carlos-sanchez-berzain\\\/\"]}]},{\"@type\":\"ImageObject\",\"inLanguage\":\"es\",\"@id\":\"https:\\\/\\\/www.eldiario.net\\\/portal\\\/2026\\\/08\\\/22\\\/justicia-deja-sin-efecto-proceso-contra-carlos-sanchez-berzain\\\/#primaryimage\",\"url\":\"https:\\\/\\\/www.eldiario.net\\\/portal\\\/wp-content\\\/uploads\\\/2026\\\/08\\\/22-BERZAIN.webp\",\"contentUrl\":\"https:\\\/\\\/www.eldiario.net\\\/portal\\\/wp-content\\\/uploads\\\/2026\\\/08\\\/22-BERZAIN.webp\",\"width\":980,\"height\":653,\"caption\":\"Exministro, Jos\u00e9 Carlos S\u00e1nchez Berza\u00edn. Cr\u00e9dito de foto: RRSS\"},{\"@type\":\"BreadcrumbList\",\"@id\":\"https:\\\/\\\/www.eldiario.net\\\/portal\\\/2026\\\/08\\\/22\\\/justicia-deja-sin-efecto-proceso-contra-carlos-sanchez-berzain\\\/#breadcrumb\",\"itemListElement\":[{\"@type\":\"ListItem\",\"position\":1,\"name\":\"Portada\",\"item\":\"https:\\\/\\\/www.eldiario.net\\\/portal\\\/\"},{\"@type\":\"ListItem\",\"position\":2,\"name\":\"Justicia deja sin efecto proceso contra Carlos S\u00e1nchez Berza\u00edn\"}]},{\"@type\":\"WebSite\",\"@id\":\"https:\\\/\\\/www.eldiario.net\\\/portal\\\/#website\",\"url\":\"https:\\\/\\\/www.eldiario.net\\\/portal\\\/\",\"name\":\"El Diario - Decano de la prensa nacional\",\"description\":\"El Diario - Decano de la prensa nacional\",\"publisher\":{\"@id\":\"https:\\\/\\\/www.eldiario.net\\\/portal\\\/#organization\"},\"potentialAction\":[{\"@type\":\"SearchAction\",\"target\":{\"@type\":\"EntryPoint\",\"urlTemplate\":\"https:\\\/\\\/www.eldiario.net\\\/portal\\\/?s={search_term_string}\"},\"query-input\":{\"@type\":\"PropertyValueSpecification\",\"valueRequired\":true,\"valueName\":\"search_term_string\"}}],\"inLanguage\":\"es\"},{\"@type\":\"Organization\",\"@id\":\"https:\\\/\\\/www.eldiario.net\\\/portal\\\/#organization\",\"name\":\"El Diario - Decano de la prensa nacional\",\"url\":\"https:\\\/\\\/www.eldiario.net\\\/portal\\\/\",\"logo\":{\"@type\":\"ImageObject\",\"inLanguage\":\"es\",\"@id\":\"https:\\\/\\\/www.eldiario.net\\\/portal\\\/#\\\/schema\\\/logo\\\/image\\\/\",\"url\":\"https:\\\/\\\/www.eldiario.net\\\/portal\\\/wp-content\\\/uploads\\\/2023\\\/07\\\/logo_ED.jpg\",\"contentUrl\":\"https:\\\/\\\/www.eldiario.net\\\/portal\\\/wp-content\\\/uploads\\\/2023\\\/07\\\/logo_ED.jpg\",\"width\":272,\"height\":52,\"caption\":\"El Diario - Decano de la prensa nacional\"},\"image\":{\"@id\":\"https:\\\/\\\/www.eldiario.net\\\/portal\\\/#\\\/schema\\\/logo\\\/image\\\/\"},\"sameAs\":[\"https:\\\/\\\/www.facebook.com\\\/eldiario.bolivia\\\/\",\"https:\\\/\\\/x.com\\\/eldiario_net\"]},{\"@type\":\"Person\",\"@id\":\"https:\\\/\\\/www.eldiario.net\\\/portal\\\/#\\\/schema\\\/person\\\/f46445640444750d7d753ccd04ae01b7\",\"name\":\"Jeanette\",\"image\":{\"@type\":\"ImageObject\",\"inLanguage\":\"es\",\"@id\":\"https:\\\/\\\/secure.gravatar.com\\\/avatar\\\/3ea2118a5f7dad2b7138b1187a6b7ee55f160b9968b66013c3a3ef39dd7e5798?s=96&d=mm&r=g\",\"url\":\"https:\\\/\\\/secure.gravatar.com\\\/avatar\\\/3ea2118a5f7dad2b7138b1187a6b7ee55f160b9968b66013c3a3ef39dd7e5798?s=96&d=mm&r=g\",\"contentUrl\":\"https:\\\/\\\/secure.gravatar.com\\\/avatar\\\/3ea2118a5f7dad2b7138b1187a6b7ee55f160b9968b66013c3a3ef39dd7e5798?s=96&d=mm&r=g\",\"caption\":\"Jeanette\"},\"sameAs\":[\"https:\\\/\\\/www.eldiario.net\\\/portal\"],\"url\":\"https:\\\/\\\/www.eldiario.net\\\/portal\\\/author\\\/jeanette\\\/\"}]}<\/script>\n<!-- \/ Yoast SEO plugin. -->","yoast_head_json":{"title":"Justicia deja sin efecto proceso contra Carlos S\u00e1nchez Berza\u00edn - El Diario - Bolivia","robots":{"index":"index","follow":"follow","max-snippet":"max-snippet:-1","max-image-preview":"max-image-preview:large","max-video-preview":"max-video-preview:-1"},"canonical":"https:\/\/www.eldiario.net\/portal\/2026\/08\/22\/justicia-deja-sin-efecto-proceso-contra-carlos-sanchez-berzain\/","og_locale":"es_ES","og_type":"article","og_title":"Justicia deja sin efecto proceso contra Carlos S\u00e1nchez Berza\u00edn - El Diario - Bolivia","og_description":"Una sala constitucional concedi\u00f3 una acci\u00f3n de libertad a Carlos S\u00e1nchez Berza\u00edn, exministro de Defensa del gobierno de Gonzalo S\u00e1nchez de Lozada, y dej\u00f3 sin efecto las actuaciones judiciales promovidas en su contra dentro del proceso relacionado con los hechos de octubre de 2003. La decisi\u00f3n constitucional cuestiona la forma en que se desarroll\u00f3 el [&hellip;]","og_url":"https:\/\/www.eldiario.net\/portal\/2026\/08\/22\/justicia-deja-sin-efecto-proceso-contra-carlos-sanchez-berzain\/","og_site_name":"El Diario - Bolivia","article_publisher":"https:\/\/www.facebook.com\/eldiario.bolivia\/","article_published_time":"2026-08-22T10:49:53+00:00","og_image":[{"width":980,"height":653,"url":"https:\/\/www.eldiario.net\/portal\/wp-content\/uploads\/2026\/08\/22-BERZAIN.webp","type":"image\/webp"}],"author":"Jeanette","twitter_card":"summary_large_image","twitter_creator":"@eldiario_net","twitter_site":"@eldiario_net","twitter_misc":{"Escrito por":"Jeanette","Tiempo de lectura":"2 minutos"},"schema":{"@context":"https:\/\/schema.org","@graph":[{"@type":"Article","@id":"https:\/\/www.eldiario.net\/portal\/2026\/08\/22\/justicia-deja-sin-efecto-proceso-contra-carlos-sanchez-berzain\/#article","isPartOf":{"@id":"https:\/\/www.eldiario.net\/portal\/2026\/08\/22\/justicia-deja-sin-efecto-proceso-contra-carlos-sanchez-berzain\/"},"author":{"name":"Jeanette","@id":"https:\/\/www.eldiario.net\/portal\/#\/schema\/person\/f46445640444750d7d753ccd04ae01b7"},"headline":"Justicia deja sin efecto proceso contra Carlos S\u00e1nchez Berza\u00edn","datePublished":"2026-08-22T10:49:53+00:00","mainEntityOfPage":{"@id":"https:\/\/www.eldiario.net\/portal\/2026\/08\/22\/justicia-deja-sin-efecto-proceso-contra-carlos-sanchez-berzain\/"},"wordCount":262,"publisher":{"@id":"https:\/\/www.eldiario.net\/portal\/#organization"},"image":{"@id":"https:\/\/www.eldiario.net\/portal\/2026\/08\/22\/justicia-deja-sin-efecto-proceso-contra-carlos-sanchez-berzain\/#primaryimage"},"thumbnailUrl":"https:\/\/www.eldiario.net\/portal\/wp-content\/uploads\/2026\/08\/22-BERZAIN.webp","articleSection":["Sociedad - Seguridad"],"inLanguage":"es"},{"@type":"WebPage","@id":"https:\/\/www.eldiario.net\/portal\/2026\/08\/22\/justicia-deja-sin-efecto-proceso-contra-carlos-sanchez-berzain\/","url":"https:\/\/www.eldiario.net\/portal\/2026\/08\/22\/justicia-deja-sin-efecto-proceso-contra-carlos-sanchez-berzain\/","name":"Justicia deja sin efecto proceso contra Carlos S\u00e1nchez Berza\u00edn - El Diario - Bolivia","isPartOf":{"@id":"https:\/\/www.eldiario.net\/portal\/#website"},"primaryImageOfPage":{"@id":"https:\/\/www.eldiario.net\/portal\/2026\/08\/22\/justicia-deja-sin-efecto-proceso-contra-carlos-sanchez-berzain\/#primaryimage"},"image":{"@id":"https:\/\/www.eldiario.net\/portal\/2026\/08\/22\/justicia-deja-sin-efecto-proceso-contra-carlos-sanchez-berzain\/#primaryimage"},"thumbnailUrl":"https:\/\/www.eldiario.net\/portal\/wp-content\/uploads\/2026\/08\/22-BERZAIN.webp","datePublished":"2026-08-22T10:49:53+00:00","breadcrumb":{"@id":"https:\/\/www.eldiario.net\/portal\/2026\/08\/22\/justicia-deja-sin-efecto-proceso-contra-carlos-sanchez-berzain\/#breadcrumb"},"inLanguage":"es","potentialAction":[{"@type":"ReadAction","target":["https:\/\/www.eldiario.net\/portal\/2026\/08\/22\/justicia-deja-sin-efecto-proceso-contra-carlos-sanchez-berzain\/"]}]},{"@type":"ImageObject","inLanguage":"es","@id":"https:\/\/www.eldiario.net\/portal\/2026\/08\/22\/justicia-deja-sin-efecto-proceso-contra-carlos-sanchez-berzain\/#primaryimage","url":"https:\/\/www.eldiario.net\/portal\/wp-content\/uploads\/2026\/08\/22-BERZAIN.webp","contentUrl":"https:\/\/www.eldiario.net\/portal\/wp-content\/uploads\/2026\/08\/22-BERZAIN.webp","width":980,"height":653,"caption":"Exministro, Jos\u00e9 Carlos S\u00e1nchez Berza\u00edn. Cr\u00e9dito de foto: RRSS"},{"@type":"BreadcrumbList","@id":"https:\/\/www.eldiario.net\/portal\/2026\/08\/22\/justicia-deja-sin-efecto-proceso-contra-carlos-sanchez-berzain\/#breadcrumb","itemListElement":[{"@type":"ListItem","position":1,"name":"Portada","item":"https:\/\/www.eldiario.net\/portal\/"},{"@type":"ListItem","position":2,"name":"Justicia deja sin efecto proceso contra Carlos S\u00e1nchez Berza\u00edn"}]},{"@type":"WebSite","@id":"https:\/\/www.eldiario.net\/portal\/#website","url":"https:\/\/www.eldiario.net\/portal\/","name":"El Diario - Decano de la prensa nacional","description":"El Diario - Decano de la prensa nacional","publisher":{"@id":"https:\/\/www.eldiario.net\/portal\/#organization"},"potentialAction":[{"@type":"SearchAction","target":{"@type":"EntryPoint","urlTemplate":"https:\/\/www.eldiario.net\/portal\/?s={search_term_string}"},"query-input":{"@type":"PropertyValueSpecification","valueRequired":true,"valueName":"search_term_string"}}],"inLanguage":"es"},{"@type":"Organization","@id":"https:\/\/www.eldiario.net\/portal\/#organization","name":"El Diario - Decano de la prensa nacional","url":"https:\/\/www.eldiario.net\/portal\/","logo":{"@type":"ImageObject","inLanguage":"es","@id":"https:\/\/www.eldiario.net\/portal\/#\/schema\/logo\/image\/","url":"https:\/\/www.eldiario.net\/portal\/wp-content\/uploads\/2023\/07\/logo_ED.jpg","contentUrl":"https:\/\/www.eldiario.net\/portal\/wp-content\/uploads\/2023\/07\/logo_ED.jpg","width":272,"height":52,"caption":"El Diario - Decano de la prensa nacional"},"image":{"@id":"https:\/\/www.eldiario.net\/portal\/#\/schema\/logo\/image\/"},"sameAs":["https:\/\/www.facebook.com\/eldiario.bolivia\/","https:\/\/x.com\/eldiario_net"]},{"@type":"Person","@id":"https:\/\/www.eldiario.net\/portal\/#\/schema\/person\/f46445640444750d7d753ccd04ae01b7","name":"Jeanette","image":{"@type":"ImageObject","inLanguage":"es","@id":"https:\/\/secure.gravatar.com\/avatar\/3ea2118a5f7dad2b7138b1187a6b7ee55f160b9968b66013c3a3ef39dd7e5798?s=96&d=mm&r=g","url":"https:\/\/secure.gravatar.com\/avatar\/3ea2118a5f7dad2b7138b1187a6b7ee55f160b9968b66013c3a3ef39dd7e5798?s=96&d=mm&r=g","contentUrl":"https:\/\/secure.gravatar.com\/avatar\/3ea2118a5f7dad2b7138b1187a6b7ee55f160b9968b66013c3a3ef39dd7e5798?s=96&d=mm&r=g","caption":"Jeanette"},"sameAs":["https:\/\/www.eldiario.net\/portal"],"url":"https:\/\/www.eldiario.net\/portal\/author\/jeanette\/"}]}},"_links":{"self":[{"href":"https:\/\/www.eldiario.net\/portal\/wp-json\/wp\/v2\/posts\/423623","targetHints":{"allow":["GET"]}}],"collection":[{"href":"https:\/\/www.eldiario.net\/portal\/wp-json\/wp\/v2\/posts"}],"about":[{"href":"https:\/\/www.eldiario.net\/portal\/wp-json\/wp\/v2\/types\/post"}],"author":[{"embeddable":true,"href":"https:\/\/www.eldiario.net\/portal\/wp-json\/wp\/v2\/users\/1"}],"replies":[{"embeddable":true,"href":"https:\/\/www.eldiario.net\/portal\/wp-json\/wp\/v2\/comments?post=423623"}],"version-history":[{"count":1,"href":"https:\/\/www.eldiario.net\/portal\/wp-json\/wp\/v2\/posts\/423623\/revisions"}],"predecessor-version":[{"id":423625,"href":"https:\/\/www.eldiario.net\/portal\/wp-json\/wp\/v2\/posts\/423623\/revisions\/423625"}],"wp:featuredmedia":[{"embeddable":true,"href":"https:\/\/www.eldiario.net\/portal\/wp-json\/wp\/v2\/media\/423624"}],"wp:attachment":[{"href":"https:\/\/www.eldiario.net\/portal\/wp-json\/wp\/v2\/media?parent=423623"}],"wp:term":[{"taxonomy":"category","embeddable":true,"href":"https:\/\/www.eldiario.net\/portal\/wp-json\/wp\/v2\/categories?post=423623"},{"taxonomy":"post_tag","embeddable":true,"href":"https:\/\/www.eldiario.net\/portal\/wp-json\/wp\/v2\/tags?post=423623"}],"curies":[{"name":"wp","href":"https:\/\/api.w.org\/{rel}","templated":true}]}}