{"id":423619,"date":"2026-08-22T06:44:08","date_gmt":"2026-08-22T10:44:08","guid":{"rendered":"https:\/\/www.eldiario.net\/portal\/?p=423619"},"modified":"2026-08-22T06:44:08","modified_gmt":"2026-08-22T10:44:08","slug":"intervencion-en-coroico-amplia-fiscalizacion-minera-en-la-paz","status":"publish","type":"post","link":"https:\/\/www.eldiario.net\/portal\/2026\/08\/22\/intervencion-en-coroico-amplia-fiscalizacion-minera-en-la-paz\/","title":{"rendered":"Intervenci\u00f3n en Coroico ampl\u00eda  fiscalizaci\u00f3n minera en La Paz"},"content":{"rendered":"<p>Una intervenci\u00f3n en inmediaciones de Senda Verde, en Coroico, dej\u00f3 dos personas aprehendidas y abri\u00f3 una investigaci\u00f3n por posibles afectaciones ambientales, en un departamento donde la Autoridad Jurisdiccional Administrativa Minera (AJAM) tambi\u00e9n detect\u00f3 miner\u00eda ilegal en Mayaya, municipio de Teoponte, y en otros 13 puntos pr\u00f3ximos a cuencas y fuentes de agua durante 2026.<br \/>\nEl operativo m\u00e1s reciente se realiz\u00f3 en el \u00e1rea Nueva Fortuna, donde personal de la AJAM y efectivos de la Fuerza Especial de Lucha Contra los Delitos Ambientales (Felcda) encontraron actividad minera en ejecuci\u00f3n, maquinaria pesada, deforestaci\u00f3n e indicios de contaminaci\u00f3n en el r\u00edo Coroico. Dos personas fueron aprehendidas en flagrancia y la Polic\u00eda anunci\u00f3 que otras tres ser\u00edan remitidas en calidad de detenidas para aportar informaci\u00f3n a la investigaci\u00f3n.<br \/>\nLa situaci\u00f3n jur\u00eddica de Nueva Fortuna es distinta a la de otros lugares intervenidos en La Paz. La AJAM estableci\u00f3 que el \u00e1rea tiene un derecho minero preconstituido, aunque durante la inspecci\u00f3n no se encontraba el representante legal y fueron halladas personas que, seg\u00fan la entidad, realizaban trabajos a t\u00edtulo personal con maquinaria pesada.<br \/>\nLa existencia y magnitud de una eventual contaminaci\u00f3n del r\u00edo todav\u00eda deber\u00e1 ser determinada t\u00e9cnicamente. Durante el operativo fueron tomadas muestras de agua que ser\u00e1n enviadas a laboratorio. La Alcald\u00eda de Coroico comunic\u00f3 la existencia de otros cuatro puntos de inter\u00e9s que podr\u00edan estar afectando al afluente, aunque la AJAM no precis\u00f3 su ubicaci\u00f3n ni estableci\u00f3 p\u00fablicamente que correspondan a otras operaciones mineras.<br \/>\nSin embargo, el caso ocurre despu\u00e9s de otras intervenciones realizadas contra la miner\u00eda ilegal en el departamento. El 5 de febrero, la AJAM identific\u00f3 13 puntos con actividad minera en \u00e1reas sin derecho minero otorgado, ubicados en inmediaciones de las cuencas de los r\u00edos Orkojahuira, Choqueyapu, Irpavi, Karpani y Kallapa, adem\u00e1s del embalse de Hampaturi.<br \/>\nEn esos lugares fueron encontrados chutes utilizados para lavar material extra\u00eddo de los r\u00edos, con canaletas y alfombras destinadas a recuperar mineral, presuntamente oro aluvial. Tras la inspecci\u00f3n, la AJAM notific\u00f3 el cese inmediato de las operaciones e inici\u00f3 acciones administrativas y legales.<br \/>\nTeoponte constituye otro de los principales focos de intervenci\u00f3n. El 7 de marzo, la AJAM, la Armada Boliviana y la Polic\u00eda ejecutaron operativos en el norte pace\u00f1o, entre ellos uno en el r\u00edo Kaka, cerca de Mayaya, y otro en proximidades de la desembocadura del r\u00edo Quendeque y el r\u00edo Beni, cerca del Parque Nacional Madidi. Las autoridades reportaron maquinaria pesada, campamentos y equipos utilizados para la explotaci\u00f3n ilegal de oro.<br \/>\nEn el \u00e1rea denominada Venceremos I, sobre el r\u00edo Kaka, cerca de Mayaya, la comisi\u00f3n constat\u00f3 explotaci\u00f3n ilegal con maquinaria pesada. Cuatro retroexcavadoras y un tractocami\u00f3n tipo volqueta fueron inutilizados, adem\u00e1s de una tolva; dos campamentos fueron desarticulados y cinco tambores con di\u00e9sel destruidos. La AJAM record\u00f3 que ya hab\u00eda presentado una denuncia penal a finales de 2024 por trabajos de extracci\u00f3n efectuados en esa \u00e1rea sin derechos mineros otorgados por el Estado.<br \/>\nDurante el mismo despliegue, pero en inmediaciones de la desembocadura de los r\u00edos Quendeque y Beni, fueron desarticulados nueve campamentos mineros ilegales y se inutilizaron retroexcavadoras, volquetas, generadores, motobombas y otros equipos. Tambi\u00e9n fueron secuestrados mercurio y b\u00f3rax empleados en el procesamiento de oro.<br \/>\nLa fiscalizaci\u00f3n en Mayaya continu\u00f3 meses despu\u00e9s. El 15 de julio, una comisi\u00f3n t\u00e9cnica de la AJAM volvi\u00f3 al \u00e1rea minera Venceremos y constat\u00f3 indicios de operaciones extractivas a gran escala desarrolladas al margen de la normativa. La instituci\u00f3n tambi\u00e9n denunci\u00f3 amenazas contra el conductor del veh\u00edculo utilizado para la inspecci\u00f3n y rechaz\u00f3 supuestos v\u00ednculos con autoridades que habr\u00edan sido invocados para respaldar las actividades en el sector.<br \/>\nLos antecedentes se remontan adem\u00e1s a 2025. En inspecciones realizadas entre el 16 y 18 de septiembre de ese a\u00f1o, la AJAM recorri\u00f3 los r\u00edos Kaka, Alto Beni, Tuichi y Tequeje, detect\u00f3 miner\u00eda ilegal en riberas de los r\u00edos Kaka y Tequeje, donde encontr\u00f3 campamentos, maquinaria pesada y chutes instalados en \u00e1reas sin autorizaci\u00f3n legal para explotar minerales.<br \/>\nPosteriormente, durante inspecciones efectuadas el 2 y 3 de octubre de 2025, t\u00e9cnicos de la AJAM identificaron explotaci\u00f3n con maquinaria pesada, retroexcavadoras, volquetas y chutes de lavado en sectores de Caranavi, Teoponte y Guanay, entre ellos cercan\u00edas de la comunidad de Alcoche, la ruta Caranavi-Guanay y riberas del r\u00edo Coroico.<br \/>\nLa autoridad estableci\u00f3 que las labores se realizaban en \u00e1reas cuyas solicitudes se encontraban en tr\u00e1mite y que no ten\u00edan autorizaci\u00f3n para desarrollar explotaci\u00f3n minera.<br \/>\nLos antecedentes oficiales confirman as\u00ed intervenciones por miner\u00eda ilegal en Teoponte, Caranavi y Guanay, adem\u00e1s de sectores de los r\u00edos Kaka y Tequeje y los 13 puntos localizados cerca de las cuencas del Orkojahuira, Choqueyapu, Irpavi, Karpani y Kallapa y del embalse de Hampaturi.<br \/>\nEn Senda Verde, en cambio, la investigaci\u00f3n parte de una situaci\u00f3n diferente porque Nueva Fortuna cuenta con un derecho minero preconstituido.<br \/>\nLas pesquisas deber\u00e1n establecer las responsabilidades por las condiciones en las que se desarrollaban las labores y los an\u00e1lisis de laboratorio determinar\u00e1n el grado de contaminaci\u00f3n del r\u00edo Coroico a partir de las muestras recolectadas. (Con datos de fmlapaz.com)<\/p>\n<figure id=\"attachment_423621\" aria-describedby=\"caption-attachment-423621\" style=\"width: 1280px\" class=\"wp-caption alignleft\"><img loading=\"lazy\" decoding=\"async\" class=\"size-full wp-image-423621\" src=\"https:\/\/www.eldiario.net\/portal\/wp-content\/uploads\/2026\/08\/71-NAL-4.webp\" alt=\"\" width=\"1280\" height=\"960\" srcset=\"https:\/\/www.eldiario.net\/portal\/wp-content\/uploads\/2026\/08\/71-NAL-4.webp 1280w, https:\/\/www.eldiario.net\/portal\/wp-content\/uploads\/2026\/08\/71-NAL-4-300x225.webp 300w, https:\/\/www.eldiario.net\/portal\/wp-content\/uploads\/2026\/08\/71-NAL-4-1024x768.webp 1024w, https:\/\/www.eldiario.net\/portal\/wp-content\/uploads\/2026\/08\/71-NAL-4-768x576.webp 768w, https:\/\/www.eldiario.net\/portal\/wp-content\/uploads\/2026\/08\/71-NAL-4-560x420.webp 560w, https:\/\/www.eldiario.net\/portal\/wp-content\/uploads\/2026\/08\/71-NAL-4-80x60.webp 80w, https:\/\/www.eldiario.net\/portal\/wp-content\/uploads\/2026\/08\/71-NAL-4-150x113.webp 150w, https:\/\/www.eldiario.net\/portal\/wp-content\/uploads\/2026\/08\/71-NAL-4-696x522.webp 696w, https:\/\/www.eldiario.net\/portal\/wp-content\/uploads\/2026\/08\/71-NAL-4-1068x801.webp 1068w\" sizes=\"auto, (max-width: 1280px) 100vw, 1280px\" \/><figcaption id=\"caption-attachment-423621\" class=\"wp-caption-text\">Funcionarios de la AJAM en plena inspecci\u00f3n.<\/figcaption><\/figure>\n","protected":false},"excerpt":{"rendered":"<p>Una intervenci\u00f3n en inmediaciones de Senda Verde, en Coroico, dej\u00f3 dos personas aprehendidas y abri\u00f3 una investigaci\u00f3n por posibles afectaciones ambientales, en un departamento donde la Autoridad Jurisdiccional Administrativa Minera (AJAM) tambi\u00e9n detect\u00f3 miner\u00eda ilegal en Mayaya, municipio de Teoponte, y en otros 13 puntos pr\u00f3ximos a cuencas y fuentes de agua durante 2026. El [&hellip;]<\/p>\n","protected":false},"author":1,"featured_media":423620,"comment_status":"closed","ping_status":"open","sticky":false,"template":"","format":"standard","meta":{"_acf_changed":false,"footnotes":""},"categories":[12],"tags":[],"class_list":["post-423619","post","type-post","status-publish","format-standard","has-post-thumbnail","category-nacional"],"acf":{"antetitulo":""},"yoast_head":"<!-- This site is optimized with the Yoast SEO plugin v28.3 - https:\/\/yoast.com\/product\/yoast-seo-wordpress\/ -->\n<title>Intervenci\u00f3n en Coroico ampl\u00eda fiscalizaci\u00f3n minera en La Paz - El Diario - Bolivia<\/title>\n<meta name=\"robots\" content=\"index, follow, max-snippet:-1, max-image-preview:large, max-video-preview:-1\" \/>\n<link rel=\"canonical\" href=\"https:\/\/www.eldiario.net\/portal\/2026\/08\/22\/intervencion-en-coroico-amplia-fiscalizacion-minera-en-la-paz\/\" \/>\n<meta property=\"og:locale\" content=\"es_ES\" \/>\n<meta property=\"og:type\" content=\"article\" \/>\n<meta property=\"og:title\" content=\"Intervenci\u00f3n en Coroico ampl\u00eda fiscalizaci\u00f3n minera en La Paz - El Diario - Bolivia\" \/>\n<meta property=\"og:description\" content=\"Una intervenci\u00f3n en inmediaciones de Senda Verde, en Coroico, dej\u00f3 dos personas aprehendidas y abri\u00f3 una investigaci\u00f3n por posibles afectaciones ambientales, en un departamento donde la Autoridad Jurisdiccional Administrativa Minera (AJAM) tambi\u00e9n detect\u00f3 miner\u00eda ilegal en Mayaya, municipio de Teoponte, y en otros 13 puntos pr\u00f3ximos a cuencas y fuentes de agua durante 2026. El [&hellip;]\" \/>\n<meta property=\"og:url\" content=\"https:\/\/www.eldiario.net\/portal\/2026\/08\/22\/intervencion-en-coroico-amplia-fiscalizacion-minera-en-la-paz\/\" \/>\n<meta property=\"og:site_name\" content=\"El Diario - Bolivia\" \/>\n<meta property=\"article:publisher\" content=\"https:\/\/www.facebook.com\/eldiario.bolivia\/\" \/>\n<meta property=\"article:published_time\" content=\"2026-08-22T10:44:08+00:00\" \/>\n<meta property=\"og:image\" content=\"https:\/\/www.eldiario.net\/portal\/wp-content\/uploads\/2026\/08\/70-NAL-4.webp\" \/>\n\t<meta property=\"og:image:width\" content=\"1280\" \/>\n\t<meta property=\"og:image:height\" content=\"960\" \/>\n\t<meta property=\"og:image:type\" content=\"image\/webp\" \/>\n<meta name=\"author\" content=\"Jeanette\" \/>\n<meta name=\"twitter:card\" content=\"summary_large_image\" \/>\n<meta name=\"twitter:creator\" content=\"@eldiario_net\" \/>\n<meta name=\"twitter:site\" content=\"@eldiario_net\" \/>\n<meta name=\"twitter:label1\" content=\"Escrito por\" \/>\n\t<meta name=\"twitter:data1\" content=\"Jeanette\" \/>\n\t<meta name=\"twitter:label2\" content=\"Tiempo de lectura\" \/>\n\t<meta name=\"twitter:data2\" content=\"5 minutos\" \/>\n<script type=\"application\/ld+json\" class=\"yoast-schema-graph\">{\"@context\":\"https:\\\/\\\/schema.org\",\"@graph\":[{\"@type\":\"Article\",\"@id\":\"https:\\\/\\\/www.eldiario.net\\\/portal\\\/2026\\\/08\\\/22\\\/intervencion-en-coroico-amplia-fiscalizacion-minera-en-la-paz\\\/#article\",\"isPartOf\":{\"@id\":\"https:\\\/\\\/www.eldiario.net\\\/portal\\\/2026\\\/08\\\/22\\\/intervencion-en-coroico-amplia-fiscalizacion-minera-en-la-paz\\\/\"},\"author\":{\"name\":\"Jeanette\",\"@id\":\"https:\\\/\\\/www.eldiario.net\\\/portal\\\/#\\\/schema\\\/person\\\/f46445640444750d7d753ccd04ae01b7\"},\"headline\":\"Intervenci\u00f3n en Coroico ampl\u00eda fiscalizaci\u00f3n minera en La Paz\",\"datePublished\":\"2026-08-22T10:44:08+00:00\",\"mainEntityOfPage\":{\"@id\":\"https:\\\/\\\/www.eldiario.net\\\/portal\\\/2026\\\/08\\\/22\\\/intervencion-en-coroico-amplia-fiscalizacion-minera-en-la-paz\\\/\"},\"wordCount\":934,\"publisher\":{\"@id\":\"https:\\\/\\\/www.eldiario.net\\\/portal\\\/#organization\"},\"image\":{\"@id\":\"https:\\\/\\\/www.eldiario.net\\\/portal\\\/2026\\\/08\\\/22\\\/intervencion-en-coroico-amplia-fiscalizacion-minera-en-la-paz\\\/#primaryimage\"},\"thumbnailUrl\":\"https:\\\/\\\/www.eldiario.net\\\/portal\\\/wp-content\\\/uploads\\\/2026\\\/08\\\/70-NAL-4.webp\",\"articleSection\":[\"Nacional\"],\"inLanguage\":\"es\"},{\"@type\":\"WebPage\",\"@id\":\"https:\\\/\\\/www.eldiario.net\\\/portal\\\/2026\\\/08\\\/22\\\/intervencion-en-coroico-amplia-fiscalizacion-minera-en-la-paz\\\/\",\"url\":\"https:\\\/\\\/www.eldiario.net\\\/portal\\\/2026\\\/08\\\/22\\\/intervencion-en-coroico-amplia-fiscalizacion-minera-en-la-paz\\\/\",\"name\":\"Intervenci\u00f3n en Coroico ampl\u00eda fiscalizaci\u00f3n minera en La Paz - El Diario - Bolivia\",\"isPartOf\":{\"@id\":\"https:\\\/\\\/www.eldiario.net\\\/portal\\\/#website\"},\"primaryImageOfPage\":{\"@id\":\"https:\\\/\\\/www.eldiario.net\\\/portal\\\/2026\\\/08\\\/22\\\/intervencion-en-coroico-amplia-fiscalizacion-minera-en-la-paz\\\/#primaryimage\"},\"image\":{\"@id\":\"https:\\\/\\\/www.eldiario.net\\\/portal\\\/2026\\\/08\\\/22\\\/intervencion-en-coroico-amplia-fiscalizacion-minera-en-la-paz\\\/#primaryimage\"},\"thumbnailUrl\":\"https:\\\/\\\/www.eldiario.net\\\/portal\\\/wp-content\\\/uploads\\\/2026\\\/08\\\/70-NAL-4.webp\",\"datePublished\":\"2026-08-22T10:44:08+00:00\",\"breadcrumb\":{\"@id\":\"https:\\\/\\\/www.eldiario.net\\\/portal\\\/2026\\\/08\\\/22\\\/intervencion-en-coroico-amplia-fiscalizacion-minera-en-la-paz\\\/#breadcrumb\"},\"inLanguage\":\"es\",\"potentialAction\":[{\"@type\":\"ReadAction\",\"target\":[\"https:\\\/\\\/www.eldiario.net\\\/portal\\\/2026\\\/08\\\/22\\\/intervencion-en-coroico-amplia-fiscalizacion-minera-en-la-paz\\\/\"]}]},{\"@type\":\"ImageObject\",\"inLanguage\":\"es\",\"@id\":\"https:\\\/\\\/www.eldiario.net\\\/portal\\\/2026\\\/08\\\/22\\\/intervencion-en-coroico-amplia-fiscalizacion-minera-en-la-paz\\\/#primaryimage\",\"url\":\"https:\\\/\\\/www.eldiario.net\\\/portal\\\/wp-content\\\/uploads\\\/2026\\\/08\\\/70-NAL-4.webp\",\"contentUrl\":\"https:\\\/\\\/www.eldiario.net\\\/portal\\\/wp-content\\\/uploads\\\/2026\\\/08\\\/70-NAL-4.webp\",\"width\":1280,\"height\":960,\"caption\":\"Se detect\u00f3 presencia de maquinaria pesada en Senda Verde.\"},{\"@type\":\"BreadcrumbList\",\"@id\":\"https:\\\/\\\/www.eldiario.net\\\/portal\\\/2026\\\/08\\\/22\\\/intervencion-en-coroico-amplia-fiscalizacion-minera-en-la-paz\\\/#breadcrumb\",\"itemListElement\":[{\"@type\":\"ListItem\",\"position\":1,\"name\":\"Portada\",\"item\":\"https:\\\/\\\/www.eldiario.net\\\/portal\\\/\"},{\"@type\":\"ListItem\",\"position\":2,\"name\":\"Intervenci\u00f3n en Coroico ampl\u00eda fiscalizaci\u00f3n minera en La Paz\"}]},{\"@type\":\"WebSite\",\"@id\":\"https:\\\/\\\/www.eldiario.net\\\/portal\\\/#website\",\"url\":\"https:\\\/\\\/www.eldiario.net\\\/portal\\\/\",\"name\":\"El Diario - Decano de la prensa nacional\",\"description\":\"El Diario - Decano de la prensa nacional\",\"publisher\":{\"@id\":\"https:\\\/\\\/www.eldiario.net\\\/portal\\\/#organization\"},\"potentialAction\":[{\"@type\":\"SearchAction\",\"target\":{\"@type\":\"EntryPoint\",\"urlTemplate\":\"https:\\\/\\\/www.eldiario.net\\\/portal\\\/?s={search_term_string}\"},\"query-input\":{\"@type\":\"PropertyValueSpecification\",\"valueRequired\":true,\"valueName\":\"search_term_string\"}}],\"inLanguage\":\"es\"},{\"@type\":\"Organization\",\"@id\":\"https:\\\/\\\/www.eldiario.net\\\/portal\\\/#organization\",\"name\":\"El Diario - Decano de la prensa nacional\",\"url\":\"https:\\\/\\\/www.eldiario.net\\\/portal\\\/\",\"logo\":{\"@type\":\"ImageObject\",\"inLanguage\":\"es\",\"@id\":\"https:\\\/\\\/www.eldiario.net\\\/portal\\\/#\\\/schema\\\/logo\\\/image\\\/\",\"url\":\"https:\\\/\\\/www.eldiario.net\\\/portal\\\/wp-content\\\/uploads\\\/2023\\\/07\\\/logo_ED.jpg\",\"contentUrl\":\"https:\\\/\\\/www.eldiario.net\\\/portal\\\/wp-content\\\/uploads\\\/2023\\\/07\\\/logo_ED.jpg\",\"width\":272,\"height\":52,\"caption\":\"El Diario - Decano de la prensa nacional\"},\"image\":{\"@id\":\"https:\\\/\\\/www.eldiario.net\\\/portal\\\/#\\\/schema\\\/logo\\\/image\\\/\"},\"sameAs\":[\"https:\\\/\\\/www.facebook.com\\\/eldiario.bolivia\\\/\",\"https:\\\/\\\/x.com\\\/eldiario_net\"]},{\"@type\":\"Person\",\"@id\":\"https:\\\/\\\/www.eldiario.net\\\/portal\\\/#\\\/schema\\\/person\\\/f46445640444750d7d753ccd04ae01b7\",\"name\":\"Jeanette\",\"image\":{\"@type\":\"ImageObject\",\"inLanguage\":\"es\",\"@id\":\"https:\\\/\\\/secure.gravatar.com\\\/avatar\\\/3ea2118a5f7dad2b7138b1187a6b7ee55f160b9968b66013c3a3ef39dd7e5798?s=96&d=mm&r=g\",\"url\":\"https:\\\/\\\/secure.gravatar.com\\\/avatar\\\/3ea2118a5f7dad2b7138b1187a6b7ee55f160b9968b66013c3a3ef39dd7e5798?s=96&d=mm&r=g\",\"contentUrl\":\"https:\\\/\\\/secure.gravatar.com\\\/avatar\\\/3ea2118a5f7dad2b7138b1187a6b7ee55f160b9968b66013c3a3ef39dd7e5798?s=96&d=mm&r=g\",\"caption\":\"Jeanette\"},\"sameAs\":[\"https:\\\/\\\/www.eldiario.net\\\/portal\"],\"url\":\"https:\\\/\\\/www.eldiario.net\\\/portal\\\/author\\\/jeanette\\\/\"}]}<\/script>\n<!-- \/ Yoast SEO plugin. -->","yoast_head_json":{"title":"Intervenci\u00f3n en Coroico ampl\u00eda fiscalizaci\u00f3n minera en La Paz - El Diario - Bolivia","robots":{"index":"index","follow":"follow","max-snippet":"max-snippet:-1","max-image-preview":"max-image-preview:large","max-video-preview":"max-video-preview:-1"},"canonical":"https:\/\/www.eldiario.net\/portal\/2026\/08\/22\/intervencion-en-coroico-amplia-fiscalizacion-minera-en-la-paz\/","og_locale":"es_ES","og_type":"article","og_title":"Intervenci\u00f3n en Coroico ampl\u00eda fiscalizaci\u00f3n minera en La Paz - El Diario - Bolivia","og_description":"Una intervenci\u00f3n en inmediaciones de Senda Verde, en Coroico, dej\u00f3 dos personas aprehendidas y abri\u00f3 una investigaci\u00f3n por posibles afectaciones ambientales, en un departamento donde la Autoridad Jurisdiccional Administrativa Minera (AJAM) tambi\u00e9n detect\u00f3 miner\u00eda ilegal en Mayaya, municipio de Teoponte, y en otros 13 puntos pr\u00f3ximos a cuencas y fuentes de agua durante 2026. El [&hellip;]","og_url":"https:\/\/www.eldiario.net\/portal\/2026\/08\/22\/intervencion-en-coroico-amplia-fiscalizacion-minera-en-la-paz\/","og_site_name":"El Diario - Bolivia","article_publisher":"https:\/\/www.facebook.com\/eldiario.bolivia\/","article_published_time":"2026-08-22T10:44:08+00:00","og_image":[{"width":1280,"height":960,"url":"https:\/\/www.eldiario.net\/portal\/wp-content\/uploads\/2026\/08\/70-NAL-4.webp","type":"image\/webp"}],"author":"Jeanette","twitter_card":"summary_large_image","twitter_creator":"@eldiario_net","twitter_site":"@eldiario_net","twitter_misc":{"Escrito por":"Jeanette","Tiempo de lectura":"5 minutos"},"schema":{"@context":"https:\/\/schema.org","@graph":[{"@type":"Article","@id":"https:\/\/www.eldiario.net\/portal\/2026\/08\/22\/intervencion-en-coroico-amplia-fiscalizacion-minera-en-la-paz\/#article","isPartOf":{"@id":"https:\/\/www.eldiario.net\/portal\/2026\/08\/22\/intervencion-en-coroico-amplia-fiscalizacion-minera-en-la-paz\/"},"author":{"name":"Jeanette","@id":"https:\/\/www.eldiario.net\/portal\/#\/schema\/person\/f46445640444750d7d753ccd04ae01b7"},"headline":"Intervenci\u00f3n en Coroico ampl\u00eda fiscalizaci\u00f3n minera en La Paz","datePublished":"2026-08-22T10:44:08+00:00","mainEntityOfPage":{"@id":"https:\/\/www.eldiario.net\/portal\/2026\/08\/22\/intervencion-en-coroico-amplia-fiscalizacion-minera-en-la-paz\/"},"wordCount":934,"publisher":{"@id":"https:\/\/www.eldiario.net\/portal\/#organization"},"image":{"@id":"https:\/\/www.eldiario.net\/portal\/2026\/08\/22\/intervencion-en-coroico-amplia-fiscalizacion-minera-en-la-paz\/#primaryimage"},"thumbnailUrl":"https:\/\/www.eldiario.net\/portal\/wp-content\/uploads\/2026\/08\/70-NAL-4.webp","articleSection":["Nacional"],"inLanguage":"es"},{"@type":"WebPage","@id":"https:\/\/www.eldiario.net\/portal\/2026\/08\/22\/intervencion-en-coroico-amplia-fiscalizacion-minera-en-la-paz\/","url":"https:\/\/www.eldiario.net\/portal\/2026\/08\/22\/intervencion-en-coroico-amplia-fiscalizacion-minera-en-la-paz\/","name":"Intervenci\u00f3n en Coroico ampl\u00eda fiscalizaci\u00f3n minera en La Paz - El Diario - Bolivia","isPartOf":{"@id":"https:\/\/www.eldiario.net\/portal\/#website"},"primaryImageOfPage":{"@id":"https:\/\/www.eldiario.net\/portal\/2026\/08\/22\/intervencion-en-coroico-amplia-fiscalizacion-minera-en-la-paz\/#primaryimage"},"image":{"@id":"https:\/\/www.eldiario.net\/portal\/2026\/08\/22\/intervencion-en-coroico-amplia-fiscalizacion-minera-en-la-paz\/#primaryimage"},"thumbnailUrl":"https:\/\/www.eldiario.net\/portal\/wp-content\/uploads\/2026\/08\/70-NAL-4.webp","datePublished":"2026-08-22T10:44:08+00:00","breadcrumb":{"@id":"https:\/\/www.eldiario.net\/portal\/2026\/08\/22\/intervencion-en-coroico-amplia-fiscalizacion-minera-en-la-paz\/#breadcrumb"},"inLanguage":"es","potentialAction":[{"@type":"ReadAction","target":["https:\/\/www.eldiario.net\/portal\/2026\/08\/22\/intervencion-en-coroico-amplia-fiscalizacion-minera-en-la-paz\/"]}]},{"@type":"ImageObject","inLanguage":"es","@id":"https:\/\/www.eldiario.net\/portal\/2026\/08\/22\/intervencion-en-coroico-amplia-fiscalizacion-minera-en-la-paz\/#primaryimage","url":"https:\/\/www.eldiario.net\/portal\/wp-content\/uploads\/2026\/08\/70-NAL-4.webp","contentUrl":"https:\/\/www.eldiario.net\/portal\/wp-content\/uploads\/2026\/08\/70-NAL-4.webp","width":1280,"height":960,"caption":"Se detect\u00f3 presencia de maquinaria pesada en Senda Verde."},{"@type":"BreadcrumbList","@id":"https:\/\/www.eldiario.net\/portal\/2026\/08\/22\/intervencion-en-coroico-amplia-fiscalizacion-minera-en-la-paz\/#breadcrumb","itemListElement":[{"@type":"ListItem","position":1,"name":"Portada","item":"https:\/\/www.eldiario.net\/portal\/"},{"@type":"ListItem","position":2,"name":"Intervenci\u00f3n en Coroico ampl\u00eda fiscalizaci\u00f3n minera en La Paz"}]},{"@type":"WebSite","@id":"https:\/\/www.eldiario.net\/portal\/#website","url":"https:\/\/www.eldiario.net\/portal\/","name":"El Diario - Decano de la prensa nacional","description":"El Diario - Decano de la prensa nacional","publisher":{"@id":"https:\/\/www.eldiario.net\/portal\/#organization"},"potentialAction":[{"@type":"SearchAction","target":{"@type":"EntryPoint","urlTemplate":"https:\/\/www.eldiario.net\/portal\/?s={search_term_string}"},"query-input":{"@type":"PropertyValueSpecification","valueRequired":true,"valueName":"search_term_string"}}],"inLanguage":"es"},{"@type":"Organization","@id":"https:\/\/www.eldiario.net\/portal\/#organization","name":"El Diario - Decano de la prensa nacional","url":"https:\/\/www.eldiario.net\/portal\/","logo":{"@type":"ImageObject","inLanguage":"es","@id":"https:\/\/www.eldiario.net\/portal\/#\/schema\/logo\/image\/","url":"https:\/\/www.eldiario.net\/portal\/wp-content\/uploads\/2023\/07\/logo_ED.jpg","contentUrl":"https:\/\/www.eldiario.net\/portal\/wp-content\/uploads\/2023\/07\/logo_ED.jpg","width":272,"height":52,"caption":"El Diario - Decano de la prensa nacional"},"image":{"@id":"https:\/\/www.eldiario.net\/portal\/#\/schema\/logo\/image\/"},"sameAs":["https:\/\/www.facebook.com\/eldiario.bolivia\/","https:\/\/x.com\/eldiario_net"]},{"@type":"Person","@id":"https:\/\/www.eldiario.net\/portal\/#\/schema\/person\/f46445640444750d7d753ccd04ae01b7","name":"Jeanette","image":{"@type":"ImageObject","inLanguage":"es","@id":"https:\/\/secure.gravatar.com\/avatar\/3ea2118a5f7dad2b7138b1187a6b7ee55f160b9968b66013c3a3ef39dd7e5798?s=96&d=mm&r=g","url":"https:\/\/secure.gravatar.com\/avatar\/3ea2118a5f7dad2b7138b1187a6b7ee55f160b9968b66013c3a3ef39dd7e5798?s=96&d=mm&r=g","contentUrl":"https:\/\/secure.gravatar.com\/avatar\/3ea2118a5f7dad2b7138b1187a6b7ee55f160b9968b66013c3a3ef39dd7e5798?s=96&d=mm&r=g","caption":"Jeanette"},"sameAs":["https:\/\/www.eldiario.net\/portal"],"url":"https:\/\/www.eldiario.net\/portal\/author\/jeanette\/"}]}},"_links":{"self":[{"href":"https:\/\/www.eldiario.net\/portal\/wp-json\/wp\/v2\/posts\/423619","targetHints":{"allow":["GET"]}}],"collection":[{"href":"https:\/\/www.eldiario.net\/portal\/wp-json\/wp\/v2\/posts"}],"about":[{"href":"https:\/\/www.eldiario.net\/portal\/wp-json\/wp\/v2\/types\/post"}],"author":[{"embeddable":true,"href":"https:\/\/www.eldiario.net\/portal\/wp-json\/wp\/v2\/users\/1"}],"replies":[{"embeddable":true,"href":"https:\/\/www.eldiario.net\/portal\/wp-json\/wp\/v2\/comments?post=423619"}],"version-history":[{"count":1,"href":"https:\/\/www.eldiario.net\/portal\/wp-json\/wp\/v2\/posts\/423619\/revisions"}],"predecessor-version":[{"id":423622,"href":"https:\/\/www.eldiario.net\/portal\/wp-json\/wp\/v2\/posts\/423619\/revisions\/423622"}],"wp:featuredmedia":[{"embeddable":true,"href":"https:\/\/www.eldiario.net\/portal\/wp-json\/wp\/v2\/media\/423620"}],"wp:attachment":[{"href":"https:\/\/www.eldiario.net\/portal\/wp-json\/wp\/v2\/media?parent=423619"}],"wp:term":[{"taxonomy":"category","embeddable":true,"href":"https:\/\/www.eldiario.net\/portal\/wp-json\/wp\/v2\/categories?post=423619"},{"taxonomy":"post_tag","embeddable":true,"href":"https:\/\/www.eldiario.net\/portal\/wp-json\/wp\/v2\/tags?post=423619"}],"curies":[{"name":"wp","href":"https:\/\/api.w.org\/{rel}","templated":true}]}}