{"id":423312,"date":"2026-08-21T00:05:38","date_gmt":"2026-08-21T04:05:38","guid":{"rendered":"https:\/\/www.eldiario.net\/portal\/?p=423312"},"modified":"2026-08-21T00:06:53","modified_gmt":"2026-08-21T04:06:53","slug":"copa-libertadores-corinthians-y-liga-de-quito-terminan-con-el-sueno-de-mirassol-y-rosario-central","status":"publish","type":"post","link":"https:\/\/www.eldiario.net\/portal\/2026\/08\/21\/copa-libertadores-corinthians-y-liga-de-quito-terminan-con-el-sueno-de-mirassol-y-rosario-central\/","title":{"rendered":"Copa Libertadores: Corinthians y Liga de Quito terminan con el sue\u00f1o de Mirassol y Rosario Central"},"content":{"rendered":"<p>CONMEBOL<\/p>\n<p>Corinthians y Liga de Quito impusieron su sello y se clasificaron a Cuartos de Final de la Copa Libertadores.<\/p>\n<p>El &#8216;Tim\u00e3o&#8217; derrot\u00f3 como local por 1-0 a Rosario Central y se clasific\u00f3 a Cuartos de Final.<\/p>\n<p>El elenco brasile\u00f1o jug\u00f3 gran parte del complemento con diez por la expulsi\u00f3n de Raniele, pero Bidon apareci\u00f3 como el h\u00e9roe y le dio el pase a su equipo.<\/p>\n<p>Fue una contienda entre nombres propios de fuste, tanto en la ida como en la revancha. As\u00ed se vivieron los dos partidos de la llave de Octavos que, finalmente, lo tuvo a Corinthians como vencedor. El combinado brasilero se medir\u00e1 en la siguiente instancia ante Estudiantes de La Plata, que dej\u00f3 en el camino a la Universidad Cat\u00f3lica.<\/p>\n<p>El premio al esmero del &#8216;Tim\u00e3o&#8217; lleg\u00f3 a diez minutos del final. Memphis Depay, que hab\u00eda ingresado por Pedro Raul, envi\u00f3 un centro desde la izquierda que Bidon lleg\u00f3 a empujar, anticipando a Copetti, para establecer el 1-0.<\/p>\n<p>Corinthians se enfrentar\u00e1 en Cuartos de Final a Estudiantes de La Plata, que se impuso en la serie ante Universidad Cat\u00f3lica por 4-1.<\/p>\n<p>EN QUITO<\/p>\n<p>Liga de Quito tuvo que sufrir hasta el final pero consigui\u00f3 su objetivo: volvi\u00f3 a instalarse entre los ocho mejores equipos de la CONMEBOL Libertadores. En una eliminatoria que permaneci\u00f3 equilibrada hasta su \u00faltimo remate, el conjunto ecuatoriano empat\u00f3 sin goles ante Mirassol en el estadio Rodrigo Paz Delgado y rubric\u00f3 su clasificaci\u00f3n mediante la definici\u00f3n por penales. Gonzalo Valle, figura del encuentro, contuvo la ejecuci\u00f3n de Victor Luis y los cinco pateadores locales acertaron para sellar el 5-4.<\/p>\n<p>Despu\u00e9s de 180 minutos y dos empates, la serie qued\u00f3 en manos de los ejecutantes en los doce pasos. Victor Luis abri\u00f3 la definici\u00f3n para Mirassol, pero Valle se inclin\u00f3 hacia su izquierda y contuvo el remate. Deyverson, Pretell, Estrada y Gian Franco Allala sostuvieron la ventaja con sus conversiones; Alesson, Carlos Eduardo, Neto Moura y Bruno Santos mantuvieron al visitante en carrera.<\/p>\n<p>La responsabilidad del \u00faltimo disparo qued\u00f3 para Fernando Cornejo. El mediocampista convirti\u00f3 el quinto penal de Liga y desat\u00f3 la celebraci\u00f3n en Quito. El equipo ecuatoriano avanz\u00f3 as\u00ed a los Cuartos de Final por segunda edici\u00f3n consecutiva y volver\u00e1 a encontrarse con Palmeiras, verdugo en la campa\u00f1a anterior y pr\u00f3ximo rival en esta edici\u00f3n. (Foto Conmebol)<\/p>\n<p>&nbsp;<\/p>\n","protected":false},"excerpt":{"rendered":"<p>CONMEBOL Corinthians y Liga de Quito impusieron su sello y se clasificaron a Cuartos de Final de la Copa Libertadores. El &#8216;Tim\u00e3o&#8217; derrot\u00f3 como local por 1-0 a Rosario Central y se clasific\u00f3 a Cuartos de Final. El elenco brasile\u00f1o jug\u00f3 gran parte del complemento con diez por la expulsi\u00f3n de Raniele, pero Bidon apareci\u00f3 [&hellip;]<\/p>\n","protected":false},"author":3,"featured_media":423313,"comment_status":"closed","ping_status":"open","sticky":false,"template":"","format":"standard","meta":{"_acf_changed":false,"footnotes":""},"categories":[6],"tags":[],"class_list":["post-423312","post","type-post","status-publish","format-standard","has-post-thumbnail","category-deportes"],"acf":{"antetitulo":""},"yoast_head":"<!-- This site is optimized with the Yoast SEO plugin v28.3 - https:\/\/yoast.com\/product\/yoast-seo-wordpress\/ -->\n<title>Copa Libertadores: Corinthians y Liga de Quito terminan con el sue\u00f1o de Mirassol y Rosario Central - El Diario - Bolivia<\/title>\n<meta name=\"robots\" content=\"index, follow, max-snippet:-1, max-image-preview:large, max-video-preview:-1\" \/>\n<link rel=\"canonical\" href=\"https:\/\/www.eldiario.net\/portal\/2026\/08\/21\/copa-libertadores-corinthians-y-liga-de-quito-terminan-con-el-sueno-de-mirassol-y-rosario-central\/\" \/>\n<meta property=\"og:locale\" content=\"es_ES\" \/>\n<meta property=\"og:type\" content=\"article\" \/>\n<meta property=\"og:title\" content=\"Copa Libertadores: Corinthians y Liga de Quito terminan con el sue\u00f1o de Mirassol y Rosario Central - El Diario - Bolivia\" \/>\n<meta property=\"og:description\" content=\"CONMEBOL Corinthians y Liga de Quito impusieron su sello y se clasificaron a Cuartos de Final de la Copa Libertadores. El &#8216;Tim\u00e3o&#8217; derrot\u00f3 como local por 1-0 a Rosario Central y se clasific\u00f3 a Cuartos de Final. El elenco brasile\u00f1o jug\u00f3 gran parte del complemento con diez por la expulsi\u00f3n de Raniele, pero Bidon apareci\u00f3 [&hellip;]\" \/>\n<meta property=\"og:url\" content=\"https:\/\/www.eldiario.net\/portal\/2026\/08\/21\/copa-libertadores-corinthians-y-liga-de-quito-terminan-con-el-sueno-de-mirassol-y-rosario-central\/\" \/>\n<meta property=\"og:site_name\" content=\"El Diario - Bolivia\" \/>\n<meta property=\"article:publisher\" content=\"https:\/\/www.facebook.com\/eldiario.bolivia\/\" \/>\n<meta property=\"article:published_time\" content=\"2026-08-21T04:05:38+00:00\" \/>\n<meta property=\"article:modified_time\" content=\"2026-08-21T04:06:53+00:00\" \/>\n<meta property=\"og:image\" content=\"https:\/\/www.eldiario.net\/portal\/wp-content\/uploads\/2026\/08\/menphis-vale.webp\" \/>\n\t<meta property=\"og:image:width\" content=\"1080\" \/>\n\t<meta property=\"og:image:height\" content=\"719\" \/>\n\t<meta property=\"og:image:type\" content=\"image\/webp\" \/>\n<meta name=\"author\" content=\"Jhonny Mollinedo\" \/>\n<meta name=\"twitter:card\" content=\"summary_large_image\" \/>\n<meta name=\"twitter:creator\" content=\"@eldiario_net\" \/>\n<meta name=\"twitter:site\" content=\"@eldiario_net\" \/>\n<meta name=\"twitter:label1\" content=\"Escrito por\" \/>\n\t<meta name=\"twitter:data1\" content=\"Jhonny Mollinedo\" \/>\n\t<meta name=\"twitter:label2\" content=\"Tiempo de lectura\" \/>\n\t<meta name=\"twitter:data2\" content=\"2 minutos\" \/>\n<script type=\"application\/ld+json\" class=\"yoast-schema-graph\">{\"@context\":\"https:\\\/\\\/schema.org\",\"@graph\":[{\"@type\":\"Article\",\"@id\":\"https:\\\/\\\/www.eldiario.net\\\/portal\\\/2026\\\/08\\\/21\\\/copa-libertadores-corinthians-y-liga-de-quito-terminan-con-el-sueno-de-mirassol-y-rosario-central\\\/#article\",\"isPartOf\":{\"@id\":\"https:\\\/\\\/www.eldiario.net\\\/portal\\\/2026\\\/08\\\/21\\\/copa-libertadores-corinthians-y-liga-de-quito-terminan-con-el-sueno-de-mirassol-y-rosario-central\\\/\"},\"author\":{\"name\":\"Jhonny Mollinedo\",\"@id\":\"https:\\\/\\\/www.eldiario.net\\\/portal\\\/#\\\/schema\\\/person\\\/4827a631df9f245a7e27ab829ae89ae3\"},\"headline\":\"Copa Libertadores: Corinthians y Liga de Quito terminan con el sue\u00f1o de Mirassol y Rosario Central\",\"datePublished\":\"2026-08-21T04:05:38+00:00\",\"dateModified\":\"2026-08-21T04:06:53+00:00\",\"mainEntityOfPage\":{\"@id\":\"https:\\\/\\\/www.eldiario.net\\\/portal\\\/2026\\\/08\\\/21\\\/copa-libertadores-corinthians-y-liga-de-quito-terminan-con-el-sueno-de-mirassol-y-rosario-central\\\/\"},\"wordCount\":420,\"publisher\":{\"@id\":\"https:\\\/\\\/www.eldiario.net\\\/portal\\\/#organization\"},\"image\":{\"@id\":\"https:\\\/\\\/www.eldiario.net\\\/portal\\\/2026\\\/08\\\/21\\\/copa-libertadores-corinthians-y-liga-de-quito-terminan-con-el-sueno-de-mirassol-y-rosario-central\\\/#primaryimage\"},\"thumbnailUrl\":\"https:\\\/\\\/www.eldiario.net\\\/portal\\\/wp-content\\\/uploads\\\/2026\\\/08\\\/menphis-vale.webp\",\"articleSection\":[\"Deportes\"],\"inLanguage\":\"es\"},{\"@type\":\"WebPage\",\"@id\":\"https:\\\/\\\/www.eldiario.net\\\/portal\\\/2026\\\/08\\\/21\\\/copa-libertadores-corinthians-y-liga-de-quito-terminan-con-el-sueno-de-mirassol-y-rosario-central\\\/\",\"url\":\"https:\\\/\\\/www.eldiario.net\\\/portal\\\/2026\\\/08\\\/21\\\/copa-libertadores-corinthians-y-liga-de-quito-terminan-con-el-sueno-de-mirassol-y-rosario-central\\\/\",\"name\":\"Copa Libertadores: Corinthians y Liga de Quito terminan con el sue\u00f1o de Mirassol y Rosario Central - El Diario - Bolivia\",\"isPartOf\":{\"@id\":\"https:\\\/\\\/www.eldiario.net\\\/portal\\\/#website\"},\"primaryImageOfPage\":{\"@id\":\"https:\\\/\\\/www.eldiario.net\\\/portal\\\/2026\\\/08\\\/21\\\/copa-libertadores-corinthians-y-liga-de-quito-terminan-con-el-sueno-de-mirassol-y-rosario-central\\\/#primaryimage\"},\"image\":{\"@id\":\"https:\\\/\\\/www.eldiario.net\\\/portal\\\/2026\\\/08\\\/21\\\/copa-libertadores-corinthians-y-liga-de-quito-terminan-con-el-sueno-de-mirassol-y-rosario-central\\\/#primaryimage\"},\"thumbnailUrl\":\"https:\\\/\\\/www.eldiario.net\\\/portal\\\/wp-content\\\/uploads\\\/2026\\\/08\\\/menphis-vale.webp\",\"datePublished\":\"2026-08-21T04:05:38+00:00\",\"dateModified\":\"2026-08-21T04:06:53+00:00\",\"breadcrumb\":{\"@id\":\"https:\\\/\\\/www.eldiario.net\\\/portal\\\/2026\\\/08\\\/21\\\/copa-libertadores-corinthians-y-liga-de-quito-terminan-con-el-sueno-de-mirassol-y-rosario-central\\\/#breadcrumb\"},\"inLanguage\":\"es\",\"potentialAction\":[{\"@type\":\"ReadAction\",\"target\":[\"https:\\\/\\\/www.eldiario.net\\\/portal\\\/2026\\\/08\\\/21\\\/copa-libertadores-corinthians-y-liga-de-quito-terminan-con-el-sueno-de-mirassol-y-rosario-central\\\/\"]}]},{\"@type\":\"ImageObject\",\"inLanguage\":\"es\",\"@id\":\"https:\\\/\\\/www.eldiario.net\\\/portal\\\/2026\\\/08\\\/21\\\/copa-libertadores-corinthians-y-liga-de-quito-terminan-con-el-sueno-de-mirassol-y-rosario-central\\\/#primaryimage\",\"url\":\"https:\\\/\\\/www.eldiario.net\\\/portal\\\/wp-content\\\/uploads\\\/2026\\\/08\\\/menphis-vale.webp\",\"contentUrl\":\"https:\\\/\\\/www.eldiario.net\\\/portal\\\/wp-content\\\/uploads\\\/2026\\\/08\\\/menphis-vale.webp\",\"width\":1080,\"height\":719},{\"@type\":\"BreadcrumbList\",\"@id\":\"https:\\\/\\\/www.eldiario.net\\\/portal\\\/2026\\\/08\\\/21\\\/copa-libertadores-corinthians-y-liga-de-quito-terminan-con-el-sueno-de-mirassol-y-rosario-central\\\/#breadcrumb\",\"itemListElement\":[{\"@type\":\"ListItem\",\"position\":1,\"name\":\"Portada\",\"item\":\"https:\\\/\\\/www.eldiario.net\\\/portal\\\/\"},{\"@type\":\"ListItem\",\"position\":2,\"name\":\"Copa Libertadores: Corinthians y Liga de Quito terminan con el sue\u00f1o de Mirassol y Rosario Central\"}]},{\"@type\":\"WebSite\",\"@id\":\"https:\\\/\\\/www.eldiario.net\\\/portal\\\/#website\",\"url\":\"https:\\\/\\\/www.eldiario.net\\\/portal\\\/\",\"name\":\"El Diario - Decano de la prensa nacional\",\"description\":\"El Diario - Decano de la prensa nacional\",\"publisher\":{\"@id\":\"https:\\\/\\\/www.eldiario.net\\\/portal\\\/#organization\"},\"potentialAction\":[{\"@type\":\"SearchAction\",\"target\":{\"@type\":\"EntryPoint\",\"urlTemplate\":\"https:\\\/\\\/www.eldiario.net\\\/portal\\\/?s={search_term_string}\"},\"query-input\":{\"@type\":\"PropertyValueSpecification\",\"valueRequired\":true,\"valueName\":\"search_term_string\"}}],\"inLanguage\":\"es\"},{\"@type\":\"Organization\",\"@id\":\"https:\\\/\\\/www.eldiario.net\\\/portal\\\/#organization\",\"name\":\"El Diario - Decano de la prensa nacional\",\"url\":\"https:\\\/\\\/www.eldiario.net\\\/portal\\\/\",\"logo\":{\"@type\":\"ImageObject\",\"inLanguage\":\"es\",\"@id\":\"https:\\\/\\\/www.eldiario.net\\\/portal\\\/#\\\/schema\\\/logo\\\/image\\\/\",\"url\":\"https:\\\/\\\/www.eldiario.net\\\/portal\\\/wp-content\\\/uploads\\\/2023\\\/07\\\/logo_ED.jpg\",\"contentUrl\":\"https:\\\/\\\/www.eldiario.net\\\/portal\\\/wp-content\\\/uploads\\\/2023\\\/07\\\/logo_ED.jpg\",\"width\":272,\"height\":52,\"caption\":\"El Diario - Decano de la prensa nacional\"},\"image\":{\"@id\":\"https:\\\/\\\/www.eldiario.net\\\/portal\\\/#\\\/schema\\\/logo\\\/image\\\/\"},\"sameAs\":[\"https:\\\/\\\/www.facebook.com\\\/eldiario.bolivia\\\/\",\"https:\\\/\\\/x.com\\\/eldiario_net\"]},{\"@type\":\"Person\",\"@id\":\"https:\\\/\\\/www.eldiario.net\\\/portal\\\/#\\\/schema\\\/person\\\/4827a631df9f245a7e27ab829ae89ae3\",\"name\":\"Jhonny Mollinedo\",\"image\":{\"@type\":\"ImageObject\",\"inLanguage\":\"es\",\"@id\":\"https:\\\/\\\/secure.gravatar.com\\\/avatar\\\/3ea2118a5f7dad2b7138b1187a6b7ee55f160b9968b66013c3a3ef39dd7e5798?s=96&d=mm&r=g\",\"url\":\"https:\\\/\\\/secure.gravatar.com\\\/avatar\\\/3ea2118a5f7dad2b7138b1187a6b7ee55f160b9968b66013c3a3ef39dd7e5798?s=96&d=mm&r=g\",\"contentUrl\":\"https:\\\/\\\/secure.gravatar.com\\\/avatar\\\/3ea2118a5f7dad2b7138b1187a6b7ee55f160b9968b66013c3a3ef39dd7e5798?s=96&d=mm&r=g\",\"caption\":\"Jhonny Mollinedo\"},\"url\":\"https:\\\/\\\/www.eldiario.net\\\/portal\\\/author\\\/deportes\\\/\"}]}<\/script>\n<!-- \/ Yoast SEO plugin. -->","yoast_head_json":{"title":"Copa Libertadores: Corinthians y Liga de Quito terminan con el sue\u00f1o de Mirassol y Rosario Central - El Diario - Bolivia","robots":{"index":"index","follow":"follow","max-snippet":"max-snippet:-1","max-image-preview":"max-image-preview:large","max-video-preview":"max-video-preview:-1"},"canonical":"https:\/\/www.eldiario.net\/portal\/2026\/08\/21\/copa-libertadores-corinthians-y-liga-de-quito-terminan-con-el-sueno-de-mirassol-y-rosario-central\/","og_locale":"es_ES","og_type":"article","og_title":"Copa Libertadores: Corinthians y Liga de Quito terminan con el sue\u00f1o de Mirassol y Rosario Central - El Diario - Bolivia","og_description":"CONMEBOL Corinthians y Liga de Quito impusieron su sello y se clasificaron a Cuartos de Final de la Copa Libertadores. El &#8216;Tim\u00e3o&#8217; derrot\u00f3 como local por 1-0 a Rosario Central y se clasific\u00f3 a Cuartos de Final. El elenco brasile\u00f1o jug\u00f3 gran parte del complemento con diez por la expulsi\u00f3n de Raniele, pero Bidon apareci\u00f3 [&hellip;]","og_url":"https:\/\/www.eldiario.net\/portal\/2026\/08\/21\/copa-libertadores-corinthians-y-liga-de-quito-terminan-con-el-sueno-de-mirassol-y-rosario-central\/","og_site_name":"El Diario - Bolivia","article_publisher":"https:\/\/www.facebook.com\/eldiario.bolivia\/","article_published_time":"2026-08-21T04:05:38+00:00","article_modified_time":"2026-08-21T04:06:53+00:00","og_image":[{"width":1080,"height":719,"url":"https:\/\/www.eldiario.net\/portal\/wp-content\/uploads\/2026\/08\/menphis-vale.webp","type":"image\/webp"}],"author":"Jhonny Mollinedo","twitter_card":"summary_large_image","twitter_creator":"@eldiario_net","twitter_site":"@eldiario_net","twitter_misc":{"Escrito por":"Jhonny Mollinedo","Tiempo de lectura":"2 minutos"},"schema":{"@context":"https:\/\/schema.org","@graph":[{"@type":"Article","@id":"https:\/\/www.eldiario.net\/portal\/2026\/08\/21\/copa-libertadores-corinthians-y-liga-de-quito-terminan-con-el-sueno-de-mirassol-y-rosario-central\/#article","isPartOf":{"@id":"https:\/\/www.eldiario.net\/portal\/2026\/08\/21\/copa-libertadores-corinthians-y-liga-de-quito-terminan-con-el-sueno-de-mirassol-y-rosario-central\/"},"author":{"name":"Jhonny Mollinedo","@id":"https:\/\/www.eldiario.net\/portal\/#\/schema\/person\/4827a631df9f245a7e27ab829ae89ae3"},"headline":"Copa Libertadores: Corinthians y Liga de Quito terminan con el sue\u00f1o de Mirassol y Rosario Central","datePublished":"2026-08-21T04:05:38+00:00","dateModified":"2026-08-21T04:06:53+00:00","mainEntityOfPage":{"@id":"https:\/\/www.eldiario.net\/portal\/2026\/08\/21\/copa-libertadores-corinthians-y-liga-de-quito-terminan-con-el-sueno-de-mirassol-y-rosario-central\/"},"wordCount":420,"publisher":{"@id":"https:\/\/www.eldiario.net\/portal\/#organization"},"image":{"@id":"https:\/\/www.eldiario.net\/portal\/2026\/08\/21\/copa-libertadores-corinthians-y-liga-de-quito-terminan-con-el-sueno-de-mirassol-y-rosario-central\/#primaryimage"},"thumbnailUrl":"https:\/\/www.eldiario.net\/portal\/wp-content\/uploads\/2026\/08\/menphis-vale.webp","articleSection":["Deportes"],"inLanguage":"es"},{"@type":"WebPage","@id":"https:\/\/www.eldiario.net\/portal\/2026\/08\/21\/copa-libertadores-corinthians-y-liga-de-quito-terminan-con-el-sueno-de-mirassol-y-rosario-central\/","url":"https:\/\/www.eldiario.net\/portal\/2026\/08\/21\/copa-libertadores-corinthians-y-liga-de-quito-terminan-con-el-sueno-de-mirassol-y-rosario-central\/","name":"Copa Libertadores: Corinthians y Liga de Quito terminan con el sue\u00f1o de Mirassol y Rosario Central - El Diario - Bolivia","isPartOf":{"@id":"https:\/\/www.eldiario.net\/portal\/#website"},"primaryImageOfPage":{"@id":"https:\/\/www.eldiario.net\/portal\/2026\/08\/21\/copa-libertadores-corinthians-y-liga-de-quito-terminan-con-el-sueno-de-mirassol-y-rosario-central\/#primaryimage"},"image":{"@id":"https:\/\/www.eldiario.net\/portal\/2026\/08\/21\/copa-libertadores-corinthians-y-liga-de-quito-terminan-con-el-sueno-de-mirassol-y-rosario-central\/#primaryimage"},"thumbnailUrl":"https:\/\/www.eldiario.net\/portal\/wp-content\/uploads\/2026\/08\/menphis-vale.webp","datePublished":"2026-08-21T04:05:38+00:00","dateModified":"2026-08-21T04:06:53+00:00","breadcrumb":{"@id":"https:\/\/www.eldiario.net\/portal\/2026\/08\/21\/copa-libertadores-corinthians-y-liga-de-quito-terminan-con-el-sueno-de-mirassol-y-rosario-central\/#breadcrumb"},"inLanguage":"es","potentialAction":[{"@type":"ReadAction","target":["https:\/\/www.eldiario.net\/portal\/2026\/08\/21\/copa-libertadores-corinthians-y-liga-de-quito-terminan-con-el-sueno-de-mirassol-y-rosario-central\/"]}]},{"@type":"ImageObject","inLanguage":"es","@id":"https:\/\/www.eldiario.net\/portal\/2026\/08\/21\/copa-libertadores-corinthians-y-liga-de-quito-terminan-con-el-sueno-de-mirassol-y-rosario-central\/#primaryimage","url":"https:\/\/www.eldiario.net\/portal\/wp-content\/uploads\/2026\/08\/menphis-vale.webp","contentUrl":"https:\/\/www.eldiario.net\/portal\/wp-content\/uploads\/2026\/08\/menphis-vale.webp","width":1080,"height":719},{"@type":"BreadcrumbList","@id":"https:\/\/www.eldiario.net\/portal\/2026\/08\/21\/copa-libertadores-corinthians-y-liga-de-quito-terminan-con-el-sueno-de-mirassol-y-rosario-central\/#breadcrumb","itemListElement":[{"@type":"ListItem","position":1,"name":"Portada","item":"https:\/\/www.eldiario.net\/portal\/"},{"@type":"ListItem","position":2,"name":"Copa Libertadores: Corinthians y Liga de Quito terminan con el sue\u00f1o de Mirassol y Rosario Central"}]},{"@type":"WebSite","@id":"https:\/\/www.eldiario.net\/portal\/#website","url":"https:\/\/www.eldiario.net\/portal\/","name":"El Diario - Decano de la prensa nacional","description":"El Diario - Decano de la prensa nacional","publisher":{"@id":"https:\/\/www.eldiario.net\/portal\/#organization"},"potentialAction":[{"@type":"SearchAction","target":{"@type":"EntryPoint","urlTemplate":"https:\/\/www.eldiario.net\/portal\/?s={search_term_string}"},"query-input":{"@type":"PropertyValueSpecification","valueRequired":true,"valueName":"search_term_string"}}],"inLanguage":"es"},{"@type":"Organization","@id":"https:\/\/www.eldiario.net\/portal\/#organization","name":"El Diario - Decano de la prensa nacional","url":"https:\/\/www.eldiario.net\/portal\/","logo":{"@type":"ImageObject","inLanguage":"es","@id":"https:\/\/www.eldiario.net\/portal\/#\/schema\/logo\/image\/","url":"https:\/\/www.eldiario.net\/portal\/wp-content\/uploads\/2023\/07\/logo_ED.jpg","contentUrl":"https:\/\/www.eldiario.net\/portal\/wp-content\/uploads\/2023\/07\/logo_ED.jpg","width":272,"height":52,"caption":"El Diario - Decano de la prensa nacional"},"image":{"@id":"https:\/\/www.eldiario.net\/portal\/#\/schema\/logo\/image\/"},"sameAs":["https:\/\/www.facebook.com\/eldiario.bolivia\/","https:\/\/x.com\/eldiario_net"]},{"@type":"Person","@id":"https:\/\/www.eldiario.net\/portal\/#\/schema\/person\/4827a631df9f245a7e27ab829ae89ae3","name":"Jhonny Mollinedo","image":{"@type":"ImageObject","inLanguage":"es","@id":"https:\/\/secure.gravatar.com\/avatar\/3ea2118a5f7dad2b7138b1187a6b7ee55f160b9968b66013c3a3ef39dd7e5798?s=96&d=mm&r=g","url":"https:\/\/secure.gravatar.com\/avatar\/3ea2118a5f7dad2b7138b1187a6b7ee55f160b9968b66013c3a3ef39dd7e5798?s=96&d=mm&r=g","contentUrl":"https:\/\/secure.gravatar.com\/avatar\/3ea2118a5f7dad2b7138b1187a6b7ee55f160b9968b66013c3a3ef39dd7e5798?s=96&d=mm&r=g","caption":"Jhonny Mollinedo"},"url":"https:\/\/www.eldiario.net\/portal\/author\/deportes\/"}]}},"_links":{"self":[{"href":"https:\/\/www.eldiario.net\/portal\/wp-json\/wp\/v2\/posts\/423312","targetHints":{"allow":["GET"]}}],"collection":[{"href":"https:\/\/www.eldiario.net\/portal\/wp-json\/wp\/v2\/posts"}],"about":[{"href":"https:\/\/www.eldiario.net\/portal\/wp-json\/wp\/v2\/types\/post"}],"author":[{"embeddable":true,"href":"https:\/\/www.eldiario.net\/portal\/wp-json\/wp\/v2\/users\/3"}],"replies":[{"embeddable":true,"href":"https:\/\/www.eldiario.net\/portal\/wp-json\/wp\/v2\/comments?post=423312"}],"version-history":[{"count":2,"href":"https:\/\/www.eldiario.net\/portal\/wp-json\/wp\/v2\/posts\/423312\/revisions"}],"predecessor-version":[{"id":423315,"href":"https:\/\/www.eldiario.net\/portal\/wp-json\/wp\/v2\/posts\/423312\/revisions\/423315"}],"wp:featuredmedia":[{"embeddable":true,"href":"https:\/\/www.eldiario.net\/portal\/wp-json\/wp\/v2\/media\/423313"}],"wp:attachment":[{"href":"https:\/\/www.eldiario.net\/portal\/wp-json\/wp\/v2\/media?parent=423312"}],"wp:term":[{"taxonomy":"category","embeddable":true,"href":"https:\/\/www.eldiario.net\/portal\/wp-json\/wp\/v2\/categories?post=423312"},{"taxonomy":"post_tag","embeddable":true,"href":"https:\/\/www.eldiario.net\/portal\/wp-json\/wp\/v2\/tags?post=423312"}],"curies":[{"name":"wp","href":"https:\/\/api.w.org\/{rel}","templated":true}]}}