{"id":423279,"date":"2026-08-21T00:12:51","date_gmt":"2026-08-21T04:12:51","guid":{"rendered":"https:\/\/www.eldiario.net\/portal\/?p=423279"},"modified":"2026-08-20T23:13:20","modified_gmt":"2026-08-21T03:13:20","slug":"tatiana-marset-evita-hablar-de-su-hermano-tras-recuperar-su-libertad","status":"publish","type":"post","link":"https:\/\/www.eldiario.net\/portal\/2026\/08\/21\/tatiana-marset-evita-hablar-de-su-hermano-tras-recuperar-su-libertad\/","title":{"rendered":"Tatiana Marset evita hablar de su hermano tras recuperar su libertad"},"content":{"rendered":"<p>Tras recuperar su libertad despu\u00e9s de m\u00e1s de cinco meses de detenci\u00f3n preventiva en Palmasola, Tatiana Marset afirm\u00f3 que permanecer\u00e1 en el pa\u00eds y afrontar\u00e1 el proceso judicial en su contra. La hermana de Sebasti\u00e1n Marset asegur\u00f3 que buscar\u00e1 demostrar su inocencia y evit\u00f3 referirse a la situaci\u00f3n de su hermano, quien fue expulsado a Estados Unidos.<\/p>\n<p>Tatiana sali\u00f3 de Palmasola la noche del mi\u00e9rcoles y ahora deber\u00e1 cumplir detenci\u00f3n domiciliaria en el domicilio de su abogada. Tras recuperar su libertad, se\u00f1al\u00f3 que su intenci\u00f3n es permanecer en el pa\u00eds y retomar la carrera de Derecho que comenz\u00f3 en Uruguay.<\/p>\n<p>La joven explic\u00f3 que decidi\u00f3 quedarse en Bolivia despu\u00e9s de conocer versiones sobre una posible fuga. Asegur\u00f3 que no tiene intenci\u00f3n de abandonar el pa\u00eds y que cumplir\u00e1 con las disposiciones establecidas por la autoridad judicial mientras contin\u00faa el proceso.<\/p>\n<p>Tambi\u00e9n manifest\u00f3 que la experiencia que atraves\u00f3 durante los m\u00e1s de cinco meses que estuvo en Palmasola reforz\u00f3 su inter\u00e9s por estudiar Derecho y convertirse en abogada. Seg\u00fan relat\u00f3, hab\u00eda iniciado esa carrera en Uruguay, pero tuvo que abandonarla por los problemas que, seg\u00fan su versi\u00f3n, le gener\u00f3 su apellido.<\/p>\n<p>Tatiana se\u00f1al\u00f3 adem\u00e1s que no considera cambiarse el apellido y que pretende continuar con su formaci\u00f3n profesional hasta concluir la carrera.<\/p>\n<p>Sobre su situaci\u00f3n judicial, sostuvo que ahora buscar\u00e1 demostrar su inocencia y cumplir con las condiciones que le fueron impuestas tras recuperar su libertad.<\/p>\n<p>\u201cYa me dio la posibilidad de salir, de estudiar y har\u00e9 todo lo necesario para demostrar mi inocencia\u201d, sostuvo.<\/p>\n<p>Su abogada explic\u00f3 que el proceso se encuentra en una etapa avanzada de investigaci\u00f3n y que la defensa continuar\u00e1 participando en las actuaciones que convoquen el Ministerio P\u00fablico y el juzgado.<\/p>\n<p>Adem\u00e1s de sus estudios, Tatiana se\u00f1al\u00f3 que buscar\u00e1 retomar otros aspectos de su vida. Cont\u00f3 que antes de llegar a Bolivia trabajaba en Uruguay y que tambi\u00e9n hab\u00eda realizado cursos de modelaje y fotograf\u00eda profesional.<\/p>\n<p>Por ahora, tambi\u00e9n deber\u00e1 continuar un tratamiento m\u00e9dico. Explic\u00f3 que acudir\u00e1 a un hospital para gestionar una nueva fecha y seguir con el tratamiento que tiene pendiente.<\/p>\n<p>Tatiana cont\u00f3 que durante su permanencia en Palmasola atraves\u00f3 un periodo dif\u00edcil, aunque asegur\u00f3 que mantuvo su fe. Tambi\u00e9n relat\u00f3 que durante su estad\u00eda aprendi\u00f3 algunas actividades, entre ellas la preparaci\u00f3n de hamburguesas.<\/p>\n<p>Entre sus planes est\u00e1 reunirse con su madre, quien actualmente se encuentra en Uruguay y le brinda apoyo econ\u00f3mico. Tatiana manifest\u00f3 que espera llevarla a Santa Cruz ahora que recuper\u00f3 su libertad.<\/p>\n<p>La joven tambi\u00e9n fue consultada sobre la situaci\u00f3n de su hermano Sebasti\u00e1n Marset, quien se encuentra detenido en Estados Unidos, pero decidi\u00f3 no referirse a ese tema. \u201cDe \u00e9l no voy a hablar\u201d, respondi\u00f3 al ser consultada sobre su hermano.<\/p>\n<p>Tatiana tambi\u00e9n explic\u00f3 la reacci\u00f3n que tuvo cuando fue presentada por la Polic\u00eda tras su captura, luego de que su imagen sonriente generara comentarios. Asegur\u00f3 que no se trataba de una expresi\u00f3n de alegr\u00eda, sino de desconcierto porque no comprend\u00eda lo que estaba sucediendo.<\/p>\n<p>\u201cUn d\u00eda estaba estudiando, trabajando en Uruguay y, de la nada, estoy parada en frente de 800 c\u00e1maras, con polic\u00edas al lado y enmanillada\u201d, relat\u00f3.<\/p>\n<p>Ahora, tras recuperar su libertad, su intenci\u00f3n es permanecer en Bolivia, continuar sus estudios y afrontar el proceso judicial hasta su conclusi\u00f3n. (Con informaci\u00f3n de Red Uno)<\/p>\n","protected":false},"excerpt":{"rendered":"<p>Tras recuperar su libertad despu\u00e9s de m\u00e1s de cinco meses de detenci\u00f3n preventiva en Palmasola, Tatiana Marset afirm\u00f3 que permanecer\u00e1 en el pa\u00eds y afrontar\u00e1 el proceso judicial en su contra. La hermana de Sebasti\u00e1n Marset asegur\u00f3 que buscar\u00e1 demostrar su inocencia y evit\u00f3 referirse a la situaci\u00f3n de su hermano, quien fue expulsado a [&hellip;]<\/p>\n","protected":false},"author":1,"featured_media":423280,"comment_status":"closed","ping_status":"open","sticky":false,"template":"","format":"standard","meta":{"_acf_changed":false,"footnotes":""},"categories":[39],"tags":[],"class_list":["post-423279","post","type-post","status-publish","format-standard","has-post-thumbnail","category-sociedad"],"acf":{"antetitulo":""},"yoast_head":"<!-- This site is optimized with the Yoast SEO plugin v28.3 - https:\/\/yoast.com\/product\/yoast-seo-wordpress\/ -->\n<title>Tatiana Marset evita hablar de su hermano tras recuperar su libertad - El Diario - Bolivia<\/title>\n<meta name=\"robots\" content=\"index, follow, max-snippet:-1, max-image-preview:large, max-video-preview:-1\" \/>\n<link rel=\"canonical\" href=\"https:\/\/www.eldiario.net\/portal\/2026\/08\/21\/tatiana-marset-evita-hablar-de-su-hermano-tras-recuperar-su-libertad\/\" \/>\n<meta property=\"og:locale\" content=\"es_ES\" \/>\n<meta property=\"og:type\" content=\"article\" \/>\n<meta property=\"og:title\" content=\"Tatiana Marset evita hablar de su hermano tras recuperar su libertad - El Diario - Bolivia\" \/>\n<meta property=\"og:description\" content=\"Tras recuperar su libertad despu\u00e9s de m\u00e1s de cinco meses de detenci\u00f3n preventiva en Palmasola, Tatiana Marset afirm\u00f3 que permanecer\u00e1 en el pa\u00eds y afrontar\u00e1 el proceso judicial en su contra. La hermana de Sebasti\u00e1n Marset asegur\u00f3 que buscar\u00e1 demostrar su inocencia y evit\u00f3 referirse a la situaci\u00f3n de su hermano, quien fue expulsado a [&hellip;]\" \/>\n<meta property=\"og:url\" content=\"https:\/\/www.eldiario.net\/portal\/2026\/08\/21\/tatiana-marset-evita-hablar-de-su-hermano-tras-recuperar-su-libertad\/\" \/>\n<meta property=\"og:site_name\" content=\"El Diario - Bolivia\" \/>\n<meta property=\"article:publisher\" content=\"https:\/\/www.facebook.com\/eldiario.bolivia\/\" \/>\n<meta property=\"article:published_time\" content=\"2026-08-21T04:12:51+00:00\" \/>\n<meta property=\"og:image\" content=\"https:\/\/www.eldiario.net\/portal\/wp-content\/uploads\/2026\/08\/21-TATIANA.webp\" \/>\n\t<meta property=\"og:image:width\" content=\"452\" \/>\n\t<meta property=\"og:image:height\" content=\"451\" \/>\n\t<meta property=\"og:image:type\" content=\"image\/webp\" \/>\n<meta name=\"author\" content=\"Jeanette\" \/>\n<meta name=\"twitter:card\" content=\"summary_large_image\" \/>\n<meta name=\"twitter:creator\" content=\"@eldiario_net\" \/>\n<meta name=\"twitter:site\" content=\"@eldiario_net\" \/>\n<meta name=\"twitter:label1\" content=\"Escrito por\" \/>\n\t<meta name=\"twitter:data1\" content=\"Jeanette\" \/>\n\t<meta name=\"twitter:label2\" content=\"Tiempo de lectura\" \/>\n\t<meta name=\"twitter:data2\" content=\"3 minutos\" \/>\n<script type=\"application\/ld+json\" class=\"yoast-schema-graph\">{\"@context\":\"https:\\\/\\\/schema.org\",\"@graph\":[{\"@type\":\"Article\",\"@id\":\"https:\\\/\\\/www.eldiario.net\\\/portal\\\/2026\\\/08\\\/21\\\/tatiana-marset-evita-hablar-de-su-hermano-tras-recuperar-su-libertad\\\/#article\",\"isPartOf\":{\"@id\":\"https:\\\/\\\/www.eldiario.net\\\/portal\\\/2026\\\/08\\\/21\\\/tatiana-marset-evita-hablar-de-su-hermano-tras-recuperar-su-libertad\\\/\"},\"author\":{\"name\":\"Jeanette\",\"@id\":\"https:\\\/\\\/www.eldiario.net\\\/portal\\\/#\\\/schema\\\/person\\\/f46445640444750d7d753ccd04ae01b7\"},\"headline\":\"Tatiana Marset evita hablar de su hermano tras recuperar su libertad\",\"datePublished\":\"2026-08-21T04:12:51+00:00\",\"mainEntityOfPage\":{\"@id\":\"https:\\\/\\\/www.eldiario.net\\\/portal\\\/2026\\\/08\\\/21\\\/tatiana-marset-evita-hablar-de-su-hermano-tras-recuperar-su-libertad\\\/\"},\"wordCount\":613,\"publisher\":{\"@id\":\"https:\\\/\\\/www.eldiario.net\\\/portal\\\/#organization\"},\"image\":{\"@id\":\"https:\\\/\\\/www.eldiario.net\\\/portal\\\/2026\\\/08\\\/21\\\/tatiana-marset-evita-hablar-de-su-hermano-tras-recuperar-su-libertad\\\/#primaryimage\"},\"thumbnailUrl\":\"https:\\\/\\\/www.eldiario.net\\\/portal\\\/wp-content\\\/uploads\\\/2026\\\/08\\\/21-TATIANA.webp\",\"articleSection\":[\"Sociedad - Seguridad\"],\"inLanguage\":\"es\"},{\"@type\":\"WebPage\",\"@id\":\"https:\\\/\\\/www.eldiario.net\\\/portal\\\/2026\\\/08\\\/21\\\/tatiana-marset-evita-hablar-de-su-hermano-tras-recuperar-su-libertad\\\/\",\"url\":\"https:\\\/\\\/www.eldiario.net\\\/portal\\\/2026\\\/08\\\/21\\\/tatiana-marset-evita-hablar-de-su-hermano-tras-recuperar-su-libertad\\\/\",\"name\":\"Tatiana Marset evita hablar de su hermano tras recuperar su libertad - El Diario - Bolivia\",\"isPartOf\":{\"@id\":\"https:\\\/\\\/www.eldiario.net\\\/portal\\\/#website\"},\"primaryImageOfPage\":{\"@id\":\"https:\\\/\\\/www.eldiario.net\\\/portal\\\/2026\\\/08\\\/21\\\/tatiana-marset-evita-hablar-de-su-hermano-tras-recuperar-su-libertad\\\/#primaryimage\"},\"image\":{\"@id\":\"https:\\\/\\\/www.eldiario.net\\\/portal\\\/2026\\\/08\\\/21\\\/tatiana-marset-evita-hablar-de-su-hermano-tras-recuperar-su-libertad\\\/#primaryimage\"},\"thumbnailUrl\":\"https:\\\/\\\/www.eldiario.net\\\/portal\\\/wp-content\\\/uploads\\\/2026\\\/08\\\/21-TATIANA.webp\",\"datePublished\":\"2026-08-21T04:12:51+00:00\",\"breadcrumb\":{\"@id\":\"https:\\\/\\\/www.eldiario.net\\\/portal\\\/2026\\\/08\\\/21\\\/tatiana-marset-evita-hablar-de-su-hermano-tras-recuperar-su-libertad\\\/#breadcrumb\"},\"inLanguage\":\"es\",\"potentialAction\":[{\"@type\":\"ReadAction\",\"target\":[\"https:\\\/\\\/www.eldiario.net\\\/portal\\\/2026\\\/08\\\/21\\\/tatiana-marset-evita-hablar-de-su-hermano-tras-recuperar-su-libertad\\\/\"]}]},{\"@type\":\"ImageObject\",\"inLanguage\":\"es\",\"@id\":\"https:\\\/\\\/www.eldiario.net\\\/portal\\\/2026\\\/08\\\/21\\\/tatiana-marset-evita-hablar-de-su-hermano-tras-recuperar-su-libertad\\\/#primaryimage\",\"url\":\"https:\\\/\\\/www.eldiario.net\\\/portal\\\/wp-content\\\/uploads\\\/2026\\\/08\\\/21-TATIANA.webp\",\"contentUrl\":\"https:\\\/\\\/www.eldiario.net\\\/portal\\\/wp-content\\\/uploads\\\/2026\\\/08\\\/21-TATIANA.webp\",\"width\":452,\"height\":451,\"caption\":\"Tatiana Marset recuper\u00f3 su libertad tras m\u00e1s de cinco meses en Palmasola. Cr\u00e9dito de foto: RRSS\"},{\"@type\":\"BreadcrumbList\",\"@id\":\"https:\\\/\\\/www.eldiario.net\\\/portal\\\/2026\\\/08\\\/21\\\/tatiana-marset-evita-hablar-de-su-hermano-tras-recuperar-su-libertad\\\/#breadcrumb\",\"itemListElement\":[{\"@type\":\"ListItem\",\"position\":1,\"name\":\"Portada\",\"item\":\"https:\\\/\\\/www.eldiario.net\\\/portal\\\/\"},{\"@type\":\"ListItem\",\"position\":2,\"name\":\"Tatiana Marset evita hablar de su hermano tras recuperar su libertad\"}]},{\"@type\":\"WebSite\",\"@id\":\"https:\\\/\\\/www.eldiario.net\\\/portal\\\/#website\",\"url\":\"https:\\\/\\\/www.eldiario.net\\\/portal\\\/\",\"name\":\"El Diario - Decano de la prensa nacional\",\"description\":\"El Diario - Decano de la prensa nacional\",\"publisher\":{\"@id\":\"https:\\\/\\\/www.eldiario.net\\\/portal\\\/#organization\"},\"potentialAction\":[{\"@type\":\"SearchAction\",\"target\":{\"@type\":\"EntryPoint\",\"urlTemplate\":\"https:\\\/\\\/www.eldiario.net\\\/portal\\\/?s={search_term_string}\"},\"query-input\":{\"@type\":\"PropertyValueSpecification\",\"valueRequired\":true,\"valueName\":\"search_term_string\"}}],\"inLanguage\":\"es\"},{\"@type\":\"Organization\",\"@id\":\"https:\\\/\\\/www.eldiario.net\\\/portal\\\/#organization\",\"name\":\"El Diario - Decano de la prensa nacional\",\"url\":\"https:\\\/\\\/www.eldiario.net\\\/portal\\\/\",\"logo\":{\"@type\":\"ImageObject\",\"inLanguage\":\"es\",\"@id\":\"https:\\\/\\\/www.eldiario.net\\\/portal\\\/#\\\/schema\\\/logo\\\/image\\\/\",\"url\":\"https:\\\/\\\/www.eldiario.net\\\/portal\\\/wp-content\\\/uploads\\\/2023\\\/07\\\/logo_ED.jpg\",\"contentUrl\":\"https:\\\/\\\/www.eldiario.net\\\/portal\\\/wp-content\\\/uploads\\\/2023\\\/07\\\/logo_ED.jpg\",\"width\":272,\"height\":52,\"caption\":\"El Diario - Decano de la prensa nacional\"},\"image\":{\"@id\":\"https:\\\/\\\/www.eldiario.net\\\/portal\\\/#\\\/schema\\\/logo\\\/image\\\/\"},\"sameAs\":[\"https:\\\/\\\/www.facebook.com\\\/eldiario.bolivia\\\/\",\"https:\\\/\\\/x.com\\\/eldiario_net\"]},{\"@type\":\"Person\",\"@id\":\"https:\\\/\\\/www.eldiario.net\\\/portal\\\/#\\\/schema\\\/person\\\/f46445640444750d7d753ccd04ae01b7\",\"name\":\"Jeanette\",\"image\":{\"@type\":\"ImageObject\",\"inLanguage\":\"es\",\"@id\":\"https:\\\/\\\/secure.gravatar.com\\\/avatar\\\/3ea2118a5f7dad2b7138b1187a6b7ee55f160b9968b66013c3a3ef39dd7e5798?s=96&d=mm&r=g\",\"url\":\"https:\\\/\\\/secure.gravatar.com\\\/avatar\\\/3ea2118a5f7dad2b7138b1187a6b7ee55f160b9968b66013c3a3ef39dd7e5798?s=96&d=mm&r=g\",\"contentUrl\":\"https:\\\/\\\/secure.gravatar.com\\\/avatar\\\/3ea2118a5f7dad2b7138b1187a6b7ee55f160b9968b66013c3a3ef39dd7e5798?s=96&d=mm&r=g\",\"caption\":\"Jeanette\"},\"sameAs\":[\"https:\\\/\\\/www.eldiario.net\\\/portal\"],\"url\":\"https:\\\/\\\/www.eldiario.net\\\/portal\\\/author\\\/jeanette\\\/\"}]}<\/script>\n<!-- \/ Yoast SEO plugin. -->","yoast_head_json":{"title":"Tatiana Marset evita hablar de su hermano tras recuperar su libertad - El Diario - Bolivia","robots":{"index":"index","follow":"follow","max-snippet":"max-snippet:-1","max-image-preview":"max-image-preview:large","max-video-preview":"max-video-preview:-1"},"canonical":"https:\/\/www.eldiario.net\/portal\/2026\/08\/21\/tatiana-marset-evita-hablar-de-su-hermano-tras-recuperar-su-libertad\/","og_locale":"es_ES","og_type":"article","og_title":"Tatiana Marset evita hablar de su hermano tras recuperar su libertad - El Diario - Bolivia","og_description":"Tras recuperar su libertad despu\u00e9s de m\u00e1s de cinco meses de detenci\u00f3n preventiva en Palmasola, Tatiana Marset afirm\u00f3 que permanecer\u00e1 en el pa\u00eds y afrontar\u00e1 el proceso judicial en su contra. La hermana de Sebasti\u00e1n Marset asegur\u00f3 que buscar\u00e1 demostrar su inocencia y evit\u00f3 referirse a la situaci\u00f3n de su hermano, quien fue expulsado a [&hellip;]","og_url":"https:\/\/www.eldiario.net\/portal\/2026\/08\/21\/tatiana-marset-evita-hablar-de-su-hermano-tras-recuperar-su-libertad\/","og_site_name":"El Diario - Bolivia","article_publisher":"https:\/\/www.facebook.com\/eldiario.bolivia\/","article_published_time":"2026-08-21T04:12:51+00:00","og_image":[{"width":452,"height":451,"url":"https:\/\/www.eldiario.net\/portal\/wp-content\/uploads\/2026\/08\/21-TATIANA.webp","type":"image\/webp"}],"author":"Jeanette","twitter_card":"summary_large_image","twitter_creator":"@eldiario_net","twitter_site":"@eldiario_net","twitter_misc":{"Escrito por":"Jeanette","Tiempo de lectura":"3 minutos"},"schema":{"@context":"https:\/\/schema.org","@graph":[{"@type":"Article","@id":"https:\/\/www.eldiario.net\/portal\/2026\/08\/21\/tatiana-marset-evita-hablar-de-su-hermano-tras-recuperar-su-libertad\/#article","isPartOf":{"@id":"https:\/\/www.eldiario.net\/portal\/2026\/08\/21\/tatiana-marset-evita-hablar-de-su-hermano-tras-recuperar-su-libertad\/"},"author":{"name":"Jeanette","@id":"https:\/\/www.eldiario.net\/portal\/#\/schema\/person\/f46445640444750d7d753ccd04ae01b7"},"headline":"Tatiana Marset evita hablar de su hermano tras recuperar su libertad","datePublished":"2026-08-21T04:12:51+00:00","mainEntityOfPage":{"@id":"https:\/\/www.eldiario.net\/portal\/2026\/08\/21\/tatiana-marset-evita-hablar-de-su-hermano-tras-recuperar-su-libertad\/"},"wordCount":613,"publisher":{"@id":"https:\/\/www.eldiario.net\/portal\/#organization"},"image":{"@id":"https:\/\/www.eldiario.net\/portal\/2026\/08\/21\/tatiana-marset-evita-hablar-de-su-hermano-tras-recuperar-su-libertad\/#primaryimage"},"thumbnailUrl":"https:\/\/www.eldiario.net\/portal\/wp-content\/uploads\/2026\/08\/21-TATIANA.webp","articleSection":["Sociedad - Seguridad"],"inLanguage":"es"},{"@type":"WebPage","@id":"https:\/\/www.eldiario.net\/portal\/2026\/08\/21\/tatiana-marset-evita-hablar-de-su-hermano-tras-recuperar-su-libertad\/","url":"https:\/\/www.eldiario.net\/portal\/2026\/08\/21\/tatiana-marset-evita-hablar-de-su-hermano-tras-recuperar-su-libertad\/","name":"Tatiana Marset evita hablar de su hermano tras recuperar su libertad - El Diario - Bolivia","isPartOf":{"@id":"https:\/\/www.eldiario.net\/portal\/#website"},"primaryImageOfPage":{"@id":"https:\/\/www.eldiario.net\/portal\/2026\/08\/21\/tatiana-marset-evita-hablar-de-su-hermano-tras-recuperar-su-libertad\/#primaryimage"},"image":{"@id":"https:\/\/www.eldiario.net\/portal\/2026\/08\/21\/tatiana-marset-evita-hablar-de-su-hermano-tras-recuperar-su-libertad\/#primaryimage"},"thumbnailUrl":"https:\/\/www.eldiario.net\/portal\/wp-content\/uploads\/2026\/08\/21-TATIANA.webp","datePublished":"2026-08-21T04:12:51+00:00","breadcrumb":{"@id":"https:\/\/www.eldiario.net\/portal\/2026\/08\/21\/tatiana-marset-evita-hablar-de-su-hermano-tras-recuperar-su-libertad\/#breadcrumb"},"inLanguage":"es","potentialAction":[{"@type":"ReadAction","target":["https:\/\/www.eldiario.net\/portal\/2026\/08\/21\/tatiana-marset-evita-hablar-de-su-hermano-tras-recuperar-su-libertad\/"]}]},{"@type":"ImageObject","inLanguage":"es","@id":"https:\/\/www.eldiario.net\/portal\/2026\/08\/21\/tatiana-marset-evita-hablar-de-su-hermano-tras-recuperar-su-libertad\/#primaryimage","url":"https:\/\/www.eldiario.net\/portal\/wp-content\/uploads\/2026\/08\/21-TATIANA.webp","contentUrl":"https:\/\/www.eldiario.net\/portal\/wp-content\/uploads\/2026\/08\/21-TATIANA.webp","width":452,"height":451,"caption":"Tatiana Marset recuper\u00f3 su libertad tras m\u00e1s de cinco meses en Palmasola. Cr\u00e9dito de foto: RRSS"},{"@type":"BreadcrumbList","@id":"https:\/\/www.eldiario.net\/portal\/2026\/08\/21\/tatiana-marset-evita-hablar-de-su-hermano-tras-recuperar-su-libertad\/#breadcrumb","itemListElement":[{"@type":"ListItem","position":1,"name":"Portada","item":"https:\/\/www.eldiario.net\/portal\/"},{"@type":"ListItem","position":2,"name":"Tatiana Marset evita hablar de su hermano tras recuperar su libertad"}]},{"@type":"WebSite","@id":"https:\/\/www.eldiario.net\/portal\/#website","url":"https:\/\/www.eldiario.net\/portal\/","name":"El Diario - Decano de la prensa nacional","description":"El Diario - Decano de la prensa nacional","publisher":{"@id":"https:\/\/www.eldiario.net\/portal\/#organization"},"potentialAction":[{"@type":"SearchAction","target":{"@type":"EntryPoint","urlTemplate":"https:\/\/www.eldiario.net\/portal\/?s={search_term_string}"},"query-input":{"@type":"PropertyValueSpecification","valueRequired":true,"valueName":"search_term_string"}}],"inLanguage":"es"},{"@type":"Organization","@id":"https:\/\/www.eldiario.net\/portal\/#organization","name":"El Diario - Decano de la prensa nacional","url":"https:\/\/www.eldiario.net\/portal\/","logo":{"@type":"ImageObject","inLanguage":"es","@id":"https:\/\/www.eldiario.net\/portal\/#\/schema\/logo\/image\/","url":"https:\/\/www.eldiario.net\/portal\/wp-content\/uploads\/2023\/07\/logo_ED.jpg","contentUrl":"https:\/\/www.eldiario.net\/portal\/wp-content\/uploads\/2023\/07\/logo_ED.jpg","width":272,"height":52,"caption":"El Diario - Decano de la prensa nacional"},"image":{"@id":"https:\/\/www.eldiario.net\/portal\/#\/schema\/logo\/image\/"},"sameAs":["https:\/\/www.facebook.com\/eldiario.bolivia\/","https:\/\/x.com\/eldiario_net"]},{"@type":"Person","@id":"https:\/\/www.eldiario.net\/portal\/#\/schema\/person\/f46445640444750d7d753ccd04ae01b7","name":"Jeanette","image":{"@type":"ImageObject","inLanguage":"es","@id":"https:\/\/secure.gravatar.com\/avatar\/3ea2118a5f7dad2b7138b1187a6b7ee55f160b9968b66013c3a3ef39dd7e5798?s=96&d=mm&r=g","url":"https:\/\/secure.gravatar.com\/avatar\/3ea2118a5f7dad2b7138b1187a6b7ee55f160b9968b66013c3a3ef39dd7e5798?s=96&d=mm&r=g","contentUrl":"https:\/\/secure.gravatar.com\/avatar\/3ea2118a5f7dad2b7138b1187a6b7ee55f160b9968b66013c3a3ef39dd7e5798?s=96&d=mm&r=g","caption":"Jeanette"},"sameAs":["https:\/\/www.eldiario.net\/portal"],"url":"https:\/\/www.eldiario.net\/portal\/author\/jeanette\/"}]}},"_links":{"self":[{"href":"https:\/\/www.eldiario.net\/portal\/wp-json\/wp\/v2\/posts\/423279","targetHints":{"allow":["GET"]}}],"collection":[{"href":"https:\/\/www.eldiario.net\/portal\/wp-json\/wp\/v2\/posts"}],"about":[{"href":"https:\/\/www.eldiario.net\/portal\/wp-json\/wp\/v2\/types\/post"}],"author":[{"embeddable":true,"href":"https:\/\/www.eldiario.net\/portal\/wp-json\/wp\/v2\/users\/1"}],"replies":[{"embeddable":true,"href":"https:\/\/www.eldiario.net\/portal\/wp-json\/wp\/v2\/comments?post=423279"}],"version-history":[{"count":1,"href":"https:\/\/www.eldiario.net\/portal\/wp-json\/wp\/v2\/posts\/423279\/revisions"}],"predecessor-version":[{"id":423281,"href":"https:\/\/www.eldiario.net\/portal\/wp-json\/wp\/v2\/posts\/423279\/revisions\/423281"}],"wp:featuredmedia":[{"embeddable":true,"href":"https:\/\/www.eldiario.net\/portal\/wp-json\/wp\/v2\/media\/423280"}],"wp:attachment":[{"href":"https:\/\/www.eldiario.net\/portal\/wp-json\/wp\/v2\/media?parent=423279"}],"wp:term":[{"taxonomy":"category","embeddable":true,"href":"https:\/\/www.eldiario.net\/portal\/wp-json\/wp\/v2\/categories?post=423279"},{"taxonomy":"post_tag","embeddable":true,"href":"https:\/\/www.eldiario.net\/portal\/wp-json\/wp\/v2\/tags?post=423279"}],"curies":[{"name":"wp","href":"https:\/\/api.w.org\/{rel}","templated":true}]}}