{"id":423273,"date":"2026-08-21T00:11:24","date_gmt":"2026-08-21T04:11:24","guid":{"rendered":"https:\/\/www.eldiario.net\/portal\/?p=423273"},"modified":"2026-08-20T23:12:05","modified_gmt":"2026-08-21T03:12:05","slug":"hospital-refuerza-seguridad-y-fiscalia-reporta-un-aprehendido","status":"publish","type":"post","link":"https:\/\/www.eldiario.net\/portal\/2026\/08\/21\/hospital-refuerza-seguridad-y-fiscalia-reporta-un-aprehendido\/","title":{"rendered":"Hospital refuerza seguridad y Fiscal\u00eda reporta un aprehendido"},"content":{"rendered":"<p>El Hospital Viedma reforz\u00f3 la seguridad tras un presunto nuevo intento de llevarse al hombre que fue sacado por la fuerza de una cl\u00ednica y posteriormente hallado con una herida de bala en el hombro. En paralelo, la Fiscal\u00eda inform\u00f3 que ya hay un aprehendido por la privaci\u00f3n de libertad y el intento de asesinato, mientras contin\u00faa la b\u00fasqueda de otros dos involucrados.<\/p>\n<p>El paciente permanece internado en el Hospital Viedma de Cochabamba, donde espera una cirug\u00eda reconstructiva debido a la lesi\u00f3n que sufri\u00f3 en el hombro. De acuerdo con el director del nosocomio, Antonio Lara, personal de seguridad alert\u00f3 sobre la presencia de dos o tres personas que presuntamente rondaban el hospital, por lo que se comunic\u00f3 el hecho a la Polic\u00eda.<\/p>\n<p>Tras la alerta, se dispuso un reforzamiento de la seguridad en los alrededores del hospital para evitar cualquier eventual intento de sacar nuevamente al paciente del centro m\u00e9dico.<\/p>\n<p>El fiscal departamental de Cochabamba, Osvaldo Tejerina, inform\u00f3 que, al conocer esta situaci\u00f3n, se solicit\u00f3 el apoyo de la Unidad de Protecci\u00f3n a V\u00edctimas y Testigos para establecer un anillo de seguridad alrededor del hombre mientras permanece internado.<\/p>\n<p>Sobre su estado de salud, Lara se\u00f1al\u00f3 que el paciente se encuentra estable y que su vida no estar\u00eda en riesgo. Sin embargo, explic\u00f3 que la bala provoc\u00f3 una fractura multifragmentaria en la parte superior del h\u00famero izquierdo, por lo que deber\u00e1 someterse a una cirug\u00eda reconstructiva en la que se prev\u00e9 utilizar placas y tornillos.<\/p>\n<p>En paralelo a las medidas de seguridad, la Fiscal\u00eda inform\u00f3 que una persona fue aprehendida por su presunta participaci\u00f3n en la privaci\u00f3n de libertad y el intento de asesinato. Seg\u00fan Tejerina, el sospechoso fue individualizado a partir de la declaraci\u00f3n de la v\u00edctima, cuyos datos permitieron orientar la investigaci\u00f3n.<\/p>\n<p>El fiscal explic\u00f3 que, mediante los registros del Ministerio P\u00fablico, tambi\u00e9n se logr\u00f3 ubicar al sospechoso, quien tendr\u00eda otros procesos en su contra. La Fiscal\u00eda ya present\u00f3 una imputaci\u00f3n formal y se espera que la autoridad jurisdiccional defina su situaci\u00f3n jur\u00eddica.<\/p>\n<p>Respecto al posible m\u00f3vil del hecho, Tejerina se\u00f1al\u00f3 que la v\u00edctima plante\u00f3 como hip\u00f3tesis una presunta deuda de Bs 450.000 relacionada con una supuesta venta de sustancias controladas, espec\u00edficamente ketamina. El fiscal aclar\u00f3 que esta versi\u00f3n todav\u00eda debe ser corroborada y que la investigaci\u00f3n actual se desarrolla por los delitos de privaci\u00f3n de libertad y tentativa de asesinato.<\/p>\n<p>La autoridad no descart\u00f3 que, a partir de los antecedentes que surjan durante las investigaciones, pueda abrirse posteriormente un proceso por el delito de tr\u00e1fico de sustancias controladas.<\/p>\n<p>Mientras tanto, la Fiscal\u00eda contin\u00faa con la b\u00fasqueda de otros dos presuntos involucrados que permanecen pr\u00f3fugos. (Con informaci\u00f3n de Unitel)<\/p>\n","protected":false},"excerpt":{"rendered":"<p>El Hospital Viedma reforz\u00f3 la seguridad tras un presunto nuevo intento de llevarse al hombre que fue sacado por la fuerza de una cl\u00ednica y posteriormente hallado con una herida de bala en el hombro. En paralelo, la Fiscal\u00eda inform\u00f3 que ya hay un aprehendido por la privaci\u00f3n de libertad y el intento de asesinato, [&hellip;]<\/p>\n","protected":false},"author":1,"featured_media":423274,"comment_status":"closed","ping_status":"open","sticky":false,"template":"","format":"standard","meta":{"_acf_changed":false,"footnotes":""},"categories":[39],"tags":[],"class_list":["post-423273","post","type-post","status-publish","format-standard","has-post-thumbnail","category-sociedad"],"acf":{"antetitulo":"Cochabamba"},"yoast_head":"<!-- This site is optimized with the Yoast SEO plugin v28.3 - https:\/\/yoast.com\/product\/yoast-seo-wordpress\/ -->\n<title>Hospital refuerza seguridad y Fiscal\u00eda reporta un aprehendido - El Diario - Bolivia<\/title>\n<meta name=\"robots\" content=\"index, follow, max-snippet:-1, max-image-preview:large, max-video-preview:-1\" \/>\n<link rel=\"canonical\" href=\"https:\/\/www.eldiario.net\/portal\/2026\/08\/21\/hospital-refuerza-seguridad-y-fiscalia-reporta-un-aprehendido\/\" \/>\n<meta property=\"og:locale\" content=\"es_ES\" \/>\n<meta property=\"og:type\" content=\"article\" \/>\n<meta property=\"og:title\" content=\"Hospital refuerza seguridad y Fiscal\u00eda reporta un aprehendido - El Diario - Bolivia\" \/>\n<meta property=\"og:description\" content=\"El Hospital Viedma reforz\u00f3 la seguridad tras un presunto nuevo intento de llevarse al hombre que fue sacado por la fuerza de una cl\u00ednica y posteriormente hallado con una herida de bala en el hombro. En paralelo, la Fiscal\u00eda inform\u00f3 que ya hay un aprehendido por la privaci\u00f3n de libertad y el intento de asesinato, [&hellip;]\" \/>\n<meta property=\"og:url\" content=\"https:\/\/www.eldiario.net\/portal\/2026\/08\/21\/hospital-refuerza-seguridad-y-fiscalia-reporta-un-aprehendido\/\" \/>\n<meta property=\"og:site_name\" content=\"El Diario - Bolivia\" \/>\n<meta property=\"article:publisher\" content=\"https:\/\/www.facebook.com\/eldiario.bolivia\/\" \/>\n<meta property=\"article:published_time\" content=\"2026-08-21T04:11:24+00:00\" \/>\n<meta property=\"og:image\" content=\"https:\/\/www.eldiario.net\/portal\/wp-content\/uploads\/2026\/08\/21-SECU.webp\" \/>\n\t<meta property=\"og:image:width\" content=\"1400\" \/>\n\t<meta property=\"og:image:height\" content=\"1120\" \/>\n\t<meta property=\"og:image:type\" content=\"image\/webp\" \/>\n<meta name=\"author\" content=\"Jeanette\" \/>\n<meta name=\"twitter:card\" content=\"summary_large_image\" \/>\n<meta name=\"twitter:creator\" content=\"@eldiario_net\" \/>\n<meta name=\"twitter:site\" content=\"@eldiario_net\" \/>\n<meta name=\"twitter:label1\" content=\"Escrito por\" \/>\n\t<meta name=\"twitter:data1\" content=\"Jeanette\" \/>\n\t<meta name=\"twitter:label2\" content=\"Tiempo de lectura\" \/>\n\t<meta name=\"twitter:data2\" content=\"3 minutos\" \/>\n<script type=\"application\/ld+json\" class=\"yoast-schema-graph\">{\"@context\":\"https:\\\/\\\/schema.org\",\"@graph\":[{\"@type\":\"Article\",\"@id\":\"https:\\\/\\\/www.eldiario.net\\\/portal\\\/2026\\\/08\\\/21\\\/hospital-refuerza-seguridad-y-fiscalia-reporta-un-aprehendido\\\/#article\",\"isPartOf\":{\"@id\":\"https:\\\/\\\/www.eldiario.net\\\/portal\\\/2026\\\/08\\\/21\\\/hospital-refuerza-seguridad-y-fiscalia-reporta-un-aprehendido\\\/\"},\"author\":{\"name\":\"Jeanette\",\"@id\":\"https:\\\/\\\/www.eldiario.net\\\/portal\\\/#\\\/schema\\\/person\\\/f46445640444750d7d753ccd04ae01b7\"},\"headline\":\"Hospital refuerza seguridad y Fiscal\u00eda reporta un aprehendido\",\"datePublished\":\"2026-08-21T04:11:24+00:00\",\"mainEntityOfPage\":{\"@id\":\"https:\\\/\\\/www.eldiario.net\\\/portal\\\/2026\\\/08\\\/21\\\/hospital-refuerza-seguridad-y-fiscalia-reporta-un-aprehendido\\\/\"},\"wordCount\":494,\"publisher\":{\"@id\":\"https:\\\/\\\/www.eldiario.net\\\/portal\\\/#organization\"},\"image\":{\"@id\":\"https:\\\/\\\/www.eldiario.net\\\/portal\\\/2026\\\/08\\\/21\\\/hospital-refuerza-seguridad-y-fiscalia-reporta-un-aprehendido\\\/#primaryimage\"},\"thumbnailUrl\":\"https:\\\/\\\/www.eldiario.net\\\/portal\\\/wp-content\\\/uploads\\\/2026\\\/08\\\/21-SECU.webp\",\"articleSection\":[\"Sociedad - Seguridad\"],\"inLanguage\":\"es\"},{\"@type\":\"WebPage\",\"@id\":\"https:\\\/\\\/www.eldiario.net\\\/portal\\\/2026\\\/08\\\/21\\\/hospital-refuerza-seguridad-y-fiscalia-reporta-un-aprehendido\\\/\",\"url\":\"https:\\\/\\\/www.eldiario.net\\\/portal\\\/2026\\\/08\\\/21\\\/hospital-refuerza-seguridad-y-fiscalia-reporta-un-aprehendido\\\/\",\"name\":\"Hospital refuerza seguridad y Fiscal\u00eda reporta un aprehendido - El Diario - Bolivia\",\"isPartOf\":{\"@id\":\"https:\\\/\\\/www.eldiario.net\\\/portal\\\/#website\"},\"primaryImageOfPage\":{\"@id\":\"https:\\\/\\\/www.eldiario.net\\\/portal\\\/2026\\\/08\\\/21\\\/hospital-refuerza-seguridad-y-fiscalia-reporta-un-aprehendido\\\/#primaryimage\"},\"image\":{\"@id\":\"https:\\\/\\\/www.eldiario.net\\\/portal\\\/2026\\\/08\\\/21\\\/hospital-refuerza-seguridad-y-fiscalia-reporta-un-aprehendido\\\/#primaryimage\"},\"thumbnailUrl\":\"https:\\\/\\\/www.eldiario.net\\\/portal\\\/wp-content\\\/uploads\\\/2026\\\/08\\\/21-SECU.webp\",\"datePublished\":\"2026-08-21T04:11:24+00:00\",\"breadcrumb\":{\"@id\":\"https:\\\/\\\/www.eldiario.net\\\/portal\\\/2026\\\/08\\\/21\\\/hospital-refuerza-seguridad-y-fiscalia-reporta-un-aprehendido\\\/#breadcrumb\"},\"inLanguage\":\"es\",\"potentialAction\":[{\"@type\":\"ReadAction\",\"target\":[\"https:\\\/\\\/www.eldiario.net\\\/portal\\\/2026\\\/08\\\/21\\\/hospital-refuerza-seguridad-y-fiscalia-reporta-un-aprehendido\\\/\"]}]},{\"@type\":\"ImageObject\",\"inLanguage\":\"es\",\"@id\":\"https:\\\/\\\/www.eldiario.net\\\/portal\\\/2026\\\/08\\\/21\\\/hospital-refuerza-seguridad-y-fiscalia-reporta-un-aprehendido\\\/#primaryimage\",\"url\":\"https:\\\/\\\/www.eldiario.net\\\/portal\\\/wp-content\\\/uploads\\\/2026\\\/08\\\/21-SECU.webp\",\"contentUrl\":\"https:\\\/\\\/www.eldiario.net\\\/portal\\\/wp-content\\\/uploads\\\/2026\\\/08\\\/21-SECU.webp\",\"width\":1400,\"height\":1120,\"caption\":\"El paciente permanece internado bajo resguardo policial. Cr\u00e9dito de foto: Unitel\"},{\"@type\":\"BreadcrumbList\",\"@id\":\"https:\\\/\\\/www.eldiario.net\\\/portal\\\/2026\\\/08\\\/21\\\/hospital-refuerza-seguridad-y-fiscalia-reporta-un-aprehendido\\\/#breadcrumb\",\"itemListElement\":[{\"@type\":\"ListItem\",\"position\":1,\"name\":\"Portada\",\"item\":\"https:\\\/\\\/www.eldiario.net\\\/portal\\\/\"},{\"@type\":\"ListItem\",\"position\":2,\"name\":\"Hospital refuerza seguridad y Fiscal\u00eda reporta un aprehendido\"}]},{\"@type\":\"WebSite\",\"@id\":\"https:\\\/\\\/www.eldiario.net\\\/portal\\\/#website\",\"url\":\"https:\\\/\\\/www.eldiario.net\\\/portal\\\/\",\"name\":\"El Diario - Decano de la prensa nacional\",\"description\":\"El Diario - Decano de la prensa nacional\",\"publisher\":{\"@id\":\"https:\\\/\\\/www.eldiario.net\\\/portal\\\/#organization\"},\"potentialAction\":[{\"@type\":\"SearchAction\",\"target\":{\"@type\":\"EntryPoint\",\"urlTemplate\":\"https:\\\/\\\/www.eldiario.net\\\/portal\\\/?s={search_term_string}\"},\"query-input\":{\"@type\":\"PropertyValueSpecification\",\"valueRequired\":true,\"valueName\":\"search_term_string\"}}],\"inLanguage\":\"es\"},{\"@type\":\"Organization\",\"@id\":\"https:\\\/\\\/www.eldiario.net\\\/portal\\\/#organization\",\"name\":\"El Diario - Decano de la prensa nacional\",\"url\":\"https:\\\/\\\/www.eldiario.net\\\/portal\\\/\",\"logo\":{\"@type\":\"ImageObject\",\"inLanguage\":\"es\",\"@id\":\"https:\\\/\\\/www.eldiario.net\\\/portal\\\/#\\\/schema\\\/logo\\\/image\\\/\",\"url\":\"https:\\\/\\\/www.eldiario.net\\\/portal\\\/wp-content\\\/uploads\\\/2023\\\/07\\\/logo_ED.jpg\",\"contentUrl\":\"https:\\\/\\\/www.eldiario.net\\\/portal\\\/wp-content\\\/uploads\\\/2023\\\/07\\\/logo_ED.jpg\",\"width\":272,\"height\":52,\"caption\":\"El Diario - Decano de la prensa nacional\"},\"image\":{\"@id\":\"https:\\\/\\\/www.eldiario.net\\\/portal\\\/#\\\/schema\\\/logo\\\/image\\\/\"},\"sameAs\":[\"https:\\\/\\\/www.facebook.com\\\/eldiario.bolivia\\\/\",\"https:\\\/\\\/x.com\\\/eldiario_net\"]},{\"@type\":\"Person\",\"@id\":\"https:\\\/\\\/www.eldiario.net\\\/portal\\\/#\\\/schema\\\/person\\\/f46445640444750d7d753ccd04ae01b7\",\"name\":\"Jeanette\",\"image\":{\"@type\":\"ImageObject\",\"inLanguage\":\"es\",\"@id\":\"https:\\\/\\\/secure.gravatar.com\\\/avatar\\\/3ea2118a5f7dad2b7138b1187a6b7ee55f160b9968b66013c3a3ef39dd7e5798?s=96&d=mm&r=g\",\"url\":\"https:\\\/\\\/secure.gravatar.com\\\/avatar\\\/3ea2118a5f7dad2b7138b1187a6b7ee55f160b9968b66013c3a3ef39dd7e5798?s=96&d=mm&r=g\",\"contentUrl\":\"https:\\\/\\\/secure.gravatar.com\\\/avatar\\\/3ea2118a5f7dad2b7138b1187a6b7ee55f160b9968b66013c3a3ef39dd7e5798?s=96&d=mm&r=g\",\"caption\":\"Jeanette\"},\"sameAs\":[\"https:\\\/\\\/www.eldiario.net\\\/portal\"],\"url\":\"https:\\\/\\\/www.eldiario.net\\\/portal\\\/author\\\/jeanette\\\/\"}]}<\/script>\n<!-- \/ Yoast SEO plugin. -->","yoast_head_json":{"title":"Hospital refuerza seguridad y Fiscal\u00eda reporta un aprehendido - El Diario - Bolivia","robots":{"index":"index","follow":"follow","max-snippet":"max-snippet:-1","max-image-preview":"max-image-preview:large","max-video-preview":"max-video-preview:-1"},"canonical":"https:\/\/www.eldiario.net\/portal\/2026\/08\/21\/hospital-refuerza-seguridad-y-fiscalia-reporta-un-aprehendido\/","og_locale":"es_ES","og_type":"article","og_title":"Hospital refuerza seguridad y Fiscal\u00eda reporta un aprehendido - El Diario - Bolivia","og_description":"El Hospital Viedma reforz\u00f3 la seguridad tras un presunto nuevo intento de llevarse al hombre que fue sacado por la fuerza de una cl\u00ednica y posteriormente hallado con una herida de bala en el hombro. En paralelo, la Fiscal\u00eda inform\u00f3 que ya hay un aprehendido por la privaci\u00f3n de libertad y el intento de asesinato, [&hellip;]","og_url":"https:\/\/www.eldiario.net\/portal\/2026\/08\/21\/hospital-refuerza-seguridad-y-fiscalia-reporta-un-aprehendido\/","og_site_name":"El Diario - Bolivia","article_publisher":"https:\/\/www.facebook.com\/eldiario.bolivia\/","article_published_time":"2026-08-21T04:11:24+00:00","og_image":[{"width":1400,"height":1120,"url":"https:\/\/www.eldiario.net\/portal\/wp-content\/uploads\/2026\/08\/21-SECU.webp","type":"image\/webp"}],"author":"Jeanette","twitter_card":"summary_large_image","twitter_creator":"@eldiario_net","twitter_site":"@eldiario_net","twitter_misc":{"Escrito por":"Jeanette","Tiempo de lectura":"3 minutos"},"schema":{"@context":"https:\/\/schema.org","@graph":[{"@type":"Article","@id":"https:\/\/www.eldiario.net\/portal\/2026\/08\/21\/hospital-refuerza-seguridad-y-fiscalia-reporta-un-aprehendido\/#article","isPartOf":{"@id":"https:\/\/www.eldiario.net\/portal\/2026\/08\/21\/hospital-refuerza-seguridad-y-fiscalia-reporta-un-aprehendido\/"},"author":{"name":"Jeanette","@id":"https:\/\/www.eldiario.net\/portal\/#\/schema\/person\/f46445640444750d7d753ccd04ae01b7"},"headline":"Hospital refuerza seguridad y Fiscal\u00eda reporta un aprehendido","datePublished":"2026-08-21T04:11:24+00:00","mainEntityOfPage":{"@id":"https:\/\/www.eldiario.net\/portal\/2026\/08\/21\/hospital-refuerza-seguridad-y-fiscalia-reporta-un-aprehendido\/"},"wordCount":494,"publisher":{"@id":"https:\/\/www.eldiario.net\/portal\/#organization"},"image":{"@id":"https:\/\/www.eldiario.net\/portal\/2026\/08\/21\/hospital-refuerza-seguridad-y-fiscalia-reporta-un-aprehendido\/#primaryimage"},"thumbnailUrl":"https:\/\/www.eldiario.net\/portal\/wp-content\/uploads\/2026\/08\/21-SECU.webp","articleSection":["Sociedad - Seguridad"],"inLanguage":"es"},{"@type":"WebPage","@id":"https:\/\/www.eldiario.net\/portal\/2026\/08\/21\/hospital-refuerza-seguridad-y-fiscalia-reporta-un-aprehendido\/","url":"https:\/\/www.eldiario.net\/portal\/2026\/08\/21\/hospital-refuerza-seguridad-y-fiscalia-reporta-un-aprehendido\/","name":"Hospital refuerza seguridad y Fiscal\u00eda reporta un aprehendido - El Diario - Bolivia","isPartOf":{"@id":"https:\/\/www.eldiario.net\/portal\/#website"},"primaryImageOfPage":{"@id":"https:\/\/www.eldiario.net\/portal\/2026\/08\/21\/hospital-refuerza-seguridad-y-fiscalia-reporta-un-aprehendido\/#primaryimage"},"image":{"@id":"https:\/\/www.eldiario.net\/portal\/2026\/08\/21\/hospital-refuerza-seguridad-y-fiscalia-reporta-un-aprehendido\/#primaryimage"},"thumbnailUrl":"https:\/\/www.eldiario.net\/portal\/wp-content\/uploads\/2026\/08\/21-SECU.webp","datePublished":"2026-08-21T04:11:24+00:00","breadcrumb":{"@id":"https:\/\/www.eldiario.net\/portal\/2026\/08\/21\/hospital-refuerza-seguridad-y-fiscalia-reporta-un-aprehendido\/#breadcrumb"},"inLanguage":"es","potentialAction":[{"@type":"ReadAction","target":["https:\/\/www.eldiario.net\/portal\/2026\/08\/21\/hospital-refuerza-seguridad-y-fiscalia-reporta-un-aprehendido\/"]}]},{"@type":"ImageObject","inLanguage":"es","@id":"https:\/\/www.eldiario.net\/portal\/2026\/08\/21\/hospital-refuerza-seguridad-y-fiscalia-reporta-un-aprehendido\/#primaryimage","url":"https:\/\/www.eldiario.net\/portal\/wp-content\/uploads\/2026\/08\/21-SECU.webp","contentUrl":"https:\/\/www.eldiario.net\/portal\/wp-content\/uploads\/2026\/08\/21-SECU.webp","width":1400,"height":1120,"caption":"El paciente permanece internado bajo resguardo policial. Cr\u00e9dito de foto: Unitel"},{"@type":"BreadcrumbList","@id":"https:\/\/www.eldiario.net\/portal\/2026\/08\/21\/hospital-refuerza-seguridad-y-fiscalia-reporta-un-aprehendido\/#breadcrumb","itemListElement":[{"@type":"ListItem","position":1,"name":"Portada","item":"https:\/\/www.eldiario.net\/portal\/"},{"@type":"ListItem","position":2,"name":"Hospital refuerza seguridad y Fiscal\u00eda reporta un aprehendido"}]},{"@type":"WebSite","@id":"https:\/\/www.eldiario.net\/portal\/#website","url":"https:\/\/www.eldiario.net\/portal\/","name":"El Diario - Decano de la prensa nacional","description":"El Diario - Decano de la prensa nacional","publisher":{"@id":"https:\/\/www.eldiario.net\/portal\/#organization"},"potentialAction":[{"@type":"SearchAction","target":{"@type":"EntryPoint","urlTemplate":"https:\/\/www.eldiario.net\/portal\/?s={search_term_string}"},"query-input":{"@type":"PropertyValueSpecification","valueRequired":true,"valueName":"search_term_string"}}],"inLanguage":"es"},{"@type":"Organization","@id":"https:\/\/www.eldiario.net\/portal\/#organization","name":"El Diario - Decano de la prensa nacional","url":"https:\/\/www.eldiario.net\/portal\/","logo":{"@type":"ImageObject","inLanguage":"es","@id":"https:\/\/www.eldiario.net\/portal\/#\/schema\/logo\/image\/","url":"https:\/\/www.eldiario.net\/portal\/wp-content\/uploads\/2023\/07\/logo_ED.jpg","contentUrl":"https:\/\/www.eldiario.net\/portal\/wp-content\/uploads\/2023\/07\/logo_ED.jpg","width":272,"height":52,"caption":"El Diario - Decano de la prensa nacional"},"image":{"@id":"https:\/\/www.eldiario.net\/portal\/#\/schema\/logo\/image\/"},"sameAs":["https:\/\/www.facebook.com\/eldiario.bolivia\/","https:\/\/x.com\/eldiario_net"]},{"@type":"Person","@id":"https:\/\/www.eldiario.net\/portal\/#\/schema\/person\/f46445640444750d7d753ccd04ae01b7","name":"Jeanette","image":{"@type":"ImageObject","inLanguage":"es","@id":"https:\/\/secure.gravatar.com\/avatar\/3ea2118a5f7dad2b7138b1187a6b7ee55f160b9968b66013c3a3ef39dd7e5798?s=96&d=mm&r=g","url":"https:\/\/secure.gravatar.com\/avatar\/3ea2118a5f7dad2b7138b1187a6b7ee55f160b9968b66013c3a3ef39dd7e5798?s=96&d=mm&r=g","contentUrl":"https:\/\/secure.gravatar.com\/avatar\/3ea2118a5f7dad2b7138b1187a6b7ee55f160b9968b66013c3a3ef39dd7e5798?s=96&d=mm&r=g","caption":"Jeanette"},"sameAs":["https:\/\/www.eldiario.net\/portal"],"url":"https:\/\/www.eldiario.net\/portal\/author\/jeanette\/"}]}},"_links":{"self":[{"href":"https:\/\/www.eldiario.net\/portal\/wp-json\/wp\/v2\/posts\/423273","targetHints":{"allow":["GET"]}}],"collection":[{"href":"https:\/\/www.eldiario.net\/portal\/wp-json\/wp\/v2\/posts"}],"about":[{"href":"https:\/\/www.eldiario.net\/portal\/wp-json\/wp\/v2\/types\/post"}],"author":[{"embeddable":true,"href":"https:\/\/www.eldiario.net\/portal\/wp-json\/wp\/v2\/users\/1"}],"replies":[{"embeddable":true,"href":"https:\/\/www.eldiario.net\/portal\/wp-json\/wp\/v2\/comments?post=423273"}],"version-history":[{"count":1,"href":"https:\/\/www.eldiario.net\/portal\/wp-json\/wp\/v2\/posts\/423273\/revisions"}],"predecessor-version":[{"id":423275,"href":"https:\/\/www.eldiario.net\/portal\/wp-json\/wp\/v2\/posts\/423273\/revisions\/423275"}],"wp:featuredmedia":[{"embeddable":true,"href":"https:\/\/www.eldiario.net\/portal\/wp-json\/wp\/v2\/media\/423274"}],"wp:attachment":[{"href":"https:\/\/www.eldiario.net\/portal\/wp-json\/wp\/v2\/media?parent=423273"}],"wp:term":[{"taxonomy":"category","embeddable":true,"href":"https:\/\/www.eldiario.net\/portal\/wp-json\/wp\/v2\/categories?post=423273"},{"taxonomy":"post_tag","embeddable":true,"href":"https:\/\/www.eldiario.net\/portal\/wp-json\/wp\/v2\/tags?post=423273"}],"curies":[{"name":"wp","href":"https:\/\/api.w.org\/{rel}","templated":true}]}}