{"id":423127,"date":"2026-08-20T06:41:14","date_gmt":"2026-08-20T10:41:14","guid":{"rendered":"https:\/\/www.eldiario.net\/portal\/?p=423127"},"modified":"2026-08-20T06:41:14","modified_gmt":"2026-08-20T10:41:14","slug":"nevadas-afectan-a-mas-de-26-000-familias-en-tres-departamentos","status":"publish","type":"post","link":"https:\/\/www.eldiario.net\/portal\/2026\/08\/20\/nevadas-afectan-a-mas-de-26-000-familias-en-tres-departamentos\/","title":{"rendered":"Nevadas afectan a m\u00e1s de 26.000  familias en tres departamentos"},"content":{"rendered":"<p>M\u00e1s de 26.000 familias resultaron afectadas por las nevadas registradas en Potos\u00ed, Oruro y La Paz, mientras Defensa Civil se mantiene en constante evaluaci\u00f3n de da\u00f1os y coordina la entrega de asistencia humanitaria en las zonas golpeadas por las bajas temperaturas.<\/p>\n<p>El viceministro de Defensa Civil, Roberto Rivero, inform\u00f3 que el reporte registra 26.202 familias afectadas y 6.211 damnificadas en 274 comunidades pertenecientes a 75 municipios del occidente del pa\u00eds.<\/p>\n<p>La autoridad explic\u00f3 que equipos de gesti\u00f3n de riesgos trabajan junto con los gobiernos municipales para establecer la magnitud de los da\u00f1os, identificar las necesidades de la poblaci\u00f3n y preparar las solicitudes de ayuda correspondientes.<\/p>\n<p>\u201cEstamos activando la unidad de gesti\u00f3n de riesgo de las comunidades. Estamos haciendo un levantamiento de informaci\u00f3n, evaluaci\u00f3n de los da\u00f1os y el an\u00e1lisis de las necesidades. Adem\u00e1s, preparamos las solicitudes de ayuda humanitaria y seguimiento permanente de las nevadas\u201d, se\u00f1al\u00f3 Rivero.<\/p>\n<p>Seg\u00fan el reporte oficial, Potos\u00ed concentra las mayores afectaciones, particularmente en la regi\u00f3n de Uyuni, donde las nevadas alcanzaron una fuerte intensidad. Oruro tambi\u00e9n registra da\u00f1os importantes, mientras que en La Paz las consecuencias se concentran en determinadas zonas.<\/p>\n<p>Rivero indic\u00f3 que las principales solicitudes recibidas est\u00e1n relacionadas con asistencia humanitaria y asegur\u00f3 que contin\u00faan las evaluaciones para determinar qu\u00e9 tipo de apoyo requiere cada regi\u00f3n.<\/p>\n<p>\u201cLa mayor cantidad de ayuda que nos solicitan es humanitaria, entonces estamos haciendo las evaluaciones correspondientes para algunas cosas que ellos necesiten, ya que para nosotros lo m\u00e1s importante es el bienestar de nuestra poblaci\u00f3n y de todos los bolivianos\u201d, afirm\u00f3.<\/p>\n<p>Hasta el momento, Defensa Civil no report\u00f3 personas fallecidas o desaparecidas como consecuencia directa de las nevadas. Sin embargo, el martes se realiz\u00f3 el rescate de turistas italianos que se dirig\u00edan hacia Uyuni y quedaron expuestos a las condiciones meteorol\u00f3gicas adversas.<\/p>\n<p>La operaci\u00f3n fue coordinada con la Embajada de Italia para garantizar el auxilio y traslado de los visitantes.<\/p>\n<p>Las nevadas tambi\u00e9n provocaron dificultades en distintas carreteras del occidente. Rivero explic\u00f3 que maquinaria pesada permanece en apronte y que existe coordinaci\u00f3n permanente con la Administradora Boliviana de Carreteras (ABC) para despejar las v\u00edas afectadas.<\/p>\n<p>En La Paz, las intensas precipitaciones de nieve ocasionaron problemas en el sector de La Cumbre, donde personal de Bomberos intervino para restablecer la transitabilidad.<\/p>\n<p>\u201cLa nevada ha sido bastante fuerte aqu\u00ed en la ciudad de La Paz, por ejemplo, el d\u00eda de ayer, gracias a los bomberos, pudimos habilitar el paso por la Cumbre\u201d, explic\u00f3 la autoridad.<\/p>\n<p>Defensa Civil se\u00f1al\u00f3 que todav\u00eda no existe una cuantificaci\u00f3n econ\u00f3mica de las p\u00e9rdidas ocasionadas por el fen\u00f3meno clim\u00e1tico, debido a que contin\u00faan los trabajos de evaluaci\u00f3n en las comunidades afectadas.<\/p>\n<p>De manera paralela, Cochabamba tambi\u00e9n enfrenta los efectos de las nevadas, aunque estas afectaciones no forman parte del balance de los tres departamentos difundido por Defensa Civil.<\/p>\n<p>En la regi\u00f3n andina cochabambina, la acumulaci\u00f3n de nieve provoc\u00f3 la muerte de ganado, da\u00f1os en cultivos y dificultades para transitar por distintos caminos. En Tacopaya, productores reportaron la muerte de ovejas y llamas que quedaron expuestas al fr\u00edo y atrapadas en sus corrales.<\/p>\n<p>El concejal de Tacopaya, Manuel S\u00e1nchez, inform\u00f3 que desde el martes existen serias dificultades de transitabilidad debido al espesor de la nieve acumulada y que la situaci\u00f3n tambi\u00e9n afecta a comunidades de la provincia Arque.<\/p>\n<p>\u201cLa regi\u00f3n Andina y el municipio de Tacopaya estamos sufriendo con la nevada. Ayer nev\u00f3 todo el d\u00eda y est\u00e1n falleciendo las ovejas, tambi\u00e9n llamas y hay mucha afectaci\u00f3n a las producciones agr\u00edcolas\u201d, se\u00f1al\u00f3 S\u00e1nchez.<\/p>\n<p>La autoridad municipal explic\u00f3 que, en algunos sectores, la nieve impide incluso llegar hasta los corrales para rescatar a los animales.<\/p>\n<p>\u201cNo hay c\u00f3mo recorrer los corrales de ovejas, llamas y vacas. Es muy gruesa la nieve. No se puede sacar a los animalitos por ning\u00fan lado. Tampoco tienen casitas para proteger a los animales. Entonces, ah\u00ed est\u00e1n muriendo\u201d, lament\u00f3.<\/p>\n<p>Un reporte preliminar se\u00f1ala que al menos 90 comunidades de la regi\u00f3n andina de Cochabamba fueron afectadas, principalmente en su producci\u00f3n agropecuaria y en las v\u00edas de comunicaci\u00f3n.<\/p>\n<p>Productores y autoridades municipales solicitaron asistencia para atender las p\u00e9rdidas, proteger al ganado que permanece expuesto a las bajas temperaturas y evitar mayores da\u00f1os en los cultivos mientras persisten las condiciones clim\u00e1ticas adversas.<\/p>\n","protected":false},"excerpt":{"rendered":"<p>M\u00e1s de 26.000 familias resultaron afectadas por las nevadas registradas en Potos\u00ed, Oruro y La Paz, mientras Defensa Civil se mantiene en constante evaluaci\u00f3n de da\u00f1os y coordina la entrega de asistencia humanitaria en las zonas golpeadas por las bajas temperaturas. El viceministro de Defensa Civil, Roberto Rivero, inform\u00f3 que el reporte registra 26.202 familias [&hellip;]<\/p>\n","protected":false},"author":1,"featured_media":423128,"comment_status":"closed","ping_status":"open","sticky":false,"template":"","format":"standard","meta":{"_acf_changed":false,"footnotes":""},"categories":[15],"tags":[],"class_list":["post-423127","post","type-post","status-publish","format-standard","has-post-thumbnail","category-portada"],"acf":{"antetitulo":""},"yoast_head":"<!-- This site is optimized with the Yoast SEO plugin v28.3 - https:\/\/yoast.com\/product\/yoast-seo-wordpress\/ -->\n<title>Nevadas afectan a m\u00e1s de 26.000 familias en tres departamentos - El Diario - Bolivia<\/title>\n<meta name=\"robots\" content=\"index, follow, max-snippet:-1, max-image-preview:large, max-video-preview:-1\" \/>\n<link rel=\"canonical\" href=\"https:\/\/www.eldiario.net\/portal\/2026\/08\/20\/nevadas-afectan-a-mas-de-26-000-familias-en-tres-departamentos\/\" \/>\n<meta property=\"og:locale\" content=\"es_ES\" \/>\n<meta property=\"og:type\" content=\"article\" \/>\n<meta property=\"og:title\" content=\"Nevadas afectan a m\u00e1s de 26.000 familias en tres departamentos - El Diario - Bolivia\" \/>\n<meta property=\"og:description\" content=\"M\u00e1s de 26.000 familias resultaron afectadas por las nevadas registradas en Potos\u00ed, Oruro y La Paz, mientras Defensa Civil se mantiene en constante evaluaci\u00f3n de da\u00f1os y coordina la entrega de asistencia humanitaria en las zonas golpeadas por las bajas temperaturas. El viceministro de Defensa Civil, Roberto Rivero, inform\u00f3 que el reporte registra 26.202 familias [&hellip;]\" \/>\n<meta property=\"og:url\" content=\"https:\/\/www.eldiario.net\/portal\/2026\/08\/20\/nevadas-afectan-a-mas-de-26-000-familias-en-tres-departamentos\/\" \/>\n<meta property=\"og:site_name\" content=\"El Diario - Bolivia\" \/>\n<meta property=\"article:publisher\" content=\"https:\/\/www.facebook.com\/eldiario.bolivia\/\" \/>\n<meta property=\"article:published_time\" content=\"2026-08-20T10:41:14+00:00\" \/>\n<meta property=\"og:image\" content=\"https:\/\/www.eldiario.net\/portal\/wp-content\/uploads\/2026\/08\/DAS-FOTO.webp\" \/>\n\t<meta property=\"og:image:width\" content=\"720\" \/>\n\t<meta property=\"og:image:height\" content=\"400\" \/>\n\t<meta property=\"og:image:type\" content=\"image\/webp\" \/>\n<meta name=\"author\" content=\"Jeanette\" \/>\n<meta name=\"twitter:card\" content=\"summary_large_image\" \/>\n<meta name=\"twitter:creator\" content=\"@eldiario_net\" \/>\n<meta name=\"twitter:site\" content=\"@eldiario_net\" \/>\n<meta name=\"twitter:label1\" content=\"Escrito por\" \/>\n\t<meta name=\"twitter:data1\" content=\"Jeanette\" \/>\n\t<meta name=\"twitter:label2\" content=\"Tiempo de lectura\" \/>\n\t<meta name=\"twitter:data2\" content=\"4 minutos\" \/>\n<script type=\"application\/ld+json\" class=\"yoast-schema-graph\">{\"@context\":\"https:\\\/\\\/schema.org\",\"@graph\":[{\"@type\":\"Article\",\"@id\":\"https:\\\/\\\/www.eldiario.net\\\/portal\\\/2026\\\/08\\\/20\\\/nevadas-afectan-a-mas-de-26-000-familias-en-tres-departamentos\\\/#article\",\"isPartOf\":{\"@id\":\"https:\\\/\\\/www.eldiario.net\\\/portal\\\/2026\\\/08\\\/20\\\/nevadas-afectan-a-mas-de-26-000-familias-en-tres-departamentos\\\/\"},\"author\":{\"name\":\"Jeanette\",\"@id\":\"https:\\\/\\\/www.eldiario.net\\\/portal\\\/#\\\/schema\\\/person\\\/f46445640444750d7d753ccd04ae01b7\"},\"headline\":\"Nevadas afectan a m\u00e1s de 26.000 familias en tres departamentos\",\"datePublished\":\"2026-08-20T10:41:14+00:00\",\"mainEntityOfPage\":{\"@id\":\"https:\\\/\\\/www.eldiario.net\\\/portal\\\/2026\\\/08\\\/20\\\/nevadas-afectan-a-mas-de-26-000-familias-en-tres-departamentos\\\/\"},\"wordCount\":768,\"publisher\":{\"@id\":\"https:\\\/\\\/www.eldiario.net\\\/portal\\\/#organization\"},\"image\":{\"@id\":\"https:\\\/\\\/www.eldiario.net\\\/portal\\\/2026\\\/08\\\/20\\\/nevadas-afectan-a-mas-de-26-000-familias-en-tres-departamentos\\\/#primaryimage\"},\"thumbnailUrl\":\"https:\\\/\\\/www.eldiario.net\\\/portal\\\/wp-content\\\/uploads\\\/2026\\\/08\\\/DAS-FOTO.webp\",\"articleSection\":[\"Portada\"],\"inLanguage\":\"es\"},{\"@type\":\"WebPage\",\"@id\":\"https:\\\/\\\/www.eldiario.net\\\/portal\\\/2026\\\/08\\\/20\\\/nevadas-afectan-a-mas-de-26-000-familias-en-tres-departamentos\\\/\",\"url\":\"https:\\\/\\\/www.eldiario.net\\\/portal\\\/2026\\\/08\\\/20\\\/nevadas-afectan-a-mas-de-26-000-familias-en-tres-departamentos\\\/\",\"name\":\"Nevadas afectan a m\u00e1s de 26.000 familias en tres departamentos - El Diario - Bolivia\",\"isPartOf\":{\"@id\":\"https:\\\/\\\/www.eldiario.net\\\/portal\\\/#website\"},\"primaryImageOfPage\":{\"@id\":\"https:\\\/\\\/www.eldiario.net\\\/portal\\\/2026\\\/08\\\/20\\\/nevadas-afectan-a-mas-de-26-000-familias-en-tres-departamentos\\\/#primaryimage\"},\"image\":{\"@id\":\"https:\\\/\\\/www.eldiario.net\\\/portal\\\/2026\\\/08\\\/20\\\/nevadas-afectan-a-mas-de-26-000-familias-en-tres-departamentos\\\/#primaryimage\"},\"thumbnailUrl\":\"https:\\\/\\\/www.eldiario.net\\\/portal\\\/wp-content\\\/uploads\\\/2026\\\/08\\\/DAS-FOTO.webp\",\"datePublished\":\"2026-08-20T10:41:14+00:00\",\"breadcrumb\":{\"@id\":\"https:\\\/\\\/www.eldiario.net\\\/portal\\\/2026\\\/08\\\/20\\\/nevadas-afectan-a-mas-de-26-000-familias-en-tres-departamentos\\\/#breadcrumb\"},\"inLanguage\":\"es\",\"potentialAction\":[{\"@type\":\"ReadAction\",\"target\":[\"https:\\\/\\\/www.eldiario.net\\\/portal\\\/2026\\\/08\\\/20\\\/nevadas-afectan-a-mas-de-26-000-familias-en-tres-departamentos\\\/\"]}]},{\"@type\":\"ImageObject\",\"inLanguage\":\"es\",\"@id\":\"https:\\\/\\\/www.eldiario.net\\\/portal\\\/2026\\\/08\\\/20\\\/nevadas-afectan-a-mas-de-26-000-familias-en-tres-departamentos\\\/#primaryimage\",\"url\":\"https:\\\/\\\/www.eldiario.net\\\/portal\\\/wp-content\\\/uploads\\\/2026\\\/08\\\/DAS-FOTO.webp\",\"contentUrl\":\"https:\\\/\\\/www.eldiario.net\\\/portal\\\/wp-content\\\/uploads\\\/2026\\\/08\\\/DAS-FOTO.webp\",\"width\":720,\"height\":400,\"caption\":\"Nevadas en Potos\u00ed. Foto: Ministerio de Defensa\"},{\"@type\":\"BreadcrumbList\",\"@id\":\"https:\\\/\\\/www.eldiario.net\\\/portal\\\/2026\\\/08\\\/20\\\/nevadas-afectan-a-mas-de-26-000-familias-en-tres-departamentos\\\/#breadcrumb\",\"itemListElement\":[{\"@type\":\"ListItem\",\"position\":1,\"name\":\"Portada\",\"item\":\"https:\\\/\\\/www.eldiario.net\\\/portal\\\/\"},{\"@type\":\"ListItem\",\"position\":2,\"name\":\"Nevadas afectan a m\u00e1s de 26.000 familias en tres departamentos\"}]},{\"@type\":\"WebSite\",\"@id\":\"https:\\\/\\\/www.eldiario.net\\\/portal\\\/#website\",\"url\":\"https:\\\/\\\/www.eldiario.net\\\/portal\\\/\",\"name\":\"El Diario - Decano de la prensa nacional\",\"description\":\"El Diario - Decano de la prensa nacional\",\"publisher\":{\"@id\":\"https:\\\/\\\/www.eldiario.net\\\/portal\\\/#organization\"},\"potentialAction\":[{\"@type\":\"SearchAction\",\"target\":{\"@type\":\"EntryPoint\",\"urlTemplate\":\"https:\\\/\\\/www.eldiario.net\\\/portal\\\/?s={search_term_string}\"},\"query-input\":{\"@type\":\"PropertyValueSpecification\",\"valueRequired\":true,\"valueName\":\"search_term_string\"}}],\"inLanguage\":\"es\"},{\"@type\":\"Organization\",\"@id\":\"https:\\\/\\\/www.eldiario.net\\\/portal\\\/#organization\",\"name\":\"El Diario - Decano de la prensa nacional\",\"url\":\"https:\\\/\\\/www.eldiario.net\\\/portal\\\/\",\"logo\":{\"@type\":\"ImageObject\",\"inLanguage\":\"es\",\"@id\":\"https:\\\/\\\/www.eldiario.net\\\/portal\\\/#\\\/schema\\\/logo\\\/image\\\/\",\"url\":\"https:\\\/\\\/www.eldiario.net\\\/portal\\\/wp-content\\\/uploads\\\/2023\\\/07\\\/logo_ED.jpg\",\"contentUrl\":\"https:\\\/\\\/www.eldiario.net\\\/portal\\\/wp-content\\\/uploads\\\/2023\\\/07\\\/logo_ED.jpg\",\"width\":272,\"height\":52,\"caption\":\"El Diario - Decano de la prensa nacional\"},\"image\":{\"@id\":\"https:\\\/\\\/www.eldiario.net\\\/portal\\\/#\\\/schema\\\/logo\\\/image\\\/\"},\"sameAs\":[\"https:\\\/\\\/www.facebook.com\\\/eldiario.bolivia\\\/\",\"https:\\\/\\\/x.com\\\/eldiario_net\"]},{\"@type\":\"Person\",\"@id\":\"https:\\\/\\\/www.eldiario.net\\\/portal\\\/#\\\/schema\\\/person\\\/f46445640444750d7d753ccd04ae01b7\",\"name\":\"Jeanette\",\"image\":{\"@type\":\"ImageObject\",\"inLanguage\":\"es\",\"@id\":\"https:\\\/\\\/secure.gravatar.com\\\/avatar\\\/3ea2118a5f7dad2b7138b1187a6b7ee55f160b9968b66013c3a3ef39dd7e5798?s=96&d=mm&r=g\",\"url\":\"https:\\\/\\\/secure.gravatar.com\\\/avatar\\\/3ea2118a5f7dad2b7138b1187a6b7ee55f160b9968b66013c3a3ef39dd7e5798?s=96&d=mm&r=g\",\"contentUrl\":\"https:\\\/\\\/secure.gravatar.com\\\/avatar\\\/3ea2118a5f7dad2b7138b1187a6b7ee55f160b9968b66013c3a3ef39dd7e5798?s=96&d=mm&r=g\",\"caption\":\"Jeanette\"},\"sameAs\":[\"https:\\\/\\\/www.eldiario.net\\\/portal\"],\"url\":\"https:\\\/\\\/www.eldiario.net\\\/portal\\\/author\\\/jeanette\\\/\"}]}<\/script>\n<!-- \/ Yoast SEO plugin. -->","yoast_head_json":{"title":"Nevadas afectan a m\u00e1s de 26.000 familias en tres departamentos - El Diario - Bolivia","robots":{"index":"index","follow":"follow","max-snippet":"max-snippet:-1","max-image-preview":"max-image-preview:large","max-video-preview":"max-video-preview:-1"},"canonical":"https:\/\/www.eldiario.net\/portal\/2026\/08\/20\/nevadas-afectan-a-mas-de-26-000-familias-en-tres-departamentos\/","og_locale":"es_ES","og_type":"article","og_title":"Nevadas afectan a m\u00e1s de 26.000 familias en tres departamentos - El Diario - Bolivia","og_description":"M\u00e1s de 26.000 familias resultaron afectadas por las nevadas registradas en Potos\u00ed, Oruro y La Paz, mientras Defensa Civil se mantiene en constante evaluaci\u00f3n de da\u00f1os y coordina la entrega de asistencia humanitaria en las zonas golpeadas por las bajas temperaturas. El viceministro de Defensa Civil, Roberto Rivero, inform\u00f3 que el reporte registra 26.202 familias [&hellip;]","og_url":"https:\/\/www.eldiario.net\/portal\/2026\/08\/20\/nevadas-afectan-a-mas-de-26-000-familias-en-tres-departamentos\/","og_site_name":"El Diario - Bolivia","article_publisher":"https:\/\/www.facebook.com\/eldiario.bolivia\/","article_published_time":"2026-08-20T10:41:14+00:00","og_image":[{"width":720,"height":400,"url":"https:\/\/www.eldiario.net\/portal\/wp-content\/uploads\/2026\/08\/DAS-FOTO.webp","type":"image\/webp"}],"author":"Jeanette","twitter_card":"summary_large_image","twitter_creator":"@eldiario_net","twitter_site":"@eldiario_net","twitter_misc":{"Escrito por":"Jeanette","Tiempo de lectura":"4 minutos"},"schema":{"@context":"https:\/\/schema.org","@graph":[{"@type":"Article","@id":"https:\/\/www.eldiario.net\/portal\/2026\/08\/20\/nevadas-afectan-a-mas-de-26-000-familias-en-tres-departamentos\/#article","isPartOf":{"@id":"https:\/\/www.eldiario.net\/portal\/2026\/08\/20\/nevadas-afectan-a-mas-de-26-000-familias-en-tres-departamentos\/"},"author":{"name":"Jeanette","@id":"https:\/\/www.eldiario.net\/portal\/#\/schema\/person\/f46445640444750d7d753ccd04ae01b7"},"headline":"Nevadas afectan a m\u00e1s de 26.000 familias en tres departamentos","datePublished":"2026-08-20T10:41:14+00:00","mainEntityOfPage":{"@id":"https:\/\/www.eldiario.net\/portal\/2026\/08\/20\/nevadas-afectan-a-mas-de-26-000-familias-en-tres-departamentos\/"},"wordCount":768,"publisher":{"@id":"https:\/\/www.eldiario.net\/portal\/#organization"},"image":{"@id":"https:\/\/www.eldiario.net\/portal\/2026\/08\/20\/nevadas-afectan-a-mas-de-26-000-familias-en-tres-departamentos\/#primaryimage"},"thumbnailUrl":"https:\/\/www.eldiario.net\/portal\/wp-content\/uploads\/2026\/08\/DAS-FOTO.webp","articleSection":["Portada"],"inLanguage":"es"},{"@type":"WebPage","@id":"https:\/\/www.eldiario.net\/portal\/2026\/08\/20\/nevadas-afectan-a-mas-de-26-000-familias-en-tres-departamentos\/","url":"https:\/\/www.eldiario.net\/portal\/2026\/08\/20\/nevadas-afectan-a-mas-de-26-000-familias-en-tres-departamentos\/","name":"Nevadas afectan a m\u00e1s de 26.000 familias en tres departamentos - El Diario - Bolivia","isPartOf":{"@id":"https:\/\/www.eldiario.net\/portal\/#website"},"primaryImageOfPage":{"@id":"https:\/\/www.eldiario.net\/portal\/2026\/08\/20\/nevadas-afectan-a-mas-de-26-000-familias-en-tres-departamentos\/#primaryimage"},"image":{"@id":"https:\/\/www.eldiario.net\/portal\/2026\/08\/20\/nevadas-afectan-a-mas-de-26-000-familias-en-tres-departamentos\/#primaryimage"},"thumbnailUrl":"https:\/\/www.eldiario.net\/portal\/wp-content\/uploads\/2026\/08\/DAS-FOTO.webp","datePublished":"2026-08-20T10:41:14+00:00","breadcrumb":{"@id":"https:\/\/www.eldiario.net\/portal\/2026\/08\/20\/nevadas-afectan-a-mas-de-26-000-familias-en-tres-departamentos\/#breadcrumb"},"inLanguage":"es","potentialAction":[{"@type":"ReadAction","target":["https:\/\/www.eldiario.net\/portal\/2026\/08\/20\/nevadas-afectan-a-mas-de-26-000-familias-en-tres-departamentos\/"]}]},{"@type":"ImageObject","inLanguage":"es","@id":"https:\/\/www.eldiario.net\/portal\/2026\/08\/20\/nevadas-afectan-a-mas-de-26-000-familias-en-tres-departamentos\/#primaryimage","url":"https:\/\/www.eldiario.net\/portal\/wp-content\/uploads\/2026\/08\/DAS-FOTO.webp","contentUrl":"https:\/\/www.eldiario.net\/portal\/wp-content\/uploads\/2026\/08\/DAS-FOTO.webp","width":720,"height":400,"caption":"Nevadas en Potos\u00ed. Foto: Ministerio de Defensa"},{"@type":"BreadcrumbList","@id":"https:\/\/www.eldiario.net\/portal\/2026\/08\/20\/nevadas-afectan-a-mas-de-26-000-familias-en-tres-departamentos\/#breadcrumb","itemListElement":[{"@type":"ListItem","position":1,"name":"Portada","item":"https:\/\/www.eldiario.net\/portal\/"},{"@type":"ListItem","position":2,"name":"Nevadas afectan a m\u00e1s de 26.000 familias en tres departamentos"}]},{"@type":"WebSite","@id":"https:\/\/www.eldiario.net\/portal\/#website","url":"https:\/\/www.eldiario.net\/portal\/","name":"El Diario - Decano de la prensa nacional","description":"El Diario - Decano de la prensa nacional","publisher":{"@id":"https:\/\/www.eldiario.net\/portal\/#organization"},"potentialAction":[{"@type":"SearchAction","target":{"@type":"EntryPoint","urlTemplate":"https:\/\/www.eldiario.net\/portal\/?s={search_term_string}"},"query-input":{"@type":"PropertyValueSpecification","valueRequired":true,"valueName":"search_term_string"}}],"inLanguage":"es"},{"@type":"Organization","@id":"https:\/\/www.eldiario.net\/portal\/#organization","name":"El Diario - Decano de la prensa nacional","url":"https:\/\/www.eldiario.net\/portal\/","logo":{"@type":"ImageObject","inLanguage":"es","@id":"https:\/\/www.eldiario.net\/portal\/#\/schema\/logo\/image\/","url":"https:\/\/www.eldiario.net\/portal\/wp-content\/uploads\/2023\/07\/logo_ED.jpg","contentUrl":"https:\/\/www.eldiario.net\/portal\/wp-content\/uploads\/2023\/07\/logo_ED.jpg","width":272,"height":52,"caption":"El Diario - Decano de la prensa nacional"},"image":{"@id":"https:\/\/www.eldiario.net\/portal\/#\/schema\/logo\/image\/"},"sameAs":["https:\/\/www.facebook.com\/eldiario.bolivia\/","https:\/\/x.com\/eldiario_net"]},{"@type":"Person","@id":"https:\/\/www.eldiario.net\/portal\/#\/schema\/person\/f46445640444750d7d753ccd04ae01b7","name":"Jeanette","image":{"@type":"ImageObject","inLanguage":"es","@id":"https:\/\/secure.gravatar.com\/avatar\/3ea2118a5f7dad2b7138b1187a6b7ee55f160b9968b66013c3a3ef39dd7e5798?s=96&d=mm&r=g","url":"https:\/\/secure.gravatar.com\/avatar\/3ea2118a5f7dad2b7138b1187a6b7ee55f160b9968b66013c3a3ef39dd7e5798?s=96&d=mm&r=g","contentUrl":"https:\/\/secure.gravatar.com\/avatar\/3ea2118a5f7dad2b7138b1187a6b7ee55f160b9968b66013c3a3ef39dd7e5798?s=96&d=mm&r=g","caption":"Jeanette"},"sameAs":["https:\/\/www.eldiario.net\/portal"],"url":"https:\/\/www.eldiario.net\/portal\/author\/jeanette\/"}]}},"_links":{"self":[{"href":"https:\/\/www.eldiario.net\/portal\/wp-json\/wp\/v2\/posts\/423127","targetHints":{"allow":["GET"]}}],"collection":[{"href":"https:\/\/www.eldiario.net\/portal\/wp-json\/wp\/v2\/posts"}],"about":[{"href":"https:\/\/www.eldiario.net\/portal\/wp-json\/wp\/v2\/types\/post"}],"author":[{"embeddable":true,"href":"https:\/\/www.eldiario.net\/portal\/wp-json\/wp\/v2\/users\/1"}],"replies":[{"embeddable":true,"href":"https:\/\/www.eldiario.net\/portal\/wp-json\/wp\/v2\/comments?post=423127"}],"version-history":[{"count":1,"href":"https:\/\/www.eldiario.net\/portal\/wp-json\/wp\/v2\/posts\/423127\/revisions"}],"predecessor-version":[{"id":423129,"href":"https:\/\/www.eldiario.net\/portal\/wp-json\/wp\/v2\/posts\/423127\/revisions\/423129"}],"wp:featuredmedia":[{"embeddable":true,"href":"https:\/\/www.eldiario.net\/portal\/wp-json\/wp\/v2\/media\/423128"}],"wp:attachment":[{"href":"https:\/\/www.eldiario.net\/portal\/wp-json\/wp\/v2\/media?parent=423127"}],"wp:term":[{"taxonomy":"category","embeddable":true,"href":"https:\/\/www.eldiario.net\/portal\/wp-json\/wp\/v2\/categories?post=423127"},{"taxonomy":"post_tag","embeddable":true,"href":"https:\/\/www.eldiario.net\/portal\/wp-json\/wp\/v2\/tags?post=423127"}],"curies":[{"name":"wp","href":"https:\/\/api.w.org\/{rel}","templated":true}]}}