{"id":423124,"date":"2026-08-20T06:40:37","date_gmt":"2026-08-20T10:40:37","guid":{"rendered":"https:\/\/www.eldiario.net\/portal\/?p=423124"},"modified":"2026-08-20T06:40:37","modified_gmt":"2026-08-20T10:40:37","slug":"piden-esclarecer-denuncias-e-intereses-en-el-caso-beller-2","status":"publish","type":"post","link":"https:\/\/www.eldiario.net\/portal\/2026\/08\/20\/piden-esclarecer-denuncias-e-intereses-en-el-caso-beller-2\/","title":{"rendered":"Piden esclarecer denuncias  e intereses en el caso Beller"},"content":{"rendered":"<p>Puntualizando que la abogada Nadia Beller es una operadora pol\u00edtica anteriormente funcional al \u201cmasismo\u201d y posteriormente al \u201ccamachismo\u201d, la senadora por Autonom\u00eda Para Bolivia (APB-S\u00famate), Claudia Mall\u00f3n, afirm\u00f3 que es importante el avance de las investigaciones para comprobar o desechar las denuncias de actos de corrupci\u00f3n y los posibles intereses pol\u00edticos detr\u00e1s de un supuesto atentado.<\/p>\n<p>Seg\u00fan la asamble\u00edsta representante del departamento de Cochabamba, se debe tratar el caso del atentado contra la se\u00f1ora Beller con suma responsabilidad, hasta lograr establecer si se trata de un verdadero caso de sicariato o un montaje destinado a desestabilizar a la actual administraci\u00f3n de Gobierno.<\/p>\n<p>\u201cEl pa\u00eds necesita tener respuestas y que se esclarezcan estas denuncias que provienen de una relaci\u00f3n amorosa entre quien dec\u00eda ser asesor personal del presidente y una operadora pol\u00edtica porque la se\u00f1ora Beller nunca ha sido activista. Fue funcional al Movimiento al Socialismo y luego se acerc\u00f3 al \u2018camachismo\u2019 y ahora vemos que es una mujer enferma de poder, lo que la llevo a acercarse a Rodrigo Paz\u201d, sostuvo Mall\u00f3n, destacando que autoridades judiciales hayan pedido no declarar el caso en reserva.<\/p>\n<p>Adem\u00e1s, apuntando que m\u00e1s all\u00e1 de los detalles alrededor del hecho es importante investigar todas las denuncias hechas por la afectada, la senadora sugiri\u00f3 abordar el caso desde distintos panoramas, esto para establecer la verdad hist\u00f3rica y tambi\u00e9n para descubrir posibles intereses pol\u00edticos.<\/p>\n<p>\u201cLo que corresponde ahora es esclarecer las supuestas denuncias de Beller, porque tambi\u00e9n nosotros nos preguntamos por qu\u00e9 no hay una sola gota de sangre (en la escena del crimen), la se\u00f1ora esta como si nada cuando otras personas con un resfri\u00f3 nos quedamos en cama mientras esta se\u00f1ora se ve m\u00e1s fuerte que Superman. Hay que ver por todo lado para ver si detr\u00e1s de este supuesto atentado existen intereses\u201d, dijo.<\/p>\n","protected":false},"excerpt":{"rendered":"<p>Puntualizando que la abogada Nadia Beller es una operadora pol\u00edtica anteriormente funcional al \u201cmasismo\u201d y posteriormente al \u201ccamachismo\u201d, la senadora por Autonom\u00eda Para Bolivia (APB-S\u00famate), Claudia Mall\u00f3n, afirm\u00f3 que es importante el avance de las investigaciones para comprobar o desechar las denuncias de actos de corrupci\u00f3n y los posibles intereses pol\u00edticos detr\u00e1s de un supuesto [&hellip;]<\/p>\n","protected":false},"author":1,"featured_media":423125,"comment_status":"closed","ping_status":"open","sticky":false,"template":"","format":"standard","meta":{"_acf_changed":false,"footnotes":""},"categories":[15],"tags":[],"class_list":["post-423124","post","type-post","status-publish","format-standard","has-post-thumbnail","category-portada"],"acf":{"antetitulo":""},"yoast_head":"<!-- This site is optimized with the Yoast SEO plugin v28.3 - https:\/\/yoast.com\/product\/yoast-seo-wordpress\/ -->\n<title>Piden esclarecer denuncias e intereses en el caso Beller - El Diario - Bolivia<\/title>\n<meta name=\"robots\" content=\"index, follow, max-snippet:-1, max-image-preview:large, max-video-preview:-1\" \/>\n<link rel=\"canonical\" href=\"https:\/\/www.eldiario.net\/portal\/2026\/08\/20\/piden-esclarecer-denuncias-e-intereses-en-el-caso-beller-2\/\" \/>\n<meta property=\"og:locale\" content=\"es_ES\" \/>\n<meta property=\"og:type\" content=\"article\" \/>\n<meta property=\"og:title\" content=\"Piden esclarecer denuncias e intereses en el caso Beller - El Diario - Bolivia\" \/>\n<meta property=\"og:description\" content=\"Puntualizando que la abogada Nadia Beller es una operadora pol\u00edtica anteriormente funcional al \u201cmasismo\u201d y posteriormente al \u201ccamachismo\u201d, la senadora por Autonom\u00eda Para Bolivia (APB-S\u00famate), Claudia Mall\u00f3n, afirm\u00f3 que es importante el avance de las investigaciones para comprobar o desechar las denuncias de actos de corrupci\u00f3n y los posibles intereses pol\u00edticos detr\u00e1s de un supuesto [&hellip;]\" \/>\n<meta property=\"og:url\" content=\"https:\/\/www.eldiario.net\/portal\/2026\/08\/20\/piden-esclarecer-denuncias-e-intereses-en-el-caso-beller-2\/\" \/>\n<meta property=\"og:site_name\" content=\"El Diario - Bolivia\" \/>\n<meta property=\"article:publisher\" content=\"https:\/\/www.facebook.com\/eldiario.bolivia\/\" \/>\n<meta property=\"article:published_time\" content=\"2026-08-20T10:40:37+00:00\" \/>\n<meta property=\"og:image\" content=\"https:\/\/www.eldiario.net\/portal\/wp-content\/uploads\/2026\/08\/INTERESES-FOTO.webp\" \/>\n\t<meta property=\"og:image:width\" content=\"473\" \/>\n\t<meta property=\"og:image:height\" content=\"351\" \/>\n\t<meta property=\"og:image:type\" content=\"image\/webp\" \/>\n<meta name=\"author\" content=\"Jeanette\" \/>\n<meta name=\"twitter:card\" content=\"summary_large_image\" \/>\n<meta name=\"twitter:creator\" content=\"@eldiario_net\" \/>\n<meta name=\"twitter:site\" content=\"@eldiario_net\" \/>\n<meta name=\"twitter:label1\" content=\"Escrito por\" \/>\n\t<meta name=\"twitter:data1\" content=\"Jeanette\" \/>\n\t<meta name=\"twitter:label2\" content=\"Tiempo de lectura\" \/>\n\t<meta name=\"twitter:data2\" content=\"2 minutos\" \/>\n<script type=\"application\/ld+json\" class=\"yoast-schema-graph\">{\"@context\":\"https:\\\/\\\/schema.org\",\"@graph\":[{\"@type\":\"Article\",\"@id\":\"https:\\\/\\\/www.eldiario.net\\\/portal\\\/2026\\\/08\\\/20\\\/piden-esclarecer-denuncias-e-intereses-en-el-caso-beller-2\\\/#article\",\"isPartOf\":{\"@id\":\"https:\\\/\\\/www.eldiario.net\\\/portal\\\/2026\\\/08\\\/20\\\/piden-esclarecer-denuncias-e-intereses-en-el-caso-beller-2\\\/\"},\"author\":{\"name\":\"Jeanette\",\"@id\":\"https:\\\/\\\/www.eldiario.net\\\/portal\\\/#\\\/schema\\\/person\\\/f46445640444750d7d753ccd04ae01b7\"},\"headline\":\"Piden esclarecer denuncias e intereses en el caso Beller\",\"datePublished\":\"2026-08-20T10:40:37+00:00\",\"mainEntityOfPage\":{\"@id\":\"https:\\\/\\\/www.eldiario.net\\\/portal\\\/2026\\\/08\\\/20\\\/piden-esclarecer-denuncias-e-intereses-en-el-caso-beller-2\\\/\"},\"wordCount\":335,\"publisher\":{\"@id\":\"https:\\\/\\\/www.eldiario.net\\\/portal\\\/#organization\"},\"image\":{\"@id\":\"https:\\\/\\\/www.eldiario.net\\\/portal\\\/2026\\\/08\\\/20\\\/piden-esclarecer-denuncias-e-intereses-en-el-caso-beller-2\\\/#primaryimage\"},\"thumbnailUrl\":\"https:\\\/\\\/www.eldiario.net\\\/portal\\\/wp-content\\\/uploads\\\/2026\\\/08\\\/INTERESES-FOTO.webp\",\"articleSection\":[\"Portada\"],\"inLanguage\":\"es\"},{\"@type\":\"WebPage\",\"@id\":\"https:\\\/\\\/www.eldiario.net\\\/portal\\\/2026\\\/08\\\/20\\\/piden-esclarecer-denuncias-e-intereses-en-el-caso-beller-2\\\/\",\"url\":\"https:\\\/\\\/www.eldiario.net\\\/portal\\\/2026\\\/08\\\/20\\\/piden-esclarecer-denuncias-e-intereses-en-el-caso-beller-2\\\/\",\"name\":\"Piden esclarecer denuncias e intereses en el caso Beller - El Diario - Bolivia\",\"isPartOf\":{\"@id\":\"https:\\\/\\\/www.eldiario.net\\\/portal\\\/#website\"},\"primaryImageOfPage\":{\"@id\":\"https:\\\/\\\/www.eldiario.net\\\/portal\\\/2026\\\/08\\\/20\\\/piden-esclarecer-denuncias-e-intereses-en-el-caso-beller-2\\\/#primaryimage\"},\"image\":{\"@id\":\"https:\\\/\\\/www.eldiario.net\\\/portal\\\/2026\\\/08\\\/20\\\/piden-esclarecer-denuncias-e-intereses-en-el-caso-beller-2\\\/#primaryimage\"},\"thumbnailUrl\":\"https:\\\/\\\/www.eldiario.net\\\/portal\\\/wp-content\\\/uploads\\\/2026\\\/08\\\/INTERESES-FOTO.webp\",\"datePublished\":\"2026-08-20T10:40:37+00:00\",\"breadcrumb\":{\"@id\":\"https:\\\/\\\/www.eldiario.net\\\/portal\\\/2026\\\/08\\\/20\\\/piden-esclarecer-denuncias-e-intereses-en-el-caso-beller-2\\\/#breadcrumb\"},\"inLanguage\":\"es\",\"potentialAction\":[{\"@type\":\"ReadAction\",\"target\":[\"https:\\\/\\\/www.eldiario.net\\\/portal\\\/2026\\\/08\\\/20\\\/piden-esclarecer-denuncias-e-intereses-en-el-caso-beller-2\\\/\"]}]},{\"@type\":\"ImageObject\",\"inLanguage\":\"es\",\"@id\":\"https:\\\/\\\/www.eldiario.net\\\/portal\\\/2026\\\/08\\\/20\\\/piden-esclarecer-denuncias-e-intereses-en-el-caso-beller-2\\\/#primaryimage\",\"url\":\"https:\\\/\\\/www.eldiario.net\\\/portal\\\/wp-content\\\/uploads\\\/2026\\\/08\\\/INTERESES-FOTO.webp\",\"contentUrl\":\"https:\\\/\\\/www.eldiario.net\\\/portal\\\/wp-content\\\/uploads\\\/2026\\\/08\\\/INTERESES-FOTO.webp\",\"width\":473,\"height\":351,\"caption\":\"La senadora Claudia Mall\u00f3n (APB- S\u00famate) Foto: RRSS\"},{\"@type\":\"BreadcrumbList\",\"@id\":\"https:\\\/\\\/www.eldiario.net\\\/portal\\\/2026\\\/08\\\/20\\\/piden-esclarecer-denuncias-e-intereses-en-el-caso-beller-2\\\/#breadcrumb\",\"itemListElement\":[{\"@type\":\"ListItem\",\"position\":1,\"name\":\"Portada\",\"item\":\"https:\\\/\\\/www.eldiario.net\\\/portal\\\/\"},{\"@type\":\"ListItem\",\"position\":2,\"name\":\"Piden esclarecer denuncias e intereses en el caso Beller\"}]},{\"@type\":\"WebSite\",\"@id\":\"https:\\\/\\\/www.eldiario.net\\\/portal\\\/#website\",\"url\":\"https:\\\/\\\/www.eldiario.net\\\/portal\\\/\",\"name\":\"El Diario - Decano de la prensa nacional\",\"description\":\"El Diario - Decano de la prensa nacional\",\"publisher\":{\"@id\":\"https:\\\/\\\/www.eldiario.net\\\/portal\\\/#organization\"},\"potentialAction\":[{\"@type\":\"SearchAction\",\"target\":{\"@type\":\"EntryPoint\",\"urlTemplate\":\"https:\\\/\\\/www.eldiario.net\\\/portal\\\/?s={search_term_string}\"},\"query-input\":{\"@type\":\"PropertyValueSpecification\",\"valueRequired\":true,\"valueName\":\"search_term_string\"}}],\"inLanguage\":\"es\"},{\"@type\":\"Organization\",\"@id\":\"https:\\\/\\\/www.eldiario.net\\\/portal\\\/#organization\",\"name\":\"El Diario - Decano de la prensa nacional\",\"url\":\"https:\\\/\\\/www.eldiario.net\\\/portal\\\/\",\"logo\":{\"@type\":\"ImageObject\",\"inLanguage\":\"es\",\"@id\":\"https:\\\/\\\/www.eldiario.net\\\/portal\\\/#\\\/schema\\\/logo\\\/image\\\/\",\"url\":\"https:\\\/\\\/www.eldiario.net\\\/portal\\\/wp-content\\\/uploads\\\/2023\\\/07\\\/logo_ED.jpg\",\"contentUrl\":\"https:\\\/\\\/www.eldiario.net\\\/portal\\\/wp-content\\\/uploads\\\/2023\\\/07\\\/logo_ED.jpg\",\"width\":272,\"height\":52,\"caption\":\"El Diario - Decano de la prensa nacional\"},\"image\":{\"@id\":\"https:\\\/\\\/www.eldiario.net\\\/portal\\\/#\\\/schema\\\/logo\\\/image\\\/\"},\"sameAs\":[\"https:\\\/\\\/www.facebook.com\\\/eldiario.bolivia\\\/\",\"https:\\\/\\\/x.com\\\/eldiario_net\"]},{\"@type\":\"Person\",\"@id\":\"https:\\\/\\\/www.eldiario.net\\\/portal\\\/#\\\/schema\\\/person\\\/f46445640444750d7d753ccd04ae01b7\",\"name\":\"Jeanette\",\"image\":{\"@type\":\"ImageObject\",\"inLanguage\":\"es\",\"@id\":\"https:\\\/\\\/secure.gravatar.com\\\/avatar\\\/3ea2118a5f7dad2b7138b1187a6b7ee55f160b9968b66013c3a3ef39dd7e5798?s=96&d=mm&r=g\",\"url\":\"https:\\\/\\\/secure.gravatar.com\\\/avatar\\\/3ea2118a5f7dad2b7138b1187a6b7ee55f160b9968b66013c3a3ef39dd7e5798?s=96&d=mm&r=g\",\"contentUrl\":\"https:\\\/\\\/secure.gravatar.com\\\/avatar\\\/3ea2118a5f7dad2b7138b1187a6b7ee55f160b9968b66013c3a3ef39dd7e5798?s=96&d=mm&r=g\",\"caption\":\"Jeanette\"},\"sameAs\":[\"https:\\\/\\\/www.eldiario.net\\\/portal\"],\"url\":\"https:\\\/\\\/www.eldiario.net\\\/portal\\\/author\\\/jeanette\\\/\"}]}<\/script>\n<!-- \/ Yoast SEO plugin. -->","yoast_head_json":{"title":"Piden esclarecer denuncias e intereses en el caso Beller - El Diario - Bolivia","robots":{"index":"index","follow":"follow","max-snippet":"max-snippet:-1","max-image-preview":"max-image-preview:large","max-video-preview":"max-video-preview:-1"},"canonical":"https:\/\/www.eldiario.net\/portal\/2026\/08\/20\/piden-esclarecer-denuncias-e-intereses-en-el-caso-beller-2\/","og_locale":"es_ES","og_type":"article","og_title":"Piden esclarecer denuncias e intereses en el caso Beller - El Diario - Bolivia","og_description":"Puntualizando que la abogada Nadia Beller es una operadora pol\u00edtica anteriormente funcional al \u201cmasismo\u201d y posteriormente al \u201ccamachismo\u201d, la senadora por Autonom\u00eda Para Bolivia (APB-S\u00famate), Claudia Mall\u00f3n, afirm\u00f3 que es importante el avance de las investigaciones para comprobar o desechar las denuncias de actos de corrupci\u00f3n y los posibles intereses pol\u00edticos detr\u00e1s de un supuesto [&hellip;]","og_url":"https:\/\/www.eldiario.net\/portal\/2026\/08\/20\/piden-esclarecer-denuncias-e-intereses-en-el-caso-beller-2\/","og_site_name":"El Diario - Bolivia","article_publisher":"https:\/\/www.facebook.com\/eldiario.bolivia\/","article_published_time":"2026-08-20T10:40:37+00:00","og_image":[{"width":473,"height":351,"url":"https:\/\/www.eldiario.net\/portal\/wp-content\/uploads\/2026\/08\/INTERESES-FOTO.webp","type":"image\/webp"}],"author":"Jeanette","twitter_card":"summary_large_image","twitter_creator":"@eldiario_net","twitter_site":"@eldiario_net","twitter_misc":{"Escrito por":"Jeanette","Tiempo de lectura":"2 minutos"},"schema":{"@context":"https:\/\/schema.org","@graph":[{"@type":"Article","@id":"https:\/\/www.eldiario.net\/portal\/2026\/08\/20\/piden-esclarecer-denuncias-e-intereses-en-el-caso-beller-2\/#article","isPartOf":{"@id":"https:\/\/www.eldiario.net\/portal\/2026\/08\/20\/piden-esclarecer-denuncias-e-intereses-en-el-caso-beller-2\/"},"author":{"name":"Jeanette","@id":"https:\/\/www.eldiario.net\/portal\/#\/schema\/person\/f46445640444750d7d753ccd04ae01b7"},"headline":"Piden esclarecer denuncias e intereses en el caso Beller","datePublished":"2026-08-20T10:40:37+00:00","mainEntityOfPage":{"@id":"https:\/\/www.eldiario.net\/portal\/2026\/08\/20\/piden-esclarecer-denuncias-e-intereses-en-el-caso-beller-2\/"},"wordCount":335,"publisher":{"@id":"https:\/\/www.eldiario.net\/portal\/#organization"},"image":{"@id":"https:\/\/www.eldiario.net\/portal\/2026\/08\/20\/piden-esclarecer-denuncias-e-intereses-en-el-caso-beller-2\/#primaryimage"},"thumbnailUrl":"https:\/\/www.eldiario.net\/portal\/wp-content\/uploads\/2026\/08\/INTERESES-FOTO.webp","articleSection":["Portada"],"inLanguage":"es"},{"@type":"WebPage","@id":"https:\/\/www.eldiario.net\/portal\/2026\/08\/20\/piden-esclarecer-denuncias-e-intereses-en-el-caso-beller-2\/","url":"https:\/\/www.eldiario.net\/portal\/2026\/08\/20\/piden-esclarecer-denuncias-e-intereses-en-el-caso-beller-2\/","name":"Piden esclarecer denuncias e intereses en el caso Beller - El Diario - Bolivia","isPartOf":{"@id":"https:\/\/www.eldiario.net\/portal\/#website"},"primaryImageOfPage":{"@id":"https:\/\/www.eldiario.net\/portal\/2026\/08\/20\/piden-esclarecer-denuncias-e-intereses-en-el-caso-beller-2\/#primaryimage"},"image":{"@id":"https:\/\/www.eldiario.net\/portal\/2026\/08\/20\/piden-esclarecer-denuncias-e-intereses-en-el-caso-beller-2\/#primaryimage"},"thumbnailUrl":"https:\/\/www.eldiario.net\/portal\/wp-content\/uploads\/2026\/08\/INTERESES-FOTO.webp","datePublished":"2026-08-20T10:40:37+00:00","breadcrumb":{"@id":"https:\/\/www.eldiario.net\/portal\/2026\/08\/20\/piden-esclarecer-denuncias-e-intereses-en-el-caso-beller-2\/#breadcrumb"},"inLanguage":"es","potentialAction":[{"@type":"ReadAction","target":["https:\/\/www.eldiario.net\/portal\/2026\/08\/20\/piden-esclarecer-denuncias-e-intereses-en-el-caso-beller-2\/"]}]},{"@type":"ImageObject","inLanguage":"es","@id":"https:\/\/www.eldiario.net\/portal\/2026\/08\/20\/piden-esclarecer-denuncias-e-intereses-en-el-caso-beller-2\/#primaryimage","url":"https:\/\/www.eldiario.net\/portal\/wp-content\/uploads\/2026\/08\/INTERESES-FOTO.webp","contentUrl":"https:\/\/www.eldiario.net\/portal\/wp-content\/uploads\/2026\/08\/INTERESES-FOTO.webp","width":473,"height":351,"caption":"La senadora Claudia Mall\u00f3n (APB- S\u00famate) Foto: RRSS"},{"@type":"BreadcrumbList","@id":"https:\/\/www.eldiario.net\/portal\/2026\/08\/20\/piden-esclarecer-denuncias-e-intereses-en-el-caso-beller-2\/#breadcrumb","itemListElement":[{"@type":"ListItem","position":1,"name":"Portada","item":"https:\/\/www.eldiario.net\/portal\/"},{"@type":"ListItem","position":2,"name":"Piden esclarecer denuncias e intereses en el caso Beller"}]},{"@type":"WebSite","@id":"https:\/\/www.eldiario.net\/portal\/#website","url":"https:\/\/www.eldiario.net\/portal\/","name":"El Diario - Decano de la prensa nacional","description":"El Diario - Decano de la prensa nacional","publisher":{"@id":"https:\/\/www.eldiario.net\/portal\/#organization"},"potentialAction":[{"@type":"SearchAction","target":{"@type":"EntryPoint","urlTemplate":"https:\/\/www.eldiario.net\/portal\/?s={search_term_string}"},"query-input":{"@type":"PropertyValueSpecification","valueRequired":true,"valueName":"search_term_string"}}],"inLanguage":"es"},{"@type":"Organization","@id":"https:\/\/www.eldiario.net\/portal\/#organization","name":"El Diario - Decano de la prensa nacional","url":"https:\/\/www.eldiario.net\/portal\/","logo":{"@type":"ImageObject","inLanguage":"es","@id":"https:\/\/www.eldiario.net\/portal\/#\/schema\/logo\/image\/","url":"https:\/\/www.eldiario.net\/portal\/wp-content\/uploads\/2023\/07\/logo_ED.jpg","contentUrl":"https:\/\/www.eldiario.net\/portal\/wp-content\/uploads\/2023\/07\/logo_ED.jpg","width":272,"height":52,"caption":"El Diario - Decano de la prensa nacional"},"image":{"@id":"https:\/\/www.eldiario.net\/portal\/#\/schema\/logo\/image\/"},"sameAs":["https:\/\/www.facebook.com\/eldiario.bolivia\/","https:\/\/x.com\/eldiario_net"]},{"@type":"Person","@id":"https:\/\/www.eldiario.net\/portal\/#\/schema\/person\/f46445640444750d7d753ccd04ae01b7","name":"Jeanette","image":{"@type":"ImageObject","inLanguage":"es","@id":"https:\/\/secure.gravatar.com\/avatar\/3ea2118a5f7dad2b7138b1187a6b7ee55f160b9968b66013c3a3ef39dd7e5798?s=96&d=mm&r=g","url":"https:\/\/secure.gravatar.com\/avatar\/3ea2118a5f7dad2b7138b1187a6b7ee55f160b9968b66013c3a3ef39dd7e5798?s=96&d=mm&r=g","contentUrl":"https:\/\/secure.gravatar.com\/avatar\/3ea2118a5f7dad2b7138b1187a6b7ee55f160b9968b66013c3a3ef39dd7e5798?s=96&d=mm&r=g","caption":"Jeanette"},"sameAs":["https:\/\/www.eldiario.net\/portal"],"url":"https:\/\/www.eldiario.net\/portal\/author\/jeanette\/"}]}},"_links":{"self":[{"href":"https:\/\/www.eldiario.net\/portal\/wp-json\/wp\/v2\/posts\/423124","targetHints":{"allow":["GET"]}}],"collection":[{"href":"https:\/\/www.eldiario.net\/portal\/wp-json\/wp\/v2\/posts"}],"about":[{"href":"https:\/\/www.eldiario.net\/portal\/wp-json\/wp\/v2\/types\/post"}],"author":[{"embeddable":true,"href":"https:\/\/www.eldiario.net\/portal\/wp-json\/wp\/v2\/users\/1"}],"replies":[{"embeddable":true,"href":"https:\/\/www.eldiario.net\/portal\/wp-json\/wp\/v2\/comments?post=423124"}],"version-history":[{"count":1,"href":"https:\/\/www.eldiario.net\/portal\/wp-json\/wp\/v2\/posts\/423124\/revisions"}],"predecessor-version":[{"id":423126,"href":"https:\/\/www.eldiario.net\/portal\/wp-json\/wp\/v2\/posts\/423124\/revisions\/423126"}],"wp:featuredmedia":[{"embeddable":true,"href":"https:\/\/www.eldiario.net\/portal\/wp-json\/wp\/v2\/media\/423125"}],"wp:attachment":[{"href":"https:\/\/www.eldiario.net\/portal\/wp-json\/wp\/v2\/media?parent=423124"}],"wp:term":[{"taxonomy":"category","embeddable":true,"href":"https:\/\/www.eldiario.net\/portal\/wp-json\/wp\/v2\/categories?post=423124"},{"taxonomy":"post_tag","embeddable":true,"href":"https:\/\/www.eldiario.net\/portal\/wp-json\/wp\/v2\/tags?post=423124"}],"curies":[{"name":"wp","href":"https:\/\/api.w.org\/{rel}","templated":true}]}}