{"id":423118,"date":"2026-08-20T06:39:10","date_gmt":"2026-08-20T10:39:10","guid":{"rendered":"https:\/\/www.eldiario.net\/portal\/?p=423118"},"modified":"2026-08-20T06:39:10","modified_gmt":"2026-08-20T10:39:10","slug":"aprehenden-a-exviceministro-de-luis-arce-por-caso-emapa","status":"publish","type":"post","link":"https:\/\/www.eldiario.net\/portal\/2026\/08\/20\/aprehenden-a-exviceministro-de-luis-arce-por-caso-emapa\/","title":{"rendered":"Aprehenden a exviceministro de Luis Arce por caso Emapa"},"content":{"rendered":"<p>El exviceministro de Pol\u00edticas de Industrializaci\u00f3n, Luis Siles Castro, fue aprehendido en La Paz tras prestar su declaraci\u00f3n ante la Fiscal\u00eda por una investigaci\u00f3n relacionada con presuntas irregularidades en la Empresa de Apoyo a la Producci\u00f3n de Alimentos (Emapa). La exautoridad es investigada por los delitos de incumplimiento de deberes y conducta antiecon\u00f3mica.<\/p>\n<p>Siles, quien ejerci\u00f3 el cargo durante el gobierno de Luis Arce, fue trasladado a celdas policiales despu\u00e9s de brindar su declaraci\u00f3n y permanecer\u00e1 all\u00ed mientras el Ministerio P\u00fablico define las acciones que correspondan y se aguarda su audiencia de medidas cautelares.<\/p>\n<p>La orden de aprehensi\u00f3n establece que la investigaci\u00f3n est\u00e1 vinculada con posibles irregularidades cometidas en Emapa. Entre los procesos relacionados con esta empresa estatal se encuentran denuncias por presuntos sobreprecios y contratos irregulares.<\/p>\n<p>Por estos casos, los exministros de Desarrollo Productivo N\u00e9stor Huanca y Zen\u00f3n Mamani, adem\u00e1s del exgerente de Emapa Franklin Flores y otros exfuncionarios, cumplen detenci\u00f3n preventiva, seg\u00fan los antecedentes de la investigaci\u00f3n.<\/p>\n<p>Siles no realiz\u00f3 declaraciones a los medios cuando era trasladado a dependencias policiales. La Fiscal\u00eda deber\u00e1 continuar con las pesquisas para determinar su grado de responsabilidad en los hechos investigados. (Con informaci\u00f3n de agencias)<\/p>\n","protected":false},"excerpt":{"rendered":"<p>El exviceministro de Pol\u00edticas de Industrializaci\u00f3n, Luis Siles Castro, fue aprehendido en La Paz tras prestar su declaraci\u00f3n ante la Fiscal\u00eda por una investigaci\u00f3n relacionada con presuntas irregularidades en la Empresa de Apoyo a la Producci\u00f3n de Alimentos (Emapa). La exautoridad es investigada por los delitos de incumplimiento de deberes y conducta antiecon\u00f3mica. Siles, quien [&hellip;]<\/p>\n","protected":false},"author":1,"featured_media":423119,"comment_status":"closed","ping_status":"open","sticky":false,"template":"","format":"standard","meta":{"_acf_changed":false,"footnotes":""},"categories":[15],"tags":[],"class_list":["post-423118","post","type-post","status-publish","format-standard","has-post-thumbnail","category-portada"],"acf":{"antetitulo":""},"yoast_head":"<!-- This site is optimized with the Yoast SEO plugin v28.3 - https:\/\/yoast.com\/product\/yoast-seo-wordpress\/ -->\n<title>Aprehenden a exviceministro de Luis Arce por caso Emapa - El Diario - Bolivia<\/title>\n<meta name=\"robots\" content=\"index, follow, max-snippet:-1, max-image-preview:large, max-video-preview:-1\" \/>\n<link rel=\"canonical\" href=\"https:\/\/www.eldiario.net\/portal\/2026\/08\/20\/aprehenden-a-exviceministro-de-luis-arce-por-caso-emapa\/\" \/>\n<meta property=\"og:locale\" content=\"es_ES\" \/>\n<meta property=\"og:type\" content=\"article\" \/>\n<meta property=\"og:title\" content=\"Aprehenden a exviceministro de Luis Arce por caso Emapa - El Diario - Bolivia\" \/>\n<meta property=\"og:description\" content=\"El exviceministro de Pol\u00edticas de Industrializaci\u00f3n, Luis Siles Castro, fue aprehendido en La Paz tras prestar su declaraci\u00f3n ante la Fiscal\u00eda por una investigaci\u00f3n relacionada con presuntas irregularidades en la Empresa de Apoyo a la Producci\u00f3n de Alimentos (Emapa). La exautoridad es investigada por los delitos de incumplimiento de deberes y conducta antiecon\u00f3mica. Siles, quien [&hellip;]\" \/>\n<meta property=\"og:url\" content=\"https:\/\/www.eldiario.net\/portal\/2026\/08\/20\/aprehenden-a-exviceministro-de-luis-arce-por-caso-emapa\/\" \/>\n<meta property=\"og:site_name\" content=\"El Diario - Bolivia\" \/>\n<meta property=\"article:publisher\" content=\"https:\/\/www.facebook.com\/eldiario.bolivia\/\" \/>\n<meta property=\"article:published_time\" content=\"2026-08-20T10:39:10+00:00\" \/>\n<meta property=\"og:image\" content=\"https:\/\/www.eldiario.net\/portal\/wp-content\/uploads\/2026\/08\/SILES-FOTO.webp\" \/>\n\t<meta property=\"og:image:width\" content=\"1600\" \/>\n\t<meta property=\"og:image:height\" content=\"1066\" \/>\n\t<meta property=\"og:image:type\" content=\"image\/webp\" \/>\n<meta name=\"author\" content=\"Jeanette\" \/>\n<meta name=\"twitter:card\" content=\"summary_large_image\" \/>\n<meta name=\"twitter:creator\" content=\"@eldiario_net\" \/>\n<meta name=\"twitter:site\" content=\"@eldiario_net\" \/>\n<meta name=\"twitter:label1\" content=\"Escrito por\" \/>\n\t<meta name=\"twitter:data1\" content=\"Jeanette\" \/>\n\t<meta name=\"twitter:label2\" content=\"Tiempo de lectura\" \/>\n\t<meta name=\"twitter:data2\" content=\"2 minutos\" \/>\n<script type=\"application\/ld+json\" class=\"yoast-schema-graph\">{\"@context\":\"https:\\\/\\\/schema.org\",\"@graph\":[{\"@type\":\"Article\",\"@id\":\"https:\\\/\\\/www.eldiario.net\\\/portal\\\/2026\\\/08\\\/20\\\/aprehenden-a-exviceministro-de-luis-arce-por-caso-emapa\\\/#article\",\"isPartOf\":{\"@id\":\"https:\\\/\\\/www.eldiario.net\\\/portal\\\/2026\\\/08\\\/20\\\/aprehenden-a-exviceministro-de-luis-arce-por-caso-emapa\\\/\"},\"author\":{\"name\":\"Jeanette\",\"@id\":\"https:\\\/\\\/www.eldiario.net\\\/portal\\\/#\\\/schema\\\/person\\\/f46445640444750d7d753ccd04ae01b7\"},\"headline\":\"Aprehenden a exviceministro de Luis Arce por caso Emapa\",\"datePublished\":\"2026-08-20T10:39:10+00:00\",\"mainEntityOfPage\":{\"@id\":\"https:\\\/\\\/www.eldiario.net\\\/portal\\\/2026\\\/08\\\/20\\\/aprehenden-a-exviceministro-de-luis-arce-por-caso-emapa\\\/\"},\"wordCount\":222,\"publisher\":{\"@id\":\"https:\\\/\\\/www.eldiario.net\\\/portal\\\/#organization\"},\"image\":{\"@id\":\"https:\\\/\\\/www.eldiario.net\\\/portal\\\/2026\\\/08\\\/20\\\/aprehenden-a-exviceministro-de-luis-arce-por-caso-emapa\\\/#primaryimage\"},\"thumbnailUrl\":\"https:\\\/\\\/www.eldiario.net\\\/portal\\\/wp-content\\\/uploads\\\/2026\\\/08\\\/SILES-FOTO.webp\",\"articleSection\":[\"Portada\"],\"inLanguage\":\"es\"},{\"@type\":\"WebPage\",\"@id\":\"https:\\\/\\\/www.eldiario.net\\\/portal\\\/2026\\\/08\\\/20\\\/aprehenden-a-exviceministro-de-luis-arce-por-caso-emapa\\\/\",\"url\":\"https:\\\/\\\/www.eldiario.net\\\/portal\\\/2026\\\/08\\\/20\\\/aprehenden-a-exviceministro-de-luis-arce-por-caso-emapa\\\/\",\"name\":\"Aprehenden a exviceministro de Luis Arce por caso Emapa - El Diario - Bolivia\",\"isPartOf\":{\"@id\":\"https:\\\/\\\/www.eldiario.net\\\/portal\\\/#website\"},\"primaryImageOfPage\":{\"@id\":\"https:\\\/\\\/www.eldiario.net\\\/portal\\\/2026\\\/08\\\/20\\\/aprehenden-a-exviceministro-de-luis-arce-por-caso-emapa\\\/#primaryimage\"},\"image\":{\"@id\":\"https:\\\/\\\/www.eldiario.net\\\/portal\\\/2026\\\/08\\\/20\\\/aprehenden-a-exviceministro-de-luis-arce-por-caso-emapa\\\/#primaryimage\"},\"thumbnailUrl\":\"https:\\\/\\\/www.eldiario.net\\\/portal\\\/wp-content\\\/uploads\\\/2026\\\/08\\\/SILES-FOTO.webp\",\"datePublished\":\"2026-08-20T10:39:10+00:00\",\"breadcrumb\":{\"@id\":\"https:\\\/\\\/www.eldiario.net\\\/portal\\\/2026\\\/08\\\/20\\\/aprehenden-a-exviceministro-de-luis-arce-por-caso-emapa\\\/#breadcrumb\"},\"inLanguage\":\"es\",\"potentialAction\":[{\"@type\":\"ReadAction\",\"target\":[\"https:\\\/\\\/www.eldiario.net\\\/portal\\\/2026\\\/08\\\/20\\\/aprehenden-a-exviceministro-de-luis-arce-por-caso-emapa\\\/\"]}]},{\"@type\":\"ImageObject\",\"inLanguage\":\"es\",\"@id\":\"https:\\\/\\\/www.eldiario.net\\\/portal\\\/2026\\\/08\\\/20\\\/aprehenden-a-exviceministro-de-luis-arce-por-caso-emapa\\\/#primaryimage\",\"url\":\"https:\\\/\\\/www.eldiario.net\\\/portal\\\/wp-content\\\/uploads\\\/2026\\\/08\\\/SILES-FOTO.webp\",\"contentUrl\":\"https:\\\/\\\/www.eldiario.net\\\/portal\\\/wp-content\\\/uploads\\\/2026\\\/08\\\/SILES-FOTO.webp\",\"width\":1600,\"height\":1066,\"caption\":\"El exviceministro de Pol\u00edticas de Industrializaci\u00f3n, Luis Siles Castro, ingres\u00f3 a celdas de la Felcc. Foto: APG\"},{\"@type\":\"BreadcrumbList\",\"@id\":\"https:\\\/\\\/www.eldiario.net\\\/portal\\\/2026\\\/08\\\/20\\\/aprehenden-a-exviceministro-de-luis-arce-por-caso-emapa\\\/#breadcrumb\",\"itemListElement\":[{\"@type\":\"ListItem\",\"position\":1,\"name\":\"Portada\",\"item\":\"https:\\\/\\\/www.eldiario.net\\\/portal\\\/\"},{\"@type\":\"ListItem\",\"position\":2,\"name\":\"Aprehenden a exviceministro de Luis Arce por caso Emapa\"}]},{\"@type\":\"WebSite\",\"@id\":\"https:\\\/\\\/www.eldiario.net\\\/portal\\\/#website\",\"url\":\"https:\\\/\\\/www.eldiario.net\\\/portal\\\/\",\"name\":\"El Diario - Decano de la prensa nacional\",\"description\":\"El Diario - Decano de la prensa nacional\",\"publisher\":{\"@id\":\"https:\\\/\\\/www.eldiario.net\\\/portal\\\/#organization\"},\"potentialAction\":[{\"@type\":\"SearchAction\",\"target\":{\"@type\":\"EntryPoint\",\"urlTemplate\":\"https:\\\/\\\/www.eldiario.net\\\/portal\\\/?s={search_term_string}\"},\"query-input\":{\"@type\":\"PropertyValueSpecification\",\"valueRequired\":true,\"valueName\":\"search_term_string\"}}],\"inLanguage\":\"es\"},{\"@type\":\"Organization\",\"@id\":\"https:\\\/\\\/www.eldiario.net\\\/portal\\\/#organization\",\"name\":\"El Diario - Decano de la prensa nacional\",\"url\":\"https:\\\/\\\/www.eldiario.net\\\/portal\\\/\",\"logo\":{\"@type\":\"ImageObject\",\"inLanguage\":\"es\",\"@id\":\"https:\\\/\\\/www.eldiario.net\\\/portal\\\/#\\\/schema\\\/logo\\\/image\\\/\",\"url\":\"https:\\\/\\\/www.eldiario.net\\\/portal\\\/wp-content\\\/uploads\\\/2023\\\/07\\\/logo_ED.jpg\",\"contentUrl\":\"https:\\\/\\\/www.eldiario.net\\\/portal\\\/wp-content\\\/uploads\\\/2023\\\/07\\\/logo_ED.jpg\",\"width\":272,\"height\":52,\"caption\":\"El Diario - Decano de la prensa nacional\"},\"image\":{\"@id\":\"https:\\\/\\\/www.eldiario.net\\\/portal\\\/#\\\/schema\\\/logo\\\/image\\\/\"},\"sameAs\":[\"https:\\\/\\\/www.facebook.com\\\/eldiario.bolivia\\\/\",\"https:\\\/\\\/x.com\\\/eldiario_net\"]},{\"@type\":\"Person\",\"@id\":\"https:\\\/\\\/www.eldiario.net\\\/portal\\\/#\\\/schema\\\/person\\\/f46445640444750d7d753ccd04ae01b7\",\"name\":\"Jeanette\",\"image\":{\"@type\":\"ImageObject\",\"inLanguage\":\"es\",\"@id\":\"https:\\\/\\\/secure.gravatar.com\\\/avatar\\\/3ea2118a5f7dad2b7138b1187a6b7ee55f160b9968b66013c3a3ef39dd7e5798?s=96&d=mm&r=g\",\"url\":\"https:\\\/\\\/secure.gravatar.com\\\/avatar\\\/3ea2118a5f7dad2b7138b1187a6b7ee55f160b9968b66013c3a3ef39dd7e5798?s=96&d=mm&r=g\",\"contentUrl\":\"https:\\\/\\\/secure.gravatar.com\\\/avatar\\\/3ea2118a5f7dad2b7138b1187a6b7ee55f160b9968b66013c3a3ef39dd7e5798?s=96&d=mm&r=g\",\"caption\":\"Jeanette\"},\"sameAs\":[\"https:\\\/\\\/www.eldiario.net\\\/portal\"],\"url\":\"https:\\\/\\\/www.eldiario.net\\\/portal\\\/author\\\/jeanette\\\/\"}]}<\/script>\n<!-- \/ Yoast SEO plugin. -->","yoast_head_json":{"title":"Aprehenden a exviceministro de Luis Arce por caso Emapa - El Diario - Bolivia","robots":{"index":"index","follow":"follow","max-snippet":"max-snippet:-1","max-image-preview":"max-image-preview:large","max-video-preview":"max-video-preview:-1"},"canonical":"https:\/\/www.eldiario.net\/portal\/2026\/08\/20\/aprehenden-a-exviceministro-de-luis-arce-por-caso-emapa\/","og_locale":"es_ES","og_type":"article","og_title":"Aprehenden a exviceministro de Luis Arce por caso Emapa - El Diario - Bolivia","og_description":"El exviceministro de Pol\u00edticas de Industrializaci\u00f3n, Luis Siles Castro, fue aprehendido en La Paz tras prestar su declaraci\u00f3n ante la Fiscal\u00eda por una investigaci\u00f3n relacionada con presuntas irregularidades en la Empresa de Apoyo a la Producci\u00f3n de Alimentos (Emapa). La exautoridad es investigada por los delitos de incumplimiento de deberes y conducta antiecon\u00f3mica. Siles, quien [&hellip;]","og_url":"https:\/\/www.eldiario.net\/portal\/2026\/08\/20\/aprehenden-a-exviceministro-de-luis-arce-por-caso-emapa\/","og_site_name":"El Diario - Bolivia","article_publisher":"https:\/\/www.facebook.com\/eldiario.bolivia\/","article_published_time":"2026-08-20T10:39:10+00:00","og_image":[{"width":1600,"height":1066,"url":"https:\/\/www.eldiario.net\/portal\/wp-content\/uploads\/2026\/08\/SILES-FOTO.webp","type":"image\/webp"}],"author":"Jeanette","twitter_card":"summary_large_image","twitter_creator":"@eldiario_net","twitter_site":"@eldiario_net","twitter_misc":{"Escrito por":"Jeanette","Tiempo de lectura":"2 minutos"},"schema":{"@context":"https:\/\/schema.org","@graph":[{"@type":"Article","@id":"https:\/\/www.eldiario.net\/portal\/2026\/08\/20\/aprehenden-a-exviceministro-de-luis-arce-por-caso-emapa\/#article","isPartOf":{"@id":"https:\/\/www.eldiario.net\/portal\/2026\/08\/20\/aprehenden-a-exviceministro-de-luis-arce-por-caso-emapa\/"},"author":{"name":"Jeanette","@id":"https:\/\/www.eldiario.net\/portal\/#\/schema\/person\/f46445640444750d7d753ccd04ae01b7"},"headline":"Aprehenden a exviceministro de Luis Arce por caso Emapa","datePublished":"2026-08-20T10:39:10+00:00","mainEntityOfPage":{"@id":"https:\/\/www.eldiario.net\/portal\/2026\/08\/20\/aprehenden-a-exviceministro-de-luis-arce-por-caso-emapa\/"},"wordCount":222,"publisher":{"@id":"https:\/\/www.eldiario.net\/portal\/#organization"},"image":{"@id":"https:\/\/www.eldiario.net\/portal\/2026\/08\/20\/aprehenden-a-exviceministro-de-luis-arce-por-caso-emapa\/#primaryimage"},"thumbnailUrl":"https:\/\/www.eldiario.net\/portal\/wp-content\/uploads\/2026\/08\/SILES-FOTO.webp","articleSection":["Portada"],"inLanguage":"es"},{"@type":"WebPage","@id":"https:\/\/www.eldiario.net\/portal\/2026\/08\/20\/aprehenden-a-exviceministro-de-luis-arce-por-caso-emapa\/","url":"https:\/\/www.eldiario.net\/portal\/2026\/08\/20\/aprehenden-a-exviceministro-de-luis-arce-por-caso-emapa\/","name":"Aprehenden a exviceministro de Luis Arce por caso Emapa - El Diario - Bolivia","isPartOf":{"@id":"https:\/\/www.eldiario.net\/portal\/#website"},"primaryImageOfPage":{"@id":"https:\/\/www.eldiario.net\/portal\/2026\/08\/20\/aprehenden-a-exviceministro-de-luis-arce-por-caso-emapa\/#primaryimage"},"image":{"@id":"https:\/\/www.eldiario.net\/portal\/2026\/08\/20\/aprehenden-a-exviceministro-de-luis-arce-por-caso-emapa\/#primaryimage"},"thumbnailUrl":"https:\/\/www.eldiario.net\/portal\/wp-content\/uploads\/2026\/08\/SILES-FOTO.webp","datePublished":"2026-08-20T10:39:10+00:00","breadcrumb":{"@id":"https:\/\/www.eldiario.net\/portal\/2026\/08\/20\/aprehenden-a-exviceministro-de-luis-arce-por-caso-emapa\/#breadcrumb"},"inLanguage":"es","potentialAction":[{"@type":"ReadAction","target":["https:\/\/www.eldiario.net\/portal\/2026\/08\/20\/aprehenden-a-exviceministro-de-luis-arce-por-caso-emapa\/"]}]},{"@type":"ImageObject","inLanguage":"es","@id":"https:\/\/www.eldiario.net\/portal\/2026\/08\/20\/aprehenden-a-exviceministro-de-luis-arce-por-caso-emapa\/#primaryimage","url":"https:\/\/www.eldiario.net\/portal\/wp-content\/uploads\/2026\/08\/SILES-FOTO.webp","contentUrl":"https:\/\/www.eldiario.net\/portal\/wp-content\/uploads\/2026\/08\/SILES-FOTO.webp","width":1600,"height":1066,"caption":"El exviceministro de Pol\u00edticas de Industrializaci\u00f3n, Luis Siles Castro, ingres\u00f3 a celdas de la Felcc. Foto: APG"},{"@type":"BreadcrumbList","@id":"https:\/\/www.eldiario.net\/portal\/2026\/08\/20\/aprehenden-a-exviceministro-de-luis-arce-por-caso-emapa\/#breadcrumb","itemListElement":[{"@type":"ListItem","position":1,"name":"Portada","item":"https:\/\/www.eldiario.net\/portal\/"},{"@type":"ListItem","position":2,"name":"Aprehenden a exviceministro de Luis Arce por caso Emapa"}]},{"@type":"WebSite","@id":"https:\/\/www.eldiario.net\/portal\/#website","url":"https:\/\/www.eldiario.net\/portal\/","name":"El Diario - Decano de la prensa nacional","description":"El Diario - Decano de la prensa nacional","publisher":{"@id":"https:\/\/www.eldiario.net\/portal\/#organization"},"potentialAction":[{"@type":"SearchAction","target":{"@type":"EntryPoint","urlTemplate":"https:\/\/www.eldiario.net\/portal\/?s={search_term_string}"},"query-input":{"@type":"PropertyValueSpecification","valueRequired":true,"valueName":"search_term_string"}}],"inLanguage":"es"},{"@type":"Organization","@id":"https:\/\/www.eldiario.net\/portal\/#organization","name":"El Diario - Decano de la prensa nacional","url":"https:\/\/www.eldiario.net\/portal\/","logo":{"@type":"ImageObject","inLanguage":"es","@id":"https:\/\/www.eldiario.net\/portal\/#\/schema\/logo\/image\/","url":"https:\/\/www.eldiario.net\/portal\/wp-content\/uploads\/2023\/07\/logo_ED.jpg","contentUrl":"https:\/\/www.eldiario.net\/portal\/wp-content\/uploads\/2023\/07\/logo_ED.jpg","width":272,"height":52,"caption":"El Diario - Decano de la prensa nacional"},"image":{"@id":"https:\/\/www.eldiario.net\/portal\/#\/schema\/logo\/image\/"},"sameAs":["https:\/\/www.facebook.com\/eldiario.bolivia\/","https:\/\/x.com\/eldiario_net"]},{"@type":"Person","@id":"https:\/\/www.eldiario.net\/portal\/#\/schema\/person\/f46445640444750d7d753ccd04ae01b7","name":"Jeanette","image":{"@type":"ImageObject","inLanguage":"es","@id":"https:\/\/secure.gravatar.com\/avatar\/3ea2118a5f7dad2b7138b1187a6b7ee55f160b9968b66013c3a3ef39dd7e5798?s=96&d=mm&r=g","url":"https:\/\/secure.gravatar.com\/avatar\/3ea2118a5f7dad2b7138b1187a6b7ee55f160b9968b66013c3a3ef39dd7e5798?s=96&d=mm&r=g","contentUrl":"https:\/\/secure.gravatar.com\/avatar\/3ea2118a5f7dad2b7138b1187a6b7ee55f160b9968b66013c3a3ef39dd7e5798?s=96&d=mm&r=g","caption":"Jeanette"},"sameAs":["https:\/\/www.eldiario.net\/portal"],"url":"https:\/\/www.eldiario.net\/portal\/author\/jeanette\/"}]}},"_links":{"self":[{"href":"https:\/\/www.eldiario.net\/portal\/wp-json\/wp\/v2\/posts\/423118","targetHints":{"allow":["GET"]}}],"collection":[{"href":"https:\/\/www.eldiario.net\/portal\/wp-json\/wp\/v2\/posts"}],"about":[{"href":"https:\/\/www.eldiario.net\/portal\/wp-json\/wp\/v2\/types\/post"}],"author":[{"embeddable":true,"href":"https:\/\/www.eldiario.net\/portal\/wp-json\/wp\/v2\/users\/1"}],"replies":[{"embeddable":true,"href":"https:\/\/www.eldiario.net\/portal\/wp-json\/wp\/v2\/comments?post=423118"}],"version-history":[{"count":1,"href":"https:\/\/www.eldiario.net\/portal\/wp-json\/wp\/v2\/posts\/423118\/revisions"}],"predecessor-version":[{"id":423120,"href":"https:\/\/www.eldiario.net\/portal\/wp-json\/wp\/v2\/posts\/423118\/revisions\/423120"}],"wp:featuredmedia":[{"embeddable":true,"href":"https:\/\/www.eldiario.net\/portal\/wp-json\/wp\/v2\/media\/423119"}],"wp:attachment":[{"href":"https:\/\/www.eldiario.net\/portal\/wp-json\/wp\/v2\/media?parent=423118"}],"wp:term":[{"taxonomy":"category","embeddable":true,"href":"https:\/\/www.eldiario.net\/portal\/wp-json\/wp\/v2\/categories?post=423118"},{"taxonomy":"post_tag","embeddable":true,"href":"https:\/\/www.eldiario.net\/portal\/wp-json\/wp\/v2\/tags?post=423118"}],"curies":[{"name":"wp","href":"https:\/\/api.w.org\/{rel}","templated":true}]}}