{"id":423115,"date":"2026-08-20T06:38:12","date_gmt":"2026-08-20T10:38:12","guid":{"rendered":"https:\/\/www.eldiario.net\/portal\/?p=423115"},"modified":"2026-08-20T06:38:12","modified_gmt":"2026-08-20T10:38:12","slug":"senamhi-advierte-heladas-y-posibles-nevadas-para-la-proxima-semana","status":"publish","type":"post","link":"https:\/\/www.eldiario.net\/portal\/2026\/08\/20\/senamhi-advierte-heladas-y-posibles-nevadas-para-la-proxima-semana\/","title":{"rendered":"Senamhi advierte heladas y posibles  nevadas para la pr\u00f3xima semana"},"content":{"rendered":"<p>El ingreso de una masa de aire seco permiti\u00f3 una mejora del tiempo en el occidente del pa\u00eds, con cielos despejados a poco nubosos y un incremento gradual de las temperaturas m\u00e1ximas en La Paz, Oruro y Potos\u00ed, inform\u00f3 Marcelo Pe\u00f1aloza, pronosticador y analista del Servicio Nacional de Meteorolog\u00eda e Hidrolog\u00eda (Senamhi).<\/p>\n<p>El experto explic\u00f3, adem\u00e1s, que las pasadas jornadas estuvieron marcadas por abundante nubosidad y precipitaciones l\u00edquidas y s\u00f3lidas en el altiplano, particularmente en La Paz, Oruro y Potos\u00ed, adem\u00e1s de las zonas altas de Cochabamba, Tarija y Chuquisaca. \u201cPara los siguientes d\u00edas va a haber una mejora en el estado del tiempo debido al ingreso de una masa de aire seco\u201d, se\u00f1al\u00f3 el especialista. Esta condici\u00f3n favorecer\u00e1 cielos despejados a poco nubosos en gran parte del occidente boliviano.<\/p>\n<p>En la ciudad de La Paz, las temperaturas m\u00e1ximas registradas en los \u00faltimos d\u00edas alcanzaron entre 14 y 16 grados Celsius. Sin embargo, el Senamhi prev\u00e9 un aumento gradual durante las pr\u00f3ximas jornadas. \u201cYa para los siguientes d\u00edas se espera que se llegue a los 18 a 19 grados Celsius\u201d, indic\u00f3 Pe\u00f1aloza.<\/p>\n<p>La mejora en las temperaturas durante el d\u00eda contrastar\u00e1 con las condiciones durante las primeras horas de la ma\u00f1ana. El ingreso de aire seco favorecer\u00e1 la presencia de heladas meteorol\u00f3gicas en distintos sectores del altiplano.<\/p>\n<p>En La Paz, la temperatura m\u00ednima registrada este mi\u00e9rcoles fue de 2,1 grados Celsius positivos, mientras que para los siguientes d\u00edas se prev\u00e9 que las m\u00ednimas contin\u00faen dentro de valores bajos.<\/p>\n<p>Aunque las condiciones ser\u00e1n favorables durante los pr\u00f3ximos d\u00edas, el panorama podr\u00eda cambiar nuevamente la siguiente semana. \u201cYa para la siguiente semana se est\u00e1n viendo condiciones meteorol\u00f3gicas favorables para que exista m\u00e1s nubosidad en la parte del altiplano, tanto La Paz como Oruro, y una posibilidad justamente de alguna precipitaci\u00f3n s\u00f3lida\u201d, advirti\u00f3.<\/p>\n<p>Mientras el occidente tendr\u00e1 una mejora temporal, la situaci\u00f3n ser\u00e1 diferente en el Chaco, donde actualmente se registra abundante nubosidad y precipitaciones debido al ingreso de un frente fr\u00edo. Seg\u00fan Pe\u00f1aloza, este sistema est\u00e1 provocando adem\u00e1s una rotaci\u00f3n de los vientos con predominio de direcci\u00f3n sur. El frente fr\u00edo permanecer\u00e1 estacionario durante los pr\u00f3ximos d\u00edas y avanzar\u00e1 hacia sectores del sur del departamento de Beni antes de comenzar a disiparse. El especialista anticip\u00f3 que hacia el fin de semana se espera una nueva mejora general de las condiciones meteorol\u00f3gicas. (Br\u00fajula Digital)<\/p>\n","protected":false},"excerpt":{"rendered":"<p>El ingreso de una masa de aire seco permiti\u00f3 una mejora del tiempo en el occidente del pa\u00eds, con cielos despejados a poco nubosos y un incremento gradual de las temperaturas m\u00e1ximas en La Paz, Oruro y Potos\u00ed, inform\u00f3 Marcelo Pe\u00f1aloza, pronosticador y analista del Servicio Nacional de Meteorolog\u00eda e Hidrolog\u00eda (Senamhi). El experto explic\u00f3, [&hellip;]<\/p>\n","protected":false},"author":1,"featured_media":423116,"comment_status":"closed","ping_status":"open","sticky":false,"template":"","format":"standard","meta":{"_acf_changed":false,"footnotes":""},"categories":[15],"tags":[],"class_list":["post-423115","post","type-post","status-publish","format-standard","has-post-thumbnail","category-portada"],"acf":{"antetitulo":"Mejora del tiempo en La Paz"},"yoast_head":"<!-- This site is optimized with the Yoast SEO plugin v28.3 - https:\/\/yoast.com\/product\/yoast-seo-wordpress\/ -->\n<title>Senamhi advierte heladas y posibles nevadas para la pr\u00f3xima semana - El Diario - Bolivia<\/title>\n<meta name=\"robots\" content=\"index, follow, max-snippet:-1, max-image-preview:large, max-video-preview:-1\" \/>\n<link rel=\"canonical\" href=\"https:\/\/www.eldiario.net\/portal\/2026\/08\/20\/senamhi-advierte-heladas-y-posibles-nevadas-para-la-proxima-semana\/\" \/>\n<meta property=\"og:locale\" content=\"es_ES\" \/>\n<meta property=\"og:type\" content=\"article\" \/>\n<meta property=\"og:title\" content=\"Senamhi advierte heladas y posibles nevadas para la pr\u00f3xima semana - El Diario - Bolivia\" \/>\n<meta property=\"og:description\" content=\"El ingreso de una masa de aire seco permiti\u00f3 una mejora del tiempo en el occidente del pa\u00eds, con cielos despejados a poco nubosos y un incremento gradual de las temperaturas m\u00e1ximas en La Paz, Oruro y Potos\u00ed, inform\u00f3 Marcelo Pe\u00f1aloza, pronosticador y analista del Servicio Nacional de Meteorolog\u00eda e Hidrolog\u00eda (Senamhi). El experto explic\u00f3, [&hellip;]\" \/>\n<meta property=\"og:url\" content=\"https:\/\/www.eldiario.net\/portal\/2026\/08\/20\/senamhi-advierte-heladas-y-posibles-nevadas-para-la-proxima-semana\/\" \/>\n<meta property=\"og:site_name\" content=\"El Diario - Bolivia\" \/>\n<meta property=\"article:publisher\" content=\"https:\/\/www.facebook.com\/eldiario.bolivia\/\" \/>\n<meta property=\"article:published_time\" content=\"2026-08-20T10:38:12+00:00\" \/>\n<meta property=\"og:image\" content=\"https:\/\/www.eldiario.net\/portal\/wp-content\/uploads\/2026\/08\/TAS-FOTO.webp\" \/>\n\t<meta property=\"og:image:width\" content=\"720\" \/>\n\t<meta property=\"og:image:height\" content=\"400\" \/>\n\t<meta property=\"og:image:type\" content=\"image\/webp\" \/>\n<meta name=\"author\" content=\"Jeanette\" \/>\n<meta name=\"twitter:card\" content=\"summary_large_image\" \/>\n<meta name=\"twitter:creator\" content=\"@eldiario_net\" \/>\n<meta name=\"twitter:site\" content=\"@eldiario_net\" \/>\n<meta name=\"twitter:label1\" content=\"Escrito por\" \/>\n\t<meta name=\"twitter:data1\" content=\"Jeanette\" \/>\n\t<meta name=\"twitter:label2\" content=\"Tiempo de lectura\" \/>\n\t<meta name=\"twitter:data2\" content=\"2 minutos\" \/>\n<script type=\"application\/ld+json\" class=\"yoast-schema-graph\">{\"@context\":\"https:\\\/\\\/schema.org\",\"@graph\":[{\"@type\":\"Article\",\"@id\":\"https:\\\/\\\/www.eldiario.net\\\/portal\\\/2026\\\/08\\\/20\\\/senamhi-advierte-heladas-y-posibles-nevadas-para-la-proxima-semana\\\/#article\",\"isPartOf\":{\"@id\":\"https:\\\/\\\/www.eldiario.net\\\/portal\\\/2026\\\/08\\\/20\\\/senamhi-advierte-heladas-y-posibles-nevadas-para-la-proxima-semana\\\/\"},\"author\":{\"name\":\"Jeanette\",\"@id\":\"https:\\\/\\\/www.eldiario.net\\\/portal\\\/#\\\/schema\\\/person\\\/f46445640444750d7d753ccd04ae01b7\"},\"headline\":\"Senamhi advierte heladas y posibles nevadas para la pr\u00f3xima semana\",\"datePublished\":\"2026-08-20T10:38:12+00:00\",\"mainEntityOfPage\":{\"@id\":\"https:\\\/\\\/www.eldiario.net\\\/portal\\\/2026\\\/08\\\/20\\\/senamhi-advierte-heladas-y-posibles-nevadas-para-la-proxima-semana\\\/\"},\"wordCount\":443,\"publisher\":{\"@id\":\"https:\\\/\\\/www.eldiario.net\\\/portal\\\/#organization\"},\"image\":{\"@id\":\"https:\\\/\\\/www.eldiario.net\\\/portal\\\/2026\\\/08\\\/20\\\/senamhi-advierte-heladas-y-posibles-nevadas-para-la-proxima-semana\\\/#primaryimage\"},\"thumbnailUrl\":\"https:\\\/\\\/www.eldiario.net\\\/portal\\\/wp-content\\\/uploads\\\/2026\\\/08\\\/TAS-FOTO.webp\",\"articleSection\":[\"Portada\"],\"inLanguage\":\"es\"},{\"@type\":\"WebPage\",\"@id\":\"https:\\\/\\\/www.eldiario.net\\\/portal\\\/2026\\\/08\\\/20\\\/senamhi-advierte-heladas-y-posibles-nevadas-para-la-proxima-semana\\\/\",\"url\":\"https:\\\/\\\/www.eldiario.net\\\/portal\\\/2026\\\/08\\\/20\\\/senamhi-advierte-heladas-y-posibles-nevadas-para-la-proxima-semana\\\/\",\"name\":\"Senamhi advierte heladas y posibles nevadas para la pr\u00f3xima semana - El Diario - Bolivia\",\"isPartOf\":{\"@id\":\"https:\\\/\\\/www.eldiario.net\\\/portal\\\/#website\"},\"primaryImageOfPage\":{\"@id\":\"https:\\\/\\\/www.eldiario.net\\\/portal\\\/2026\\\/08\\\/20\\\/senamhi-advierte-heladas-y-posibles-nevadas-para-la-proxima-semana\\\/#primaryimage\"},\"image\":{\"@id\":\"https:\\\/\\\/www.eldiario.net\\\/portal\\\/2026\\\/08\\\/20\\\/senamhi-advierte-heladas-y-posibles-nevadas-para-la-proxima-semana\\\/#primaryimage\"},\"thumbnailUrl\":\"https:\\\/\\\/www.eldiario.net\\\/portal\\\/wp-content\\\/uploads\\\/2026\\\/08\\\/TAS-FOTO.webp\",\"datePublished\":\"2026-08-20T10:38:12+00:00\",\"breadcrumb\":{\"@id\":\"https:\\\/\\\/www.eldiario.net\\\/portal\\\/2026\\\/08\\\/20\\\/senamhi-advierte-heladas-y-posibles-nevadas-para-la-proxima-semana\\\/#breadcrumb\"},\"inLanguage\":\"es\",\"potentialAction\":[{\"@type\":\"ReadAction\",\"target\":[\"https:\\\/\\\/www.eldiario.net\\\/portal\\\/2026\\\/08\\\/20\\\/senamhi-advierte-heladas-y-posibles-nevadas-para-la-proxima-semana\\\/\"]}]},{\"@type\":\"ImageObject\",\"inLanguage\":\"es\",\"@id\":\"https:\\\/\\\/www.eldiario.net\\\/portal\\\/2026\\\/08\\\/20\\\/senamhi-advierte-heladas-y-posibles-nevadas-para-la-proxima-semana\\\/#primaryimage\",\"url\":\"https:\\\/\\\/www.eldiario.net\\\/portal\\\/wp-content\\\/uploads\\\/2026\\\/08\\\/TAS-FOTO.webp\",\"contentUrl\":\"https:\\\/\\\/www.eldiario.net\\\/portal\\\/wp-content\\\/uploads\\\/2026\\\/08\\\/TAS-FOTO.webp\",\"width\":720,\"height\":400,\"caption\":\"Una vista panor\u00e1mica de la ciudad de La Paz. Foto: RRSS\"},{\"@type\":\"BreadcrumbList\",\"@id\":\"https:\\\/\\\/www.eldiario.net\\\/portal\\\/2026\\\/08\\\/20\\\/senamhi-advierte-heladas-y-posibles-nevadas-para-la-proxima-semana\\\/#breadcrumb\",\"itemListElement\":[{\"@type\":\"ListItem\",\"position\":1,\"name\":\"Portada\",\"item\":\"https:\\\/\\\/www.eldiario.net\\\/portal\\\/\"},{\"@type\":\"ListItem\",\"position\":2,\"name\":\"Senamhi advierte heladas y posibles nevadas para la pr\u00f3xima semana\"}]},{\"@type\":\"WebSite\",\"@id\":\"https:\\\/\\\/www.eldiario.net\\\/portal\\\/#website\",\"url\":\"https:\\\/\\\/www.eldiario.net\\\/portal\\\/\",\"name\":\"El Diario - Decano de la prensa nacional\",\"description\":\"El Diario - Decano de la prensa nacional\",\"publisher\":{\"@id\":\"https:\\\/\\\/www.eldiario.net\\\/portal\\\/#organization\"},\"potentialAction\":[{\"@type\":\"SearchAction\",\"target\":{\"@type\":\"EntryPoint\",\"urlTemplate\":\"https:\\\/\\\/www.eldiario.net\\\/portal\\\/?s={search_term_string}\"},\"query-input\":{\"@type\":\"PropertyValueSpecification\",\"valueRequired\":true,\"valueName\":\"search_term_string\"}}],\"inLanguage\":\"es\"},{\"@type\":\"Organization\",\"@id\":\"https:\\\/\\\/www.eldiario.net\\\/portal\\\/#organization\",\"name\":\"El Diario - Decano de la prensa nacional\",\"url\":\"https:\\\/\\\/www.eldiario.net\\\/portal\\\/\",\"logo\":{\"@type\":\"ImageObject\",\"inLanguage\":\"es\",\"@id\":\"https:\\\/\\\/www.eldiario.net\\\/portal\\\/#\\\/schema\\\/logo\\\/image\\\/\",\"url\":\"https:\\\/\\\/www.eldiario.net\\\/portal\\\/wp-content\\\/uploads\\\/2023\\\/07\\\/logo_ED.jpg\",\"contentUrl\":\"https:\\\/\\\/www.eldiario.net\\\/portal\\\/wp-content\\\/uploads\\\/2023\\\/07\\\/logo_ED.jpg\",\"width\":272,\"height\":52,\"caption\":\"El Diario - Decano de la prensa nacional\"},\"image\":{\"@id\":\"https:\\\/\\\/www.eldiario.net\\\/portal\\\/#\\\/schema\\\/logo\\\/image\\\/\"},\"sameAs\":[\"https:\\\/\\\/www.facebook.com\\\/eldiario.bolivia\\\/\",\"https:\\\/\\\/x.com\\\/eldiario_net\"]},{\"@type\":\"Person\",\"@id\":\"https:\\\/\\\/www.eldiario.net\\\/portal\\\/#\\\/schema\\\/person\\\/f46445640444750d7d753ccd04ae01b7\",\"name\":\"Jeanette\",\"image\":{\"@type\":\"ImageObject\",\"inLanguage\":\"es\",\"@id\":\"https:\\\/\\\/secure.gravatar.com\\\/avatar\\\/3ea2118a5f7dad2b7138b1187a6b7ee55f160b9968b66013c3a3ef39dd7e5798?s=96&d=mm&r=g\",\"url\":\"https:\\\/\\\/secure.gravatar.com\\\/avatar\\\/3ea2118a5f7dad2b7138b1187a6b7ee55f160b9968b66013c3a3ef39dd7e5798?s=96&d=mm&r=g\",\"contentUrl\":\"https:\\\/\\\/secure.gravatar.com\\\/avatar\\\/3ea2118a5f7dad2b7138b1187a6b7ee55f160b9968b66013c3a3ef39dd7e5798?s=96&d=mm&r=g\",\"caption\":\"Jeanette\"},\"sameAs\":[\"https:\\\/\\\/www.eldiario.net\\\/portal\"],\"url\":\"https:\\\/\\\/www.eldiario.net\\\/portal\\\/author\\\/jeanette\\\/\"}]}<\/script>\n<!-- \/ Yoast SEO plugin. -->","yoast_head_json":{"title":"Senamhi advierte heladas y posibles nevadas para la pr\u00f3xima semana - El Diario - Bolivia","robots":{"index":"index","follow":"follow","max-snippet":"max-snippet:-1","max-image-preview":"max-image-preview:large","max-video-preview":"max-video-preview:-1"},"canonical":"https:\/\/www.eldiario.net\/portal\/2026\/08\/20\/senamhi-advierte-heladas-y-posibles-nevadas-para-la-proxima-semana\/","og_locale":"es_ES","og_type":"article","og_title":"Senamhi advierte heladas y posibles nevadas para la pr\u00f3xima semana - El Diario - Bolivia","og_description":"El ingreso de una masa de aire seco permiti\u00f3 una mejora del tiempo en el occidente del pa\u00eds, con cielos despejados a poco nubosos y un incremento gradual de las temperaturas m\u00e1ximas en La Paz, Oruro y Potos\u00ed, inform\u00f3 Marcelo Pe\u00f1aloza, pronosticador y analista del Servicio Nacional de Meteorolog\u00eda e Hidrolog\u00eda (Senamhi). El experto explic\u00f3, [&hellip;]","og_url":"https:\/\/www.eldiario.net\/portal\/2026\/08\/20\/senamhi-advierte-heladas-y-posibles-nevadas-para-la-proxima-semana\/","og_site_name":"El Diario - Bolivia","article_publisher":"https:\/\/www.facebook.com\/eldiario.bolivia\/","article_published_time":"2026-08-20T10:38:12+00:00","og_image":[{"width":720,"height":400,"url":"https:\/\/www.eldiario.net\/portal\/wp-content\/uploads\/2026\/08\/TAS-FOTO.webp","type":"image\/webp"}],"author":"Jeanette","twitter_card":"summary_large_image","twitter_creator":"@eldiario_net","twitter_site":"@eldiario_net","twitter_misc":{"Escrito por":"Jeanette","Tiempo de lectura":"2 minutos"},"schema":{"@context":"https:\/\/schema.org","@graph":[{"@type":"Article","@id":"https:\/\/www.eldiario.net\/portal\/2026\/08\/20\/senamhi-advierte-heladas-y-posibles-nevadas-para-la-proxima-semana\/#article","isPartOf":{"@id":"https:\/\/www.eldiario.net\/portal\/2026\/08\/20\/senamhi-advierte-heladas-y-posibles-nevadas-para-la-proxima-semana\/"},"author":{"name":"Jeanette","@id":"https:\/\/www.eldiario.net\/portal\/#\/schema\/person\/f46445640444750d7d753ccd04ae01b7"},"headline":"Senamhi advierte heladas y posibles nevadas para la pr\u00f3xima semana","datePublished":"2026-08-20T10:38:12+00:00","mainEntityOfPage":{"@id":"https:\/\/www.eldiario.net\/portal\/2026\/08\/20\/senamhi-advierte-heladas-y-posibles-nevadas-para-la-proxima-semana\/"},"wordCount":443,"publisher":{"@id":"https:\/\/www.eldiario.net\/portal\/#organization"},"image":{"@id":"https:\/\/www.eldiario.net\/portal\/2026\/08\/20\/senamhi-advierte-heladas-y-posibles-nevadas-para-la-proxima-semana\/#primaryimage"},"thumbnailUrl":"https:\/\/www.eldiario.net\/portal\/wp-content\/uploads\/2026\/08\/TAS-FOTO.webp","articleSection":["Portada"],"inLanguage":"es"},{"@type":"WebPage","@id":"https:\/\/www.eldiario.net\/portal\/2026\/08\/20\/senamhi-advierte-heladas-y-posibles-nevadas-para-la-proxima-semana\/","url":"https:\/\/www.eldiario.net\/portal\/2026\/08\/20\/senamhi-advierte-heladas-y-posibles-nevadas-para-la-proxima-semana\/","name":"Senamhi advierte heladas y posibles nevadas para la pr\u00f3xima semana - El Diario - Bolivia","isPartOf":{"@id":"https:\/\/www.eldiario.net\/portal\/#website"},"primaryImageOfPage":{"@id":"https:\/\/www.eldiario.net\/portal\/2026\/08\/20\/senamhi-advierte-heladas-y-posibles-nevadas-para-la-proxima-semana\/#primaryimage"},"image":{"@id":"https:\/\/www.eldiario.net\/portal\/2026\/08\/20\/senamhi-advierte-heladas-y-posibles-nevadas-para-la-proxima-semana\/#primaryimage"},"thumbnailUrl":"https:\/\/www.eldiario.net\/portal\/wp-content\/uploads\/2026\/08\/TAS-FOTO.webp","datePublished":"2026-08-20T10:38:12+00:00","breadcrumb":{"@id":"https:\/\/www.eldiario.net\/portal\/2026\/08\/20\/senamhi-advierte-heladas-y-posibles-nevadas-para-la-proxima-semana\/#breadcrumb"},"inLanguage":"es","potentialAction":[{"@type":"ReadAction","target":["https:\/\/www.eldiario.net\/portal\/2026\/08\/20\/senamhi-advierte-heladas-y-posibles-nevadas-para-la-proxima-semana\/"]}]},{"@type":"ImageObject","inLanguage":"es","@id":"https:\/\/www.eldiario.net\/portal\/2026\/08\/20\/senamhi-advierte-heladas-y-posibles-nevadas-para-la-proxima-semana\/#primaryimage","url":"https:\/\/www.eldiario.net\/portal\/wp-content\/uploads\/2026\/08\/TAS-FOTO.webp","contentUrl":"https:\/\/www.eldiario.net\/portal\/wp-content\/uploads\/2026\/08\/TAS-FOTO.webp","width":720,"height":400,"caption":"Una vista panor\u00e1mica de la ciudad de La Paz. Foto: RRSS"},{"@type":"BreadcrumbList","@id":"https:\/\/www.eldiario.net\/portal\/2026\/08\/20\/senamhi-advierte-heladas-y-posibles-nevadas-para-la-proxima-semana\/#breadcrumb","itemListElement":[{"@type":"ListItem","position":1,"name":"Portada","item":"https:\/\/www.eldiario.net\/portal\/"},{"@type":"ListItem","position":2,"name":"Senamhi advierte heladas y posibles nevadas para la pr\u00f3xima semana"}]},{"@type":"WebSite","@id":"https:\/\/www.eldiario.net\/portal\/#website","url":"https:\/\/www.eldiario.net\/portal\/","name":"El Diario - Decano de la prensa nacional","description":"El Diario - Decano de la prensa nacional","publisher":{"@id":"https:\/\/www.eldiario.net\/portal\/#organization"},"potentialAction":[{"@type":"SearchAction","target":{"@type":"EntryPoint","urlTemplate":"https:\/\/www.eldiario.net\/portal\/?s={search_term_string}"},"query-input":{"@type":"PropertyValueSpecification","valueRequired":true,"valueName":"search_term_string"}}],"inLanguage":"es"},{"@type":"Organization","@id":"https:\/\/www.eldiario.net\/portal\/#organization","name":"El Diario - Decano de la prensa nacional","url":"https:\/\/www.eldiario.net\/portal\/","logo":{"@type":"ImageObject","inLanguage":"es","@id":"https:\/\/www.eldiario.net\/portal\/#\/schema\/logo\/image\/","url":"https:\/\/www.eldiario.net\/portal\/wp-content\/uploads\/2023\/07\/logo_ED.jpg","contentUrl":"https:\/\/www.eldiario.net\/portal\/wp-content\/uploads\/2023\/07\/logo_ED.jpg","width":272,"height":52,"caption":"El Diario - Decano de la prensa nacional"},"image":{"@id":"https:\/\/www.eldiario.net\/portal\/#\/schema\/logo\/image\/"},"sameAs":["https:\/\/www.facebook.com\/eldiario.bolivia\/","https:\/\/x.com\/eldiario_net"]},{"@type":"Person","@id":"https:\/\/www.eldiario.net\/portal\/#\/schema\/person\/f46445640444750d7d753ccd04ae01b7","name":"Jeanette","image":{"@type":"ImageObject","inLanguage":"es","@id":"https:\/\/secure.gravatar.com\/avatar\/3ea2118a5f7dad2b7138b1187a6b7ee55f160b9968b66013c3a3ef39dd7e5798?s=96&d=mm&r=g","url":"https:\/\/secure.gravatar.com\/avatar\/3ea2118a5f7dad2b7138b1187a6b7ee55f160b9968b66013c3a3ef39dd7e5798?s=96&d=mm&r=g","contentUrl":"https:\/\/secure.gravatar.com\/avatar\/3ea2118a5f7dad2b7138b1187a6b7ee55f160b9968b66013c3a3ef39dd7e5798?s=96&d=mm&r=g","caption":"Jeanette"},"sameAs":["https:\/\/www.eldiario.net\/portal"],"url":"https:\/\/www.eldiario.net\/portal\/author\/jeanette\/"}]}},"_links":{"self":[{"href":"https:\/\/www.eldiario.net\/portal\/wp-json\/wp\/v2\/posts\/423115","targetHints":{"allow":["GET"]}}],"collection":[{"href":"https:\/\/www.eldiario.net\/portal\/wp-json\/wp\/v2\/posts"}],"about":[{"href":"https:\/\/www.eldiario.net\/portal\/wp-json\/wp\/v2\/types\/post"}],"author":[{"embeddable":true,"href":"https:\/\/www.eldiario.net\/portal\/wp-json\/wp\/v2\/users\/1"}],"replies":[{"embeddable":true,"href":"https:\/\/www.eldiario.net\/portal\/wp-json\/wp\/v2\/comments?post=423115"}],"version-history":[{"count":1,"href":"https:\/\/www.eldiario.net\/portal\/wp-json\/wp\/v2\/posts\/423115\/revisions"}],"predecessor-version":[{"id":423117,"href":"https:\/\/www.eldiario.net\/portal\/wp-json\/wp\/v2\/posts\/423115\/revisions\/423117"}],"wp:featuredmedia":[{"embeddable":true,"href":"https:\/\/www.eldiario.net\/portal\/wp-json\/wp\/v2\/media\/423116"}],"wp:attachment":[{"href":"https:\/\/www.eldiario.net\/portal\/wp-json\/wp\/v2\/media?parent=423115"}],"wp:term":[{"taxonomy":"category","embeddable":true,"href":"https:\/\/www.eldiario.net\/portal\/wp-json\/wp\/v2\/categories?post=423115"},{"taxonomy":"post_tag","embeddable":true,"href":"https:\/\/www.eldiario.net\/portal\/wp-json\/wp\/v2\/tags?post=423115"}],"curies":[{"name":"wp","href":"https:\/\/api.w.org\/{rel}","templated":true}]}}