{"id":422740,"date":"2026-08-19T01:39:42","date_gmt":"2026-08-19T05:39:42","guid":{"rendered":"https:\/\/www.eldiario.net\/portal\/?p=422740"},"modified":"2026-08-19T01:39:42","modified_gmt":"2026-08-19T05:39:42","slug":"rodri-rechazo-al-real-madrid-para-llegar-al-barcelona","status":"publish","type":"post","link":"https:\/\/www.eldiario.net\/portal\/2026\/08\/19\/rodri-rechazo-al-real-madrid-para-llegar-al-barcelona\/","title":{"rendered":"Rodri rechaz\u00f3 al Real Madrid para llegar al Barcelona"},"content":{"rendered":"<p>ESPN<\/p>\n<p>El Barcelona cerr\u00f3 el fichaje de Rodri, centrocampista procedente del Manchester City, en una operaci\u00f3n por un importe base de 60 millones de euros (51 millones de libras esterlinas \/ 69 millones de d\u00f3lares), seg\u00fan confirmaron ambos clubes.<\/p>\n<p>El City podr\u00eda obtener 16.5 millones de euros adicionales (14 millones de libras esterlinas \/ 19 millones de d\u00f3lares) de la operaci\u00f3n si se cumplen en los pr\u00f3ximos a\u00f1os una serie de cl\u00e1usulas adicionales relacionadas con los logros de Rodri en el Bar\u00e7a.<\/p>\n<p>Rodri, de 30 a\u00f1os, firm\u00f3 un contrato de cuatro a\u00f1os con el campe\u00f3n de Espa\u00f1a y, seg\u00fan fuentes consultadas por ESPN, rechaz\u00f3 una oferta del Real Madrid para cerrar su fichaje por el Spotify Camp Nou.<\/p>\n<p>El capit\u00e1n de la selecci\u00f3n espa\u00f1ola, que fue nombrado mejor jugador del torneo tras la victoria de La Roja en el Mundial este verano, refuerza un centro del campo en el que ya figuran Pedri, Gavi, Frenkie de Jong, Marc Bernal, Dani Olmo y Ferm\u00edn L\u00f3pez.<\/p>\n<p>El Bar\u00e7a no hab\u00eda comenzado el verano con la urgencia de fichar a un centrocampista, pero actu\u00f3 con rapidez para incorporar a Rodri \u2014al que solo le quedaba un a\u00f1o de contrato con el City\u2014 en cuanto qued\u00f3 claro que estaba disponible.<\/p>\n<p>Con De Jong fuera de juego por lesi\u00f3n y el entrenador Hansi Flick deseoso de incorporar m\u00e1s l\u00edderes a la plantilla, Rodri fue considerado un \u00abfichaje emblem\u00e1tico\u00bb, seg\u00fan una fuente, capaz de ayudar al Bar\u00e7a a mejorar de inmediato. (Foto Barcelona FC)<\/p>\n","protected":false},"excerpt":{"rendered":"<p>ESPN El Barcelona cerr\u00f3 el fichaje de Rodri, centrocampista procedente del Manchester City, en una operaci\u00f3n por un importe base de 60 millones de euros (51 millones de libras esterlinas \/ 69 millones de d\u00f3lares), seg\u00fan confirmaron ambos clubes. El City podr\u00eda obtener 16.5 millones de euros adicionales (14 millones de libras esterlinas \/ 19 [&hellip;]<\/p>\n","protected":false},"author":3,"featured_media":422741,"comment_status":"closed","ping_status":"open","sticky":false,"template":"","format":"standard","meta":{"_acf_changed":false,"footnotes":""},"categories":[6],"tags":[],"class_list":["post-422740","post","type-post","status-publish","format-standard","has-post-thumbnail","category-deportes"],"acf":{"antetitulo":""},"yoast_head":"<!-- This site is optimized with the Yoast SEO plugin v28.3 - https:\/\/yoast.com\/product\/yoast-seo-wordpress\/ -->\n<title>Rodri rechaz\u00f3 al Real Madrid para llegar al Barcelona - El Diario - Bolivia<\/title>\n<meta name=\"robots\" content=\"index, follow, max-snippet:-1, max-image-preview:large, max-video-preview:-1\" \/>\n<link rel=\"canonical\" href=\"https:\/\/www.eldiario.net\/portal\/2026\/08\/19\/rodri-rechazo-al-real-madrid-para-llegar-al-barcelona\/\" \/>\n<meta property=\"og:locale\" content=\"es_ES\" \/>\n<meta property=\"og:type\" content=\"article\" \/>\n<meta property=\"og:title\" content=\"Rodri rechaz\u00f3 al Real Madrid para llegar al Barcelona - El Diario - Bolivia\" \/>\n<meta property=\"og:description\" content=\"ESPN El Barcelona cerr\u00f3 el fichaje de Rodri, centrocampista procedente del Manchester City, en una operaci\u00f3n por un importe base de 60 millones de euros (51 millones de libras esterlinas \/ 69 millones de d\u00f3lares), seg\u00fan confirmaron ambos clubes. El City podr\u00eda obtener 16.5 millones de euros adicionales (14 millones de libras esterlinas \/ 19 [&hellip;]\" \/>\n<meta property=\"og:url\" content=\"https:\/\/www.eldiario.net\/portal\/2026\/08\/19\/rodri-rechazo-al-real-madrid-para-llegar-al-barcelona\/\" \/>\n<meta property=\"og:site_name\" content=\"El Diario - Bolivia\" \/>\n<meta property=\"article:publisher\" content=\"https:\/\/www.facebook.com\/eldiario.bolivia\/\" \/>\n<meta property=\"article:published_time\" content=\"2026-08-19T05:39:42+00:00\" \/>\n<meta property=\"og:image\" content=\"https:\/\/www.eldiario.net\/portal\/wp-content\/uploads\/2026\/08\/rodri-revale.webp\" \/>\n\t<meta property=\"og:image:width\" content=\"1000\" \/>\n\t<meta property=\"og:image:height\" content=\"777\" \/>\n\t<meta property=\"og:image:type\" content=\"image\/webp\" \/>\n<meta name=\"author\" content=\"Jhonny Mollinedo\" \/>\n<meta name=\"twitter:card\" content=\"summary_large_image\" \/>\n<meta name=\"twitter:creator\" content=\"@eldiario_net\" \/>\n<meta name=\"twitter:site\" content=\"@eldiario_net\" \/>\n<meta name=\"twitter:label1\" content=\"Escrito por\" \/>\n\t<meta name=\"twitter:data1\" content=\"Jhonny Mollinedo\" \/>\n\t<meta name=\"twitter:label2\" content=\"Tiempo de lectura\" \/>\n\t<meta name=\"twitter:data2\" content=\"2 minutos\" \/>\n<script type=\"application\/ld+json\" class=\"yoast-schema-graph\">{\"@context\":\"https:\\\/\\\/schema.org\",\"@graph\":[{\"@type\":\"Article\",\"@id\":\"https:\\\/\\\/www.eldiario.net\\\/portal\\\/2026\\\/08\\\/19\\\/rodri-rechazo-al-real-madrid-para-llegar-al-barcelona\\\/#article\",\"isPartOf\":{\"@id\":\"https:\\\/\\\/www.eldiario.net\\\/portal\\\/2026\\\/08\\\/19\\\/rodri-rechazo-al-real-madrid-para-llegar-al-barcelona\\\/\"},\"author\":{\"name\":\"Jhonny Mollinedo\",\"@id\":\"https:\\\/\\\/www.eldiario.net\\\/portal\\\/#\\\/schema\\\/person\\\/4827a631df9f245a7e27ab829ae89ae3\"},\"headline\":\"Rodri rechaz\u00f3 al Real Madrid para llegar al Barcelona\",\"datePublished\":\"2026-08-19T05:39:42+00:00\",\"mainEntityOfPage\":{\"@id\":\"https:\\\/\\\/www.eldiario.net\\\/portal\\\/2026\\\/08\\\/19\\\/rodri-rechazo-al-real-madrid-para-llegar-al-barcelona\\\/\"},\"wordCount\":277,\"publisher\":{\"@id\":\"https:\\\/\\\/www.eldiario.net\\\/portal\\\/#organization\"},\"image\":{\"@id\":\"https:\\\/\\\/www.eldiario.net\\\/portal\\\/2026\\\/08\\\/19\\\/rodri-rechazo-al-real-madrid-para-llegar-al-barcelona\\\/#primaryimage\"},\"thumbnailUrl\":\"https:\\\/\\\/www.eldiario.net\\\/portal\\\/wp-content\\\/uploads\\\/2026\\\/08\\\/rodri-revale.webp\",\"articleSection\":[\"Deportes\"],\"inLanguage\":\"es\"},{\"@type\":\"WebPage\",\"@id\":\"https:\\\/\\\/www.eldiario.net\\\/portal\\\/2026\\\/08\\\/19\\\/rodri-rechazo-al-real-madrid-para-llegar-al-barcelona\\\/\",\"url\":\"https:\\\/\\\/www.eldiario.net\\\/portal\\\/2026\\\/08\\\/19\\\/rodri-rechazo-al-real-madrid-para-llegar-al-barcelona\\\/\",\"name\":\"Rodri rechaz\u00f3 al Real Madrid para llegar al Barcelona - El Diario - Bolivia\",\"isPartOf\":{\"@id\":\"https:\\\/\\\/www.eldiario.net\\\/portal\\\/#website\"},\"primaryImageOfPage\":{\"@id\":\"https:\\\/\\\/www.eldiario.net\\\/portal\\\/2026\\\/08\\\/19\\\/rodri-rechazo-al-real-madrid-para-llegar-al-barcelona\\\/#primaryimage\"},\"image\":{\"@id\":\"https:\\\/\\\/www.eldiario.net\\\/portal\\\/2026\\\/08\\\/19\\\/rodri-rechazo-al-real-madrid-para-llegar-al-barcelona\\\/#primaryimage\"},\"thumbnailUrl\":\"https:\\\/\\\/www.eldiario.net\\\/portal\\\/wp-content\\\/uploads\\\/2026\\\/08\\\/rodri-revale.webp\",\"datePublished\":\"2026-08-19T05:39:42+00:00\",\"breadcrumb\":{\"@id\":\"https:\\\/\\\/www.eldiario.net\\\/portal\\\/2026\\\/08\\\/19\\\/rodri-rechazo-al-real-madrid-para-llegar-al-barcelona\\\/#breadcrumb\"},\"inLanguage\":\"es\",\"potentialAction\":[{\"@type\":\"ReadAction\",\"target\":[\"https:\\\/\\\/www.eldiario.net\\\/portal\\\/2026\\\/08\\\/19\\\/rodri-rechazo-al-real-madrid-para-llegar-al-barcelona\\\/\"]}]},{\"@type\":\"ImageObject\",\"inLanguage\":\"es\",\"@id\":\"https:\\\/\\\/www.eldiario.net\\\/portal\\\/2026\\\/08\\\/19\\\/rodri-rechazo-al-real-madrid-para-llegar-al-barcelona\\\/#primaryimage\",\"url\":\"https:\\\/\\\/www.eldiario.net\\\/portal\\\/wp-content\\\/uploads\\\/2026\\\/08\\\/rodri-revale.webp\",\"contentUrl\":\"https:\\\/\\\/www.eldiario.net\\\/portal\\\/wp-content\\\/uploads\\\/2026\\\/08\\\/rodri-revale.webp\",\"width\":1000,\"height\":777},{\"@type\":\"BreadcrumbList\",\"@id\":\"https:\\\/\\\/www.eldiario.net\\\/portal\\\/2026\\\/08\\\/19\\\/rodri-rechazo-al-real-madrid-para-llegar-al-barcelona\\\/#breadcrumb\",\"itemListElement\":[{\"@type\":\"ListItem\",\"position\":1,\"name\":\"Portada\",\"item\":\"https:\\\/\\\/www.eldiario.net\\\/portal\\\/\"},{\"@type\":\"ListItem\",\"position\":2,\"name\":\"Rodri rechaz\u00f3 al Real Madrid para llegar al Barcelona\"}]},{\"@type\":\"WebSite\",\"@id\":\"https:\\\/\\\/www.eldiario.net\\\/portal\\\/#website\",\"url\":\"https:\\\/\\\/www.eldiario.net\\\/portal\\\/\",\"name\":\"El Diario - Decano de la prensa nacional\",\"description\":\"El Diario - Decano de la prensa nacional\",\"publisher\":{\"@id\":\"https:\\\/\\\/www.eldiario.net\\\/portal\\\/#organization\"},\"potentialAction\":[{\"@type\":\"SearchAction\",\"target\":{\"@type\":\"EntryPoint\",\"urlTemplate\":\"https:\\\/\\\/www.eldiario.net\\\/portal\\\/?s={search_term_string}\"},\"query-input\":{\"@type\":\"PropertyValueSpecification\",\"valueRequired\":true,\"valueName\":\"search_term_string\"}}],\"inLanguage\":\"es\"},{\"@type\":\"Organization\",\"@id\":\"https:\\\/\\\/www.eldiario.net\\\/portal\\\/#organization\",\"name\":\"El Diario - Decano de la prensa nacional\",\"url\":\"https:\\\/\\\/www.eldiario.net\\\/portal\\\/\",\"logo\":{\"@type\":\"ImageObject\",\"inLanguage\":\"es\",\"@id\":\"https:\\\/\\\/www.eldiario.net\\\/portal\\\/#\\\/schema\\\/logo\\\/image\\\/\",\"url\":\"https:\\\/\\\/www.eldiario.net\\\/portal\\\/wp-content\\\/uploads\\\/2023\\\/07\\\/logo_ED.jpg\",\"contentUrl\":\"https:\\\/\\\/www.eldiario.net\\\/portal\\\/wp-content\\\/uploads\\\/2023\\\/07\\\/logo_ED.jpg\",\"width\":272,\"height\":52,\"caption\":\"El Diario - Decano de la prensa nacional\"},\"image\":{\"@id\":\"https:\\\/\\\/www.eldiario.net\\\/portal\\\/#\\\/schema\\\/logo\\\/image\\\/\"},\"sameAs\":[\"https:\\\/\\\/www.facebook.com\\\/eldiario.bolivia\\\/\",\"https:\\\/\\\/x.com\\\/eldiario_net\"]},{\"@type\":\"Person\",\"@id\":\"https:\\\/\\\/www.eldiario.net\\\/portal\\\/#\\\/schema\\\/person\\\/4827a631df9f245a7e27ab829ae89ae3\",\"name\":\"Jhonny Mollinedo\",\"image\":{\"@type\":\"ImageObject\",\"inLanguage\":\"es\",\"@id\":\"https:\\\/\\\/secure.gravatar.com\\\/avatar\\\/3ea2118a5f7dad2b7138b1187a6b7ee55f160b9968b66013c3a3ef39dd7e5798?s=96&d=mm&r=g\",\"url\":\"https:\\\/\\\/secure.gravatar.com\\\/avatar\\\/3ea2118a5f7dad2b7138b1187a6b7ee55f160b9968b66013c3a3ef39dd7e5798?s=96&d=mm&r=g\",\"contentUrl\":\"https:\\\/\\\/secure.gravatar.com\\\/avatar\\\/3ea2118a5f7dad2b7138b1187a6b7ee55f160b9968b66013c3a3ef39dd7e5798?s=96&d=mm&r=g\",\"caption\":\"Jhonny Mollinedo\"},\"url\":\"https:\\\/\\\/www.eldiario.net\\\/portal\\\/author\\\/deportes\\\/\"}]}<\/script>\n<!-- \/ Yoast SEO plugin. -->","yoast_head_json":{"title":"Rodri rechaz\u00f3 al Real Madrid para llegar al Barcelona - El Diario - Bolivia","robots":{"index":"index","follow":"follow","max-snippet":"max-snippet:-1","max-image-preview":"max-image-preview:large","max-video-preview":"max-video-preview:-1"},"canonical":"https:\/\/www.eldiario.net\/portal\/2026\/08\/19\/rodri-rechazo-al-real-madrid-para-llegar-al-barcelona\/","og_locale":"es_ES","og_type":"article","og_title":"Rodri rechaz\u00f3 al Real Madrid para llegar al Barcelona - El Diario - Bolivia","og_description":"ESPN El Barcelona cerr\u00f3 el fichaje de Rodri, centrocampista procedente del Manchester City, en una operaci\u00f3n por un importe base de 60 millones de euros (51 millones de libras esterlinas \/ 69 millones de d\u00f3lares), seg\u00fan confirmaron ambos clubes. El City podr\u00eda obtener 16.5 millones de euros adicionales (14 millones de libras esterlinas \/ 19 [&hellip;]","og_url":"https:\/\/www.eldiario.net\/portal\/2026\/08\/19\/rodri-rechazo-al-real-madrid-para-llegar-al-barcelona\/","og_site_name":"El Diario - Bolivia","article_publisher":"https:\/\/www.facebook.com\/eldiario.bolivia\/","article_published_time":"2026-08-19T05:39:42+00:00","og_image":[{"width":1000,"height":777,"url":"https:\/\/www.eldiario.net\/portal\/wp-content\/uploads\/2026\/08\/rodri-revale.webp","type":"image\/webp"}],"author":"Jhonny Mollinedo","twitter_card":"summary_large_image","twitter_creator":"@eldiario_net","twitter_site":"@eldiario_net","twitter_misc":{"Escrito por":"Jhonny Mollinedo","Tiempo de lectura":"2 minutos"},"schema":{"@context":"https:\/\/schema.org","@graph":[{"@type":"Article","@id":"https:\/\/www.eldiario.net\/portal\/2026\/08\/19\/rodri-rechazo-al-real-madrid-para-llegar-al-barcelona\/#article","isPartOf":{"@id":"https:\/\/www.eldiario.net\/portal\/2026\/08\/19\/rodri-rechazo-al-real-madrid-para-llegar-al-barcelona\/"},"author":{"name":"Jhonny Mollinedo","@id":"https:\/\/www.eldiario.net\/portal\/#\/schema\/person\/4827a631df9f245a7e27ab829ae89ae3"},"headline":"Rodri rechaz\u00f3 al Real Madrid para llegar al Barcelona","datePublished":"2026-08-19T05:39:42+00:00","mainEntityOfPage":{"@id":"https:\/\/www.eldiario.net\/portal\/2026\/08\/19\/rodri-rechazo-al-real-madrid-para-llegar-al-barcelona\/"},"wordCount":277,"publisher":{"@id":"https:\/\/www.eldiario.net\/portal\/#organization"},"image":{"@id":"https:\/\/www.eldiario.net\/portal\/2026\/08\/19\/rodri-rechazo-al-real-madrid-para-llegar-al-barcelona\/#primaryimage"},"thumbnailUrl":"https:\/\/www.eldiario.net\/portal\/wp-content\/uploads\/2026\/08\/rodri-revale.webp","articleSection":["Deportes"],"inLanguage":"es"},{"@type":"WebPage","@id":"https:\/\/www.eldiario.net\/portal\/2026\/08\/19\/rodri-rechazo-al-real-madrid-para-llegar-al-barcelona\/","url":"https:\/\/www.eldiario.net\/portal\/2026\/08\/19\/rodri-rechazo-al-real-madrid-para-llegar-al-barcelona\/","name":"Rodri rechaz\u00f3 al Real Madrid para llegar al Barcelona - El Diario - Bolivia","isPartOf":{"@id":"https:\/\/www.eldiario.net\/portal\/#website"},"primaryImageOfPage":{"@id":"https:\/\/www.eldiario.net\/portal\/2026\/08\/19\/rodri-rechazo-al-real-madrid-para-llegar-al-barcelona\/#primaryimage"},"image":{"@id":"https:\/\/www.eldiario.net\/portal\/2026\/08\/19\/rodri-rechazo-al-real-madrid-para-llegar-al-barcelona\/#primaryimage"},"thumbnailUrl":"https:\/\/www.eldiario.net\/portal\/wp-content\/uploads\/2026\/08\/rodri-revale.webp","datePublished":"2026-08-19T05:39:42+00:00","breadcrumb":{"@id":"https:\/\/www.eldiario.net\/portal\/2026\/08\/19\/rodri-rechazo-al-real-madrid-para-llegar-al-barcelona\/#breadcrumb"},"inLanguage":"es","potentialAction":[{"@type":"ReadAction","target":["https:\/\/www.eldiario.net\/portal\/2026\/08\/19\/rodri-rechazo-al-real-madrid-para-llegar-al-barcelona\/"]}]},{"@type":"ImageObject","inLanguage":"es","@id":"https:\/\/www.eldiario.net\/portal\/2026\/08\/19\/rodri-rechazo-al-real-madrid-para-llegar-al-barcelona\/#primaryimage","url":"https:\/\/www.eldiario.net\/portal\/wp-content\/uploads\/2026\/08\/rodri-revale.webp","contentUrl":"https:\/\/www.eldiario.net\/portal\/wp-content\/uploads\/2026\/08\/rodri-revale.webp","width":1000,"height":777},{"@type":"BreadcrumbList","@id":"https:\/\/www.eldiario.net\/portal\/2026\/08\/19\/rodri-rechazo-al-real-madrid-para-llegar-al-barcelona\/#breadcrumb","itemListElement":[{"@type":"ListItem","position":1,"name":"Portada","item":"https:\/\/www.eldiario.net\/portal\/"},{"@type":"ListItem","position":2,"name":"Rodri rechaz\u00f3 al Real Madrid para llegar al Barcelona"}]},{"@type":"WebSite","@id":"https:\/\/www.eldiario.net\/portal\/#website","url":"https:\/\/www.eldiario.net\/portal\/","name":"El Diario - Decano de la prensa nacional","description":"El Diario - Decano de la prensa nacional","publisher":{"@id":"https:\/\/www.eldiario.net\/portal\/#organization"},"potentialAction":[{"@type":"SearchAction","target":{"@type":"EntryPoint","urlTemplate":"https:\/\/www.eldiario.net\/portal\/?s={search_term_string}"},"query-input":{"@type":"PropertyValueSpecification","valueRequired":true,"valueName":"search_term_string"}}],"inLanguage":"es"},{"@type":"Organization","@id":"https:\/\/www.eldiario.net\/portal\/#organization","name":"El Diario - Decano de la prensa nacional","url":"https:\/\/www.eldiario.net\/portal\/","logo":{"@type":"ImageObject","inLanguage":"es","@id":"https:\/\/www.eldiario.net\/portal\/#\/schema\/logo\/image\/","url":"https:\/\/www.eldiario.net\/portal\/wp-content\/uploads\/2023\/07\/logo_ED.jpg","contentUrl":"https:\/\/www.eldiario.net\/portal\/wp-content\/uploads\/2023\/07\/logo_ED.jpg","width":272,"height":52,"caption":"El Diario - Decano de la prensa nacional"},"image":{"@id":"https:\/\/www.eldiario.net\/portal\/#\/schema\/logo\/image\/"},"sameAs":["https:\/\/www.facebook.com\/eldiario.bolivia\/","https:\/\/x.com\/eldiario_net"]},{"@type":"Person","@id":"https:\/\/www.eldiario.net\/portal\/#\/schema\/person\/4827a631df9f245a7e27ab829ae89ae3","name":"Jhonny Mollinedo","image":{"@type":"ImageObject","inLanguage":"es","@id":"https:\/\/secure.gravatar.com\/avatar\/3ea2118a5f7dad2b7138b1187a6b7ee55f160b9968b66013c3a3ef39dd7e5798?s=96&d=mm&r=g","url":"https:\/\/secure.gravatar.com\/avatar\/3ea2118a5f7dad2b7138b1187a6b7ee55f160b9968b66013c3a3ef39dd7e5798?s=96&d=mm&r=g","contentUrl":"https:\/\/secure.gravatar.com\/avatar\/3ea2118a5f7dad2b7138b1187a6b7ee55f160b9968b66013c3a3ef39dd7e5798?s=96&d=mm&r=g","caption":"Jhonny Mollinedo"},"url":"https:\/\/www.eldiario.net\/portal\/author\/deportes\/"}]}},"_links":{"self":[{"href":"https:\/\/www.eldiario.net\/portal\/wp-json\/wp\/v2\/posts\/422740","targetHints":{"allow":["GET"]}}],"collection":[{"href":"https:\/\/www.eldiario.net\/portal\/wp-json\/wp\/v2\/posts"}],"about":[{"href":"https:\/\/www.eldiario.net\/portal\/wp-json\/wp\/v2\/types\/post"}],"author":[{"embeddable":true,"href":"https:\/\/www.eldiario.net\/portal\/wp-json\/wp\/v2\/users\/3"}],"replies":[{"embeddable":true,"href":"https:\/\/www.eldiario.net\/portal\/wp-json\/wp\/v2\/comments?post=422740"}],"version-history":[{"count":1,"href":"https:\/\/www.eldiario.net\/portal\/wp-json\/wp\/v2\/posts\/422740\/revisions"}],"predecessor-version":[{"id":422742,"href":"https:\/\/www.eldiario.net\/portal\/wp-json\/wp\/v2\/posts\/422740\/revisions\/422742"}],"wp:featuredmedia":[{"embeddable":true,"href":"https:\/\/www.eldiario.net\/portal\/wp-json\/wp\/v2\/media\/422741"}],"wp:attachment":[{"href":"https:\/\/www.eldiario.net\/portal\/wp-json\/wp\/v2\/media?parent=422740"}],"wp:term":[{"taxonomy":"category","embeddable":true,"href":"https:\/\/www.eldiario.net\/portal\/wp-json\/wp\/v2\/categories?post=422740"},{"taxonomy":"post_tag","embeddable":true,"href":"https:\/\/www.eldiario.net\/portal\/wp-json\/wp\/v2\/tags?post=422740"}],"curies":[{"name":"wp","href":"https:\/\/api.w.org\/{rel}","templated":true}]}}