{"id":422737,"date":"2026-08-19T01:22:54","date_gmt":"2026-08-19T05:22:54","guid":{"rendered":"https:\/\/www.eldiario.net\/portal\/?p=422737"},"modified":"2026-08-19T10:16:13","modified_gmt":"2026-08-19T14:16:13","slug":"sao-paulo-avanza-el-golazo-de-asprilla-y-la-mano-de-echeverria","status":"publish","type":"post","link":"https:\/\/www.eldiario.net\/portal\/2026\/08\/19\/sao-paulo-avanza-el-golazo-de-asprilla-y-la-mano-de-echeverria\/","title":{"rendered":"Sao Paulo avanza, el golazo de Asprilla y la mano de Echeverr\u00eda"},"content":{"rendered":"<p>El Diario<\/p>\n<p>Sao Paulo cumpli\u00f3 con los deberes en casa, le gan\u00f3 esta noche a Bol\u00edvar por 3-1, sentenci\u00f3 la llave a favor por 4-2 y avanz\u00f3 a cuartos de final donde se enfrentar\u00e1 a Boca Juniors.<\/p>\n<p>En la ida, en La Paz, Sao Paulo hab\u00eda mostrado su estirpe copera al arrancar un empate a Bol\u00edvar en el estadio Hernando Siles, por 1-1.<\/p>\n<p>Y, esta noche, en Sao Paulo impuso su sello y dej\u00f3 en el camino a Bol\u00edvar que una vez m\u00e1s estuvo cerca de la haza\u00f1a, pero nuevamente se qued\u00f3 a medias, en octavos de final.<\/p>\n<p>Luciano Neves hab\u00eda abierto la cuenta, en el primer tiempo, Sao Paulo ganaba por la m\u00ednima diferencia.<\/p>\n<p>Y, cuando parec\u00eda que estaba cerca el segundo del Sao Paulo, a los 61, en el segundo tiempo, apareci\u00f3 la potencia de Dairon Asprilla, quien aprovech\u00f3 un buen pase de Patricio Rodr\u00edguez y con un derechazo inatajable marc\u00f3 el 1-1.<\/p>\n<p>Sorpresa en el Morumbi con un estadio callado y un Asprilla que levantaba el pulgar. Pero, no contaban con que siete minutos despu\u00e9s, un infortunio de Echeverr\u00eda que en su af\u00e1n de despejar el bal\u00f3n hizo chocar su brazo y el \u00e1rbitro peruano Kevin Ortega no dud\u00f3 para sancionar el penal que Calleri cambi\u00f3 por gol con un derechazo fuerte.<\/p>\n<p>Y, ocho minutos despu\u00e9s, para Ripley, en una jugada calcada al gol de Arboleda en La Paz, Sabino se anticip\u00f3 en un corner a los jugadores de Bol\u00edvar y sentenci\u00f3 el partido con el 3-1.<\/p>\n<p>Bol\u00edvar no pudo remontar, se qued\u00f3 en el camino, a pesar que tuvo una correcta actuaci\u00f3n.<\/p>\n<p>\u201cPerdimos por desconcentraciones pero hicimos todo para seguir adelante, siempre agradecido con Dios, con el grupo, ser\u00e1 en otra\u201d, afirm\u00f3 el colombiano Asprilla, al final del partido, mientras los jugadores paulistas celebraban en campo de juego. Les va mal en el torneo brasile\u00f1o pero relativamente bien en la Sudamericana, habr\u00e1 choque de \u00abcolosos\u00bb en cuartos de final ante Boca Juniors que dej\u00f3 en el camino a Recoleta de Paraguay. (Foto Sao Paulo)<\/p>\n<p>&nbsp;<\/p>\n","protected":false},"excerpt":{"rendered":"<p>El Diario Sao Paulo cumpli\u00f3 con los deberes en casa, le gan\u00f3 esta noche a Bol\u00edvar por 3-1, sentenci\u00f3 la llave a favor por 4-2 y avanz\u00f3 a cuartos de final donde se enfrentar\u00e1 a Boca Juniors. En la ida, en La Paz, Sao Paulo hab\u00eda mostrado su estirpe copera al arrancar un empate a [&hellip;]<\/p>\n","protected":false},"author":3,"featured_media":422738,"comment_status":"closed","ping_status":"open","sticky":false,"template":"","format":"standard","meta":{"_acf_changed":false,"footnotes":""},"categories":[6],"tags":[],"class_list":["post-422737","post","type-post","status-publish","format-standard","has-post-thumbnail","category-deportes"],"acf":{"antetitulo":""},"yoast_head":"<!-- This site is optimized with the Yoast SEO plugin v28.3 - https:\/\/yoast.com\/product\/yoast-seo-wordpress\/ -->\n<title>Sao Paulo avanza, el golazo de Asprilla y la mano de Echeverr\u00eda - El Diario - Bolivia<\/title>\n<meta name=\"robots\" content=\"index, follow, max-snippet:-1, max-image-preview:large, max-video-preview:-1\" \/>\n<link rel=\"canonical\" href=\"https:\/\/www.eldiario.net\/portal\/2026\/08\/19\/sao-paulo-avanza-el-golazo-de-asprilla-y-la-mano-de-echeverria\/\" \/>\n<meta property=\"og:locale\" content=\"es_ES\" \/>\n<meta property=\"og:type\" content=\"article\" \/>\n<meta property=\"og:title\" content=\"Sao Paulo avanza, el golazo de Asprilla y la mano de Echeverr\u00eda - El Diario - Bolivia\" \/>\n<meta property=\"og:description\" content=\"El Diario Sao Paulo cumpli\u00f3 con los deberes en casa, le gan\u00f3 esta noche a Bol\u00edvar por 3-1, sentenci\u00f3 la llave a favor por 4-2 y avanz\u00f3 a cuartos de final donde se enfrentar\u00e1 a Boca Juniors. En la ida, en La Paz, Sao Paulo hab\u00eda mostrado su estirpe copera al arrancar un empate a [&hellip;]\" \/>\n<meta property=\"og:url\" content=\"https:\/\/www.eldiario.net\/portal\/2026\/08\/19\/sao-paulo-avanza-el-golazo-de-asprilla-y-la-mano-de-echeverria\/\" \/>\n<meta property=\"og:site_name\" content=\"El Diario - Bolivia\" \/>\n<meta property=\"article:publisher\" content=\"https:\/\/www.facebook.com\/eldiario.bolivia\/\" \/>\n<meta property=\"article:published_time\" content=\"2026-08-19T05:22:54+00:00\" \/>\n<meta property=\"article:modified_time\" content=\"2026-08-19T14:16:13+00:00\" \/>\n<meta property=\"og:image\" content=\"https:\/\/www.eldiario.net\/portal\/wp-content\/uploads\/2026\/08\/sabino-vale.webp\" \/>\n\t<meta property=\"og:image:width\" content=\"1080\" \/>\n\t<meta property=\"og:image:height\" content=\"720\" \/>\n\t<meta property=\"og:image:type\" content=\"image\/webp\" \/>\n<meta name=\"author\" content=\"Jhonny Mollinedo\" \/>\n<meta name=\"twitter:card\" content=\"summary_large_image\" \/>\n<meta name=\"twitter:creator\" content=\"@eldiario_net\" \/>\n<meta name=\"twitter:site\" content=\"@eldiario_net\" \/>\n<meta name=\"twitter:label1\" content=\"Escrito por\" \/>\n\t<meta name=\"twitter:data1\" content=\"Jhonny Mollinedo\" \/>\n\t<meta name=\"twitter:label2\" content=\"Tiempo de lectura\" \/>\n\t<meta name=\"twitter:data2\" content=\"2 minutos\" \/>\n<script type=\"application\/ld+json\" class=\"yoast-schema-graph\">{\"@context\":\"https:\\\/\\\/schema.org\",\"@graph\":[{\"@type\":\"Article\",\"@id\":\"https:\\\/\\\/www.eldiario.net\\\/portal\\\/2026\\\/08\\\/19\\\/sao-paulo-avanza-el-golazo-de-asprilla-y-la-mano-de-echeverria\\\/#article\",\"isPartOf\":{\"@id\":\"https:\\\/\\\/www.eldiario.net\\\/portal\\\/2026\\\/08\\\/19\\\/sao-paulo-avanza-el-golazo-de-asprilla-y-la-mano-de-echeverria\\\/\"},\"author\":{\"name\":\"Jhonny Mollinedo\",\"@id\":\"https:\\\/\\\/www.eldiario.net\\\/portal\\\/#\\\/schema\\\/person\\\/4827a631df9f245a7e27ab829ae89ae3\"},\"headline\":\"Sao Paulo avanza, el golazo de Asprilla y la mano de Echeverr\u00eda\",\"datePublished\":\"2026-08-19T05:22:54+00:00\",\"dateModified\":\"2026-08-19T14:16:13+00:00\",\"mainEntityOfPage\":{\"@id\":\"https:\\\/\\\/www.eldiario.net\\\/portal\\\/2026\\\/08\\\/19\\\/sao-paulo-avanza-el-golazo-de-asprilla-y-la-mano-de-echeverria\\\/\"},\"wordCount\":370,\"publisher\":{\"@id\":\"https:\\\/\\\/www.eldiario.net\\\/portal\\\/#organization\"},\"image\":{\"@id\":\"https:\\\/\\\/www.eldiario.net\\\/portal\\\/2026\\\/08\\\/19\\\/sao-paulo-avanza-el-golazo-de-asprilla-y-la-mano-de-echeverria\\\/#primaryimage\"},\"thumbnailUrl\":\"https:\\\/\\\/www.eldiario.net\\\/portal\\\/wp-content\\\/uploads\\\/2026\\\/08\\\/sabino-vale.webp\",\"articleSection\":[\"Deportes\"],\"inLanguage\":\"es\"},{\"@type\":\"WebPage\",\"@id\":\"https:\\\/\\\/www.eldiario.net\\\/portal\\\/2026\\\/08\\\/19\\\/sao-paulo-avanza-el-golazo-de-asprilla-y-la-mano-de-echeverria\\\/\",\"url\":\"https:\\\/\\\/www.eldiario.net\\\/portal\\\/2026\\\/08\\\/19\\\/sao-paulo-avanza-el-golazo-de-asprilla-y-la-mano-de-echeverria\\\/\",\"name\":\"Sao Paulo avanza, el golazo de Asprilla y la mano de Echeverr\u00eda - El Diario - Bolivia\",\"isPartOf\":{\"@id\":\"https:\\\/\\\/www.eldiario.net\\\/portal\\\/#website\"},\"primaryImageOfPage\":{\"@id\":\"https:\\\/\\\/www.eldiario.net\\\/portal\\\/2026\\\/08\\\/19\\\/sao-paulo-avanza-el-golazo-de-asprilla-y-la-mano-de-echeverria\\\/#primaryimage\"},\"image\":{\"@id\":\"https:\\\/\\\/www.eldiario.net\\\/portal\\\/2026\\\/08\\\/19\\\/sao-paulo-avanza-el-golazo-de-asprilla-y-la-mano-de-echeverria\\\/#primaryimage\"},\"thumbnailUrl\":\"https:\\\/\\\/www.eldiario.net\\\/portal\\\/wp-content\\\/uploads\\\/2026\\\/08\\\/sabino-vale.webp\",\"datePublished\":\"2026-08-19T05:22:54+00:00\",\"dateModified\":\"2026-08-19T14:16:13+00:00\",\"breadcrumb\":{\"@id\":\"https:\\\/\\\/www.eldiario.net\\\/portal\\\/2026\\\/08\\\/19\\\/sao-paulo-avanza-el-golazo-de-asprilla-y-la-mano-de-echeverria\\\/#breadcrumb\"},\"inLanguage\":\"es\",\"potentialAction\":[{\"@type\":\"ReadAction\",\"target\":[\"https:\\\/\\\/www.eldiario.net\\\/portal\\\/2026\\\/08\\\/19\\\/sao-paulo-avanza-el-golazo-de-asprilla-y-la-mano-de-echeverria\\\/\"]}]},{\"@type\":\"ImageObject\",\"inLanguage\":\"es\",\"@id\":\"https:\\\/\\\/www.eldiario.net\\\/portal\\\/2026\\\/08\\\/19\\\/sao-paulo-avanza-el-golazo-de-asprilla-y-la-mano-de-echeverria\\\/#primaryimage\",\"url\":\"https:\\\/\\\/www.eldiario.net\\\/portal\\\/wp-content\\\/uploads\\\/2026\\\/08\\\/sabino-vale.webp\",\"contentUrl\":\"https:\\\/\\\/www.eldiario.net\\\/portal\\\/wp-content\\\/uploads\\\/2026\\\/08\\\/sabino-vale.webp\",\"width\":1080,\"height\":720},{\"@type\":\"BreadcrumbList\",\"@id\":\"https:\\\/\\\/www.eldiario.net\\\/portal\\\/2026\\\/08\\\/19\\\/sao-paulo-avanza-el-golazo-de-asprilla-y-la-mano-de-echeverria\\\/#breadcrumb\",\"itemListElement\":[{\"@type\":\"ListItem\",\"position\":1,\"name\":\"Portada\",\"item\":\"https:\\\/\\\/www.eldiario.net\\\/portal\\\/\"},{\"@type\":\"ListItem\",\"position\":2,\"name\":\"Sao Paulo avanza, el golazo de Asprilla y la mano de Echeverr\u00eda\"}]},{\"@type\":\"WebSite\",\"@id\":\"https:\\\/\\\/www.eldiario.net\\\/portal\\\/#website\",\"url\":\"https:\\\/\\\/www.eldiario.net\\\/portal\\\/\",\"name\":\"El Diario - Decano de la prensa nacional\",\"description\":\"El Diario - Decano de la prensa nacional\",\"publisher\":{\"@id\":\"https:\\\/\\\/www.eldiario.net\\\/portal\\\/#organization\"},\"potentialAction\":[{\"@type\":\"SearchAction\",\"target\":{\"@type\":\"EntryPoint\",\"urlTemplate\":\"https:\\\/\\\/www.eldiario.net\\\/portal\\\/?s={search_term_string}\"},\"query-input\":{\"@type\":\"PropertyValueSpecification\",\"valueRequired\":true,\"valueName\":\"search_term_string\"}}],\"inLanguage\":\"es\"},{\"@type\":\"Organization\",\"@id\":\"https:\\\/\\\/www.eldiario.net\\\/portal\\\/#organization\",\"name\":\"El Diario - Decano de la prensa nacional\",\"url\":\"https:\\\/\\\/www.eldiario.net\\\/portal\\\/\",\"logo\":{\"@type\":\"ImageObject\",\"inLanguage\":\"es\",\"@id\":\"https:\\\/\\\/www.eldiario.net\\\/portal\\\/#\\\/schema\\\/logo\\\/image\\\/\",\"url\":\"https:\\\/\\\/www.eldiario.net\\\/portal\\\/wp-content\\\/uploads\\\/2023\\\/07\\\/logo_ED.jpg\",\"contentUrl\":\"https:\\\/\\\/www.eldiario.net\\\/portal\\\/wp-content\\\/uploads\\\/2023\\\/07\\\/logo_ED.jpg\",\"width\":272,\"height\":52,\"caption\":\"El Diario - Decano de la prensa nacional\"},\"image\":{\"@id\":\"https:\\\/\\\/www.eldiario.net\\\/portal\\\/#\\\/schema\\\/logo\\\/image\\\/\"},\"sameAs\":[\"https:\\\/\\\/www.facebook.com\\\/eldiario.bolivia\\\/\",\"https:\\\/\\\/x.com\\\/eldiario_net\"]},{\"@type\":\"Person\",\"@id\":\"https:\\\/\\\/www.eldiario.net\\\/portal\\\/#\\\/schema\\\/person\\\/4827a631df9f245a7e27ab829ae89ae3\",\"name\":\"Jhonny Mollinedo\",\"image\":{\"@type\":\"ImageObject\",\"inLanguage\":\"es\",\"@id\":\"https:\\\/\\\/secure.gravatar.com\\\/avatar\\\/3ea2118a5f7dad2b7138b1187a6b7ee55f160b9968b66013c3a3ef39dd7e5798?s=96&d=mm&r=g\",\"url\":\"https:\\\/\\\/secure.gravatar.com\\\/avatar\\\/3ea2118a5f7dad2b7138b1187a6b7ee55f160b9968b66013c3a3ef39dd7e5798?s=96&d=mm&r=g\",\"contentUrl\":\"https:\\\/\\\/secure.gravatar.com\\\/avatar\\\/3ea2118a5f7dad2b7138b1187a6b7ee55f160b9968b66013c3a3ef39dd7e5798?s=96&d=mm&r=g\",\"caption\":\"Jhonny Mollinedo\"},\"url\":\"https:\\\/\\\/www.eldiario.net\\\/portal\\\/author\\\/deportes\\\/\"}]}<\/script>\n<!-- \/ Yoast SEO plugin. -->","yoast_head_json":{"title":"Sao Paulo avanza, el golazo de Asprilla y la mano de Echeverr\u00eda - El Diario - Bolivia","robots":{"index":"index","follow":"follow","max-snippet":"max-snippet:-1","max-image-preview":"max-image-preview:large","max-video-preview":"max-video-preview:-1"},"canonical":"https:\/\/www.eldiario.net\/portal\/2026\/08\/19\/sao-paulo-avanza-el-golazo-de-asprilla-y-la-mano-de-echeverria\/","og_locale":"es_ES","og_type":"article","og_title":"Sao Paulo avanza, el golazo de Asprilla y la mano de Echeverr\u00eda - El Diario - Bolivia","og_description":"El Diario Sao Paulo cumpli\u00f3 con los deberes en casa, le gan\u00f3 esta noche a Bol\u00edvar por 3-1, sentenci\u00f3 la llave a favor por 4-2 y avanz\u00f3 a cuartos de final donde se enfrentar\u00e1 a Boca Juniors. En la ida, en La Paz, Sao Paulo hab\u00eda mostrado su estirpe copera al arrancar un empate a [&hellip;]","og_url":"https:\/\/www.eldiario.net\/portal\/2026\/08\/19\/sao-paulo-avanza-el-golazo-de-asprilla-y-la-mano-de-echeverria\/","og_site_name":"El Diario - Bolivia","article_publisher":"https:\/\/www.facebook.com\/eldiario.bolivia\/","article_published_time":"2026-08-19T05:22:54+00:00","article_modified_time":"2026-08-19T14:16:13+00:00","og_image":[{"width":1080,"height":720,"url":"https:\/\/www.eldiario.net\/portal\/wp-content\/uploads\/2026\/08\/sabino-vale.webp","type":"image\/webp"}],"author":"Jhonny Mollinedo","twitter_card":"summary_large_image","twitter_creator":"@eldiario_net","twitter_site":"@eldiario_net","twitter_misc":{"Escrito por":"Jhonny Mollinedo","Tiempo de lectura":"2 minutos"},"schema":{"@context":"https:\/\/schema.org","@graph":[{"@type":"Article","@id":"https:\/\/www.eldiario.net\/portal\/2026\/08\/19\/sao-paulo-avanza-el-golazo-de-asprilla-y-la-mano-de-echeverria\/#article","isPartOf":{"@id":"https:\/\/www.eldiario.net\/portal\/2026\/08\/19\/sao-paulo-avanza-el-golazo-de-asprilla-y-la-mano-de-echeverria\/"},"author":{"name":"Jhonny Mollinedo","@id":"https:\/\/www.eldiario.net\/portal\/#\/schema\/person\/4827a631df9f245a7e27ab829ae89ae3"},"headline":"Sao Paulo avanza, el golazo de Asprilla y la mano de Echeverr\u00eda","datePublished":"2026-08-19T05:22:54+00:00","dateModified":"2026-08-19T14:16:13+00:00","mainEntityOfPage":{"@id":"https:\/\/www.eldiario.net\/portal\/2026\/08\/19\/sao-paulo-avanza-el-golazo-de-asprilla-y-la-mano-de-echeverria\/"},"wordCount":370,"publisher":{"@id":"https:\/\/www.eldiario.net\/portal\/#organization"},"image":{"@id":"https:\/\/www.eldiario.net\/portal\/2026\/08\/19\/sao-paulo-avanza-el-golazo-de-asprilla-y-la-mano-de-echeverria\/#primaryimage"},"thumbnailUrl":"https:\/\/www.eldiario.net\/portal\/wp-content\/uploads\/2026\/08\/sabino-vale.webp","articleSection":["Deportes"],"inLanguage":"es"},{"@type":"WebPage","@id":"https:\/\/www.eldiario.net\/portal\/2026\/08\/19\/sao-paulo-avanza-el-golazo-de-asprilla-y-la-mano-de-echeverria\/","url":"https:\/\/www.eldiario.net\/portal\/2026\/08\/19\/sao-paulo-avanza-el-golazo-de-asprilla-y-la-mano-de-echeverria\/","name":"Sao Paulo avanza, el golazo de Asprilla y la mano de Echeverr\u00eda - El Diario - Bolivia","isPartOf":{"@id":"https:\/\/www.eldiario.net\/portal\/#website"},"primaryImageOfPage":{"@id":"https:\/\/www.eldiario.net\/portal\/2026\/08\/19\/sao-paulo-avanza-el-golazo-de-asprilla-y-la-mano-de-echeverria\/#primaryimage"},"image":{"@id":"https:\/\/www.eldiario.net\/portal\/2026\/08\/19\/sao-paulo-avanza-el-golazo-de-asprilla-y-la-mano-de-echeverria\/#primaryimage"},"thumbnailUrl":"https:\/\/www.eldiario.net\/portal\/wp-content\/uploads\/2026\/08\/sabino-vale.webp","datePublished":"2026-08-19T05:22:54+00:00","dateModified":"2026-08-19T14:16:13+00:00","breadcrumb":{"@id":"https:\/\/www.eldiario.net\/portal\/2026\/08\/19\/sao-paulo-avanza-el-golazo-de-asprilla-y-la-mano-de-echeverria\/#breadcrumb"},"inLanguage":"es","potentialAction":[{"@type":"ReadAction","target":["https:\/\/www.eldiario.net\/portal\/2026\/08\/19\/sao-paulo-avanza-el-golazo-de-asprilla-y-la-mano-de-echeverria\/"]}]},{"@type":"ImageObject","inLanguage":"es","@id":"https:\/\/www.eldiario.net\/portal\/2026\/08\/19\/sao-paulo-avanza-el-golazo-de-asprilla-y-la-mano-de-echeverria\/#primaryimage","url":"https:\/\/www.eldiario.net\/portal\/wp-content\/uploads\/2026\/08\/sabino-vale.webp","contentUrl":"https:\/\/www.eldiario.net\/portal\/wp-content\/uploads\/2026\/08\/sabino-vale.webp","width":1080,"height":720},{"@type":"BreadcrumbList","@id":"https:\/\/www.eldiario.net\/portal\/2026\/08\/19\/sao-paulo-avanza-el-golazo-de-asprilla-y-la-mano-de-echeverria\/#breadcrumb","itemListElement":[{"@type":"ListItem","position":1,"name":"Portada","item":"https:\/\/www.eldiario.net\/portal\/"},{"@type":"ListItem","position":2,"name":"Sao Paulo avanza, el golazo de Asprilla y la mano de Echeverr\u00eda"}]},{"@type":"WebSite","@id":"https:\/\/www.eldiario.net\/portal\/#website","url":"https:\/\/www.eldiario.net\/portal\/","name":"El Diario - Decano de la prensa nacional","description":"El Diario - Decano de la prensa nacional","publisher":{"@id":"https:\/\/www.eldiario.net\/portal\/#organization"},"potentialAction":[{"@type":"SearchAction","target":{"@type":"EntryPoint","urlTemplate":"https:\/\/www.eldiario.net\/portal\/?s={search_term_string}"},"query-input":{"@type":"PropertyValueSpecification","valueRequired":true,"valueName":"search_term_string"}}],"inLanguage":"es"},{"@type":"Organization","@id":"https:\/\/www.eldiario.net\/portal\/#organization","name":"El Diario - Decano de la prensa nacional","url":"https:\/\/www.eldiario.net\/portal\/","logo":{"@type":"ImageObject","inLanguage":"es","@id":"https:\/\/www.eldiario.net\/portal\/#\/schema\/logo\/image\/","url":"https:\/\/www.eldiario.net\/portal\/wp-content\/uploads\/2023\/07\/logo_ED.jpg","contentUrl":"https:\/\/www.eldiario.net\/portal\/wp-content\/uploads\/2023\/07\/logo_ED.jpg","width":272,"height":52,"caption":"El Diario - Decano de la prensa nacional"},"image":{"@id":"https:\/\/www.eldiario.net\/portal\/#\/schema\/logo\/image\/"},"sameAs":["https:\/\/www.facebook.com\/eldiario.bolivia\/","https:\/\/x.com\/eldiario_net"]},{"@type":"Person","@id":"https:\/\/www.eldiario.net\/portal\/#\/schema\/person\/4827a631df9f245a7e27ab829ae89ae3","name":"Jhonny Mollinedo","image":{"@type":"ImageObject","inLanguage":"es","@id":"https:\/\/secure.gravatar.com\/avatar\/3ea2118a5f7dad2b7138b1187a6b7ee55f160b9968b66013c3a3ef39dd7e5798?s=96&d=mm&r=g","url":"https:\/\/secure.gravatar.com\/avatar\/3ea2118a5f7dad2b7138b1187a6b7ee55f160b9968b66013c3a3ef39dd7e5798?s=96&d=mm&r=g","contentUrl":"https:\/\/secure.gravatar.com\/avatar\/3ea2118a5f7dad2b7138b1187a6b7ee55f160b9968b66013c3a3ef39dd7e5798?s=96&d=mm&r=g","caption":"Jhonny Mollinedo"},"url":"https:\/\/www.eldiario.net\/portal\/author\/deportes\/"}]}},"_links":{"self":[{"href":"https:\/\/www.eldiario.net\/portal\/wp-json\/wp\/v2\/posts\/422737","targetHints":{"allow":["GET"]}}],"collection":[{"href":"https:\/\/www.eldiario.net\/portal\/wp-json\/wp\/v2\/posts"}],"about":[{"href":"https:\/\/www.eldiario.net\/portal\/wp-json\/wp\/v2\/types\/post"}],"author":[{"embeddable":true,"href":"https:\/\/www.eldiario.net\/portal\/wp-json\/wp\/v2\/users\/3"}],"replies":[{"embeddable":true,"href":"https:\/\/www.eldiario.net\/portal\/wp-json\/wp\/v2\/comments?post=422737"}],"version-history":[{"count":2,"href":"https:\/\/www.eldiario.net\/portal\/wp-json\/wp\/v2\/posts\/422737\/revisions"}],"predecessor-version":[{"id":422894,"href":"https:\/\/www.eldiario.net\/portal\/wp-json\/wp\/v2\/posts\/422737\/revisions\/422894"}],"wp:featuredmedia":[{"embeddable":true,"href":"https:\/\/www.eldiario.net\/portal\/wp-json\/wp\/v2\/media\/422738"}],"wp:attachment":[{"href":"https:\/\/www.eldiario.net\/portal\/wp-json\/wp\/v2\/media?parent=422737"}],"wp:term":[{"taxonomy":"category","embeddable":true,"href":"https:\/\/www.eldiario.net\/portal\/wp-json\/wp\/v2\/categories?post=422737"},{"taxonomy":"post_tag","embeddable":true,"href":"https:\/\/www.eldiario.net\/portal\/wp-json\/wp\/v2\/tags?post=422737"}],"curies":[{"name":"wp","href":"https:\/\/api.w.org\/{rel}","templated":true}]}}