{"id":422733,"date":"2026-08-19T01:00:32","date_gmt":"2026-08-19T05:00:32","guid":{"rendered":"https:\/\/www.eldiario.net\/portal\/?p=422733"},"modified":"2026-08-18T23:08:02","modified_gmt":"2026-08-19T03:08:02","slug":"cerimedo-queda-aprehendido-fiscalia-pedira-su-detencion-2","status":"publish","type":"post","link":"https:\/\/www.eldiario.net\/portal\/2026\/08\/19\/cerimedo-queda-aprehendido-fiscalia-pedira-su-detencion-2\/","title":{"rendered":"Cerimedo queda aprehendido; Fiscal\u00eda pedir\u00e1 su detenci\u00f3n"},"content":{"rendered":"<p>Fernando Cerimedo pas\u00f3 de estar arrestado a quedar aprehendido por tentativa de feminicidio por el ataque armado contra Nadia Beller, mientras la Fiscal\u00eda anunci\u00f3 que solicitar\u00e1 su detenci\u00f3n preventiva ante un juez. Adem\u00e1s, el Ministerio P\u00fablico abri\u00f3 una segunda investigaci\u00f3n contra el asesor presidencial por enriquecimiento, a partir de las declaraciones realizadas por la v\u00edctima.<\/p>\n<p>La decisi\u00f3n fue confirmada por el fiscal general del Estado, Roger Mariaca, quien explic\u00f3 que Cerimedo fue sometido a una declaraci\u00f3n y que, a partir de los elementos reunidos hasta el momento, se emiti\u00f3 una resoluci\u00f3n de aprehensi\u00f3n en su contra. La Fiscal\u00eda argument\u00f3 adem\u00e1s la existencia de riesgos de fuga y de obstaculizaci\u00f3n de la investigaci\u00f3n para anticipar que pedir\u00e1 su detenci\u00f3n preventiva.<\/p>\n<p>Despu\u00e9s de que su situaci\u00f3n jur\u00eddica cambi\u00f3 de arrestado a aprehendido, Cerimedo volvi\u00f3 a ser convocado por los investigadores, pero esta vez decidi\u00f3 abstenerse de declarar, seg\u00fan inform\u00f3 su abogado, Ernesto Giraldes. El defensor se\u00f1al\u00f3 que su cliente ya hab\u00eda prestado declaraci\u00f3n cuando se encontraba arrestado y que ahora espera acceder a la documentaci\u00f3n del proceso para definir la estrategia de defensa.<\/p>\n<p>El cambio en la situaci\u00f3n jur\u00eddica se produjo horas despu\u00e9s del ataque que dej\u00f3 a Beller con tres impactos de bala en el cuello, t\u00f3rax y brazo. Los proyectiles fueron extra\u00eddos y, de acuerdo con la valoraci\u00f3n del Instituto de Investigaciones Forenses (IDIF), las heridas corresponden a traumatismos penetrantes. Inicialmente se establecieron 30 d\u00edas de incapacidad, aunque este periodo podr\u00eda ampliarse seg\u00fan su evoluci\u00f3n m\u00e9dica.<\/p>\n<p>La abogada permanece internada y, seg\u00fan la informaci\u00f3n proporcionada por la Fiscal\u00eda, se encuentra consciente y bajo observaci\u00f3n m\u00e9dica. Los investigadores presumen que los atacantes utilizaron un arma calibre 9 mil\u00edmetros, a partir de las caracter\u00edsticas de los proyectiles recuperados.<\/p>\n<p>La investigaci\u00f3n tambi\u00e9n modific\u00f3 su calificaci\u00f3n inicial. El caso comenz\u00f3 siendo tratado como un intento de asesinato, pero el Ministerio P\u00fablico pas\u00f3 a investigarlo como tentativa de feminicidio despu\u00e9s de establecer que Beller y Cerimedo mantuvieron una relaci\u00f3n sentimental.<\/p>\n<p>BELLER APUNTA A CERIMEDO<\/p>\n<p>Desde el hospital, Beller acus\u00f3 directamente a Cerimedo de estar detr\u00e1s del ataque y sostuvo que el atentado buscaba impedir que revelara informaci\u00f3n que, seg\u00fan afirm\u00f3, conoc\u00eda por su relaci\u00f3n con \u00e9l.<\/p>\n<p>La activista sostuvo que durante el tiempo que mantuvo una relaci\u00f3n con Cerimedo tuvo conocimiento de presuntos negocios y operaciones vinculadas con personas del entorno gubernamental. Asimismo, sostuvo que cuenta con elementos que respaldan sus afirmaciones y que podr\u00edan explicar el intento de asesinarla.<\/p>\n<p>Esas declaraciones derivaron en una nueva actuaci\u00f3n del Ministerio P\u00fablico. El fiscal departamental de La Paz, Carlos Torres, inform\u00f3 que se abri\u00f3 una investigaci\u00f3n contra Cerimedo por enriquecimiento, tomando como punto de partida los hechos irregulares referidos por Beller durante su declaraci\u00f3n.<\/p>\n<p>Por su parte, la abogada tambi\u00e9n lanz\u00f3 una acusaci\u00f3n pol\u00edtica sobre la influencia que atribuye a Cerimedo dentro del Ejecutivo.<\/p>\n<p>\u201cAqu\u00ed no gobierna Rodrigo Paz, gobierna Fernando Cerimedo\u201d, afirm\u00f3.<\/p>\n<p>La activista insisti\u00f3 en esa acusaci\u00f3n al se\u00f1alar que el asesor presidencial tendr\u00eda una influencia que, seg\u00fan su versi\u00f3n, exceder\u00eda sus funciones y llegar\u00eda a decisiones vinculadas con el poder pol\u00edtico y los negocios del entorno presidencial.<\/p>\n<p>Beller tambi\u00e9n afirm\u00f3 que Cerimedo tendr\u00eda influencia sobre un grupo policial que, seg\u00fan su relato, habr\u00eda participado en acciones vinculadas con el atentado. Asegur\u00f3 que, si \u00e9l no hubiera ordenado directamente el ataque, tendr\u00eda conocimiento sobre qui\u00e9nes fueron los autores. \u201cSi es que \u00e9l no mand\u00f3 los sicarios, \u00e9l sabe qui\u00e9nes son los sicarios\u201d, declar\u00f3.<\/p>\n<p>Estas afirmaciones corresponden a la versi\u00f3n de la sobreviviente y forman parte de los elementos que deber\u00e1n ser contrastados durante la investigaci\u00f3n. Mientras la causa por tentativa de feminicidio busca establecer las circunstancias del ataque y la posible participaci\u00f3n de Cerimedo, el nuevo proceso por enriquecimiento deber\u00e1 determinar el origen y la naturaleza de los bienes y objetos encontrados durante los allanamientos.<\/p>\n<p>FINGI\u00d3 SU MUERTE<\/p>\n<p>La v\u00edctima tambi\u00e9n describi\u00f3 c\u00f3mo logr\u00f3 sobrevivir al ataque ocurrido en el ingreso de un hotel de Santa Cruz. Seg\u00fan su relato, los agresores llegaron hasta el lugar y le dispararon antes de escapar.<\/p>\n<p>Beller asegur\u00f3 que, despu\u00e9s de recibir los impactos, cay\u00f3 al suelo y decidi\u00f3 fingir que estaba muerta para evitar que los atacantes volvieran a dispararle.<\/p>\n<p>\u201cMe dispararon y yo fing\u00ed que me mataron, me tir\u00e9 al piso, me qued\u00e9 ah\u00ed como media hora sin moverme\u201d, relat\u00f3.<\/p>\n<p>Seg\u00fan su versi\u00f3n, uno de los atacantes habr\u00eda dudado sobre si acercarse nuevamente a ella, mientras que el otro le habr\u00eda indicado que ya hab\u00edan cumplido su cometido.<\/p>\n<p>Por ello, Beller sostuvo que su decisi\u00f3n de permanecer inm\u00f3vil fue determinante para salvar su vida. \u201cSi es que yo no fing\u00eda mi muerte, me iban a rematar\u201d, afirm\u00f3.<\/p>\n<p>Durante el ataque, adem\u00e1s, los agresores le habr\u00edan sustra\u00eddo un tel\u00e9fono celular y una cartera. Beller asegur\u00f3 que en el dispositivo conservaba informaci\u00f3n relacionada con las denuncias que posteriormente hizo p\u00fablicas.<\/p>\n<p>ALLANAMIENTOS<\/p>\n<p>En el marco de la nueva investigaci\u00f3n por enriquecimiento, una comisi\u00f3n de fiscales y polic\u00edas allan\u00f3 dos inmuebles vinculados con Cerimedo en la zona sur de La Paz.<\/p>\n<p>Durante los operativos se encontraron dinero en efectivo, cuyo monto todav\u00eda estaba siendo cuantificado, adem\u00e1s de un tel\u00e9fono satelital, maletas, muebles con compartimientos destinados a ocultar objetos de valor y otros elementos.<\/p>\n<p>Seg\u00fan inform\u00f3 el fiscal departamental, Carlos Torres, entre los objetos reportados tambi\u00e9n figuran un veh\u00edculo con destelladores similares a los utilizados en veh\u00edculos oficiales, una motocicleta con las llaves puestas y camisetas de la Polic\u00eda Boliviana.<\/p>\n<p>La Fiscal\u00eda se\u00f1al\u00f3 que todos estos elementos ser\u00e1n sometidos a investigaci\u00f3n y que todav\u00eda no existe una conclusi\u00f3n sobre su relaci\u00f3n con el delito de enriquecimiento. Los investigadores deber\u00e1n establecer adem\u00e1s la procedencia del dinero y de los dem\u00e1s objetos encontrados.<\/p>\n<p>La nueva investigaci\u00f3n se origin\u00f3 a partir de las declaraciones de Beller y avanza de manera paralela al proceso por tentativa de feminicidio. El Ministerio P\u00fablico deber\u00e1 determinar si los elementos encontrados tienen relaci\u00f3n con los hechos denunciados y si existe responsabilidad penal.<\/p>\n<p>INVESTIGACI\u00d3N SIN RESERVA<\/p>\n<p>En paralelo a las diligencias fiscales, el Tribunal Supremo de Justicia (TSJ) instruy\u00f3 al juez encargado del proceso para que la investigaci\u00f3n no sea declarada en reserva, con el argumento de que Beller pueda acceder a informaci\u00f3n relacionada con el caso.<\/p>\n<p>El presidente del TSJ, Romer Saucedo, inform\u00f3 adem\u00e1s que tuvo contacto telef\u00f3nico con Cerimedo despu\u00e9s de conocer el ataque contra Beller y que el ahora aprehendido le habr\u00eda comunicado que la v\u00edctima estaba embarazada y que se trasladaba a Santa Cruz.<\/p>\n<p>GOBIERNO RESPONDE<\/p>\n<p>Ante las acusaciones realizadas por Beller, el vocero presidencial, Jos\u00e9 Luis G\u00e1lvez, asegur\u00f3 que el caso debe ser investigado y juzgado y que el investigado no recibir\u00e1 ning\u00fan tipo de protecci\u00f3n pol\u00edtica.<\/p>\n<p>\u201cEste se\u00f1or se encuentra sometido a la investigaci\u00f3n correspondiente y no ha recibido ni recibir\u00e1 ning\u00fan tipo de protecci\u00f3n pol\u00edtica\u201d, afirm\u00f3 Galvez, al se\u00f1alar que el Ejecutivo actu\u00f3 de manera inmediata frente al ataque y que garantizar\u00e1 que se esclarezcan los hechos.<\/p>\n<p>El vocero tambi\u00e9n inform\u00f3 que el Gobierno reforz\u00f3 la seguridad de Beller con 15 polic\u00edas destinados a la puerta de la habitaci\u00f3n donde permanece internada. Seg\u00fan explic\u00f3, la medida busca resguardar a la v\u00edctima mientras contin\u00faan las investigaciones.<\/p>\n<p>Galvez sostuvo adem\u00e1s que el Gobierno \u201cno tiene absolutamente nada que ocultar\u201d y explic\u00f3 que Cerimedo fue un apoyo durante la campa\u00f1a electoral de Rodrigo Paz, pero que no ocup\u00f3 ning\u00fan cargo ni puesto dentro del Estado. Precis\u00f3 que se desempe\u00f1\u00f3 como asesor personal de Paz y no como funcionario del Gobierno, y afirm\u00f3 que no se lo vio emitir decisiones ni ejercer un cargo dentro de la administraci\u00f3n estatal.<\/p>\n<p>Respecto a las denuncias formuladas por Beller, el vocero las calific\u00f3 como \u201cdenuncias dif\u00edciles de creer\u201d y sostuvo que corresponde investigar si las afirmaciones realizadas por la activista tienen sustento.<\/p>\n<p>NUEVA ETAPA<\/p>\n<p>Con la aprehensi\u00f3n de Cerimedo, la Fiscal\u00eda deber\u00e1 presentar ante un juez los elementos que sustentan la decisi\u00f3n y solicitar su detenci\u00f3n preventiva. A esta causa se suma la investigaci\u00f3n por enriquecimiento, que ya deriv\u00f3 en allanamientos y la recolecci\u00f3n de elementos que ser\u00e1n analizados.<\/p>\n<p>Las pesquisas deber\u00e1n establecer la posible participaci\u00f3n de Cerimedo, identificar a los autores materiales y determinar si existen otros involucrados, adem\u00e1s de establecer la relaci\u00f3n entre el ataque y las denuncias de Beller. El Gobierno asegur\u00f3 que el investigado ser\u00e1 sometido al proceso correspondiente y no recibir\u00e1 protecci\u00f3n pol\u00edtica, mientras Beller permanece hospitalizada bajo resguardo policial.<\/p>\n\r\n                <style type=\"text\/css\">\r\n                    \r\n                    #tdi_1  .td-doubleSlider-2 .td-item1 {\r\n                        background: url(https:\/\/www.eldiario.net\/portal\/wp-content\/uploads\/2026\/08\/19-CERIMEDO-2-80x60.webp) 0 0 no-repeat;\r\n                    }\r\n                    #tdi_1  .td-doubleSlider-2 .td-item2 {\r\n                        background: url(https:\/\/www.eldiario.net\/portal\/wp-content\/uploads\/2026\/08\/19-CERIMEDO-1-80x60.webp) 0 0 no-repeat;\r\n                    }\r\n                <\/style>\r\n\r\n                <div id=\"tdi_1\" class=\"td-gallery td-slide-on-2-columns\">\r\n                    <div class=\"post_td_gallery\">\r\n                        <div class=\"td-gallery-slide-top\">\r\n                           <div class=\"td-gallery-title\"><\/div>\r\n\r\n                            <div class=\"td-gallery-controls-wrapper\">\r\n                                <div class=\"td-gallery-slide-count\"><span class=\"td-gallery-slide-item-focus\">1<\/span> de 2<\/div>\r\n                                <div class=\"td-gallery-slide-prev-next-but\">\r\n                                    <i class = \"td-icon-left doubleSliderPrevButton\"><\/i>\r\n                                    <i class = \"td-icon-right doubleSliderNextButton\"><\/i>\r\n                                <\/div>\r\n                            <\/div>\r\n                        <\/div>\r\n\r\n                        <div class = \"td-doubleSlider-1 \">\r\n                            <div class = \"td-slider\">\r\n                                \r\n                    <div class = \"td-slide-item td-item1\">\r\n                        <figure class=\"td-slide-galery-figure td-slide-popup-gallery\">\r\n                            <a class=\"slide-gallery-image-link\" href=\"https:\/\/www.eldiario.net\/portal\/wp-content\/uploads\/2026\/08\/19-CERIMEDO-2.webp\" title=\"19-CERIMEDO-2\"  data-caption=\"\"  data-description=\"\">\r\n                                <img decoding=\"async\" src=\"https:\/\/www.eldiario.net\/portal\/wp-content\/uploads\/2026\/08\/19-CERIMEDO-2-456x420.webp\" srcset=\"https:\/\/www.eldiario.net\/portal\/wp-content\/uploads\/2026\/08\/19-CERIMEDO-2-456x420.webp 456w, https:\/\/www.eldiario.net\/portal\/wp-content\/uploads\/2026\/08\/19-CERIMEDO-2-300x276.webp 300w, https:\/\/www.eldiario.net\/portal\/wp-content\/uploads\/2026\/08\/19-CERIMEDO-2-1024x943.webp 1024w, https:\/\/www.eldiario.net\/portal\/wp-content\/uploads\/2026\/08\/19-CERIMEDO-2-768x707.webp 768w, https:\/\/www.eldiario.net\/portal\/wp-content\/uploads\/2026\/08\/19-CERIMEDO-2-150x138.webp 150w, https:\/\/www.eldiario.net\/portal\/wp-content\/uploads\/2026\/08\/19-CERIMEDO-2-696x641.webp 696w, https:\/\/www.eldiario.net\/portal\/wp-content\/uploads\/2026\/08\/19-CERIMEDO-2-1068x983.webp 1068w, https:\/\/www.eldiario.net\/portal\/wp-content\/uploads\/2026\/08\/19-CERIMEDO-2.webp 1074w\" sizes=\"(max-width: 456px) 100vw, 456px\" alt=\"\">\r\n                            <\/a>\r\n                            \r\n                        <\/figure>\r\n                    <\/div>\r\n                    <div class = \"td-slide-item td-item2\">\r\n                        <figure class=\"td-slide-galery-figure td-slide-popup-gallery\">\r\n                            <a class=\"slide-gallery-image-link\" href=\"https:\/\/www.eldiario.net\/portal\/wp-content\/uploads\/2026\/08\/19-CERIMEDO-1.webp\" title=\"19 CERIMEDO 1\"  data-caption=\"\"  data-description=\"\">\r\n                                <img decoding=\"async\" src=\"https:\/\/www.eldiario.net\/portal\/wp-content\/uploads\/2026\/08\/19-CERIMEDO-1-505x420.webp\" srcset=\"https:\/\/www.eldiario.net\/portal\/wp-content\/uploads\/2026\/08\/19-CERIMEDO-1-505x420.webp 505w, https:\/\/www.eldiario.net\/portal\/wp-content\/uploads\/2026\/08\/19-CERIMEDO-1-300x250.webp 300w, https:\/\/www.eldiario.net\/portal\/wp-content\/uploads\/2026\/08\/19-CERIMEDO-1-150x125.webp 150w, https:\/\/www.eldiario.net\/portal\/wp-content\/uploads\/2026\/08\/19-CERIMEDO-1.webp 531w\" sizes=\"(max-width: 505px) 100vw, 505px\" alt=\"\">\r\n                            <\/a>\r\n                            \r\n                        <\/figure>\r\n                    <\/div>\r\n                            <\/div>\r\n                        <\/div>\r\n\r\n                        <div class = \"td-doubleSlider-2\">\r\n                            <div class = \"td-slider\">\r\n                                \r\n                    <div class = \"td-button td-item1\">\r\n                        <div class = \"td-border\"><\/div>\r\n                    <\/div>\r\n                    <div class = \"td-button td-item2\">\r\n                        <div class = \"td-border\"><\/div>\r\n                    <\/div>\r\n                            <\/div>\r\n                        <\/div>\r\n\r\n                    <\/div>\r\n\r\n                <\/div>\r\n                \n","protected":false},"excerpt":{"rendered":"<p>Fernando Cerimedo pas\u00f3 de estar arrestado a quedar aprehendido por tentativa de feminicidio por el ataque armado contra Nadia Beller, mientras la Fiscal\u00eda anunci\u00f3 que solicitar\u00e1 su detenci\u00f3n preventiva ante un juez. Adem\u00e1s, el Ministerio P\u00fablico abri\u00f3 una segunda investigaci\u00f3n contra el asesor presidencial por enriquecimiento, a partir de las declaraciones realizadas por la v\u00edctima. [&hellip;]<\/p>\n","protected":false},"author":1,"featured_media":422735,"comment_status":"closed","ping_status":"open","sticky":false,"template":"","format":"standard","meta":{"_acf_changed":false,"footnotes":""},"categories":[39],"tags":[],"class_list":["post-422733","post","type-post","status-publish","format-standard","has-post-thumbnail","category-sociedad"],"acf":{"antetitulo":"Tras atentado contra Nadia Beller"},"yoast_head":"<!-- This site is optimized with the Yoast SEO plugin v28.3 - https:\/\/yoast.com\/product\/yoast-seo-wordpress\/ -->\n<title>Cerimedo queda aprehendido; Fiscal\u00eda pedir\u00e1 su detenci\u00f3n - El Diario - Bolivia<\/title>\n<meta name=\"robots\" content=\"index, follow, max-snippet:-1, max-image-preview:large, max-video-preview:-1\" \/>\n<link rel=\"canonical\" href=\"https:\/\/www.eldiario.net\/portal\/2026\/08\/19\/cerimedo-queda-aprehendido-fiscalia-pedira-su-detencion-2\/\" \/>\n<meta property=\"og:locale\" content=\"es_ES\" \/>\n<meta property=\"og:type\" content=\"article\" \/>\n<meta property=\"og:title\" content=\"Cerimedo queda aprehendido; Fiscal\u00eda pedir\u00e1 su detenci\u00f3n - El Diario - Bolivia\" \/>\n<meta property=\"og:description\" content=\"Fernando Cerimedo pas\u00f3 de estar arrestado a quedar aprehendido por tentativa de feminicidio por el ataque armado contra Nadia Beller, mientras la Fiscal\u00eda anunci\u00f3 que solicitar\u00e1 su detenci\u00f3n preventiva ante un juez. Adem\u00e1s, el Ministerio P\u00fablico abri\u00f3 una segunda investigaci\u00f3n contra el asesor presidencial por enriquecimiento, a partir de las declaraciones realizadas por la v\u00edctima. [&hellip;]\" \/>\n<meta property=\"og:url\" content=\"https:\/\/www.eldiario.net\/portal\/2026\/08\/19\/cerimedo-queda-aprehendido-fiscalia-pedira-su-detencion-2\/\" \/>\n<meta property=\"og:site_name\" content=\"El Diario - Bolivia\" \/>\n<meta property=\"article:publisher\" content=\"https:\/\/www.facebook.com\/eldiario.bolivia\/\" \/>\n<meta property=\"article:published_time\" content=\"2026-08-19T05:00:32+00:00\" \/>\n<meta property=\"og:image\" content=\"https:\/\/www.eldiario.net\/portal\/wp-content\/uploads\/2026\/08\/19-CERIMEDO-1.webp\" \/>\n\t<meta property=\"og:image:width\" content=\"531\" \/>\n\t<meta property=\"og:image:height\" content=\"442\" \/>\n\t<meta property=\"og:image:type\" content=\"image\/webp\" \/>\n<meta name=\"author\" content=\"Jeanette\" \/>\n<meta name=\"twitter:card\" content=\"summary_large_image\" \/>\n<meta name=\"twitter:creator\" content=\"@eldiario_net\" \/>\n<meta name=\"twitter:site\" content=\"@eldiario_net\" \/>\n<meta name=\"twitter:label1\" content=\"Escrito por\" \/>\n\t<meta name=\"twitter:data1\" content=\"Jeanette\" \/>\n\t<meta name=\"twitter:label2\" content=\"Tiempo de lectura\" \/>\n\t<meta name=\"twitter:data2\" content=\"7 minutos\" \/>\n<script type=\"application\/ld+json\" class=\"yoast-schema-graph\">{\"@context\":\"https:\\\/\\\/schema.org\",\"@graph\":[{\"@type\":\"Article\",\"@id\":\"https:\\\/\\\/www.eldiario.net\\\/portal\\\/2026\\\/08\\\/19\\\/cerimedo-queda-aprehendido-fiscalia-pedira-su-detencion-2\\\/#article\",\"isPartOf\":{\"@id\":\"https:\\\/\\\/www.eldiario.net\\\/portal\\\/2026\\\/08\\\/19\\\/cerimedo-queda-aprehendido-fiscalia-pedira-su-detencion-2\\\/\"},\"author\":{\"name\":\"Jeanette\",\"@id\":\"https:\\\/\\\/www.eldiario.net\\\/portal\\\/#\\\/schema\\\/person\\\/f46445640444750d7d753ccd04ae01b7\"},\"headline\":\"Cerimedo queda aprehendido; Fiscal\u00eda pedir\u00e1 su detenci\u00f3n\",\"datePublished\":\"2026-08-19T05:00:32+00:00\",\"mainEntityOfPage\":{\"@id\":\"https:\\\/\\\/www.eldiario.net\\\/portal\\\/2026\\\/08\\\/19\\\/cerimedo-queda-aprehendido-fiscalia-pedira-su-detencion-2\\\/\"},\"wordCount\":1564,\"publisher\":{\"@id\":\"https:\\\/\\\/www.eldiario.net\\\/portal\\\/#organization\"},\"image\":{\"@id\":\"https:\\\/\\\/www.eldiario.net\\\/portal\\\/2026\\\/08\\\/19\\\/cerimedo-queda-aprehendido-fiscalia-pedira-su-detencion-2\\\/#primaryimage\"},\"thumbnailUrl\":\"https:\\\/\\\/www.eldiario.net\\\/portal\\\/wp-content\\\/uploads\\\/2026\\\/08\\\/19-CERIMEDO-1.webp\",\"articleSection\":[\"Sociedad - Seguridad\"],\"inLanguage\":\"es\"},{\"@type\":\"WebPage\",\"@id\":\"https:\\\/\\\/www.eldiario.net\\\/portal\\\/2026\\\/08\\\/19\\\/cerimedo-queda-aprehendido-fiscalia-pedira-su-detencion-2\\\/\",\"url\":\"https:\\\/\\\/www.eldiario.net\\\/portal\\\/2026\\\/08\\\/19\\\/cerimedo-queda-aprehendido-fiscalia-pedira-su-detencion-2\\\/\",\"name\":\"Cerimedo queda aprehendido; Fiscal\u00eda pedir\u00e1 su detenci\u00f3n - El Diario - Bolivia\",\"isPartOf\":{\"@id\":\"https:\\\/\\\/www.eldiario.net\\\/portal\\\/#website\"},\"primaryImageOfPage\":{\"@id\":\"https:\\\/\\\/www.eldiario.net\\\/portal\\\/2026\\\/08\\\/19\\\/cerimedo-queda-aprehendido-fiscalia-pedira-su-detencion-2\\\/#primaryimage\"},\"image\":{\"@id\":\"https:\\\/\\\/www.eldiario.net\\\/portal\\\/2026\\\/08\\\/19\\\/cerimedo-queda-aprehendido-fiscalia-pedira-su-detencion-2\\\/#primaryimage\"},\"thumbnailUrl\":\"https:\\\/\\\/www.eldiario.net\\\/portal\\\/wp-content\\\/uploads\\\/2026\\\/08\\\/19-CERIMEDO-1.webp\",\"datePublished\":\"2026-08-19T05:00:32+00:00\",\"breadcrumb\":{\"@id\":\"https:\\\/\\\/www.eldiario.net\\\/portal\\\/2026\\\/08\\\/19\\\/cerimedo-queda-aprehendido-fiscalia-pedira-su-detencion-2\\\/#breadcrumb\"},\"inLanguage\":\"es\",\"potentialAction\":[{\"@type\":\"ReadAction\",\"target\":[\"https:\\\/\\\/www.eldiario.net\\\/portal\\\/2026\\\/08\\\/19\\\/cerimedo-queda-aprehendido-fiscalia-pedira-su-detencion-2\\\/\"]}]},{\"@type\":\"ImageObject\",\"inLanguage\":\"es\",\"@id\":\"https:\\\/\\\/www.eldiario.net\\\/portal\\\/2026\\\/08\\\/19\\\/cerimedo-queda-aprehendido-fiscalia-pedira-su-detencion-2\\\/#primaryimage\",\"url\":\"https:\\\/\\\/www.eldiario.net\\\/portal\\\/wp-content\\\/uploads\\\/2026\\\/08\\\/19-CERIMEDO-1.webp\",\"contentUrl\":\"https:\\\/\\\/www.eldiario.net\\\/portal\\\/wp-content\\\/uploads\\\/2026\\\/08\\\/19-CERIMEDO-1.webp\",\"width\":531,\"height\":442},{\"@type\":\"BreadcrumbList\",\"@id\":\"https:\\\/\\\/www.eldiario.net\\\/portal\\\/2026\\\/08\\\/19\\\/cerimedo-queda-aprehendido-fiscalia-pedira-su-detencion-2\\\/#breadcrumb\",\"itemListElement\":[{\"@type\":\"ListItem\",\"position\":1,\"name\":\"Portada\",\"item\":\"https:\\\/\\\/www.eldiario.net\\\/portal\\\/\"},{\"@type\":\"ListItem\",\"position\":2,\"name\":\"Cerimedo queda aprehendido; Fiscal\u00eda pedir\u00e1 su detenci\u00f3n\"}]},{\"@type\":\"WebSite\",\"@id\":\"https:\\\/\\\/www.eldiario.net\\\/portal\\\/#website\",\"url\":\"https:\\\/\\\/www.eldiario.net\\\/portal\\\/\",\"name\":\"El Diario - Decano de la prensa nacional\",\"description\":\"El Diario - Decano de la prensa nacional\",\"publisher\":{\"@id\":\"https:\\\/\\\/www.eldiario.net\\\/portal\\\/#organization\"},\"potentialAction\":[{\"@type\":\"SearchAction\",\"target\":{\"@type\":\"EntryPoint\",\"urlTemplate\":\"https:\\\/\\\/www.eldiario.net\\\/portal\\\/?s={search_term_string}\"},\"query-input\":{\"@type\":\"PropertyValueSpecification\",\"valueRequired\":true,\"valueName\":\"search_term_string\"}}],\"inLanguage\":\"es\"},{\"@type\":\"Organization\",\"@id\":\"https:\\\/\\\/www.eldiario.net\\\/portal\\\/#organization\",\"name\":\"El Diario - Decano de la prensa nacional\",\"url\":\"https:\\\/\\\/www.eldiario.net\\\/portal\\\/\",\"logo\":{\"@type\":\"ImageObject\",\"inLanguage\":\"es\",\"@id\":\"https:\\\/\\\/www.eldiario.net\\\/portal\\\/#\\\/schema\\\/logo\\\/image\\\/\",\"url\":\"https:\\\/\\\/www.eldiario.net\\\/portal\\\/wp-content\\\/uploads\\\/2023\\\/07\\\/logo_ED.jpg\",\"contentUrl\":\"https:\\\/\\\/www.eldiario.net\\\/portal\\\/wp-content\\\/uploads\\\/2023\\\/07\\\/logo_ED.jpg\",\"width\":272,\"height\":52,\"caption\":\"El Diario - Decano de la prensa nacional\"},\"image\":{\"@id\":\"https:\\\/\\\/www.eldiario.net\\\/portal\\\/#\\\/schema\\\/logo\\\/image\\\/\"},\"sameAs\":[\"https:\\\/\\\/www.facebook.com\\\/eldiario.bolivia\\\/\",\"https:\\\/\\\/x.com\\\/eldiario_net\"]},{\"@type\":\"Person\",\"@id\":\"https:\\\/\\\/www.eldiario.net\\\/portal\\\/#\\\/schema\\\/person\\\/f46445640444750d7d753ccd04ae01b7\",\"name\":\"Jeanette\",\"image\":{\"@type\":\"ImageObject\",\"inLanguage\":\"es\",\"@id\":\"https:\\\/\\\/secure.gravatar.com\\\/avatar\\\/3ea2118a5f7dad2b7138b1187a6b7ee55f160b9968b66013c3a3ef39dd7e5798?s=96&d=mm&r=g\",\"url\":\"https:\\\/\\\/secure.gravatar.com\\\/avatar\\\/3ea2118a5f7dad2b7138b1187a6b7ee55f160b9968b66013c3a3ef39dd7e5798?s=96&d=mm&r=g\",\"contentUrl\":\"https:\\\/\\\/secure.gravatar.com\\\/avatar\\\/3ea2118a5f7dad2b7138b1187a6b7ee55f160b9968b66013c3a3ef39dd7e5798?s=96&d=mm&r=g\",\"caption\":\"Jeanette\"},\"sameAs\":[\"https:\\\/\\\/www.eldiario.net\\\/portal\"],\"url\":\"https:\\\/\\\/www.eldiario.net\\\/portal\\\/author\\\/jeanette\\\/\"}]}<\/script>\n<!-- \/ Yoast SEO plugin. -->","yoast_head_json":{"title":"Cerimedo queda aprehendido; Fiscal\u00eda pedir\u00e1 su detenci\u00f3n - El Diario - Bolivia","robots":{"index":"index","follow":"follow","max-snippet":"max-snippet:-1","max-image-preview":"max-image-preview:large","max-video-preview":"max-video-preview:-1"},"canonical":"https:\/\/www.eldiario.net\/portal\/2026\/08\/19\/cerimedo-queda-aprehendido-fiscalia-pedira-su-detencion-2\/","og_locale":"es_ES","og_type":"article","og_title":"Cerimedo queda aprehendido; Fiscal\u00eda pedir\u00e1 su detenci\u00f3n - El Diario - Bolivia","og_description":"Fernando Cerimedo pas\u00f3 de estar arrestado a quedar aprehendido por tentativa de feminicidio por el ataque armado contra Nadia Beller, mientras la Fiscal\u00eda anunci\u00f3 que solicitar\u00e1 su detenci\u00f3n preventiva ante un juez. Adem\u00e1s, el Ministerio P\u00fablico abri\u00f3 una segunda investigaci\u00f3n contra el asesor presidencial por enriquecimiento, a partir de las declaraciones realizadas por la v\u00edctima. [&hellip;]","og_url":"https:\/\/www.eldiario.net\/portal\/2026\/08\/19\/cerimedo-queda-aprehendido-fiscalia-pedira-su-detencion-2\/","og_site_name":"El Diario - Bolivia","article_publisher":"https:\/\/www.facebook.com\/eldiario.bolivia\/","article_published_time":"2026-08-19T05:00:32+00:00","og_image":[{"width":531,"height":442,"url":"https:\/\/www.eldiario.net\/portal\/wp-content\/uploads\/2026\/08\/19-CERIMEDO-1.webp","type":"image\/webp"}],"author":"Jeanette","twitter_card":"summary_large_image","twitter_creator":"@eldiario_net","twitter_site":"@eldiario_net","twitter_misc":{"Escrito por":"Jeanette","Tiempo de lectura":"7 minutos"},"schema":{"@context":"https:\/\/schema.org","@graph":[{"@type":"Article","@id":"https:\/\/www.eldiario.net\/portal\/2026\/08\/19\/cerimedo-queda-aprehendido-fiscalia-pedira-su-detencion-2\/#article","isPartOf":{"@id":"https:\/\/www.eldiario.net\/portal\/2026\/08\/19\/cerimedo-queda-aprehendido-fiscalia-pedira-su-detencion-2\/"},"author":{"name":"Jeanette","@id":"https:\/\/www.eldiario.net\/portal\/#\/schema\/person\/f46445640444750d7d753ccd04ae01b7"},"headline":"Cerimedo queda aprehendido; Fiscal\u00eda pedir\u00e1 su detenci\u00f3n","datePublished":"2026-08-19T05:00:32+00:00","mainEntityOfPage":{"@id":"https:\/\/www.eldiario.net\/portal\/2026\/08\/19\/cerimedo-queda-aprehendido-fiscalia-pedira-su-detencion-2\/"},"wordCount":1564,"publisher":{"@id":"https:\/\/www.eldiario.net\/portal\/#organization"},"image":{"@id":"https:\/\/www.eldiario.net\/portal\/2026\/08\/19\/cerimedo-queda-aprehendido-fiscalia-pedira-su-detencion-2\/#primaryimage"},"thumbnailUrl":"https:\/\/www.eldiario.net\/portal\/wp-content\/uploads\/2026\/08\/19-CERIMEDO-1.webp","articleSection":["Sociedad - Seguridad"],"inLanguage":"es"},{"@type":"WebPage","@id":"https:\/\/www.eldiario.net\/portal\/2026\/08\/19\/cerimedo-queda-aprehendido-fiscalia-pedira-su-detencion-2\/","url":"https:\/\/www.eldiario.net\/portal\/2026\/08\/19\/cerimedo-queda-aprehendido-fiscalia-pedira-su-detencion-2\/","name":"Cerimedo queda aprehendido; Fiscal\u00eda pedir\u00e1 su detenci\u00f3n - El Diario - Bolivia","isPartOf":{"@id":"https:\/\/www.eldiario.net\/portal\/#website"},"primaryImageOfPage":{"@id":"https:\/\/www.eldiario.net\/portal\/2026\/08\/19\/cerimedo-queda-aprehendido-fiscalia-pedira-su-detencion-2\/#primaryimage"},"image":{"@id":"https:\/\/www.eldiario.net\/portal\/2026\/08\/19\/cerimedo-queda-aprehendido-fiscalia-pedira-su-detencion-2\/#primaryimage"},"thumbnailUrl":"https:\/\/www.eldiario.net\/portal\/wp-content\/uploads\/2026\/08\/19-CERIMEDO-1.webp","datePublished":"2026-08-19T05:00:32+00:00","breadcrumb":{"@id":"https:\/\/www.eldiario.net\/portal\/2026\/08\/19\/cerimedo-queda-aprehendido-fiscalia-pedira-su-detencion-2\/#breadcrumb"},"inLanguage":"es","potentialAction":[{"@type":"ReadAction","target":["https:\/\/www.eldiario.net\/portal\/2026\/08\/19\/cerimedo-queda-aprehendido-fiscalia-pedira-su-detencion-2\/"]}]},{"@type":"ImageObject","inLanguage":"es","@id":"https:\/\/www.eldiario.net\/portal\/2026\/08\/19\/cerimedo-queda-aprehendido-fiscalia-pedira-su-detencion-2\/#primaryimage","url":"https:\/\/www.eldiario.net\/portal\/wp-content\/uploads\/2026\/08\/19-CERIMEDO-1.webp","contentUrl":"https:\/\/www.eldiario.net\/portal\/wp-content\/uploads\/2026\/08\/19-CERIMEDO-1.webp","width":531,"height":442},{"@type":"BreadcrumbList","@id":"https:\/\/www.eldiario.net\/portal\/2026\/08\/19\/cerimedo-queda-aprehendido-fiscalia-pedira-su-detencion-2\/#breadcrumb","itemListElement":[{"@type":"ListItem","position":1,"name":"Portada","item":"https:\/\/www.eldiario.net\/portal\/"},{"@type":"ListItem","position":2,"name":"Cerimedo queda aprehendido; Fiscal\u00eda pedir\u00e1 su detenci\u00f3n"}]},{"@type":"WebSite","@id":"https:\/\/www.eldiario.net\/portal\/#website","url":"https:\/\/www.eldiario.net\/portal\/","name":"El Diario - Decano de la prensa nacional","description":"El Diario - Decano de la prensa nacional","publisher":{"@id":"https:\/\/www.eldiario.net\/portal\/#organization"},"potentialAction":[{"@type":"SearchAction","target":{"@type":"EntryPoint","urlTemplate":"https:\/\/www.eldiario.net\/portal\/?s={search_term_string}"},"query-input":{"@type":"PropertyValueSpecification","valueRequired":true,"valueName":"search_term_string"}}],"inLanguage":"es"},{"@type":"Organization","@id":"https:\/\/www.eldiario.net\/portal\/#organization","name":"El Diario - Decano de la prensa nacional","url":"https:\/\/www.eldiario.net\/portal\/","logo":{"@type":"ImageObject","inLanguage":"es","@id":"https:\/\/www.eldiario.net\/portal\/#\/schema\/logo\/image\/","url":"https:\/\/www.eldiario.net\/portal\/wp-content\/uploads\/2023\/07\/logo_ED.jpg","contentUrl":"https:\/\/www.eldiario.net\/portal\/wp-content\/uploads\/2023\/07\/logo_ED.jpg","width":272,"height":52,"caption":"El Diario - Decano de la prensa nacional"},"image":{"@id":"https:\/\/www.eldiario.net\/portal\/#\/schema\/logo\/image\/"},"sameAs":["https:\/\/www.facebook.com\/eldiario.bolivia\/","https:\/\/x.com\/eldiario_net"]},{"@type":"Person","@id":"https:\/\/www.eldiario.net\/portal\/#\/schema\/person\/f46445640444750d7d753ccd04ae01b7","name":"Jeanette","image":{"@type":"ImageObject","inLanguage":"es","@id":"https:\/\/secure.gravatar.com\/avatar\/3ea2118a5f7dad2b7138b1187a6b7ee55f160b9968b66013c3a3ef39dd7e5798?s=96&d=mm&r=g","url":"https:\/\/secure.gravatar.com\/avatar\/3ea2118a5f7dad2b7138b1187a6b7ee55f160b9968b66013c3a3ef39dd7e5798?s=96&d=mm&r=g","contentUrl":"https:\/\/secure.gravatar.com\/avatar\/3ea2118a5f7dad2b7138b1187a6b7ee55f160b9968b66013c3a3ef39dd7e5798?s=96&d=mm&r=g","caption":"Jeanette"},"sameAs":["https:\/\/www.eldiario.net\/portal"],"url":"https:\/\/www.eldiario.net\/portal\/author\/jeanette\/"}]}},"_links":{"self":[{"href":"https:\/\/www.eldiario.net\/portal\/wp-json\/wp\/v2\/posts\/422733","targetHints":{"allow":["GET"]}}],"collection":[{"href":"https:\/\/www.eldiario.net\/portal\/wp-json\/wp\/v2\/posts"}],"about":[{"href":"https:\/\/www.eldiario.net\/portal\/wp-json\/wp\/v2\/types\/post"}],"author":[{"embeddable":true,"href":"https:\/\/www.eldiario.net\/portal\/wp-json\/wp\/v2\/users\/1"}],"replies":[{"embeddable":true,"href":"https:\/\/www.eldiario.net\/portal\/wp-json\/wp\/v2\/comments?post=422733"}],"version-history":[{"count":1,"href":"https:\/\/www.eldiario.net\/portal\/wp-json\/wp\/v2\/posts\/422733\/revisions"}],"predecessor-version":[{"id":422736,"href":"https:\/\/www.eldiario.net\/portal\/wp-json\/wp\/v2\/posts\/422733\/revisions\/422736"}],"wp:featuredmedia":[{"embeddable":true,"href":"https:\/\/www.eldiario.net\/portal\/wp-json\/wp\/v2\/media\/422735"}],"wp:attachment":[{"href":"https:\/\/www.eldiario.net\/portal\/wp-json\/wp\/v2\/media?parent=422733"}],"wp:term":[{"taxonomy":"category","embeddable":true,"href":"https:\/\/www.eldiario.net\/portal\/wp-json\/wp\/v2\/categories?post=422733"},{"taxonomy":"post_tag","embeddable":true,"href":"https:\/\/www.eldiario.net\/portal\/wp-json\/wp\/v2\/tags?post=422733"}],"curies":[{"name":"wp","href":"https:\/\/api.w.org\/{rel}","templated":true}]}}