{"id":422730,"date":"2026-08-19T00:59:19","date_gmt":"2026-08-19T04:59:19","guid":{"rendered":"https:\/\/www.eldiario.net\/portal\/?p=422730"},"modified":"2026-08-18T23:00:23","modified_gmt":"2026-08-19T03:00:23","slug":"fiscalia-reune-evidencias-para-esclarecer-doble-crimen-en-cobija","status":"publish","type":"post","link":"https:\/\/www.eldiario.net\/portal\/2026\/08\/19\/fiscalia-reune-evidencias-para-esclarecer-doble-crimen-en-cobija\/","title":{"rendered":"Fiscal\u00eda re\u00fane evidencias para esclarecer doble crimen en Cobija"},"content":{"rendered":"<p>La investigaci\u00f3n por la muerte a tiros de dos hombres en Cobija avanza con la revisi\u00f3n de c\u00e1maras de seguridad, pericias forenses y el an\u00e1lisis de los indicios encontrados en el lugar del ataque, con el objetivo de reconstruir lo ocurrido e identificar a los responsables.<\/p>\n<p>La Fiscal\u00eda de Delitos Contra la Vida abri\u00f3 las primeras diligencias para establecer c\u00f3mo ocurri\u00f3 el ataque armado registrado la noche del lunes en la capital de Pando, las v\u00edctimas, ambas de nacionalidad boliviana, se desplazaban aparentemente en una motocicleta cuando fueron interceptadas y atacadas a tiros; posteriormente, los autores huyeron del lugar.<\/p>\n<p>Una de las principales interrogantes de la investigaci\u00f3n es determinar si los dos hombres fueron seguidos antes del ataque o si fueron sorprendidos directamente mientras circulaban por la ciudad. Para establecer esa secuencia, la Fiscal\u00eda busca im\u00e1genes de c\u00e1maras de seguridad que pudieran haber registrado los movimientos de las v\u00edctimas o de personas sospechosas antes y despu\u00e9s del crimen.<\/p>\n<p>El fiscal de Delitos Contra la Vida, Jos\u00e9 Luis Quispe Salinas, inform\u00f3 adem\u00e1s que se indagar\u00e1 la procedencia de la motocicleta en la que se movilizaban los fallecidos. Los investigadores deber\u00e1n determinar si el veh\u00edculo pertenec\u00eda a alguna de las v\u00edctimas o si estaba relacionado con una tercera persona.<\/p>\n<p>En la escena del crimen, la Polic\u00eda encontr\u00f3 m\u00e1s de tres casquillos de arma de fuego. De manera preliminar, el arma utilizada habr\u00eda sido de calibre 9 mil\u00edmetros, aunque este dato deber\u00e1 ser confirmado mediante las pericias correspondientes.<\/p>\n<p>La cantidad exacta de impactos que recibi\u00f3 cada hombre tampoco fue establecida hasta el momento. Los cuerpos fueron trasladados a la morgue del Hospital Roberto Galindo Ter\u00e1n, donde se realiza la autopsia m\u00e9dico-legal para determinar cu\u00e1ntos proyectiles ingresaron en cada cuerpo y establecer las causas precisas de la muerte.<\/p>\n<p>Las autoridades todav\u00eda deben establecer la secuencia exacta del ataque y las circunstancias que llevaron a los dos hombres a ser interceptados. Tambi\u00e9n permanece pendiente la identificaci\u00f3n de los autores, quienes escaparon del lugar despu\u00e9s de efectuar los disparos.<\/p>\n<p>Con el an\u00e1lisis de las im\u00e1genes de seguridad, las pericias sobre los casquillos, los resultados de la autopsia y las averiguaciones sobre la motocicleta, los investigadores buscan reconstruir el doble crimen y obtener elementos que permitan identificar y localizar a los responsables. (Con informaci\u00f3n de Unitel)<\/p>\n","protected":false},"excerpt":{"rendered":"<p>La investigaci\u00f3n por la muerte a tiros de dos hombres en Cobija avanza con la revisi\u00f3n de c\u00e1maras de seguridad, pericias forenses y el an\u00e1lisis de los indicios encontrados en el lugar del ataque, con el objetivo de reconstruir lo ocurrido e identificar a los responsables. La Fiscal\u00eda de Delitos Contra la Vida abri\u00f3 las [&hellip;]<\/p>\n","protected":false},"author":1,"featured_media":422731,"comment_status":"closed","ping_status":"open","sticky":false,"template":"","format":"standard","meta":{"_acf_changed":false,"footnotes":""},"categories":[39],"tags":[],"class_list":["post-422730","post","type-post","status-publish","format-standard","has-post-thumbnail","category-sociedad"],"acf":{"antetitulo":""},"yoast_head":"<!-- This site is optimized with the Yoast SEO plugin v28.3 - https:\/\/yoast.com\/product\/yoast-seo-wordpress\/ -->\n<title>Fiscal\u00eda re\u00fane evidencias para esclarecer doble crimen en Cobija - El Diario - Bolivia<\/title>\n<meta name=\"robots\" content=\"index, follow, max-snippet:-1, max-image-preview:large, max-video-preview:-1\" \/>\n<link rel=\"canonical\" href=\"https:\/\/www.eldiario.net\/portal\/2026\/08\/19\/fiscalia-reune-evidencias-para-esclarecer-doble-crimen-en-cobija\/\" \/>\n<meta property=\"og:locale\" content=\"es_ES\" \/>\n<meta property=\"og:type\" content=\"article\" \/>\n<meta property=\"og:title\" content=\"Fiscal\u00eda re\u00fane evidencias para esclarecer doble crimen en Cobija - El Diario - Bolivia\" \/>\n<meta property=\"og:description\" content=\"La investigaci\u00f3n por la muerte a tiros de dos hombres en Cobija avanza con la revisi\u00f3n de c\u00e1maras de seguridad, pericias forenses y el an\u00e1lisis de los indicios encontrados en el lugar del ataque, con el objetivo de reconstruir lo ocurrido e identificar a los responsables. La Fiscal\u00eda de Delitos Contra la Vida abri\u00f3 las [&hellip;]\" \/>\n<meta property=\"og:url\" content=\"https:\/\/www.eldiario.net\/portal\/2026\/08\/19\/fiscalia-reune-evidencias-para-esclarecer-doble-crimen-en-cobija\/\" \/>\n<meta property=\"og:site_name\" content=\"El Diario - Bolivia\" \/>\n<meta property=\"article:publisher\" content=\"https:\/\/www.facebook.com\/eldiario.bolivia\/\" \/>\n<meta property=\"article:published_time\" content=\"2026-08-19T04:59:19+00:00\" \/>\n<meta property=\"og:image\" content=\"https:\/\/www.eldiario.net\/portal\/wp-content\/uploads\/2026\/08\/19-COBIJA.webp\" \/>\n\t<meta property=\"og:image:width\" content=\"1200\" \/>\n\t<meta property=\"og:image:height\" content=\"700\" \/>\n\t<meta property=\"og:image:type\" content=\"image\/webp\" \/>\n<meta name=\"author\" content=\"Jeanette\" \/>\n<meta name=\"twitter:card\" content=\"summary_large_image\" \/>\n<meta name=\"twitter:creator\" content=\"@eldiario_net\" \/>\n<meta name=\"twitter:site\" content=\"@eldiario_net\" \/>\n<meta name=\"twitter:label1\" content=\"Escrito por\" \/>\n\t<meta name=\"twitter:data1\" content=\"Jeanette\" \/>\n\t<meta name=\"twitter:label2\" content=\"Tiempo de lectura\" \/>\n\t<meta name=\"twitter:data2\" content=\"2 minutos\" \/>\n<script type=\"application\/ld+json\" class=\"yoast-schema-graph\">{\"@context\":\"https:\\\/\\\/schema.org\",\"@graph\":[{\"@type\":\"Article\",\"@id\":\"https:\\\/\\\/www.eldiario.net\\\/portal\\\/2026\\\/08\\\/19\\\/fiscalia-reune-evidencias-para-esclarecer-doble-crimen-en-cobija\\\/#article\",\"isPartOf\":{\"@id\":\"https:\\\/\\\/www.eldiario.net\\\/portal\\\/2026\\\/08\\\/19\\\/fiscalia-reune-evidencias-para-esclarecer-doble-crimen-en-cobija\\\/\"},\"author\":{\"name\":\"Jeanette\",\"@id\":\"https:\\\/\\\/www.eldiario.net\\\/portal\\\/#\\\/schema\\\/person\\\/f46445640444750d7d753ccd04ae01b7\"},\"headline\":\"Fiscal\u00eda re\u00fane evidencias para esclarecer doble crimen en Cobija\",\"datePublished\":\"2026-08-19T04:59:19+00:00\",\"mainEntityOfPage\":{\"@id\":\"https:\\\/\\\/www.eldiario.net\\\/portal\\\/2026\\\/08\\\/19\\\/fiscalia-reune-evidencias-para-esclarecer-doble-crimen-en-cobija\\\/\"},\"wordCount\":421,\"publisher\":{\"@id\":\"https:\\\/\\\/www.eldiario.net\\\/portal\\\/#organization\"},\"image\":{\"@id\":\"https:\\\/\\\/www.eldiario.net\\\/portal\\\/2026\\\/08\\\/19\\\/fiscalia-reune-evidencias-para-esclarecer-doble-crimen-en-cobija\\\/#primaryimage\"},\"thumbnailUrl\":\"https:\\\/\\\/www.eldiario.net\\\/portal\\\/wp-content\\\/uploads\\\/2026\\\/08\\\/19-COBIJA.webp\",\"articleSection\":[\"Sociedad - Seguridad\"],\"inLanguage\":\"es\"},{\"@type\":\"WebPage\",\"@id\":\"https:\\\/\\\/www.eldiario.net\\\/portal\\\/2026\\\/08\\\/19\\\/fiscalia-reune-evidencias-para-esclarecer-doble-crimen-en-cobija\\\/\",\"url\":\"https:\\\/\\\/www.eldiario.net\\\/portal\\\/2026\\\/08\\\/19\\\/fiscalia-reune-evidencias-para-esclarecer-doble-crimen-en-cobija\\\/\",\"name\":\"Fiscal\u00eda re\u00fane evidencias para esclarecer doble crimen en Cobija - El Diario - Bolivia\",\"isPartOf\":{\"@id\":\"https:\\\/\\\/www.eldiario.net\\\/portal\\\/#website\"},\"primaryImageOfPage\":{\"@id\":\"https:\\\/\\\/www.eldiario.net\\\/portal\\\/2026\\\/08\\\/19\\\/fiscalia-reune-evidencias-para-esclarecer-doble-crimen-en-cobija\\\/#primaryimage\"},\"image\":{\"@id\":\"https:\\\/\\\/www.eldiario.net\\\/portal\\\/2026\\\/08\\\/19\\\/fiscalia-reune-evidencias-para-esclarecer-doble-crimen-en-cobija\\\/#primaryimage\"},\"thumbnailUrl\":\"https:\\\/\\\/www.eldiario.net\\\/portal\\\/wp-content\\\/uploads\\\/2026\\\/08\\\/19-COBIJA.webp\",\"datePublished\":\"2026-08-19T04:59:19+00:00\",\"breadcrumb\":{\"@id\":\"https:\\\/\\\/www.eldiario.net\\\/portal\\\/2026\\\/08\\\/19\\\/fiscalia-reune-evidencias-para-esclarecer-doble-crimen-en-cobija\\\/#breadcrumb\"},\"inLanguage\":\"es\",\"potentialAction\":[{\"@type\":\"ReadAction\",\"target\":[\"https:\\\/\\\/www.eldiario.net\\\/portal\\\/2026\\\/08\\\/19\\\/fiscalia-reune-evidencias-para-esclarecer-doble-crimen-en-cobija\\\/\"]}]},{\"@type\":\"ImageObject\",\"inLanguage\":\"es\",\"@id\":\"https:\\\/\\\/www.eldiario.net\\\/portal\\\/2026\\\/08\\\/19\\\/fiscalia-reune-evidencias-para-esclarecer-doble-crimen-en-cobija\\\/#primaryimage\",\"url\":\"https:\\\/\\\/www.eldiario.net\\\/portal\\\/wp-content\\\/uploads\\\/2026\\\/08\\\/19-COBIJA.webp\",\"contentUrl\":\"https:\\\/\\\/www.eldiario.net\\\/portal\\\/wp-content\\\/uploads\\\/2026\\\/08\\\/19-COBIJA.webp\",\"width\":1200,\"height\":700,\"caption\":\"Tras el ataque, la Polic\u00eda realiza el levantamiento de los cuerpos de las v\u00edctimas. Cr\u00e9dito de foto: Unitel\"},{\"@type\":\"BreadcrumbList\",\"@id\":\"https:\\\/\\\/www.eldiario.net\\\/portal\\\/2026\\\/08\\\/19\\\/fiscalia-reune-evidencias-para-esclarecer-doble-crimen-en-cobija\\\/#breadcrumb\",\"itemListElement\":[{\"@type\":\"ListItem\",\"position\":1,\"name\":\"Portada\",\"item\":\"https:\\\/\\\/www.eldiario.net\\\/portal\\\/\"},{\"@type\":\"ListItem\",\"position\":2,\"name\":\"Fiscal\u00eda re\u00fane evidencias para esclarecer doble crimen en Cobija\"}]},{\"@type\":\"WebSite\",\"@id\":\"https:\\\/\\\/www.eldiario.net\\\/portal\\\/#website\",\"url\":\"https:\\\/\\\/www.eldiario.net\\\/portal\\\/\",\"name\":\"El Diario - Decano de la prensa nacional\",\"description\":\"El Diario - Decano de la prensa nacional\",\"publisher\":{\"@id\":\"https:\\\/\\\/www.eldiario.net\\\/portal\\\/#organization\"},\"potentialAction\":[{\"@type\":\"SearchAction\",\"target\":{\"@type\":\"EntryPoint\",\"urlTemplate\":\"https:\\\/\\\/www.eldiario.net\\\/portal\\\/?s={search_term_string}\"},\"query-input\":{\"@type\":\"PropertyValueSpecification\",\"valueRequired\":true,\"valueName\":\"search_term_string\"}}],\"inLanguage\":\"es\"},{\"@type\":\"Organization\",\"@id\":\"https:\\\/\\\/www.eldiario.net\\\/portal\\\/#organization\",\"name\":\"El Diario - Decano de la prensa nacional\",\"url\":\"https:\\\/\\\/www.eldiario.net\\\/portal\\\/\",\"logo\":{\"@type\":\"ImageObject\",\"inLanguage\":\"es\",\"@id\":\"https:\\\/\\\/www.eldiario.net\\\/portal\\\/#\\\/schema\\\/logo\\\/image\\\/\",\"url\":\"https:\\\/\\\/www.eldiario.net\\\/portal\\\/wp-content\\\/uploads\\\/2023\\\/07\\\/logo_ED.jpg\",\"contentUrl\":\"https:\\\/\\\/www.eldiario.net\\\/portal\\\/wp-content\\\/uploads\\\/2023\\\/07\\\/logo_ED.jpg\",\"width\":272,\"height\":52,\"caption\":\"El Diario - Decano de la prensa nacional\"},\"image\":{\"@id\":\"https:\\\/\\\/www.eldiario.net\\\/portal\\\/#\\\/schema\\\/logo\\\/image\\\/\"},\"sameAs\":[\"https:\\\/\\\/www.facebook.com\\\/eldiario.bolivia\\\/\",\"https:\\\/\\\/x.com\\\/eldiario_net\"]},{\"@type\":\"Person\",\"@id\":\"https:\\\/\\\/www.eldiario.net\\\/portal\\\/#\\\/schema\\\/person\\\/f46445640444750d7d753ccd04ae01b7\",\"name\":\"Jeanette\",\"image\":{\"@type\":\"ImageObject\",\"inLanguage\":\"es\",\"@id\":\"https:\\\/\\\/secure.gravatar.com\\\/avatar\\\/3ea2118a5f7dad2b7138b1187a6b7ee55f160b9968b66013c3a3ef39dd7e5798?s=96&d=mm&r=g\",\"url\":\"https:\\\/\\\/secure.gravatar.com\\\/avatar\\\/3ea2118a5f7dad2b7138b1187a6b7ee55f160b9968b66013c3a3ef39dd7e5798?s=96&d=mm&r=g\",\"contentUrl\":\"https:\\\/\\\/secure.gravatar.com\\\/avatar\\\/3ea2118a5f7dad2b7138b1187a6b7ee55f160b9968b66013c3a3ef39dd7e5798?s=96&d=mm&r=g\",\"caption\":\"Jeanette\"},\"sameAs\":[\"https:\\\/\\\/www.eldiario.net\\\/portal\"],\"url\":\"https:\\\/\\\/www.eldiario.net\\\/portal\\\/author\\\/jeanette\\\/\"}]}<\/script>\n<!-- \/ Yoast SEO plugin. -->","yoast_head_json":{"title":"Fiscal\u00eda re\u00fane evidencias para esclarecer doble crimen en Cobija - El Diario - Bolivia","robots":{"index":"index","follow":"follow","max-snippet":"max-snippet:-1","max-image-preview":"max-image-preview:large","max-video-preview":"max-video-preview:-1"},"canonical":"https:\/\/www.eldiario.net\/portal\/2026\/08\/19\/fiscalia-reune-evidencias-para-esclarecer-doble-crimen-en-cobija\/","og_locale":"es_ES","og_type":"article","og_title":"Fiscal\u00eda re\u00fane evidencias para esclarecer doble crimen en Cobija - El Diario - Bolivia","og_description":"La investigaci\u00f3n por la muerte a tiros de dos hombres en Cobija avanza con la revisi\u00f3n de c\u00e1maras de seguridad, pericias forenses y el an\u00e1lisis de los indicios encontrados en el lugar del ataque, con el objetivo de reconstruir lo ocurrido e identificar a los responsables. La Fiscal\u00eda de Delitos Contra la Vida abri\u00f3 las [&hellip;]","og_url":"https:\/\/www.eldiario.net\/portal\/2026\/08\/19\/fiscalia-reune-evidencias-para-esclarecer-doble-crimen-en-cobija\/","og_site_name":"El Diario - Bolivia","article_publisher":"https:\/\/www.facebook.com\/eldiario.bolivia\/","article_published_time":"2026-08-19T04:59:19+00:00","og_image":[{"width":1200,"height":700,"url":"https:\/\/www.eldiario.net\/portal\/wp-content\/uploads\/2026\/08\/19-COBIJA.webp","type":"image\/webp"}],"author":"Jeanette","twitter_card":"summary_large_image","twitter_creator":"@eldiario_net","twitter_site":"@eldiario_net","twitter_misc":{"Escrito por":"Jeanette","Tiempo de lectura":"2 minutos"},"schema":{"@context":"https:\/\/schema.org","@graph":[{"@type":"Article","@id":"https:\/\/www.eldiario.net\/portal\/2026\/08\/19\/fiscalia-reune-evidencias-para-esclarecer-doble-crimen-en-cobija\/#article","isPartOf":{"@id":"https:\/\/www.eldiario.net\/portal\/2026\/08\/19\/fiscalia-reune-evidencias-para-esclarecer-doble-crimen-en-cobija\/"},"author":{"name":"Jeanette","@id":"https:\/\/www.eldiario.net\/portal\/#\/schema\/person\/f46445640444750d7d753ccd04ae01b7"},"headline":"Fiscal\u00eda re\u00fane evidencias para esclarecer doble crimen en Cobija","datePublished":"2026-08-19T04:59:19+00:00","mainEntityOfPage":{"@id":"https:\/\/www.eldiario.net\/portal\/2026\/08\/19\/fiscalia-reune-evidencias-para-esclarecer-doble-crimen-en-cobija\/"},"wordCount":421,"publisher":{"@id":"https:\/\/www.eldiario.net\/portal\/#organization"},"image":{"@id":"https:\/\/www.eldiario.net\/portal\/2026\/08\/19\/fiscalia-reune-evidencias-para-esclarecer-doble-crimen-en-cobija\/#primaryimage"},"thumbnailUrl":"https:\/\/www.eldiario.net\/portal\/wp-content\/uploads\/2026\/08\/19-COBIJA.webp","articleSection":["Sociedad - Seguridad"],"inLanguage":"es"},{"@type":"WebPage","@id":"https:\/\/www.eldiario.net\/portal\/2026\/08\/19\/fiscalia-reune-evidencias-para-esclarecer-doble-crimen-en-cobija\/","url":"https:\/\/www.eldiario.net\/portal\/2026\/08\/19\/fiscalia-reune-evidencias-para-esclarecer-doble-crimen-en-cobija\/","name":"Fiscal\u00eda re\u00fane evidencias para esclarecer doble crimen en Cobija - El Diario - Bolivia","isPartOf":{"@id":"https:\/\/www.eldiario.net\/portal\/#website"},"primaryImageOfPage":{"@id":"https:\/\/www.eldiario.net\/portal\/2026\/08\/19\/fiscalia-reune-evidencias-para-esclarecer-doble-crimen-en-cobija\/#primaryimage"},"image":{"@id":"https:\/\/www.eldiario.net\/portal\/2026\/08\/19\/fiscalia-reune-evidencias-para-esclarecer-doble-crimen-en-cobija\/#primaryimage"},"thumbnailUrl":"https:\/\/www.eldiario.net\/portal\/wp-content\/uploads\/2026\/08\/19-COBIJA.webp","datePublished":"2026-08-19T04:59:19+00:00","breadcrumb":{"@id":"https:\/\/www.eldiario.net\/portal\/2026\/08\/19\/fiscalia-reune-evidencias-para-esclarecer-doble-crimen-en-cobija\/#breadcrumb"},"inLanguage":"es","potentialAction":[{"@type":"ReadAction","target":["https:\/\/www.eldiario.net\/portal\/2026\/08\/19\/fiscalia-reune-evidencias-para-esclarecer-doble-crimen-en-cobija\/"]}]},{"@type":"ImageObject","inLanguage":"es","@id":"https:\/\/www.eldiario.net\/portal\/2026\/08\/19\/fiscalia-reune-evidencias-para-esclarecer-doble-crimen-en-cobija\/#primaryimage","url":"https:\/\/www.eldiario.net\/portal\/wp-content\/uploads\/2026\/08\/19-COBIJA.webp","contentUrl":"https:\/\/www.eldiario.net\/portal\/wp-content\/uploads\/2026\/08\/19-COBIJA.webp","width":1200,"height":700,"caption":"Tras el ataque, la Polic\u00eda realiza el levantamiento de los cuerpos de las v\u00edctimas. Cr\u00e9dito de foto: Unitel"},{"@type":"BreadcrumbList","@id":"https:\/\/www.eldiario.net\/portal\/2026\/08\/19\/fiscalia-reune-evidencias-para-esclarecer-doble-crimen-en-cobija\/#breadcrumb","itemListElement":[{"@type":"ListItem","position":1,"name":"Portada","item":"https:\/\/www.eldiario.net\/portal\/"},{"@type":"ListItem","position":2,"name":"Fiscal\u00eda re\u00fane evidencias para esclarecer doble crimen en Cobija"}]},{"@type":"WebSite","@id":"https:\/\/www.eldiario.net\/portal\/#website","url":"https:\/\/www.eldiario.net\/portal\/","name":"El Diario - Decano de la prensa nacional","description":"El Diario - Decano de la prensa nacional","publisher":{"@id":"https:\/\/www.eldiario.net\/portal\/#organization"},"potentialAction":[{"@type":"SearchAction","target":{"@type":"EntryPoint","urlTemplate":"https:\/\/www.eldiario.net\/portal\/?s={search_term_string}"},"query-input":{"@type":"PropertyValueSpecification","valueRequired":true,"valueName":"search_term_string"}}],"inLanguage":"es"},{"@type":"Organization","@id":"https:\/\/www.eldiario.net\/portal\/#organization","name":"El Diario - Decano de la prensa nacional","url":"https:\/\/www.eldiario.net\/portal\/","logo":{"@type":"ImageObject","inLanguage":"es","@id":"https:\/\/www.eldiario.net\/portal\/#\/schema\/logo\/image\/","url":"https:\/\/www.eldiario.net\/portal\/wp-content\/uploads\/2023\/07\/logo_ED.jpg","contentUrl":"https:\/\/www.eldiario.net\/portal\/wp-content\/uploads\/2023\/07\/logo_ED.jpg","width":272,"height":52,"caption":"El Diario - Decano de la prensa nacional"},"image":{"@id":"https:\/\/www.eldiario.net\/portal\/#\/schema\/logo\/image\/"},"sameAs":["https:\/\/www.facebook.com\/eldiario.bolivia\/","https:\/\/x.com\/eldiario_net"]},{"@type":"Person","@id":"https:\/\/www.eldiario.net\/portal\/#\/schema\/person\/f46445640444750d7d753ccd04ae01b7","name":"Jeanette","image":{"@type":"ImageObject","inLanguage":"es","@id":"https:\/\/secure.gravatar.com\/avatar\/3ea2118a5f7dad2b7138b1187a6b7ee55f160b9968b66013c3a3ef39dd7e5798?s=96&d=mm&r=g","url":"https:\/\/secure.gravatar.com\/avatar\/3ea2118a5f7dad2b7138b1187a6b7ee55f160b9968b66013c3a3ef39dd7e5798?s=96&d=mm&r=g","contentUrl":"https:\/\/secure.gravatar.com\/avatar\/3ea2118a5f7dad2b7138b1187a6b7ee55f160b9968b66013c3a3ef39dd7e5798?s=96&d=mm&r=g","caption":"Jeanette"},"sameAs":["https:\/\/www.eldiario.net\/portal"],"url":"https:\/\/www.eldiario.net\/portal\/author\/jeanette\/"}]}},"_links":{"self":[{"href":"https:\/\/www.eldiario.net\/portal\/wp-json\/wp\/v2\/posts\/422730","targetHints":{"allow":["GET"]}}],"collection":[{"href":"https:\/\/www.eldiario.net\/portal\/wp-json\/wp\/v2\/posts"}],"about":[{"href":"https:\/\/www.eldiario.net\/portal\/wp-json\/wp\/v2\/types\/post"}],"author":[{"embeddable":true,"href":"https:\/\/www.eldiario.net\/portal\/wp-json\/wp\/v2\/users\/1"}],"replies":[{"embeddable":true,"href":"https:\/\/www.eldiario.net\/portal\/wp-json\/wp\/v2\/comments?post=422730"}],"version-history":[{"count":1,"href":"https:\/\/www.eldiario.net\/portal\/wp-json\/wp\/v2\/posts\/422730\/revisions"}],"predecessor-version":[{"id":422732,"href":"https:\/\/www.eldiario.net\/portal\/wp-json\/wp\/v2\/posts\/422730\/revisions\/422732"}],"wp:featuredmedia":[{"embeddable":true,"href":"https:\/\/www.eldiario.net\/portal\/wp-json\/wp\/v2\/media\/422731"}],"wp:attachment":[{"href":"https:\/\/www.eldiario.net\/portal\/wp-json\/wp\/v2\/media?parent=422730"}],"wp:term":[{"taxonomy":"category","embeddable":true,"href":"https:\/\/www.eldiario.net\/portal\/wp-json\/wp\/v2\/categories?post=422730"},{"taxonomy":"post_tag","embeddable":true,"href":"https:\/\/www.eldiario.net\/portal\/wp-json\/wp\/v2\/tags?post=422730"}],"curies":[{"name":"wp","href":"https:\/\/api.w.org\/{rel}","templated":true}]}}