{"id":422720,"date":"2026-08-19T00:54:01","date_gmt":"2026-08-19T04:54:01","guid":{"rendered":"https:\/\/www.eldiario.net\/portal\/?p=422720"},"modified":"2026-08-18T22:56:53","modified_gmt":"2026-08-19T02:56:53","slug":"tatiana-marset-deja-el-penal-de-palmasola-tras-orden-de-libertad","status":"publish","type":"post","link":"https:\/\/www.eldiario.net\/portal\/2026\/08\/19\/tatiana-marset-deja-el-penal-de-palmasola-tras-orden-de-libertad\/","title":{"rendered":"Tatiana Marset deja el penal de Palmasola tras orden de libertad"},"content":{"rendered":"<p>Tatiana Ver\u00f3nica Marset Alba, hermana del narcotraficante uruguayo Sebasti\u00e1n Marset, dej\u00f3 el penal de Palmasola luego de que se emitiera el mandamiento de libertad a su favor, inform\u00f3 su abogada, M\u00f3nica Terrazas.<\/p>\n<p>La orden judicial instruy\u00f3 al director del centro penitenciario poner a Marset en libertad, siempre que no existiera otra causa pendiente en su contra.<\/p>\n<p>De acuerdo con su defensa, la imputada cumpli\u00f3 con los requisitos establecidos y present\u00f3 la documentaci\u00f3n necesaria, incluidos los dos garantes exigidos para hacer efectiva la medida.<\/p>\n<p>Marset cumplir\u00e1 detenci\u00f3n domiciliaria entre las 20:00 y las 06:00. Durante el horario permitido para realizar sus actividades, contar\u00e1 con escolta policial.<\/p>\n<p>Terrazas tambi\u00e9n se\u00f1al\u00f3 que su defendida tiene previsto comenzar sus estudios de Derecho y que recibi\u00f3 con emoci\u00f3n la posibilidad de recuperar su libertad y retomar sus actividades habituales.<\/p>\n<p>La decisi\u00f3n de sustituir su detenci\u00f3n preventiva por detenci\u00f3n domiciliaria hab\u00eda sido asumida el pasado 21 de julio. La medida pudo ejecutarse despu\u00e9s de que la defensa completara la documentaci\u00f3n requerida. (Unitel)<\/p>\n","protected":false},"excerpt":{"rendered":"<p>Tatiana Ver\u00f3nica Marset Alba, hermana del narcotraficante uruguayo Sebasti\u00e1n Marset, dej\u00f3 el penal de Palmasola luego de que se emitiera el mandamiento de libertad a su favor, inform\u00f3 su abogada, M\u00f3nica Terrazas. La orden judicial instruy\u00f3 al director del centro penitenciario poner a Marset en libertad, siempre que no existiera otra causa pendiente en su [&hellip;]<\/p>\n","protected":false},"author":1,"featured_media":422721,"comment_status":"closed","ping_status":"open","sticky":false,"template":"","format":"standard","meta":{"_acf_changed":false,"footnotes":""},"categories":[39],"tags":[],"class_list":["post-422720","post","type-post","status-publish","format-standard","has-post-thumbnail","category-sociedad"],"acf":{"antetitulo":""},"yoast_head":"<!-- This site is optimized with the Yoast SEO plugin v28.3 - https:\/\/yoast.com\/product\/yoast-seo-wordpress\/ -->\n<title>Tatiana Marset deja el penal de Palmasola tras orden de libertad - El Diario - Bolivia<\/title>\n<meta name=\"robots\" content=\"index, follow, max-snippet:-1, max-image-preview:large, max-video-preview:-1\" \/>\n<link rel=\"canonical\" href=\"https:\/\/www.eldiario.net\/portal\/2026\/08\/19\/tatiana-marset-deja-el-penal-de-palmasola-tras-orden-de-libertad\/\" \/>\n<meta property=\"og:locale\" content=\"es_ES\" \/>\n<meta property=\"og:type\" content=\"article\" \/>\n<meta property=\"og:title\" content=\"Tatiana Marset deja el penal de Palmasola tras orden de libertad - El Diario - Bolivia\" \/>\n<meta property=\"og:description\" content=\"Tatiana Ver\u00f3nica Marset Alba, hermana del narcotraficante uruguayo Sebasti\u00e1n Marset, dej\u00f3 el penal de Palmasola luego de que se emitiera el mandamiento de libertad a su favor, inform\u00f3 su abogada, M\u00f3nica Terrazas. La orden judicial instruy\u00f3 al director del centro penitenciario poner a Marset en libertad, siempre que no existiera otra causa pendiente en su [&hellip;]\" \/>\n<meta property=\"og:url\" content=\"https:\/\/www.eldiario.net\/portal\/2026\/08\/19\/tatiana-marset-deja-el-penal-de-palmasola-tras-orden-de-libertad\/\" \/>\n<meta property=\"og:site_name\" content=\"El Diario - Bolivia\" \/>\n<meta property=\"article:publisher\" content=\"https:\/\/www.facebook.com\/eldiario.bolivia\/\" \/>\n<meta property=\"article:published_time\" content=\"2026-08-19T04:54:01+00:00\" \/>\n<meta property=\"og:image\" content=\"https:\/\/www.eldiario.net\/portal\/wp-content\/uploads\/2026\/08\/19-TATI.webp\" \/>\n\t<meta property=\"og:image:width\" content=\"441\" \/>\n\t<meta property=\"og:image:height\" content=\"381\" \/>\n\t<meta property=\"og:image:type\" content=\"image\/webp\" \/>\n<meta name=\"author\" content=\"Jeanette\" \/>\n<meta name=\"twitter:card\" content=\"summary_large_image\" \/>\n<meta name=\"twitter:creator\" content=\"@eldiario_net\" \/>\n<meta name=\"twitter:site\" content=\"@eldiario_net\" \/>\n<meta name=\"twitter:label1\" content=\"Escrito por\" \/>\n\t<meta name=\"twitter:data1\" content=\"Jeanette\" \/>\n\t<meta name=\"twitter:label2\" content=\"Tiempo de lectura\" \/>\n\t<meta name=\"twitter:data2\" content=\"1 minuto\" \/>\n<script type=\"application\/ld+json\" class=\"yoast-schema-graph\">{\"@context\":\"https:\\\/\\\/schema.org\",\"@graph\":[{\"@type\":\"Article\",\"@id\":\"https:\\\/\\\/www.eldiario.net\\\/portal\\\/2026\\\/08\\\/19\\\/tatiana-marset-deja-el-penal-de-palmasola-tras-orden-de-libertad\\\/#article\",\"isPartOf\":{\"@id\":\"https:\\\/\\\/www.eldiario.net\\\/portal\\\/2026\\\/08\\\/19\\\/tatiana-marset-deja-el-penal-de-palmasola-tras-orden-de-libertad\\\/\"},\"author\":{\"name\":\"Jeanette\",\"@id\":\"https:\\\/\\\/www.eldiario.net\\\/portal\\\/#\\\/schema\\\/person\\\/f46445640444750d7d753ccd04ae01b7\"},\"headline\":\"Tatiana Marset deja el penal de Palmasola tras orden de libertad\",\"datePublished\":\"2026-08-19T04:54:01+00:00\",\"mainEntityOfPage\":{\"@id\":\"https:\\\/\\\/www.eldiario.net\\\/portal\\\/2026\\\/08\\\/19\\\/tatiana-marset-deja-el-penal-de-palmasola-tras-orden-de-libertad\\\/\"},\"wordCount\":188,\"publisher\":{\"@id\":\"https:\\\/\\\/www.eldiario.net\\\/portal\\\/#organization\"},\"image\":{\"@id\":\"https:\\\/\\\/www.eldiario.net\\\/portal\\\/2026\\\/08\\\/19\\\/tatiana-marset-deja-el-penal-de-palmasola-tras-orden-de-libertad\\\/#primaryimage\"},\"thumbnailUrl\":\"https:\\\/\\\/www.eldiario.net\\\/portal\\\/wp-content\\\/uploads\\\/2026\\\/08\\\/19-TATI.webp\",\"articleSection\":[\"Sociedad - Seguridad\"],\"inLanguage\":\"es\"},{\"@type\":\"WebPage\",\"@id\":\"https:\\\/\\\/www.eldiario.net\\\/portal\\\/2026\\\/08\\\/19\\\/tatiana-marset-deja-el-penal-de-palmasola-tras-orden-de-libertad\\\/\",\"url\":\"https:\\\/\\\/www.eldiario.net\\\/portal\\\/2026\\\/08\\\/19\\\/tatiana-marset-deja-el-penal-de-palmasola-tras-orden-de-libertad\\\/\",\"name\":\"Tatiana Marset deja el penal de Palmasola tras orden de libertad - El Diario - Bolivia\",\"isPartOf\":{\"@id\":\"https:\\\/\\\/www.eldiario.net\\\/portal\\\/#website\"},\"primaryImageOfPage\":{\"@id\":\"https:\\\/\\\/www.eldiario.net\\\/portal\\\/2026\\\/08\\\/19\\\/tatiana-marset-deja-el-penal-de-palmasola-tras-orden-de-libertad\\\/#primaryimage\"},\"image\":{\"@id\":\"https:\\\/\\\/www.eldiario.net\\\/portal\\\/2026\\\/08\\\/19\\\/tatiana-marset-deja-el-penal-de-palmasola-tras-orden-de-libertad\\\/#primaryimage\"},\"thumbnailUrl\":\"https:\\\/\\\/www.eldiario.net\\\/portal\\\/wp-content\\\/uploads\\\/2026\\\/08\\\/19-TATI.webp\",\"datePublished\":\"2026-08-19T04:54:01+00:00\",\"breadcrumb\":{\"@id\":\"https:\\\/\\\/www.eldiario.net\\\/portal\\\/2026\\\/08\\\/19\\\/tatiana-marset-deja-el-penal-de-palmasola-tras-orden-de-libertad\\\/#breadcrumb\"},\"inLanguage\":\"es\",\"potentialAction\":[{\"@type\":\"ReadAction\",\"target\":[\"https:\\\/\\\/www.eldiario.net\\\/portal\\\/2026\\\/08\\\/19\\\/tatiana-marset-deja-el-penal-de-palmasola-tras-orden-de-libertad\\\/\"]}]},{\"@type\":\"ImageObject\",\"inLanguage\":\"es\",\"@id\":\"https:\\\/\\\/www.eldiario.net\\\/portal\\\/2026\\\/08\\\/19\\\/tatiana-marset-deja-el-penal-de-palmasola-tras-orden-de-libertad\\\/#primaryimage\",\"url\":\"https:\\\/\\\/www.eldiario.net\\\/portal\\\/wp-content\\\/uploads\\\/2026\\\/08\\\/19-TATI.webp\",\"contentUrl\":\"https:\\\/\\\/www.eldiario.net\\\/portal\\\/wp-content\\\/uploads\\\/2026\\\/08\\\/19-TATI.webp\",\"width\":441,\"height\":381,\"caption\":\"Tatiana Marset queda libre por orden judicial. Cr\u00e9dito de foto: ABI\"},{\"@type\":\"BreadcrumbList\",\"@id\":\"https:\\\/\\\/www.eldiario.net\\\/portal\\\/2026\\\/08\\\/19\\\/tatiana-marset-deja-el-penal-de-palmasola-tras-orden-de-libertad\\\/#breadcrumb\",\"itemListElement\":[{\"@type\":\"ListItem\",\"position\":1,\"name\":\"Portada\",\"item\":\"https:\\\/\\\/www.eldiario.net\\\/portal\\\/\"},{\"@type\":\"ListItem\",\"position\":2,\"name\":\"Tatiana Marset deja el penal de Palmasola tras orden de libertad\"}]},{\"@type\":\"WebSite\",\"@id\":\"https:\\\/\\\/www.eldiario.net\\\/portal\\\/#website\",\"url\":\"https:\\\/\\\/www.eldiario.net\\\/portal\\\/\",\"name\":\"El Diario - Decano de la prensa nacional\",\"description\":\"El Diario - Decano de la prensa nacional\",\"publisher\":{\"@id\":\"https:\\\/\\\/www.eldiario.net\\\/portal\\\/#organization\"},\"potentialAction\":[{\"@type\":\"SearchAction\",\"target\":{\"@type\":\"EntryPoint\",\"urlTemplate\":\"https:\\\/\\\/www.eldiario.net\\\/portal\\\/?s={search_term_string}\"},\"query-input\":{\"@type\":\"PropertyValueSpecification\",\"valueRequired\":true,\"valueName\":\"search_term_string\"}}],\"inLanguage\":\"es\"},{\"@type\":\"Organization\",\"@id\":\"https:\\\/\\\/www.eldiario.net\\\/portal\\\/#organization\",\"name\":\"El Diario - Decano de la prensa nacional\",\"url\":\"https:\\\/\\\/www.eldiario.net\\\/portal\\\/\",\"logo\":{\"@type\":\"ImageObject\",\"inLanguage\":\"es\",\"@id\":\"https:\\\/\\\/www.eldiario.net\\\/portal\\\/#\\\/schema\\\/logo\\\/image\\\/\",\"url\":\"https:\\\/\\\/www.eldiario.net\\\/portal\\\/wp-content\\\/uploads\\\/2023\\\/07\\\/logo_ED.jpg\",\"contentUrl\":\"https:\\\/\\\/www.eldiario.net\\\/portal\\\/wp-content\\\/uploads\\\/2023\\\/07\\\/logo_ED.jpg\",\"width\":272,\"height\":52,\"caption\":\"El Diario - Decano de la prensa nacional\"},\"image\":{\"@id\":\"https:\\\/\\\/www.eldiario.net\\\/portal\\\/#\\\/schema\\\/logo\\\/image\\\/\"},\"sameAs\":[\"https:\\\/\\\/www.facebook.com\\\/eldiario.bolivia\\\/\",\"https:\\\/\\\/x.com\\\/eldiario_net\"]},{\"@type\":\"Person\",\"@id\":\"https:\\\/\\\/www.eldiario.net\\\/portal\\\/#\\\/schema\\\/person\\\/f46445640444750d7d753ccd04ae01b7\",\"name\":\"Jeanette\",\"image\":{\"@type\":\"ImageObject\",\"inLanguage\":\"es\",\"@id\":\"https:\\\/\\\/secure.gravatar.com\\\/avatar\\\/3ea2118a5f7dad2b7138b1187a6b7ee55f160b9968b66013c3a3ef39dd7e5798?s=96&d=mm&r=g\",\"url\":\"https:\\\/\\\/secure.gravatar.com\\\/avatar\\\/3ea2118a5f7dad2b7138b1187a6b7ee55f160b9968b66013c3a3ef39dd7e5798?s=96&d=mm&r=g\",\"contentUrl\":\"https:\\\/\\\/secure.gravatar.com\\\/avatar\\\/3ea2118a5f7dad2b7138b1187a6b7ee55f160b9968b66013c3a3ef39dd7e5798?s=96&d=mm&r=g\",\"caption\":\"Jeanette\"},\"sameAs\":[\"https:\\\/\\\/www.eldiario.net\\\/portal\"],\"url\":\"https:\\\/\\\/www.eldiario.net\\\/portal\\\/author\\\/jeanette\\\/\"}]}<\/script>\n<!-- \/ Yoast SEO plugin. -->","yoast_head_json":{"title":"Tatiana Marset deja el penal de Palmasola tras orden de libertad - El Diario - Bolivia","robots":{"index":"index","follow":"follow","max-snippet":"max-snippet:-1","max-image-preview":"max-image-preview:large","max-video-preview":"max-video-preview:-1"},"canonical":"https:\/\/www.eldiario.net\/portal\/2026\/08\/19\/tatiana-marset-deja-el-penal-de-palmasola-tras-orden-de-libertad\/","og_locale":"es_ES","og_type":"article","og_title":"Tatiana Marset deja el penal de Palmasola tras orden de libertad - El Diario - Bolivia","og_description":"Tatiana Ver\u00f3nica Marset Alba, hermana del narcotraficante uruguayo Sebasti\u00e1n Marset, dej\u00f3 el penal de Palmasola luego de que se emitiera el mandamiento de libertad a su favor, inform\u00f3 su abogada, M\u00f3nica Terrazas. La orden judicial instruy\u00f3 al director del centro penitenciario poner a Marset en libertad, siempre que no existiera otra causa pendiente en su [&hellip;]","og_url":"https:\/\/www.eldiario.net\/portal\/2026\/08\/19\/tatiana-marset-deja-el-penal-de-palmasola-tras-orden-de-libertad\/","og_site_name":"El Diario - Bolivia","article_publisher":"https:\/\/www.facebook.com\/eldiario.bolivia\/","article_published_time":"2026-08-19T04:54:01+00:00","og_image":[{"width":441,"height":381,"url":"https:\/\/www.eldiario.net\/portal\/wp-content\/uploads\/2026\/08\/19-TATI.webp","type":"image\/webp"}],"author":"Jeanette","twitter_card":"summary_large_image","twitter_creator":"@eldiario_net","twitter_site":"@eldiario_net","twitter_misc":{"Escrito por":"Jeanette","Tiempo de lectura":"1 minuto"},"schema":{"@context":"https:\/\/schema.org","@graph":[{"@type":"Article","@id":"https:\/\/www.eldiario.net\/portal\/2026\/08\/19\/tatiana-marset-deja-el-penal-de-palmasola-tras-orden-de-libertad\/#article","isPartOf":{"@id":"https:\/\/www.eldiario.net\/portal\/2026\/08\/19\/tatiana-marset-deja-el-penal-de-palmasola-tras-orden-de-libertad\/"},"author":{"name":"Jeanette","@id":"https:\/\/www.eldiario.net\/portal\/#\/schema\/person\/f46445640444750d7d753ccd04ae01b7"},"headline":"Tatiana Marset deja el penal de Palmasola tras orden de libertad","datePublished":"2026-08-19T04:54:01+00:00","mainEntityOfPage":{"@id":"https:\/\/www.eldiario.net\/portal\/2026\/08\/19\/tatiana-marset-deja-el-penal-de-palmasola-tras-orden-de-libertad\/"},"wordCount":188,"publisher":{"@id":"https:\/\/www.eldiario.net\/portal\/#organization"},"image":{"@id":"https:\/\/www.eldiario.net\/portal\/2026\/08\/19\/tatiana-marset-deja-el-penal-de-palmasola-tras-orden-de-libertad\/#primaryimage"},"thumbnailUrl":"https:\/\/www.eldiario.net\/portal\/wp-content\/uploads\/2026\/08\/19-TATI.webp","articleSection":["Sociedad - Seguridad"],"inLanguage":"es"},{"@type":"WebPage","@id":"https:\/\/www.eldiario.net\/portal\/2026\/08\/19\/tatiana-marset-deja-el-penal-de-palmasola-tras-orden-de-libertad\/","url":"https:\/\/www.eldiario.net\/portal\/2026\/08\/19\/tatiana-marset-deja-el-penal-de-palmasola-tras-orden-de-libertad\/","name":"Tatiana Marset deja el penal de Palmasola tras orden de libertad - El Diario - Bolivia","isPartOf":{"@id":"https:\/\/www.eldiario.net\/portal\/#website"},"primaryImageOfPage":{"@id":"https:\/\/www.eldiario.net\/portal\/2026\/08\/19\/tatiana-marset-deja-el-penal-de-palmasola-tras-orden-de-libertad\/#primaryimage"},"image":{"@id":"https:\/\/www.eldiario.net\/portal\/2026\/08\/19\/tatiana-marset-deja-el-penal-de-palmasola-tras-orden-de-libertad\/#primaryimage"},"thumbnailUrl":"https:\/\/www.eldiario.net\/portal\/wp-content\/uploads\/2026\/08\/19-TATI.webp","datePublished":"2026-08-19T04:54:01+00:00","breadcrumb":{"@id":"https:\/\/www.eldiario.net\/portal\/2026\/08\/19\/tatiana-marset-deja-el-penal-de-palmasola-tras-orden-de-libertad\/#breadcrumb"},"inLanguage":"es","potentialAction":[{"@type":"ReadAction","target":["https:\/\/www.eldiario.net\/portal\/2026\/08\/19\/tatiana-marset-deja-el-penal-de-palmasola-tras-orden-de-libertad\/"]}]},{"@type":"ImageObject","inLanguage":"es","@id":"https:\/\/www.eldiario.net\/portal\/2026\/08\/19\/tatiana-marset-deja-el-penal-de-palmasola-tras-orden-de-libertad\/#primaryimage","url":"https:\/\/www.eldiario.net\/portal\/wp-content\/uploads\/2026\/08\/19-TATI.webp","contentUrl":"https:\/\/www.eldiario.net\/portal\/wp-content\/uploads\/2026\/08\/19-TATI.webp","width":441,"height":381,"caption":"Tatiana Marset queda libre por orden judicial. Cr\u00e9dito de foto: ABI"},{"@type":"BreadcrumbList","@id":"https:\/\/www.eldiario.net\/portal\/2026\/08\/19\/tatiana-marset-deja-el-penal-de-palmasola-tras-orden-de-libertad\/#breadcrumb","itemListElement":[{"@type":"ListItem","position":1,"name":"Portada","item":"https:\/\/www.eldiario.net\/portal\/"},{"@type":"ListItem","position":2,"name":"Tatiana Marset deja el penal de Palmasola tras orden de libertad"}]},{"@type":"WebSite","@id":"https:\/\/www.eldiario.net\/portal\/#website","url":"https:\/\/www.eldiario.net\/portal\/","name":"El Diario - Decano de la prensa nacional","description":"El Diario - Decano de la prensa nacional","publisher":{"@id":"https:\/\/www.eldiario.net\/portal\/#organization"},"potentialAction":[{"@type":"SearchAction","target":{"@type":"EntryPoint","urlTemplate":"https:\/\/www.eldiario.net\/portal\/?s={search_term_string}"},"query-input":{"@type":"PropertyValueSpecification","valueRequired":true,"valueName":"search_term_string"}}],"inLanguage":"es"},{"@type":"Organization","@id":"https:\/\/www.eldiario.net\/portal\/#organization","name":"El Diario - Decano de la prensa nacional","url":"https:\/\/www.eldiario.net\/portal\/","logo":{"@type":"ImageObject","inLanguage":"es","@id":"https:\/\/www.eldiario.net\/portal\/#\/schema\/logo\/image\/","url":"https:\/\/www.eldiario.net\/portal\/wp-content\/uploads\/2023\/07\/logo_ED.jpg","contentUrl":"https:\/\/www.eldiario.net\/portal\/wp-content\/uploads\/2023\/07\/logo_ED.jpg","width":272,"height":52,"caption":"El Diario - Decano de la prensa nacional"},"image":{"@id":"https:\/\/www.eldiario.net\/portal\/#\/schema\/logo\/image\/"},"sameAs":["https:\/\/www.facebook.com\/eldiario.bolivia\/","https:\/\/x.com\/eldiario_net"]},{"@type":"Person","@id":"https:\/\/www.eldiario.net\/portal\/#\/schema\/person\/f46445640444750d7d753ccd04ae01b7","name":"Jeanette","image":{"@type":"ImageObject","inLanguage":"es","@id":"https:\/\/secure.gravatar.com\/avatar\/3ea2118a5f7dad2b7138b1187a6b7ee55f160b9968b66013c3a3ef39dd7e5798?s=96&d=mm&r=g","url":"https:\/\/secure.gravatar.com\/avatar\/3ea2118a5f7dad2b7138b1187a6b7ee55f160b9968b66013c3a3ef39dd7e5798?s=96&d=mm&r=g","contentUrl":"https:\/\/secure.gravatar.com\/avatar\/3ea2118a5f7dad2b7138b1187a6b7ee55f160b9968b66013c3a3ef39dd7e5798?s=96&d=mm&r=g","caption":"Jeanette"},"sameAs":["https:\/\/www.eldiario.net\/portal"],"url":"https:\/\/www.eldiario.net\/portal\/author\/jeanette\/"}]}},"_links":{"self":[{"href":"https:\/\/www.eldiario.net\/portal\/wp-json\/wp\/v2\/posts\/422720","targetHints":{"allow":["GET"]}}],"collection":[{"href":"https:\/\/www.eldiario.net\/portal\/wp-json\/wp\/v2\/posts"}],"about":[{"href":"https:\/\/www.eldiario.net\/portal\/wp-json\/wp\/v2\/types\/post"}],"author":[{"embeddable":true,"href":"https:\/\/www.eldiario.net\/portal\/wp-json\/wp\/v2\/users\/1"}],"replies":[{"embeddable":true,"href":"https:\/\/www.eldiario.net\/portal\/wp-json\/wp\/v2\/comments?post=422720"}],"version-history":[{"count":1,"href":"https:\/\/www.eldiario.net\/portal\/wp-json\/wp\/v2\/posts\/422720\/revisions"}],"predecessor-version":[{"id":422722,"href":"https:\/\/www.eldiario.net\/portal\/wp-json\/wp\/v2\/posts\/422720\/revisions\/422722"}],"wp:featuredmedia":[{"embeddable":true,"href":"https:\/\/www.eldiario.net\/portal\/wp-json\/wp\/v2\/media\/422721"}],"wp:attachment":[{"href":"https:\/\/www.eldiario.net\/portal\/wp-json\/wp\/v2\/media?parent=422720"}],"wp:term":[{"taxonomy":"category","embeddable":true,"href":"https:\/\/www.eldiario.net\/portal\/wp-json\/wp\/v2\/categories?post=422720"},{"taxonomy":"post_tag","embeddable":true,"href":"https:\/\/www.eldiario.net\/portal\/wp-json\/wp\/v2\/tags?post=422720"}],"curies":[{"name":"wp","href":"https:\/\/api.w.org\/{rel}","templated":true}]}}