{"id":422647,"date":"2026-08-18T19:49:51","date_gmt":"2026-08-18T23:49:51","guid":{"rendered":"https:\/\/www.eldiario.net\/portal\/?p=422647"},"modified":"2026-08-18T19:49:51","modified_gmt":"2026-08-18T23:49:51","slug":"francia-expulsara-a-dos-diplomaticos-iranies-1949","status":"publish","type":"post","link":"https:\/\/www.eldiario.net\/portal\/2026\/08\/18\/francia-expulsara-a-dos-diplomaticos-iranies-1949\/","title":{"rendered":"Francia expulsar\u00e1 a dos diplom\u00e1ticos iran\u00edes (19:49)"},"content":{"rendered":"<p>El ministro de Relaciones Exteriores de Francia, Jean-No\u00ebl Barrot, anunci\u00f3 que su pa\u00eds expulsar\u00e1 en los pr\u00f3ximos d\u00edas a dos diplom\u00e1ticos iran\u00edes asignados en Par\u00eds.<\/p>\n<p>La medida se toma en respuesta a la detenci\u00f3n e interrogatorio durante varias horas de dos miembros de la embajada francesa en Teher\u00e1n el pasado 19 de julio por parte de los servicios de seguridad de Ir\u00e1n, hecho que la canciller\u00eda gala calific\u00f3 como una agresi\u00f3n \u00abescandalosa, deliberada e inaceptable\u00bb.<\/p>\n<p data-path-to-node=\"3\">Por su parte, el Gobierno iran\u00ed acus\u00f3 al personal diplom\u00e1tico franc\u00e9s de incurrir en acciones \u00abpoco convencionales\u00bb y participar en reuniones secretas con sospechosos de un caso de infiltraci\u00f3n e intervenci\u00f3n extranjera.<\/p>\n<p>A pesar de las protestas de Teher\u00e1n contra la supuesta injerencia en sus asuntos internos, Par\u00eds confirm\u00f3 que la violaci\u00f3n a la integridad de sus diplom\u00e1ticos no quedar\u00e1 sin consecuencias, agudizando la tensi\u00f3n geopol\u00edtica entre ambas naciones. (Xinhua-News-Agencia)<\/p>\n","protected":false},"excerpt":{"rendered":"<p>El ministro de Relaciones Exteriores de Francia, Jean-No\u00ebl Barrot, anunci\u00f3 que su pa\u00eds expulsar\u00e1 en los pr\u00f3ximos d\u00edas a dos diplom\u00e1ticos iran\u00edes asignados en Par\u00eds. La medida se toma en respuesta a la detenci\u00f3n e interrogatorio durante varias horas de dos miembros de la embajada francesa en Teher\u00e1n el pasado 19 de julio por parte [&hellip;]<\/p>\n","protected":false},"author":7,"featured_media":422653,"comment_status":"closed","ping_status":"open","sticky":false,"template":"","format":"standard","meta":{"_acf_changed":false,"footnotes":""},"categories":[51],"tags":[],"class_list":["post-422647","post","type-post","status-publish","format-standard","has-post-thumbnail","category-ultima-hora"],"acf":{"antetitulo":""},"yoast_head":"<!-- This site is optimized with the Yoast SEO plugin v28.4 - https:\/\/yoast.com\/product\/yoast-seo-wordpress\/ -->\n<title>Francia expulsar\u00e1 a dos diplom\u00e1ticos iran\u00edes (19:49) - El Diario - Bolivia<\/title>\n<meta name=\"robots\" content=\"index, follow, max-snippet:-1, max-image-preview:large, max-video-preview:-1\" \/>\n<link rel=\"canonical\" href=\"https:\/\/www.eldiario.net\/portal\/2026\/08\/18\/francia-expulsara-a-dos-diplomaticos-iranies-1949\/\" \/>\n<meta property=\"og:locale\" content=\"es_ES\" \/>\n<meta property=\"og:type\" content=\"article\" \/>\n<meta property=\"og:title\" content=\"Francia expulsar\u00e1 a dos diplom\u00e1ticos iran\u00edes (19:49) - El Diario - Bolivia\" \/>\n<meta property=\"og:description\" content=\"El ministro de Relaciones Exteriores de Francia, Jean-No\u00ebl Barrot, anunci\u00f3 que su pa\u00eds expulsar\u00e1 en los pr\u00f3ximos d\u00edas a dos diplom\u00e1ticos iran\u00edes asignados en Par\u00eds. La medida se toma en respuesta a la detenci\u00f3n e interrogatorio durante varias horas de dos miembros de la embajada francesa en Teher\u00e1n el pasado 19 de julio por parte [&hellip;]\" \/>\n<meta property=\"og:url\" content=\"https:\/\/www.eldiario.net\/portal\/2026\/08\/18\/francia-expulsara-a-dos-diplomaticos-iranies-1949\/\" \/>\n<meta property=\"og:site_name\" content=\"El Diario - Bolivia\" \/>\n<meta property=\"article:publisher\" content=\"https:\/\/www.facebook.com\/eldiario.bolivia\/\" \/>\n<meta property=\"article:published_time\" content=\"2026-08-18T23:49:51+00:00\" \/>\n<meta property=\"og:image\" content=\"https:\/\/www.eldiario.net\/portal\/wp-content\/uploads\/2026\/08\/ministro-frances-18.08.26-copia.webp\" \/>\n\t<meta property=\"og:image:width\" content=\"600\" \/>\n\t<meta property=\"og:image:height\" content=\"391\" \/>\n\t<meta property=\"og:image:type\" content=\"image\/webp\" \/>\n<meta name=\"author\" content=\"Viviana Monrroy\" \/>\n<meta name=\"twitter:card\" content=\"summary_large_image\" \/>\n<meta name=\"twitter:creator\" content=\"@eldiario_net\" \/>\n<meta name=\"twitter:site\" content=\"@eldiario_net\" \/>\n<meta name=\"twitter:label1\" content=\"Escrito por\" \/>\n\t<meta name=\"twitter:data1\" content=\"Viviana Monrroy\" \/>\n\t<meta name=\"twitter:label2\" content=\"Tiempo de lectura\" \/>\n\t<meta name=\"twitter:data2\" content=\"1 minuto\" \/>\n<script type=\"application\/ld+json\" class=\"yoast-schema-graph\">{\"@context\":\"https:\\\/\\\/schema.org\",\"@graph\":[{\"@type\":\"Article\",\"@id\":\"https:\\\/\\\/www.eldiario.net\\\/portal\\\/2026\\\/08\\\/18\\\/francia-expulsara-a-dos-diplomaticos-iranies-1949\\\/#article\",\"isPartOf\":{\"@id\":\"https:\\\/\\\/www.eldiario.net\\\/portal\\\/2026\\\/08\\\/18\\\/francia-expulsara-a-dos-diplomaticos-iranies-1949\\\/\"},\"author\":{\"name\":\"Viviana Monrroy\",\"@id\":\"https:\\\/\\\/www.eldiario.net\\\/portal\\\/#\\\/schema\\\/person\\\/32cc89e801dfcbad3a54f91da7f2ea06\"},\"headline\":\"Francia expulsar\u00e1 a dos diplom\u00e1ticos iran\u00edes (19:49)\",\"datePublished\":\"2026-08-18T23:49:51+00:00\",\"mainEntityOfPage\":{\"@id\":\"https:\\\/\\\/www.eldiario.net\\\/portal\\\/2026\\\/08\\\/18\\\/francia-expulsara-a-dos-diplomaticos-iranies-1949\\\/\"},\"wordCount\":174,\"publisher\":{\"@id\":\"https:\\\/\\\/www.eldiario.net\\\/portal\\\/#organization\"},\"image\":{\"@id\":\"https:\\\/\\\/www.eldiario.net\\\/portal\\\/2026\\\/08\\\/18\\\/francia-expulsara-a-dos-diplomaticos-iranies-1949\\\/#primaryimage\"},\"thumbnailUrl\":\"https:\\\/\\\/www.eldiario.net\\\/portal\\\/wp-content\\\/uploads\\\/2026\\\/08\\\/ministro-frances-18.08.26-copia.webp\",\"articleSection\":[\"\u00daltima Hora\"],\"inLanguage\":\"es\"},{\"@type\":\"WebPage\",\"@id\":\"https:\\\/\\\/www.eldiario.net\\\/portal\\\/2026\\\/08\\\/18\\\/francia-expulsara-a-dos-diplomaticos-iranies-1949\\\/\",\"url\":\"https:\\\/\\\/www.eldiario.net\\\/portal\\\/2026\\\/08\\\/18\\\/francia-expulsara-a-dos-diplomaticos-iranies-1949\\\/\",\"name\":\"Francia expulsar\u00e1 a dos diplom\u00e1ticos iran\u00edes (19:49) - El Diario - Bolivia\",\"isPartOf\":{\"@id\":\"https:\\\/\\\/www.eldiario.net\\\/portal\\\/#website\"},\"primaryImageOfPage\":{\"@id\":\"https:\\\/\\\/www.eldiario.net\\\/portal\\\/2026\\\/08\\\/18\\\/francia-expulsara-a-dos-diplomaticos-iranies-1949\\\/#primaryimage\"},\"image\":{\"@id\":\"https:\\\/\\\/www.eldiario.net\\\/portal\\\/2026\\\/08\\\/18\\\/francia-expulsara-a-dos-diplomaticos-iranies-1949\\\/#primaryimage\"},\"thumbnailUrl\":\"https:\\\/\\\/www.eldiario.net\\\/portal\\\/wp-content\\\/uploads\\\/2026\\\/08\\\/ministro-frances-18.08.26-copia.webp\",\"datePublished\":\"2026-08-18T23:49:51+00:00\",\"breadcrumb\":{\"@id\":\"https:\\\/\\\/www.eldiario.net\\\/portal\\\/2026\\\/08\\\/18\\\/francia-expulsara-a-dos-diplomaticos-iranies-1949\\\/#breadcrumb\"},\"inLanguage\":\"es\",\"potentialAction\":[{\"@type\":\"ReadAction\",\"target\":[\"https:\\\/\\\/www.eldiario.net\\\/portal\\\/2026\\\/08\\\/18\\\/francia-expulsara-a-dos-diplomaticos-iranies-1949\\\/\"]}]},{\"@type\":\"ImageObject\",\"inLanguage\":\"es\",\"@id\":\"https:\\\/\\\/www.eldiario.net\\\/portal\\\/2026\\\/08\\\/18\\\/francia-expulsara-a-dos-diplomaticos-iranies-1949\\\/#primaryimage\",\"url\":\"https:\\\/\\\/www.eldiario.net\\\/portal\\\/wp-content\\\/uploads\\\/2026\\\/08\\\/ministro-frances-18.08.26-copia.webp\",\"contentUrl\":\"https:\\\/\\\/www.eldiario.net\\\/portal\\\/wp-content\\\/uploads\\\/2026\\\/08\\\/ministro-frances-18.08.26-copia.webp\",\"width\":600,\"height\":391,\"caption\":\"Jean-No\u00ebl Barrot,\"},{\"@type\":\"BreadcrumbList\",\"@id\":\"https:\\\/\\\/www.eldiario.net\\\/portal\\\/2026\\\/08\\\/18\\\/francia-expulsara-a-dos-diplomaticos-iranies-1949\\\/#breadcrumb\",\"itemListElement\":[{\"@type\":\"ListItem\",\"position\":1,\"name\":\"Portada\",\"item\":\"https:\\\/\\\/www.eldiario.net\\\/portal\\\/\"},{\"@type\":\"ListItem\",\"position\":2,\"name\":\"Francia expulsar\u00e1 a dos diplom\u00e1ticos iran\u00edes (19:49)\"}]},{\"@type\":\"WebSite\",\"@id\":\"https:\\\/\\\/www.eldiario.net\\\/portal\\\/#website\",\"url\":\"https:\\\/\\\/www.eldiario.net\\\/portal\\\/\",\"name\":\"El Diario - Decano de la prensa nacional\",\"description\":\"El Diario - Decano de la prensa nacional\",\"publisher\":{\"@id\":\"https:\\\/\\\/www.eldiario.net\\\/portal\\\/#organization\"},\"potentialAction\":[{\"@type\":\"SearchAction\",\"target\":{\"@type\":\"EntryPoint\",\"urlTemplate\":\"https:\\\/\\\/www.eldiario.net\\\/portal\\\/?s={search_term_string}\"},\"query-input\":{\"@type\":\"PropertyValueSpecification\",\"valueRequired\":true,\"valueName\":\"search_term_string\"}}],\"inLanguage\":\"es\"},{\"@type\":\"Organization\",\"@id\":\"https:\\\/\\\/www.eldiario.net\\\/portal\\\/#organization\",\"name\":\"El Diario - Decano de la prensa nacional\",\"url\":\"https:\\\/\\\/www.eldiario.net\\\/portal\\\/\",\"logo\":{\"@type\":\"ImageObject\",\"inLanguage\":\"es\",\"@id\":\"https:\\\/\\\/www.eldiario.net\\\/portal\\\/#\\\/schema\\\/logo\\\/image\\\/\",\"url\":\"https:\\\/\\\/www.eldiario.net\\\/portal\\\/wp-content\\\/uploads\\\/2023\\\/07\\\/logo_ED.jpg\",\"contentUrl\":\"https:\\\/\\\/www.eldiario.net\\\/portal\\\/wp-content\\\/uploads\\\/2023\\\/07\\\/logo_ED.jpg\",\"width\":272,\"height\":52,\"caption\":\"El Diario - Decano de la prensa nacional\"},\"image\":{\"@id\":\"https:\\\/\\\/www.eldiario.net\\\/portal\\\/#\\\/schema\\\/logo\\\/image\\\/\"},\"sameAs\":[\"https:\\\/\\\/www.facebook.com\\\/eldiario.bolivia\\\/\",\"https:\\\/\\\/x.com\\\/eldiario_net\"]},{\"@type\":\"Person\",\"@id\":\"https:\\\/\\\/www.eldiario.net\\\/portal\\\/#\\\/schema\\\/person\\\/32cc89e801dfcbad3a54f91da7f2ea06\",\"name\":\"Viviana Monrroy\",\"image\":{\"@type\":\"ImageObject\",\"inLanguage\":\"es\",\"@id\":\"https:\\\/\\\/secure.gravatar.com\\\/avatar\\\/dfd1611ed5600959a0e5a9754503b6c05d1dcf190010998e0363aee2ad98afca?s=96&d=mm&r=g\",\"url\":\"https:\\\/\\\/secure.gravatar.com\\\/avatar\\\/dfd1611ed5600959a0e5a9754503b6c05d1dcf190010998e0363aee2ad98afca?s=96&d=mm&r=g\",\"contentUrl\":\"https:\\\/\\\/secure.gravatar.com\\\/avatar\\\/dfd1611ed5600959a0e5a9754503b6c05d1dcf190010998e0363aee2ad98afca?s=96&d=mm&r=g\",\"caption\":\"Viviana Monrroy\"},\"sameAs\":[\"http:\\\/\\\/www.eldiario.net\"],\"url\":\"https:\\\/\\\/www.eldiario.net\\\/portal\\\/author\\\/vivianamonrroy\\\/\"}]}<\/script>\n<!-- \/ Yoast SEO plugin. -->","yoast_head_json":{"title":"Francia expulsar\u00e1 a dos diplom\u00e1ticos iran\u00edes (19:49) - El Diario - Bolivia","robots":{"index":"index","follow":"follow","max-snippet":"max-snippet:-1","max-image-preview":"max-image-preview:large","max-video-preview":"max-video-preview:-1"},"canonical":"https:\/\/www.eldiario.net\/portal\/2026\/08\/18\/francia-expulsara-a-dos-diplomaticos-iranies-1949\/","og_locale":"es_ES","og_type":"article","og_title":"Francia expulsar\u00e1 a dos diplom\u00e1ticos iran\u00edes (19:49) - El Diario - Bolivia","og_description":"El ministro de Relaciones Exteriores de Francia, Jean-No\u00ebl Barrot, anunci\u00f3 que su pa\u00eds expulsar\u00e1 en los pr\u00f3ximos d\u00edas a dos diplom\u00e1ticos iran\u00edes asignados en Par\u00eds. La medida se toma en respuesta a la detenci\u00f3n e interrogatorio durante varias horas de dos miembros de la embajada francesa en Teher\u00e1n el pasado 19 de julio por parte [&hellip;]","og_url":"https:\/\/www.eldiario.net\/portal\/2026\/08\/18\/francia-expulsara-a-dos-diplomaticos-iranies-1949\/","og_site_name":"El Diario - Bolivia","article_publisher":"https:\/\/www.facebook.com\/eldiario.bolivia\/","article_published_time":"2026-08-18T23:49:51+00:00","og_image":[{"width":600,"height":391,"url":"https:\/\/www.eldiario.net\/portal\/wp-content\/uploads\/2026\/08\/ministro-frances-18.08.26-copia.webp","type":"image\/webp"}],"author":"Viviana Monrroy","twitter_card":"summary_large_image","twitter_creator":"@eldiario_net","twitter_site":"@eldiario_net","twitter_misc":{"Escrito por":"Viviana Monrroy","Tiempo de lectura":"1 minuto"},"schema":{"@context":"https:\/\/schema.org","@graph":[{"@type":"Article","@id":"https:\/\/www.eldiario.net\/portal\/2026\/08\/18\/francia-expulsara-a-dos-diplomaticos-iranies-1949\/#article","isPartOf":{"@id":"https:\/\/www.eldiario.net\/portal\/2026\/08\/18\/francia-expulsara-a-dos-diplomaticos-iranies-1949\/"},"author":{"name":"Viviana Monrroy","@id":"https:\/\/www.eldiario.net\/portal\/#\/schema\/person\/32cc89e801dfcbad3a54f91da7f2ea06"},"headline":"Francia expulsar\u00e1 a dos diplom\u00e1ticos iran\u00edes (19:49)","datePublished":"2026-08-18T23:49:51+00:00","mainEntityOfPage":{"@id":"https:\/\/www.eldiario.net\/portal\/2026\/08\/18\/francia-expulsara-a-dos-diplomaticos-iranies-1949\/"},"wordCount":174,"publisher":{"@id":"https:\/\/www.eldiario.net\/portal\/#organization"},"image":{"@id":"https:\/\/www.eldiario.net\/portal\/2026\/08\/18\/francia-expulsara-a-dos-diplomaticos-iranies-1949\/#primaryimage"},"thumbnailUrl":"https:\/\/www.eldiario.net\/portal\/wp-content\/uploads\/2026\/08\/ministro-frances-18.08.26-copia.webp","articleSection":["\u00daltima Hora"],"inLanguage":"es"},{"@type":"WebPage","@id":"https:\/\/www.eldiario.net\/portal\/2026\/08\/18\/francia-expulsara-a-dos-diplomaticos-iranies-1949\/","url":"https:\/\/www.eldiario.net\/portal\/2026\/08\/18\/francia-expulsara-a-dos-diplomaticos-iranies-1949\/","name":"Francia expulsar\u00e1 a dos diplom\u00e1ticos iran\u00edes (19:49) - El Diario - Bolivia","isPartOf":{"@id":"https:\/\/www.eldiario.net\/portal\/#website"},"primaryImageOfPage":{"@id":"https:\/\/www.eldiario.net\/portal\/2026\/08\/18\/francia-expulsara-a-dos-diplomaticos-iranies-1949\/#primaryimage"},"image":{"@id":"https:\/\/www.eldiario.net\/portal\/2026\/08\/18\/francia-expulsara-a-dos-diplomaticos-iranies-1949\/#primaryimage"},"thumbnailUrl":"https:\/\/www.eldiario.net\/portal\/wp-content\/uploads\/2026\/08\/ministro-frances-18.08.26-copia.webp","datePublished":"2026-08-18T23:49:51+00:00","breadcrumb":{"@id":"https:\/\/www.eldiario.net\/portal\/2026\/08\/18\/francia-expulsara-a-dos-diplomaticos-iranies-1949\/#breadcrumb"},"inLanguage":"es","potentialAction":[{"@type":"ReadAction","target":["https:\/\/www.eldiario.net\/portal\/2026\/08\/18\/francia-expulsara-a-dos-diplomaticos-iranies-1949\/"]}]},{"@type":"ImageObject","inLanguage":"es","@id":"https:\/\/www.eldiario.net\/portal\/2026\/08\/18\/francia-expulsara-a-dos-diplomaticos-iranies-1949\/#primaryimage","url":"https:\/\/www.eldiario.net\/portal\/wp-content\/uploads\/2026\/08\/ministro-frances-18.08.26-copia.webp","contentUrl":"https:\/\/www.eldiario.net\/portal\/wp-content\/uploads\/2026\/08\/ministro-frances-18.08.26-copia.webp","width":600,"height":391,"caption":"Jean-No\u00ebl Barrot,"},{"@type":"BreadcrumbList","@id":"https:\/\/www.eldiario.net\/portal\/2026\/08\/18\/francia-expulsara-a-dos-diplomaticos-iranies-1949\/#breadcrumb","itemListElement":[{"@type":"ListItem","position":1,"name":"Portada","item":"https:\/\/www.eldiario.net\/portal\/"},{"@type":"ListItem","position":2,"name":"Francia expulsar\u00e1 a dos diplom\u00e1ticos iran\u00edes (19:49)"}]},{"@type":"WebSite","@id":"https:\/\/www.eldiario.net\/portal\/#website","url":"https:\/\/www.eldiario.net\/portal\/","name":"El Diario - Decano de la prensa nacional","description":"El Diario - Decano de la prensa nacional","publisher":{"@id":"https:\/\/www.eldiario.net\/portal\/#organization"},"potentialAction":[{"@type":"SearchAction","target":{"@type":"EntryPoint","urlTemplate":"https:\/\/www.eldiario.net\/portal\/?s={search_term_string}"},"query-input":{"@type":"PropertyValueSpecification","valueRequired":true,"valueName":"search_term_string"}}],"inLanguage":"es"},{"@type":"Organization","@id":"https:\/\/www.eldiario.net\/portal\/#organization","name":"El Diario - Decano de la prensa nacional","url":"https:\/\/www.eldiario.net\/portal\/","logo":{"@type":"ImageObject","inLanguage":"es","@id":"https:\/\/www.eldiario.net\/portal\/#\/schema\/logo\/image\/","url":"https:\/\/www.eldiario.net\/portal\/wp-content\/uploads\/2023\/07\/logo_ED.jpg","contentUrl":"https:\/\/www.eldiario.net\/portal\/wp-content\/uploads\/2023\/07\/logo_ED.jpg","width":272,"height":52,"caption":"El Diario - Decano de la prensa nacional"},"image":{"@id":"https:\/\/www.eldiario.net\/portal\/#\/schema\/logo\/image\/"},"sameAs":["https:\/\/www.facebook.com\/eldiario.bolivia\/","https:\/\/x.com\/eldiario_net"]},{"@type":"Person","@id":"https:\/\/www.eldiario.net\/portal\/#\/schema\/person\/32cc89e801dfcbad3a54f91da7f2ea06","name":"Viviana Monrroy","image":{"@type":"ImageObject","inLanguage":"es","@id":"https:\/\/secure.gravatar.com\/avatar\/dfd1611ed5600959a0e5a9754503b6c05d1dcf190010998e0363aee2ad98afca?s=96&d=mm&r=g","url":"https:\/\/secure.gravatar.com\/avatar\/dfd1611ed5600959a0e5a9754503b6c05d1dcf190010998e0363aee2ad98afca?s=96&d=mm&r=g","contentUrl":"https:\/\/secure.gravatar.com\/avatar\/dfd1611ed5600959a0e5a9754503b6c05d1dcf190010998e0363aee2ad98afca?s=96&d=mm&r=g","caption":"Viviana Monrroy"},"sameAs":["http:\/\/www.eldiario.net"],"url":"https:\/\/www.eldiario.net\/portal\/author\/vivianamonrroy\/"}]}},"_links":{"self":[{"href":"https:\/\/www.eldiario.net\/portal\/wp-json\/wp\/v2\/posts\/422647","targetHints":{"allow":["GET"]}}],"collection":[{"href":"https:\/\/www.eldiario.net\/portal\/wp-json\/wp\/v2\/posts"}],"about":[{"href":"https:\/\/www.eldiario.net\/portal\/wp-json\/wp\/v2\/types\/post"}],"author":[{"embeddable":true,"href":"https:\/\/www.eldiario.net\/portal\/wp-json\/wp\/v2\/users\/7"}],"replies":[{"embeddable":true,"href":"https:\/\/www.eldiario.net\/portal\/wp-json\/wp\/v2\/comments?post=422647"}],"version-history":[{"count":1,"href":"https:\/\/www.eldiario.net\/portal\/wp-json\/wp\/v2\/posts\/422647\/revisions"}],"predecessor-version":[{"id":422654,"href":"https:\/\/www.eldiario.net\/portal\/wp-json\/wp\/v2\/posts\/422647\/revisions\/422654"}],"wp:featuredmedia":[{"embeddable":true,"href":"https:\/\/www.eldiario.net\/portal\/wp-json\/wp\/v2\/media\/422653"}],"wp:attachment":[{"href":"https:\/\/www.eldiario.net\/portal\/wp-json\/wp\/v2\/media?parent=422647"}],"wp:term":[{"taxonomy":"category","embeddable":true,"href":"https:\/\/www.eldiario.net\/portal\/wp-json\/wp\/v2\/categories?post=422647"},{"taxonomy":"post_tag","embeddable":true,"href":"https:\/\/www.eldiario.net\/portal\/wp-json\/wp\/v2\/tags?post=422647"}],"curies":[{"name":"wp","href":"https:\/\/api.w.org\/{rel}","templated":true}]}}