{"id":422359,"date":"2026-08-18T06:08:45","date_gmt":"2026-08-18T10:08:45","guid":{"rendered":"https:\/\/www.eldiario.net\/portal\/?p=422359"},"modified":"2026-08-18T06:08:45","modified_gmt":"2026-08-18T10:08:45","slug":"el-super-nino-ya-esta-aqui-estamos-preparados","status":"publish","type":"post","link":"https:\/\/www.eldiario.net\/portal\/2026\/08\/18\/el-super-nino-ya-esta-aqui-estamos-preparados\/","title":{"rendered":"El \u201cS\u00faper Ni\u00f1o\u201d ya est\u00e1  aqu\u00ed; \u00bfestamos preparados?"},"content":{"rendered":"<p>El invierno de 2026 est\u00e1 dejando im\u00e1genes que parecen dif\u00edciles de reconciliar entre s\u00ed. Frentes fr\u00edos avanzan sobre el territorio boliviano, las temperaturas cambian abruptamente y las zonas altas de la cordillera vuelven a sentir los efectos de nevadas y condiciones meteorol\u00f3gicas severas. Al otro lado de los Andes, un potente sistema frontal impulsado por un r\u00edo atmosf\u00e9rico llev\u00f3 en agosto lluvias hasta regiones extraordinariamente \u00e1ridas del norte de Chile: Atacama qued\u00f3 bajo alarma meteorol\u00f3gica ante previsiones de entre 40 y 60 mil\u00edmetros en sectores precordilleranos, mientras Antofagasta enfrent\u00f3 alertas por precipitaciones y riesgo de remociones en masa.<\/p>\n<p>Es tentador unir cada una de estas anomal\u00edas bajo una misma explicaci\u00f3n y atribuirlas directamente a El Ni\u00f1o. Pero la ciencia exige m\u00e1s cautela. Una nevada, un frente fr\u00edo o una tormenta determinada no pueden adjudicarse autom\u00e1ticamente a este fen\u00f3meno. El tiempo meteorol\u00f3gico depende de m\u00faltiples variables que interact\u00faan simult\u00e1neamente. Lo que s\u00ed sabemos es que detr\u00e1s de estos acontecimientos se est\u00e1 produciendo una transformaci\u00f3n de mucha mayor escala en el oc\u00e9ano Pac\u00edfico y que sus consecuencias podr\u00edan acompa\u00f1arnos durante los pr\u00f3ximos meses.<\/p>\n<p>En marzo, la Administraci\u00f3n Nacional Oce\u00e1nica y Atmosf\u00e9rica de Estados Unidos (NOAA) todav\u00eda observaba condiciones de La Ni\u00f1a y calculaba un 62% de probabilidad de que El Ni\u00f1o apareciera entre junio y agosto. Tres meses despu\u00e9s, en junio, confirm\u00f3 oficialmente que las condiciones de El Ni\u00f1o ya estaban presentes. En julio, el escenario volvi\u00f3 a cambiar: el calentamiento continu\u00f3 intensific\u00e1ndose y NOAA calcul\u00f3 un 97% de probabilidad de que El Ni\u00f1o persistiera hasta comienzos de 2027, con un 81% de posibilidades de alcanzar una intensidad \u201cmuy fuerte\u201d entre octubre y diciembre de 2026. De concretarse, podr\u00eda situarse entre los mayores episodios registrados desde 1950.<\/p>\n<p>El cambio ocurrido bajo el Pac\u00edfico en apenas unos meses ayuda a comprender la preocupaci\u00f3n. En febrero, el \u00edndice Ni\u00f1o 3.4 \u2014una de las principales regiones utilizadas para observar la evoluci\u00f3n del fen\u00f3meno\u2014 registraba una anomal\u00eda de -0,5 \u00b0C. Para julio hab\u00eda alcanzado aproximadamente +1,2 \u00b0C. Mucho m\u00e1s cerca de Sudam\u00e9rica, la regi\u00f3n Ni\u00f1o 1+2 lleg\u00f3 a registrar alrededor de +2,7 \u00b0C respecto de lo normal.<\/p>\n<p>Es esa aceleraci\u00f3n la que ha llevado a medios, especialistas y analistas a utilizar nuevamente una expresi\u00f3n que resulta tan impactante como imprecisa: \u201cS\u00faper Ni\u00f1o\u201d. No existe oficialmente una categor\u00eda meteorol\u00f3gica denominada de esa manera. La ciencia clasifica la intensidad de El Ni\u00f1o a partir de diferentes indicadores oce\u00e1nicos y atmosf\u00e9ricos, mientras \u201cS\u00faper Ni\u00f1o\u201d funciona como una denominaci\u00f3n informal para referirse a episodios excepcionalmente intensos, como los registrados en 1982-1983, 1997-1998 y 2015-2016.<\/p>\n<p>El Ni\u00f1o no significa simplemente que har\u00e1 m\u00e1s calor ni que llover\u00e1 menos. Es una alteraci\u00f3n de enorme escala en la interacci\u00f3n entre el oc\u00e9ano y la atm\u00f3sfera del Pac\u00edfico tropical capaz de modificar patrones de precipitaci\u00f3n y temperatura a miles de kil\u00f3metros de distancia. En un pa\u00eds geogr\u00e1ficamente complejo como Bolivia, sus efectos incluso pueden ser opuestos al mismo tiempo: hist\u00f3ricamente, los eventos fuertes han estado asociados con d\u00e9ficit de agua y sequ\u00edas en el Altiplano y zonas subandinas, mientras las tierras bajas pueden enfrentar exceso de precipitaciones e inundaciones.<\/p>\n<p>Eso significa que mientras una familia puede mirar una represa que comienza a vaciarse en el occidente, otra puede observar c\u00f3mo un r\u00edo amenaza con entrar a su vivienda en el oriente.<\/p>\n<p>Bolivia ya vivi\u00f3 esa contradicci\u00f3n de manera particularmente dura durante El Ni\u00f1o de 1982-1983. Las sequ\u00edas golpearon el Altiplano, los valles interandinos, los valles del sur y el Chaco, mientras intensas precipitaciones provocaron inundaciones en las tierras bajas. Las estimaciones oficiales recopiladas posteriormente calcularon cerca de 1,97 millones de personas directamente afectadas y un impacto econ\u00f3mico superior a los 836 millones de d\u00f3lares de la \u00e9poca.<\/p>\n<p>Quince a\u00f1os despu\u00e9s lleg\u00f3 otro de los grandes episodios. El Ni\u00f1o de 1997-1998 volvi\u00f3 a combinar sequ\u00edas e inundaciones y dej\u00f3 alrededor de 527 millones de d\u00f3lares en da\u00f1os y p\u00e9rdidas en Bolivia. La agricultura fue particularmente vulnerable porque la producci\u00f3n depende no solamente de cu\u00e1nto llueve, sino de que el agua llegue en el momento preciso del ciclo de los cultivos. La evaluaci\u00f3n realizada posteriormente por la Cepal constat\u00f3 afectaciones agr\u00edcolas tanto por d\u00e9ficit como por exceso de precipitaciones.<\/p>\n<p>El clima no necesita destruir completamente una cosecha para producir consecuencias econ\u00f3micas. Basta con alterar el calendario de lluvias, reducir la disponibilidad de agua durante determinadas etapas del cultivo, provocar heladas fuera de temporada o inundar zonas productivas para reducir rendimientos. Cuando eso ocurre simult\u00e1neamente en numerosos territorios, el problema deja de pertenecer exclusivamente al productor: comienza a trasladarse al precio de los alimentos.<\/p>\n<p>El Banco Interamericano de Desarrollo ya hab\u00eda estimado, al estudiar episodios anteriores, que un \u201cEl Ni\u00f1o\u201d de intensidad normal a extraordinaria pod\u00eda restar entre 0,6% y 1,7% del PIB de los pa\u00edses andinos y ejercer presi\u00f3n adicional sobre los precios. Para Bolivia, sus c\u00e1lculos situaban el impacto potencial sobre la actividad econ\u00f3mica alrededor del 0,5%, aunque la magnitud real depende de las caracter\u00edsticas espec\u00edficas de cada episodio.<\/p>\n<p>Detr\u00e1s de esos porcentajes hay algo bastante menos abstracto: papa, quinua, ma\u00edz, arroz, hortalizas, ganado, agua para riego, caminos rurales y familias cuya econom\u00eda depende de una campa\u00f1a agr\u00edcola.<\/p>\n<p>Una familia con riego tecnificado, ahorros, seguro, maquinaria y acceso inmediato a informaci\u00f3n meteorol\u00f3gica puede absorber parcialmente una mala temporada. Para una familia ind\u00edgena o campesina cuya producci\u00f3n depende de la lluvia, perder una cosecha puede significar perder simult\u00e1neamente alimento, ingreso y semillas para el siguiente ciclo productivo.<\/p>\n<p>Es ah\u00ed donde un fen\u00f3meno oce\u00e1nico comienza a convertirse en un problema de seguridad alimentaria, pobreza y desplazamiento.<\/p>\n<p>La historia boliviana ya conoce esa relaci\u00f3n. Los eventos clim\u00e1ticos severos pueden empujar a familias rurales a abandonar temporal o permanentemente sus comunidades cuando la producci\u00f3n deja de garantizar su subsistencia. La migraci\u00f3n clim\u00e1tica rara vez ocurre porque una persona despierta una ma\u00f1ana y decide marcharse exclusivamente \u201cpor el clima\u201d. Generalmente aparece cuando la sequ\u00eda, la p\u00e9rdida de cultivos, la falta de agua y la degradaci\u00f3n de los medios de vida se acumulan sobre problemas econ\u00f3micos que ya exist\u00edan.<\/p>\n<p>Bolivia no necesita retroceder cuatro d\u00e9cadas para comprenderlo. La crisis h\u00eddrica de 2016 dej\u00f3 a decenas de barrios de La Paz y El Alto sometidos a racionamientos y expuso las limitaciones de un sistema de abastecimiento enfrentado a bajos niveles en sus fuentes y represas. El episodio qued\u00f3 como una advertencia de lo que ocurre cuando una anomal\u00eda clim\u00e1tica se encuentra con infraestructura insuficiente, crecimiento urbano y planificaci\u00f3n incapaz de anticipar escenarios extremos.<\/p>\n<p>Diez a\u00f1os despu\u00e9s, la pregunta ya no deber\u00eda ser si un fen\u00f3meno clim\u00e1tico puede poner bajo presi\u00f3n el abastecimiento de agua. El Ni\u00f1o de 2026 llega, adem\u00e1s, a un planeta distinto del que recibi\u00f3 los grandes episodios de 1982 o 1997. El fen\u00f3meno ENSO es natural y existe desde mucho antes de que la humanidad comenzara a alterar significativamente el clima global. El cambio clim\u00e1tico no crea El Ni\u00f1o. Confundir ambos procesos ser\u00eda cient\u00edficamente incorrecto.<\/p>\n<p>El calentamiento global est\u00e1 elevando las temperaturas de fondo sobre las que operan fen\u00f3menos naturales como El Ni\u00f1o. Al mismo tiempo, Bolivia enfrenta degradaci\u00f3n de cuencas, p\u00e9rdida de cobertura vegetal, presi\u00f3n sobre fuentes de agua, expansi\u00f3n de la frontera agropecuaria y ecosistemas golpeados por sucesivas temporadas de incendios. Cuando un evento clim\u00e1tico intenso alcanza un territorio previamente degradado, su capacidad de resistir el impacto puede ser mucho menor.<\/p>\n<p>Un bosque fragmentado retiene menos humedad. Un suelo degradado responde peor a una sequ\u00eda. Una cuenca deteriorada regula con menor eficacia los extremos del agua. Una comunidad que perdi\u00f3 su producci\u00f3n el a\u00f1o anterior enfrenta el siguiente evento con menos recursos para recuperarse.<\/p>\n<p>Durante los pr\u00f3ximos meses, sus posibles efectos no ser\u00e1n iguales en La Paz, Beni, Santa Cruz, Potos\u00ed o Cochabamba. Tampoco todas las predicciones se cumplir\u00e1n exactamente. La propia NOAA advierte que incluso los episodios m\u00e1s fuertes de El Ni\u00f1o no garantizan impactos determinados en cada regi\u00f3n; lo que hacen es modificar las probabilidades de determinados patrones clim\u00e1ticos.<\/p>\n<p>Bolivia dispone hoy de algo que las comunidades afectadas por una inundaci\u00f3n repentina o una sequ\u00eda ya instalada no tienen: tiempo. Los oc\u00e9anos est\u00e1n siendo observados por sat\u00e9lites, boyas y modelos clim\u00e1ticos; las proyecciones se actualizan constantemente y conocemos con meses de anticipaci\u00f3n que el Pac\u00edfico atraviesa una alteraci\u00f3n excepcional.<\/p>\n<p>Prepararse significa monitorear las fuentes de agua antes de que entren en niveles cr\u00edticos; revisar sistemas de riego y almacenamiento; anticipar semillas y cultivos adaptados a condiciones variables; fortalecer sistemas comunitarios de alerta temprana; limpiar drenajes y defensivos donde existe riesgo de inundaci\u00f3n; proteger cuencas y bosques; preparar a los municipios para emergencias y, sobre todo, conseguir que la informaci\u00f3n clim\u00e1tica llegue hasta quienes toman decisiones todos los d\u00edas sobre cu\u00e1ndo sembrar, cu\u00e1ndo cosechar o cu\u00e1nto alimento reservar.<\/p>\n<p>Para organizaciones que trabajan en territorio, como Cecasem, esa prevenci\u00f3n implica adem\u00e1s fortalecer la capacidad de las propias comunidades para interpretar el riesgo, proteger su producci\u00f3n, gestionar el agua y reducir la vulnerabilidad antes de que una emergencia transforme una amenaza clim\u00e1tica en una crisis humanitaria.<\/p>\n<p>El verdadero desaf\u00edo de El Ni\u00f1o no comenzar\u00e1 cuando aparezca la primera comunidad inundada ni cuando una represa alcance niveles preocupantes. Para entonces, parte del trabajo que pod\u00eda hacerse ya habr\u00e1 llegado tarde.<\/p>\n<p>Durante d\u00e9cadas hemos aprendido a observar los desastres cuando ya ocurrieron: contamos hect\u00e1reas perdidas despu\u00e9s de los incendios, familias damnificadas despu\u00e9s de las inundaciones y cultivos destruidos despu\u00e9s de las sequ\u00edas. El fen\u00f3meno que ahora crece en el Pac\u00edfico ofrece la posibilidad de invertir esa l\u00f3gica. En 1982 Bolivia fue golpeada por uno de los episodios de El Ni\u00f1o m\u00e1s devastadores de su historia. En 1997 volvi\u00f3 a pagar cientos de millones de d\u00f3lares por sus consecuencias. En 2016 una crisis de agua mostr\u00f3 hasta qu\u00e9 punto incluso las grandes ciudades pod\u00edan ser vulnerables.<\/p>\n<p>El oc\u00e9ano lleva meses enviando se\u00f1ales y los modelos clim\u00e1ticos est\u00e1n advirtiendo que lo m\u00e1s intenso podr\u00eda llegar entre octubre y diciembre. Si finalmente este episodio alcanza las dimensiones que hoy proyectan los cient\u00edficos, sus consecuencias depender\u00e1n de la naturaleza, pero tambi\u00e9n de las decisiones que Bolivia tome antes de enfrentarlas.<\/p>\n<p>Porque el verdadero problema ya no es saber si El Ni\u00f1o puede traer sequ\u00edas, inundaciones, p\u00e9rdidas agr\u00edcolas o presi\u00f3n sobre el agua. Eso ya lo aprendimos.<\/p>\n<p>La pregunta es si necesitamos vivirlo otra vez para comenzar a prepararnos. (CecaseM)<\/p>\n","protected":false},"excerpt":{"rendered":"<p>El invierno de 2026 est\u00e1 dejando im\u00e1genes que parecen dif\u00edciles de reconciliar entre s\u00ed. Frentes fr\u00edos avanzan sobre el territorio boliviano, las temperaturas cambian abruptamente y las zonas altas de la cordillera vuelven a sentir los efectos de nevadas y condiciones meteorol\u00f3gicas severas. Al otro lado de los Andes, un potente sistema frontal impulsado por [&hellip;]<\/p>\n","protected":false},"author":1,"featured_media":422360,"comment_status":"closed","ping_status":"open","sticky":false,"template":"","format":"standard","meta":{"_acf_changed":false,"footnotes":""},"categories":[15],"tags":[],"class_list":["post-422359","post","type-post","status-publish","format-standard","has-post-thumbnail","category-portada"],"acf":{"antetitulo":""},"yoast_head":"<!-- This site is optimized with the Yoast SEO plugin v28.3 - https:\/\/yoast.com\/product\/yoast-seo-wordpress\/ -->\n<title>El \u201cS\u00faper Ni\u00f1o\u201d ya est\u00e1 aqu\u00ed; \u00bfestamos preparados? - El Diario - Bolivia<\/title>\n<meta name=\"robots\" content=\"index, follow, max-snippet:-1, max-image-preview:large, max-video-preview:-1\" \/>\n<link rel=\"canonical\" href=\"https:\/\/www.eldiario.net\/portal\/2026\/08\/18\/el-super-nino-ya-esta-aqui-estamos-preparados\/\" \/>\n<meta property=\"og:locale\" content=\"es_ES\" \/>\n<meta property=\"og:type\" content=\"article\" \/>\n<meta property=\"og:title\" content=\"El \u201cS\u00faper Ni\u00f1o\u201d ya est\u00e1 aqu\u00ed; \u00bfestamos preparados? - El Diario - Bolivia\" \/>\n<meta property=\"og:description\" content=\"El invierno de 2026 est\u00e1 dejando im\u00e1genes que parecen dif\u00edciles de reconciliar entre s\u00ed. Frentes fr\u00edos avanzan sobre el territorio boliviano, las temperaturas cambian abruptamente y las zonas altas de la cordillera vuelven a sentir los efectos de nevadas y condiciones meteorol\u00f3gicas severas. Al otro lado de los Andes, un potente sistema frontal impulsado por [&hellip;]\" \/>\n<meta property=\"og:url\" content=\"https:\/\/www.eldiario.net\/portal\/2026\/08\/18\/el-super-nino-ya-esta-aqui-estamos-preparados\/\" \/>\n<meta property=\"og:site_name\" content=\"El Diario - Bolivia\" \/>\n<meta property=\"article:publisher\" content=\"https:\/\/www.facebook.com\/eldiario.bolivia\/\" \/>\n<meta property=\"article:published_time\" content=\"2026-08-18T10:08:45+00:00\" \/>\n<meta property=\"og:image\" content=\"https:\/\/www.eldiario.net\/portal\/wp-content\/uploads\/2026\/08\/NINO-FOTO.webp\" \/>\n\t<meta property=\"og:image:width\" content=\"810\" \/>\n\t<meta property=\"og:image:height\" content=\"540\" \/>\n\t<meta property=\"og:image:type\" content=\"image\/webp\" \/>\n<meta name=\"author\" content=\"Jeanette\" \/>\n<meta name=\"twitter:card\" content=\"summary_large_image\" \/>\n<meta name=\"twitter:creator\" content=\"@eldiario_net\" \/>\n<meta name=\"twitter:site\" content=\"@eldiario_net\" \/>\n<meta name=\"twitter:label1\" content=\"Escrito por\" \/>\n\t<meta name=\"twitter:data1\" content=\"Jeanette\" \/>\n\t<meta name=\"twitter:label2\" content=\"Tiempo de lectura\" \/>\n\t<meta name=\"twitter:data2\" content=\"9 minutos\" \/>\n<script type=\"application\/ld+json\" class=\"yoast-schema-graph\">{\"@context\":\"https:\\\/\\\/schema.org\",\"@graph\":[{\"@type\":\"Article\",\"@id\":\"https:\\\/\\\/www.eldiario.net\\\/portal\\\/2026\\\/08\\\/18\\\/el-super-nino-ya-esta-aqui-estamos-preparados\\\/#article\",\"isPartOf\":{\"@id\":\"https:\\\/\\\/www.eldiario.net\\\/portal\\\/2026\\\/08\\\/18\\\/el-super-nino-ya-esta-aqui-estamos-preparados\\\/\"},\"author\":{\"name\":\"Jeanette\",\"@id\":\"https:\\\/\\\/www.eldiario.net\\\/portal\\\/#\\\/schema\\\/person\\\/f46445640444750d7d753ccd04ae01b7\"},\"headline\":\"El \u201cS\u00faper Ni\u00f1o\u201d ya est\u00e1 aqu\u00ed; \u00bfestamos preparados?\",\"datePublished\":\"2026-08-18T10:08:45+00:00\",\"mainEntityOfPage\":{\"@id\":\"https:\\\/\\\/www.eldiario.net\\\/portal\\\/2026\\\/08\\\/18\\\/el-super-nino-ya-esta-aqui-estamos-preparados\\\/\"},\"wordCount\":1902,\"publisher\":{\"@id\":\"https:\\\/\\\/www.eldiario.net\\\/portal\\\/#organization\"},\"image\":{\"@id\":\"https:\\\/\\\/www.eldiario.net\\\/portal\\\/2026\\\/08\\\/18\\\/el-super-nino-ya-esta-aqui-estamos-preparados\\\/#primaryimage\"},\"thumbnailUrl\":\"https:\\\/\\\/www.eldiario.net\\\/portal\\\/wp-content\\\/uploads\\\/2026\\\/08\\\/NINO-FOTO.webp\",\"articleSection\":[\"Portada\"],\"inLanguage\":\"es\"},{\"@type\":\"WebPage\",\"@id\":\"https:\\\/\\\/www.eldiario.net\\\/portal\\\/2026\\\/08\\\/18\\\/el-super-nino-ya-esta-aqui-estamos-preparados\\\/\",\"url\":\"https:\\\/\\\/www.eldiario.net\\\/portal\\\/2026\\\/08\\\/18\\\/el-super-nino-ya-esta-aqui-estamos-preparados\\\/\",\"name\":\"El \u201cS\u00faper Ni\u00f1o\u201d ya est\u00e1 aqu\u00ed; \u00bfestamos preparados? - El Diario - Bolivia\",\"isPartOf\":{\"@id\":\"https:\\\/\\\/www.eldiario.net\\\/portal\\\/#website\"},\"primaryImageOfPage\":{\"@id\":\"https:\\\/\\\/www.eldiario.net\\\/portal\\\/2026\\\/08\\\/18\\\/el-super-nino-ya-esta-aqui-estamos-preparados\\\/#primaryimage\"},\"image\":{\"@id\":\"https:\\\/\\\/www.eldiario.net\\\/portal\\\/2026\\\/08\\\/18\\\/el-super-nino-ya-esta-aqui-estamos-preparados\\\/#primaryimage\"},\"thumbnailUrl\":\"https:\\\/\\\/www.eldiario.net\\\/portal\\\/wp-content\\\/uploads\\\/2026\\\/08\\\/NINO-FOTO.webp\",\"datePublished\":\"2026-08-18T10:08:45+00:00\",\"breadcrumb\":{\"@id\":\"https:\\\/\\\/www.eldiario.net\\\/portal\\\/2026\\\/08\\\/18\\\/el-super-nino-ya-esta-aqui-estamos-preparados\\\/#breadcrumb\"},\"inLanguage\":\"es\",\"potentialAction\":[{\"@type\":\"ReadAction\",\"target\":[\"https:\\\/\\\/www.eldiario.net\\\/portal\\\/2026\\\/08\\\/18\\\/el-super-nino-ya-esta-aqui-estamos-preparados\\\/\"]}]},{\"@type\":\"ImageObject\",\"inLanguage\":\"es\",\"@id\":\"https:\\\/\\\/www.eldiario.net\\\/portal\\\/2026\\\/08\\\/18\\\/el-super-nino-ya-esta-aqui-estamos-preparados\\\/#primaryimage\",\"url\":\"https:\\\/\\\/www.eldiario.net\\\/portal\\\/wp-content\\\/uploads\\\/2026\\\/08\\\/NINO-FOTO.webp\",\"contentUrl\":\"https:\\\/\\\/www.eldiario.net\\\/portal\\\/wp-content\\\/uploads\\\/2026\\\/08\\\/NINO-FOTO.webp\",\"width\":810,\"height\":540,\"caption\":\"CecaseM\"},{\"@type\":\"BreadcrumbList\",\"@id\":\"https:\\\/\\\/www.eldiario.net\\\/portal\\\/2026\\\/08\\\/18\\\/el-super-nino-ya-esta-aqui-estamos-preparados\\\/#breadcrumb\",\"itemListElement\":[{\"@type\":\"ListItem\",\"position\":1,\"name\":\"Portada\",\"item\":\"https:\\\/\\\/www.eldiario.net\\\/portal\\\/\"},{\"@type\":\"ListItem\",\"position\":2,\"name\":\"El \u201cS\u00faper Ni\u00f1o\u201d ya est\u00e1 aqu\u00ed; \u00bfestamos preparados?\"}]},{\"@type\":\"WebSite\",\"@id\":\"https:\\\/\\\/www.eldiario.net\\\/portal\\\/#website\",\"url\":\"https:\\\/\\\/www.eldiario.net\\\/portal\\\/\",\"name\":\"El Diario - Decano de la prensa nacional\",\"description\":\"El Diario - Decano de la prensa nacional\",\"publisher\":{\"@id\":\"https:\\\/\\\/www.eldiario.net\\\/portal\\\/#organization\"},\"potentialAction\":[{\"@type\":\"SearchAction\",\"target\":{\"@type\":\"EntryPoint\",\"urlTemplate\":\"https:\\\/\\\/www.eldiario.net\\\/portal\\\/?s={search_term_string}\"},\"query-input\":{\"@type\":\"PropertyValueSpecification\",\"valueRequired\":true,\"valueName\":\"search_term_string\"}}],\"inLanguage\":\"es\"},{\"@type\":\"Organization\",\"@id\":\"https:\\\/\\\/www.eldiario.net\\\/portal\\\/#organization\",\"name\":\"El Diario - Decano de la prensa nacional\",\"url\":\"https:\\\/\\\/www.eldiario.net\\\/portal\\\/\",\"logo\":{\"@type\":\"ImageObject\",\"inLanguage\":\"es\",\"@id\":\"https:\\\/\\\/www.eldiario.net\\\/portal\\\/#\\\/schema\\\/logo\\\/image\\\/\",\"url\":\"https:\\\/\\\/www.eldiario.net\\\/portal\\\/wp-content\\\/uploads\\\/2023\\\/07\\\/logo_ED.jpg\",\"contentUrl\":\"https:\\\/\\\/www.eldiario.net\\\/portal\\\/wp-content\\\/uploads\\\/2023\\\/07\\\/logo_ED.jpg\",\"width\":272,\"height\":52,\"caption\":\"El Diario - Decano de la prensa nacional\"},\"image\":{\"@id\":\"https:\\\/\\\/www.eldiario.net\\\/portal\\\/#\\\/schema\\\/logo\\\/image\\\/\"},\"sameAs\":[\"https:\\\/\\\/www.facebook.com\\\/eldiario.bolivia\\\/\",\"https:\\\/\\\/x.com\\\/eldiario_net\"]},{\"@type\":\"Person\",\"@id\":\"https:\\\/\\\/www.eldiario.net\\\/portal\\\/#\\\/schema\\\/person\\\/f46445640444750d7d753ccd04ae01b7\",\"name\":\"Jeanette\",\"image\":{\"@type\":\"ImageObject\",\"inLanguage\":\"es\",\"@id\":\"https:\\\/\\\/secure.gravatar.com\\\/avatar\\\/3ea2118a5f7dad2b7138b1187a6b7ee55f160b9968b66013c3a3ef39dd7e5798?s=96&d=mm&r=g\",\"url\":\"https:\\\/\\\/secure.gravatar.com\\\/avatar\\\/3ea2118a5f7dad2b7138b1187a6b7ee55f160b9968b66013c3a3ef39dd7e5798?s=96&d=mm&r=g\",\"contentUrl\":\"https:\\\/\\\/secure.gravatar.com\\\/avatar\\\/3ea2118a5f7dad2b7138b1187a6b7ee55f160b9968b66013c3a3ef39dd7e5798?s=96&d=mm&r=g\",\"caption\":\"Jeanette\"},\"sameAs\":[\"https:\\\/\\\/www.eldiario.net\\\/portal\"],\"url\":\"https:\\\/\\\/www.eldiario.net\\\/portal\\\/author\\\/jeanette\\\/\"}]}<\/script>\n<!-- \/ Yoast SEO plugin. -->","yoast_head_json":{"title":"El \u201cS\u00faper Ni\u00f1o\u201d ya est\u00e1 aqu\u00ed; \u00bfestamos preparados? - El Diario - Bolivia","robots":{"index":"index","follow":"follow","max-snippet":"max-snippet:-1","max-image-preview":"max-image-preview:large","max-video-preview":"max-video-preview:-1"},"canonical":"https:\/\/www.eldiario.net\/portal\/2026\/08\/18\/el-super-nino-ya-esta-aqui-estamos-preparados\/","og_locale":"es_ES","og_type":"article","og_title":"El \u201cS\u00faper Ni\u00f1o\u201d ya est\u00e1 aqu\u00ed; \u00bfestamos preparados? - El Diario - Bolivia","og_description":"El invierno de 2026 est\u00e1 dejando im\u00e1genes que parecen dif\u00edciles de reconciliar entre s\u00ed. Frentes fr\u00edos avanzan sobre el territorio boliviano, las temperaturas cambian abruptamente y las zonas altas de la cordillera vuelven a sentir los efectos de nevadas y condiciones meteorol\u00f3gicas severas. Al otro lado de los Andes, un potente sistema frontal impulsado por [&hellip;]","og_url":"https:\/\/www.eldiario.net\/portal\/2026\/08\/18\/el-super-nino-ya-esta-aqui-estamos-preparados\/","og_site_name":"El Diario - Bolivia","article_publisher":"https:\/\/www.facebook.com\/eldiario.bolivia\/","article_published_time":"2026-08-18T10:08:45+00:00","og_image":[{"width":810,"height":540,"url":"https:\/\/www.eldiario.net\/portal\/wp-content\/uploads\/2026\/08\/NINO-FOTO.webp","type":"image\/webp"}],"author":"Jeanette","twitter_card":"summary_large_image","twitter_creator":"@eldiario_net","twitter_site":"@eldiario_net","twitter_misc":{"Escrito por":"Jeanette","Tiempo de lectura":"9 minutos"},"schema":{"@context":"https:\/\/schema.org","@graph":[{"@type":"Article","@id":"https:\/\/www.eldiario.net\/portal\/2026\/08\/18\/el-super-nino-ya-esta-aqui-estamos-preparados\/#article","isPartOf":{"@id":"https:\/\/www.eldiario.net\/portal\/2026\/08\/18\/el-super-nino-ya-esta-aqui-estamos-preparados\/"},"author":{"name":"Jeanette","@id":"https:\/\/www.eldiario.net\/portal\/#\/schema\/person\/f46445640444750d7d753ccd04ae01b7"},"headline":"El \u201cS\u00faper Ni\u00f1o\u201d ya est\u00e1 aqu\u00ed; \u00bfestamos preparados?","datePublished":"2026-08-18T10:08:45+00:00","mainEntityOfPage":{"@id":"https:\/\/www.eldiario.net\/portal\/2026\/08\/18\/el-super-nino-ya-esta-aqui-estamos-preparados\/"},"wordCount":1902,"publisher":{"@id":"https:\/\/www.eldiario.net\/portal\/#organization"},"image":{"@id":"https:\/\/www.eldiario.net\/portal\/2026\/08\/18\/el-super-nino-ya-esta-aqui-estamos-preparados\/#primaryimage"},"thumbnailUrl":"https:\/\/www.eldiario.net\/portal\/wp-content\/uploads\/2026\/08\/NINO-FOTO.webp","articleSection":["Portada"],"inLanguage":"es"},{"@type":"WebPage","@id":"https:\/\/www.eldiario.net\/portal\/2026\/08\/18\/el-super-nino-ya-esta-aqui-estamos-preparados\/","url":"https:\/\/www.eldiario.net\/portal\/2026\/08\/18\/el-super-nino-ya-esta-aqui-estamos-preparados\/","name":"El \u201cS\u00faper Ni\u00f1o\u201d ya est\u00e1 aqu\u00ed; \u00bfestamos preparados? - El Diario - Bolivia","isPartOf":{"@id":"https:\/\/www.eldiario.net\/portal\/#website"},"primaryImageOfPage":{"@id":"https:\/\/www.eldiario.net\/portal\/2026\/08\/18\/el-super-nino-ya-esta-aqui-estamos-preparados\/#primaryimage"},"image":{"@id":"https:\/\/www.eldiario.net\/portal\/2026\/08\/18\/el-super-nino-ya-esta-aqui-estamos-preparados\/#primaryimage"},"thumbnailUrl":"https:\/\/www.eldiario.net\/portal\/wp-content\/uploads\/2026\/08\/NINO-FOTO.webp","datePublished":"2026-08-18T10:08:45+00:00","breadcrumb":{"@id":"https:\/\/www.eldiario.net\/portal\/2026\/08\/18\/el-super-nino-ya-esta-aqui-estamos-preparados\/#breadcrumb"},"inLanguage":"es","potentialAction":[{"@type":"ReadAction","target":["https:\/\/www.eldiario.net\/portal\/2026\/08\/18\/el-super-nino-ya-esta-aqui-estamos-preparados\/"]}]},{"@type":"ImageObject","inLanguage":"es","@id":"https:\/\/www.eldiario.net\/portal\/2026\/08\/18\/el-super-nino-ya-esta-aqui-estamos-preparados\/#primaryimage","url":"https:\/\/www.eldiario.net\/portal\/wp-content\/uploads\/2026\/08\/NINO-FOTO.webp","contentUrl":"https:\/\/www.eldiario.net\/portal\/wp-content\/uploads\/2026\/08\/NINO-FOTO.webp","width":810,"height":540,"caption":"CecaseM"},{"@type":"BreadcrumbList","@id":"https:\/\/www.eldiario.net\/portal\/2026\/08\/18\/el-super-nino-ya-esta-aqui-estamos-preparados\/#breadcrumb","itemListElement":[{"@type":"ListItem","position":1,"name":"Portada","item":"https:\/\/www.eldiario.net\/portal\/"},{"@type":"ListItem","position":2,"name":"El \u201cS\u00faper Ni\u00f1o\u201d ya est\u00e1 aqu\u00ed; \u00bfestamos preparados?"}]},{"@type":"WebSite","@id":"https:\/\/www.eldiario.net\/portal\/#website","url":"https:\/\/www.eldiario.net\/portal\/","name":"El Diario - Decano de la prensa nacional","description":"El Diario - Decano de la prensa nacional","publisher":{"@id":"https:\/\/www.eldiario.net\/portal\/#organization"},"potentialAction":[{"@type":"SearchAction","target":{"@type":"EntryPoint","urlTemplate":"https:\/\/www.eldiario.net\/portal\/?s={search_term_string}"},"query-input":{"@type":"PropertyValueSpecification","valueRequired":true,"valueName":"search_term_string"}}],"inLanguage":"es"},{"@type":"Organization","@id":"https:\/\/www.eldiario.net\/portal\/#organization","name":"El Diario - Decano de la prensa nacional","url":"https:\/\/www.eldiario.net\/portal\/","logo":{"@type":"ImageObject","inLanguage":"es","@id":"https:\/\/www.eldiario.net\/portal\/#\/schema\/logo\/image\/","url":"https:\/\/www.eldiario.net\/portal\/wp-content\/uploads\/2023\/07\/logo_ED.jpg","contentUrl":"https:\/\/www.eldiario.net\/portal\/wp-content\/uploads\/2023\/07\/logo_ED.jpg","width":272,"height":52,"caption":"El Diario - Decano de la prensa nacional"},"image":{"@id":"https:\/\/www.eldiario.net\/portal\/#\/schema\/logo\/image\/"},"sameAs":["https:\/\/www.facebook.com\/eldiario.bolivia\/","https:\/\/x.com\/eldiario_net"]},{"@type":"Person","@id":"https:\/\/www.eldiario.net\/portal\/#\/schema\/person\/f46445640444750d7d753ccd04ae01b7","name":"Jeanette","image":{"@type":"ImageObject","inLanguage":"es","@id":"https:\/\/secure.gravatar.com\/avatar\/3ea2118a5f7dad2b7138b1187a6b7ee55f160b9968b66013c3a3ef39dd7e5798?s=96&d=mm&r=g","url":"https:\/\/secure.gravatar.com\/avatar\/3ea2118a5f7dad2b7138b1187a6b7ee55f160b9968b66013c3a3ef39dd7e5798?s=96&d=mm&r=g","contentUrl":"https:\/\/secure.gravatar.com\/avatar\/3ea2118a5f7dad2b7138b1187a6b7ee55f160b9968b66013c3a3ef39dd7e5798?s=96&d=mm&r=g","caption":"Jeanette"},"sameAs":["https:\/\/www.eldiario.net\/portal"],"url":"https:\/\/www.eldiario.net\/portal\/author\/jeanette\/"}]}},"_links":{"self":[{"href":"https:\/\/www.eldiario.net\/portal\/wp-json\/wp\/v2\/posts\/422359","targetHints":{"allow":["GET"]}}],"collection":[{"href":"https:\/\/www.eldiario.net\/portal\/wp-json\/wp\/v2\/posts"}],"about":[{"href":"https:\/\/www.eldiario.net\/portal\/wp-json\/wp\/v2\/types\/post"}],"author":[{"embeddable":true,"href":"https:\/\/www.eldiario.net\/portal\/wp-json\/wp\/v2\/users\/1"}],"replies":[{"embeddable":true,"href":"https:\/\/www.eldiario.net\/portal\/wp-json\/wp\/v2\/comments?post=422359"}],"version-history":[{"count":1,"href":"https:\/\/www.eldiario.net\/portal\/wp-json\/wp\/v2\/posts\/422359\/revisions"}],"predecessor-version":[{"id":422361,"href":"https:\/\/www.eldiario.net\/portal\/wp-json\/wp\/v2\/posts\/422359\/revisions\/422361"}],"wp:featuredmedia":[{"embeddable":true,"href":"https:\/\/www.eldiario.net\/portal\/wp-json\/wp\/v2\/media\/422360"}],"wp:attachment":[{"href":"https:\/\/www.eldiario.net\/portal\/wp-json\/wp\/v2\/media?parent=422359"}],"wp:term":[{"taxonomy":"category","embeddable":true,"href":"https:\/\/www.eldiario.net\/portal\/wp-json\/wp\/v2\/categories?post=422359"},{"taxonomy":"post_tag","embeddable":true,"href":"https:\/\/www.eldiario.net\/portal\/wp-json\/wp\/v2\/tags?post=422359"}],"curies":[{"name":"wp","href":"https:\/\/api.w.org\/{rel}","templated":true}]}}