{"id":422356,"date":"2026-08-18T06:08:06","date_gmt":"2026-08-18T10:08:06","guid":{"rendered":"https:\/\/www.eldiario.net\/portal\/?p=422356"},"modified":"2026-08-18T06:08:06","modified_gmt":"2026-08-18T10:08:06","slug":"anuncian-declaratoria-de-desastre-en-san-pablo-de-lipez-de-potosi","status":"publish","type":"post","link":"https:\/\/www.eldiario.net\/portal\/2026\/08\/18\/anuncian-declaratoria-de-desastre-en-san-pablo-de-lipez-de-potosi\/","title":{"rendered":"Anuncian declaratoria de desastre en San Pablo de L\u00edpez de Potos\u00ed"},"content":{"rendered":"<p>Ante las afectaciones ocasionadas por las intensas nevadas, el Gobierno Aut\u00f3nomo Municipal de San Pablo de L\u00edpez, en Potos\u00ed, inform\u00f3 sobre la presentaci\u00f3n del proyecto de ley de declaratoria de desastre municipal ante el Concejo Municipal, para su tratamiento y posterior aprobaci\u00f3n, con el fin de gestionar ayuda ante las instancias departamental y nacional.<\/p>\n<p>Con la norma, el municipio busca activar los mecanismos de gesti\u00f3n ante la Unidad de Gesti\u00f3n de Riesgos (UGR) y el Viceministerio de Defensa Civil.<\/p>\n<p>El alcalde, Filem\u00f3n Flores, encabez\u00f3 un recorrido por diferentes estancias de ganado cam\u00e9lido para verificar las afectaciones ocasionadas por las nevadas registradas en esta jornada.<\/p>\n<p>\u201cNos preocupa realmente lo que est\u00e1 pasando. Llamamos a las autoridades, a todas las instituciones, podamos unirnos y salir adelante. Sigue cayendo la nevada en este momento\u201d, indic\u00f3 la autoridad edil.<\/p>\n<p>El fin de semana, la Alcald\u00eda activ\u00f3 el plan de contingencia para apoyar a las familias afectadas e impuls\u00f3 tareas de limpieza de caminos en el tramo Lipe, Canchilla y Kollpani.<\/p>\n<p>\u201cEl Gobierno Aut\u00f3nomo Municipal de San Pablo de L\u00edpez activa su Plan de Contingencia para responder a las familias afectadas por las intensas nevadas y heladas\u201d, refiere el comunicado de la Alcald\u00eda.<\/p>\n<p>Desde el municipio se inform\u00f3 que el objetivo de la medida es despejar las v\u00edas cubiertas de nieve, brindar apoyo y asistencia a las familias, adem\u00e1s de proteger y evaluar los da\u00f1os en los sectores ganadero y agr\u00edcola.<\/p>\n<p>Hace unos d\u00edas, la Unidad de Gesti\u00f3n de Riesgos de la Gobernaci\u00f3n de Potos\u00ed report\u00f3 que, en dos comunidades del municipio de San Pablo de L\u00edpez, hay al menos 19.000 cabezas de cam\u00e9lidos afectadas y en riesgo de mortandad a causa de las intensas nevadas. ABI)<\/p>\n","protected":false},"excerpt":{"rendered":"<p>Ante las afectaciones ocasionadas por las intensas nevadas, el Gobierno Aut\u00f3nomo Municipal de San Pablo de L\u00edpez, en Potos\u00ed, inform\u00f3 sobre la presentaci\u00f3n del proyecto de ley de declaratoria de desastre municipal ante el Concejo Municipal, para su tratamiento y posterior aprobaci\u00f3n, con el fin de gestionar ayuda ante las instancias departamental y nacional. Con [&hellip;]<\/p>\n","protected":false},"author":1,"featured_media":422357,"comment_status":"closed","ping_status":"open","sticky":false,"template":"","format":"standard","meta":{"_acf_changed":false,"footnotes":""},"categories":[15],"tags":[],"class_list":["post-422356","post","type-post","status-publish","format-standard","has-post-thumbnail","category-portada"],"acf":{"antetitulo":""},"yoast_head":"<!-- This site is optimized with the Yoast SEO plugin v28.3 - https:\/\/yoast.com\/product\/yoast-seo-wordpress\/ -->\n<title>Anuncian declaratoria de desastre en San Pablo de L\u00edpez de Potos\u00ed - El Diario - Bolivia<\/title>\n<meta name=\"robots\" content=\"index, follow, max-snippet:-1, max-image-preview:large, max-video-preview:-1\" \/>\n<link rel=\"canonical\" href=\"https:\/\/www.eldiario.net\/portal\/2026\/08\/18\/anuncian-declaratoria-de-desastre-en-san-pablo-de-lipez-de-potosi\/\" \/>\n<meta property=\"og:locale\" content=\"es_ES\" \/>\n<meta property=\"og:type\" content=\"article\" \/>\n<meta property=\"og:title\" content=\"Anuncian declaratoria de desastre en San Pablo de L\u00edpez de Potos\u00ed - El Diario - Bolivia\" \/>\n<meta property=\"og:description\" content=\"Ante las afectaciones ocasionadas por las intensas nevadas, el Gobierno Aut\u00f3nomo Municipal de San Pablo de L\u00edpez, en Potos\u00ed, inform\u00f3 sobre la presentaci\u00f3n del proyecto de ley de declaratoria de desastre municipal ante el Concejo Municipal, para su tratamiento y posterior aprobaci\u00f3n, con el fin de gestionar ayuda ante las instancias departamental y nacional. Con [&hellip;]\" \/>\n<meta property=\"og:url\" content=\"https:\/\/www.eldiario.net\/portal\/2026\/08\/18\/anuncian-declaratoria-de-desastre-en-san-pablo-de-lipez-de-potosi\/\" \/>\n<meta property=\"og:site_name\" content=\"El Diario - Bolivia\" \/>\n<meta property=\"article:publisher\" content=\"https:\/\/www.facebook.com\/eldiario.bolivia\/\" \/>\n<meta property=\"article:published_time\" content=\"2026-08-18T10:08:06+00:00\" \/>\n<meta property=\"og:image\" content=\"https:\/\/www.eldiario.net\/portal\/wp-content\/uploads\/2026\/08\/POTOSI-FOTO.webp\" \/>\n\t<meta property=\"og:image:width\" content=\"1024\" \/>\n\t<meta property=\"og:image:height\" content=\"512\" \/>\n\t<meta property=\"og:image:type\" content=\"image\/webp\" \/>\n<meta name=\"author\" content=\"Jeanette\" \/>\n<meta name=\"twitter:card\" content=\"summary_large_image\" \/>\n<meta name=\"twitter:creator\" content=\"@eldiario_net\" \/>\n<meta name=\"twitter:site\" content=\"@eldiario_net\" \/>\n<meta name=\"twitter:label1\" content=\"Escrito por\" \/>\n\t<meta name=\"twitter:data1\" content=\"Jeanette\" \/>\n\t<meta name=\"twitter:label2\" content=\"Tiempo de lectura\" \/>\n\t<meta name=\"twitter:data2\" content=\"2 minutos\" \/>\n<script type=\"application\/ld+json\" class=\"yoast-schema-graph\">{\"@context\":\"https:\\\/\\\/schema.org\",\"@graph\":[{\"@type\":\"Article\",\"@id\":\"https:\\\/\\\/www.eldiario.net\\\/portal\\\/2026\\\/08\\\/18\\\/anuncian-declaratoria-de-desastre-en-san-pablo-de-lipez-de-potosi\\\/#article\",\"isPartOf\":{\"@id\":\"https:\\\/\\\/www.eldiario.net\\\/portal\\\/2026\\\/08\\\/18\\\/anuncian-declaratoria-de-desastre-en-san-pablo-de-lipez-de-potosi\\\/\"},\"author\":{\"name\":\"Jeanette\",\"@id\":\"https:\\\/\\\/www.eldiario.net\\\/portal\\\/#\\\/schema\\\/person\\\/f46445640444750d7d753ccd04ae01b7\"},\"headline\":\"Anuncian declaratoria de desastre en San Pablo de L\u00edpez de Potos\u00ed\",\"datePublished\":\"2026-08-18T10:08:06+00:00\",\"mainEntityOfPage\":{\"@id\":\"https:\\\/\\\/www.eldiario.net\\\/portal\\\/2026\\\/08\\\/18\\\/anuncian-declaratoria-de-desastre-en-san-pablo-de-lipez-de-potosi\\\/\"},\"wordCount\":314,\"publisher\":{\"@id\":\"https:\\\/\\\/www.eldiario.net\\\/portal\\\/#organization\"},\"image\":{\"@id\":\"https:\\\/\\\/www.eldiario.net\\\/portal\\\/2026\\\/08\\\/18\\\/anuncian-declaratoria-de-desastre-en-san-pablo-de-lipez-de-potosi\\\/#primaryimage\"},\"thumbnailUrl\":\"https:\\\/\\\/www.eldiario.net\\\/portal\\\/wp-content\\\/uploads\\\/2026\\\/08\\\/POTOSI-FOTO.webp\",\"articleSection\":[\"Portada\"],\"inLanguage\":\"es\"},{\"@type\":\"WebPage\",\"@id\":\"https:\\\/\\\/www.eldiario.net\\\/portal\\\/2026\\\/08\\\/18\\\/anuncian-declaratoria-de-desastre-en-san-pablo-de-lipez-de-potosi\\\/\",\"url\":\"https:\\\/\\\/www.eldiario.net\\\/portal\\\/2026\\\/08\\\/18\\\/anuncian-declaratoria-de-desastre-en-san-pablo-de-lipez-de-potosi\\\/\",\"name\":\"Anuncian declaratoria de desastre en San Pablo de L\u00edpez de Potos\u00ed - El Diario - Bolivia\",\"isPartOf\":{\"@id\":\"https:\\\/\\\/www.eldiario.net\\\/portal\\\/#website\"},\"primaryImageOfPage\":{\"@id\":\"https:\\\/\\\/www.eldiario.net\\\/portal\\\/2026\\\/08\\\/18\\\/anuncian-declaratoria-de-desastre-en-san-pablo-de-lipez-de-potosi\\\/#primaryimage\"},\"image\":{\"@id\":\"https:\\\/\\\/www.eldiario.net\\\/portal\\\/2026\\\/08\\\/18\\\/anuncian-declaratoria-de-desastre-en-san-pablo-de-lipez-de-potosi\\\/#primaryimage\"},\"thumbnailUrl\":\"https:\\\/\\\/www.eldiario.net\\\/portal\\\/wp-content\\\/uploads\\\/2026\\\/08\\\/POTOSI-FOTO.webp\",\"datePublished\":\"2026-08-18T10:08:06+00:00\",\"breadcrumb\":{\"@id\":\"https:\\\/\\\/www.eldiario.net\\\/portal\\\/2026\\\/08\\\/18\\\/anuncian-declaratoria-de-desastre-en-san-pablo-de-lipez-de-potosi\\\/#breadcrumb\"},\"inLanguage\":\"es\",\"potentialAction\":[{\"@type\":\"ReadAction\",\"target\":[\"https:\\\/\\\/www.eldiario.net\\\/portal\\\/2026\\\/08\\\/18\\\/anuncian-declaratoria-de-desastre-en-san-pablo-de-lipez-de-potosi\\\/\"]}]},{\"@type\":\"ImageObject\",\"inLanguage\":\"es\",\"@id\":\"https:\\\/\\\/www.eldiario.net\\\/portal\\\/2026\\\/08\\\/18\\\/anuncian-declaratoria-de-desastre-en-san-pablo-de-lipez-de-potosi\\\/#primaryimage\",\"url\":\"https:\\\/\\\/www.eldiario.net\\\/portal\\\/wp-content\\\/uploads\\\/2026\\\/08\\\/POTOSI-FOTO.webp\",\"contentUrl\":\"https:\\\/\\\/www.eldiario.net\\\/portal\\\/wp-content\\\/uploads\\\/2026\\\/08\\\/POTOSI-FOTO.webp\",\"width\":1024,\"height\":512,\"caption\":\"Personal municipal recorri\u00f3 distintas zonas afectadas y report\u00f3 que las nevadas contin\u00faan en la regi\u00f3n. Foto: ABI\"},{\"@type\":\"BreadcrumbList\",\"@id\":\"https:\\\/\\\/www.eldiario.net\\\/portal\\\/2026\\\/08\\\/18\\\/anuncian-declaratoria-de-desastre-en-san-pablo-de-lipez-de-potosi\\\/#breadcrumb\",\"itemListElement\":[{\"@type\":\"ListItem\",\"position\":1,\"name\":\"Portada\",\"item\":\"https:\\\/\\\/www.eldiario.net\\\/portal\\\/\"},{\"@type\":\"ListItem\",\"position\":2,\"name\":\"Anuncian declaratoria de desastre en San Pablo de L\u00edpez de Potos\u00ed\"}]},{\"@type\":\"WebSite\",\"@id\":\"https:\\\/\\\/www.eldiario.net\\\/portal\\\/#website\",\"url\":\"https:\\\/\\\/www.eldiario.net\\\/portal\\\/\",\"name\":\"El Diario - Decano de la prensa nacional\",\"description\":\"El Diario - Decano de la prensa nacional\",\"publisher\":{\"@id\":\"https:\\\/\\\/www.eldiario.net\\\/portal\\\/#organization\"},\"potentialAction\":[{\"@type\":\"SearchAction\",\"target\":{\"@type\":\"EntryPoint\",\"urlTemplate\":\"https:\\\/\\\/www.eldiario.net\\\/portal\\\/?s={search_term_string}\"},\"query-input\":{\"@type\":\"PropertyValueSpecification\",\"valueRequired\":true,\"valueName\":\"search_term_string\"}}],\"inLanguage\":\"es\"},{\"@type\":\"Organization\",\"@id\":\"https:\\\/\\\/www.eldiario.net\\\/portal\\\/#organization\",\"name\":\"El Diario - Decano de la prensa nacional\",\"url\":\"https:\\\/\\\/www.eldiario.net\\\/portal\\\/\",\"logo\":{\"@type\":\"ImageObject\",\"inLanguage\":\"es\",\"@id\":\"https:\\\/\\\/www.eldiario.net\\\/portal\\\/#\\\/schema\\\/logo\\\/image\\\/\",\"url\":\"https:\\\/\\\/www.eldiario.net\\\/portal\\\/wp-content\\\/uploads\\\/2023\\\/07\\\/logo_ED.jpg\",\"contentUrl\":\"https:\\\/\\\/www.eldiario.net\\\/portal\\\/wp-content\\\/uploads\\\/2023\\\/07\\\/logo_ED.jpg\",\"width\":272,\"height\":52,\"caption\":\"El Diario - Decano de la prensa nacional\"},\"image\":{\"@id\":\"https:\\\/\\\/www.eldiario.net\\\/portal\\\/#\\\/schema\\\/logo\\\/image\\\/\"},\"sameAs\":[\"https:\\\/\\\/www.facebook.com\\\/eldiario.bolivia\\\/\",\"https:\\\/\\\/x.com\\\/eldiario_net\"]},{\"@type\":\"Person\",\"@id\":\"https:\\\/\\\/www.eldiario.net\\\/portal\\\/#\\\/schema\\\/person\\\/f46445640444750d7d753ccd04ae01b7\",\"name\":\"Jeanette\",\"image\":{\"@type\":\"ImageObject\",\"inLanguage\":\"es\",\"@id\":\"https:\\\/\\\/secure.gravatar.com\\\/avatar\\\/3ea2118a5f7dad2b7138b1187a6b7ee55f160b9968b66013c3a3ef39dd7e5798?s=96&d=mm&r=g\",\"url\":\"https:\\\/\\\/secure.gravatar.com\\\/avatar\\\/3ea2118a5f7dad2b7138b1187a6b7ee55f160b9968b66013c3a3ef39dd7e5798?s=96&d=mm&r=g\",\"contentUrl\":\"https:\\\/\\\/secure.gravatar.com\\\/avatar\\\/3ea2118a5f7dad2b7138b1187a6b7ee55f160b9968b66013c3a3ef39dd7e5798?s=96&d=mm&r=g\",\"caption\":\"Jeanette\"},\"sameAs\":[\"https:\\\/\\\/www.eldiario.net\\\/portal\"],\"url\":\"https:\\\/\\\/www.eldiario.net\\\/portal\\\/author\\\/jeanette\\\/\"}]}<\/script>\n<!-- \/ Yoast SEO plugin. -->","yoast_head_json":{"title":"Anuncian declaratoria de desastre en San Pablo de L\u00edpez de Potos\u00ed - El Diario - Bolivia","robots":{"index":"index","follow":"follow","max-snippet":"max-snippet:-1","max-image-preview":"max-image-preview:large","max-video-preview":"max-video-preview:-1"},"canonical":"https:\/\/www.eldiario.net\/portal\/2026\/08\/18\/anuncian-declaratoria-de-desastre-en-san-pablo-de-lipez-de-potosi\/","og_locale":"es_ES","og_type":"article","og_title":"Anuncian declaratoria de desastre en San Pablo de L\u00edpez de Potos\u00ed - El Diario - Bolivia","og_description":"Ante las afectaciones ocasionadas por las intensas nevadas, el Gobierno Aut\u00f3nomo Municipal de San Pablo de L\u00edpez, en Potos\u00ed, inform\u00f3 sobre la presentaci\u00f3n del proyecto de ley de declaratoria de desastre municipal ante el Concejo Municipal, para su tratamiento y posterior aprobaci\u00f3n, con el fin de gestionar ayuda ante las instancias departamental y nacional. Con [&hellip;]","og_url":"https:\/\/www.eldiario.net\/portal\/2026\/08\/18\/anuncian-declaratoria-de-desastre-en-san-pablo-de-lipez-de-potosi\/","og_site_name":"El Diario - Bolivia","article_publisher":"https:\/\/www.facebook.com\/eldiario.bolivia\/","article_published_time":"2026-08-18T10:08:06+00:00","og_image":[{"width":1024,"height":512,"url":"https:\/\/www.eldiario.net\/portal\/wp-content\/uploads\/2026\/08\/POTOSI-FOTO.webp","type":"image\/webp"}],"author":"Jeanette","twitter_card":"summary_large_image","twitter_creator":"@eldiario_net","twitter_site":"@eldiario_net","twitter_misc":{"Escrito por":"Jeanette","Tiempo de lectura":"2 minutos"},"schema":{"@context":"https:\/\/schema.org","@graph":[{"@type":"Article","@id":"https:\/\/www.eldiario.net\/portal\/2026\/08\/18\/anuncian-declaratoria-de-desastre-en-san-pablo-de-lipez-de-potosi\/#article","isPartOf":{"@id":"https:\/\/www.eldiario.net\/portal\/2026\/08\/18\/anuncian-declaratoria-de-desastre-en-san-pablo-de-lipez-de-potosi\/"},"author":{"name":"Jeanette","@id":"https:\/\/www.eldiario.net\/portal\/#\/schema\/person\/f46445640444750d7d753ccd04ae01b7"},"headline":"Anuncian declaratoria de desastre en San Pablo de L\u00edpez de Potos\u00ed","datePublished":"2026-08-18T10:08:06+00:00","mainEntityOfPage":{"@id":"https:\/\/www.eldiario.net\/portal\/2026\/08\/18\/anuncian-declaratoria-de-desastre-en-san-pablo-de-lipez-de-potosi\/"},"wordCount":314,"publisher":{"@id":"https:\/\/www.eldiario.net\/portal\/#organization"},"image":{"@id":"https:\/\/www.eldiario.net\/portal\/2026\/08\/18\/anuncian-declaratoria-de-desastre-en-san-pablo-de-lipez-de-potosi\/#primaryimage"},"thumbnailUrl":"https:\/\/www.eldiario.net\/portal\/wp-content\/uploads\/2026\/08\/POTOSI-FOTO.webp","articleSection":["Portada"],"inLanguage":"es"},{"@type":"WebPage","@id":"https:\/\/www.eldiario.net\/portal\/2026\/08\/18\/anuncian-declaratoria-de-desastre-en-san-pablo-de-lipez-de-potosi\/","url":"https:\/\/www.eldiario.net\/portal\/2026\/08\/18\/anuncian-declaratoria-de-desastre-en-san-pablo-de-lipez-de-potosi\/","name":"Anuncian declaratoria de desastre en San Pablo de L\u00edpez de Potos\u00ed - El Diario - Bolivia","isPartOf":{"@id":"https:\/\/www.eldiario.net\/portal\/#website"},"primaryImageOfPage":{"@id":"https:\/\/www.eldiario.net\/portal\/2026\/08\/18\/anuncian-declaratoria-de-desastre-en-san-pablo-de-lipez-de-potosi\/#primaryimage"},"image":{"@id":"https:\/\/www.eldiario.net\/portal\/2026\/08\/18\/anuncian-declaratoria-de-desastre-en-san-pablo-de-lipez-de-potosi\/#primaryimage"},"thumbnailUrl":"https:\/\/www.eldiario.net\/portal\/wp-content\/uploads\/2026\/08\/POTOSI-FOTO.webp","datePublished":"2026-08-18T10:08:06+00:00","breadcrumb":{"@id":"https:\/\/www.eldiario.net\/portal\/2026\/08\/18\/anuncian-declaratoria-de-desastre-en-san-pablo-de-lipez-de-potosi\/#breadcrumb"},"inLanguage":"es","potentialAction":[{"@type":"ReadAction","target":["https:\/\/www.eldiario.net\/portal\/2026\/08\/18\/anuncian-declaratoria-de-desastre-en-san-pablo-de-lipez-de-potosi\/"]}]},{"@type":"ImageObject","inLanguage":"es","@id":"https:\/\/www.eldiario.net\/portal\/2026\/08\/18\/anuncian-declaratoria-de-desastre-en-san-pablo-de-lipez-de-potosi\/#primaryimage","url":"https:\/\/www.eldiario.net\/portal\/wp-content\/uploads\/2026\/08\/POTOSI-FOTO.webp","contentUrl":"https:\/\/www.eldiario.net\/portal\/wp-content\/uploads\/2026\/08\/POTOSI-FOTO.webp","width":1024,"height":512,"caption":"Personal municipal recorri\u00f3 distintas zonas afectadas y report\u00f3 que las nevadas contin\u00faan en la regi\u00f3n. Foto: ABI"},{"@type":"BreadcrumbList","@id":"https:\/\/www.eldiario.net\/portal\/2026\/08\/18\/anuncian-declaratoria-de-desastre-en-san-pablo-de-lipez-de-potosi\/#breadcrumb","itemListElement":[{"@type":"ListItem","position":1,"name":"Portada","item":"https:\/\/www.eldiario.net\/portal\/"},{"@type":"ListItem","position":2,"name":"Anuncian declaratoria de desastre en San Pablo de L\u00edpez de Potos\u00ed"}]},{"@type":"WebSite","@id":"https:\/\/www.eldiario.net\/portal\/#website","url":"https:\/\/www.eldiario.net\/portal\/","name":"El Diario - Decano de la prensa nacional","description":"El Diario - Decano de la prensa nacional","publisher":{"@id":"https:\/\/www.eldiario.net\/portal\/#organization"},"potentialAction":[{"@type":"SearchAction","target":{"@type":"EntryPoint","urlTemplate":"https:\/\/www.eldiario.net\/portal\/?s={search_term_string}"},"query-input":{"@type":"PropertyValueSpecification","valueRequired":true,"valueName":"search_term_string"}}],"inLanguage":"es"},{"@type":"Organization","@id":"https:\/\/www.eldiario.net\/portal\/#organization","name":"El Diario - Decano de la prensa nacional","url":"https:\/\/www.eldiario.net\/portal\/","logo":{"@type":"ImageObject","inLanguage":"es","@id":"https:\/\/www.eldiario.net\/portal\/#\/schema\/logo\/image\/","url":"https:\/\/www.eldiario.net\/portal\/wp-content\/uploads\/2023\/07\/logo_ED.jpg","contentUrl":"https:\/\/www.eldiario.net\/portal\/wp-content\/uploads\/2023\/07\/logo_ED.jpg","width":272,"height":52,"caption":"El Diario - Decano de la prensa nacional"},"image":{"@id":"https:\/\/www.eldiario.net\/portal\/#\/schema\/logo\/image\/"},"sameAs":["https:\/\/www.facebook.com\/eldiario.bolivia\/","https:\/\/x.com\/eldiario_net"]},{"@type":"Person","@id":"https:\/\/www.eldiario.net\/portal\/#\/schema\/person\/f46445640444750d7d753ccd04ae01b7","name":"Jeanette","image":{"@type":"ImageObject","inLanguage":"es","@id":"https:\/\/secure.gravatar.com\/avatar\/3ea2118a5f7dad2b7138b1187a6b7ee55f160b9968b66013c3a3ef39dd7e5798?s=96&d=mm&r=g","url":"https:\/\/secure.gravatar.com\/avatar\/3ea2118a5f7dad2b7138b1187a6b7ee55f160b9968b66013c3a3ef39dd7e5798?s=96&d=mm&r=g","contentUrl":"https:\/\/secure.gravatar.com\/avatar\/3ea2118a5f7dad2b7138b1187a6b7ee55f160b9968b66013c3a3ef39dd7e5798?s=96&d=mm&r=g","caption":"Jeanette"},"sameAs":["https:\/\/www.eldiario.net\/portal"],"url":"https:\/\/www.eldiario.net\/portal\/author\/jeanette\/"}]}},"_links":{"self":[{"href":"https:\/\/www.eldiario.net\/portal\/wp-json\/wp\/v2\/posts\/422356","targetHints":{"allow":["GET"]}}],"collection":[{"href":"https:\/\/www.eldiario.net\/portal\/wp-json\/wp\/v2\/posts"}],"about":[{"href":"https:\/\/www.eldiario.net\/portal\/wp-json\/wp\/v2\/types\/post"}],"author":[{"embeddable":true,"href":"https:\/\/www.eldiario.net\/portal\/wp-json\/wp\/v2\/users\/1"}],"replies":[{"embeddable":true,"href":"https:\/\/www.eldiario.net\/portal\/wp-json\/wp\/v2\/comments?post=422356"}],"version-history":[{"count":1,"href":"https:\/\/www.eldiario.net\/portal\/wp-json\/wp\/v2\/posts\/422356\/revisions"}],"predecessor-version":[{"id":422358,"href":"https:\/\/www.eldiario.net\/portal\/wp-json\/wp\/v2\/posts\/422356\/revisions\/422358"}],"wp:featuredmedia":[{"embeddable":true,"href":"https:\/\/www.eldiario.net\/portal\/wp-json\/wp\/v2\/media\/422357"}],"wp:attachment":[{"href":"https:\/\/www.eldiario.net\/portal\/wp-json\/wp\/v2\/media?parent=422356"}],"wp:term":[{"taxonomy":"category","embeddable":true,"href":"https:\/\/www.eldiario.net\/portal\/wp-json\/wp\/v2\/categories?post=422356"},{"taxonomy":"post_tag","embeddable":true,"href":"https:\/\/www.eldiario.net\/portal\/wp-json\/wp\/v2\/tags?post=422356"}],"curies":[{"name":"wp","href":"https:\/\/api.w.org\/{rel}","templated":true}]}}