{"id":422344,"date":"2026-08-18T06:04:31","date_gmt":"2026-08-18T10:04:31","guid":{"rendered":"https:\/\/www.eldiario.net\/portal\/?p=422344"},"modified":"2026-08-18T06:04:31","modified_gmt":"2026-08-18T10:04:31","slug":"intensifican-busqueda-del-fiscal-desaparecido-2","status":"publish","type":"post","link":"https:\/\/www.eldiario.net\/portal\/2026\/08\/18\/intensifican-busqueda-del-fiscal-desaparecido-2\/","title":{"rendered":"Intensifican b\u00fasqueda del fiscal desaparecido"},"content":{"rendered":"<p>Las labores de b\u00fasqueda del fiscal Juan Benjo Huchani Alpire se intensificaron por aire y tierra en el Beni, tras desaparecer luego del accidente a\u00e9reo ocurrido el 14 de agosto. El siniestro, causado por presuntas fallas mec\u00e1nicas, dej\u00f3 al piloto fallecido y a otros dos fiscales heridos.<\/p>\n<p>Las tareas se concentran en inmediaciones de la estancia Cachascani, donde fue localizada la avioneta C-172 con matr\u00edcula CP-928 despu\u00e9s del siniestro. Huchani habr\u00eda resultado ileso y, de acuerdo con los testimonios de los sobrevivientes, decidi\u00f3 alejarse del punto del accidente para buscar auxilio. Desde entonces no se logr\u00f3 establecer contacto con \u00e9l.<\/p>\n<p>Ante la falta de informaci\u00f3n sobre su paradero, el operativo fue ampliado con la participaci\u00f3n de diferentes unidades de rescate y seguridad. El grupo SAR del Beni, efectivos de la Unidad M\u00f3vil de Patrullaje Rural (Umopar), personal de la Fuerza Especial de Lucha Contra el Crimen (Felcc) y de la Polic\u00eda Montada intervienen en el rastrillaje terrestre.<\/p>\n<p>A este despliegue se sum\u00f3 la Fuerza A\u00e9rea Boliviana (FAB), que reforz\u00f3 las labores con medios especializados para cubrir una zona caracterizada por la presencia de vegetaci\u00f3n boscosa y sectores de dif\u00edcil acceso. La V Brigada A\u00e9rea incorpor\u00f3 dos aeronaves C-206, un helic\u00f3ptero EC-145 y un dron, adem\u00e1s de personal capacitado en b\u00fasqueda y rescate y voluntarios.<\/p>\n<p>Una de las aeronaves realiz\u00f3 un reconocimiento sobre el \u00e1rea en la que se perdi\u00f3 el rastro del fiscal, mientras que otros efectivos fueron trasladados hasta la estancia Cachascani para apoyar las labores desde tierra. El uso del dron busca ampliar la capacidad de observaci\u00f3n sobre sectores que presentan dificultades para el ingreso de los equipos de rescate.<\/p>\n<p>Los trabajos se desarrollan de manera coordinada entre los grupos que recorren el terreno y las unidades que realizan sobrevuelos. Parte del personal SAR permaneci\u00f3 inicialmente en inmediaciones de la estancia junto con trabajadores del lugar, con el objetivo de continuar la b\u00fasqueda luego de que se conociera que Huchani hab\u00eda abandonado el sitio del accidente.<\/p>\n<p>El siniestro ocurri\u00f3 despu\u00e9s de que la aeronave presentara presuntas fallas mec\u00e1nicas durante el vuelo. Como consecuencia, el piloto perdi\u00f3 la vida, mientras que los otros ocupantes lograron sobrevivir. Una de las fiscales result\u00f3 con fracturas y recibi\u00f3 atenci\u00f3n m\u00e9dica, mientras que otro de los sobrevivientes no present\u00f3 lesiones de consideraci\u00f3n.<\/p>\n<p>El subcomandante departamental de la Polic\u00eda en Beni, Luis Valda, confirm\u00f3 que hasta el momento no se logr\u00f3 establecer el paradero de Huchani y se\u00f1al\u00f3 que el rastrillaje contin\u00faa tanto por tierra como por aire.<\/p>\n<p>Mientras avanzan las labores, los equipos buscan cualquier indicio que permita establecer la ruta que tom\u00f3 el fiscal despu\u00e9s de abandonar el lugar del accidente. La prioridad del operativo es localizarlo y conocer su estado, por lo que las instituciones involucradas mantienen activo el despliegue en la zona. (Con informaci\u00f3n de agencias)<\/p>\n","protected":false},"excerpt":{"rendered":"<p>Las labores de b\u00fasqueda del fiscal Juan Benjo Huchani Alpire se intensificaron por aire y tierra en el Beni, tras desaparecer luego del accidente a\u00e9reo ocurrido el 14 de agosto. El siniestro, causado por presuntas fallas mec\u00e1nicas, dej\u00f3 al piloto fallecido y a otros dos fiscales heridos. Las tareas se concentran en inmediaciones de la [&hellip;]<\/p>\n","protected":false},"author":1,"featured_media":422345,"comment_status":"closed","ping_status":"open","sticky":false,"template":"","format":"standard","meta":{"_acf_changed":false,"footnotes":""},"categories":[39],"tags":[],"class_list":["post-422344","post","type-post","status-publish","format-standard","has-post-thumbnail","category-sociedad"],"acf":{"antetitulo":"Tras accidente a\u00e9reo en Beni"},"yoast_head":"<!-- This site is optimized with the Yoast SEO plugin v28.3 - https:\/\/yoast.com\/product\/yoast-seo-wordpress\/ -->\n<title>Intensifican b\u00fasqueda del fiscal desaparecido - El Diario - Bolivia<\/title>\n<meta name=\"robots\" content=\"index, follow, max-snippet:-1, max-image-preview:large, max-video-preview:-1\" \/>\n<link rel=\"canonical\" href=\"https:\/\/www.eldiario.net\/portal\/2026\/08\/18\/intensifican-busqueda-del-fiscal-desaparecido-2\/\" \/>\n<meta property=\"og:locale\" content=\"es_ES\" \/>\n<meta property=\"og:type\" content=\"article\" \/>\n<meta property=\"og:title\" content=\"Intensifican b\u00fasqueda del fiscal desaparecido - El Diario - Bolivia\" \/>\n<meta property=\"og:description\" content=\"Las labores de b\u00fasqueda del fiscal Juan Benjo Huchani Alpire se intensificaron por aire y tierra en el Beni, tras desaparecer luego del accidente a\u00e9reo ocurrido el 14 de agosto. El siniestro, causado por presuntas fallas mec\u00e1nicas, dej\u00f3 al piloto fallecido y a otros dos fiscales heridos. Las tareas se concentran en inmediaciones de la [&hellip;]\" \/>\n<meta property=\"og:url\" content=\"https:\/\/www.eldiario.net\/portal\/2026\/08\/18\/intensifican-busqueda-del-fiscal-desaparecido-2\/\" \/>\n<meta property=\"og:site_name\" content=\"El Diario - Bolivia\" \/>\n<meta property=\"article:publisher\" content=\"https:\/\/www.facebook.com\/eldiario.bolivia\/\" \/>\n<meta property=\"article:published_time\" content=\"2026-08-18T10:04:31+00:00\" \/>\n<meta property=\"og:image\" content=\"https:\/\/www.eldiario.net\/portal\/wp-content\/uploads\/2026\/08\/BUSQUEDA-FOTO.webp\" \/>\n\t<meta property=\"og:image:width\" content=\"768\" \/>\n\t<meta property=\"og:image:height\" content=\"576\" \/>\n\t<meta property=\"og:image:type\" content=\"image\/webp\" \/>\n<meta name=\"author\" content=\"Jeanette\" \/>\n<meta name=\"twitter:card\" content=\"summary_large_image\" \/>\n<meta name=\"twitter:creator\" content=\"@eldiario_net\" \/>\n<meta name=\"twitter:site\" content=\"@eldiario_net\" \/>\n<meta name=\"twitter:label1\" content=\"Escrito por\" \/>\n\t<meta name=\"twitter:data1\" content=\"Jeanette\" \/>\n\t<meta name=\"twitter:label2\" content=\"Tiempo de lectura\" \/>\n\t<meta name=\"twitter:data2\" content=\"3 minutos\" \/>\n<script type=\"application\/ld+json\" class=\"yoast-schema-graph\">{\"@context\":\"https:\\\/\\\/schema.org\",\"@graph\":[{\"@type\":\"Article\",\"@id\":\"https:\\\/\\\/www.eldiario.net\\\/portal\\\/2026\\\/08\\\/18\\\/intensifican-busqueda-del-fiscal-desaparecido-2\\\/#article\",\"isPartOf\":{\"@id\":\"https:\\\/\\\/www.eldiario.net\\\/portal\\\/2026\\\/08\\\/18\\\/intensifican-busqueda-del-fiscal-desaparecido-2\\\/\"},\"author\":{\"name\":\"Jeanette\",\"@id\":\"https:\\\/\\\/www.eldiario.net\\\/portal\\\/#\\\/schema\\\/person\\\/f46445640444750d7d753ccd04ae01b7\"},\"headline\":\"Intensifican b\u00fasqueda del fiscal desaparecido\",\"datePublished\":\"2026-08-18T10:04:31+00:00\",\"mainEntityOfPage\":{\"@id\":\"https:\\\/\\\/www.eldiario.net\\\/portal\\\/2026\\\/08\\\/18\\\/intensifican-busqueda-del-fiscal-desaparecido-2\\\/\"},\"wordCount\":501,\"publisher\":{\"@id\":\"https:\\\/\\\/www.eldiario.net\\\/portal\\\/#organization\"},\"image\":{\"@id\":\"https:\\\/\\\/www.eldiario.net\\\/portal\\\/2026\\\/08\\\/18\\\/intensifican-busqueda-del-fiscal-desaparecido-2\\\/#primaryimage\"},\"thumbnailUrl\":\"https:\\\/\\\/www.eldiario.net\\\/portal\\\/wp-content\\\/uploads\\\/2026\\\/08\\\/BUSQUEDA-FOTO.webp\",\"articleSection\":[\"Sociedad - Seguridad\"],\"inLanguage\":\"es\"},{\"@type\":\"WebPage\",\"@id\":\"https:\\\/\\\/www.eldiario.net\\\/portal\\\/2026\\\/08\\\/18\\\/intensifican-busqueda-del-fiscal-desaparecido-2\\\/\",\"url\":\"https:\\\/\\\/www.eldiario.net\\\/portal\\\/2026\\\/08\\\/18\\\/intensifican-busqueda-del-fiscal-desaparecido-2\\\/\",\"name\":\"Intensifican b\u00fasqueda del fiscal desaparecido - El Diario - Bolivia\",\"isPartOf\":{\"@id\":\"https:\\\/\\\/www.eldiario.net\\\/portal\\\/#website\"},\"primaryImageOfPage\":{\"@id\":\"https:\\\/\\\/www.eldiario.net\\\/portal\\\/2026\\\/08\\\/18\\\/intensifican-busqueda-del-fiscal-desaparecido-2\\\/#primaryimage\"},\"image\":{\"@id\":\"https:\\\/\\\/www.eldiario.net\\\/portal\\\/2026\\\/08\\\/18\\\/intensifican-busqueda-del-fiscal-desaparecido-2\\\/#primaryimage\"},\"thumbnailUrl\":\"https:\\\/\\\/www.eldiario.net\\\/portal\\\/wp-content\\\/uploads\\\/2026\\\/08\\\/BUSQUEDA-FOTO.webp\",\"datePublished\":\"2026-08-18T10:04:31+00:00\",\"breadcrumb\":{\"@id\":\"https:\\\/\\\/www.eldiario.net\\\/portal\\\/2026\\\/08\\\/18\\\/intensifican-busqueda-del-fiscal-desaparecido-2\\\/#breadcrumb\"},\"inLanguage\":\"es\",\"potentialAction\":[{\"@type\":\"ReadAction\",\"target\":[\"https:\\\/\\\/www.eldiario.net\\\/portal\\\/2026\\\/08\\\/18\\\/intensifican-busqueda-del-fiscal-desaparecido-2\\\/\"]}]},{\"@type\":\"ImageObject\",\"inLanguage\":\"es\",\"@id\":\"https:\\\/\\\/www.eldiario.net\\\/portal\\\/2026\\\/08\\\/18\\\/intensifican-busqueda-del-fiscal-desaparecido-2\\\/#primaryimage\",\"url\":\"https:\\\/\\\/www.eldiario.net\\\/portal\\\/wp-content\\\/uploads\\\/2026\\\/08\\\/BUSQUEDA-FOTO.webp\",\"contentUrl\":\"https:\\\/\\\/www.eldiario.net\\\/portal\\\/wp-content\\\/uploads\\\/2026\\\/08\\\/BUSQUEDA-FOTO.webp\",\"width\":768,\"height\":576,\"caption\":\"Tras el siniestro se moviliz\u00f3 a equipos de rescate de la FAB y otras instituciones. Cr\u00e9dito de foto: MD\"},{\"@type\":\"BreadcrumbList\",\"@id\":\"https:\\\/\\\/www.eldiario.net\\\/portal\\\/2026\\\/08\\\/18\\\/intensifican-busqueda-del-fiscal-desaparecido-2\\\/#breadcrumb\",\"itemListElement\":[{\"@type\":\"ListItem\",\"position\":1,\"name\":\"Portada\",\"item\":\"https:\\\/\\\/www.eldiario.net\\\/portal\\\/\"},{\"@type\":\"ListItem\",\"position\":2,\"name\":\"Intensifican b\u00fasqueda del fiscal desaparecido\"}]},{\"@type\":\"WebSite\",\"@id\":\"https:\\\/\\\/www.eldiario.net\\\/portal\\\/#website\",\"url\":\"https:\\\/\\\/www.eldiario.net\\\/portal\\\/\",\"name\":\"El Diario - Decano de la prensa nacional\",\"description\":\"El Diario - Decano de la prensa nacional\",\"publisher\":{\"@id\":\"https:\\\/\\\/www.eldiario.net\\\/portal\\\/#organization\"},\"potentialAction\":[{\"@type\":\"SearchAction\",\"target\":{\"@type\":\"EntryPoint\",\"urlTemplate\":\"https:\\\/\\\/www.eldiario.net\\\/portal\\\/?s={search_term_string}\"},\"query-input\":{\"@type\":\"PropertyValueSpecification\",\"valueRequired\":true,\"valueName\":\"search_term_string\"}}],\"inLanguage\":\"es\"},{\"@type\":\"Organization\",\"@id\":\"https:\\\/\\\/www.eldiario.net\\\/portal\\\/#organization\",\"name\":\"El Diario - Decano de la prensa nacional\",\"url\":\"https:\\\/\\\/www.eldiario.net\\\/portal\\\/\",\"logo\":{\"@type\":\"ImageObject\",\"inLanguage\":\"es\",\"@id\":\"https:\\\/\\\/www.eldiario.net\\\/portal\\\/#\\\/schema\\\/logo\\\/image\\\/\",\"url\":\"https:\\\/\\\/www.eldiario.net\\\/portal\\\/wp-content\\\/uploads\\\/2023\\\/07\\\/logo_ED.jpg\",\"contentUrl\":\"https:\\\/\\\/www.eldiario.net\\\/portal\\\/wp-content\\\/uploads\\\/2023\\\/07\\\/logo_ED.jpg\",\"width\":272,\"height\":52,\"caption\":\"El Diario - Decano de la prensa nacional\"},\"image\":{\"@id\":\"https:\\\/\\\/www.eldiario.net\\\/portal\\\/#\\\/schema\\\/logo\\\/image\\\/\"},\"sameAs\":[\"https:\\\/\\\/www.facebook.com\\\/eldiario.bolivia\\\/\",\"https:\\\/\\\/x.com\\\/eldiario_net\"]},{\"@type\":\"Person\",\"@id\":\"https:\\\/\\\/www.eldiario.net\\\/portal\\\/#\\\/schema\\\/person\\\/f46445640444750d7d753ccd04ae01b7\",\"name\":\"Jeanette\",\"image\":{\"@type\":\"ImageObject\",\"inLanguage\":\"es\",\"@id\":\"https:\\\/\\\/secure.gravatar.com\\\/avatar\\\/3ea2118a5f7dad2b7138b1187a6b7ee55f160b9968b66013c3a3ef39dd7e5798?s=96&d=mm&r=g\",\"url\":\"https:\\\/\\\/secure.gravatar.com\\\/avatar\\\/3ea2118a5f7dad2b7138b1187a6b7ee55f160b9968b66013c3a3ef39dd7e5798?s=96&d=mm&r=g\",\"contentUrl\":\"https:\\\/\\\/secure.gravatar.com\\\/avatar\\\/3ea2118a5f7dad2b7138b1187a6b7ee55f160b9968b66013c3a3ef39dd7e5798?s=96&d=mm&r=g\",\"caption\":\"Jeanette\"},\"sameAs\":[\"https:\\\/\\\/www.eldiario.net\\\/portal\"],\"url\":\"https:\\\/\\\/www.eldiario.net\\\/portal\\\/author\\\/jeanette\\\/\"}]}<\/script>\n<!-- \/ Yoast SEO plugin. -->","yoast_head_json":{"title":"Intensifican b\u00fasqueda del fiscal desaparecido - El Diario - Bolivia","robots":{"index":"index","follow":"follow","max-snippet":"max-snippet:-1","max-image-preview":"max-image-preview:large","max-video-preview":"max-video-preview:-1"},"canonical":"https:\/\/www.eldiario.net\/portal\/2026\/08\/18\/intensifican-busqueda-del-fiscal-desaparecido-2\/","og_locale":"es_ES","og_type":"article","og_title":"Intensifican b\u00fasqueda del fiscal desaparecido - El Diario - Bolivia","og_description":"Las labores de b\u00fasqueda del fiscal Juan Benjo Huchani Alpire se intensificaron por aire y tierra en el Beni, tras desaparecer luego del accidente a\u00e9reo ocurrido el 14 de agosto. El siniestro, causado por presuntas fallas mec\u00e1nicas, dej\u00f3 al piloto fallecido y a otros dos fiscales heridos. Las tareas se concentran en inmediaciones de la [&hellip;]","og_url":"https:\/\/www.eldiario.net\/portal\/2026\/08\/18\/intensifican-busqueda-del-fiscal-desaparecido-2\/","og_site_name":"El Diario - Bolivia","article_publisher":"https:\/\/www.facebook.com\/eldiario.bolivia\/","article_published_time":"2026-08-18T10:04:31+00:00","og_image":[{"width":768,"height":576,"url":"https:\/\/www.eldiario.net\/portal\/wp-content\/uploads\/2026\/08\/BUSQUEDA-FOTO.webp","type":"image\/webp"}],"author":"Jeanette","twitter_card":"summary_large_image","twitter_creator":"@eldiario_net","twitter_site":"@eldiario_net","twitter_misc":{"Escrito por":"Jeanette","Tiempo de lectura":"3 minutos"},"schema":{"@context":"https:\/\/schema.org","@graph":[{"@type":"Article","@id":"https:\/\/www.eldiario.net\/portal\/2026\/08\/18\/intensifican-busqueda-del-fiscal-desaparecido-2\/#article","isPartOf":{"@id":"https:\/\/www.eldiario.net\/portal\/2026\/08\/18\/intensifican-busqueda-del-fiscal-desaparecido-2\/"},"author":{"name":"Jeanette","@id":"https:\/\/www.eldiario.net\/portal\/#\/schema\/person\/f46445640444750d7d753ccd04ae01b7"},"headline":"Intensifican b\u00fasqueda del fiscal desaparecido","datePublished":"2026-08-18T10:04:31+00:00","mainEntityOfPage":{"@id":"https:\/\/www.eldiario.net\/portal\/2026\/08\/18\/intensifican-busqueda-del-fiscal-desaparecido-2\/"},"wordCount":501,"publisher":{"@id":"https:\/\/www.eldiario.net\/portal\/#organization"},"image":{"@id":"https:\/\/www.eldiario.net\/portal\/2026\/08\/18\/intensifican-busqueda-del-fiscal-desaparecido-2\/#primaryimage"},"thumbnailUrl":"https:\/\/www.eldiario.net\/portal\/wp-content\/uploads\/2026\/08\/BUSQUEDA-FOTO.webp","articleSection":["Sociedad - Seguridad"],"inLanguage":"es"},{"@type":"WebPage","@id":"https:\/\/www.eldiario.net\/portal\/2026\/08\/18\/intensifican-busqueda-del-fiscal-desaparecido-2\/","url":"https:\/\/www.eldiario.net\/portal\/2026\/08\/18\/intensifican-busqueda-del-fiscal-desaparecido-2\/","name":"Intensifican b\u00fasqueda del fiscal desaparecido - El Diario - Bolivia","isPartOf":{"@id":"https:\/\/www.eldiario.net\/portal\/#website"},"primaryImageOfPage":{"@id":"https:\/\/www.eldiario.net\/portal\/2026\/08\/18\/intensifican-busqueda-del-fiscal-desaparecido-2\/#primaryimage"},"image":{"@id":"https:\/\/www.eldiario.net\/portal\/2026\/08\/18\/intensifican-busqueda-del-fiscal-desaparecido-2\/#primaryimage"},"thumbnailUrl":"https:\/\/www.eldiario.net\/portal\/wp-content\/uploads\/2026\/08\/BUSQUEDA-FOTO.webp","datePublished":"2026-08-18T10:04:31+00:00","breadcrumb":{"@id":"https:\/\/www.eldiario.net\/portal\/2026\/08\/18\/intensifican-busqueda-del-fiscal-desaparecido-2\/#breadcrumb"},"inLanguage":"es","potentialAction":[{"@type":"ReadAction","target":["https:\/\/www.eldiario.net\/portal\/2026\/08\/18\/intensifican-busqueda-del-fiscal-desaparecido-2\/"]}]},{"@type":"ImageObject","inLanguage":"es","@id":"https:\/\/www.eldiario.net\/portal\/2026\/08\/18\/intensifican-busqueda-del-fiscal-desaparecido-2\/#primaryimage","url":"https:\/\/www.eldiario.net\/portal\/wp-content\/uploads\/2026\/08\/BUSQUEDA-FOTO.webp","contentUrl":"https:\/\/www.eldiario.net\/portal\/wp-content\/uploads\/2026\/08\/BUSQUEDA-FOTO.webp","width":768,"height":576,"caption":"Tras el siniestro se moviliz\u00f3 a equipos de rescate de la FAB y otras instituciones. Cr\u00e9dito de foto: MD"},{"@type":"BreadcrumbList","@id":"https:\/\/www.eldiario.net\/portal\/2026\/08\/18\/intensifican-busqueda-del-fiscal-desaparecido-2\/#breadcrumb","itemListElement":[{"@type":"ListItem","position":1,"name":"Portada","item":"https:\/\/www.eldiario.net\/portal\/"},{"@type":"ListItem","position":2,"name":"Intensifican b\u00fasqueda del fiscal desaparecido"}]},{"@type":"WebSite","@id":"https:\/\/www.eldiario.net\/portal\/#website","url":"https:\/\/www.eldiario.net\/portal\/","name":"El Diario - Decano de la prensa nacional","description":"El Diario - Decano de la prensa nacional","publisher":{"@id":"https:\/\/www.eldiario.net\/portal\/#organization"},"potentialAction":[{"@type":"SearchAction","target":{"@type":"EntryPoint","urlTemplate":"https:\/\/www.eldiario.net\/portal\/?s={search_term_string}"},"query-input":{"@type":"PropertyValueSpecification","valueRequired":true,"valueName":"search_term_string"}}],"inLanguage":"es"},{"@type":"Organization","@id":"https:\/\/www.eldiario.net\/portal\/#organization","name":"El Diario - Decano de la prensa nacional","url":"https:\/\/www.eldiario.net\/portal\/","logo":{"@type":"ImageObject","inLanguage":"es","@id":"https:\/\/www.eldiario.net\/portal\/#\/schema\/logo\/image\/","url":"https:\/\/www.eldiario.net\/portal\/wp-content\/uploads\/2023\/07\/logo_ED.jpg","contentUrl":"https:\/\/www.eldiario.net\/portal\/wp-content\/uploads\/2023\/07\/logo_ED.jpg","width":272,"height":52,"caption":"El Diario - Decano de la prensa nacional"},"image":{"@id":"https:\/\/www.eldiario.net\/portal\/#\/schema\/logo\/image\/"},"sameAs":["https:\/\/www.facebook.com\/eldiario.bolivia\/","https:\/\/x.com\/eldiario_net"]},{"@type":"Person","@id":"https:\/\/www.eldiario.net\/portal\/#\/schema\/person\/f46445640444750d7d753ccd04ae01b7","name":"Jeanette","image":{"@type":"ImageObject","inLanguage":"es","@id":"https:\/\/secure.gravatar.com\/avatar\/3ea2118a5f7dad2b7138b1187a6b7ee55f160b9968b66013c3a3ef39dd7e5798?s=96&d=mm&r=g","url":"https:\/\/secure.gravatar.com\/avatar\/3ea2118a5f7dad2b7138b1187a6b7ee55f160b9968b66013c3a3ef39dd7e5798?s=96&d=mm&r=g","contentUrl":"https:\/\/secure.gravatar.com\/avatar\/3ea2118a5f7dad2b7138b1187a6b7ee55f160b9968b66013c3a3ef39dd7e5798?s=96&d=mm&r=g","caption":"Jeanette"},"sameAs":["https:\/\/www.eldiario.net\/portal"],"url":"https:\/\/www.eldiario.net\/portal\/author\/jeanette\/"}]}},"_links":{"self":[{"href":"https:\/\/www.eldiario.net\/portal\/wp-json\/wp\/v2\/posts\/422344","targetHints":{"allow":["GET"]}}],"collection":[{"href":"https:\/\/www.eldiario.net\/portal\/wp-json\/wp\/v2\/posts"}],"about":[{"href":"https:\/\/www.eldiario.net\/portal\/wp-json\/wp\/v2\/types\/post"}],"author":[{"embeddable":true,"href":"https:\/\/www.eldiario.net\/portal\/wp-json\/wp\/v2\/users\/1"}],"replies":[{"embeddable":true,"href":"https:\/\/www.eldiario.net\/portal\/wp-json\/wp\/v2\/comments?post=422344"}],"version-history":[{"count":1,"href":"https:\/\/www.eldiario.net\/portal\/wp-json\/wp\/v2\/posts\/422344\/revisions"}],"predecessor-version":[{"id":422346,"href":"https:\/\/www.eldiario.net\/portal\/wp-json\/wp\/v2\/posts\/422344\/revisions\/422346"}],"wp:featuredmedia":[{"embeddable":true,"href":"https:\/\/www.eldiario.net\/portal\/wp-json\/wp\/v2\/media\/422345"}],"wp:attachment":[{"href":"https:\/\/www.eldiario.net\/portal\/wp-json\/wp\/v2\/media?parent=422344"}],"wp:term":[{"taxonomy":"category","embeddable":true,"href":"https:\/\/www.eldiario.net\/portal\/wp-json\/wp\/v2\/categories?post=422344"},{"taxonomy":"post_tag","embeddable":true,"href":"https:\/\/www.eldiario.net\/portal\/wp-json\/wp\/v2\/tags?post=422344"}],"curies":[{"name":"wp","href":"https:\/\/api.w.org\/{rel}","templated":true}]}}