{"id":422341,"date":"2026-08-18T06:03:50","date_gmt":"2026-08-18T10:03:50","guid":{"rendered":"https:\/\/www.eldiario.net\/portal\/?p=422341"},"modified":"2026-08-18T06:03:50","modified_gmt":"2026-08-18T10:03:50","slug":"juez-ordena-detencion-preventiva-para-cuatro-personas-aprehendidas","status":"publish","type":"post","link":"https:\/\/www.eldiario.net\/portal\/2026\/08\/18\/juez-ordena-detencion-preventiva-para-cuatro-personas-aprehendidas\/","title":{"rendered":"Juez ordena detenci\u00f3n preventiva para cuatro personas aprehendidas"},"content":{"rendered":"<p>Un juez determin\u00f3 la detenci\u00f3n preventiva de cuatro personas aprehendidas tras la intervenci\u00f3n policial de dos camiones que trasladaban a unas 80 personas hacia el tr\u00f3pico de Cochabamba, donde fueron encontrados un rifle, armas artesanales, fulminantes, petardos y dinamita.<\/p>\n<p>La Polic\u00eda intercept\u00f3 los dos veh\u00edculos y, durante la requisa, encontr\u00f3 el material que ahora es parte de la investigaci\u00f3n; tras el operativo, cuatro personas fueron aprehendidas y puestas a disposici\u00f3n de la autoridad jurisdiccional. En esa instancia se determin\u00f3 su detenci\u00f3n preventiva, mientras contin\u00faan las investigaciones para establecer su participaci\u00f3n en el hecho y el destino de los materiales hallados.<\/p>\n<p>El director departamental de la Fuerza Especial de Lucha Contra el Crimen (Felcc), Erick Peralta, inform\u00f3 que cada uno de los camiones transportaba aproximadamente 40 personas. Seg\u00fan explic\u00f3, durante la inspecci\u00f3n fueron encontrados un rifle calibre .22, cuatro armas artesanales, 36 fulminantes, cuatro cajas de petardos y juegos pirot\u00e9cnicos, adem\u00e1s de ocho cachorros de dinamita.<\/p>\n<p>El hallazgo del armamento y los explosivos llev\u00f3 a los investigadores a indagar el motivo del traslado y el destino que ten\u00edan las personas que viajaban en ambos veh\u00edculos.<\/p>\n<p>Seg\u00fan las declaraciones informativas recogidas por la Polic\u00eda, los pasajeros se\u00f1alaron que se dirig\u00edan hacia el tr\u00f3pico para participar en una toma de tierras o avasallamiento. Esta versi\u00f3n fue incorporada a las investigaciones y deber\u00e1 ser esclarecida por las autoridades.<\/p>\n<p>Peralta estableci\u00f3 que los materiales fueron encontrados durante la requisa de los dos camiones. Sin embargo, los datos disponibles no precisan qui\u00e9n introdujo esos objetos en los veh\u00edculos ni cu\u00e1l era la finalidad concreta de su traslado.<\/p>\n<p>La Polic\u00eda y el Ministerio P\u00fablico deber\u00e1n establecer la participaci\u00f3n que tuvo cada uno de los cuatro detenidos, adem\u00e1s de determinar el origen y el destino del rifle, las armas artesanales, los fulminantes, los petardos y la dinamita encontrados durante el operativo.<\/p>\n<p>El caso contin\u00faa en investigaci\u00f3n y la versi\u00f3n de los pasajeros sobre una presunta toma de tierras forma parte de los elementos que deber\u00e1n ser verificados por las autoridades. (Con informaci\u00f3n de Red Uno)<\/p>\n","protected":false},"excerpt":{"rendered":"<p>Un juez determin\u00f3 la detenci\u00f3n preventiva de cuatro personas aprehendidas tras la intervenci\u00f3n policial de dos camiones que trasladaban a unas 80 personas hacia el tr\u00f3pico de Cochabamba, donde fueron encontrados un rifle, armas artesanales, fulminantes, petardos y dinamita. La Polic\u00eda intercept\u00f3 los dos veh\u00edculos y, durante la requisa, encontr\u00f3 el material que ahora es [&hellip;]<\/p>\n","protected":false},"author":1,"featured_media":422342,"comment_status":"closed","ping_status":"open","sticky":false,"template":"","format":"standard","meta":{"_acf_changed":false,"footnotes":""},"categories":[39],"tags":[],"class_list":["post-422341","post","type-post","status-publish","format-standard","has-post-thumbnail","category-sociedad"],"acf":{"antetitulo":"Investigaci\u00f3n tras hallazgo de explosivos"},"yoast_head":"<!-- This site is optimized with the Yoast SEO plugin v28.3 - https:\/\/yoast.com\/product\/yoast-seo-wordpress\/ -->\n<title>Juez ordena detenci\u00f3n preventiva para cuatro personas aprehendidas - El Diario - Bolivia<\/title>\n<meta name=\"robots\" content=\"index, follow, max-snippet:-1, max-image-preview:large, max-video-preview:-1\" \/>\n<link rel=\"canonical\" href=\"https:\/\/www.eldiario.net\/portal\/2026\/08\/18\/juez-ordena-detencion-preventiva-para-cuatro-personas-aprehendidas\/\" \/>\n<meta property=\"og:locale\" content=\"es_ES\" \/>\n<meta property=\"og:type\" content=\"article\" \/>\n<meta property=\"og:title\" content=\"Juez ordena detenci\u00f3n preventiva para cuatro personas aprehendidas - El Diario - Bolivia\" \/>\n<meta property=\"og:description\" content=\"Un juez determin\u00f3 la detenci\u00f3n preventiva de cuatro personas aprehendidas tras la intervenci\u00f3n policial de dos camiones que trasladaban a unas 80 personas hacia el tr\u00f3pico de Cochabamba, donde fueron encontrados un rifle, armas artesanales, fulminantes, petardos y dinamita. La Polic\u00eda intercept\u00f3 los dos veh\u00edculos y, durante la requisa, encontr\u00f3 el material que ahora es [&hellip;]\" \/>\n<meta property=\"og:url\" content=\"https:\/\/www.eldiario.net\/portal\/2026\/08\/18\/juez-ordena-detencion-preventiva-para-cuatro-personas-aprehendidas\/\" \/>\n<meta property=\"og:site_name\" content=\"El Diario - Bolivia\" \/>\n<meta property=\"article:publisher\" content=\"https:\/\/www.facebook.com\/eldiario.bolivia\/\" \/>\n<meta property=\"article:published_time\" content=\"2026-08-18T10:03:50+00:00\" \/>\n<meta property=\"og:image\" content=\"https:\/\/www.eldiario.net\/portal\/wp-content\/uploads\/2026\/08\/CAMIONES-FOTO.webp\" \/>\n\t<meta property=\"og:image:width\" content=\"400\" \/>\n\t<meta property=\"og:image:height\" content=\"225\" \/>\n\t<meta property=\"og:image:type\" content=\"image\/webp\" \/>\n<meta name=\"author\" content=\"Jeanette\" \/>\n<meta name=\"twitter:card\" content=\"summary_large_image\" \/>\n<meta name=\"twitter:creator\" content=\"@eldiario_net\" \/>\n<meta name=\"twitter:site\" content=\"@eldiario_net\" \/>\n<meta name=\"twitter:label1\" content=\"Escrito por\" \/>\n\t<meta name=\"twitter:data1\" content=\"Jeanette\" \/>\n\t<meta name=\"twitter:label2\" content=\"Tiempo de lectura\" \/>\n\t<meta name=\"twitter:data2\" content=\"2 minutos\" \/>\n<script type=\"application\/ld+json\" class=\"yoast-schema-graph\">{\"@context\":\"https:\\\/\\\/schema.org\",\"@graph\":[{\"@type\":\"Article\",\"@id\":\"https:\\\/\\\/www.eldiario.net\\\/portal\\\/2026\\\/08\\\/18\\\/juez-ordena-detencion-preventiva-para-cuatro-personas-aprehendidas\\\/#article\",\"isPartOf\":{\"@id\":\"https:\\\/\\\/www.eldiario.net\\\/portal\\\/2026\\\/08\\\/18\\\/juez-ordena-detencion-preventiva-para-cuatro-personas-aprehendidas\\\/\"},\"author\":{\"name\":\"Jeanette\",\"@id\":\"https:\\\/\\\/www.eldiario.net\\\/portal\\\/#\\\/schema\\\/person\\\/f46445640444750d7d753ccd04ae01b7\"},\"headline\":\"Juez ordena detenci\u00f3n preventiva para cuatro personas aprehendidas\",\"datePublished\":\"2026-08-18T10:03:50+00:00\",\"mainEntityOfPage\":{\"@id\":\"https:\\\/\\\/www.eldiario.net\\\/portal\\\/2026\\\/08\\\/18\\\/juez-ordena-detencion-preventiva-para-cuatro-personas-aprehendidas\\\/\"},\"wordCount\":377,\"publisher\":{\"@id\":\"https:\\\/\\\/www.eldiario.net\\\/portal\\\/#organization\"},\"image\":{\"@id\":\"https:\\\/\\\/www.eldiario.net\\\/portal\\\/2026\\\/08\\\/18\\\/juez-ordena-detencion-preventiva-para-cuatro-personas-aprehendidas\\\/#primaryimage\"},\"thumbnailUrl\":\"https:\\\/\\\/www.eldiario.net\\\/portal\\\/wp-content\\\/uploads\\\/2026\\\/08\\\/CAMIONES-FOTO.webp\",\"articleSection\":[\"Sociedad - Seguridad\"],\"inLanguage\":\"es\"},{\"@type\":\"WebPage\",\"@id\":\"https:\\\/\\\/www.eldiario.net\\\/portal\\\/2026\\\/08\\\/18\\\/juez-ordena-detencion-preventiva-para-cuatro-personas-aprehendidas\\\/\",\"url\":\"https:\\\/\\\/www.eldiario.net\\\/portal\\\/2026\\\/08\\\/18\\\/juez-ordena-detencion-preventiva-para-cuatro-personas-aprehendidas\\\/\",\"name\":\"Juez ordena detenci\u00f3n preventiva para cuatro personas aprehendidas - El Diario - Bolivia\",\"isPartOf\":{\"@id\":\"https:\\\/\\\/www.eldiario.net\\\/portal\\\/#website\"},\"primaryImageOfPage\":{\"@id\":\"https:\\\/\\\/www.eldiario.net\\\/portal\\\/2026\\\/08\\\/18\\\/juez-ordena-detencion-preventiva-para-cuatro-personas-aprehendidas\\\/#primaryimage\"},\"image\":{\"@id\":\"https:\\\/\\\/www.eldiario.net\\\/portal\\\/2026\\\/08\\\/18\\\/juez-ordena-detencion-preventiva-para-cuatro-personas-aprehendidas\\\/#primaryimage\"},\"thumbnailUrl\":\"https:\\\/\\\/www.eldiario.net\\\/portal\\\/wp-content\\\/uploads\\\/2026\\\/08\\\/CAMIONES-FOTO.webp\",\"datePublished\":\"2026-08-18T10:03:50+00:00\",\"breadcrumb\":{\"@id\":\"https:\\\/\\\/www.eldiario.net\\\/portal\\\/2026\\\/08\\\/18\\\/juez-ordena-detencion-preventiva-para-cuatro-personas-aprehendidas\\\/#breadcrumb\"},\"inLanguage\":\"es\",\"potentialAction\":[{\"@type\":\"ReadAction\",\"target\":[\"https:\\\/\\\/www.eldiario.net\\\/portal\\\/2026\\\/08\\\/18\\\/juez-ordena-detencion-preventiva-para-cuatro-personas-aprehendidas\\\/\"]}]},{\"@type\":\"ImageObject\",\"inLanguage\":\"es\",\"@id\":\"https:\\\/\\\/www.eldiario.net\\\/portal\\\/2026\\\/08\\\/18\\\/juez-ordena-detencion-preventiva-para-cuatro-personas-aprehendidas\\\/#primaryimage\",\"url\":\"https:\\\/\\\/www.eldiario.net\\\/portal\\\/wp-content\\\/uploads\\\/2026\\\/08\\\/CAMIONES-FOTO.webp\",\"contentUrl\":\"https:\\\/\\\/www.eldiario.net\\\/portal\\\/wp-content\\\/uploads\\\/2026\\\/08\\\/CAMIONES-FOTO.webp\",\"width\":400,\"height\":225,\"caption\":\"Ambos motorizados fueron interceptados por la Polic\u00eda. Cr\u00e9dito de foto: Red Uno\"},{\"@type\":\"BreadcrumbList\",\"@id\":\"https:\\\/\\\/www.eldiario.net\\\/portal\\\/2026\\\/08\\\/18\\\/juez-ordena-detencion-preventiva-para-cuatro-personas-aprehendidas\\\/#breadcrumb\",\"itemListElement\":[{\"@type\":\"ListItem\",\"position\":1,\"name\":\"Portada\",\"item\":\"https:\\\/\\\/www.eldiario.net\\\/portal\\\/\"},{\"@type\":\"ListItem\",\"position\":2,\"name\":\"Juez ordena detenci\u00f3n preventiva para cuatro personas aprehendidas\"}]},{\"@type\":\"WebSite\",\"@id\":\"https:\\\/\\\/www.eldiario.net\\\/portal\\\/#website\",\"url\":\"https:\\\/\\\/www.eldiario.net\\\/portal\\\/\",\"name\":\"El Diario - Decano de la prensa nacional\",\"description\":\"El Diario - Decano de la prensa nacional\",\"publisher\":{\"@id\":\"https:\\\/\\\/www.eldiario.net\\\/portal\\\/#organization\"},\"potentialAction\":[{\"@type\":\"SearchAction\",\"target\":{\"@type\":\"EntryPoint\",\"urlTemplate\":\"https:\\\/\\\/www.eldiario.net\\\/portal\\\/?s={search_term_string}\"},\"query-input\":{\"@type\":\"PropertyValueSpecification\",\"valueRequired\":true,\"valueName\":\"search_term_string\"}}],\"inLanguage\":\"es\"},{\"@type\":\"Organization\",\"@id\":\"https:\\\/\\\/www.eldiario.net\\\/portal\\\/#organization\",\"name\":\"El Diario - Decano de la prensa nacional\",\"url\":\"https:\\\/\\\/www.eldiario.net\\\/portal\\\/\",\"logo\":{\"@type\":\"ImageObject\",\"inLanguage\":\"es\",\"@id\":\"https:\\\/\\\/www.eldiario.net\\\/portal\\\/#\\\/schema\\\/logo\\\/image\\\/\",\"url\":\"https:\\\/\\\/www.eldiario.net\\\/portal\\\/wp-content\\\/uploads\\\/2023\\\/07\\\/logo_ED.jpg\",\"contentUrl\":\"https:\\\/\\\/www.eldiario.net\\\/portal\\\/wp-content\\\/uploads\\\/2023\\\/07\\\/logo_ED.jpg\",\"width\":272,\"height\":52,\"caption\":\"El Diario - Decano de la prensa nacional\"},\"image\":{\"@id\":\"https:\\\/\\\/www.eldiario.net\\\/portal\\\/#\\\/schema\\\/logo\\\/image\\\/\"},\"sameAs\":[\"https:\\\/\\\/www.facebook.com\\\/eldiario.bolivia\\\/\",\"https:\\\/\\\/x.com\\\/eldiario_net\"]},{\"@type\":\"Person\",\"@id\":\"https:\\\/\\\/www.eldiario.net\\\/portal\\\/#\\\/schema\\\/person\\\/f46445640444750d7d753ccd04ae01b7\",\"name\":\"Jeanette\",\"image\":{\"@type\":\"ImageObject\",\"inLanguage\":\"es\",\"@id\":\"https:\\\/\\\/secure.gravatar.com\\\/avatar\\\/3ea2118a5f7dad2b7138b1187a6b7ee55f160b9968b66013c3a3ef39dd7e5798?s=96&d=mm&r=g\",\"url\":\"https:\\\/\\\/secure.gravatar.com\\\/avatar\\\/3ea2118a5f7dad2b7138b1187a6b7ee55f160b9968b66013c3a3ef39dd7e5798?s=96&d=mm&r=g\",\"contentUrl\":\"https:\\\/\\\/secure.gravatar.com\\\/avatar\\\/3ea2118a5f7dad2b7138b1187a6b7ee55f160b9968b66013c3a3ef39dd7e5798?s=96&d=mm&r=g\",\"caption\":\"Jeanette\"},\"sameAs\":[\"https:\\\/\\\/www.eldiario.net\\\/portal\"],\"url\":\"https:\\\/\\\/www.eldiario.net\\\/portal\\\/author\\\/jeanette\\\/\"}]}<\/script>\n<!-- \/ Yoast SEO plugin. -->","yoast_head_json":{"title":"Juez ordena detenci\u00f3n preventiva para cuatro personas aprehendidas - El Diario - Bolivia","robots":{"index":"index","follow":"follow","max-snippet":"max-snippet:-1","max-image-preview":"max-image-preview:large","max-video-preview":"max-video-preview:-1"},"canonical":"https:\/\/www.eldiario.net\/portal\/2026\/08\/18\/juez-ordena-detencion-preventiva-para-cuatro-personas-aprehendidas\/","og_locale":"es_ES","og_type":"article","og_title":"Juez ordena detenci\u00f3n preventiva para cuatro personas aprehendidas - El Diario - Bolivia","og_description":"Un juez determin\u00f3 la detenci\u00f3n preventiva de cuatro personas aprehendidas tras la intervenci\u00f3n policial de dos camiones que trasladaban a unas 80 personas hacia el tr\u00f3pico de Cochabamba, donde fueron encontrados un rifle, armas artesanales, fulminantes, petardos y dinamita. La Polic\u00eda intercept\u00f3 los dos veh\u00edculos y, durante la requisa, encontr\u00f3 el material que ahora es [&hellip;]","og_url":"https:\/\/www.eldiario.net\/portal\/2026\/08\/18\/juez-ordena-detencion-preventiva-para-cuatro-personas-aprehendidas\/","og_site_name":"El Diario - Bolivia","article_publisher":"https:\/\/www.facebook.com\/eldiario.bolivia\/","article_published_time":"2026-08-18T10:03:50+00:00","og_image":[{"width":400,"height":225,"url":"https:\/\/www.eldiario.net\/portal\/wp-content\/uploads\/2026\/08\/CAMIONES-FOTO.webp","type":"image\/webp"}],"author":"Jeanette","twitter_card":"summary_large_image","twitter_creator":"@eldiario_net","twitter_site":"@eldiario_net","twitter_misc":{"Escrito por":"Jeanette","Tiempo de lectura":"2 minutos"},"schema":{"@context":"https:\/\/schema.org","@graph":[{"@type":"Article","@id":"https:\/\/www.eldiario.net\/portal\/2026\/08\/18\/juez-ordena-detencion-preventiva-para-cuatro-personas-aprehendidas\/#article","isPartOf":{"@id":"https:\/\/www.eldiario.net\/portal\/2026\/08\/18\/juez-ordena-detencion-preventiva-para-cuatro-personas-aprehendidas\/"},"author":{"name":"Jeanette","@id":"https:\/\/www.eldiario.net\/portal\/#\/schema\/person\/f46445640444750d7d753ccd04ae01b7"},"headline":"Juez ordena detenci\u00f3n preventiva para cuatro personas aprehendidas","datePublished":"2026-08-18T10:03:50+00:00","mainEntityOfPage":{"@id":"https:\/\/www.eldiario.net\/portal\/2026\/08\/18\/juez-ordena-detencion-preventiva-para-cuatro-personas-aprehendidas\/"},"wordCount":377,"publisher":{"@id":"https:\/\/www.eldiario.net\/portal\/#organization"},"image":{"@id":"https:\/\/www.eldiario.net\/portal\/2026\/08\/18\/juez-ordena-detencion-preventiva-para-cuatro-personas-aprehendidas\/#primaryimage"},"thumbnailUrl":"https:\/\/www.eldiario.net\/portal\/wp-content\/uploads\/2026\/08\/CAMIONES-FOTO.webp","articleSection":["Sociedad - Seguridad"],"inLanguage":"es"},{"@type":"WebPage","@id":"https:\/\/www.eldiario.net\/portal\/2026\/08\/18\/juez-ordena-detencion-preventiva-para-cuatro-personas-aprehendidas\/","url":"https:\/\/www.eldiario.net\/portal\/2026\/08\/18\/juez-ordena-detencion-preventiva-para-cuatro-personas-aprehendidas\/","name":"Juez ordena detenci\u00f3n preventiva para cuatro personas aprehendidas - El Diario - Bolivia","isPartOf":{"@id":"https:\/\/www.eldiario.net\/portal\/#website"},"primaryImageOfPage":{"@id":"https:\/\/www.eldiario.net\/portal\/2026\/08\/18\/juez-ordena-detencion-preventiva-para-cuatro-personas-aprehendidas\/#primaryimage"},"image":{"@id":"https:\/\/www.eldiario.net\/portal\/2026\/08\/18\/juez-ordena-detencion-preventiva-para-cuatro-personas-aprehendidas\/#primaryimage"},"thumbnailUrl":"https:\/\/www.eldiario.net\/portal\/wp-content\/uploads\/2026\/08\/CAMIONES-FOTO.webp","datePublished":"2026-08-18T10:03:50+00:00","breadcrumb":{"@id":"https:\/\/www.eldiario.net\/portal\/2026\/08\/18\/juez-ordena-detencion-preventiva-para-cuatro-personas-aprehendidas\/#breadcrumb"},"inLanguage":"es","potentialAction":[{"@type":"ReadAction","target":["https:\/\/www.eldiario.net\/portal\/2026\/08\/18\/juez-ordena-detencion-preventiva-para-cuatro-personas-aprehendidas\/"]}]},{"@type":"ImageObject","inLanguage":"es","@id":"https:\/\/www.eldiario.net\/portal\/2026\/08\/18\/juez-ordena-detencion-preventiva-para-cuatro-personas-aprehendidas\/#primaryimage","url":"https:\/\/www.eldiario.net\/portal\/wp-content\/uploads\/2026\/08\/CAMIONES-FOTO.webp","contentUrl":"https:\/\/www.eldiario.net\/portal\/wp-content\/uploads\/2026\/08\/CAMIONES-FOTO.webp","width":400,"height":225,"caption":"Ambos motorizados fueron interceptados por la Polic\u00eda. Cr\u00e9dito de foto: Red Uno"},{"@type":"BreadcrumbList","@id":"https:\/\/www.eldiario.net\/portal\/2026\/08\/18\/juez-ordena-detencion-preventiva-para-cuatro-personas-aprehendidas\/#breadcrumb","itemListElement":[{"@type":"ListItem","position":1,"name":"Portada","item":"https:\/\/www.eldiario.net\/portal\/"},{"@type":"ListItem","position":2,"name":"Juez ordena detenci\u00f3n preventiva para cuatro personas aprehendidas"}]},{"@type":"WebSite","@id":"https:\/\/www.eldiario.net\/portal\/#website","url":"https:\/\/www.eldiario.net\/portal\/","name":"El Diario - Decano de la prensa nacional","description":"El Diario - Decano de la prensa nacional","publisher":{"@id":"https:\/\/www.eldiario.net\/portal\/#organization"},"potentialAction":[{"@type":"SearchAction","target":{"@type":"EntryPoint","urlTemplate":"https:\/\/www.eldiario.net\/portal\/?s={search_term_string}"},"query-input":{"@type":"PropertyValueSpecification","valueRequired":true,"valueName":"search_term_string"}}],"inLanguage":"es"},{"@type":"Organization","@id":"https:\/\/www.eldiario.net\/portal\/#organization","name":"El Diario - Decano de la prensa nacional","url":"https:\/\/www.eldiario.net\/portal\/","logo":{"@type":"ImageObject","inLanguage":"es","@id":"https:\/\/www.eldiario.net\/portal\/#\/schema\/logo\/image\/","url":"https:\/\/www.eldiario.net\/portal\/wp-content\/uploads\/2023\/07\/logo_ED.jpg","contentUrl":"https:\/\/www.eldiario.net\/portal\/wp-content\/uploads\/2023\/07\/logo_ED.jpg","width":272,"height":52,"caption":"El Diario - Decano de la prensa nacional"},"image":{"@id":"https:\/\/www.eldiario.net\/portal\/#\/schema\/logo\/image\/"},"sameAs":["https:\/\/www.facebook.com\/eldiario.bolivia\/","https:\/\/x.com\/eldiario_net"]},{"@type":"Person","@id":"https:\/\/www.eldiario.net\/portal\/#\/schema\/person\/f46445640444750d7d753ccd04ae01b7","name":"Jeanette","image":{"@type":"ImageObject","inLanguage":"es","@id":"https:\/\/secure.gravatar.com\/avatar\/3ea2118a5f7dad2b7138b1187a6b7ee55f160b9968b66013c3a3ef39dd7e5798?s=96&d=mm&r=g","url":"https:\/\/secure.gravatar.com\/avatar\/3ea2118a5f7dad2b7138b1187a6b7ee55f160b9968b66013c3a3ef39dd7e5798?s=96&d=mm&r=g","contentUrl":"https:\/\/secure.gravatar.com\/avatar\/3ea2118a5f7dad2b7138b1187a6b7ee55f160b9968b66013c3a3ef39dd7e5798?s=96&d=mm&r=g","caption":"Jeanette"},"sameAs":["https:\/\/www.eldiario.net\/portal"],"url":"https:\/\/www.eldiario.net\/portal\/author\/jeanette\/"}]}},"_links":{"self":[{"href":"https:\/\/www.eldiario.net\/portal\/wp-json\/wp\/v2\/posts\/422341","targetHints":{"allow":["GET"]}}],"collection":[{"href":"https:\/\/www.eldiario.net\/portal\/wp-json\/wp\/v2\/posts"}],"about":[{"href":"https:\/\/www.eldiario.net\/portal\/wp-json\/wp\/v2\/types\/post"}],"author":[{"embeddable":true,"href":"https:\/\/www.eldiario.net\/portal\/wp-json\/wp\/v2\/users\/1"}],"replies":[{"embeddable":true,"href":"https:\/\/www.eldiario.net\/portal\/wp-json\/wp\/v2\/comments?post=422341"}],"version-history":[{"count":1,"href":"https:\/\/www.eldiario.net\/portal\/wp-json\/wp\/v2\/posts\/422341\/revisions"}],"predecessor-version":[{"id":422343,"href":"https:\/\/www.eldiario.net\/portal\/wp-json\/wp\/v2\/posts\/422341\/revisions\/422343"}],"wp:featuredmedia":[{"embeddable":true,"href":"https:\/\/www.eldiario.net\/portal\/wp-json\/wp\/v2\/media\/422342"}],"wp:attachment":[{"href":"https:\/\/www.eldiario.net\/portal\/wp-json\/wp\/v2\/media?parent=422341"}],"wp:term":[{"taxonomy":"category","embeddable":true,"href":"https:\/\/www.eldiario.net\/portal\/wp-json\/wp\/v2\/categories?post=422341"},{"taxonomy":"post_tag","embeddable":true,"href":"https:\/\/www.eldiario.net\/portal\/wp-json\/wp\/v2\/tags?post=422341"}],"curies":[{"name":"wp","href":"https:\/\/api.w.org\/{rel}","templated":true}]}}