{"id":422338,"date":"2026-08-18T06:03:19","date_gmt":"2026-08-18T10:03:19","guid":{"rendered":"https:\/\/www.eldiario.net\/portal\/?p=422338"},"modified":"2026-08-18T06:03:19","modified_gmt":"2026-08-18T10:03:19","slug":"liberacion-de-lema-expone-cuestionamientos-a-la-justicia-2","status":"publish","type":"post","link":"https:\/\/www.eldiario.net\/portal\/2026\/08\/18\/liberacion-de-lema-expone-cuestionamientos-a-la-justicia-2\/","title":{"rendered":"Liberaci\u00f3n de Lema expone cuestionamientos a la justicia"},"content":{"rendered":"<p>La decisi\u00f3n judicial de otorgar medidas sustitutivas a Adri\u00e1n Lema, el joven de 22 a\u00f1os investigado por el intento de sacar 189 kilos de oro desde el aeropuerto internacional de Viru Viru con destino a Dub\u00e1i, gener\u00f3 cr\u00edticas sobre el manejo de la justicia en procesos de alto impacto econ\u00f3mico, mientras la Fiscal\u00eda Departamental de Santa Cruz apel\u00f3 el fallo y pidi\u00f3 mantener su detenci\u00f3n preventiva.<\/p>\n<p>La determinaci\u00f3n judicial gener\u00f3 cuestionamientos del abogado y exdirector de la Vicepresidencia, Jaime Soliz Phiel, quien durante una transmisi\u00f3n en vivo en sus redes sociales cuestion\u00f3 la actuaci\u00f3n del sistema judicial y sostuvo que el caso refleja un patr\u00f3n de impunidad en procesos de alto impacto econ\u00f3mico.<\/p>\n<p>Soliz sostuvo que la liberaci\u00f3n del joven no constituye un hecho aislado, sino que forma parte de una serie de resoluciones judiciales que, a su juicio, favorecen a personas investigadas en casos vinculados con grandes movimientos de dinero.<\/p>\n<p>\u00abSi antes la justicia estaba dominada por el poder masista, ahora que se le dio independencia de poderes se volvi\u00f3 un terrible asco de lo que hab\u00eda sido. Es una verg\u00fcenza nacional lo que est\u00e1 pasando en este momento en la administraci\u00f3n de justicia\u00bb, afirm\u00f3.<\/p>\n<p>El abogado se\u00f1al\u00f3 que la decisi\u00f3n de otorgar medidas sustitutivas a Lema resulta cuestionable considerando la magnitud del caso, en el que inicialmente se investigaban delitos como legitimaci\u00f3n de ganancias il\u00edcitas, enriquecimiento il\u00edcito y contrabando vinculados a la actividad minera. En ese contexto, asegur\u00f3 que la determinaci\u00f3n judicial \u00abno fue gratis\u00bb y atribuy\u00f3 el fallo a hechos de corrupci\u00f3n.<\/p>\n<p>Para respaldar su posici\u00f3n, Soliz record\u00f3 otros procesos que, seg\u00fan dijo, terminaron con decisiones similares. Entre ellos mencion\u00f3 el caso de la exdiputada Laura Rojas, quien fue investigada tras el ingreso de 32 maletas al pa\u00eds en un vuelo ch\u00e1rter procedente de Estados Unidos. Seg\u00fan afirm\u00f3, la Fiscal\u00eda no logr\u00f3 establecer el contenido ni el destino de ese equipaje durante la investigaci\u00f3n y posteriormente la exlegisladora recuper\u00f3 su libertad.<\/p>\n<p>Tambi\u00e9n hizo referencia al caso de la hermana de Sebasti\u00e1n Marset, quien obtuvo su libertad dentro del proceso que enfrentaba, y al del exministro Mauricio Medinaceli, a quien responsabiliz\u00f3 por la importaci\u00f3n de combustible de mala calidad que, seg\u00fan sostuvo, ocasion\u00f3 da\u00f1os a cientos de veh\u00edculos en el pa\u00eds.<\/p>\n<p>A partir de estos casos, Soliz afirm\u00f3 que existe un trato diferenciado entre las personas investigadas por delitos de gran impacto econ\u00f3mico y quienes enfrentan procesos por hechos comunes. \u00abTodos los casos millonarios salen libres\u00bb, sostuvo, al se\u00f1alar que quienes manejan importantes recursos econ\u00f3micos logran acceder a beneficios judiciales en poco tiempo.<\/p>\n<p>En contraste, asegur\u00f3 que miles de personas permanecen privadas de libertad sin contar con una sentencia ejecutoriada. Seg\u00fan indic\u00f3, la mayor\u00eda de la poblaci\u00f3n carcelaria se encuentra con detenci\u00f3n preventiva por delitos menores o conflictos familiares, situaci\u00f3n que, a su juicio, evidencia un sistema que castiga con mayor dureza a quienes no cuentan con recursos econ\u00f3micos.<\/p>\n<p>Durante su pronunciamiento, Soliz tambi\u00e9n dirigi\u00f3 sus cr\u00edticas a las principales autoridades encargadas de la administraci\u00f3n de justicia y del Ministerio P\u00fablico. Afirm\u00f3 que la corrupci\u00f3n alcanza a diferentes niveles del sistema judicial y cuestion\u00f3 que no existan resultados concretos en la lucha contra estos hechos.<\/p>\n<p>En la parte final de su mensaje, el abogado responsabiliz\u00f3 al Gobierno por no haber impulsado las reformas que, seg\u00fan dijo, eran necesarias para transformar la justicia y la Polic\u00eda. Se\u00f1al\u00f3 que modificar la estructura policial requer\u00eda \u00fanicamente decisiones administrativas y sostuvo que no existi\u00f3 voluntad pol\u00edtica para encarar esos cambios.<\/p>\n<p>Finalmente, advirti\u00f3 que la situaci\u00f3n institucional se agrava por el contexto econ\u00f3mico que atraviesa el pa\u00eds. Mencion\u00f3 la escasez de combustibles que afecta a distintas regiones y el incremento de la cotizaci\u00f3n del d\u00f3lar en el mercado paralelo, factores que, en su criterio, anticipan un escenario a\u00fan m\u00e1s complejo si no se adoptan medidas de fondo para enfrentar tanto la situaci\u00f3n econ\u00f3mica como los problemas de la administraci\u00f3n de justicia.<\/p>\n<p>Por su parte, el fiscal departamental de Santa Cruz, Alberto Zeballos, inform\u00f3 que el Ministerio P\u00fablico impugn\u00f3 la resoluci\u00f3n emitida por la Sala Penal que revoc\u00f3 la detenci\u00f3n preventiva de Lema y le otorg\u00f3 medidas sustitutivas, entre ellas detenci\u00f3n domiciliaria, arraigo, presentaci\u00f3n peri\u00f3dica ante la Fiscal\u00eda y una fianza econ\u00f3mica de Bs 200.000.<\/p>\n<p>La autoridad explic\u00f3 que la comisi\u00f3n de fiscales solicit\u00f3 mantener la detenci\u00f3n preventiva al considerar que era la medida id\u00f3nea para garantizar la presencia f\u00edsica del imputado durante el desarrollo de la investigaci\u00f3n.<\/p>\n<p>Lema permanec\u00eda como el \u00fanico detenido dentro del proceso por el fallido intento de exportaci\u00f3n ilegal de 189 kilos de oro, cargamento que fue interceptado en julio cuando pretend\u00eda ser enviado en un vuelo con destino a Dub\u00e1i. Sin embargo, su abogado defensor confirm\u00f3 que Lema ya se encuentra en su domicilio.<\/p>\n<p>La informaci\u00f3n fue confirmada por el gobernador de Palmasola, Rub\u00e9n Dar\u00edo, quien detall\u00f3 que Lema dej\u00f3 el recinto penitenciario el pasado viernes.<\/p>\n","protected":false},"excerpt":{"rendered":"<p>La decisi\u00f3n judicial de otorgar medidas sustitutivas a Adri\u00e1n Lema, el joven de 22 a\u00f1os investigado por el intento de sacar 189 kilos de oro desde el aeropuerto internacional de Viru Viru con destino a Dub\u00e1i, gener\u00f3 cr\u00edticas sobre el manejo de la justicia en procesos de alto impacto econ\u00f3mico, mientras la Fiscal\u00eda Departamental de [&hellip;]<\/p>\n","protected":false},"author":1,"featured_media":422339,"comment_status":"closed","ping_status":"open","sticky":false,"template":"","format":"standard","meta":{"_acf_changed":false,"footnotes":""},"categories":[39],"tags":[],"class_list":["post-422338","post","type-post","status-publish","format-standard","has-post-thumbnail","category-sociedad"],"acf":{"antetitulo":""},"yoast_head":"<!-- This site is optimized with the Yoast SEO plugin v28.3 - https:\/\/yoast.com\/product\/yoast-seo-wordpress\/ -->\n<title>Liberaci\u00f3n de Lema expone cuestionamientos a la justicia - El Diario - Bolivia<\/title>\n<meta name=\"robots\" content=\"index, follow, max-snippet:-1, max-image-preview:large, max-video-preview:-1\" \/>\n<link rel=\"canonical\" href=\"https:\/\/www.eldiario.net\/portal\/2026\/08\/18\/liberacion-de-lema-expone-cuestionamientos-a-la-justicia-2\/\" \/>\n<meta property=\"og:locale\" content=\"es_ES\" \/>\n<meta property=\"og:type\" content=\"article\" \/>\n<meta property=\"og:title\" content=\"Liberaci\u00f3n de Lema expone cuestionamientos a la justicia - El Diario - Bolivia\" \/>\n<meta property=\"og:description\" content=\"La decisi\u00f3n judicial de otorgar medidas sustitutivas a Adri\u00e1n Lema, el joven de 22 a\u00f1os investigado por el intento de sacar 189 kilos de oro desde el aeropuerto internacional de Viru Viru con destino a Dub\u00e1i, gener\u00f3 cr\u00edticas sobre el manejo de la justicia en procesos de alto impacto econ\u00f3mico, mientras la Fiscal\u00eda Departamental de [&hellip;]\" \/>\n<meta property=\"og:url\" content=\"https:\/\/www.eldiario.net\/portal\/2026\/08\/18\/liberacion-de-lema-expone-cuestionamientos-a-la-justicia-2\/\" \/>\n<meta property=\"og:site_name\" content=\"El Diario - Bolivia\" \/>\n<meta property=\"article:publisher\" content=\"https:\/\/www.facebook.com\/eldiario.bolivia\/\" \/>\n<meta property=\"article:published_time\" content=\"2026-08-18T10:03:19+00:00\" \/>\n<meta property=\"og:image\" content=\"https:\/\/www.eldiario.net\/portal\/wp-content\/uploads\/2026\/08\/CRITICAS-FOTO.webp\" \/>\n\t<meta property=\"og:image:width\" content=\"420\" \/>\n\t<meta property=\"og:image:height\" content=\"280\" \/>\n\t<meta property=\"og:image:type\" content=\"image\/webp\" \/>\n<meta name=\"author\" content=\"Jeanette\" \/>\n<meta name=\"twitter:card\" content=\"summary_large_image\" \/>\n<meta name=\"twitter:creator\" content=\"@eldiario_net\" \/>\n<meta name=\"twitter:site\" content=\"@eldiario_net\" \/>\n<meta name=\"twitter:label1\" content=\"Escrito por\" \/>\n\t<meta name=\"twitter:data1\" content=\"Jeanette\" \/>\n\t<meta name=\"twitter:label2\" content=\"Tiempo de lectura\" \/>\n\t<meta name=\"twitter:data2\" content=\"4 minutos\" \/>\n<script type=\"application\/ld+json\" class=\"yoast-schema-graph\">{\"@context\":\"https:\\\/\\\/schema.org\",\"@graph\":[{\"@type\":\"Article\",\"@id\":\"https:\\\/\\\/www.eldiario.net\\\/portal\\\/2026\\\/08\\\/18\\\/liberacion-de-lema-expone-cuestionamientos-a-la-justicia-2\\\/#article\",\"isPartOf\":{\"@id\":\"https:\\\/\\\/www.eldiario.net\\\/portal\\\/2026\\\/08\\\/18\\\/liberacion-de-lema-expone-cuestionamientos-a-la-justicia-2\\\/\"},\"author\":{\"name\":\"Jeanette\",\"@id\":\"https:\\\/\\\/www.eldiario.net\\\/portal\\\/#\\\/schema\\\/person\\\/f46445640444750d7d753ccd04ae01b7\"},\"headline\":\"Liberaci\u00f3n de Lema expone cuestionamientos a la justicia\",\"datePublished\":\"2026-08-18T10:03:19+00:00\",\"mainEntityOfPage\":{\"@id\":\"https:\\\/\\\/www.eldiario.net\\\/portal\\\/2026\\\/08\\\/18\\\/liberacion-de-lema-expone-cuestionamientos-a-la-justicia-2\\\/\"},\"wordCount\":899,\"publisher\":{\"@id\":\"https:\\\/\\\/www.eldiario.net\\\/portal\\\/#organization\"},\"image\":{\"@id\":\"https:\\\/\\\/www.eldiario.net\\\/portal\\\/2026\\\/08\\\/18\\\/liberacion-de-lema-expone-cuestionamientos-a-la-justicia-2\\\/#primaryimage\"},\"thumbnailUrl\":\"https:\\\/\\\/www.eldiario.net\\\/portal\\\/wp-content\\\/uploads\\\/2026\\\/08\\\/CRITICAS-FOTO.webp\",\"articleSection\":[\"Sociedad - Seguridad\"],\"inLanguage\":\"es\"},{\"@type\":\"WebPage\",\"@id\":\"https:\\\/\\\/www.eldiario.net\\\/portal\\\/2026\\\/08\\\/18\\\/liberacion-de-lema-expone-cuestionamientos-a-la-justicia-2\\\/\",\"url\":\"https:\\\/\\\/www.eldiario.net\\\/portal\\\/2026\\\/08\\\/18\\\/liberacion-de-lema-expone-cuestionamientos-a-la-justicia-2\\\/\",\"name\":\"Liberaci\u00f3n de Lema expone cuestionamientos a la justicia - El Diario - Bolivia\",\"isPartOf\":{\"@id\":\"https:\\\/\\\/www.eldiario.net\\\/portal\\\/#website\"},\"primaryImageOfPage\":{\"@id\":\"https:\\\/\\\/www.eldiario.net\\\/portal\\\/2026\\\/08\\\/18\\\/liberacion-de-lema-expone-cuestionamientos-a-la-justicia-2\\\/#primaryimage\"},\"image\":{\"@id\":\"https:\\\/\\\/www.eldiario.net\\\/portal\\\/2026\\\/08\\\/18\\\/liberacion-de-lema-expone-cuestionamientos-a-la-justicia-2\\\/#primaryimage\"},\"thumbnailUrl\":\"https:\\\/\\\/www.eldiario.net\\\/portal\\\/wp-content\\\/uploads\\\/2026\\\/08\\\/CRITICAS-FOTO.webp\",\"datePublished\":\"2026-08-18T10:03:19+00:00\",\"breadcrumb\":{\"@id\":\"https:\\\/\\\/www.eldiario.net\\\/portal\\\/2026\\\/08\\\/18\\\/liberacion-de-lema-expone-cuestionamientos-a-la-justicia-2\\\/#breadcrumb\"},\"inLanguage\":\"es\",\"potentialAction\":[{\"@type\":\"ReadAction\",\"target\":[\"https:\\\/\\\/www.eldiario.net\\\/portal\\\/2026\\\/08\\\/18\\\/liberacion-de-lema-expone-cuestionamientos-a-la-justicia-2\\\/\"]}]},{\"@type\":\"ImageObject\",\"inLanguage\":\"es\",\"@id\":\"https:\\\/\\\/www.eldiario.net\\\/portal\\\/2026\\\/08\\\/18\\\/liberacion-de-lema-expone-cuestionamientos-a-la-justicia-2\\\/#primaryimage\",\"url\":\"https:\\\/\\\/www.eldiario.net\\\/portal\\\/wp-content\\\/uploads\\\/2026\\\/08\\\/CRITICAS-FOTO.webp\",\"contentUrl\":\"https:\\\/\\\/www.eldiario.net\\\/portal\\\/wp-content\\\/uploads\\\/2026\\\/08\\\/CRITICAS-FOTO.webp\",\"width\":420,\"height\":280,\"caption\":\"Adri\u00e1n Lema fue liberado el pasado viernes por decisi\u00f3n judicial y cumplir\u00e1 detenci\u00f3n domiciliaria. Cr\u00e9dito de foto: RRSS\"},{\"@type\":\"BreadcrumbList\",\"@id\":\"https:\\\/\\\/www.eldiario.net\\\/portal\\\/2026\\\/08\\\/18\\\/liberacion-de-lema-expone-cuestionamientos-a-la-justicia-2\\\/#breadcrumb\",\"itemListElement\":[{\"@type\":\"ListItem\",\"position\":1,\"name\":\"Portada\",\"item\":\"https:\\\/\\\/www.eldiario.net\\\/portal\\\/\"},{\"@type\":\"ListItem\",\"position\":2,\"name\":\"Liberaci\u00f3n de Lema expone cuestionamientos a la justicia\"}]},{\"@type\":\"WebSite\",\"@id\":\"https:\\\/\\\/www.eldiario.net\\\/portal\\\/#website\",\"url\":\"https:\\\/\\\/www.eldiario.net\\\/portal\\\/\",\"name\":\"El Diario - Decano de la prensa nacional\",\"description\":\"El Diario - Decano de la prensa nacional\",\"publisher\":{\"@id\":\"https:\\\/\\\/www.eldiario.net\\\/portal\\\/#organization\"},\"potentialAction\":[{\"@type\":\"SearchAction\",\"target\":{\"@type\":\"EntryPoint\",\"urlTemplate\":\"https:\\\/\\\/www.eldiario.net\\\/portal\\\/?s={search_term_string}\"},\"query-input\":{\"@type\":\"PropertyValueSpecification\",\"valueRequired\":true,\"valueName\":\"search_term_string\"}}],\"inLanguage\":\"es\"},{\"@type\":\"Organization\",\"@id\":\"https:\\\/\\\/www.eldiario.net\\\/portal\\\/#organization\",\"name\":\"El Diario - Decano de la prensa nacional\",\"url\":\"https:\\\/\\\/www.eldiario.net\\\/portal\\\/\",\"logo\":{\"@type\":\"ImageObject\",\"inLanguage\":\"es\",\"@id\":\"https:\\\/\\\/www.eldiario.net\\\/portal\\\/#\\\/schema\\\/logo\\\/image\\\/\",\"url\":\"https:\\\/\\\/www.eldiario.net\\\/portal\\\/wp-content\\\/uploads\\\/2023\\\/07\\\/logo_ED.jpg\",\"contentUrl\":\"https:\\\/\\\/www.eldiario.net\\\/portal\\\/wp-content\\\/uploads\\\/2023\\\/07\\\/logo_ED.jpg\",\"width\":272,\"height\":52,\"caption\":\"El Diario - Decano de la prensa nacional\"},\"image\":{\"@id\":\"https:\\\/\\\/www.eldiario.net\\\/portal\\\/#\\\/schema\\\/logo\\\/image\\\/\"},\"sameAs\":[\"https:\\\/\\\/www.facebook.com\\\/eldiario.bolivia\\\/\",\"https:\\\/\\\/x.com\\\/eldiario_net\"]},{\"@type\":\"Person\",\"@id\":\"https:\\\/\\\/www.eldiario.net\\\/portal\\\/#\\\/schema\\\/person\\\/f46445640444750d7d753ccd04ae01b7\",\"name\":\"Jeanette\",\"image\":{\"@type\":\"ImageObject\",\"inLanguage\":\"es\",\"@id\":\"https:\\\/\\\/secure.gravatar.com\\\/avatar\\\/3ea2118a5f7dad2b7138b1187a6b7ee55f160b9968b66013c3a3ef39dd7e5798?s=96&d=mm&r=g\",\"url\":\"https:\\\/\\\/secure.gravatar.com\\\/avatar\\\/3ea2118a5f7dad2b7138b1187a6b7ee55f160b9968b66013c3a3ef39dd7e5798?s=96&d=mm&r=g\",\"contentUrl\":\"https:\\\/\\\/secure.gravatar.com\\\/avatar\\\/3ea2118a5f7dad2b7138b1187a6b7ee55f160b9968b66013c3a3ef39dd7e5798?s=96&d=mm&r=g\",\"caption\":\"Jeanette\"},\"sameAs\":[\"https:\\\/\\\/www.eldiario.net\\\/portal\"],\"url\":\"https:\\\/\\\/www.eldiario.net\\\/portal\\\/author\\\/jeanette\\\/\"}]}<\/script>\n<!-- \/ Yoast SEO plugin. -->","yoast_head_json":{"title":"Liberaci\u00f3n de Lema expone cuestionamientos a la justicia - El Diario - Bolivia","robots":{"index":"index","follow":"follow","max-snippet":"max-snippet:-1","max-image-preview":"max-image-preview:large","max-video-preview":"max-video-preview:-1"},"canonical":"https:\/\/www.eldiario.net\/portal\/2026\/08\/18\/liberacion-de-lema-expone-cuestionamientos-a-la-justicia-2\/","og_locale":"es_ES","og_type":"article","og_title":"Liberaci\u00f3n de Lema expone cuestionamientos a la justicia - El Diario - Bolivia","og_description":"La decisi\u00f3n judicial de otorgar medidas sustitutivas a Adri\u00e1n Lema, el joven de 22 a\u00f1os investigado por el intento de sacar 189 kilos de oro desde el aeropuerto internacional de Viru Viru con destino a Dub\u00e1i, gener\u00f3 cr\u00edticas sobre el manejo de la justicia en procesos de alto impacto econ\u00f3mico, mientras la Fiscal\u00eda Departamental de [&hellip;]","og_url":"https:\/\/www.eldiario.net\/portal\/2026\/08\/18\/liberacion-de-lema-expone-cuestionamientos-a-la-justicia-2\/","og_site_name":"El Diario - Bolivia","article_publisher":"https:\/\/www.facebook.com\/eldiario.bolivia\/","article_published_time":"2026-08-18T10:03:19+00:00","og_image":[{"width":420,"height":280,"url":"https:\/\/www.eldiario.net\/portal\/wp-content\/uploads\/2026\/08\/CRITICAS-FOTO.webp","type":"image\/webp"}],"author":"Jeanette","twitter_card":"summary_large_image","twitter_creator":"@eldiario_net","twitter_site":"@eldiario_net","twitter_misc":{"Escrito por":"Jeanette","Tiempo de lectura":"4 minutos"},"schema":{"@context":"https:\/\/schema.org","@graph":[{"@type":"Article","@id":"https:\/\/www.eldiario.net\/portal\/2026\/08\/18\/liberacion-de-lema-expone-cuestionamientos-a-la-justicia-2\/#article","isPartOf":{"@id":"https:\/\/www.eldiario.net\/portal\/2026\/08\/18\/liberacion-de-lema-expone-cuestionamientos-a-la-justicia-2\/"},"author":{"name":"Jeanette","@id":"https:\/\/www.eldiario.net\/portal\/#\/schema\/person\/f46445640444750d7d753ccd04ae01b7"},"headline":"Liberaci\u00f3n de Lema expone cuestionamientos a la justicia","datePublished":"2026-08-18T10:03:19+00:00","mainEntityOfPage":{"@id":"https:\/\/www.eldiario.net\/portal\/2026\/08\/18\/liberacion-de-lema-expone-cuestionamientos-a-la-justicia-2\/"},"wordCount":899,"publisher":{"@id":"https:\/\/www.eldiario.net\/portal\/#organization"},"image":{"@id":"https:\/\/www.eldiario.net\/portal\/2026\/08\/18\/liberacion-de-lema-expone-cuestionamientos-a-la-justicia-2\/#primaryimage"},"thumbnailUrl":"https:\/\/www.eldiario.net\/portal\/wp-content\/uploads\/2026\/08\/CRITICAS-FOTO.webp","articleSection":["Sociedad - Seguridad"],"inLanguage":"es"},{"@type":"WebPage","@id":"https:\/\/www.eldiario.net\/portal\/2026\/08\/18\/liberacion-de-lema-expone-cuestionamientos-a-la-justicia-2\/","url":"https:\/\/www.eldiario.net\/portal\/2026\/08\/18\/liberacion-de-lema-expone-cuestionamientos-a-la-justicia-2\/","name":"Liberaci\u00f3n de Lema expone cuestionamientos a la justicia - El Diario - Bolivia","isPartOf":{"@id":"https:\/\/www.eldiario.net\/portal\/#website"},"primaryImageOfPage":{"@id":"https:\/\/www.eldiario.net\/portal\/2026\/08\/18\/liberacion-de-lema-expone-cuestionamientos-a-la-justicia-2\/#primaryimage"},"image":{"@id":"https:\/\/www.eldiario.net\/portal\/2026\/08\/18\/liberacion-de-lema-expone-cuestionamientos-a-la-justicia-2\/#primaryimage"},"thumbnailUrl":"https:\/\/www.eldiario.net\/portal\/wp-content\/uploads\/2026\/08\/CRITICAS-FOTO.webp","datePublished":"2026-08-18T10:03:19+00:00","breadcrumb":{"@id":"https:\/\/www.eldiario.net\/portal\/2026\/08\/18\/liberacion-de-lema-expone-cuestionamientos-a-la-justicia-2\/#breadcrumb"},"inLanguage":"es","potentialAction":[{"@type":"ReadAction","target":["https:\/\/www.eldiario.net\/portal\/2026\/08\/18\/liberacion-de-lema-expone-cuestionamientos-a-la-justicia-2\/"]}]},{"@type":"ImageObject","inLanguage":"es","@id":"https:\/\/www.eldiario.net\/portal\/2026\/08\/18\/liberacion-de-lema-expone-cuestionamientos-a-la-justicia-2\/#primaryimage","url":"https:\/\/www.eldiario.net\/portal\/wp-content\/uploads\/2026\/08\/CRITICAS-FOTO.webp","contentUrl":"https:\/\/www.eldiario.net\/portal\/wp-content\/uploads\/2026\/08\/CRITICAS-FOTO.webp","width":420,"height":280,"caption":"Adri\u00e1n Lema fue liberado el pasado viernes por decisi\u00f3n judicial y cumplir\u00e1 detenci\u00f3n domiciliaria. Cr\u00e9dito de foto: RRSS"},{"@type":"BreadcrumbList","@id":"https:\/\/www.eldiario.net\/portal\/2026\/08\/18\/liberacion-de-lema-expone-cuestionamientos-a-la-justicia-2\/#breadcrumb","itemListElement":[{"@type":"ListItem","position":1,"name":"Portada","item":"https:\/\/www.eldiario.net\/portal\/"},{"@type":"ListItem","position":2,"name":"Liberaci\u00f3n de Lema expone cuestionamientos a la justicia"}]},{"@type":"WebSite","@id":"https:\/\/www.eldiario.net\/portal\/#website","url":"https:\/\/www.eldiario.net\/portal\/","name":"El Diario - Decano de la prensa nacional","description":"El Diario - Decano de la prensa nacional","publisher":{"@id":"https:\/\/www.eldiario.net\/portal\/#organization"},"potentialAction":[{"@type":"SearchAction","target":{"@type":"EntryPoint","urlTemplate":"https:\/\/www.eldiario.net\/portal\/?s={search_term_string}"},"query-input":{"@type":"PropertyValueSpecification","valueRequired":true,"valueName":"search_term_string"}}],"inLanguage":"es"},{"@type":"Organization","@id":"https:\/\/www.eldiario.net\/portal\/#organization","name":"El Diario - Decano de la prensa nacional","url":"https:\/\/www.eldiario.net\/portal\/","logo":{"@type":"ImageObject","inLanguage":"es","@id":"https:\/\/www.eldiario.net\/portal\/#\/schema\/logo\/image\/","url":"https:\/\/www.eldiario.net\/portal\/wp-content\/uploads\/2023\/07\/logo_ED.jpg","contentUrl":"https:\/\/www.eldiario.net\/portal\/wp-content\/uploads\/2023\/07\/logo_ED.jpg","width":272,"height":52,"caption":"El Diario - Decano de la prensa nacional"},"image":{"@id":"https:\/\/www.eldiario.net\/portal\/#\/schema\/logo\/image\/"},"sameAs":["https:\/\/www.facebook.com\/eldiario.bolivia\/","https:\/\/x.com\/eldiario_net"]},{"@type":"Person","@id":"https:\/\/www.eldiario.net\/portal\/#\/schema\/person\/f46445640444750d7d753ccd04ae01b7","name":"Jeanette","image":{"@type":"ImageObject","inLanguage":"es","@id":"https:\/\/secure.gravatar.com\/avatar\/3ea2118a5f7dad2b7138b1187a6b7ee55f160b9968b66013c3a3ef39dd7e5798?s=96&d=mm&r=g","url":"https:\/\/secure.gravatar.com\/avatar\/3ea2118a5f7dad2b7138b1187a6b7ee55f160b9968b66013c3a3ef39dd7e5798?s=96&d=mm&r=g","contentUrl":"https:\/\/secure.gravatar.com\/avatar\/3ea2118a5f7dad2b7138b1187a6b7ee55f160b9968b66013c3a3ef39dd7e5798?s=96&d=mm&r=g","caption":"Jeanette"},"sameAs":["https:\/\/www.eldiario.net\/portal"],"url":"https:\/\/www.eldiario.net\/portal\/author\/jeanette\/"}]}},"_links":{"self":[{"href":"https:\/\/www.eldiario.net\/portal\/wp-json\/wp\/v2\/posts\/422338","targetHints":{"allow":["GET"]}}],"collection":[{"href":"https:\/\/www.eldiario.net\/portal\/wp-json\/wp\/v2\/posts"}],"about":[{"href":"https:\/\/www.eldiario.net\/portal\/wp-json\/wp\/v2\/types\/post"}],"author":[{"embeddable":true,"href":"https:\/\/www.eldiario.net\/portal\/wp-json\/wp\/v2\/users\/1"}],"replies":[{"embeddable":true,"href":"https:\/\/www.eldiario.net\/portal\/wp-json\/wp\/v2\/comments?post=422338"}],"version-history":[{"count":1,"href":"https:\/\/www.eldiario.net\/portal\/wp-json\/wp\/v2\/posts\/422338\/revisions"}],"predecessor-version":[{"id":422340,"href":"https:\/\/www.eldiario.net\/portal\/wp-json\/wp\/v2\/posts\/422338\/revisions\/422340"}],"wp:featuredmedia":[{"embeddable":true,"href":"https:\/\/www.eldiario.net\/portal\/wp-json\/wp\/v2\/media\/422339"}],"wp:attachment":[{"href":"https:\/\/www.eldiario.net\/portal\/wp-json\/wp\/v2\/media?parent=422338"}],"wp:term":[{"taxonomy":"category","embeddable":true,"href":"https:\/\/www.eldiario.net\/portal\/wp-json\/wp\/v2\/categories?post=422338"},{"taxonomy":"post_tag","embeddable":true,"href":"https:\/\/www.eldiario.net\/portal\/wp-json\/wp\/v2\/tags?post=422338"}],"curies":[{"name":"wp","href":"https:\/\/api.w.org\/{rel}","templated":true}]}}