{"id":422335,"date":"2026-08-18T06:02:49","date_gmt":"2026-08-18T10:02:49","guid":{"rendered":"https:\/\/www.eldiario.net\/portal\/?p=422335"},"modified":"2026-08-18T06:02:49","modified_gmt":"2026-08-18T10:02:49","slug":"capturan-a-ladron-dentro-de-una-joyeria-en-los-pozos-2","status":"publish","type":"post","link":"https:\/\/www.eldiario.net\/portal\/2026\/08\/18\/capturan-a-ladron-dentro-de-una-joyeria-en-los-pozos-2\/","title":{"rendered":"Capturan a ladr\u00f3n dentro  de una joyer\u00eda en Los Pozos"},"content":{"rendered":"<p>Un hombre fue capturado la madrugada de ayer al interior de una joyer\u00eda ubicada en la zona de Los Pozos, en el centro cruce\u00f1o, luego de forzar el candado de una puerta para ingresar a robar. Las c\u00e1maras de seguridad alertaron a los propietarios, quienes llegaron al lugar y lograron reducirlo.<\/p>\n<p>El hecho se produjo durante la madrugada, cuando el sistema de vigilancia del establecimiento registr\u00f3 movimientos en el interior del negocio. Al revisar las im\u00e1genes, los propietarios advirtieron la presencia de un desconocido que se desplazaba entre los espacios donde se encontraban las joyas y otros art\u00edculos de valor.<\/p>\n<p>La alerta permiti\u00f3 que los due\u00f1os acudieran r\u00e1pidamente al lugar. Al llegar, encontraron al sospechoso todav\u00eda dentro de la joyer\u00eda y consiguieron retenerlo hasta la llegada de los efectivos policiales, que posteriormente lo trasladaron a dependencias de la Fuerza Especial de Lucha Contra el Crimen (Felcc).<\/p>\n<p>Durante las primeras actuaciones, los investigadores verificaron que uno de los accesos hab\u00eda sido violentado. Los da\u00f1os en los candados y la puerta hacen presumir que el sujeto utiliz\u00f3 la fuerza para ingresar al establecimiento mientras permanec\u00eda cerrado. La Polic\u00eda inici\u00f3 las pesquisas para establecer qu\u00e9 pretend\u00eda sustraer y si lleg\u00f3 a apoderarse de alg\u00fan objeto.<\/p>\n<p>Uno de los elementos centrales de la investigaci\u00f3n ser\u00e1 el an\u00e1lisis de las grabaciones de las c\u00e1maras de seguridad. Los investigadores buscan establecer el recorrido que realiz\u00f3 el sospechoso dentro del negocio, conocer c\u00f3mo lleg\u00f3 hasta el lugar y determinar si cont\u00f3 con apoyo de otras personas que pudieron permanecer en los alrededores.<\/p>\n<p>El caso se registra en un momento de preocupaci\u00f3n para los comerciantes de este sector del centro de Santa Cruz. Durante los \u00faltimos d\u00edas, otras joyer\u00edas de inmediaciones del antiguo mercado Los Pozos tambi\u00e9n fueron afectadas por hechos delictivos. En uno de los casos conocidos, los autores habr\u00edan accedido al establecimiento mediante un boquete realizado en el techo y se llevaron joyas cuyo valor todav\u00eda no fue precisado.<\/p>\n<p>Por la cercan\u00eda entre los hechos y el tipo de negocios afectados, los investigadores no descartan establecer alg\u00fan v\u00ednculo entre estos casos. El trabajo de la Felcc estar\u00e1 orientado a determinar si se trata de hechos aislados, si existe un mismo grupo detr\u00e1s de los robos o si participaron personas diferentes.<\/p>\n<p>Mientras avanzan las investigaciones, los propietarios de las joyer\u00edas de la zona permanecen en alerta debido a que sus negocios manejan mercanc\u00eda de elevado valor y permanecen cerrados durante la madrugada, periodo en el que se produjeron algunos de los \u00faltimos incidentes.<\/p>\n<p>La Polic\u00eda espera obtener mayores elementos a partir de las im\u00e1genes de vigilancia y de las pericias realizadas en el lugar para determinar la responsabilidad del detenido y establecer si existen otros implicados. (Con informaci\u00f3n de Unitel y Red Uno)<\/p>\n","protected":false},"excerpt":{"rendered":"<p>Un hombre fue capturado la madrugada de ayer al interior de una joyer\u00eda ubicada en la zona de Los Pozos, en el centro cruce\u00f1o, luego de forzar el candado de una puerta para ingresar a robar. Las c\u00e1maras de seguridad alertaron a los propietarios, quienes llegaron al lugar y lograron reducirlo. El hecho se produjo [&hellip;]<\/p>\n","protected":false},"author":1,"featured_media":422336,"comment_status":"closed","ping_status":"open","sticky":false,"template":"","format":"standard","meta":{"_acf_changed":false,"footnotes":""},"categories":[39],"tags":[],"class_list":["post-422335","post","type-post","status-publish","format-standard","has-post-thumbnail","category-sociedad"],"acf":{"antetitulo":""},"yoast_head":"<!-- This site is optimized with the Yoast SEO plugin v28.3 - https:\/\/yoast.com\/product\/yoast-seo-wordpress\/ -->\n<title>Capturan a ladr\u00f3n dentro de una joyer\u00eda en Los Pozos - El Diario - Bolivia<\/title>\n<meta name=\"robots\" content=\"index, follow, max-snippet:-1, max-image-preview:large, max-video-preview:-1\" \/>\n<link rel=\"canonical\" href=\"https:\/\/www.eldiario.net\/portal\/2026\/08\/18\/capturan-a-ladron-dentro-de-una-joyeria-en-los-pozos-2\/\" \/>\n<meta property=\"og:locale\" content=\"es_ES\" \/>\n<meta property=\"og:type\" content=\"article\" \/>\n<meta property=\"og:title\" content=\"Capturan a ladr\u00f3n dentro de una joyer\u00eda en Los Pozos - El Diario - Bolivia\" \/>\n<meta property=\"og:description\" content=\"Un hombre fue capturado la madrugada de ayer al interior de una joyer\u00eda ubicada en la zona de Los Pozos, en el centro cruce\u00f1o, luego de forzar el candado de una puerta para ingresar a robar. Las c\u00e1maras de seguridad alertaron a los propietarios, quienes llegaron al lugar y lograron reducirlo. El hecho se produjo [&hellip;]\" \/>\n<meta property=\"og:url\" content=\"https:\/\/www.eldiario.net\/portal\/2026\/08\/18\/capturan-a-ladron-dentro-de-una-joyeria-en-los-pozos-2\/\" \/>\n<meta property=\"og:site_name\" content=\"El Diario - Bolivia\" \/>\n<meta property=\"article:publisher\" content=\"https:\/\/www.facebook.com\/eldiario.bolivia\/\" \/>\n<meta property=\"article:published_time\" content=\"2026-08-18T10:02:49+00:00\" \/>\n<meta property=\"og:image\" content=\"https:\/\/www.eldiario.net\/portal\/wp-content\/uploads\/2026\/08\/ROBO-FOTO.webp\" \/>\n\t<meta property=\"og:image:width\" content=\"732\" \/>\n\t<meta property=\"og:image:height\" content=\"600\" \/>\n\t<meta property=\"og:image:type\" content=\"image\/webp\" \/>\n<meta name=\"author\" content=\"Jeanette\" \/>\n<meta name=\"twitter:card\" content=\"summary_large_image\" \/>\n<meta name=\"twitter:creator\" content=\"@eldiario_net\" \/>\n<meta name=\"twitter:site\" content=\"@eldiario_net\" \/>\n<meta name=\"twitter:label1\" content=\"Escrito por\" \/>\n\t<meta name=\"twitter:data1\" content=\"Jeanette\" \/>\n\t<meta name=\"twitter:label2\" content=\"Tiempo de lectura\" \/>\n\t<meta name=\"twitter:data2\" content=\"3 minutos\" \/>\n<script type=\"application\/ld+json\" class=\"yoast-schema-graph\">{\"@context\":\"https:\\\/\\\/schema.org\",\"@graph\":[{\"@type\":\"Article\",\"@id\":\"https:\\\/\\\/www.eldiario.net\\\/portal\\\/2026\\\/08\\\/18\\\/capturan-a-ladron-dentro-de-una-joyeria-en-los-pozos-2\\\/#article\",\"isPartOf\":{\"@id\":\"https:\\\/\\\/www.eldiario.net\\\/portal\\\/2026\\\/08\\\/18\\\/capturan-a-ladron-dentro-de-una-joyeria-en-los-pozos-2\\\/\"},\"author\":{\"name\":\"Jeanette\",\"@id\":\"https:\\\/\\\/www.eldiario.net\\\/portal\\\/#\\\/schema\\\/person\\\/f46445640444750d7d753ccd04ae01b7\"},\"headline\":\"Capturan a ladr\u00f3n dentro de una joyer\u00eda en Los Pozos\",\"datePublished\":\"2026-08-18T10:02:49+00:00\",\"mainEntityOfPage\":{\"@id\":\"https:\\\/\\\/www.eldiario.net\\\/portal\\\/2026\\\/08\\\/18\\\/capturan-a-ladron-dentro-de-una-joyeria-en-los-pozos-2\\\/\"},\"wordCount\":502,\"publisher\":{\"@id\":\"https:\\\/\\\/www.eldiario.net\\\/portal\\\/#organization\"},\"image\":{\"@id\":\"https:\\\/\\\/www.eldiario.net\\\/portal\\\/2026\\\/08\\\/18\\\/capturan-a-ladron-dentro-de-una-joyeria-en-los-pozos-2\\\/#primaryimage\"},\"thumbnailUrl\":\"https:\\\/\\\/www.eldiario.net\\\/portal\\\/wp-content\\\/uploads\\\/2026\\\/08\\\/ROBO-FOTO.webp\",\"articleSection\":[\"Sociedad - Seguridad\"],\"inLanguage\":\"es\"},{\"@type\":\"WebPage\",\"@id\":\"https:\\\/\\\/www.eldiario.net\\\/portal\\\/2026\\\/08\\\/18\\\/capturan-a-ladron-dentro-de-una-joyeria-en-los-pozos-2\\\/\",\"url\":\"https:\\\/\\\/www.eldiario.net\\\/portal\\\/2026\\\/08\\\/18\\\/capturan-a-ladron-dentro-de-una-joyeria-en-los-pozos-2\\\/\",\"name\":\"Capturan a ladr\u00f3n dentro de una joyer\u00eda en Los Pozos - El Diario - Bolivia\",\"isPartOf\":{\"@id\":\"https:\\\/\\\/www.eldiario.net\\\/portal\\\/#website\"},\"primaryImageOfPage\":{\"@id\":\"https:\\\/\\\/www.eldiario.net\\\/portal\\\/2026\\\/08\\\/18\\\/capturan-a-ladron-dentro-de-una-joyeria-en-los-pozos-2\\\/#primaryimage\"},\"image\":{\"@id\":\"https:\\\/\\\/www.eldiario.net\\\/portal\\\/2026\\\/08\\\/18\\\/capturan-a-ladron-dentro-de-una-joyeria-en-los-pozos-2\\\/#primaryimage\"},\"thumbnailUrl\":\"https:\\\/\\\/www.eldiario.net\\\/portal\\\/wp-content\\\/uploads\\\/2026\\\/08\\\/ROBO-FOTO.webp\",\"datePublished\":\"2026-08-18T10:02:49+00:00\",\"breadcrumb\":{\"@id\":\"https:\\\/\\\/www.eldiario.net\\\/portal\\\/2026\\\/08\\\/18\\\/capturan-a-ladron-dentro-de-una-joyeria-en-los-pozos-2\\\/#breadcrumb\"},\"inLanguage\":\"es\",\"potentialAction\":[{\"@type\":\"ReadAction\",\"target\":[\"https:\\\/\\\/www.eldiario.net\\\/portal\\\/2026\\\/08\\\/18\\\/capturan-a-ladron-dentro-de-una-joyeria-en-los-pozos-2\\\/\"]}]},{\"@type\":\"ImageObject\",\"inLanguage\":\"es\",\"@id\":\"https:\\\/\\\/www.eldiario.net\\\/portal\\\/2026\\\/08\\\/18\\\/capturan-a-ladron-dentro-de-una-joyeria-en-los-pozos-2\\\/#primaryimage\",\"url\":\"https:\\\/\\\/www.eldiario.net\\\/portal\\\/wp-content\\\/uploads\\\/2026\\\/08\\\/ROBO-FOTO.webp\",\"contentUrl\":\"https:\\\/\\\/www.eldiario.net\\\/portal\\\/wp-content\\\/uploads\\\/2026\\\/08\\\/ROBO-FOTO.webp\",\"width\":732,\"height\":600,\"caption\":\"El hombre fue reducido tras ser sorprendido al interior de la joyer\u00eda. Cr\u00e9dito de foto: Red Uno\"},{\"@type\":\"BreadcrumbList\",\"@id\":\"https:\\\/\\\/www.eldiario.net\\\/portal\\\/2026\\\/08\\\/18\\\/capturan-a-ladron-dentro-de-una-joyeria-en-los-pozos-2\\\/#breadcrumb\",\"itemListElement\":[{\"@type\":\"ListItem\",\"position\":1,\"name\":\"Portada\",\"item\":\"https:\\\/\\\/www.eldiario.net\\\/portal\\\/\"},{\"@type\":\"ListItem\",\"position\":2,\"name\":\"Capturan a ladr\u00f3n dentro de una joyer\u00eda en Los Pozos\"}]},{\"@type\":\"WebSite\",\"@id\":\"https:\\\/\\\/www.eldiario.net\\\/portal\\\/#website\",\"url\":\"https:\\\/\\\/www.eldiario.net\\\/portal\\\/\",\"name\":\"El Diario - Decano de la prensa nacional\",\"description\":\"El Diario - Decano de la prensa nacional\",\"publisher\":{\"@id\":\"https:\\\/\\\/www.eldiario.net\\\/portal\\\/#organization\"},\"potentialAction\":[{\"@type\":\"SearchAction\",\"target\":{\"@type\":\"EntryPoint\",\"urlTemplate\":\"https:\\\/\\\/www.eldiario.net\\\/portal\\\/?s={search_term_string}\"},\"query-input\":{\"@type\":\"PropertyValueSpecification\",\"valueRequired\":true,\"valueName\":\"search_term_string\"}}],\"inLanguage\":\"es\"},{\"@type\":\"Organization\",\"@id\":\"https:\\\/\\\/www.eldiario.net\\\/portal\\\/#organization\",\"name\":\"El Diario - Decano de la prensa nacional\",\"url\":\"https:\\\/\\\/www.eldiario.net\\\/portal\\\/\",\"logo\":{\"@type\":\"ImageObject\",\"inLanguage\":\"es\",\"@id\":\"https:\\\/\\\/www.eldiario.net\\\/portal\\\/#\\\/schema\\\/logo\\\/image\\\/\",\"url\":\"https:\\\/\\\/www.eldiario.net\\\/portal\\\/wp-content\\\/uploads\\\/2023\\\/07\\\/logo_ED.jpg\",\"contentUrl\":\"https:\\\/\\\/www.eldiario.net\\\/portal\\\/wp-content\\\/uploads\\\/2023\\\/07\\\/logo_ED.jpg\",\"width\":272,\"height\":52,\"caption\":\"El Diario - Decano de la prensa nacional\"},\"image\":{\"@id\":\"https:\\\/\\\/www.eldiario.net\\\/portal\\\/#\\\/schema\\\/logo\\\/image\\\/\"},\"sameAs\":[\"https:\\\/\\\/www.facebook.com\\\/eldiario.bolivia\\\/\",\"https:\\\/\\\/x.com\\\/eldiario_net\"]},{\"@type\":\"Person\",\"@id\":\"https:\\\/\\\/www.eldiario.net\\\/portal\\\/#\\\/schema\\\/person\\\/f46445640444750d7d753ccd04ae01b7\",\"name\":\"Jeanette\",\"image\":{\"@type\":\"ImageObject\",\"inLanguage\":\"es\",\"@id\":\"https:\\\/\\\/secure.gravatar.com\\\/avatar\\\/3ea2118a5f7dad2b7138b1187a6b7ee55f160b9968b66013c3a3ef39dd7e5798?s=96&d=mm&r=g\",\"url\":\"https:\\\/\\\/secure.gravatar.com\\\/avatar\\\/3ea2118a5f7dad2b7138b1187a6b7ee55f160b9968b66013c3a3ef39dd7e5798?s=96&d=mm&r=g\",\"contentUrl\":\"https:\\\/\\\/secure.gravatar.com\\\/avatar\\\/3ea2118a5f7dad2b7138b1187a6b7ee55f160b9968b66013c3a3ef39dd7e5798?s=96&d=mm&r=g\",\"caption\":\"Jeanette\"},\"sameAs\":[\"https:\\\/\\\/www.eldiario.net\\\/portal\"],\"url\":\"https:\\\/\\\/www.eldiario.net\\\/portal\\\/author\\\/jeanette\\\/\"}]}<\/script>\n<!-- \/ Yoast SEO plugin. -->","yoast_head_json":{"title":"Capturan a ladr\u00f3n dentro de una joyer\u00eda en Los Pozos - El Diario - Bolivia","robots":{"index":"index","follow":"follow","max-snippet":"max-snippet:-1","max-image-preview":"max-image-preview:large","max-video-preview":"max-video-preview:-1"},"canonical":"https:\/\/www.eldiario.net\/portal\/2026\/08\/18\/capturan-a-ladron-dentro-de-una-joyeria-en-los-pozos-2\/","og_locale":"es_ES","og_type":"article","og_title":"Capturan a ladr\u00f3n dentro de una joyer\u00eda en Los Pozos - El Diario - Bolivia","og_description":"Un hombre fue capturado la madrugada de ayer al interior de una joyer\u00eda ubicada en la zona de Los Pozos, en el centro cruce\u00f1o, luego de forzar el candado de una puerta para ingresar a robar. Las c\u00e1maras de seguridad alertaron a los propietarios, quienes llegaron al lugar y lograron reducirlo. El hecho se produjo [&hellip;]","og_url":"https:\/\/www.eldiario.net\/portal\/2026\/08\/18\/capturan-a-ladron-dentro-de-una-joyeria-en-los-pozos-2\/","og_site_name":"El Diario - Bolivia","article_publisher":"https:\/\/www.facebook.com\/eldiario.bolivia\/","article_published_time":"2026-08-18T10:02:49+00:00","og_image":[{"width":732,"height":600,"url":"https:\/\/www.eldiario.net\/portal\/wp-content\/uploads\/2026\/08\/ROBO-FOTO.webp","type":"image\/webp"}],"author":"Jeanette","twitter_card":"summary_large_image","twitter_creator":"@eldiario_net","twitter_site":"@eldiario_net","twitter_misc":{"Escrito por":"Jeanette","Tiempo de lectura":"3 minutos"},"schema":{"@context":"https:\/\/schema.org","@graph":[{"@type":"Article","@id":"https:\/\/www.eldiario.net\/portal\/2026\/08\/18\/capturan-a-ladron-dentro-de-una-joyeria-en-los-pozos-2\/#article","isPartOf":{"@id":"https:\/\/www.eldiario.net\/portal\/2026\/08\/18\/capturan-a-ladron-dentro-de-una-joyeria-en-los-pozos-2\/"},"author":{"name":"Jeanette","@id":"https:\/\/www.eldiario.net\/portal\/#\/schema\/person\/f46445640444750d7d753ccd04ae01b7"},"headline":"Capturan a ladr\u00f3n dentro de una joyer\u00eda en Los Pozos","datePublished":"2026-08-18T10:02:49+00:00","mainEntityOfPage":{"@id":"https:\/\/www.eldiario.net\/portal\/2026\/08\/18\/capturan-a-ladron-dentro-de-una-joyeria-en-los-pozos-2\/"},"wordCount":502,"publisher":{"@id":"https:\/\/www.eldiario.net\/portal\/#organization"},"image":{"@id":"https:\/\/www.eldiario.net\/portal\/2026\/08\/18\/capturan-a-ladron-dentro-de-una-joyeria-en-los-pozos-2\/#primaryimage"},"thumbnailUrl":"https:\/\/www.eldiario.net\/portal\/wp-content\/uploads\/2026\/08\/ROBO-FOTO.webp","articleSection":["Sociedad - Seguridad"],"inLanguage":"es"},{"@type":"WebPage","@id":"https:\/\/www.eldiario.net\/portal\/2026\/08\/18\/capturan-a-ladron-dentro-de-una-joyeria-en-los-pozos-2\/","url":"https:\/\/www.eldiario.net\/portal\/2026\/08\/18\/capturan-a-ladron-dentro-de-una-joyeria-en-los-pozos-2\/","name":"Capturan a ladr\u00f3n dentro de una joyer\u00eda en Los Pozos - El Diario - Bolivia","isPartOf":{"@id":"https:\/\/www.eldiario.net\/portal\/#website"},"primaryImageOfPage":{"@id":"https:\/\/www.eldiario.net\/portal\/2026\/08\/18\/capturan-a-ladron-dentro-de-una-joyeria-en-los-pozos-2\/#primaryimage"},"image":{"@id":"https:\/\/www.eldiario.net\/portal\/2026\/08\/18\/capturan-a-ladron-dentro-de-una-joyeria-en-los-pozos-2\/#primaryimage"},"thumbnailUrl":"https:\/\/www.eldiario.net\/portal\/wp-content\/uploads\/2026\/08\/ROBO-FOTO.webp","datePublished":"2026-08-18T10:02:49+00:00","breadcrumb":{"@id":"https:\/\/www.eldiario.net\/portal\/2026\/08\/18\/capturan-a-ladron-dentro-de-una-joyeria-en-los-pozos-2\/#breadcrumb"},"inLanguage":"es","potentialAction":[{"@type":"ReadAction","target":["https:\/\/www.eldiario.net\/portal\/2026\/08\/18\/capturan-a-ladron-dentro-de-una-joyeria-en-los-pozos-2\/"]}]},{"@type":"ImageObject","inLanguage":"es","@id":"https:\/\/www.eldiario.net\/portal\/2026\/08\/18\/capturan-a-ladron-dentro-de-una-joyeria-en-los-pozos-2\/#primaryimage","url":"https:\/\/www.eldiario.net\/portal\/wp-content\/uploads\/2026\/08\/ROBO-FOTO.webp","contentUrl":"https:\/\/www.eldiario.net\/portal\/wp-content\/uploads\/2026\/08\/ROBO-FOTO.webp","width":732,"height":600,"caption":"El hombre fue reducido tras ser sorprendido al interior de la joyer\u00eda. Cr\u00e9dito de foto: Red Uno"},{"@type":"BreadcrumbList","@id":"https:\/\/www.eldiario.net\/portal\/2026\/08\/18\/capturan-a-ladron-dentro-de-una-joyeria-en-los-pozos-2\/#breadcrumb","itemListElement":[{"@type":"ListItem","position":1,"name":"Portada","item":"https:\/\/www.eldiario.net\/portal\/"},{"@type":"ListItem","position":2,"name":"Capturan a ladr\u00f3n dentro de una joyer\u00eda en Los Pozos"}]},{"@type":"WebSite","@id":"https:\/\/www.eldiario.net\/portal\/#website","url":"https:\/\/www.eldiario.net\/portal\/","name":"El Diario - Decano de la prensa nacional","description":"El Diario - Decano de la prensa nacional","publisher":{"@id":"https:\/\/www.eldiario.net\/portal\/#organization"},"potentialAction":[{"@type":"SearchAction","target":{"@type":"EntryPoint","urlTemplate":"https:\/\/www.eldiario.net\/portal\/?s={search_term_string}"},"query-input":{"@type":"PropertyValueSpecification","valueRequired":true,"valueName":"search_term_string"}}],"inLanguage":"es"},{"@type":"Organization","@id":"https:\/\/www.eldiario.net\/portal\/#organization","name":"El Diario - Decano de la prensa nacional","url":"https:\/\/www.eldiario.net\/portal\/","logo":{"@type":"ImageObject","inLanguage":"es","@id":"https:\/\/www.eldiario.net\/portal\/#\/schema\/logo\/image\/","url":"https:\/\/www.eldiario.net\/portal\/wp-content\/uploads\/2023\/07\/logo_ED.jpg","contentUrl":"https:\/\/www.eldiario.net\/portal\/wp-content\/uploads\/2023\/07\/logo_ED.jpg","width":272,"height":52,"caption":"El Diario - Decano de la prensa nacional"},"image":{"@id":"https:\/\/www.eldiario.net\/portal\/#\/schema\/logo\/image\/"},"sameAs":["https:\/\/www.facebook.com\/eldiario.bolivia\/","https:\/\/x.com\/eldiario_net"]},{"@type":"Person","@id":"https:\/\/www.eldiario.net\/portal\/#\/schema\/person\/f46445640444750d7d753ccd04ae01b7","name":"Jeanette","image":{"@type":"ImageObject","inLanguage":"es","@id":"https:\/\/secure.gravatar.com\/avatar\/3ea2118a5f7dad2b7138b1187a6b7ee55f160b9968b66013c3a3ef39dd7e5798?s=96&d=mm&r=g","url":"https:\/\/secure.gravatar.com\/avatar\/3ea2118a5f7dad2b7138b1187a6b7ee55f160b9968b66013c3a3ef39dd7e5798?s=96&d=mm&r=g","contentUrl":"https:\/\/secure.gravatar.com\/avatar\/3ea2118a5f7dad2b7138b1187a6b7ee55f160b9968b66013c3a3ef39dd7e5798?s=96&d=mm&r=g","caption":"Jeanette"},"sameAs":["https:\/\/www.eldiario.net\/portal"],"url":"https:\/\/www.eldiario.net\/portal\/author\/jeanette\/"}]}},"_links":{"self":[{"href":"https:\/\/www.eldiario.net\/portal\/wp-json\/wp\/v2\/posts\/422335","targetHints":{"allow":["GET"]}}],"collection":[{"href":"https:\/\/www.eldiario.net\/portal\/wp-json\/wp\/v2\/posts"}],"about":[{"href":"https:\/\/www.eldiario.net\/portal\/wp-json\/wp\/v2\/types\/post"}],"author":[{"embeddable":true,"href":"https:\/\/www.eldiario.net\/portal\/wp-json\/wp\/v2\/users\/1"}],"replies":[{"embeddable":true,"href":"https:\/\/www.eldiario.net\/portal\/wp-json\/wp\/v2\/comments?post=422335"}],"version-history":[{"count":1,"href":"https:\/\/www.eldiario.net\/portal\/wp-json\/wp\/v2\/posts\/422335\/revisions"}],"predecessor-version":[{"id":422337,"href":"https:\/\/www.eldiario.net\/portal\/wp-json\/wp\/v2\/posts\/422335\/revisions\/422337"}],"wp:featuredmedia":[{"embeddable":true,"href":"https:\/\/www.eldiario.net\/portal\/wp-json\/wp\/v2\/media\/422336"}],"wp:attachment":[{"href":"https:\/\/www.eldiario.net\/portal\/wp-json\/wp\/v2\/media?parent=422335"}],"wp:term":[{"taxonomy":"category","embeddable":true,"href":"https:\/\/www.eldiario.net\/portal\/wp-json\/wp\/v2\/categories?post=422335"},{"taxonomy":"post_tag","embeddable":true,"href":"https:\/\/www.eldiario.net\/portal\/wp-json\/wp\/v2\/tags?post=422335"}],"curies":[{"name":"wp","href":"https:\/\/api.w.org\/{rel}","templated":true}]}}