{"id":422026,"date":"2026-08-17T00:28:26","date_gmt":"2026-08-17T04:28:26","guid":{"rendered":"https:\/\/www.eldiario.net\/portal\/?p=422026"},"modified":"2026-08-16T22:29:27","modified_gmt":"2026-08-17T02:29:27","slug":"alberto-castrillo-vuela-de-punta-a-punta-en-pucarani","status":"publish","type":"post","link":"https:\/\/www.eldiario.net\/portal\/2026\/08\/17\/alberto-castrillo-vuela-de-punta-a-punta-en-pucarani\/","title":{"rendered":"Alberto Castrillo, \u201cvuela\u201d  de punta a punta en Pucarani"},"content":{"rendered":"<p>Alberto Castrillo dio muestras de su gran manejo y se impuso de punta a punta en la primera competencia del campeonato AGB 2026, realizado ayer en el denominado aut\u00f3dromo m\u00e1s alto del mundo, en Pucarani.<br \/>\nCastrillo fue el ganador absoluto, impuso el ritmo de su b\u00f3lido para lograr el triunfo en clasificaci\u00f3n general de las dos mangas, seguido de cerca por Josu\u00e9 Cosme y Pedro Mendoza, sus inmediatos escoltas en la clase RC2 N-D en la que tambi\u00e9n fue el vencedor.<br \/>\nSe esperaba la presencia de al menos 20 pilotos en el circuito, pero al menos media docena de ellos no pudo conseguir combustible, y al final tuvo que quedarse con las ganas de participar.<br \/>\nEn la RC2 N-N, Mart\u00edn Cosme fue el piloto m\u00e1s veloz, seguido por Manuel Vargas.<br \/>\nEn la clase R2B-L, fue Ren\u00e9 Calvo quien se gan\u00f3 la mayor parte de los aplausos del p\u00fablico presente en los alrededores del circuito, cuya pista se vio en buenas condiciones.<br \/>\nFinalmente, en la R1B, Kevin Quispe fue el ganador, escoltado por Anibal Monterrey. Alejandro Jim\u00e9nez y Marcelo Legu\u00eda tuvieron que abandonar por problemas mec\u00e1nicos.<br \/>\nLa Asociaci\u00f3n Municipal de Automovilismo Pucarani, presidida por Alejandro Jim\u00e9nez fue la organizadora de la prueba, adem\u00e1s se tuvo la colaboraci\u00f3n de Tr\u00e1nsito, Bomberos, Polic\u00eda Fronteriza de Pucarani y la alcald\u00eda de Pucarani que envi\u00f3 una ambulancia.<br \/>\nLa asociaci\u00f3n municipal tiene previsto llamar a elecciones el pr\u00f3ximo mes luego de que Alejandro Jim\u00e9nez cumpli\u00f3 su quinta gesti\u00f3n. Se convocar\u00e1 a elecciones y se perfila Mauricio Guti\u00e9rrez como el dirigente que tome las riendas de la entidad.<\/p>\n\r\n                <style type=\"text\/css\">\r\n                    \r\n                    #tdi_1  .td-doubleSlider-2 .td-item1 {\r\n                        background: url(https:\/\/www.eldiario.net\/portal\/wp-content\/uploads\/2026\/08\/02-autos-80x60.webp) 0 0 no-repeat;\r\n                    }\r\n                    #tdi_1  .td-doubleSlider-2 .td-item2 {\r\n                        background: url(https:\/\/www.eldiario.net\/portal\/wp-content\/uploads\/2026\/08\/03-autos-80x60.webp) 0 0 no-repeat;\r\n                    }\r\n                    #tdi_1  .td-doubleSlider-2 .td-item3 {\r\n                        background: url(https:\/\/www.eldiario.net\/portal\/wp-content\/uploads\/2026\/08\/01-autos-80x60.webp) 0 0 no-repeat;\r\n                    }\r\n                <\/style>\r\n\r\n                <div id=\"tdi_1\" class=\"td-gallery td-slide-on-2-columns\">\r\n                    <div class=\"post_td_gallery\">\r\n                        <div class=\"td-gallery-slide-top\">\r\n                           <div class=\"td-gallery-title\"><\/div>\r\n\r\n                            <div class=\"td-gallery-controls-wrapper\">\r\n                                <div class=\"td-gallery-slide-count\"><span class=\"td-gallery-slide-item-focus\">1<\/span> de 3<\/div>\r\n                                <div class=\"td-gallery-slide-prev-next-but\">\r\n                                    <i class = \"td-icon-left doubleSliderPrevButton\"><\/i>\r\n                                    <i class = \"td-icon-right doubleSliderNextButton\"><\/i>\r\n                                <\/div>\r\n                            <\/div>\r\n                        <\/div>\r\n\r\n                        <div class = \"td-doubleSlider-1 \">\r\n                            <div class = \"td-slider\">\r\n                                \r\n                    <div class = \"td-slide-item td-item1\">\r\n                        <figure class=\"td-slide-galery-figure td-slide-popup-gallery\">\r\n                            <a class=\"slide-gallery-image-link\" href=\"https:\/\/www.eldiario.net\/portal\/wp-content\/uploads\/2026\/08\/02-autos.webp\" title=\"02-autos\"  data-caption=\" El b\u00f3lido de Alberto Castrillo, el ganador de ayer. (ALBERTO VALERO)\"  data-description=\" El b&oacute;lido de Alberto Castrillo, el ganador de ayer. (ALBERTO VALERO)\">\r\n                                <img decoding=\"async\" src=\"https:\/\/www.eldiario.net\/portal\/wp-content\/uploads\/2026\/08\/02-autos-560x420.webp\" srcset=\"https:\/\/www.eldiario.net\/portal\/wp-content\/uploads\/2026\/08\/02-autos-560x420.webp 560w, https:\/\/www.eldiario.net\/portal\/wp-content\/uploads\/2026\/08\/02-autos-300x225.webp 300w, https:\/\/www.eldiario.net\/portal\/wp-content\/uploads\/2026\/08\/02-autos-768x576.webp 768w, https:\/\/www.eldiario.net\/portal\/wp-content\/uploads\/2026\/08\/02-autos-80x60.webp 80w, https:\/\/www.eldiario.net\/portal\/wp-content\/uploads\/2026\/08\/02-autos-150x113.webp 150w, https:\/\/www.eldiario.net\/portal\/wp-content\/uploads\/2026\/08\/02-autos-696x522.webp 696w, https:\/\/www.eldiario.net\/portal\/wp-content\/uploads\/2026\/08\/02-autos.webp 1024w\" sizes=\"(max-width: 560px) 100vw, 560px\" alt=\"\">\r\n                            <\/a>\r\n                            <figcaption class = \"td-slide-caption td-gallery-slide-content\"><div class = \"td-gallery-slide-copywrite\"> El b\u00f3lido de Alberto Castrillo, el ganador de ayer. (ALBERTO VALERO)<\/div><span> El b\u00f3lido de Alberto Castrillo, el ganador de ayer. (ALBERTO VALERO)<\/span><\/figcaption>\r\n                        <\/figure>\r\n                    <\/div>\r\n                    <div class = \"td-slide-item td-item2\">\r\n                        <figure class=\"td-slide-galery-figure td-slide-popup-gallery\">\r\n                            <a class=\"slide-gallery-image-link\" href=\"https:\/\/www.eldiario.net\/portal\/wp-content\/uploads\/2026\/08\/03-autos.webp\" title=\"03-autos\"  data-caption=\" El ruido de motores en Pucarani, \nhubo fiesta. (ALBERTO VALERO)\"  data-description=\" El ruido de motores en Pucarani, \nhubo fiesta. (ALBERTO VALERO)\">\r\n                                <img decoding=\"async\" src=\"https:\/\/www.eldiario.net\/portal\/wp-content\/uploads\/2026\/08\/03-autos-629x420.webp\" srcset=\"https:\/\/www.eldiario.net\/portal\/wp-content\/uploads\/2026\/08\/03-autos-629x420.webp 629w, https:\/\/www.eldiario.net\/portal\/wp-content\/uploads\/2026\/08\/03-autos-300x200.webp 300w, https:\/\/www.eldiario.net\/portal\/wp-content\/uploads\/2026\/08\/03-autos-768x513.webp 768w, https:\/\/www.eldiario.net\/portal\/wp-content\/uploads\/2026\/08\/03-autos-150x100.webp 150w, https:\/\/www.eldiario.net\/portal\/wp-content\/uploads\/2026\/08\/03-autos-696x465.webp 696w, https:\/\/www.eldiario.net\/portal\/wp-content\/uploads\/2026\/08\/03-autos.webp 899w\" sizes=\"(max-width: 629px) 100vw, 629px\" alt=\"\">\r\n                            <\/a>\r\n                            <figcaption class = \"td-slide-caption td-gallery-slide-content\"><div class = \"td-gallery-slide-copywrite\"> El ruido de motores en Pucarani, \nhubo fiesta. (ALBERTO VALERO)<\/div><span> El ruido de motores en Pucarani, \nhubo fiesta. (ALBERTO VALERO)<\/span><\/figcaption>\r\n                        <\/figure>\r\n                    <\/div>\r\n                    <div class = \"td-slide-item td-item3\">\r\n                        <figure class=\"td-slide-galery-figure td-slide-popup-gallery\">\r\n                            <a class=\"slide-gallery-image-link\" href=\"https:\/\/www.eldiario.net\/portal\/wp-content\/uploads\/2026\/08\/01-autos.webp\" title=\"01-autos\"  data-caption=\" Los ganadores con Alberto Castrillo en la cima, ayer en Pucarani. (ALBERTO VALERO)\"  data-description=\" Los ganadores con Alberto Castrillo en la cima, ayer en Pucarani. (ALBERTO VALERO)\">\r\n                                <img decoding=\"async\" src=\"https:\/\/www.eldiario.net\/portal\/wp-content\/uploads\/2026\/08\/01-autos-747x420.webp\" srcset=\"https:\/\/www.eldiario.net\/portal\/wp-content\/uploads\/2026\/08\/01-autos-747x420.webp 747w, https:\/\/www.eldiario.net\/portal\/wp-content\/uploads\/2026\/08\/01-autos-300x169.webp 300w, https:\/\/www.eldiario.net\/portal\/wp-content\/uploads\/2026\/08\/01-autos-1024x576.webp 1024w, https:\/\/www.eldiario.net\/portal\/wp-content\/uploads\/2026\/08\/01-autos-768x432.webp 768w, https:\/\/www.eldiario.net\/portal\/wp-content\/uploads\/2026\/08\/01-autos-150x84.webp 150w, https:\/\/www.eldiario.net\/portal\/wp-content\/uploads\/2026\/08\/01-autos-696x392.webp 696w, https:\/\/www.eldiario.net\/portal\/wp-content\/uploads\/2026\/08\/01-autos-1068x601.webp 1068w, https:\/\/www.eldiario.net\/portal\/wp-content\/uploads\/2026\/08\/01-autos.webp 1280w\" sizes=\"(max-width: 747px) 100vw, 747px\" alt=\"\">\r\n                            <\/a>\r\n                            <figcaption class = \"td-slide-caption td-gallery-slide-content\"><div class = \"td-gallery-slide-copywrite\"> Los ganadores con Alberto Castrillo en la cima, ayer en Pucarani. (ALBERTO VALERO)<\/div><span> Los ganadores con Alberto Castrillo en la cima, ayer en Pucarani. (ALBERTO VALERO)<\/span><\/figcaption>\r\n                        <\/figure>\r\n                    <\/div>\r\n                            <\/div>\r\n                        <\/div>\r\n\r\n                        <div class = \"td-doubleSlider-2\">\r\n                            <div class = \"td-slider\">\r\n                                \r\n                    <div class = \"td-button td-item1\">\r\n                        <div class = \"td-border\"><\/div>\r\n                    <\/div>\r\n                    <div class = \"td-button td-item2\">\r\n                        <div class = \"td-border\"><\/div>\r\n                    <\/div>\r\n                    <div class = \"td-button td-item3\">\r\n                        <div class = \"td-border\"><\/div>\r\n                    <\/div>\r\n                            <\/div>\r\n                        <\/div>\r\n\r\n                    <\/div>\r\n\r\n                <\/div>\r\n                \n","protected":false},"excerpt":{"rendered":"<p>Alberto Castrillo dio muestras de su gran manejo y se impuso de punta a punta en la primera competencia del campeonato AGB 2026, realizado ayer en el denominado aut\u00f3dromo m\u00e1s alto del mundo, en Pucarani. Castrillo fue el ganador absoluto, impuso el ritmo de su b\u00f3lido para lograr el triunfo en clasificaci\u00f3n general de las [&hellip;]<\/p>\n","protected":false},"author":1,"featured_media":422029,"comment_status":"closed","ping_status":"open","sticky":false,"template":"","format":"standard","meta":{"_acf_changed":false,"footnotes":""},"categories":[6],"tags":[],"class_list":["post-422026","post","type-post","status-publish","format-standard","has-post-thumbnail","category-deportes"],"acf":{"antetitulo":""},"yoast_head":"<!-- This site is optimized with the Yoast SEO plugin v28.4 - https:\/\/yoast.com\/product\/yoast-seo-wordpress\/ -->\n<title>Alberto Castrillo, \u201cvuela\u201d de punta a punta en Pucarani - El Diario - Bolivia<\/title>\n<meta name=\"robots\" content=\"index, follow, max-snippet:-1, max-image-preview:large, max-video-preview:-1\" \/>\n<link rel=\"canonical\" href=\"https:\/\/www.eldiario.net\/portal\/2026\/08\/17\/alberto-castrillo-vuela-de-punta-a-punta-en-pucarani\/\" \/>\n<meta property=\"og:locale\" content=\"es_ES\" \/>\n<meta property=\"og:type\" content=\"article\" \/>\n<meta property=\"og:title\" content=\"Alberto Castrillo, \u201cvuela\u201d de punta a punta en Pucarani - El Diario - Bolivia\" \/>\n<meta property=\"og:description\" content=\"Alberto Castrillo dio muestras de su gran manejo y se impuso de punta a punta en la primera competencia del campeonato AGB 2026, realizado ayer en el denominado aut\u00f3dromo m\u00e1s alto del mundo, en Pucarani. Castrillo fue el ganador absoluto, impuso el ritmo de su b\u00f3lido para lograr el triunfo en clasificaci\u00f3n general de las [&hellip;]\" \/>\n<meta property=\"og:url\" content=\"https:\/\/www.eldiario.net\/portal\/2026\/08\/17\/alberto-castrillo-vuela-de-punta-a-punta-en-pucarani\/\" \/>\n<meta property=\"og:site_name\" content=\"El Diario - Bolivia\" \/>\n<meta property=\"article:publisher\" content=\"https:\/\/www.facebook.com\/eldiario.bolivia\/\" \/>\n<meta property=\"article:published_time\" content=\"2026-08-17T04:28:26+00:00\" \/>\n<meta property=\"og:image\" content=\"https:\/\/www.eldiario.net\/portal\/wp-content\/uploads\/2026\/08\/01-autos.webp\" \/>\n\t<meta property=\"og:image:width\" content=\"1280\" \/>\n\t<meta property=\"og:image:height\" content=\"720\" \/>\n\t<meta property=\"og:image:type\" content=\"image\/webp\" \/>\n<meta name=\"author\" content=\"Jeanette\" \/>\n<meta name=\"twitter:card\" content=\"summary_large_image\" \/>\n<meta name=\"twitter:creator\" content=\"@eldiario_net\" \/>\n<meta name=\"twitter:site\" content=\"@eldiario_net\" \/>\n<meta name=\"twitter:label1\" content=\"Escrito por\" \/>\n\t<meta name=\"twitter:data1\" content=\"Jeanette\" \/>\n\t<meta name=\"twitter:label2\" content=\"Tiempo de lectura\" \/>\n\t<meta name=\"twitter:data2\" content=\"2 minutos\" \/>\n<script type=\"application\/ld+json\" class=\"yoast-schema-graph\">{\"@context\":\"https:\\\/\\\/schema.org\",\"@graph\":[{\"@type\":\"Article\",\"@id\":\"https:\\\/\\\/www.eldiario.net\\\/portal\\\/2026\\\/08\\\/17\\\/alberto-castrillo-vuela-de-punta-a-punta-en-pucarani\\\/#article\",\"isPartOf\":{\"@id\":\"https:\\\/\\\/www.eldiario.net\\\/portal\\\/2026\\\/08\\\/17\\\/alberto-castrillo-vuela-de-punta-a-punta-en-pucarani\\\/\"},\"author\":{\"name\":\"Jeanette\",\"@id\":\"https:\\\/\\\/www.eldiario.net\\\/portal\\\/#\\\/schema\\\/person\\\/2c57cf2b7a7ae032e449e4c9b1019eac\"},\"headline\":\"Alberto Castrillo, \u201cvuela\u201d de punta a punta en Pucarani\",\"datePublished\":\"2026-08-17T04:28:26+00:00\",\"mainEntityOfPage\":{\"@id\":\"https:\\\/\\\/www.eldiario.net\\\/portal\\\/2026\\\/08\\\/17\\\/alberto-castrillo-vuela-de-punta-a-punta-en-pucarani\\\/\"},\"wordCount\":302,\"publisher\":{\"@id\":\"https:\\\/\\\/www.eldiario.net\\\/portal\\\/#organization\"},\"image\":{\"@id\":\"https:\\\/\\\/www.eldiario.net\\\/portal\\\/2026\\\/08\\\/17\\\/alberto-castrillo-vuela-de-punta-a-punta-en-pucarani\\\/#primaryimage\"},\"thumbnailUrl\":\"https:\\\/\\\/www.eldiario.net\\\/portal\\\/wp-content\\\/uploads\\\/2026\\\/08\\\/01-autos.webp\",\"articleSection\":[\"Deportes\"],\"inLanguage\":\"es\"},{\"@type\":\"WebPage\",\"@id\":\"https:\\\/\\\/www.eldiario.net\\\/portal\\\/2026\\\/08\\\/17\\\/alberto-castrillo-vuela-de-punta-a-punta-en-pucarani\\\/\",\"url\":\"https:\\\/\\\/www.eldiario.net\\\/portal\\\/2026\\\/08\\\/17\\\/alberto-castrillo-vuela-de-punta-a-punta-en-pucarani\\\/\",\"name\":\"Alberto Castrillo, \u201cvuela\u201d de punta a punta en Pucarani - El Diario - Bolivia\",\"isPartOf\":{\"@id\":\"https:\\\/\\\/www.eldiario.net\\\/portal\\\/#website\"},\"primaryImageOfPage\":{\"@id\":\"https:\\\/\\\/www.eldiario.net\\\/portal\\\/2026\\\/08\\\/17\\\/alberto-castrillo-vuela-de-punta-a-punta-en-pucarani\\\/#primaryimage\"},\"image\":{\"@id\":\"https:\\\/\\\/www.eldiario.net\\\/portal\\\/2026\\\/08\\\/17\\\/alberto-castrillo-vuela-de-punta-a-punta-en-pucarani\\\/#primaryimage\"},\"thumbnailUrl\":\"https:\\\/\\\/www.eldiario.net\\\/portal\\\/wp-content\\\/uploads\\\/2026\\\/08\\\/01-autos.webp\",\"datePublished\":\"2026-08-17T04:28:26+00:00\",\"breadcrumb\":{\"@id\":\"https:\\\/\\\/www.eldiario.net\\\/portal\\\/2026\\\/08\\\/17\\\/alberto-castrillo-vuela-de-punta-a-punta-en-pucarani\\\/#breadcrumb\"},\"inLanguage\":\"es\",\"potentialAction\":[{\"@type\":\"ReadAction\",\"target\":[\"https:\\\/\\\/www.eldiario.net\\\/portal\\\/2026\\\/08\\\/17\\\/alberto-castrillo-vuela-de-punta-a-punta-en-pucarani\\\/\"]}]},{\"@type\":\"ImageObject\",\"inLanguage\":\"es\",\"@id\":\"https:\\\/\\\/www.eldiario.net\\\/portal\\\/2026\\\/08\\\/17\\\/alberto-castrillo-vuela-de-punta-a-punta-en-pucarani\\\/#primaryimage\",\"url\":\"https:\\\/\\\/www.eldiario.net\\\/portal\\\/wp-content\\\/uploads\\\/2026\\\/08\\\/01-autos.webp\",\"contentUrl\":\"https:\\\/\\\/www.eldiario.net\\\/portal\\\/wp-content\\\/uploads\\\/2026\\\/08\\\/01-autos.webp\",\"width\":1280,\"height\":720,\"caption\":\"Los ganadores con Alberto Castrillo en la cima, ayer en Pucarani. (ALBERTO VALERO)\"},{\"@type\":\"BreadcrumbList\",\"@id\":\"https:\\\/\\\/www.eldiario.net\\\/portal\\\/2026\\\/08\\\/17\\\/alberto-castrillo-vuela-de-punta-a-punta-en-pucarani\\\/#breadcrumb\",\"itemListElement\":[{\"@type\":\"ListItem\",\"position\":1,\"name\":\"Portada\",\"item\":\"https:\\\/\\\/www.eldiario.net\\\/portal\\\/\"},{\"@type\":\"ListItem\",\"position\":2,\"name\":\"Alberto Castrillo, \u201cvuela\u201d de punta a punta en Pucarani\"}]},{\"@type\":\"WebSite\",\"@id\":\"https:\\\/\\\/www.eldiario.net\\\/portal\\\/#website\",\"url\":\"https:\\\/\\\/www.eldiario.net\\\/portal\\\/\",\"name\":\"El Diario - Decano de la prensa nacional\",\"description\":\"El Diario - Decano de la prensa nacional\",\"publisher\":{\"@id\":\"https:\\\/\\\/www.eldiario.net\\\/portal\\\/#organization\"},\"potentialAction\":[{\"@type\":\"SearchAction\",\"target\":{\"@type\":\"EntryPoint\",\"urlTemplate\":\"https:\\\/\\\/www.eldiario.net\\\/portal\\\/?s={search_term_string}\"},\"query-input\":{\"@type\":\"PropertyValueSpecification\",\"valueRequired\":true,\"valueName\":\"search_term_string\"}}],\"inLanguage\":\"es\"},{\"@type\":\"Organization\",\"@id\":\"https:\\\/\\\/www.eldiario.net\\\/portal\\\/#organization\",\"name\":\"El Diario - Decano de la prensa nacional\",\"url\":\"https:\\\/\\\/www.eldiario.net\\\/portal\\\/\",\"logo\":{\"@type\":\"ImageObject\",\"inLanguage\":\"es\",\"@id\":\"https:\\\/\\\/www.eldiario.net\\\/portal\\\/#\\\/schema\\\/logo\\\/image\\\/\",\"url\":\"https:\\\/\\\/www.eldiario.net\\\/portal\\\/wp-content\\\/uploads\\\/2023\\\/07\\\/logo_ED.jpg\",\"contentUrl\":\"https:\\\/\\\/www.eldiario.net\\\/portal\\\/wp-content\\\/uploads\\\/2023\\\/07\\\/logo_ED.jpg\",\"width\":272,\"height\":52,\"caption\":\"El Diario - Decano de la prensa nacional\"},\"image\":{\"@id\":\"https:\\\/\\\/www.eldiario.net\\\/portal\\\/#\\\/schema\\\/logo\\\/image\\\/\"},\"sameAs\":[\"https:\\\/\\\/www.facebook.com\\\/eldiario.bolivia\\\/\",\"https:\\\/\\\/x.com\\\/eldiario_net\"]},{\"@type\":\"Person\",\"@id\":\"https:\\\/\\\/www.eldiario.net\\\/portal\\\/#\\\/schema\\\/person\\\/2c57cf2b7a7ae032e449e4c9b1019eac\",\"name\":\"Jeanette\",\"image\":{\"@type\":\"ImageObject\",\"inLanguage\":\"es\",\"@id\":\"https:\\\/\\\/secure.gravatar.com\\\/avatar\\\/3ea2118a5f7dad2b7138b1187a6b7ee55f160b9968b66013c3a3ef39dd7e5798?s=96&d=mm&r=g\",\"url\":\"https:\\\/\\\/secure.gravatar.com\\\/avatar\\\/3ea2118a5f7dad2b7138b1187a6b7ee55f160b9968b66013c3a3ef39dd7e5798?s=96&d=mm&r=g\",\"contentUrl\":\"https:\\\/\\\/secure.gravatar.com\\\/avatar\\\/3ea2118a5f7dad2b7138b1187a6b7ee55f160b9968b66013c3a3ef39dd7e5798?s=96&d=mm&r=g\",\"caption\":\"Jeanette\"},\"sameAs\":[\"https:\\\/\\\/www.eldiario.net\\\/portal\"],\"url\":\"https:\\\/\\\/www.eldiario.net\\\/portal\\\/author\\\/jeanette\\\/\"}]}<\/script>\n<!-- \/ Yoast SEO plugin. -->","yoast_head_json":{"title":"Alberto Castrillo, \u201cvuela\u201d de punta a punta en Pucarani - El Diario - Bolivia","robots":{"index":"index","follow":"follow","max-snippet":"max-snippet:-1","max-image-preview":"max-image-preview:large","max-video-preview":"max-video-preview:-1"},"canonical":"https:\/\/www.eldiario.net\/portal\/2026\/08\/17\/alberto-castrillo-vuela-de-punta-a-punta-en-pucarani\/","og_locale":"es_ES","og_type":"article","og_title":"Alberto Castrillo, \u201cvuela\u201d de punta a punta en Pucarani - El Diario - Bolivia","og_description":"Alberto Castrillo dio muestras de su gran manejo y se impuso de punta a punta en la primera competencia del campeonato AGB 2026, realizado ayer en el denominado aut\u00f3dromo m\u00e1s alto del mundo, en Pucarani. Castrillo fue el ganador absoluto, impuso el ritmo de su b\u00f3lido para lograr el triunfo en clasificaci\u00f3n general de las [&hellip;]","og_url":"https:\/\/www.eldiario.net\/portal\/2026\/08\/17\/alberto-castrillo-vuela-de-punta-a-punta-en-pucarani\/","og_site_name":"El Diario - Bolivia","article_publisher":"https:\/\/www.facebook.com\/eldiario.bolivia\/","article_published_time":"2026-08-17T04:28:26+00:00","og_image":[{"width":1280,"height":720,"url":"https:\/\/www.eldiario.net\/portal\/wp-content\/uploads\/2026\/08\/01-autos.webp","type":"image\/webp"}],"author":"Jeanette","twitter_card":"summary_large_image","twitter_creator":"@eldiario_net","twitter_site":"@eldiario_net","twitter_misc":{"Escrito por":"Jeanette","Tiempo de lectura":"2 minutos"},"schema":{"@context":"https:\/\/schema.org","@graph":[{"@type":"Article","@id":"https:\/\/www.eldiario.net\/portal\/2026\/08\/17\/alberto-castrillo-vuela-de-punta-a-punta-en-pucarani\/#article","isPartOf":{"@id":"https:\/\/www.eldiario.net\/portal\/2026\/08\/17\/alberto-castrillo-vuela-de-punta-a-punta-en-pucarani\/"},"author":{"name":"Jeanette","@id":"https:\/\/www.eldiario.net\/portal\/#\/schema\/person\/2c57cf2b7a7ae032e449e4c9b1019eac"},"headline":"Alberto Castrillo, \u201cvuela\u201d de punta a punta en Pucarani","datePublished":"2026-08-17T04:28:26+00:00","mainEntityOfPage":{"@id":"https:\/\/www.eldiario.net\/portal\/2026\/08\/17\/alberto-castrillo-vuela-de-punta-a-punta-en-pucarani\/"},"wordCount":302,"publisher":{"@id":"https:\/\/www.eldiario.net\/portal\/#organization"},"image":{"@id":"https:\/\/www.eldiario.net\/portal\/2026\/08\/17\/alberto-castrillo-vuela-de-punta-a-punta-en-pucarani\/#primaryimage"},"thumbnailUrl":"https:\/\/www.eldiario.net\/portal\/wp-content\/uploads\/2026\/08\/01-autos.webp","articleSection":["Deportes"],"inLanguage":"es"},{"@type":"WebPage","@id":"https:\/\/www.eldiario.net\/portal\/2026\/08\/17\/alberto-castrillo-vuela-de-punta-a-punta-en-pucarani\/","url":"https:\/\/www.eldiario.net\/portal\/2026\/08\/17\/alberto-castrillo-vuela-de-punta-a-punta-en-pucarani\/","name":"Alberto Castrillo, \u201cvuela\u201d de punta a punta en Pucarani - El Diario - Bolivia","isPartOf":{"@id":"https:\/\/www.eldiario.net\/portal\/#website"},"primaryImageOfPage":{"@id":"https:\/\/www.eldiario.net\/portal\/2026\/08\/17\/alberto-castrillo-vuela-de-punta-a-punta-en-pucarani\/#primaryimage"},"image":{"@id":"https:\/\/www.eldiario.net\/portal\/2026\/08\/17\/alberto-castrillo-vuela-de-punta-a-punta-en-pucarani\/#primaryimage"},"thumbnailUrl":"https:\/\/www.eldiario.net\/portal\/wp-content\/uploads\/2026\/08\/01-autos.webp","datePublished":"2026-08-17T04:28:26+00:00","breadcrumb":{"@id":"https:\/\/www.eldiario.net\/portal\/2026\/08\/17\/alberto-castrillo-vuela-de-punta-a-punta-en-pucarani\/#breadcrumb"},"inLanguage":"es","potentialAction":[{"@type":"ReadAction","target":["https:\/\/www.eldiario.net\/portal\/2026\/08\/17\/alberto-castrillo-vuela-de-punta-a-punta-en-pucarani\/"]}]},{"@type":"ImageObject","inLanguage":"es","@id":"https:\/\/www.eldiario.net\/portal\/2026\/08\/17\/alberto-castrillo-vuela-de-punta-a-punta-en-pucarani\/#primaryimage","url":"https:\/\/www.eldiario.net\/portal\/wp-content\/uploads\/2026\/08\/01-autos.webp","contentUrl":"https:\/\/www.eldiario.net\/portal\/wp-content\/uploads\/2026\/08\/01-autos.webp","width":1280,"height":720,"caption":"Los ganadores con Alberto Castrillo en la cima, ayer en Pucarani. (ALBERTO VALERO)"},{"@type":"BreadcrumbList","@id":"https:\/\/www.eldiario.net\/portal\/2026\/08\/17\/alberto-castrillo-vuela-de-punta-a-punta-en-pucarani\/#breadcrumb","itemListElement":[{"@type":"ListItem","position":1,"name":"Portada","item":"https:\/\/www.eldiario.net\/portal\/"},{"@type":"ListItem","position":2,"name":"Alberto Castrillo, \u201cvuela\u201d de punta a punta en Pucarani"}]},{"@type":"WebSite","@id":"https:\/\/www.eldiario.net\/portal\/#website","url":"https:\/\/www.eldiario.net\/portal\/","name":"El Diario - Decano de la prensa nacional","description":"El Diario - Decano de la prensa nacional","publisher":{"@id":"https:\/\/www.eldiario.net\/portal\/#organization"},"potentialAction":[{"@type":"SearchAction","target":{"@type":"EntryPoint","urlTemplate":"https:\/\/www.eldiario.net\/portal\/?s={search_term_string}"},"query-input":{"@type":"PropertyValueSpecification","valueRequired":true,"valueName":"search_term_string"}}],"inLanguage":"es"},{"@type":"Organization","@id":"https:\/\/www.eldiario.net\/portal\/#organization","name":"El Diario - Decano de la prensa nacional","url":"https:\/\/www.eldiario.net\/portal\/","logo":{"@type":"ImageObject","inLanguage":"es","@id":"https:\/\/www.eldiario.net\/portal\/#\/schema\/logo\/image\/","url":"https:\/\/www.eldiario.net\/portal\/wp-content\/uploads\/2023\/07\/logo_ED.jpg","contentUrl":"https:\/\/www.eldiario.net\/portal\/wp-content\/uploads\/2023\/07\/logo_ED.jpg","width":272,"height":52,"caption":"El Diario - Decano de la prensa nacional"},"image":{"@id":"https:\/\/www.eldiario.net\/portal\/#\/schema\/logo\/image\/"},"sameAs":["https:\/\/www.facebook.com\/eldiario.bolivia\/","https:\/\/x.com\/eldiario_net"]},{"@type":"Person","@id":"https:\/\/www.eldiario.net\/portal\/#\/schema\/person\/2c57cf2b7a7ae032e449e4c9b1019eac","name":"Jeanette","image":{"@type":"ImageObject","inLanguage":"es","@id":"https:\/\/secure.gravatar.com\/avatar\/3ea2118a5f7dad2b7138b1187a6b7ee55f160b9968b66013c3a3ef39dd7e5798?s=96&d=mm&r=g","url":"https:\/\/secure.gravatar.com\/avatar\/3ea2118a5f7dad2b7138b1187a6b7ee55f160b9968b66013c3a3ef39dd7e5798?s=96&d=mm&r=g","contentUrl":"https:\/\/secure.gravatar.com\/avatar\/3ea2118a5f7dad2b7138b1187a6b7ee55f160b9968b66013c3a3ef39dd7e5798?s=96&d=mm&r=g","caption":"Jeanette"},"sameAs":["https:\/\/www.eldiario.net\/portal"],"url":"https:\/\/www.eldiario.net\/portal\/author\/jeanette\/"}]}},"_links":{"self":[{"href":"https:\/\/www.eldiario.net\/portal\/wp-json\/wp\/v2\/posts\/422026","targetHints":{"allow":["GET"]}}],"collection":[{"href":"https:\/\/www.eldiario.net\/portal\/wp-json\/wp\/v2\/posts"}],"about":[{"href":"https:\/\/www.eldiario.net\/portal\/wp-json\/wp\/v2\/types\/post"}],"author":[{"embeddable":true,"href":"https:\/\/www.eldiario.net\/portal\/wp-json\/wp\/v2\/users\/1"}],"replies":[{"embeddable":true,"href":"https:\/\/www.eldiario.net\/portal\/wp-json\/wp\/v2\/comments?post=422026"}],"version-history":[{"count":1,"href":"https:\/\/www.eldiario.net\/portal\/wp-json\/wp\/v2\/posts\/422026\/revisions"}],"predecessor-version":[{"id":422030,"href":"https:\/\/www.eldiario.net\/portal\/wp-json\/wp\/v2\/posts\/422026\/revisions\/422030"}],"wp:featuredmedia":[{"embeddable":true,"href":"https:\/\/www.eldiario.net\/portal\/wp-json\/wp\/v2\/media\/422029"}],"wp:attachment":[{"href":"https:\/\/www.eldiario.net\/portal\/wp-json\/wp\/v2\/media?parent=422026"}],"wp:term":[{"taxonomy":"category","embeddable":true,"href":"https:\/\/www.eldiario.net\/portal\/wp-json\/wp\/v2\/categories?post=422026"},{"taxonomy":"post_tag","embeddable":true,"href":"https:\/\/www.eldiario.net\/portal\/wp-json\/wp\/v2\/tags?post=422026"}],"curies":[{"name":"wp","href":"https:\/\/api.w.org\/{rel}","templated":true}]}}