{"id":422004,"date":"2026-08-17T00:16:03","date_gmt":"2026-08-17T04:16:03","guid":{"rendered":"https:\/\/www.eldiario.net\/portal\/?p=422004"},"modified":"2026-08-16T22:16:31","modified_gmt":"2026-08-17T02:16:31","slug":"felcn-destruye-cuatro-fabricas-moviles-de-droga-en-cochabamba","status":"publish","type":"post","link":"https:\/\/www.eldiario.net\/portal\/2026\/08\/17\/felcn-destruye-cuatro-fabricas-moviles-de-droga-en-cochabamba\/","title":{"rendered":"Felcn destruye cuatro f\u00e1bricas m\u00f3viles de droga en Cochabamba"},"content":{"rendered":"<p>Cuatro f\u00e1bricas m\u00f3viles utilizadas para la elaboraci\u00f3n de pasta base de coca\u00edna fueron destruidas e incineradas durante un operativo de la Fuerza Especial de Lucha Contra el Narcotr\u00e1fico (Felcn) en el municipio de Puerto Villarroel, en la provincia Carrasco de Cochabamba.<\/p>\n<p>La intervenci\u00f3n se realiz\u00f3 en una zona donde se encontraban las instalaciones clandestinas. Los efectivos antidroga ingresaron al lugar e identificaron cuatro estructuras destinadas al procesamiento de pasta base de coca\u00edna, que posteriormente fueron destruidas e incineradas.<\/p>\n<p>Durante el operativo, el personal de la Felcn tambi\u00e9n encontr\u00f3 sustancias qu\u00edmicas controladas utilizadas en el proceso de elaboraci\u00f3n de la droga. Los agentes hallaron productos tanto en estado l\u00edquido como s\u00f3lido, los cuales fueron intervenidos durante la acci\u00f3n policial.<\/p>\n<p>Como parte del procedimiento, los efectivos destruyeron adem\u00e1s 810 litros de agua rica, una sustancia empleada en la producci\u00f3n de pasta base de coca\u00edna. El decomiso de este material se produjo junto con la intervenci\u00f3n de las cuatro f\u00e1bricas m\u00f3viles y las sustancias qu\u00edmicas encontradas en el lugar.<\/p>\n<p>De esta manera, el operativo permiti\u00f3 afectar distintos elementos vinculados al proceso de elaboraci\u00f3n de pasta base, desde las instalaciones clandestinas hasta los insumos utilizados para su producci\u00f3n.<\/p>\n<p>La Felcn se\u00f1al\u00f3 que estas acciones forman parte de los operativos permanentes de interdicci\u00f3n que se ejecutan en diferentes regiones del pa\u00eds con el objetivo de combatir las actividades relacionadas con el narcotr\u00e1fico.<\/p>\n<p>La fuerza antidroga remarc\u00f3 que este tipo de intervenciones se desarrollan de manera continua en distintas zonas del territorio nacional, como parte de las tareas destinadas a combatir la producci\u00f3n de sustancias controladas y afectar los espacios utilizados para su elaboraci\u00f3n. (Con informaci\u00f3n de agencias)<\/p>\n","protected":false},"excerpt":{"rendered":"<p>Cuatro f\u00e1bricas m\u00f3viles utilizadas para la elaboraci\u00f3n de pasta base de coca\u00edna fueron destruidas e incineradas durante un operativo de la Fuerza Especial de Lucha Contra el Narcotr\u00e1fico (Felcn) en el municipio de Puerto Villarroel, en la provincia Carrasco de Cochabamba. La intervenci\u00f3n se realiz\u00f3 en una zona donde se encontraban las instalaciones clandestinas. Los [&hellip;]<\/p>\n","protected":false},"author":1,"featured_media":422005,"comment_status":"closed","ping_status":"open","sticky":false,"template":"","format":"standard","meta":{"_acf_changed":false,"footnotes":""},"categories":[39],"tags":[],"class_list":["post-422004","post","type-post","status-publish","format-standard","has-post-thumbnail","category-sociedad"],"acf":{"antetitulo":""},"yoast_head":"<!-- This site is optimized with the Yoast SEO plugin v28.3 - https:\/\/yoast.com\/product\/yoast-seo-wordpress\/ -->\n<title>Felcn destruye cuatro f\u00e1bricas m\u00f3viles de droga en Cochabamba - El Diario - Bolivia<\/title>\n<meta name=\"robots\" content=\"index, follow, max-snippet:-1, max-image-preview:large, max-video-preview:-1\" \/>\n<link rel=\"canonical\" href=\"https:\/\/www.eldiario.net\/portal\/2026\/08\/17\/felcn-destruye-cuatro-fabricas-moviles-de-droga-en-cochabamba\/\" \/>\n<meta property=\"og:locale\" content=\"es_ES\" \/>\n<meta property=\"og:type\" content=\"article\" \/>\n<meta property=\"og:title\" content=\"Felcn destruye cuatro f\u00e1bricas m\u00f3viles de droga en Cochabamba - El Diario - Bolivia\" \/>\n<meta property=\"og:description\" content=\"Cuatro f\u00e1bricas m\u00f3viles utilizadas para la elaboraci\u00f3n de pasta base de coca\u00edna fueron destruidas e incineradas durante un operativo de la Fuerza Especial de Lucha Contra el Narcotr\u00e1fico (Felcn) en el municipio de Puerto Villarroel, en la provincia Carrasco de Cochabamba. La intervenci\u00f3n se realiz\u00f3 en una zona donde se encontraban las instalaciones clandestinas. Los [&hellip;]\" \/>\n<meta property=\"og:url\" content=\"https:\/\/www.eldiario.net\/portal\/2026\/08\/17\/felcn-destruye-cuatro-fabricas-moviles-de-droga-en-cochabamba\/\" \/>\n<meta property=\"og:site_name\" content=\"El Diario - Bolivia\" \/>\n<meta property=\"article:publisher\" content=\"https:\/\/www.facebook.com\/eldiario.bolivia\/\" \/>\n<meta property=\"article:published_time\" content=\"2026-08-17T04:16:03+00:00\" \/>\n<meta property=\"og:image\" content=\"https:\/\/www.eldiario.net\/portal\/wp-content\/uploads\/2026\/08\/17-FELCN.webp\" \/>\n\t<meta property=\"og:image:width\" content=\"720\" \/>\n\t<meta property=\"og:image:height\" content=\"399\" \/>\n\t<meta property=\"og:image:type\" content=\"image\/webp\" \/>\n<meta name=\"author\" content=\"Jeanette\" \/>\n<meta name=\"twitter:card\" content=\"summary_large_image\" \/>\n<meta name=\"twitter:creator\" content=\"@eldiario_net\" \/>\n<meta name=\"twitter:site\" content=\"@eldiario_net\" \/>\n<meta name=\"twitter:label1\" content=\"Escrito por\" \/>\n\t<meta name=\"twitter:data1\" content=\"Jeanette\" \/>\n\t<meta name=\"twitter:label2\" content=\"Tiempo de lectura\" \/>\n\t<meta name=\"twitter:data2\" content=\"2 minutos\" \/>\n<script type=\"application\/ld+json\" class=\"yoast-schema-graph\">{\"@context\":\"https:\\\/\\\/schema.org\",\"@graph\":[{\"@type\":\"Article\",\"@id\":\"https:\\\/\\\/www.eldiario.net\\\/portal\\\/2026\\\/08\\\/17\\\/felcn-destruye-cuatro-fabricas-moviles-de-droga-en-cochabamba\\\/#article\",\"isPartOf\":{\"@id\":\"https:\\\/\\\/www.eldiario.net\\\/portal\\\/2026\\\/08\\\/17\\\/felcn-destruye-cuatro-fabricas-moviles-de-droga-en-cochabamba\\\/\"},\"author\":{\"name\":\"Jeanette\",\"@id\":\"https:\\\/\\\/www.eldiario.net\\\/portal\\\/#\\\/schema\\\/person\\\/f46445640444750d7d753ccd04ae01b7\"},\"headline\":\"Felcn destruye cuatro f\u00e1bricas m\u00f3viles de droga en Cochabamba\",\"datePublished\":\"2026-08-17T04:16:03+00:00\",\"mainEntityOfPage\":{\"@id\":\"https:\\\/\\\/www.eldiario.net\\\/portal\\\/2026\\\/08\\\/17\\\/felcn-destruye-cuatro-fabricas-moviles-de-droga-en-cochabamba\\\/\"},\"wordCount\":311,\"publisher\":{\"@id\":\"https:\\\/\\\/www.eldiario.net\\\/portal\\\/#organization\"},\"image\":{\"@id\":\"https:\\\/\\\/www.eldiario.net\\\/portal\\\/2026\\\/08\\\/17\\\/felcn-destruye-cuatro-fabricas-moviles-de-droga-en-cochabamba\\\/#primaryimage\"},\"thumbnailUrl\":\"https:\\\/\\\/www.eldiario.net\\\/portal\\\/wp-content\\\/uploads\\\/2026\\\/08\\\/17-FELCN.webp\",\"articleSection\":[\"Sociedad - Seguridad\"],\"inLanguage\":\"es\"},{\"@type\":\"WebPage\",\"@id\":\"https:\\\/\\\/www.eldiario.net\\\/portal\\\/2026\\\/08\\\/17\\\/felcn-destruye-cuatro-fabricas-moviles-de-droga-en-cochabamba\\\/\",\"url\":\"https:\\\/\\\/www.eldiario.net\\\/portal\\\/2026\\\/08\\\/17\\\/felcn-destruye-cuatro-fabricas-moviles-de-droga-en-cochabamba\\\/\",\"name\":\"Felcn destruye cuatro f\u00e1bricas m\u00f3viles de droga en Cochabamba - El Diario - Bolivia\",\"isPartOf\":{\"@id\":\"https:\\\/\\\/www.eldiario.net\\\/portal\\\/#website\"},\"primaryImageOfPage\":{\"@id\":\"https:\\\/\\\/www.eldiario.net\\\/portal\\\/2026\\\/08\\\/17\\\/felcn-destruye-cuatro-fabricas-moviles-de-droga-en-cochabamba\\\/#primaryimage\"},\"image\":{\"@id\":\"https:\\\/\\\/www.eldiario.net\\\/portal\\\/2026\\\/08\\\/17\\\/felcn-destruye-cuatro-fabricas-moviles-de-droga-en-cochabamba\\\/#primaryimage\"},\"thumbnailUrl\":\"https:\\\/\\\/www.eldiario.net\\\/portal\\\/wp-content\\\/uploads\\\/2026\\\/08\\\/17-FELCN.webp\",\"datePublished\":\"2026-08-17T04:16:03+00:00\",\"breadcrumb\":{\"@id\":\"https:\\\/\\\/www.eldiario.net\\\/portal\\\/2026\\\/08\\\/17\\\/felcn-destruye-cuatro-fabricas-moviles-de-droga-en-cochabamba\\\/#breadcrumb\"},\"inLanguage\":\"es\",\"potentialAction\":[{\"@type\":\"ReadAction\",\"target\":[\"https:\\\/\\\/www.eldiario.net\\\/portal\\\/2026\\\/08\\\/17\\\/felcn-destruye-cuatro-fabricas-moviles-de-droga-en-cochabamba\\\/\"]}]},{\"@type\":\"ImageObject\",\"inLanguage\":\"es\",\"@id\":\"https:\\\/\\\/www.eldiario.net\\\/portal\\\/2026\\\/08\\\/17\\\/felcn-destruye-cuatro-fabricas-moviles-de-droga-en-cochabamba\\\/#primaryimage\",\"url\":\"https:\\\/\\\/www.eldiario.net\\\/portal\\\/wp-content\\\/uploads\\\/2026\\\/08\\\/17-FELCN.webp\",\"contentUrl\":\"https:\\\/\\\/www.eldiario.net\\\/portal\\\/wp-content\\\/uploads\\\/2026\\\/08\\\/17-FELCN.webp\",\"width\":720,\"height\":399,\"caption\":\"Incineraci\u00f3n de una de f\u00e1brica m\u00f3vil de droga. Cr\u00e9dito de foto: Felcn\"},{\"@type\":\"BreadcrumbList\",\"@id\":\"https:\\\/\\\/www.eldiario.net\\\/portal\\\/2026\\\/08\\\/17\\\/felcn-destruye-cuatro-fabricas-moviles-de-droga-en-cochabamba\\\/#breadcrumb\",\"itemListElement\":[{\"@type\":\"ListItem\",\"position\":1,\"name\":\"Portada\",\"item\":\"https:\\\/\\\/www.eldiario.net\\\/portal\\\/\"},{\"@type\":\"ListItem\",\"position\":2,\"name\":\"Felcn destruye cuatro f\u00e1bricas m\u00f3viles de droga en Cochabamba\"}]},{\"@type\":\"WebSite\",\"@id\":\"https:\\\/\\\/www.eldiario.net\\\/portal\\\/#website\",\"url\":\"https:\\\/\\\/www.eldiario.net\\\/portal\\\/\",\"name\":\"El Diario - Decano de la prensa nacional\",\"description\":\"El Diario - Decano de la prensa nacional\",\"publisher\":{\"@id\":\"https:\\\/\\\/www.eldiario.net\\\/portal\\\/#organization\"},\"potentialAction\":[{\"@type\":\"SearchAction\",\"target\":{\"@type\":\"EntryPoint\",\"urlTemplate\":\"https:\\\/\\\/www.eldiario.net\\\/portal\\\/?s={search_term_string}\"},\"query-input\":{\"@type\":\"PropertyValueSpecification\",\"valueRequired\":true,\"valueName\":\"search_term_string\"}}],\"inLanguage\":\"es\"},{\"@type\":\"Organization\",\"@id\":\"https:\\\/\\\/www.eldiario.net\\\/portal\\\/#organization\",\"name\":\"El Diario - Decano de la prensa nacional\",\"url\":\"https:\\\/\\\/www.eldiario.net\\\/portal\\\/\",\"logo\":{\"@type\":\"ImageObject\",\"inLanguage\":\"es\",\"@id\":\"https:\\\/\\\/www.eldiario.net\\\/portal\\\/#\\\/schema\\\/logo\\\/image\\\/\",\"url\":\"https:\\\/\\\/www.eldiario.net\\\/portal\\\/wp-content\\\/uploads\\\/2023\\\/07\\\/logo_ED.jpg\",\"contentUrl\":\"https:\\\/\\\/www.eldiario.net\\\/portal\\\/wp-content\\\/uploads\\\/2023\\\/07\\\/logo_ED.jpg\",\"width\":272,\"height\":52,\"caption\":\"El Diario - Decano de la prensa nacional\"},\"image\":{\"@id\":\"https:\\\/\\\/www.eldiario.net\\\/portal\\\/#\\\/schema\\\/logo\\\/image\\\/\"},\"sameAs\":[\"https:\\\/\\\/www.facebook.com\\\/eldiario.bolivia\\\/\",\"https:\\\/\\\/x.com\\\/eldiario_net\"]},{\"@type\":\"Person\",\"@id\":\"https:\\\/\\\/www.eldiario.net\\\/portal\\\/#\\\/schema\\\/person\\\/f46445640444750d7d753ccd04ae01b7\",\"name\":\"Jeanette\",\"image\":{\"@type\":\"ImageObject\",\"inLanguage\":\"es\",\"@id\":\"https:\\\/\\\/secure.gravatar.com\\\/avatar\\\/3ea2118a5f7dad2b7138b1187a6b7ee55f160b9968b66013c3a3ef39dd7e5798?s=96&d=mm&r=g\",\"url\":\"https:\\\/\\\/secure.gravatar.com\\\/avatar\\\/3ea2118a5f7dad2b7138b1187a6b7ee55f160b9968b66013c3a3ef39dd7e5798?s=96&d=mm&r=g\",\"contentUrl\":\"https:\\\/\\\/secure.gravatar.com\\\/avatar\\\/3ea2118a5f7dad2b7138b1187a6b7ee55f160b9968b66013c3a3ef39dd7e5798?s=96&d=mm&r=g\",\"caption\":\"Jeanette\"},\"sameAs\":[\"https:\\\/\\\/www.eldiario.net\\\/portal\"],\"url\":\"https:\\\/\\\/www.eldiario.net\\\/portal\\\/author\\\/jeanette\\\/\"}]}<\/script>\n<!-- \/ Yoast SEO plugin. -->","yoast_head_json":{"title":"Felcn destruye cuatro f\u00e1bricas m\u00f3viles de droga en Cochabamba - El Diario - Bolivia","robots":{"index":"index","follow":"follow","max-snippet":"max-snippet:-1","max-image-preview":"max-image-preview:large","max-video-preview":"max-video-preview:-1"},"canonical":"https:\/\/www.eldiario.net\/portal\/2026\/08\/17\/felcn-destruye-cuatro-fabricas-moviles-de-droga-en-cochabamba\/","og_locale":"es_ES","og_type":"article","og_title":"Felcn destruye cuatro f\u00e1bricas m\u00f3viles de droga en Cochabamba - El Diario - Bolivia","og_description":"Cuatro f\u00e1bricas m\u00f3viles utilizadas para la elaboraci\u00f3n de pasta base de coca\u00edna fueron destruidas e incineradas durante un operativo de la Fuerza Especial de Lucha Contra el Narcotr\u00e1fico (Felcn) en el municipio de Puerto Villarroel, en la provincia Carrasco de Cochabamba. La intervenci\u00f3n se realiz\u00f3 en una zona donde se encontraban las instalaciones clandestinas. Los [&hellip;]","og_url":"https:\/\/www.eldiario.net\/portal\/2026\/08\/17\/felcn-destruye-cuatro-fabricas-moviles-de-droga-en-cochabamba\/","og_site_name":"El Diario - Bolivia","article_publisher":"https:\/\/www.facebook.com\/eldiario.bolivia\/","article_published_time":"2026-08-17T04:16:03+00:00","og_image":[{"width":720,"height":399,"url":"https:\/\/www.eldiario.net\/portal\/wp-content\/uploads\/2026\/08\/17-FELCN.webp","type":"image\/webp"}],"author":"Jeanette","twitter_card":"summary_large_image","twitter_creator":"@eldiario_net","twitter_site":"@eldiario_net","twitter_misc":{"Escrito por":"Jeanette","Tiempo de lectura":"2 minutos"},"schema":{"@context":"https:\/\/schema.org","@graph":[{"@type":"Article","@id":"https:\/\/www.eldiario.net\/portal\/2026\/08\/17\/felcn-destruye-cuatro-fabricas-moviles-de-droga-en-cochabamba\/#article","isPartOf":{"@id":"https:\/\/www.eldiario.net\/portal\/2026\/08\/17\/felcn-destruye-cuatro-fabricas-moviles-de-droga-en-cochabamba\/"},"author":{"name":"Jeanette","@id":"https:\/\/www.eldiario.net\/portal\/#\/schema\/person\/f46445640444750d7d753ccd04ae01b7"},"headline":"Felcn destruye cuatro f\u00e1bricas m\u00f3viles de droga en Cochabamba","datePublished":"2026-08-17T04:16:03+00:00","mainEntityOfPage":{"@id":"https:\/\/www.eldiario.net\/portal\/2026\/08\/17\/felcn-destruye-cuatro-fabricas-moviles-de-droga-en-cochabamba\/"},"wordCount":311,"publisher":{"@id":"https:\/\/www.eldiario.net\/portal\/#organization"},"image":{"@id":"https:\/\/www.eldiario.net\/portal\/2026\/08\/17\/felcn-destruye-cuatro-fabricas-moviles-de-droga-en-cochabamba\/#primaryimage"},"thumbnailUrl":"https:\/\/www.eldiario.net\/portal\/wp-content\/uploads\/2026\/08\/17-FELCN.webp","articleSection":["Sociedad - Seguridad"],"inLanguage":"es"},{"@type":"WebPage","@id":"https:\/\/www.eldiario.net\/portal\/2026\/08\/17\/felcn-destruye-cuatro-fabricas-moviles-de-droga-en-cochabamba\/","url":"https:\/\/www.eldiario.net\/portal\/2026\/08\/17\/felcn-destruye-cuatro-fabricas-moviles-de-droga-en-cochabamba\/","name":"Felcn destruye cuatro f\u00e1bricas m\u00f3viles de droga en Cochabamba - El Diario - Bolivia","isPartOf":{"@id":"https:\/\/www.eldiario.net\/portal\/#website"},"primaryImageOfPage":{"@id":"https:\/\/www.eldiario.net\/portal\/2026\/08\/17\/felcn-destruye-cuatro-fabricas-moviles-de-droga-en-cochabamba\/#primaryimage"},"image":{"@id":"https:\/\/www.eldiario.net\/portal\/2026\/08\/17\/felcn-destruye-cuatro-fabricas-moviles-de-droga-en-cochabamba\/#primaryimage"},"thumbnailUrl":"https:\/\/www.eldiario.net\/portal\/wp-content\/uploads\/2026\/08\/17-FELCN.webp","datePublished":"2026-08-17T04:16:03+00:00","breadcrumb":{"@id":"https:\/\/www.eldiario.net\/portal\/2026\/08\/17\/felcn-destruye-cuatro-fabricas-moviles-de-droga-en-cochabamba\/#breadcrumb"},"inLanguage":"es","potentialAction":[{"@type":"ReadAction","target":["https:\/\/www.eldiario.net\/portal\/2026\/08\/17\/felcn-destruye-cuatro-fabricas-moviles-de-droga-en-cochabamba\/"]}]},{"@type":"ImageObject","inLanguage":"es","@id":"https:\/\/www.eldiario.net\/portal\/2026\/08\/17\/felcn-destruye-cuatro-fabricas-moviles-de-droga-en-cochabamba\/#primaryimage","url":"https:\/\/www.eldiario.net\/portal\/wp-content\/uploads\/2026\/08\/17-FELCN.webp","contentUrl":"https:\/\/www.eldiario.net\/portal\/wp-content\/uploads\/2026\/08\/17-FELCN.webp","width":720,"height":399,"caption":"Incineraci\u00f3n de una de f\u00e1brica m\u00f3vil de droga. Cr\u00e9dito de foto: Felcn"},{"@type":"BreadcrumbList","@id":"https:\/\/www.eldiario.net\/portal\/2026\/08\/17\/felcn-destruye-cuatro-fabricas-moviles-de-droga-en-cochabamba\/#breadcrumb","itemListElement":[{"@type":"ListItem","position":1,"name":"Portada","item":"https:\/\/www.eldiario.net\/portal\/"},{"@type":"ListItem","position":2,"name":"Felcn destruye cuatro f\u00e1bricas m\u00f3viles de droga en Cochabamba"}]},{"@type":"WebSite","@id":"https:\/\/www.eldiario.net\/portal\/#website","url":"https:\/\/www.eldiario.net\/portal\/","name":"El Diario - Decano de la prensa nacional","description":"El Diario - Decano de la prensa nacional","publisher":{"@id":"https:\/\/www.eldiario.net\/portal\/#organization"},"potentialAction":[{"@type":"SearchAction","target":{"@type":"EntryPoint","urlTemplate":"https:\/\/www.eldiario.net\/portal\/?s={search_term_string}"},"query-input":{"@type":"PropertyValueSpecification","valueRequired":true,"valueName":"search_term_string"}}],"inLanguage":"es"},{"@type":"Organization","@id":"https:\/\/www.eldiario.net\/portal\/#organization","name":"El Diario - Decano de la prensa nacional","url":"https:\/\/www.eldiario.net\/portal\/","logo":{"@type":"ImageObject","inLanguage":"es","@id":"https:\/\/www.eldiario.net\/portal\/#\/schema\/logo\/image\/","url":"https:\/\/www.eldiario.net\/portal\/wp-content\/uploads\/2023\/07\/logo_ED.jpg","contentUrl":"https:\/\/www.eldiario.net\/portal\/wp-content\/uploads\/2023\/07\/logo_ED.jpg","width":272,"height":52,"caption":"El Diario - Decano de la prensa nacional"},"image":{"@id":"https:\/\/www.eldiario.net\/portal\/#\/schema\/logo\/image\/"},"sameAs":["https:\/\/www.facebook.com\/eldiario.bolivia\/","https:\/\/x.com\/eldiario_net"]},{"@type":"Person","@id":"https:\/\/www.eldiario.net\/portal\/#\/schema\/person\/f46445640444750d7d753ccd04ae01b7","name":"Jeanette","image":{"@type":"ImageObject","inLanguage":"es","@id":"https:\/\/secure.gravatar.com\/avatar\/3ea2118a5f7dad2b7138b1187a6b7ee55f160b9968b66013c3a3ef39dd7e5798?s=96&d=mm&r=g","url":"https:\/\/secure.gravatar.com\/avatar\/3ea2118a5f7dad2b7138b1187a6b7ee55f160b9968b66013c3a3ef39dd7e5798?s=96&d=mm&r=g","contentUrl":"https:\/\/secure.gravatar.com\/avatar\/3ea2118a5f7dad2b7138b1187a6b7ee55f160b9968b66013c3a3ef39dd7e5798?s=96&d=mm&r=g","caption":"Jeanette"},"sameAs":["https:\/\/www.eldiario.net\/portal"],"url":"https:\/\/www.eldiario.net\/portal\/author\/jeanette\/"}]}},"_links":{"self":[{"href":"https:\/\/www.eldiario.net\/portal\/wp-json\/wp\/v2\/posts\/422004","targetHints":{"allow":["GET"]}}],"collection":[{"href":"https:\/\/www.eldiario.net\/portal\/wp-json\/wp\/v2\/posts"}],"about":[{"href":"https:\/\/www.eldiario.net\/portal\/wp-json\/wp\/v2\/types\/post"}],"author":[{"embeddable":true,"href":"https:\/\/www.eldiario.net\/portal\/wp-json\/wp\/v2\/users\/1"}],"replies":[{"embeddable":true,"href":"https:\/\/www.eldiario.net\/portal\/wp-json\/wp\/v2\/comments?post=422004"}],"version-history":[{"count":1,"href":"https:\/\/www.eldiario.net\/portal\/wp-json\/wp\/v2\/posts\/422004\/revisions"}],"predecessor-version":[{"id":422006,"href":"https:\/\/www.eldiario.net\/portal\/wp-json\/wp\/v2\/posts\/422004\/revisions\/422006"}],"wp:featuredmedia":[{"embeddable":true,"href":"https:\/\/www.eldiario.net\/portal\/wp-json\/wp\/v2\/media\/422005"}],"wp:attachment":[{"href":"https:\/\/www.eldiario.net\/portal\/wp-json\/wp\/v2\/media?parent=422004"}],"wp:term":[{"taxonomy":"category","embeddable":true,"href":"https:\/\/www.eldiario.net\/portal\/wp-json\/wp\/v2\/categories?post=422004"},{"taxonomy":"post_tag","embeddable":true,"href":"https:\/\/www.eldiario.net\/portal\/wp-json\/wp\/v2\/tags?post=422004"}],"curies":[{"name":"wp","href":"https:\/\/api.w.org\/{rel}","templated":true}]}}