{"id":422001,"date":"2026-08-17T00:14:23","date_gmt":"2026-08-17T04:14:23","guid":{"rendered":"https:\/\/www.eldiario.net\/portal\/?p=422001"},"modified":"2026-08-16T22:15:15","modified_gmt":"2026-08-17T02:15:15","slug":"denuncian-trato-desigual-de-la-fiscalia-en-caso-de-adulta-mayor","status":"publish","type":"post","link":"https:\/\/www.eldiario.net\/portal\/2026\/08\/17\/denuncian-trato-desigual-de-la-fiscalia-en-caso-de-adulta-mayor\/","title":{"rendered":"Denuncian trato desigual de la Fiscal\u00eda en caso de adulta mayor"},"content":{"rendered":"<p>La Asociaci\u00f3n Justicia e Igualdad, en contacto con EL DIARIO, denunci\u00f3 un presunto trato desigual de la Fiscal\u00eda de Potos\u00ed en el caso de Te\u00f3fila Cuiza, una mujer de 77 a\u00f1os que denunci\u00f3 violencia por parte de sus hijas y un nieto. Seg\u00fan la organizaci\u00f3n, mientras la denuncia presentada por la adulta mayor fue rechazada y esa decisi\u00f3n posteriormente ratificada, otros procesos iniciados en su contra y contra sus hijos avanzaron hasta la etapa de imputaci\u00f3n.<\/p>\n<p>La presidenta de la Asociaci\u00f3n, Marisol Aguirre, explic\u00f3 que la denuncia de la adulta mayor fue presentada entre noviembre y diciembre de 2025 y que durante la investigaci\u00f3n se realizaron ampliaciones, c\u00e1maras Gesell, valoraciones psicol\u00f3gicas y una pericia. Seg\u00fan la asociaci\u00f3n, estos actuados establecieron indicios de violencia psicol\u00f3gica, f\u00edsica y sistem\u00e1tica contra la mujer.<\/p>\n<p>Sin embargo, la denuncia fue rechazada en mayo y posteriormente la Fiscal\u00eda Departamental de Potos\u00ed ratific\u00f3 esa determinaci\u00f3n. Paralelamente, las hijas de Cuiza presentaron varias denuncias contra sus hermanos y contra la propia adulta mayor por violencia psicol\u00f3gica, amenazas y lesiones graves y leves, procesos que, seg\u00fan Aguirre, avanzaron hasta una imputaci\u00f3n.<\/p>\n<p>\u201cEstamos denunciando una desigualdad en el tratamiento de los casos. A la verdadera v\u00edctima se le rechaza su denuncia pese a los actuados realizados, mientras las denuncias contra ella y sus hijos avanzan hasta una imputaci\u00f3n\u201d, afirm\u00f3.<\/p>\n<p>La representante calific\u00f3 esas acusaciones como denuncias falsas y cuestion\u00f3 que la Fiscal\u00eda haya solicitado seis meses de detenci\u00f3n preventiva para uno de los hijos por una denuncia de violencia psicol\u00f3gica. Sostuvo que el hombre vive con su madre y se encarga de atenderla desde que ella dej\u00f3 su vivienda debido a las agresiones que, seg\u00fan la asociaci\u00f3n, habr\u00eda sufrido.<\/p>\n<p>Otro de los cuestionamientos est\u00e1 dirigido al fiscal departamental de Potos\u00ed. Aguirre afirm\u00f3 que, antes de asumir el cargo, la autoridad habr\u00eda vivido durante dos meses en un hotel de propiedad de Cuiza, debido a su amistad con el nieto de la mujer. La asociaci\u00f3n considera que este antecedente debe ser esclarecido ante las denuncias que realiza sobre el manejo del caso.<\/p>\n<p>Aguirre se\u00f1al\u00f3 que presentaron denuncias ante la Fiscal\u00eda General, R\u00e9gimen Disciplinario, la Comisi\u00f3n de Justicia Plural de la C\u00e1mara de Diputados y la Presidencia de Diputados. En estas gestiones tambi\u00e9n particip\u00f3 la vicepresidenta de la Asociaci\u00f3n Justicia e Igualdad, Luz Guti\u00e9rrez Aguilar, quien hizo llegar a EL DIARIO una copia de la denuncia presentada ante la Comisi\u00f3n de Justicia Plural. Seg\u00fan la representante, ninguna de estas instancias dio una respuesta efectiva.<\/p>\n<p>La organizaci\u00f3n tambi\u00e9n acudi\u00f3 a la Defensor\u00eda del Pueblo, pero asegur\u00f3 que la delegaci\u00f3n de Potos\u00ed aleg\u00f3 limitaciones para realizar el seguimiento solicitado.<\/p>\n<p>\u201cSi la Fiscal\u00eda contin\u00faa actuando de esta manera, vamos a movilizarnos para exigir la intervenci\u00f3n y el cambio de las autoridades que no est\u00e1n cumpliendo su trabajo\u201d, advirti\u00f3 Aguirre.<\/p>\n","protected":false},"excerpt":{"rendered":"<p>La Asociaci\u00f3n Justicia e Igualdad, en contacto con EL DIARIO, denunci\u00f3 un presunto trato desigual de la Fiscal\u00eda de Potos\u00ed en el caso de Te\u00f3fila Cuiza, una mujer de 77 a\u00f1os que denunci\u00f3 violencia por parte de sus hijas y un nieto. Seg\u00fan la organizaci\u00f3n, mientras la denuncia presentada por la adulta mayor fue rechazada [&hellip;]<\/p>\n","protected":false},"author":1,"featured_media":422002,"comment_status":"closed","ping_status":"open","sticky":false,"template":"","format":"standard","meta":{"_acf_changed":false,"footnotes":""},"categories":[39],"tags":[],"class_list":["post-422001","post","type-post","status-publish","format-standard","has-post-thumbnail","category-sociedad"],"acf":{"antetitulo":"Potos\u00ed"},"yoast_head":"<!-- This site is optimized with the Yoast SEO plugin v28.3 - https:\/\/yoast.com\/product\/yoast-seo-wordpress\/ -->\n<title>Denuncian trato desigual de la Fiscal\u00eda en caso de adulta mayor - El Diario - Bolivia<\/title>\n<meta name=\"robots\" content=\"index, follow, max-snippet:-1, max-image-preview:large, max-video-preview:-1\" \/>\n<link rel=\"canonical\" href=\"https:\/\/www.eldiario.net\/portal\/2026\/08\/17\/denuncian-trato-desigual-de-la-fiscalia-en-caso-de-adulta-mayor\/\" \/>\n<meta property=\"og:locale\" content=\"es_ES\" \/>\n<meta property=\"og:type\" content=\"article\" \/>\n<meta property=\"og:title\" content=\"Denuncian trato desigual de la Fiscal\u00eda en caso de adulta mayor - El Diario - Bolivia\" \/>\n<meta property=\"og:description\" content=\"La Asociaci\u00f3n Justicia e Igualdad, en contacto con EL DIARIO, denunci\u00f3 un presunto trato desigual de la Fiscal\u00eda de Potos\u00ed en el caso de Te\u00f3fila Cuiza, una mujer de 77 a\u00f1os que denunci\u00f3 violencia por parte de sus hijas y un nieto. Seg\u00fan la organizaci\u00f3n, mientras la denuncia presentada por la adulta mayor fue rechazada [&hellip;]\" \/>\n<meta property=\"og:url\" content=\"https:\/\/www.eldiario.net\/portal\/2026\/08\/17\/denuncian-trato-desigual-de-la-fiscalia-en-caso-de-adulta-mayor\/\" \/>\n<meta property=\"og:site_name\" content=\"El Diario - Bolivia\" \/>\n<meta property=\"article:publisher\" content=\"https:\/\/www.facebook.com\/eldiario.bolivia\/\" \/>\n<meta property=\"article:published_time\" content=\"2026-08-17T04:14:23+00:00\" \/>\n<meta property=\"og:image\" content=\"https:\/\/www.eldiario.net\/portal\/wp-content\/uploads\/2026\/08\/17-ASO.webp\" \/>\n\t<meta property=\"og:image:width\" content=\"886\" \/>\n\t<meta property=\"og:image:height\" content=\"737\" \/>\n\t<meta property=\"og:image:type\" content=\"image\/webp\" \/>\n<meta name=\"author\" content=\"Jeanette\" \/>\n<meta name=\"twitter:card\" content=\"summary_large_image\" \/>\n<meta name=\"twitter:creator\" content=\"@eldiario_net\" \/>\n<meta name=\"twitter:site\" content=\"@eldiario_net\" \/>\n<meta name=\"twitter:label1\" content=\"Escrito por\" \/>\n\t<meta name=\"twitter:data1\" content=\"Jeanette\" \/>\n\t<meta name=\"twitter:label2\" content=\"Tiempo de lectura\" \/>\n\t<meta name=\"twitter:data2\" content=\"3 minutos\" \/>\n<script type=\"application\/ld+json\" class=\"yoast-schema-graph\">{\"@context\":\"https:\\\/\\\/schema.org\",\"@graph\":[{\"@type\":\"Article\",\"@id\":\"https:\\\/\\\/www.eldiario.net\\\/portal\\\/2026\\\/08\\\/17\\\/denuncian-trato-desigual-de-la-fiscalia-en-caso-de-adulta-mayor\\\/#article\",\"isPartOf\":{\"@id\":\"https:\\\/\\\/www.eldiario.net\\\/portal\\\/2026\\\/08\\\/17\\\/denuncian-trato-desigual-de-la-fiscalia-en-caso-de-adulta-mayor\\\/\"},\"author\":{\"name\":\"Jeanette\",\"@id\":\"https:\\\/\\\/www.eldiario.net\\\/portal\\\/#\\\/schema\\\/person\\\/f46445640444750d7d753ccd04ae01b7\"},\"headline\":\"Denuncian trato desigual de la Fiscal\u00eda en caso de adulta mayor\",\"datePublished\":\"2026-08-17T04:14:23+00:00\",\"mainEntityOfPage\":{\"@id\":\"https:\\\/\\\/www.eldiario.net\\\/portal\\\/2026\\\/08\\\/17\\\/denuncian-trato-desigual-de-la-fiscalia-en-caso-de-adulta-mayor\\\/\"},\"wordCount\":524,\"publisher\":{\"@id\":\"https:\\\/\\\/www.eldiario.net\\\/portal\\\/#organization\"},\"image\":{\"@id\":\"https:\\\/\\\/www.eldiario.net\\\/portal\\\/2026\\\/08\\\/17\\\/denuncian-trato-desigual-de-la-fiscalia-en-caso-de-adulta-mayor\\\/#primaryimage\"},\"thumbnailUrl\":\"https:\\\/\\\/www.eldiario.net\\\/portal\\\/wp-content\\\/uploads\\\/2026\\\/08\\\/17-ASO.webp\",\"articleSection\":[\"Sociedad - Seguridad\"],\"inLanguage\":\"es\"},{\"@type\":\"WebPage\",\"@id\":\"https:\\\/\\\/www.eldiario.net\\\/portal\\\/2026\\\/08\\\/17\\\/denuncian-trato-desigual-de-la-fiscalia-en-caso-de-adulta-mayor\\\/\",\"url\":\"https:\\\/\\\/www.eldiario.net\\\/portal\\\/2026\\\/08\\\/17\\\/denuncian-trato-desigual-de-la-fiscalia-en-caso-de-adulta-mayor\\\/\",\"name\":\"Denuncian trato desigual de la Fiscal\u00eda en caso de adulta mayor - El Diario - Bolivia\",\"isPartOf\":{\"@id\":\"https:\\\/\\\/www.eldiario.net\\\/portal\\\/#website\"},\"primaryImageOfPage\":{\"@id\":\"https:\\\/\\\/www.eldiario.net\\\/portal\\\/2026\\\/08\\\/17\\\/denuncian-trato-desigual-de-la-fiscalia-en-caso-de-adulta-mayor\\\/#primaryimage\"},\"image\":{\"@id\":\"https:\\\/\\\/www.eldiario.net\\\/portal\\\/2026\\\/08\\\/17\\\/denuncian-trato-desigual-de-la-fiscalia-en-caso-de-adulta-mayor\\\/#primaryimage\"},\"thumbnailUrl\":\"https:\\\/\\\/www.eldiario.net\\\/portal\\\/wp-content\\\/uploads\\\/2026\\\/08\\\/17-ASO.webp\",\"datePublished\":\"2026-08-17T04:14:23+00:00\",\"breadcrumb\":{\"@id\":\"https:\\\/\\\/www.eldiario.net\\\/portal\\\/2026\\\/08\\\/17\\\/denuncian-trato-desigual-de-la-fiscalia-en-caso-de-adulta-mayor\\\/#breadcrumb\"},\"inLanguage\":\"es\",\"potentialAction\":[{\"@type\":\"ReadAction\",\"target\":[\"https:\\\/\\\/www.eldiario.net\\\/portal\\\/2026\\\/08\\\/17\\\/denuncian-trato-desigual-de-la-fiscalia-en-caso-de-adulta-mayor\\\/\"]}]},{\"@type\":\"ImageObject\",\"inLanguage\":\"es\",\"@id\":\"https:\\\/\\\/www.eldiario.net\\\/portal\\\/2026\\\/08\\\/17\\\/denuncian-trato-desigual-de-la-fiscalia-en-caso-de-adulta-mayor\\\/#primaryimage\",\"url\":\"https:\\\/\\\/www.eldiario.net\\\/portal\\\/wp-content\\\/uploads\\\/2026\\\/08\\\/17-ASO.webp\",\"contentUrl\":\"https:\\\/\\\/www.eldiario.net\\\/portal\\\/wp-content\\\/uploads\\\/2026\\\/08\\\/17-ASO.webp\",\"width\":886,\"height\":737,\"caption\":\"La Asociaci\u00f3n Justicia e Igualdad, junto a la se\u00f1ora Te\u00f3fila Cuiza, presentan denuncia en la Fiscal\u00eda de Potos\u00ed. Cr\u00e9dito de foto: AJI\"},{\"@type\":\"BreadcrumbList\",\"@id\":\"https:\\\/\\\/www.eldiario.net\\\/portal\\\/2026\\\/08\\\/17\\\/denuncian-trato-desigual-de-la-fiscalia-en-caso-de-adulta-mayor\\\/#breadcrumb\",\"itemListElement\":[{\"@type\":\"ListItem\",\"position\":1,\"name\":\"Portada\",\"item\":\"https:\\\/\\\/www.eldiario.net\\\/portal\\\/\"},{\"@type\":\"ListItem\",\"position\":2,\"name\":\"Denuncian trato desigual de la Fiscal\u00eda en caso de adulta mayor\"}]},{\"@type\":\"WebSite\",\"@id\":\"https:\\\/\\\/www.eldiario.net\\\/portal\\\/#website\",\"url\":\"https:\\\/\\\/www.eldiario.net\\\/portal\\\/\",\"name\":\"El Diario - Decano de la prensa nacional\",\"description\":\"El Diario - Decano de la prensa nacional\",\"publisher\":{\"@id\":\"https:\\\/\\\/www.eldiario.net\\\/portal\\\/#organization\"},\"potentialAction\":[{\"@type\":\"SearchAction\",\"target\":{\"@type\":\"EntryPoint\",\"urlTemplate\":\"https:\\\/\\\/www.eldiario.net\\\/portal\\\/?s={search_term_string}\"},\"query-input\":{\"@type\":\"PropertyValueSpecification\",\"valueRequired\":true,\"valueName\":\"search_term_string\"}}],\"inLanguage\":\"es\"},{\"@type\":\"Organization\",\"@id\":\"https:\\\/\\\/www.eldiario.net\\\/portal\\\/#organization\",\"name\":\"El Diario - Decano de la prensa nacional\",\"url\":\"https:\\\/\\\/www.eldiario.net\\\/portal\\\/\",\"logo\":{\"@type\":\"ImageObject\",\"inLanguage\":\"es\",\"@id\":\"https:\\\/\\\/www.eldiario.net\\\/portal\\\/#\\\/schema\\\/logo\\\/image\\\/\",\"url\":\"https:\\\/\\\/www.eldiario.net\\\/portal\\\/wp-content\\\/uploads\\\/2023\\\/07\\\/logo_ED.jpg\",\"contentUrl\":\"https:\\\/\\\/www.eldiario.net\\\/portal\\\/wp-content\\\/uploads\\\/2023\\\/07\\\/logo_ED.jpg\",\"width\":272,\"height\":52,\"caption\":\"El Diario - Decano de la prensa nacional\"},\"image\":{\"@id\":\"https:\\\/\\\/www.eldiario.net\\\/portal\\\/#\\\/schema\\\/logo\\\/image\\\/\"},\"sameAs\":[\"https:\\\/\\\/www.facebook.com\\\/eldiario.bolivia\\\/\",\"https:\\\/\\\/x.com\\\/eldiario_net\"]},{\"@type\":\"Person\",\"@id\":\"https:\\\/\\\/www.eldiario.net\\\/portal\\\/#\\\/schema\\\/person\\\/f46445640444750d7d753ccd04ae01b7\",\"name\":\"Jeanette\",\"image\":{\"@type\":\"ImageObject\",\"inLanguage\":\"es\",\"@id\":\"https:\\\/\\\/secure.gravatar.com\\\/avatar\\\/3ea2118a5f7dad2b7138b1187a6b7ee55f160b9968b66013c3a3ef39dd7e5798?s=96&d=mm&r=g\",\"url\":\"https:\\\/\\\/secure.gravatar.com\\\/avatar\\\/3ea2118a5f7dad2b7138b1187a6b7ee55f160b9968b66013c3a3ef39dd7e5798?s=96&d=mm&r=g\",\"contentUrl\":\"https:\\\/\\\/secure.gravatar.com\\\/avatar\\\/3ea2118a5f7dad2b7138b1187a6b7ee55f160b9968b66013c3a3ef39dd7e5798?s=96&d=mm&r=g\",\"caption\":\"Jeanette\"},\"sameAs\":[\"https:\\\/\\\/www.eldiario.net\\\/portal\"],\"url\":\"https:\\\/\\\/www.eldiario.net\\\/portal\\\/author\\\/jeanette\\\/\"}]}<\/script>\n<!-- \/ Yoast SEO plugin. -->","yoast_head_json":{"title":"Denuncian trato desigual de la Fiscal\u00eda en caso de adulta mayor - El Diario - Bolivia","robots":{"index":"index","follow":"follow","max-snippet":"max-snippet:-1","max-image-preview":"max-image-preview:large","max-video-preview":"max-video-preview:-1"},"canonical":"https:\/\/www.eldiario.net\/portal\/2026\/08\/17\/denuncian-trato-desigual-de-la-fiscalia-en-caso-de-adulta-mayor\/","og_locale":"es_ES","og_type":"article","og_title":"Denuncian trato desigual de la Fiscal\u00eda en caso de adulta mayor - El Diario - Bolivia","og_description":"La Asociaci\u00f3n Justicia e Igualdad, en contacto con EL DIARIO, denunci\u00f3 un presunto trato desigual de la Fiscal\u00eda de Potos\u00ed en el caso de Te\u00f3fila Cuiza, una mujer de 77 a\u00f1os que denunci\u00f3 violencia por parte de sus hijas y un nieto. Seg\u00fan la organizaci\u00f3n, mientras la denuncia presentada por la adulta mayor fue rechazada [&hellip;]","og_url":"https:\/\/www.eldiario.net\/portal\/2026\/08\/17\/denuncian-trato-desigual-de-la-fiscalia-en-caso-de-adulta-mayor\/","og_site_name":"El Diario - Bolivia","article_publisher":"https:\/\/www.facebook.com\/eldiario.bolivia\/","article_published_time":"2026-08-17T04:14:23+00:00","og_image":[{"width":886,"height":737,"url":"https:\/\/www.eldiario.net\/portal\/wp-content\/uploads\/2026\/08\/17-ASO.webp","type":"image\/webp"}],"author":"Jeanette","twitter_card":"summary_large_image","twitter_creator":"@eldiario_net","twitter_site":"@eldiario_net","twitter_misc":{"Escrito por":"Jeanette","Tiempo de lectura":"3 minutos"},"schema":{"@context":"https:\/\/schema.org","@graph":[{"@type":"Article","@id":"https:\/\/www.eldiario.net\/portal\/2026\/08\/17\/denuncian-trato-desigual-de-la-fiscalia-en-caso-de-adulta-mayor\/#article","isPartOf":{"@id":"https:\/\/www.eldiario.net\/portal\/2026\/08\/17\/denuncian-trato-desigual-de-la-fiscalia-en-caso-de-adulta-mayor\/"},"author":{"name":"Jeanette","@id":"https:\/\/www.eldiario.net\/portal\/#\/schema\/person\/f46445640444750d7d753ccd04ae01b7"},"headline":"Denuncian trato desigual de la Fiscal\u00eda en caso de adulta mayor","datePublished":"2026-08-17T04:14:23+00:00","mainEntityOfPage":{"@id":"https:\/\/www.eldiario.net\/portal\/2026\/08\/17\/denuncian-trato-desigual-de-la-fiscalia-en-caso-de-adulta-mayor\/"},"wordCount":524,"publisher":{"@id":"https:\/\/www.eldiario.net\/portal\/#organization"},"image":{"@id":"https:\/\/www.eldiario.net\/portal\/2026\/08\/17\/denuncian-trato-desigual-de-la-fiscalia-en-caso-de-adulta-mayor\/#primaryimage"},"thumbnailUrl":"https:\/\/www.eldiario.net\/portal\/wp-content\/uploads\/2026\/08\/17-ASO.webp","articleSection":["Sociedad - Seguridad"],"inLanguage":"es"},{"@type":"WebPage","@id":"https:\/\/www.eldiario.net\/portal\/2026\/08\/17\/denuncian-trato-desigual-de-la-fiscalia-en-caso-de-adulta-mayor\/","url":"https:\/\/www.eldiario.net\/portal\/2026\/08\/17\/denuncian-trato-desigual-de-la-fiscalia-en-caso-de-adulta-mayor\/","name":"Denuncian trato desigual de la Fiscal\u00eda en caso de adulta mayor - El Diario - Bolivia","isPartOf":{"@id":"https:\/\/www.eldiario.net\/portal\/#website"},"primaryImageOfPage":{"@id":"https:\/\/www.eldiario.net\/portal\/2026\/08\/17\/denuncian-trato-desigual-de-la-fiscalia-en-caso-de-adulta-mayor\/#primaryimage"},"image":{"@id":"https:\/\/www.eldiario.net\/portal\/2026\/08\/17\/denuncian-trato-desigual-de-la-fiscalia-en-caso-de-adulta-mayor\/#primaryimage"},"thumbnailUrl":"https:\/\/www.eldiario.net\/portal\/wp-content\/uploads\/2026\/08\/17-ASO.webp","datePublished":"2026-08-17T04:14:23+00:00","breadcrumb":{"@id":"https:\/\/www.eldiario.net\/portal\/2026\/08\/17\/denuncian-trato-desigual-de-la-fiscalia-en-caso-de-adulta-mayor\/#breadcrumb"},"inLanguage":"es","potentialAction":[{"@type":"ReadAction","target":["https:\/\/www.eldiario.net\/portal\/2026\/08\/17\/denuncian-trato-desigual-de-la-fiscalia-en-caso-de-adulta-mayor\/"]}]},{"@type":"ImageObject","inLanguage":"es","@id":"https:\/\/www.eldiario.net\/portal\/2026\/08\/17\/denuncian-trato-desigual-de-la-fiscalia-en-caso-de-adulta-mayor\/#primaryimage","url":"https:\/\/www.eldiario.net\/portal\/wp-content\/uploads\/2026\/08\/17-ASO.webp","contentUrl":"https:\/\/www.eldiario.net\/portal\/wp-content\/uploads\/2026\/08\/17-ASO.webp","width":886,"height":737,"caption":"La Asociaci\u00f3n Justicia e Igualdad, junto a la se\u00f1ora Te\u00f3fila Cuiza, presentan denuncia en la Fiscal\u00eda de Potos\u00ed. Cr\u00e9dito de foto: AJI"},{"@type":"BreadcrumbList","@id":"https:\/\/www.eldiario.net\/portal\/2026\/08\/17\/denuncian-trato-desigual-de-la-fiscalia-en-caso-de-adulta-mayor\/#breadcrumb","itemListElement":[{"@type":"ListItem","position":1,"name":"Portada","item":"https:\/\/www.eldiario.net\/portal\/"},{"@type":"ListItem","position":2,"name":"Denuncian trato desigual de la Fiscal\u00eda en caso de adulta mayor"}]},{"@type":"WebSite","@id":"https:\/\/www.eldiario.net\/portal\/#website","url":"https:\/\/www.eldiario.net\/portal\/","name":"El Diario - Decano de la prensa nacional","description":"El Diario - Decano de la prensa nacional","publisher":{"@id":"https:\/\/www.eldiario.net\/portal\/#organization"},"potentialAction":[{"@type":"SearchAction","target":{"@type":"EntryPoint","urlTemplate":"https:\/\/www.eldiario.net\/portal\/?s={search_term_string}"},"query-input":{"@type":"PropertyValueSpecification","valueRequired":true,"valueName":"search_term_string"}}],"inLanguage":"es"},{"@type":"Organization","@id":"https:\/\/www.eldiario.net\/portal\/#organization","name":"El Diario - Decano de la prensa nacional","url":"https:\/\/www.eldiario.net\/portal\/","logo":{"@type":"ImageObject","inLanguage":"es","@id":"https:\/\/www.eldiario.net\/portal\/#\/schema\/logo\/image\/","url":"https:\/\/www.eldiario.net\/portal\/wp-content\/uploads\/2023\/07\/logo_ED.jpg","contentUrl":"https:\/\/www.eldiario.net\/portal\/wp-content\/uploads\/2023\/07\/logo_ED.jpg","width":272,"height":52,"caption":"El Diario - Decano de la prensa nacional"},"image":{"@id":"https:\/\/www.eldiario.net\/portal\/#\/schema\/logo\/image\/"},"sameAs":["https:\/\/www.facebook.com\/eldiario.bolivia\/","https:\/\/x.com\/eldiario_net"]},{"@type":"Person","@id":"https:\/\/www.eldiario.net\/portal\/#\/schema\/person\/f46445640444750d7d753ccd04ae01b7","name":"Jeanette","image":{"@type":"ImageObject","inLanguage":"es","@id":"https:\/\/secure.gravatar.com\/avatar\/3ea2118a5f7dad2b7138b1187a6b7ee55f160b9968b66013c3a3ef39dd7e5798?s=96&d=mm&r=g","url":"https:\/\/secure.gravatar.com\/avatar\/3ea2118a5f7dad2b7138b1187a6b7ee55f160b9968b66013c3a3ef39dd7e5798?s=96&d=mm&r=g","contentUrl":"https:\/\/secure.gravatar.com\/avatar\/3ea2118a5f7dad2b7138b1187a6b7ee55f160b9968b66013c3a3ef39dd7e5798?s=96&d=mm&r=g","caption":"Jeanette"},"sameAs":["https:\/\/www.eldiario.net\/portal"],"url":"https:\/\/www.eldiario.net\/portal\/author\/jeanette\/"}]}},"_links":{"self":[{"href":"https:\/\/www.eldiario.net\/portal\/wp-json\/wp\/v2\/posts\/422001","targetHints":{"allow":["GET"]}}],"collection":[{"href":"https:\/\/www.eldiario.net\/portal\/wp-json\/wp\/v2\/posts"}],"about":[{"href":"https:\/\/www.eldiario.net\/portal\/wp-json\/wp\/v2\/types\/post"}],"author":[{"embeddable":true,"href":"https:\/\/www.eldiario.net\/portal\/wp-json\/wp\/v2\/users\/1"}],"replies":[{"embeddable":true,"href":"https:\/\/www.eldiario.net\/portal\/wp-json\/wp\/v2\/comments?post=422001"}],"version-history":[{"count":1,"href":"https:\/\/www.eldiario.net\/portal\/wp-json\/wp\/v2\/posts\/422001\/revisions"}],"predecessor-version":[{"id":422003,"href":"https:\/\/www.eldiario.net\/portal\/wp-json\/wp\/v2\/posts\/422001\/revisions\/422003"}],"wp:featuredmedia":[{"embeddable":true,"href":"https:\/\/www.eldiario.net\/portal\/wp-json\/wp\/v2\/media\/422002"}],"wp:attachment":[{"href":"https:\/\/www.eldiario.net\/portal\/wp-json\/wp\/v2\/media?parent=422001"}],"wp:term":[{"taxonomy":"category","embeddable":true,"href":"https:\/\/www.eldiario.net\/portal\/wp-json\/wp\/v2\/categories?post=422001"},{"taxonomy":"post_tag","embeddable":true,"href":"https:\/\/www.eldiario.net\/portal\/wp-json\/wp\/v2\/tags?post=422001"}],"curies":[{"name":"wp","href":"https:\/\/api.w.org\/{rel}","templated":true}]}}