{"id":421998,"date":"2026-08-17T00:14:02","date_gmt":"2026-08-17T04:14:02","guid":{"rendered":"https:\/\/www.eldiario.net\/portal\/?p=421998"},"modified":"2026-08-16T22:15:52","modified_gmt":"2026-08-17T02:15:52","slug":"advierten-riesgos-por-licencias-de-conducir-desde-los-16-anos","status":"publish","type":"post","link":"https:\/\/www.eldiario.net\/portal\/2026\/08\/17\/advierten-riesgos-por-licencias-de-conducir-desde-los-16-anos\/","title":{"rendered":"Advierten riesgos por licencias de conducir desde los 16 a\u00f1os"},"content":{"rendered":"<p>El presidente del Autom\u00f3vil Club Boliviano (ACB), Antonio Abdo, expres\u00f3 su preocupaci\u00f3n por la autorizaci\u00f3n para que adolescentes de 16 a\u00f1os puedan conducir en el pa\u00eds, al considerar que muchos no cuentan con la capacitaci\u00f3n necesaria para hacerlo de forma segura y que esta medida podr\u00eda incrementar los accidentes de tr\u00e1nsito.<\/p>\n<p>Abdo se\u00f1al\u00f3 que permitir que j\u00f3venes conduzcan sin una formaci\u00f3n adecuada representa un riesgo para la seguridad vial, ya que un veh\u00edculo puede convertirse en un peligro si quien est\u00e1 al volante no posee los conocimientos suficientes.<\/p>\n<p>\u00abLanzar a j\u00f3venes sin la debida capacitaci\u00f3n a conducir un veh\u00edculo que puede ser un arma mortal es preocupante para nosotros\u00bb, afirm\u00f3.<\/p>\n<p>Las declaraciones fueron realizadas durante el lanzamiento del proyecto \u00abYo me muevo seguro\u00bb, iniciativa de educaci\u00f3n vial impulsada por el ACB desde hace tres a\u00f1os y que ahora cuenta con el apoyo de Imcruz. En el acto participaron representantes de la empresa, estudiantes de una unidad educativa y medios de comunicaci\u00f3n.<\/p>\n<p>La preocupaci\u00f3n del presidente del ACB surge luego de la entrada en vigencia del Decreto Supremo 5364, promulgado en abril de 2025 durante el gobierno del presidente Luis Arce, que habilita una autorizaci\u00f3n provisional especial para que adolescentes de entre 16 y 18 a\u00f1os puedan conducir legalmente veh\u00edculos particulares de hasta siete pasajeros y motocicletas, previa tramitaci\u00f3n ante el Servicio General de Identificaci\u00f3n Personal (Segip).<\/p>\n<p>Abdo record\u00f3 que en a\u00f1os anteriores se eliminaron las licencias temporales para menores de edad debido a la ocurrencia de accidentes, por lo que considera indispensable reforzar la formaci\u00f3n antes de permitir que los adolescentes accedan a una autorizaci\u00f3n para conducir.<\/p>\n<p>Adem\u00e1s, cuestion\u00f3 que muchas escuelas de conducci\u00f3n del pa\u00eds no impartan educaci\u00f3n vial como parte de su proceso de ense\u00f1anza, situaci\u00f3n que, seg\u00fan indic\u00f3, limita la preparaci\u00f3n de los futuros conductores y dificulta la prevenci\u00f3n de siniestros.<\/p>\n<p>\u00abSi las autoridades no se ponen las pilas vamos a tener muchos accidentes\u00bb, advirti\u00f3.<\/p>\n<p>Respecto al proyecto \u00abYo me muevo seguro\u00bb, Abdo explic\u00f3 que la iniciativa es de car\u00e1cter permanente y busca capacitar a ni\u00f1os y j\u00f3venes en normas de tr\u00e1nsito y seguridad vial desde edades tempranas. Asimismo, inform\u00f3 que, tras su implementaci\u00f3n en La Paz, el programa se extender\u00e1 pr\u00f3ximamente a Cochabamba y Santa Cruz con el respaldo de Imcruz.<\/p>\n<p>Finalmente, invit\u00f3 a unidades educativas fiscales, privadas y de convenio a sumarse a esta propuesta, con el objetivo de fortalecer la educaci\u00f3n vial y promover una cultura de prevenci\u00f3n entre las nuevas generaciones.<\/p>\n","protected":false},"excerpt":{"rendered":"<p>El presidente del Autom\u00f3vil Club Boliviano (ACB), Antonio Abdo, expres\u00f3 su preocupaci\u00f3n por la autorizaci\u00f3n para que adolescentes de 16 a\u00f1os puedan conducir en el pa\u00eds, al considerar que muchos no cuentan con la capacitaci\u00f3n necesaria para hacerlo de forma segura y que esta medida podr\u00eda incrementar los accidentes de tr\u00e1nsito. Abdo se\u00f1al\u00f3 que permitir [&hellip;]<\/p>\n","protected":false},"author":1,"featured_media":421999,"comment_status":"closed","ping_status":"open","sticky":false,"template":"","format":"standard","meta":{"_acf_changed":false,"footnotes":""},"categories":[39],"tags":[],"class_list":["post-421998","post","type-post","status-publish","format-standard","has-post-thumbnail","category-sociedad"],"acf":{"antetitulo":"Educaci\u00f3n vial con falencias en el pa\u00eds"},"yoast_head":"<!-- This site is optimized with the Yoast SEO plugin v28.3 - https:\/\/yoast.com\/product\/yoast-seo-wordpress\/ -->\n<title>Advierten riesgos por licencias de conducir desde los 16 a\u00f1os - El Diario - Bolivia<\/title>\n<meta name=\"robots\" content=\"index, follow, max-snippet:-1, max-image-preview:large, max-video-preview:-1\" \/>\n<link rel=\"canonical\" href=\"https:\/\/www.eldiario.net\/portal\/2026\/08\/17\/advierten-riesgos-por-licencias-de-conducir-desde-los-16-anos\/\" \/>\n<meta property=\"og:locale\" content=\"es_ES\" \/>\n<meta property=\"og:type\" content=\"article\" \/>\n<meta property=\"og:title\" content=\"Advierten riesgos por licencias de conducir desde los 16 a\u00f1os - El Diario - Bolivia\" \/>\n<meta property=\"og:description\" content=\"El presidente del Autom\u00f3vil Club Boliviano (ACB), Antonio Abdo, expres\u00f3 su preocupaci\u00f3n por la autorizaci\u00f3n para que adolescentes de 16 a\u00f1os puedan conducir en el pa\u00eds, al considerar que muchos no cuentan con la capacitaci\u00f3n necesaria para hacerlo de forma segura y que esta medida podr\u00eda incrementar los accidentes de tr\u00e1nsito. Abdo se\u00f1al\u00f3 que permitir [&hellip;]\" \/>\n<meta property=\"og:url\" content=\"https:\/\/www.eldiario.net\/portal\/2026\/08\/17\/advierten-riesgos-por-licencias-de-conducir-desde-los-16-anos\/\" \/>\n<meta property=\"og:site_name\" content=\"El Diario - Bolivia\" \/>\n<meta property=\"article:publisher\" content=\"https:\/\/www.facebook.com\/eldiario.bolivia\/\" \/>\n<meta property=\"article:published_time\" content=\"2026-08-17T04:14:02+00:00\" \/>\n<meta property=\"og:image\" content=\"https:\/\/www.eldiario.net\/portal\/wp-content\/uploads\/2026\/08\/17-ACB.webp\" \/>\n\t<meta property=\"og:image:width\" content=\"1153\" \/>\n\t<meta property=\"og:image:height\" content=\"1288\" \/>\n\t<meta property=\"og:image:type\" content=\"image\/webp\" \/>\n<meta name=\"author\" content=\"Jeanette\" \/>\n<meta name=\"twitter:card\" content=\"summary_large_image\" \/>\n<meta name=\"twitter:creator\" content=\"@eldiario_net\" \/>\n<meta name=\"twitter:site\" content=\"@eldiario_net\" \/>\n<meta name=\"twitter:label1\" content=\"Escrito por\" \/>\n\t<meta name=\"twitter:data1\" content=\"Jeanette\" \/>\n\t<meta name=\"twitter:label2\" content=\"Tiempo de lectura\" \/>\n\t<meta name=\"twitter:data2\" content=\"3 minutos\" \/>\n<script type=\"application\/ld+json\" class=\"yoast-schema-graph\">{\"@context\":\"https:\\\/\\\/schema.org\",\"@graph\":[{\"@type\":\"Article\",\"@id\":\"https:\\\/\\\/www.eldiario.net\\\/portal\\\/2026\\\/08\\\/17\\\/advierten-riesgos-por-licencias-de-conducir-desde-los-16-anos\\\/#article\",\"isPartOf\":{\"@id\":\"https:\\\/\\\/www.eldiario.net\\\/portal\\\/2026\\\/08\\\/17\\\/advierten-riesgos-por-licencias-de-conducir-desde-los-16-anos\\\/\"},\"author\":{\"name\":\"Jeanette\",\"@id\":\"https:\\\/\\\/www.eldiario.net\\\/portal\\\/#\\\/schema\\\/person\\\/f46445640444750d7d753ccd04ae01b7\"},\"headline\":\"Advierten riesgos por licencias de conducir desde los 16 a\u00f1os\",\"datePublished\":\"2026-08-17T04:14:02+00:00\",\"mainEntityOfPage\":{\"@id\":\"https:\\\/\\\/www.eldiario.net\\\/portal\\\/2026\\\/08\\\/17\\\/advierten-riesgos-por-licencias-de-conducir-desde-los-16-anos\\\/\"},\"wordCount\":457,\"publisher\":{\"@id\":\"https:\\\/\\\/www.eldiario.net\\\/portal\\\/#organization\"},\"image\":{\"@id\":\"https:\\\/\\\/www.eldiario.net\\\/portal\\\/2026\\\/08\\\/17\\\/advierten-riesgos-por-licencias-de-conducir-desde-los-16-anos\\\/#primaryimage\"},\"thumbnailUrl\":\"https:\\\/\\\/www.eldiario.net\\\/portal\\\/wp-content\\\/uploads\\\/2026\\\/08\\\/17-ACB.webp\",\"articleSection\":[\"Sociedad - Seguridad\"],\"inLanguage\":\"es\"},{\"@type\":\"WebPage\",\"@id\":\"https:\\\/\\\/www.eldiario.net\\\/portal\\\/2026\\\/08\\\/17\\\/advierten-riesgos-por-licencias-de-conducir-desde-los-16-anos\\\/\",\"url\":\"https:\\\/\\\/www.eldiario.net\\\/portal\\\/2026\\\/08\\\/17\\\/advierten-riesgos-por-licencias-de-conducir-desde-los-16-anos\\\/\",\"name\":\"Advierten riesgos por licencias de conducir desde los 16 a\u00f1os - El Diario - Bolivia\",\"isPartOf\":{\"@id\":\"https:\\\/\\\/www.eldiario.net\\\/portal\\\/#website\"},\"primaryImageOfPage\":{\"@id\":\"https:\\\/\\\/www.eldiario.net\\\/portal\\\/2026\\\/08\\\/17\\\/advierten-riesgos-por-licencias-de-conducir-desde-los-16-anos\\\/#primaryimage\"},\"image\":{\"@id\":\"https:\\\/\\\/www.eldiario.net\\\/portal\\\/2026\\\/08\\\/17\\\/advierten-riesgos-por-licencias-de-conducir-desde-los-16-anos\\\/#primaryimage\"},\"thumbnailUrl\":\"https:\\\/\\\/www.eldiario.net\\\/portal\\\/wp-content\\\/uploads\\\/2026\\\/08\\\/17-ACB.webp\",\"datePublished\":\"2026-08-17T04:14:02+00:00\",\"breadcrumb\":{\"@id\":\"https:\\\/\\\/www.eldiario.net\\\/portal\\\/2026\\\/08\\\/17\\\/advierten-riesgos-por-licencias-de-conducir-desde-los-16-anos\\\/#breadcrumb\"},\"inLanguage\":\"es\",\"potentialAction\":[{\"@type\":\"ReadAction\",\"target\":[\"https:\\\/\\\/www.eldiario.net\\\/portal\\\/2026\\\/08\\\/17\\\/advierten-riesgos-por-licencias-de-conducir-desde-los-16-anos\\\/\"]}]},{\"@type\":\"ImageObject\",\"inLanguage\":\"es\",\"@id\":\"https:\\\/\\\/www.eldiario.net\\\/portal\\\/2026\\\/08\\\/17\\\/advierten-riesgos-por-licencias-de-conducir-desde-los-16-anos\\\/#primaryimage\",\"url\":\"https:\\\/\\\/www.eldiario.net\\\/portal\\\/wp-content\\\/uploads\\\/2026\\\/08\\\/17-ACB.webp\",\"contentUrl\":\"https:\\\/\\\/www.eldiario.net\\\/portal\\\/wp-content\\\/uploads\\\/2026\\\/08\\\/17-ACB.webp\",\"width\":1153,\"height\":1288,\"caption\":\"Presidente de la ACB, Antonio Abdo. Cr\u00e9dito de foto: EL DIARIO\"},{\"@type\":\"BreadcrumbList\",\"@id\":\"https:\\\/\\\/www.eldiario.net\\\/portal\\\/2026\\\/08\\\/17\\\/advierten-riesgos-por-licencias-de-conducir-desde-los-16-anos\\\/#breadcrumb\",\"itemListElement\":[{\"@type\":\"ListItem\",\"position\":1,\"name\":\"Portada\",\"item\":\"https:\\\/\\\/www.eldiario.net\\\/portal\\\/\"},{\"@type\":\"ListItem\",\"position\":2,\"name\":\"Advierten riesgos por licencias de conducir desde los 16 a\u00f1os\"}]},{\"@type\":\"WebSite\",\"@id\":\"https:\\\/\\\/www.eldiario.net\\\/portal\\\/#website\",\"url\":\"https:\\\/\\\/www.eldiario.net\\\/portal\\\/\",\"name\":\"El Diario - Decano de la prensa nacional\",\"description\":\"El Diario - Decano de la prensa nacional\",\"publisher\":{\"@id\":\"https:\\\/\\\/www.eldiario.net\\\/portal\\\/#organization\"},\"potentialAction\":[{\"@type\":\"SearchAction\",\"target\":{\"@type\":\"EntryPoint\",\"urlTemplate\":\"https:\\\/\\\/www.eldiario.net\\\/portal\\\/?s={search_term_string}\"},\"query-input\":{\"@type\":\"PropertyValueSpecification\",\"valueRequired\":true,\"valueName\":\"search_term_string\"}}],\"inLanguage\":\"es\"},{\"@type\":\"Organization\",\"@id\":\"https:\\\/\\\/www.eldiario.net\\\/portal\\\/#organization\",\"name\":\"El Diario - Decano de la prensa nacional\",\"url\":\"https:\\\/\\\/www.eldiario.net\\\/portal\\\/\",\"logo\":{\"@type\":\"ImageObject\",\"inLanguage\":\"es\",\"@id\":\"https:\\\/\\\/www.eldiario.net\\\/portal\\\/#\\\/schema\\\/logo\\\/image\\\/\",\"url\":\"https:\\\/\\\/www.eldiario.net\\\/portal\\\/wp-content\\\/uploads\\\/2023\\\/07\\\/logo_ED.jpg\",\"contentUrl\":\"https:\\\/\\\/www.eldiario.net\\\/portal\\\/wp-content\\\/uploads\\\/2023\\\/07\\\/logo_ED.jpg\",\"width\":272,\"height\":52,\"caption\":\"El Diario - Decano de la prensa nacional\"},\"image\":{\"@id\":\"https:\\\/\\\/www.eldiario.net\\\/portal\\\/#\\\/schema\\\/logo\\\/image\\\/\"},\"sameAs\":[\"https:\\\/\\\/www.facebook.com\\\/eldiario.bolivia\\\/\",\"https:\\\/\\\/x.com\\\/eldiario_net\"]},{\"@type\":\"Person\",\"@id\":\"https:\\\/\\\/www.eldiario.net\\\/portal\\\/#\\\/schema\\\/person\\\/f46445640444750d7d753ccd04ae01b7\",\"name\":\"Jeanette\",\"image\":{\"@type\":\"ImageObject\",\"inLanguage\":\"es\",\"@id\":\"https:\\\/\\\/secure.gravatar.com\\\/avatar\\\/3ea2118a5f7dad2b7138b1187a6b7ee55f160b9968b66013c3a3ef39dd7e5798?s=96&d=mm&r=g\",\"url\":\"https:\\\/\\\/secure.gravatar.com\\\/avatar\\\/3ea2118a5f7dad2b7138b1187a6b7ee55f160b9968b66013c3a3ef39dd7e5798?s=96&d=mm&r=g\",\"contentUrl\":\"https:\\\/\\\/secure.gravatar.com\\\/avatar\\\/3ea2118a5f7dad2b7138b1187a6b7ee55f160b9968b66013c3a3ef39dd7e5798?s=96&d=mm&r=g\",\"caption\":\"Jeanette\"},\"sameAs\":[\"https:\\\/\\\/www.eldiario.net\\\/portal\"],\"url\":\"https:\\\/\\\/www.eldiario.net\\\/portal\\\/author\\\/jeanette\\\/\"}]}<\/script>\n<!-- \/ Yoast SEO plugin. -->","yoast_head_json":{"title":"Advierten riesgos por licencias de conducir desde los 16 a\u00f1os - El Diario - Bolivia","robots":{"index":"index","follow":"follow","max-snippet":"max-snippet:-1","max-image-preview":"max-image-preview:large","max-video-preview":"max-video-preview:-1"},"canonical":"https:\/\/www.eldiario.net\/portal\/2026\/08\/17\/advierten-riesgos-por-licencias-de-conducir-desde-los-16-anos\/","og_locale":"es_ES","og_type":"article","og_title":"Advierten riesgos por licencias de conducir desde los 16 a\u00f1os - El Diario - Bolivia","og_description":"El presidente del Autom\u00f3vil Club Boliviano (ACB), Antonio Abdo, expres\u00f3 su preocupaci\u00f3n por la autorizaci\u00f3n para que adolescentes de 16 a\u00f1os puedan conducir en el pa\u00eds, al considerar que muchos no cuentan con la capacitaci\u00f3n necesaria para hacerlo de forma segura y que esta medida podr\u00eda incrementar los accidentes de tr\u00e1nsito. Abdo se\u00f1al\u00f3 que permitir [&hellip;]","og_url":"https:\/\/www.eldiario.net\/portal\/2026\/08\/17\/advierten-riesgos-por-licencias-de-conducir-desde-los-16-anos\/","og_site_name":"El Diario - Bolivia","article_publisher":"https:\/\/www.facebook.com\/eldiario.bolivia\/","article_published_time":"2026-08-17T04:14:02+00:00","og_image":[{"width":1153,"height":1288,"url":"https:\/\/www.eldiario.net\/portal\/wp-content\/uploads\/2026\/08\/17-ACB.webp","type":"image\/webp"}],"author":"Jeanette","twitter_card":"summary_large_image","twitter_creator":"@eldiario_net","twitter_site":"@eldiario_net","twitter_misc":{"Escrito por":"Jeanette","Tiempo de lectura":"3 minutos"},"schema":{"@context":"https:\/\/schema.org","@graph":[{"@type":"Article","@id":"https:\/\/www.eldiario.net\/portal\/2026\/08\/17\/advierten-riesgos-por-licencias-de-conducir-desde-los-16-anos\/#article","isPartOf":{"@id":"https:\/\/www.eldiario.net\/portal\/2026\/08\/17\/advierten-riesgos-por-licencias-de-conducir-desde-los-16-anos\/"},"author":{"name":"Jeanette","@id":"https:\/\/www.eldiario.net\/portal\/#\/schema\/person\/f46445640444750d7d753ccd04ae01b7"},"headline":"Advierten riesgos por licencias de conducir desde los 16 a\u00f1os","datePublished":"2026-08-17T04:14:02+00:00","mainEntityOfPage":{"@id":"https:\/\/www.eldiario.net\/portal\/2026\/08\/17\/advierten-riesgos-por-licencias-de-conducir-desde-los-16-anos\/"},"wordCount":457,"publisher":{"@id":"https:\/\/www.eldiario.net\/portal\/#organization"},"image":{"@id":"https:\/\/www.eldiario.net\/portal\/2026\/08\/17\/advierten-riesgos-por-licencias-de-conducir-desde-los-16-anos\/#primaryimage"},"thumbnailUrl":"https:\/\/www.eldiario.net\/portal\/wp-content\/uploads\/2026\/08\/17-ACB.webp","articleSection":["Sociedad - Seguridad"],"inLanguage":"es"},{"@type":"WebPage","@id":"https:\/\/www.eldiario.net\/portal\/2026\/08\/17\/advierten-riesgos-por-licencias-de-conducir-desde-los-16-anos\/","url":"https:\/\/www.eldiario.net\/portal\/2026\/08\/17\/advierten-riesgos-por-licencias-de-conducir-desde-los-16-anos\/","name":"Advierten riesgos por licencias de conducir desde los 16 a\u00f1os - El Diario - Bolivia","isPartOf":{"@id":"https:\/\/www.eldiario.net\/portal\/#website"},"primaryImageOfPage":{"@id":"https:\/\/www.eldiario.net\/portal\/2026\/08\/17\/advierten-riesgos-por-licencias-de-conducir-desde-los-16-anos\/#primaryimage"},"image":{"@id":"https:\/\/www.eldiario.net\/portal\/2026\/08\/17\/advierten-riesgos-por-licencias-de-conducir-desde-los-16-anos\/#primaryimage"},"thumbnailUrl":"https:\/\/www.eldiario.net\/portal\/wp-content\/uploads\/2026\/08\/17-ACB.webp","datePublished":"2026-08-17T04:14:02+00:00","breadcrumb":{"@id":"https:\/\/www.eldiario.net\/portal\/2026\/08\/17\/advierten-riesgos-por-licencias-de-conducir-desde-los-16-anos\/#breadcrumb"},"inLanguage":"es","potentialAction":[{"@type":"ReadAction","target":["https:\/\/www.eldiario.net\/portal\/2026\/08\/17\/advierten-riesgos-por-licencias-de-conducir-desde-los-16-anos\/"]}]},{"@type":"ImageObject","inLanguage":"es","@id":"https:\/\/www.eldiario.net\/portal\/2026\/08\/17\/advierten-riesgos-por-licencias-de-conducir-desde-los-16-anos\/#primaryimage","url":"https:\/\/www.eldiario.net\/portal\/wp-content\/uploads\/2026\/08\/17-ACB.webp","contentUrl":"https:\/\/www.eldiario.net\/portal\/wp-content\/uploads\/2026\/08\/17-ACB.webp","width":1153,"height":1288,"caption":"Presidente de la ACB, Antonio Abdo. Cr\u00e9dito de foto: EL DIARIO"},{"@type":"BreadcrumbList","@id":"https:\/\/www.eldiario.net\/portal\/2026\/08\/17\/advierten-riesgos-por-licencias-de-conducir-desde-los-16-anos\/#breadcrumb","itemListElement":[{"@type":"ListItem","position":1,"name":"Portada","item":"https:\/\/www.eldiario.net\/portal\/"},{"@type":"ListItem","position":2,"name":"Advierten riesgos por licencias de conducir desde los 16 a\u00f1os"}]},{"@type":"WebSite","@id":"https:\/\/www.eldiario.net\/portal\/#website","url":"https:\/\/www.eldiario.net\/portal\/","name":"El Diario - Decano de la prensa nacional","description":"El Diario - Decano de la prensa nacional","publisher":{"@id":"https:\/\/www.eldiario.net\/portal\/#organization"},"potentialAction":[{"@type":"SearchAction","target":{"@type":"EntryPoint","urlTemplate":"https:\/\/www.eldiario.net\/portal\/?s={search_term_string}"},"query-input":{"@type":"PropertyValueSpecification","valueRequired":true,"valueName":"search_term_string"}}],"inLanguage":"es"},{"@type":"Organization","@id":"https:\/\/www.eldiario.net\/portal\/#organization","name":"El Diario - Decano de la prensa nacional","url":"https:\/\/www.eldiario.net\/portal\/","logo":{"@type":"ImageObject","inLanguage":"es","@id":"https:\/\/www.eldiario.net\/portal\/#\/schema\/logo\/image\/","url":"https:\/\/www.eldiario.net\/portal\/wp-content\/uploads\/2023\/07\/logo_ED.jpg","contentUrl":"https:\/\/www.eldiario.net\/portal\/wp-content\/uploads\/2023\/07\/logo_ED.jpg","width":272,"height":52,"caption":"El Diario - Decano de la prensa nacional"},"image":{"@id":"https:\/\/www.eldiario.net\/portal\/#\/schema\/logo\/image\/"},"sameAs":["https:\/\/www.facebook.com\/eldiario.bolivia\/","https:\/\/x.com\/eldiario_net"]},{"@type":"Person","@id":"https:\/\/www.eldiario.net\/portal\/#\/schema\/person\/f46445640444750d7d753ccd04ae01b7","name":"Jeanette","image":{"@type":"ImageObject","inLanguage":"es","@id":"https:\/\/secure.gravatar.com\/avatar\/3ea2118a5f7dad2b7138b1187a6b7ee55f160b9968b66013c3a3ef39dd7e5798?s=96&d=mm&r=g","url":"https:\/\/secure.gravatar.com\/avatar\/3ea2118a5f7dad2b7138b1187a6b7ee55f160b9968b66013c3a3ef39dd7e5798?s=96&d=mm&r=g","contentUrl":"https:\/\/secure.gravatar.com\/avatar\/3ea2118a5f7dad2b7138b1187a6b7ee55f160b9968b66013c3a3ef39dd7e5798?s=96&d=mm&r=g","caption":"Jeanette"},"sameAs":["https:\/\/www.eldiario.net\/portal"],"url":"https:\/\/www.eldiario.net\/portal\/author\/jeanette\/"}]}},"_links":{"self":[{"href":"https:\/\/www.eldiario.net\/portal\/wp-json\/wp\/v2\/posts\/421998","targetHints":{"allow":["GET"]}}],"collection":[{"href":"https:\/\/www.eldiario.net\/portal\/wp-json\/wp\/v2\/posts"}],"about":[{"href":"https:\/\/www.eldiario.net\/portal\/wp-json\/wp\/v2\/types\/post"}],"author":[{"embeddable":true,"href":"https:\/\/www.eldiario.net\/portal\/wp-json\/wp\/v2\/users\/1"}],"replies":[{"embeddable":true,"href":"https:\/\/www.eldiario.net\/portal\/wp-json\/wp\/v2\/comments?post=421998"}],"version-history":[{"count":1,"href":"https:\/\/www.eldiario.net\/portal\/wp-json\/wp\/v2\/posts\/421998\/revisions"}],"predecessor-version":[{"id":422000,"href":"https:\/\/www.eldiario.net\/portal\/wp-json\/wp\/v2\/posts\/421998\/revisions\/422000"}],"wp:featuredmedia":[{"embeddable":true,"href":"https:\/\/www.eldiario.net\/portal\/wp-json\/wp\/v2\/media\/421999"}],"wp:attachment":[{"href":"https:\/\/www.eldiario.net\/portal\/wp-json\/wp\/v2\/media?parent=421998"}],"wp:term":[{"taxonomy":"category","embeddable":true,"href":"https:\/\/www.eldiario.net\/portal\/wp-json\/wp\/v2\/categories?post=421998"},{"taxonomy":"post_tag","embeddable":true,"href":"https:\/\/www.eldiario.net\/portal\/wp-json\/wp\/v2\/tags?post=421998"}],"curies":[{"name":"wp","href":"https:\/\/api.w.org\/{rel}","templated":true}]}}