{"id":421993,"date":"2026-08-17T00:09:50","date_gmt":"2026-08-17T04:09:50","guid":{"rendered":"https:\/\/www.eldiario.net\/portal\/?p=421993"},"modified":"2026-08-16T22:12:10","modified_gmt":"2026-08-17T02:12:10","slug":"la-desinstitucionalizacion-debilita-el-liderazgo-politico","status":"publish","type":"post","link":"https:\/\/www.eldiario.net\/portal\/2026\/08\/17\/la-desinstitucionalizacion-debilita-el-liderazgo-politico\/","title":{"rendered":"La desinstitucionalizaci\u00f3n debilita el liderazgo pol\u00edtico"},"content":{"rendered":"<p>La falta de estructuras, cohesi\u00f3n ideol\u00f3gica y proyectos pol\u00edticos en los partidos que participaron de las \u00faltimas elecciones debilit\u00f3 la formaci\u00f3n de liderazgos y termin\u00f3 trasladando esa fragilidad a la Asamblea Legislativa, donde la ausencia de un proyecto pol\u00edtico com\u00fan se refleja en la fragmentaci\u00f3n de las bancadas, los cambios de posici\u00f3n y las dificultades para mantener una l\u00ednea pol\u00edtica definida.<\/p>\n<p>El polit\u00f3logo, Marcelo Silva, se\u00f1al\u00f3 que el actual escenario es consecuencia de un proceso que se ha profundizado durante las \u00faltimas d\u00e9cadas y que alcanz\u00f3 un punto cr\u00edtico en las elecciones recientes. El analista sostuvo que los partidos dejaron progresivamente de funcionar como organizaciones con vida interna, identidad y capacidad para construir proyectos pol\u00edticos, hasta llegar a un escenario en el que hubo \u201cpartidos sin candidatos y candidatos sin partidos\u201d.<\/p>\n<p>A su criterio, varias organizaciones pol\u00edticas se redujeron pr\u00e1cticamente a la obtenci\u00f3n y conservaci\u00f3n de una personer\u00eda jur\u00eddica para participar en elecciones, sin una estructura capaz de sostener una relaci\u00f3n permanente con sus militantes ni de generar liderazgos pol\u00edticos.<\/p>\n<p>Silva se\u00f1al\u00f3 que el debilitamiento de esas estructuras tiene una consecuencia directa sobre el sistema de representaci\u00f3n, porque los partidos son los que finalmente proporcionan los candidatos que ocupan los esca\u00f1os del Legislativo. De esa manera, una organizaci\u00f3n sin cohesi\u00f3n ni proyecto termina trasladando esas mismas caracter\u00edsticas a sus bancadas.<\/p>\n<p>\u201cLa Asamblea Legislativa es el reflejo de las pr\u00e1cticas partidarias\u201d, afirm\u00f3 en Radio Panamericana.<\/p>\n<p>El polit\u00f3logo sostuvo que la actual composici\u00f3n parlamentaria re\u00fane a personalidades, liderazgos regionales, independientes y profesionales con distintas posiciones, pero que no necesariamente est\u00e1n articulados alrededor de un proyecto pol\u00edtico com\u00fan. Por ello, consider\u00f3 que las divisiones actuales dentro de las bancadas no deber\u00edan analizarse \u00fanicamente como conflictos entre legisladores, sino como el resultado de una transformaci\u00f3n m\u00e1s profunda del sistema de partidos.<\/p>\n<p>Silva mencion\u00f3 como ejemplos las dificultades que hist\u00f3ricamente enfrent\u00f3 Unidad Nacional para mantener cohesionadas sus bancadas y la situaci\u00f3n de Libre, cuya estructura partidaria logr\u00f3 consolidarse alrededor de Jorge Quiroga, aunque su representaci\u00f3n parlamentaria tambi\u00e9n fue conformada en gran medida para responder a una coyuntura electoral.<\/p>\n<p>El desaf\u00edo, en ambos casos, ser\u00eda pasar de una organizaci\u00f3n capaz de competir en elecciones a una estructura pol\u00edtica con funcionamiento permanente, identidad y capacidad para sostener liderazgos.<\/p>\n<p>El polit\u00f3logo tambi\u00e9n apunt\u00f3 al \u00d3rgano Electoral. Consider\u00f3 que la debilidad de los partidos no puede ser atribuida \u00fanicamente a sus dirigentes, debido a que la legislaci\u00f3n establece mecanismos para fiscalizar su funcionamiento interno, sus congresos, la elecci\u00f3n de candidatos, el cumplimiento de estatutos y la formaci\u00f3n de militantes.<\/p>\n<p>En ese contexto, cuestion\u00f3 que el \u00f3rgano electoral haya advertido sobre la proliferaci\u00f3n de los denominados \u201ctaxipartidos\u201d sin haber ejercido, a su criterio, un control suficiente sobre las condiciones en las que estas organizaciones funcionan.<\/p>\n<p>\u201cSi tenemos partidos que venden, alquilan, rifan, prestan personer\u00edas, no le pidamos a la Asamblea Legislativa que rompa esa l\u00f3gica\u201d, sostuvo Silva.<\/p>\n<p>En el mismo programa radial, la polit\u00f3loga Susana Bejarano coincidi\u00f3 en que el escenario legislativo es consecuencia de un debilitamiento institucional que afecta tanto a los partidos como al sistema electoral. Sin embargo, a\u00f1adi\u00f3 otros factores, entre ellos la intervenci\u00f3n de la justicia en decisiones vinculadas al \u00f3rgano electoral y las dificultades para establecer reglas estables durante los procesos de selecci\u00f3n de candidatos y autoridades.<\/p>\n<p>Bejarano se\u00f1al\u00f3 que determinadas decisiones judiciales terminaron modificando candidaturas y habilitaciones, incluso en casos en los que posteriormente algunas personas llegaron a ocupar cargos de autoridad. En su criterio, estas situaciones profundizaron la fragilidad de un sistema que ya presentaba problemas de institucionalidad.<\/p>\n<p>\u201cUn legislativo que es un Frankenstein, que no sabe tampoco, constituido por partes diversas\u201d, afirm\u00f3 al describir la actual composici\u00f3n de la Asamblea Legislativa.<\/p>\n<p>La expresi\u00f3n fue utilizada para referirse a un Parlamento conformado por fuerzas pol\u00edticas diversas, no solamente desde el punto de vista ideol\u00f3gico, sino tambi\u00e9n en cuanto a sus intereses y formas de actuaci\u00f3n. Bejarano sostuvo que esa diversidad no necesariamente implica que existan grandes proyectos ideol\u00f3gicos enfrentados.<\/p>\n<p>Por el contrario, consider\u00f3 que muchas de las diferencias actuales responden a intereses particulares, decisiones coyunturales y desacuerdos sobre la manera de ejercer el poder.<\/p>\n<p>La analista puso como ejemplo los movimientos y fracturas dentro de bancadas como Unidad Nacional, Libre y el Partido Dem\u00f3crata Cristiano (PDC), donde algunos legisladores han tomado posiciones distintas a las de los l\u00edderes de las organizaciones por las que llegaron al Parlamento. En su lectura, esos cambios evidencian la ausencia de una relaci\u00f3n pol\u00edtica s\u00f3lida entre las estructuras partidarias y sus representantes.<\/p>\n<p>A ello a\u00f1adi\u00f3 la aparici\u00f3n de dirigentes que adquirieron notoriedad electoral principalmente a trav\u00e9s de las redes sociales. Bejarano cuestion\u00f3 que algunos de estos nuevos actores hayan llegado a cargos de representaci\u00f3n con un conocimiento limitado del funcionamiento del Estado y de las normas que posteriormente deben aplicar.<\/p>\n<p>Seg\u00fan su an\u00e1lisis, el fen\u00f3meno forma parte de una transformaci\u00f3n de la pol\u00edtica boliviana en la que el liderazgo individual adquiri\u00f3 mayor peso frente a las estructuras partidarias.<\/p>\n<p>Sin embargo, la fragmentaci\u00f3n de la Asamblea puede representar una ventaja para el Ejecutivo. Bejarano consider\u00f3 que el Gobierno de Rodrigo Paz enfrenta un Legislativo que no tiene una oposici\u00f3n ideol\u00f3gicamente cohesionada y que, por tanto, no necesariamente constituye un bloque pol\u00edtico alternativo capaz de plantear una agenda completamente diferenciada.<\/p>\n<p>Pero esa ventaja puede verse limitada por la capacidad del Ejecutivo para negociar con las distintas fuerzas. Las diferencias dentro del Legislativo pueden ser aprovechadas por el Gobierno para alcanzar acuerdos, aunque los errores de coordinaci\u00f3n, las declaraciones de algunos funcionarios y la falta de capacidad pol\u00edtica pueden terminar generando conflictos innecesarios.<\/p>\n<p>En ese escenario, la ausencia de grandes bloques ideol\u00f3gicos no significa necesariamente que exista estabilidad pol\u00edtica. Una Asamblea fragmentada puede dificultar la construcci\u00f3n de acuerdos duraderos precisamente porque sus integrantes no responden siempre a una estructura partidaria capaz de mantener una posici\u00f3n com\u00fan.<\/p>\n<p>Finalmente, el diagn\u00f3stico de ambos polit\u00f3logos apunta a un problema que precede a la actual composici\u00f3n de la Asamblea. La debilidad de los partidos afecta la capacidad del sistema pol\u00edtico para formar dirigentes, construir proyectos de largo plazo y mantener una representaci\u00f3n cohesionada despu\u00e9s de las elecciones.<\/p>\n<p>En ese contexto, el Parlamento no constituye el origen de la fragmentaci\u00f3n, sino uno de los principales espacios donde se hace visible la p\u00e9rdida de institucionalidad de los partidos pol\u00edticos. Por tanto, la recomposici\u00f3n del sistema no depender\u00eda \u00fanicamente de acuerdos entre las actuales bancadas, sino de la recuperaci\u00f3n de organizaciones capaces de generar liderazgos, mantener estructuras internas y representar proyectos pol\u00edticos definidos.<\/p>\n\r\n                <style type=\"text\/css\">\r\n                    \r\n                    #tdi_1  .td-doubleSlider-2 .td-item1 {\r\n                        background: url(https:\/\/www.eldiario.net\/portal\/wp-content\/uploads\/2026\/08\/17-SILVA-2-80x60.webp) 0 0 no-repeat;\r\n                    }\r\n                    #tdi_1  .td-doubleSlider-2 .td-item2 {\r\n                        background: url(https:\/\/www.eldiario.net\/portal\/wp-content\/uploads\/2026\/08\/17-SILVA-3-80x60.webp) 0 0 no-repeat;\r\n                    }\r\n                    #tdi_1  .td-doubleSlider-2 .td-item3 {\r\n                        background: url(https:\/\/www.eldiario.net\/portal\/wp-content\/uploads\/2026\/08\/17-SILVA-1-80x60.webp) 0 0 no-repeat;\r\n                    }\r\n                <\/style>\r\n\r\n                <div id=\"tdi_1\" class=\"td-gallery td-slide-on-2-columns\">\r\n                    <div class=\"post_td_gallery\">\r\n                        <div class=\"td-gallery-slide-top\">\r\n                           <div class=\"td-gallery-title\"><\/div>\r\n\r\n                            <div class=\"td-gallery-controls-wrapper\">\r\n                                <div class=\"td-gallery-slide-count\"><span class=\"td-gallery-slide-item-focus\">1<\/span> de 3<\/div>\r\n                                <div class=\"td-gallery-slide-prev-next-but\">\r\n                                    <i class = \"td-icon-left doubleSliderPrevButton\"><\/i>\r\n                                    <i class = \"td-icon-right doubleSliderNextButton\"><\/i>\r\n                                <\/div>\r\n                            <\/div>\r\n                        <\/div>\r\n\r\n                        <div class = \"td-doubleSlider-1 \">\r\n                            <div class = \"td-slider\">\r\n                                \r\n                    <div class = \"td-slide-item td-item1\">\r\n                        <figure class=\"td-slide-galery-figure td-slide-popup-gallery\">\r\n                            <a class=\"slide-gallery-image-link\" href=\"https:\/\/www.eldiario.net\/portal\/wp-content\/uploads\/2026\/08\/17-SILVA-2.webp\" title=\"17 SILVA 2\"  data-caption=\"El Polit\u00f3logo, Marcelo Silva.\"  data-description=\"El Polit&oacute;logo, Marcelo Silva.\">\r\n                                <img decoding=\"async\" src=\"https:\/\/www.eldiario.net\/portal\/wp-content\/uploads\/2026\/08\/17-SILVA-2-752x420.webp\" srcset=\"https:\/\/www.eldiario.net\/portal\/wp-content\/uploads\/2026\/08\/17-SILVA-2-752x420.webp 752w, https:\/\/www.eldiario.net\/portal\/wp-content\/uploads\/2026\/08\/17-SILVA-2-300x168.webp 300w, https:\/\/www.eldiario.net\/portal\/wp-content\/uploads\/2026\/08\/17-SILVA-2-150x84.webp 150w, https:\/\/www.eldiario.net\/portal\/wp-content\/uploads\/2026\/08\/17-SILVA-2-696x389.webp 696w, https:\/\/www.eldiario.net\/portal\/wp-content\/uploads\/2026\/08\/17-SILVA-2.webp 768w\" sizes=\"(max-width: 752px) 100vw, 752px\" alt=\"\">\r\n                            <\/a>\r\n                            <figcaption class = \"td-slide-caption td-gallery-slide-content\"><div class = \"td-gallery-slide-copywrite\">El Polit\u00f3logo, Marcelo Silva.<\/div><span>El Polit\u00f3logo, Marcelo Silva.<\/span><\/figcaption>\r\n                        <\/figure>\r\n                    <\/div>\r\n                    <div class = \"td-slide-item td-item2\">\r\n                        <figure class=\"td-slide-galery-figure td-slide-popup-gallery\">\r\n                            <a class=\"slide-gallery-image-link\" href=\"https:\/\/www.eldiario.net\/portal\/wp-content\/uploads\/2026\/08\/17-SILVA-3.webp\" title=\"17 SILVA 3\"  data-caption=\"La Analista pol\u00edtica, Susana Bejarano. \"  data-description=\"La Analista pol&iacute;tica, Susana Bejarano. \">\r\n                                <img decoding=\"async\" src=\"https:\/\/www.eldiario.net\/portal\/wp-content\/uploads\/2026\/08\/17-SILVA-3-555x420.webp\" srcset=\"https:\/\/www.eldiario.net\/portal\/wp-content\/uploads\/2026\/08\/17-SILVA-3-555x420.webp 555w, https:\/\/www.eldiario.net\/portal\/wp-content\/uploads\/2026\/08\/17-SILVA-3-300x227.webp 300w, https:\/\/www.eldiario.net\/portal\/wp-content\/uploads\/2026\/08\/17-SILVA-3-80x60.webp 80w, https:\/\/www.eldiario.net\/portal\/wp-content\/uploads\/2026\/08\/17-SILVA-3-150x113.webp 150w, https:\/\/www.eldiario.net\/portal\/wp-content\/uploads\/2026\/08\/17-SILVA-3.webp 571w\" sizes=\"(max-width: 555px) 100vw, 555px\" alt=\"\">\r\n                            <\/a>\r\n                            <figcaption class = \"td-slide-caption td-gallery-slide-content\"><div class = \"td-gallery-slide-copywrite\">La Analista pol\u00edtica, Susana Bejarano. <\/div><span>La Analista pol\u00edtica, Susana Bejarano. <\/span><\/figcaption>\r\n                        <\/figure>\r\n                    <\/div>\r\n                    <div class = \"td-slide-item td-item3\">\r\n                        <figure class=\"td-slide-galery-figure td-slide-popup-gallery\">\r\n                            <a class=\"slide-gallery-image-link\" href=\"https:\/\/www.eldiario.net\/portal\/wp-content\/uploads\/2026\/08\/17-SILVA-1.webp\" title=\"17 SILVA 1\"  data-caption=\"La fragmentaci\u00f3n pol\u00edtica marca la nueva composici\u00f3n de la Asamblea Legislativa.\"  data-description=\"La fragmentaci&oacute;n pol&iacute;tica marca la nueva composici&oacute;n de la Asamblea Legislativa.\">\r\n                                <img decoding=\"async\" src=\"https:\/\/www.eldiario.net\/portal\/wp-content\/uploads\/2026\/08\/17-SILVA-1-630x420.webp\" srcset=\"https:\/\/www.eldiario.net\/portal\/wp-content\/uploads\/2026\/08\/17-SILVA-1-630x420.webp 630w, https:\/\/www.eldiario.net\/portal\/wp-content\/uploads\/2026\/08\/17-SILVA-1-300x200.webp 300w, https:\/\/www.eldiario.net\/portal\/wp-content\/uploads\/2026\/08\/17-SILVA-1-1024x682.webp 1024w, https:\/\/www.eldiario.net\/portal\/wp-content\/uploads\/2026\/08\/17-SILVA-1-768x512.webp 768w, https:\/\/www.eldiario.net\/portal\/wp-content\/uploads\/2026\/08\/17-SILVA-1-150x100.webp 150w, https:\/\/www.eldiario.net\/portal\/wp-content\/uploads\/2026\/08\/17-SILVA-1-696x464.webp 696w, https:\/\/www.eldiario.net\/portal\/wp-content\/uploads\/2026\/08\/17-SILVA-1-1068x712.webp 1068w, https:\/\/www.eldiario.net\/portal\/wp-content\/uploads\/2026\/08\/17-SILVA-1.webp 1280w\" sizes=\"(max-width: 630px) 100vw, 630px\" alt=\"\">\r\n                            <\/a>\r\n                            <figcaption class = \"td-slide-caption td-gallery-slide-content\"><div class = \"td-gallery-slide-copywrite\">La fragmentaci\u00f3n pol\u00edtica marca la nueva composici\u00f3n de la Asamblea Legislativa.<\/div><span>La fragmentaci\u00f3n pol\u00edtica marca la nueva composici\u00f3n de la Asamblea Legislativa.<\/span><\/figcaption>\r\n                        <\/figure>\r\n                    <\/div>\r\n                            <\/div>\r\n                        <\/div>\r\n\r\n                        <div class = \"td-doubleSlider-2\">\r\n                            <div class = \"td-slider\">\r\n                                \r\n                    <div class = \"td-button td-item1\">\r\n                        <div class = \"td-border\"><\/div>\r\n                    <\/div>\r\n                    <div class = \"td-button td-item2\">\r\n                        <div class = \"td-border\"><\/div>\r\n                    <\/div>\r\n                    <div class = \"td-button td-item3\">\r\n                        <div class = \"td-border\"><\/div>\r\n                    <\/div>\r\n                            <\/div>\r\n                        <\/div>\r\n\r\n                    <\/div>\r\n\r\n                <\/div>\r\n                \n","protected":false},"excerpt":{"rendered":"<p>La falta de estructuras, cohesi\u00f3n ideol\u00f3gica y proyectos pol\u00edticos en los partidos que participaron de las \u00faltimas elecciones debilit\u00f3 la formaci\u00f3n de liderazgos y termin\u00f3 trasladando esa fragilidad a la Asamblea Legislativa, donde la ausencia de un proyecto pol\u00edtico com\u00fan se refleja en la fragmentaci\u00f3n de las bancadas, los cambios de posici\u00f3n y las dificultades [&hellip;]<\/p>\n","protected":false},"author":1,"featured_media":421996,"comment_status":"closed","ping_status":"open","sticky":false,"template":"","format":"standard","meta":{"_acf_changed":false,"footnotes":""},"categories":[14],"tags":[],"class_list":["post-421993","post","type-post","status-publish","format-standard","has-post-thumbnail","category-politica"],"acf":{"antetitulo":"Bancadas reflejan falta de cohesi\u00f3n partidaria"},"yoast_head":"<!-- This site is optimized with the Yoast SEO plugin v28.3 - https:\/\/yoast.com\/product\/yoast-seo-wordpress\/ -->\n<title>La desinstitucionalizaci\u00f3n debilita el liderazgo pol\u00edtico - El Diario - Bolivia<\/title>\n<meta name=\"robots\" content=\"index, follow, max-snippet:-1, max-image-preview:large, max-video-preview:-1\" \/>\n<link rel=\"canonical\" href=\"https:\/\/www.eldiario.net\/portal\/2026\/08\/17\/la-desinstitucionalizacion-debilita-el-liderazgo-politico\/\" \/>\n<meta property=\"og:locale\" content=\"es_ES\" \/>\n<meta property=\"og:type\" content=\"article\" \/>\n<meta property=\"og:title\" content=\"La desinstitucionalizaci\u00f3n debilita el liderazgo pol\u00edtico - El Diario - Bolivia\" \/>\n<meta property=\"og:description\" content=\"La falta de estructuras, cohesi\u00f3n ideol\u00f3gica y proyectos pol\u00edticos en los partidos que participaron de las \u00faltimas elecciones debilit\u00f3 la formaci\u00f3n de liderazgos y termin\u00f3 trasladando esa fragilidad a la Asamblea Legislativa, donde la ausencia de un proyecto pol\u00edtico com\u00fan se refleja en la fragmentaci\u00f3n de las bancadas, los cambios de posici\u00f3n y las dificultades [&hellip;]\" \/>\n<meta property=\"og:url\" content=\"https:\/\/www.eldiario.net\/portal\/2026\/08\/17\/la-desinstitucionalizacion-debilita-el-liderazgo-politico\/\" \/>\n<meta property=\"og:site_name\" content=\"El Diario - Bolivia\" \/>\n<meta property=\"article:publisher\" content=\"https:\/\/www.facebook.com\/eldiario.bolivia\/\" \/>\n<meta property=\"article:published_time\" content=\"2026-08-17T04:09:50+00:00\" \/>\n<meta property=\"og:image\" content=\"https:\/\/www.eldiario.net\/portal\/wp-content\/uploads\/2026\/08\/17-SILVA-1.webp\" \/>\n\t<meta property=\"og:image:width\" content=\"1280\" \/>\n\t<meta property=\"og:image:height\" content=\"853\" \/>\n\t<meta property=\"og:image:type\" content=\"image\/webp\" \/>\n<meta name=\"author\" content=\"Jeanette\" \/>\n<meta name=\"twitter:card\" content=\"summary_large_image\" \/>\n<meta name=\"twitter:creator\" content=\"@eldiario_net\" \/>\n<meta name=\"twitter:site\" content=\"@eldiario_net\" \/>\n<meta name=\"twitter:label1\" content=\"Escrito por\" \/>\n\t<meta name=\"twitter:data1\" content=\"Jeanette\" \/>\n\t<meta name=\"twitter:label2\" content=\"Tiempo de lectura\" \/>\n\t<meta name=\"twitter:data2\" content=\"6 minutos\" \/>\n<script type=\"application\/ld+json\" class=\"yoast-schema-graph\">{\"@context\":\"https:\\\/\\\/schema.org\",\"@graph\":[{\"@type\":\"Article\",\"@id\":\"https:\\\/\\\/www.eldiario.net\\\/portal\\\/2026\\\/08\\\/17\\\/la-desinstitucionalizacion-debilita-el-liderazgo-politico\\\/#article\",\"isPartOf\":{\"@id\":\"https:\\\/\\\/www.eldiario.net\\\/portal\\\/2026\\\/08\\\/17\\\/la-desinstitucionalizacion-debilita-el-liderazgo-politico\\\/\"},\"author\":{\"name\":\"Jeanette\",\"@id\":\"https:\\\/\\\/www.eldiario.net\\\/portal\\\/#\\\/schema\\\/person\\\/f46445640444750d7d753ccd04ae01b7\"},\"headline\":\"La desinstitucionalizaci\u00f3n debilita el liderazgo pol\u00edtico\",\"datePublished\":\"2026-08-17T04:09:50+00:00\",\"mainEntityOfPage\":{\"@id\":\"https:\\\/\\\/www.eldiario.net\\\/portal\\\/2026\\\/08\\\/17\\\/la-desinstitucionalizacion-debilita-el-liderazgo-politico\\\/\"},\"wordCount\":1197,\"publisher\":{\"@id\":\"https:\\\/\\\/www.eldiario.net\\\/portal\\\/#organization\"},\"image\":{\"@id\":\"https:\\\/\\\/www.eldiario.net\\\/portal\\\/2026\\\/08\\\/17\\\/la-desinstitucionalizacion-debilita-el-liderazgo-politico\\\/#primaryimage\"},\"thumbnailUrl\":\"https:\\\/\\\/www.eldiario.net\\\/portal\\\/wp-content\\\/uploads\\\/2026\\\/08\\\/17-SILVA-1.webp\",\"articleSection\":[\"Pol\u00edtica\"],\"inLanguage\":\"es\"},{\"@type\":\"WebPage\",\"@id\":\"https:\\\/\\\/www.eldiario.net\\\/portal\\\/2026\\\/08\\\/17\\\/la-desinstitucionalizacion-debilita-el-liderazgo-politico\\\/\",\"url\":\"https:\\\/\\\/www.eldiario.net\\\/portal\\\/2026\\\/08\\\/17\\\/la-desinstitucionalizacion-debilita-el-liderazgo-politico\\\/\",\"name\":\"La desinstitucionalizaci\u00f3n debilita el liderazgo pol\u00edtico - El Diario - Bolivia\",\"isPartOf\":{\"@id\":\"https:\\\/\\\/www.eldiario.net\\\/portal\\\/#website\"},\"primaryImageOfPage\":{\"@id\":\"https:\\\/\\\/www.eldiario.net\\\/portal\\\/2026\\\/08\\\/17\\\/la-desinstitucionalizacion-debilita-el-liderazgo-politico\\\/#primaryimage\"},\"image\":{\"@id\":\"https:\\\/\\\/www.eldiario.net\\\/portal\\\/2026\\\/08\\\/17\\\/la-desinstitucionalizacion-debilita-el-liderazgo-politico\\\/#primaryimage\"},\"thumbnailUrl\":\"https:\\\/\\\/www.eldiario.net\\\/portal\\\/wp-content\\\/uploads\\\/2026\\\/08\\\/17-SILVA-1.webp\",\"datePublished\":\"2026-08-17T04:09:50+00:00\",\"breadcrumb\":{\"@id\":\"https:\\\/\\\/www.eldiario.net\\\/portal\\\/2026\\\/08\\\/17\\\/la-desinstitucionalizacion-debilita-el-liderazgo-politico\\\/#breadcrumb\"},\"inLanguage\":\"es\",\"potentialAction\":[{\"@type\":\"ReadAction\",\"target\":[\"https:\\\/\\\/www.eldiario.net\\\/portal\\\/2026\\\/08\\\/17\\\/la-desinstitucionalizacion-debilita-el-liderazgo-politico\\\/\"]}]},{\"@type\":\"ImageObject\",\"inLanguage\":\"es\",\"@id\":\"https:\\\/\\\/www.eldiario.net\\\/portal\\\/2026\\\/08\\\/17\\\/la-desinstitucionalizacion-debilita-el-liderazgo-politico\\\/#primaryimage\",\"url\":\"https:\\\/\\\/www.eldiario.net\\\/portal\\\/wp-content\\\/uploads\\\/2026\\\/08\\\/17-SILVA-1.webp\",\"contentUrl\":\"https:\\\/\\\/www.eldiario.net\\\/portal\\\/wp-content\\\/uploads\\\/2026\\\/08\\\/17-SILVA-1.webp\",\"width\":1280,\"height\":853,\"caption\":\"La fragmentaci\u00f3n pol\u00edtica marca la nueva composici\u00f3n de la Asamblea Legislativa.\"},{\"@type\":\"BreadcrumbList\",\"@id\":\"https:\\\/\\\/www.eldiario.net\\\/portal\\\/2026\\\/08\\\/17\\\/la-desinstitucionalizacion-debilita-el-liderazgo-politico\\\/#breadcrumb\",\"itemListElement\":[{\"@type\":\"ListItem\",\"position\":1,\"name\":\"Portada\",\"item\":\"https:\\\/\\\/www.eldiario.net\\\/portal\\\/\"},{\"@type\":\"ListItem\",\"position\":2,\"name\":\"La desinstitucionalizaci\u00f3n debilita el liderazgo pol\u00edtico\"}]},{\"@type\":\"WebSite\",\"@id\":\"https:\\\/\\\/www.eldiario.net\\\/portal\\\/#website\",\"url\":\"https:\\\/\\\/www.eldiario.net\\\/portal\\\/\",\"name\":\"El Diario - Decano de la prensa nacional\",\"description\":\"El Diario - Decano de la prensa nacional\",\"publisher\":{\"@id\":\"https:\\\/\\\/www.eldiario.net\\\/portal\\\/#organization\"},\"potentialAction\":[{\"@type\":\"SearchAction\",\"target\":{\"@type\":\"EntryPoint\",\"urlTemplate\":\"https:\\\/\\\/www.eldiario.net\\\/portal\\\/?s={search_term_string}\"},\"query-input\":{\"@type\":\"PropertyValueSpecification\",\"valueRequired\":true,\"valueName\":\"search_term_string\"}}],\"inLanguage\":\"es\"},{\"@type\":\"Organization\",\"@id\":\"https:\\\/\\\/www.eldiario.net\\\/portal\\\/#organization\",\"name\":\"El Diario - Decano de la prensa nacional\",\"url\":\"https:\\\/\\\/www.eldiario.net\\\/portal\\\/\",\"logo\":{\"@type\":\"ImageObject\",\"inLanguage\":\"es\",\"@id\":\"https:\\\/\\\/www.eldiario.net\\\/portal\\\/#\\\/schema\\\/logo\\\/image\\\/\",\"url\":\"https:\\\/\\\/www.eldiario.net\\\/portal\\\/wp-content\\\/uploads\\\/2023\\\/07\\\/logo_ED.jpg\",\"contentUrl\":\"https:\\\/\\\/www.eldiario.net\\\/portal\\\/wp-content\\\/uploads\\\/2023\\\/07\\\/logo_ED.jpg\",\"width\":272,\"height\":52,\"caption\":\"El Diario - Decano de la prensa nacional\"},\"image\":{\"@id\":\"https:\\\/\\\/www.eldiario.net\\\/portal\\\/#\\\/schema\\\/logo\\\/image\\\/\"},\"sameAs\":[\"https:\\\/\\\/www.facebook.com\\\/eldiario.bolivia\\\/\",\"https:\\\/\\\/x.com\\\/eldiario_net\"]},{\"@type\":\"Person\",\"@id\":\"https:\\\/\\\/www.eldiario.net\\\/portal\\\/#\\\/schema\\\/person\\\/f46445640444750d7d753ccd04ae01b7\",\"name\":\"Jeanette\",\"image\":{\"@type\":\"ImageObject\",\"inLanguage\":\"es\",\"@id\":\"https:\\\/\\\/secure.gravatar.com\\\/avatar\\\/3ea2118a5f7dad2b7138b1187a6b7ee55f160b9968b66013c3a3ef39dd7e5798?s=96&d=mm&r=g\",\"url\":\"https:\\\/\\\/secure.gravatar.com\\\/avatar\\\/3ea2118a5f7dad2b7138b1187a6b7ee55f160b9968b66013c3a3ef39dd7e5798?s=96&d=mm&r=g\",\"contentUrl\":\"https:\\\/\\\/secure.gravatar.com\\\/avatar\\\/3ea2118a5f7dad2b7138b1187a6b7ee55f160b9968b66013c3a3ef39dd7e5798?s=96&d=mm&r=g\",\"caption\":\"Jeanette\"},\"sameAs\":[\"https:\\\/\\\/www.eldiario.net\\\/portal\"],\"url\":\"https:\\\/\\\/www.eldiario.net\\\/portal\\\/author\\\/jeanette\\\/\"}]}<\/script>\n<!-- \/ Yoast SEO plugin. -->","yoast_head_json":{"title":"La desinstitucionalizaci\u00f3n debilita el liderazgo pol\u00edtico - El Diario - Bolivia","robots":{"index":"index","follow":"follow","max-snippet":"max-snippet:-1","max-image-preview":"max-image-preview:large","max-video-preview":"max-video-preview:-1"},"canonical":"https:\/\/www.eldiario.net\/portal\/2026\/08\/17\/la-desinstitucionalizacion-debilita-el-liderazgo-politico\/","og_locale":"es_ES","og_type":"article","og_title":"La desinstitucionalizaci\u00f3n debilita el liderazgo pol\u00edtico - El Diario - Bolivia","og_description":"La falta de estructuras, cohesi\u00f3n ideol\u00f3gica y proyectos pol\u00edticos en los partidos que participaron de las \u00faltimas elecciones debilit\u00f3 la formaci\u00f3n de liderazgos y termin\u00f3 trasladando esa fragilidad a la Asamblea Legislativa, donde la ausencia de un proyecto pol\u00edtico com\u00fan se refleja en la fragmentaci\u00f3n de las bancadas, los cambios de posici\u00f3n y las dificultades [&hellip;]","og_url":"https:\/\/www.eldiario.net\/portal\/2026\/08\/17\/la-desinstitucionalizacion-debilita-el-liderazgo-politico\/","og_site_name":"El Diario - Bolivia","article_publisher":"https:\/\/www.facebook.com\/eldiario.bolivia\/","article_published_time":"2026-08-17T04:09:50+00:00","og_image":[{"width":1280,"height":853,"url":"https:\/\/www.eldiario.net\/portal\/wp-content\/uploads\/2026\/08\/17-SILVA-1.webp","type":"image\/webp"}],"author":"Jeanette","twitter_card":"summary_large_image","twitter_creator":"@eldiario_net","twitter_site":"@eldiario_net","twitter_misc":{"Escrito por":"Jeanette","Tiempo de lectura":"6 minutos"},"schema":{"@context":"https:\/\/schema.org","@graph":[{"@type":"Article","@id":"https:\/\/www.eldiario.net\/portal\/2026\/08\/17\/la-desinstitucionalizacion-debilita-el-liderazgo-politico\/#article","isPartOf":{"@id":"https:\/\/www.eldiario.net\/portal\/2026\/08\/17\/la-desinstitucionalizacion-debilita-el-liderazgo-politico\/"},"author":{"name":"Jeanette","@id":"https:\/\/www.eldiario.net\/portal\/#\/schema\/person\/f46445640444750d7d753ccd04ae01b7"},"headline":"La desinstitucionalizaci\u00f3n debilita el liderazgo pol\u00edtico","datePublished":"2026-08-17T04:09:50+00:00","mainEntityOfPage":{"@id":"https:\/\/www.eldiario.net\/portal\/2026\/08\/17\/la-desinstitucionalizacion-debilita-el-liderazgo-politico\/"},"wordCount":1197,"publisher":{"@id":"https:\/\/www.eldiario.net\/portal\/#organization"},"image":{"@id":"https:\/\/www.eldiario.net\/portal\/2026\/08\/17\/la-desinstitucionalizacion-debilita-el-liderazgo-politico\/#primaryimage"},"thumbnailUrl":"https:\/\/www.eldiario.net\/portal\/wp-content\/uploads\/2026\/08\/17-SILVA-1.webp","articleSection":["Pol\u00edtica"],"inLanguage":"es"},{"@type":"WebPage","@id":"https:\/\/www.eldiario.net\/portal\/2026\/08\/17\/la-desinstitucionalizacion-debilita-el-liderazgo-politico\/","url":"https:\/\/www.eldiario.net\/portal\/2026\/08\/17\/la-desinstitucionalizacion-debilita-el-liderazgo-politico\/","name":"La desinstitucionalizaci\u00f3n debilita el liderazgo pol\u00edtico - El Diario - Bolivia","isPartOf":{"@id":"https:\/\/www.eldiario.net\/portal\/#website"},"primaryImageOfPage":{"@id":"https:\/\/www.eldiario.net\/portal\/2026\/08\/17\/la-desinstitucionalizacion-debilita-el-liderazgo-politico\/#primaryimage"},"image":{"@id":"https:\/\/www.eldiario.net\/portal\/2026\/08\/17\/la-desinstitucionalizacion-debilita-el-liderazgo-politico\/#primaryimage"},"thumbnailUrl":"https:\/\/www.eldiario.net\/portal\/wp-content\/uploads\/2026\/08\/17-SILVA-1.webp","datePublished":"2026-08-17T04:09:50+00:00","breadcrumb":{"@id":"https:\/\/www.eldiario.net\/portal\/2026\/08\/17\/la-desinstitucionalizacion-debilita-el-liderazgo-politico\/#breadcrumb"},"inLanguage":"es","potentialAction":[{"@type":"ReadAction","target":["https:\/\/www.eldiario.net\/portal\/2026\/08\/17\/la-desinstitucionalizacion-debilita-el-liderazgo-politico\/"]}]},{"@type":"ImageObject","inLanguage":"es","@id":"https:\/\/www.eldiario.net\/portal\/2026\/08\/17\/la-desinstitucionalizacion-debilita-el-liderazgo-politico\/#primaryimage","url":"https:\/\/www.eldiario.net\/portal\/wp-content\/uploads\/2026\/08\/17-SILVA-1.webp","contentUrl":"https:\/\/www.eldiario.net\/portal\/wp-content\/uploads\/2026\/08\/17-SILVA-1.webp","width":1280,"height":853,"caption":"La fragmentaci\u00f3n pol\u00edtica marca la nueva composici\u00f3n de la Asamblea Legislativa."},{"@type":"BreadcrumbList","@id":"https:\/\/www.eldiario.net\/portal\/2026\/08\/17\/la-desinstitucionalizacion-debilita-el-liderazgo-politico\/#breadcrumb","itemListElement":[{"@type":"ListItem","position":1,"name":"Portada","item":"https:\/\/www.eldiario.net\/portal\/"},{"@type":"ListItem","position":2,"name":"La desinstitucionalizaci\u00f3n debilita el liderazgo pol\u00edtico"}]},{"@type":"WebSite","@id":"https:\/\/www.eldiario.net\/portal\/#website","url":"https:\/\/www.eldiario.net\/portal\/","name":"El Diario - Decano de la prensa nacional","description":"El Diario - Decano de la prensa nacional","publisher":{"@id":"https:\/\/www.eldiario.net\/portal\/#organization"},"potentialAction":[{"@type":"SearchAction","target":{"@type":"EntryPoint","urlTemplate":"https:\/\/www.eldiario.net\/portal\/?s={search_term_string}"},"query-input":{"@type":"PropertyValueSpecification","valueRequired":true,"valueName":"search_term_string"}}],"inLanguage":"es"},{"@type":"Organization","@id":"https:\/\/www.eldiario.net\/portal\/#organization","name":"El Diario - Decano de la prensa nacional","url":"https:\/\/www.eldiario.net\/portal\/","logo":{"@type":"ImageObject","inLanguage":"es","@id":"https:\/\/www.eldiario.net\/portal\/#\/schema\/logo\/image\/","url":"https:\/\/www.eldiario.net\/portal\/wp-content\/uploads\/2023\/07\/logo_ED.jpg","contentUrl":"https:\/\/www.eldiario.net\/portal\/wp-content\/uploads\/2023\/07\/logo_ED.jpg","width":272,"height":52,"caption":"El Diario - Decano de la prensa nacional"},"image":{"@id":"https:\/\/www.eldiario.net\/portal\/#\/schema\/logo\/image\/"},"sameAs":["https:\/\/www.facebook.com\/eldiario.bolivia\/","https:\/\/x.com\/eldiario_net"]},{"@type":"Person","@id":"https:\/\/www.eldiario.net\/portal\/#\/schema\/person\/f46445640444750d7d753ccd04ae01b7","name":"Jeanette","image":{"@type":"ImageObject","inLanguage":"es","@id":"https:\/\/secure.gravatar.com\/avatar\/3ea2118a5f7dad2b7138b1187a6b7ee55f160b9968b66013c3a3ef39dd7e5798?s=96&d=mm&r=g","url":"https:\/\/secure.gravatar.com\/avatar\/3ea2118a5f7dad2b7138b1187a6b7ee55f160b9968b66013c3a3ef39dd7e5798?s=96&d=mm&r=g","contentUrl":"https:\/\/secure.gravatar.com\/avatar\/3ea2118a5f7dad2b7138b1187a6b7ee55f160b9968b66013c3a3ef39dd7e5798?s=96&d=mm&r=g","caption":"Jeanette"},"sameAs":["https:\/\/www.eldiario.net\/portal"],"url":"https:\/\/www.eldiario.net\/portal\/author\/jeanette\/"}]}},"_links":{"self":[{"href":"https:\/\/www.eldiario.net\/portal\/wp-json\/wp\/v2\/posts\/421993","targetHints":{"allow":["GET"]}}],"collection":[{"href":"https:\/\/www.eldiario.net\/portal\/wp-json\/wp\/v2\/posts"}],"about":[{"href":"https:\/\/www.eldiario.net\/portal\/wp-json\/wp\/v2\/types\/post"}],"author":[{"embeddable":true,"href":"https:\/\/www.eldiario.net\/portal\/wp-json\/wp\/v2\/users\/1"}],"replies":[{"embeddable":true,"href":"https:\/\/www.eldiario.net\/portal\/wp-json\/wp\/v2\/comments?post=421993"}],"version-history":[{"count":1,"href":"https:\/\/www.eldiario.net\/portal\/wp-json\/wp\/v2\/posts\/421993\/revisions"}],"predecessor-version":[{"id":421997,"href":"https:\/\/www.eldiario.net\/portal\/wp-json\/wp\/v2\/posts\/421993\/revisions\/421997"}],"wp:featuredmedia":[{"embeddable":true,"href":"https:\/\/www.eldiario.net\/portal\/wp-json\/wp\/v2\/media\/421996"}],"wp:attachment":[{"href":"https:\/\/www.eldiario.net\/portal\/wp-json\/wp\/v2\/media?parent=421993"}],"wp:term":[{"taxonomy":"category","embeddable":true,"href":"https:\/\/www.eldiario.net\/portal\/wp-json\/wp\/v2\/categories?post=421993"},{"taxonomy":"post_tag","embeddable":true,"href":"https:\/\/www.eldiario.net\/portal\/wp-json\/wp\/v2\/tags?post=421993"}],"curies":[{"name":"wp","href":"https:\/\/api.w.org\/{rel}","templated":true}]}}